{"id":381318,"date":"2025-08-11T12:11:59","date_gmt":"2025-08-11T11:11:59","guid":{"rendered":"https:\/\/www.webdo.tn\/fr\/?p=381318"},"modified":"2025-08-11T12:12:31","modified_gmt":"2025-08-11T11:12:31","slug":"el-gouna-2025-appel-a-candidatures-pour-cinegouna-emerge","status":"publish","type":"post","link":"https:\/\/www.webdo.tn\/fr\/actualite\/culture\/el-gouna-2025-appel-a-candidatures-pour-cinegouna-emerge\/381318\/","title":{"rendered":"El Gouna 2025 &#8211; Appel \u00e0 candidatures pour CineGouna Emerge"},"content":{"rendered":"\n<p>Pour sa 8\u1d49 \u00e9dition, le El Gouna Film Festival (GFF) annonce l\u2019ouverture des candidatures pour les programmes <em>CineGouna Emerge<\/em>, une initiative soutenue par son <em>Impact Partner<\/em> \u2014 partenaire strat\u00e9gique engag\u00e9 dans des actions \u00e0 fort impact social et culturel \u2014 la Sawiris Foundation for Social Development (SFSD), ainsi que par l\u2019Union europ\u00e9enne en \u00c9gypte. Pens\u00e9 pour accompagner et renforcer les talents \u00e9mergents du cin\u00e9ma, ce dispositif confirme l\u2019engagement du festival \u00e0 soutenir la nouvelle g\u00e9n\u00e9ration de cr\u00e9ateurs en \u00c9gypte, dans le monde arabe et en Afrique.<\/p>\n\n\n\n<p>Fort du succ\u00e8s rencontr\u00e9 lors des deux pr\u00e9c\u00e9dentes \u00e9ditions, <em>CineGouna Emerge<\/em> a permis \u00e0 des centaines de participants de tisser des liens avec l\u2019industrie cin\u00e9matographique r\u00e9gionale et internationale, tout en int\u00e9grant une communaut\u00e9 dynamique de pairs. De nombreux anciens participants ont franchi des \u00e9tapes d\u00e9cisives dans leur parcours professionnel, reconnaissant souvent que ce programme a jou\u00e9 un r\u00f4le charni\u00e8re dans leur \u00e9volution. Pour 2025, le festival \u00e9largit encore le champ des opportunit\u00e9s, veillant \u00e0 ce que chaque jeune talent puisse trouver un espace pour se d\u00e9velopper, se connecter et s\u2019\u00e9panouir.<\/p>\n\n\n\n<p>Cette \u00e9dition se d\u00e9ploie \u00e0 travers plusieurs parcours distincts. Le programme phare, <em>CineGouna Emerge<\/em>, s\u2019adresse aux jeunes cin\u00e9astes et professionnels du secteur \u2014 r\u00e9alisateurs, sc\u00e9naristes, producteurs, acteurs, chefs op\u00e9rateurs, monteurs, ing\u00e9nieurs du son \u2014 en leur offrant une immersion compl\u00e8te dans le festival : projections, <em>masterclasses<\/em>, tables rondes, ateliers, et rencontres cibl\u00e9es pour favoriser les \u00e9changes et collaborations.<\/p>\n\n\n\n<p>Le <em>SeeMe Track<\/em> est sp\u00e9cialement con\u00e7u pour les acteurs \u00e9mergents. Il leur permet de vivre l\u2019exp\u00e9rience du tapis rouge, de se pr\u00e9parer \u00e0 dialoguer avec la presse et les m\u00e9dias, et de se pr\u00e9senter avec assurance \u00e0 des r\u00e9alisateurs, producteurs et agents.<\/p>\n\n\n\n<p>Avec le <em>Perspectives Track<\/em>, ce sont les jeunes photographes, journalistes, critiques de cin\u00e9ma et cr\u00e9ateurs de contenus qui sont mis en lumi\u00e8re. Ils pourront couvrir le festival par le biais d\u2019articles, de reportages photographiques ou de vid\u00e9os, en collaboration avec l\u2019\u00e9quipe Presse et Publications du GFF.<\/p>\n\n\n\n<p>Grande nouveaut\u00e9 cette ann\u00e9e : <em>Emerge: Take Two<\/em>. Ce parcours in\u00e9dit est r\u00e9serv\u00e9 aux anciens participants des \u00e9ditions pr\u00e9c\u00e9dentes, invit\u00e9s \u00e0 revenir en tant que mentors pour accompagner les nouveaux venus tout au long de leur exp\u00e9rience au festival.<\/p>\n\n\n\n<p>Les candidatures sont ouvertes aux personnes \u00e2g\u00e9es de 18 \u00e0 35 ans, ou aux professionnels en d\u00e9but de carri\u00e8re. Les participants doivent \u00eatre \u00e9tudiants ou dipl\u00f4m\u00e9s de formations en cin\u00e9ma ou m\u00e9dias, avoir contribu\u00e9 \u00e0 au moins un film ou une s\u00e9rie projet\u00e9 publiquement, ou d\u00e9velopper activement un projet li\u00e9 au cin\u00e9ma. Les candidats retenus b\u00e9n\u00e9ficieront d\u2019une accr\u00e9ditation leur donnant acc\u00e8s aux projections, au CineGouna Forum et aux activit\u00e9s du march\u00e9. Leurs frais de d\u00e9placement int\u00e9rieur, leur h\u00e9bergement et leurs repas seront \u00e9galement pris en charge.<\/p>\n\n\n\n<p>Pour Amr Mansi, directeur ex\u00e9cutif du El Gouna Film Festival, \u00ab <em>CineGouna Emerge<\/em> est l\u2019initiative la plus proche de notre c\u0153ur, et l\u2019une des plus impactantes du festival. En l\u2019\u00e9largissant en un programme multi-parcours, nous offrons \u00e0 chaque jeune talent \u2014 qu\u2019il soit cin\u00e9aste, acteur, critique ou cr\u00e9ateur de contenu \u2014 la possibilit\u00e9 d\u2019apprendre, de progresser et de briller \u00e0 El Gouna. \u00bb<\/p>\n\n\n\n<p>Marianne Khoury, directrice artistique du GFF, souligne : \u00ab Lors des deux derni\u00e8res \u00e9ditions, nous avons constat\u00e9 l\u2019impact transformateur de <em>CineGouna Emerge<\/em>. Beaucoup de nos anciens participants travaillent aujourd\u2019hui activement dans l\u2019industrie, et leurs retours sont extr\u00eamement positifs. L\u2019extension du programme cette ann\u00e9e vise \u00e0 rendre ce que nous avons re\u00e7u : les anciens accompagneront les nouveaux, et ensemble, nous continuerons \u00e0 b\u00e2tir un r\u00e9seau cr\u00e9atif fort et solidaire. \u00bb<\/p>\n\n\n\n<p>Pour Hayat Aljowaily, responsable de <em>CineGouna Emerge<\/em>, \u00ab notre mission a toujours \u00e9t\u00e9 de soutenir la nouvelle g\u00e9n\u00e9ration de conteurs d\u2019histoires en \u00c9gypte, dans le monde arabe et en Afrique. L\u2019introduction de nouveaux parcours comme <em>Take Two<\/em> illustre notre foi dans la continuit\u00e9, le mentorat et la force de la communaut\u00e9 au sein du secteur cin\u00e9matographique. \u00bb<\/p>\n\n\n\n<p><strong>Les inscriptions pour tous les parcours de <em>CineGouna Emerge 2025<\/em> sont ouvertes sur le site officiel du El Gouna Film Festival et se cl\u00f4tureront le 17 ao\u00fbt 2025.<\/strong> Une opportunit\u00e9 unique pour les jeunes cr\u00e9ateurs de rejoindre un r\u00e9seau en pleine expansion, et de participer \u00e0 l\u2019essor du cin\u00e9ma dans la r\u00e9gion.<\/p>\n","protected":false},"excerpt":{"rendered":"<p>Pour sa 8\u1d49 \u00e9dition, le El Gouna Film Festival (GFF) annonce l\u2019ouverture des candidatures pour les programmes CineGouna Emerge, une initiative soutenue par son Impact Partner \u2014 partenaire strat\u00e9gique engag\u00e9 dans des actions \u00e0 fort impact social et culturel \u2014 la Sawiris Foundation for Social Development (SFSD), ainsi que par l\u2019Union europ\u00e9enne en \u00c9gypte. Pens\u00e9 [&hellip;]<\/p>\n","protected":false},"author":3164,"featured_media":381320,"comment_status":"open","ping_status":"open","sticky":false,"template":"","format":"standard","meta":{"footnotes":""},"categories":[2594],"tags":[10884,2626,12358,12409,2628,3258,3259],"class_list":["post-381318","post","type-post","status-publish","format-standard","has-post-thumbnail","hentry","category-culture","tag-gff-2025","tag-cinema","tag-el-gouna-2025","tag-el-gouna-film-festival","tag-festival","tag-festival-du-film-del-gouna","tag-gff"],"yoast_head":"<!-- This site is optimized with the Yoast SEO Premium plugin v27.5 (Yoast SEO v27.5) - https:\/\/yoast.com\/product\/yoast-seo-premium-wordpress\/ -->\n<title>El Gouna 2025 - Appel \u00e0 candidatures pour CineGouna Emerge - webdo<\/title>\n<meta name=\"description\" content=\"El Gouna 2025 lance l\u2019appel \u00e0 candidatures pour CineGouna Emerge, programme d\u00e9di\u00e9 aux jeunes talents du cin\u00e9ma en \u00c9gypte, Afrique et monde arabe\" \/>\n<link rel=\"canonical\" href=\"https:\/\/www.webdo.tn\/fr\/actualite\/culture\/el-gouna-2025-appel-a-candidatures-pour-cinegouna-emerge\/381318\/\" \/>\n<meta property=\"og:locale\" content=\"fr_FR\" \/>\n<meta property=\"og:type\" content=\"article\" \/>\n<meta property=\"og:title\" content=\"El Gouna 2025 - Appel \u00e0 candidatures pour CineGouna Emerge\" \/>\n<meta property=\"og:description\" content=\"El Gouna 2025 lance l\u2019appel \u00e0 candidatures pour CineGouna Emerge, programme d\u00e9di\u00e9 aux jeunes talents du cin\u00e9ma en \u00c9gypte, Afrique et monde arabe\" \/>\n<meta property=\"og:url\" content=\"https:\/\/www.webdo.tn\/fr\/actualite\/culture\/el-gouna-2025-appel-a-candidatures-pour-cinegouna-emerge\/381318\/\" \/>\n<meta property=\"og:site_name\" content=\"webdo\" \/>\n<meta property=\"article:publisher\" content=\"https:\/\/www.facebook.com\/webdotn\" \/>\n<meta property=\"article:author\" content=\"https:\/\/www.facebook.com\/massir.destiniii\/\" \/>\n<meta property=\"article:published_time\" content=\"2025-08-11T11:11:59+00:00\" \/>\n<meta property=\"article:modified_time\" content=\"2025-08-11T11:12:31+00:00\" \/>\n<meta property=\"og:image\" content=\"https:\/\/www.webdo.tn\/fr\/wp-content\/uploads\/2025\/08\/ElGouna-Emerge.jpeg\" \/>\n\t<meta property=\"og:image:width\" content=\"1080\" \/>\n\t<meta property=\"og:image:height\" content=\"567\" \/>\n\t<meta property=\"og:image:type\" content=\"image\/jpeg\" \/>\n<meta name=\"author\" content=\"Ne\u00efla DRISS\" \/>\n<meta name=\"twitter:card\" content=\"summary_large_image\" \/>\n<meta name=\"twitter:creator\" content=\"@https:\/\/x.com\/MassirDestin\" \/>\n<meta name=\"twitter:site\" content=\"@webdo_tn\" \/>\n<meta name=\"twitter:label1\" content=\"\u00c9crit par\" \/>\n\t<meta name=\"twitter:data1\" content=\"Ne\u00efla DRISS\" \/>\n\t<meta name=\"twitter:label2\" content=\"Dur\u00e9e de lecture estim\u00e9e\" \/>\n\t<meta name=\"twitter:data2\" content=\"4 minutes\" \/>\n<script type=\"application\/ld+json\" class=\"yoast-schema-graph\">{\"@context\":\"https:\\\/\\\/schema.org\",\"@graph\":[{\"@type\":\"NewsArticle\",\"@id\":\"https:\\\/\\\/www.webdo.tn\\\/fr\\\/actualite\\\/culture\\\/el-gouna-2025-appel-a-candidatures-pour-cinegouna-emerge\\\/381318\\\/#article\",\"isPartOf\":{\"@id\":\"https:\\\/\\\/www.webdo.tn\\\/fr\\\/actualite\\\/culture\\\/el-gouna-2025-appel-a-candidatures-pour-cinegouna-emerge\\\/381318\\\/\"},\"author\":{\"name\":\"Ne\u00efla DRISS\",\"@id\":\"https:\\\/\\\/www.webdo.tn\\\/fr\\\/#\\\/schema\\\/person\\\/60d5ba619ed3f58783b0dc82b7dada80\"},\"headline\":\"El Gouna 2025 &#8211; Appel \u00e0 candidatures pour CineGouna Emerge\",\"datePublished\":\"2025-08-11T11:11:59+00:00\",\"dateModified\":\"2025-08-11T11:12:31+00:00\",\"mainEntityOfPage\":{\"@id\":\"https:\\\/\\\/www.webdo.tn\\\/fr\\\/actualite\\\/culture\\\/el-gouna-2025-appel-a-candidatures-pour-cinegouna-emerge\\\/381318\\\/\"},\"wordCount\":762,\"commentCount\":0,\"publisher\":{\"@id\":\"https:\\\/\\\/www.webdo.tn\\\/fr\\\/#organization\"},\"image\":{\"@id\":\"https:\\\/\\\/www.webdo.tn\\\/fr\\\/actualite\\\/culture\\\/el-gouna-2025-appel-a-candidatures-pour-cinegouna-emerge\\\/381318\\\/#primaryimage\"},\"thumbnailUrl\":\"https:\\\/\\\/www.webdo.tn\\\/fr\\\/wp-content\\\/uploads\\\/2025\\\/08\\\/ElGouna-Emerge.jpeg\",\"keywords\":[\"'GFF 2025']\",\"Cin\u00e9ma\",\"El Gouna 2025\",\"El Gouna Film Festival\",\"Festival\",\"Festival du Film d'El Gouna\",\"GFF\"],\"articleSection\":[\"Culture\"],\"inLanguage\":\"fr-FR\"},{\"@type\":\"WebPage\",\"@id\":\"https:\\\/\\\/www.webdo.tn\\\/fr\\\/actualite\\\/culture\\\/el-gouna-2025-appel-a-candidatures-pour-cinegouna-emerge\\\/381318\\\/\",\"url\":\"https:\\\/\\\/www.webdo.tn\\\/fr\\\/actualite\\\/culture\\\/el-gouna-2025-appel-a-candidatures-pour-cinegouna-emerge\\\/381318\\\/\",\"name\":\"El Gouna 2025 - Appel \u00e0 candidatures pour CineGouna Emerge - webdo\",\"isPartOf\":{\"@id\":\"https:\\\/\\\/www.webdo.tn\\\/fr\\\/#website\"},\"primaryImageOfPage\":{\"@id\":\"https:\\\/\\\/www.webdo.tn\\\/fr\\\/actualite\\\/culture\\\/el-gouna-2025-appel-a-candidatures-pour-cinegouna-emerge\\\/381318\\\/#primaryimage\"},\"image\":{\"@id\":\"https:\\\/\\\/www.webdo.tn\\\/fr\\\/actualite\\\/culture\\\/el-gouna-2025-appel-a-candidatures-pour-cinegouna-emerge\\\/381318\\\/#primaryimage\"},\"thumbnailUrl\":\"https:\\\/\\\/www.webdo.tn\\\/fr\\\/wp-content\\\/uploads\\\/2025\\\/08\\\/ElGouna-Emerge.jpeg\",\"datePublished\":\"2025-08-11T11:11:59+00:00\",\"dateModified\":\"2025-08-11T11:12:31+00:00\",\"description\":\"El Gouna 2025 lance l\u2019appel \u00e0 candidatures pour CineGouna Emerge, programme d\u00e9di\u00e9 aux jeunes talents du cin\u00e9ma en \u00c9gypte, Afrique et monde arabe\",\"breadcrumb\":{\"@id\":\"https:\\\/\\\/www.webdo.tn\\\/fr\\\/actualite\\\/culture\\\/el-gouna-2025-appel-a-candidatures-pour-cinegouna-emerge\\\/381318\\\/#breadcrumb\"},\"inLanguage\":\"fr-FR\",\"potentialAction\":[{\"@type\":\"ReadAction\",\"target\":[\"https:\\\/\\\/www.webdo.tn\\\/fr\\\/actualite\\\/culture\\\/el-gouna-2025-appel-a-candidatures-pour-cinegouna-emerge\\\/381318\\\/\"]}]},{\"@type\":\"ImageObject\",\"inLanguage\":\"fr-FR\",\"@id\":\"https:\\\/\\\/www.webdo.tn\\\/fr\\\/actualite\\\/culture\\\/el-gouna-2025-appel-a-candidatures-pour-cinegouna-emerge\\\/381318\\\/#primaryimage\",\"url\":\"https:\\\/\\\/www.webdo.tn\\\/fr\\\/wp-content\\\/uploads\\\/2025\\\/08\\\/ElGouna-Emerge.jpeg\",\"contentUrl\":\"https:\\\/\\\/www.webdo.tn\\\/fr\\\/wp-content\\\/uploads\\\/2025\\\/08\\\/ElGouna-Emerge.jpeg\",\"width\":1080,\"height\":567,\"caption\":\"CineGouna Emerge\"},{\"@type\":\"BreadcrumbList\",\"@id\":\"https:\\\/\\\/www.webdo.tn\\\/fr\\\/actualite\\\/culture\\\/el-gouna-2025-appel-a-candidatures-pour-cinegouna-emerge\\\/381318\\\/#breadcrumb\",\"itemListElement\":[{\"@type\":\"ListItem\",\"position\":1,\"name\":\"Accueil\",\"item\":\"https:\\\/\\\/www.webdo.tn\\\/fr\\\/\"},{\"@type\":\"ListItem\",\"position\":2,\"name\":\"El Gouna 2025 &#8211; Appel \u00e0 candidatures pour CineGouna Emerge\"}]},{\"@type\":\"WebSite\",\"@id\":\"https:\\\/\\\/www.webdo.tn\\\/fr\\\/#website\",\"url\":\"https:\\\/\\\/www.webdo.tn\\\/fr\\\/\",\"name\":\"webdo\",\"description\":\"Tunisie - News en Tunisie et \u00e0 l&#039;international sur Webdo.tn\",\"publisher\":{\"@id\":\"https:\\\/\\\/www.webdo.tn\\\/fr\\\/#organization\"},\"potentialAction\":[{\"@type\":\"SearchAction\",\"target\":{\"@type\":\"EntryPoint\",\"urlTemplate\":\"https:\\\/\\\/www.webdo.tn\\\/fr\\\/?s={search_term_string}\"},\"query-input\":{\"@type\":\"PropertyValueSpecification\",\"valueRequired\":true,\"valueName\":\"search_term_string\"}}],\"inLanguage\":\"fr-FR\"},{\"@type\":\"Organization\",\"@id\":\"https:\\\/\\\/www.webdo.tn\\\/fr\\\/#organization\",\"name\":\"Webdo\",\"alternateName\":\"Webdo.tn\",\"url\":\"https:\\\/\\\/www.webdo.tn\\\/fr\\\/\",\"logo\":{\"@type\":\"ImageObject\",\"inLanguage\":\"fr-FR\",\"@id\":\"https:\\\/\\\/www.webdo.tn\\\/fr\\\/#\\\/schema\\\/logo\\\/image\\\/\",\"url\":\"https:\\\/\\\/www.webdo.tn\\\/fr\\\/wp-content\\\/uploads\\\/2025\\\/06\\\/Webdo-Tunisie_168377.jpg\",\"contentUrl\":\"https:\\\/\\\/www.webdo.tn\\\/fr\\\/wp-content\\\/uploads\\\/2025\\\/06\\\/Webdo-Tunisie_168377.jpg\",\"width\":301,\"height\":301,\"caption\":\"Webdo\"},\"image\":{\"@id\":\"https:\\\/\\\/www.webdo.tn\\\/fr\\\/#\\\/schema\\\/logo\\\/image\\\/\"},\"sameAs\":[\"https:\\\/\\\/www.facebook.com\\\/webdotn\",\"https:\\\/\\\/x.com\\\/webdo_tn\"],\"description\":\"Webdo est un m\u00e9dia num\u00e9rique tunisien fond\u00e9 en 2010, sp\u00e9cialis\u00e9 dans l\u2019actualit\u00e9 nationale et internationale, l\u2019\u00e9conomie, la soci\u00e9t\u00e9 et les analyses politiques. Le site s\u2019adresse \u00e0 un large public francophone et couvre l\u2019information tunisienne en temps r\u00e9el.\",\"email\":\"redac@webdo.tn\",\"legalName\":\"YNJ SARL\",\"foundingDate\":\"2010-09-06\",\"numberOfEmployees\":{\"@type\":\"QuantitativeValue\",\"minValue\":\"11\",\"maxValue\":\"50\"}},{\"@type\":\"Person\",\"@id\":\"https:\\\/\\\/www.webdo.tn\\\/fr\\\/#\\\/schema\\\/person\\\/60d5ba619ed3f58783b0dc82b7dada80\",\"name\":\"Ne\u00efla DRISS\",\"image\":{\"@type\":\"ImageObject\",\"inLanguage\":\"fr-FR\",\"@id\":\"https:\\\/\\\/www.webdo.tn\\\/fr\\\/wp-content\\\/uploads\\\/2026\\\/04\\\/neila-driss_avatar-96x96.jpg\",\"url\":\"https:\\\/\\\/www.webdo.tn\\\/fr\\\/wp-content\\\/uploads\\\/2026\\\/04\\\/neila-driss_avatar-96x96.jpg\",\"contentUrl\":\"https:\\\/\\\/www.webdo.tn\\\/fr\\\/wp-content\\\/uploads\\\/2026\\\/04\\\/neila-driss_avatar-96x96.jpg\",\"caption\":\"Ne\u00efla DRISS\"},\"description\":\"Ne\u00efla Driss est juriste, journaliste culturelle et critique de cin\u00e9ma tunisienne. Titulaire d\u2019un DEA en droit priv\u00e9 de l\u2019Universit\u00e9 Paris II et d\u2019un DESS de l\u2019IHEC Carthage, elle d\u00e9bute sa carri\u00e8re comme juriste sp\u00e9cialis\u00e9e en gestion de patrimoine immobilier. Elle s\u2019oriente ensuite vers l\u2019\u00e9criture en ligne, o\u00f9 elle se distingue d\u00e8s 2006 aux Tunisia Blog Awards, avant de se consacrer au journalisme culturel, avec une sp\u00e9cialisation dans la critique cin\u00e9matographique. Elle couvre r\u00e9guli\u00e8rement les grands festivals internationaux, notamment le Festival de Cannes, les Journ\u00e9es Cin\u00e9matographiques de Carthage et le Festival du film du Caire. Membre de l\u2019ATPCC et de la FIPRESCI, elle participe \u00e0 des jurys et initiatives internationales de critique. Depuis 2024, elle est \u00e9lectrice internationale aux Golden Globes. Facebook : https:\\\/\\\/www.facebook.com\\\/massir.destiniii\\\/ X : https:\\\/\\\/x.com\\\/MassirDestin\",\"sameAs\":[\"https:\\\/\\\/www.facebook.com\\\/massir.destiniii\\\/\",\"https:\\\/\\\/www.instagram.com\\\/neila.driss\\\/?hl=fr\",\"https:\\\/\\\/www.linkedin.com\\\/in\\\/neila-driss-22606a80\\\/\",\"https:\\\/\\\/x.com\\\/https:\\\/\\\/x.com\\\/MassirDestin\"],\"knowsAbout\":[\"Cin\u00e9ma international\",\"critique cin\u00e9matographique\",\"festivals de cin\u00e9ma\",\"journalisme culturel\"],\"knowsLanguage\":[\"Fran\u00e7ais\",\"Arabe\",\"Anglais\"],\"jobTitle\":\"Journaliste culturelle et critique de cin\u00e9ma\",\"worksFor\":\"Webdo\",\"url\":\"https:\\\/\\\/www.webdo.tn\\\/fr\\\/actualite\\\/author\\\/neila-driss\\\/\"}]}<\/script>\n<!-- \/ Yoast SEO Premium plugin. -->","yoast_head_json":{"title":"El Gouna 2025 - Appel \u00e0 candidatures pour CineGouna Emerge - webdo","description":"El Gouna 2025 lance l\u2019appel \u00e0 candidatures pour CineGouna Emerge, programme d\u00e9di\u00e9 aux jeunes talents du cin\u00e9ma en \u00c9gypte, Afrique et monde arabe","canonical":"https:\/\/www.webdo.tn\/fr\/actualite\/culture\/el-gouna-2025-appel-a-candidatures-pour-cinegouna-emerge\/381318\/","og_locale":"fr_FR","og_type":"article","og_title":"El Gouna 2025 - Appel \u00e0 candidatures pour CineGouna Emerge","og_description":"El Gouna 2025 lance l\u2019appel \u00e0 candidatures pour CineGouna Emerge, programme d\u00e9di\u00e9 aux jeunes talents du cin\u00e9ma en \u00c9gypte, Afrique et monde arabe","og_url":"https:\/\/www.webdo.tn\/fr\/actualite\/culture\/el-gouna-2025-appel-a-candidatures-pour-cinegouna-emerge\/381318\/","og_site_name":"webdo","article_publisher":"https:\/\/www.facebook.com\/webdotn","article_author":"https:\/\/www.facebook.com\/massir.destiniii\/","article_published_time":"2025-08-11T11:11:59+00:00","article_modified_time":"2025-08-11T11:12:31+00:00","og_image":[{"width":1080,"height":567,"url":"https:\/\/www.webdo.tn\/fr\/wp-content\/uploads\/2025\/08\/ElGouna-Emerge.jpeg","type":"image\/jpeg"}],"author":"Ne\u00efla DRISS","twitter_card":"summary_large_image","twitter_creator":"@https:\/\/x.com\/MassirDestin","twitter_site":"@webdo_tn","twitter_misc":{"\u00c9crit par":"Ne\u00efla DRISS","Dur\u00e9e de lecture estim\u00e9e":"4 minutes"},"schema":{"@context":"https:\/\/schema.org","@graph":[{"@type":"NewsArticle","@id":"https:\/\/www.webdo.tn\/fr\/actualite\/culture\/el-gouna-2025-appel-a-candidatures-pour-cinegouna-emerge\/381318\/#article","isPartOf":{"@id":"https:\/\/www.webdo.tn\/fr\/actualite\/culture\/el-gouna-2025-appel-a-candidatures-pour-cinegouna-emerge\/381318\/"},"author":{"name":"Ne\u00efla DRISS","@id":"https:\/\/www.webdo.tn\/fr\/#\/schema\/person\/60d5ba619ed3f58783b0dc82b7dada80"},"headline":"El Gouna 2025 &#8211; Appel \u00e0 candidatures pour CineGouna Emerge","datePublished":"2025-08-11T11:11:59+00:00","dateModified":"2025-08-11T11:12:31+00:00","mainEntityOfPage":{"@id":"https:\/\/www.webdo.tn\/fr\/actualite\/culture\/el-gouna-2025-appel-a-candidatures-pour-cinegouna-emerge\/381318\/"},"wordCount":762,"commentCount":0,"publisher":{"@id":"https:\/\/www.webdo.tn\/fr\/#organization"},"image":{"@id":"https:\/\/www.webdo.tn\/fr\/actualite\/culture\/el-gouna-2025-appel-a-candidatures-pour-cinegouna-emerge\/381318\/#primaryimage"},"thumbnailUrl":"https:\/\/www.webdo.tn\/fr\/wp-content\/uploads\/2025\/08\/ElGouna-Emerge.jpeg","keywords":["'GFF 2025']","Cin\u00e9ma","El Gouna 2025","El Gouna Film Festival","Festival","Festival du Film d'El Gouna","GFF"],"articleSection":["Culture"],"inLanguage":"fr-FR"},{"@type":"WebPage","@id":"https:\/\/www.webdo.tn\/fr\/actualite\/culture\/el-gouna-2025-appel-a-candidatures-pour-cinegouna-emerge\/381318\/","url":"https:\/\/www.webdo.tn\/fr\/actualite\/culture\/el-gouna-2025-appel-a-candidatures-pour-cinegouna-emerge\/381318\/","name":"El Gouna 2025 - Appel \u00e0 candidatures pour CineGouna Emerge - webdo","isPartOf":{"@id":"https:\/\/www.webdo.tn\/fr\/#website"},"primaryImageOfPage":{"@id":"https:\/\/www.webdo.tn\/fr\/actualite\/culture\/el-gouna-2025-appel-a-candidatures-pour-cinegouna-emerge\/381318\/#primaryimage"},"image":{"@id":"https:\/\/www.webdo.tn\/fr\/actualite\/culture\/el-gouna-2025-appel-a-candidatures-pour-cinegouna-emerge\/381318\/#primaryimage"},"thumbnailUrl":"https:\/\/www.webdo.tn\/fr\/wp-content\/uploads\/2025\/08\/ElGouna-Emerge.jpeg","datePublished":"2025-08-11T11:11:59+00:00","dateModified":"2025-08-11T11:12:31+00:00","description":"El Gouna 2025 lance l\u2019appel \u00e0 candidatures pour CineGouna Emerge, programme d\u00e9di\u00e9 aux jeunes talents du cin\u00e9ma en \u00c9gypte, Afrique et monde arabe","breadcrumb":{"@id":"https:\/\/www.webdo.tn\/fr\/actualite\/culture\/el-gouna-2025-appel-a-candidatures-pour-cinegouna-emerge\/381318\/#breadcrumb"},"inLanguage":"fr-FR","potentialAction":[{"@type":"ReadAction","target":["https:\/\/www.webdo.tn\/fr\/actualite\/culture\/el-gouna-2025-appel-a-candidatures-pour-cinegouna-emerge\/381318\/"]}]},{"@type":"ImageObject","inLanguage":"fr-FR","@id":"https:\/\/www.webdo.tn\/fr\/actualite\/culture\/el-gouna-2025-appel-a-candidatures-pour-cinegouna-emerge\/381318\/#primaryimage","url":"https:\/\/www.webdo.tn\/fr\/wp-content\/uploads\/2025\/08\/ElGouna-Emerge.jpeg","contentUrl":"https:\/\/www.webdo.tn\/fr\/wp-content\/uploads\/2025\/08\/ElGouna-Emerge.jpeg","width":1080,"height":567,"caption":"CineGouna Emerge"},{"@type":"BreadcrumbList","@id":"https:\/\/www.webdo.tn\/fr\/actualite\/culture\/el-gouna-2025-appel-a-candidatures-pour-cinegouna-emerge\/381318\/#breadcrumb","itemListElement":[{"@type":"ListItem","position":1,"name":"Accueil","item":"https:\/\/www.webdo.tn\/fr\/"},{"@type":"ListItem","position":2,"name":"El Gouna 2025 &#8211; Appel \u00e0 candidatures pour CineGouna Emerge"}]},{"@type":"WebSite","@id":"https:\/\/www.webdo.tn\/fr\/#website","url":"https:\/\/www.webdo.tn\/fr\/","name":"webdo","description":"Tunisie - News en Tunisie et \u00e0 l&#039;international sur Webdo.tn","publisher":{"@id":"https:\/\/www.webdo.tn\/fr\/#organization"},"potentialAction":[{"@type":"SearchAction","target":{"@type":"EntryPoint","urlTemplate":"https:\/\/www.webdo.tn\/fr\/?s={search_term_string}"},"query-input":{"@type":"PropertyValueSpecification","valueRequired":true,"valueName":"search_term_string"}}],"inLanguage":"fr-FR"},{"@type":"Organization","@id":"https:\/\/www.webdo.tn\/fr\/#organization","name":"Webdo","alternateName":"Webdo.tn","url":"https:\/\/www.webdo.tn\/fr\/","logo":{"@type":"ImageObject","inLanguage":"fr-FR","@id":"https:\/\/www.webdo.tn\/fr\/#\/schema\/logo\/image\/","url":"https:\/\/www.webdo.tn\/fr\/wp-content\/uploads\/2025\/06\/Webdo-Tunisie_168377.jpg","contentUrl":"https:\/\/www.webdo.tn\/fr\/wp-content\/uploads\/2025\/06\/Webdo-Tunisie_168377.jpg","width":301,"height":301,"caption":"Webdo"},"image":{"@id":"https:\/\/www.webdo.tn\/fr\/#\/schema\/logo\/image\/"},"sameAs":["https:\/\/www.facebook.com\/webdotn","https:\/\/x.com\/webdo_tn"],"description":"Webdo est un m\u00e9dia num\u00e9rique tunisien fond\u00e9 en 2010, sp\u00e9cialis\u00e9 dans l\u2019actualit\u00e9 nationale et internationale, l\u2019\u00e9conomie, la soci\u00e9t\u00e9 et les analyses politiques. Le site s\u2019adresse \u00e0 un large public francophone et couvre l\u2019information tunisienne en temps r\u00e9el.","email":"redac@webdo.tn","legalName":"YNJ SARL","foundingDate":"2010-09-06","numberOfEmployees":{"@type":"QuantitativeValue","minValue":"11","maxValue":"50"}},{"@type":"Person","@id":"https:\/\/www.webdo.tn\/fr\/#\/schema\/person\/60d5ba619ed3f58783b0dc82b7dada80","name":"Ne\u00efla DRISS","image":{"@type":"ImageObject","inLanguage":"fr-FR","@id":"https:\/\/www.webdo.tn\/fr\/wp-content\/uploads\/2026\/04\/neila-driss_avatar-96x96.jpg","url":"https:\/\/www.webdo.tn\/fr\/wp-content\/uploads\/2026\/04\/neila-driss_avatar-96x96.jpg","contentUrl":"https:\/\/www.webdo.tn\/fr\/wp-content\/uploads\/2026\/04\/neila-driss_avatar-96x96.jpg","caption":"Ne\u00efla DRISS"},"description":"Ne\u00efla Driss est juriste, journaliste culturelle et critique de cin\u00e9ma tunisienne. Titulaire d\u2019un DEA en droit priv\u00e9 de l\u2019Universit\u00e9 Paris II et d\u2019un DESS de l\u2019IHEC Carthage, elle d\u00e9bute sa carri\u00e8re comme juriste sp\u00e9cialis\u00e9e en gestion de patrimoine immobilier. Elle s\u2019oriente ensuite vers l\u2019\u00e9criture en ligne, o\u00f9 elle se distingue d\u00e8s 2006 aux Tunisia Blog Awards, avant de se consacrer au journalisme culturel, avec une sp\u00e9cialisation dans la critique cin\u00e9matographique. Elle couvre r\u00e9guli\u00e8rement les grands festivals internationaux, notamment le Festival de Cannes, les Journ\u00e9es Cin\u00e9matographiques de Carthage et le Festival du film du Caire. Membre de l\u2019ATPCC et de la FIPRESCI, elle participe \u00e0 des jurys et initiatives internationales de critique. Depuis 2024, elle est \u00e9lectrice internationale aux Golden Globes. Facebook : https:\/\/www.facebook.com\/massir.destiniii\/ X : https:\/\/x.com\/MassirDestin","sameAs":["https:\/\/www.facebook.com\/massir.destiniii\/","https:\/\/www.instagram.com\/neila.driss\/?hl=fr","https:\/\/www.linkedin.com\/in\/neila-driss-22606a80\/","https:\/\/x.com\/https:\/\/x.com\/MassirDestin"],"knowsAbout":["Cin\u00e9ma international","critique cin\u00e9matographique","festivals de cin\u00e9ma","journalisme culturel"],"knowsLanguage":["Fran\u00e7ais","Arabe","Anglais"],"jobTitle":"Journaliste culturelle et critique de cin\u00e9ma","worksFor":"Webdo","url":"https:\/\/www.webdo.tn\/fr\/actualite\/author\/neila-driss\/"}]}},"_links":{"self":[{"href":"https:\/\/www.webdo.tn\/fr\/wp-json\/wp\/v2\/posts\/381318","targetHints":{"allow":["GET"]}}],"collection":[{"href":"https:\/\/www.webdo.tn\/fr\/wp-json\/wp\/v2\/posts"}],"about":[{"href":"https:\/\/www.webdo.tn\/fr\/wp-json\/wp\/v2\/types\/post"}],"author":[{"embeddable":true,"href":"https:\/\/www.webdo.tn\/fr\/wp-json\/wp\/v2\/users\/3164"}],"replies":[{"embeddable":true,"href":"https:\/\/www.webdo.tn\/fr\/wp-json\/wp\/v2\/comments?post=381318"}],"version-history":[{"count":0,"href":"https:\/\/www.webdo.tn\/fr\/wp-json\/wp\/v2\/posts\/381318\/revisions"}],"wp:featuredmedia":[{"embeddable":true,"href":"https:\/\/www.webdo.tn\/fr\/wp-json\/wp\/v2\/media\/381320"}],"wp:attachment":[{"href":"https:\/\/www.webdo.tn\/fr\/wp-json\/wp\/v2\/media?parent=381318"}],"wp:term":[{"taxonomy":"category","embeddable":true,"href":"https:\/\/www.webdo.tn\/fr\/wp-json\/wp\/v2\/categories?post=381318"},{"taxonomy":"post_tag","embeddable":true,"href":"https:\/\/www.webdo.tn\/fr\/wp-json\/wp\/v2\/tags?post=381318"}],"curies":[{"name":"wp","href":"https:\/\/api.w.org\/{rel}","templated":true}]}}