{"id":381311,"date":"2025-08-11T11:27:00","date_gmt":"2025-08-11T10:27:00","guid":{"rendered":"https:\/\/www.webdo.tn\/fr\/?p=381311"},"modified":"2025-08-18T08:12:09","modified_gmt":"2025-08-18T07:12:09","slug":"laustralie-reconnaitra-officiellement-letat-de-palestine-en-septembre","status":"publish","type":"post","link":"https:\/\/www.webdo.tn\/fr\/actualite\/international\/laustralie-reconnaitra-officiellement-letat-de-palestine-en-septembre\/381311\/","title":{"rendered":"L\u2019Australie reconna\u00eetra officiellement l\u2019\u00c9tat de Palestine en septembre"},"content":{"rendered":"\n<p><strong>Le Premier ministre australien Anthony Albanese a annonc\u00e9 ce lundi 11 ao\u00fbt que l\u2019Australie reconna\u00eetra officiellement l\u2019\u00c9tat de Palestine lors de la 80e session de l\u2019Assembl\u00e9e g\u00e9n\u00e9rale des Nations unies en septembre. Cette d\u00e9cision s\u2019inscrit dans une dynamique internationale lanc\u00e9e r\u00e9cemment par plusieurs pays occidentaux, parmi lesquels la France, le Canada et l\u2019Espagne.<\/strong><\/p>\n\n\n\n<h3 class=\"wp-block-heading\" id=\"h-une-decision-majeure-dans-un-contexte-tendu\">Une d\u00e9cision majeure dans un contexte tendu<\/h3>\n\n\n\n<p>Pour le chef du gouvernement travailliste, la reconnaissance d\u2019un \u00c9tat palestinien constitue \u00ab le meilleur espoir pour sortir du cycle de violence au Moyen-Orient \u00bb. \u00ab La paix ne peut \u00eatre durable tant que les Isra\u00e9liens et les Palestiniens ne disposent pas chacun de leur propre \u00c9tat \u00bb, a-t-il expliqu\u00e9 \u00e0 Canberra. Il a aussi soulign\u00e9 avoir obtenu des garanties de l\u2019Autorit\u00e9 palestinienne pour que le Hamas n\u2019ait aucune place dans ce futur \u00c9tat.<\/p>\n\n\n\n<p>Fin juillet, le pr\u00e9sident fran\u00e7ais Emmanuel Macron avait annonc\u00e9 son intention de reconna\u00eetre l\u2019\u00c9tat palestinien, esp\u00e9rant cr\u00e9er un effet d\u2019entra\u00eenement. Le Canada a suivi, tandis que le Royaume-Uni a conditionn\u00e9 sa reconnaissance \u00e0 des engagements isra\u00e9liens, notamment un cessez-le-feu. La Nouvelle-Z\u00e9lande, voisine de l\u2019Australie, a indiqu\u00e9 qu\u2019elle \u00e9valuerait la question avant de prendre une d\u00e9cision.<\/p>\n\n\n<blockquote class=\"twitter-tweet\">\n<p lang=\"en\" dir=\"ltr\">Statement on the recognition of the State of Palestine. <a href=\"https:\/\/t.co\/Mg0Ec8buo1\">pic.twitter.com\/Mg0Ec8buo1<\/a><\/p>\n<p>&mdash; Anthony Albanese (@AlboMP) <a href=\"https:\/\/twitter.com\/AlboMP\/status\/1954760864466424300?ref_src=twsrc%5Etfw\">August 11, 2025<\/a><\/p><\/blockquote>\n<p> <script async src=\"https:\/\/platform.twitter.com\/widgets.js\" charset=\"utf-8\"><\/script> <\/p>\n\n\n\n<h3 class=\"wp-block-heading\" id=\"h-la-reaction-israelienne\">La r\u00e9action isra\u00e9lienne<\/h3>\n\n\n\n<p>Face \u00e0 cette \u00e9volution, Isra\u00ebl a vivement r\u00e9agi. Le Premier ministre Benjamin Netanyahu a d\u00e9nonc\u00e9 un \u00ab \u00e9lan honteux \u00bb qui, selon lui, ne fera qu\u2019aggraver le conflit. L\u2019ambassadeur d\u2019Isra\u00ebl en Australie a \u00e9galement critiqu\u00e9 Canberra, accusant la d\u00e9cision de renforcer la position du Hamas.<\/p>\n\n\n\n<p>Aujourd\u2019hui, pr\u00e8s de 75 % des \u00c9tats membres de l\u2019ONU reconnaissent l\u2019\u00c9tat palestinien, proclam\u00e9 dans les ann\u00e9es 1980. Depuis le d\u00e9but du conflit \u00e0 Gaza, une dizaine de pays ont officialis\u00e9 cette reconnaissance, t\u00e9moignant d\u2019un tournant diplomatique majeur.<\/p>\n\n\n\n<hr class=\"wp-block-separator has-alpha-channel-opacity\"\/>\n\n\n\n<p><\/p>\n","protected":false},"excerpt":{"rendered":"<p>Le Premier ministre australien Anthony Albanese a annonc\u00e9 ce lundi 11 ao\u00fbt que l\u2019Australie reconna\u00eetra officiellement l\u2019\u00c9tat de Palestine lors de la 80e session de l\u2019Assembl\u00e9e g\u00e9n\u00e9rale des Nations unies en septembre. Cette d\u00e9cision s\u2019inscrit dans une dynamique internationale lanc\u00e9e r\u00e9cemment par plusieurs pays occidentaux, parmi lesquels la France, le Canada et l\u2019Espagne. Une d\u00e9cision [&hellip;]<\/p>\n","protected":false},"author":4782,"featured_media":381316,"comment_status":"open","ping_status":"open","sticky":false,"template":"","format":"standard","meta":{"footnotes":""},"categories":[2598],"tags":[4499,2689,3296,2688],"class_list":["post-381311","post","type-post","status-publish","format-standard","has-post-thumbnail","hentry","category-international","tag-australie","tag-gaza","tag-onu","tag-palestine"],"yoast_head":"<!-- This site is optimized with the Yoast SEO Premium plugin v27.4 (Yoast SEO v27.5) - https:\/\/yoast.com\/product\/yoast-seo-premium-wordpress\/ -->\n<title>L\u2019Australie reconna\u00eetra officiellement l\u2019\u00c9tat de Palestine en septembre - webdo<\/title>\n<meta name=\"description\" content=\"L&#039;Australie reconna\u00eet l&#039;\u00c9tat de Palestine, un pas vers la paix au Moyen-Orient. D\u00e9couvrez les enjeux de cette d\u00e9cision historique.\" \/>\n<link rel=\"canonical\" href=\"https:\/\/www.webdo.tn\/fr\/actualite\/international\/laustralie-reconnaitra-officiellement-letat-de-palestine-en-septembre\/381311\/\" \/>\n<meta property=\"og:locale\" content=\"fr_FR\" \/>\n<meta property=\"og:type\" content=\"article\" \/>\n<meta property=\"og:title\" content=\"L\u2019Australie reconna\u00eetra officiellement l\u2019\u00c9tat de Palestine en septembre\" \/>\n<meta property=\"og:description\" content=\"L&#039;Australie reconna\u00eet l&#039;\u00c9tat de Palestine, un pas vers la paix au Moyen-Orient. D\u00e9couvrez les enjeux de cette d\u00e9cision historique.\" \/>\n<meta property=\"og:url\" content=\"https:\/\/www.webdo.tn\/fr\/actualite\/international\/laustralie-reconnaitra-officiellement-letat-de-palestine-en-septembre\/381311\/\" \/>\n<meta property=\"og:site_name\" content=\"webdo\" \/>\n<meta property=\"article:publisher\" content=\"https:\/\/www.facebook.com\/webdotn\" \/>\n<meta property=\"article:published_time\" content=\"2025-08-11T10:27:00+00:00\" \/>\n<meta property=\"article:modified_time\" content=\"2025-08-18T07:12:09+00:00\" \/>\n<meta property=\"og:image\" content=\"https:\/\/www.webdo.tn\/fr\/wp-content\/uploads\/2025\/08\/68999c28dabd8679158b458e.webp\" \/>\n\t<meta property=\"og:image:width\" content=\"1020\" \/>\n\t<meta property=\"og:image:height\" content=\"573\" \/>\n\t<meta property=\"og:image:type\" content=\"image\/webp\" \/>\n<meta name=\"author\" content=\"Mohamed Fethi\" \/>\n<meta name=\"twitter:card\" content=\"summary_large_image\" \/>\n<meta name=\"twitter:creator\" content=\"@webdo_tn\" \/>\n<meta name=\"twitter:site\" content=\"@webdo_tn\" \/>\n<meta name=\"twitter:label1\" content=\"\u00c9crit par\" \/>\n\t<meta name=\"twitter:data1\" content=\"Mohamed Fethi\" \/>\n\t<meta name=\"twitter:label2\" content=\"Dur\u00e9e de lecture estim\u00e9e\" \/>\n\t<meta name=\"twitter:data2\" content=\"2 minutes\" \/>\n<script type=\"application\/ld+json\" class=\"yoast-schema-graph\">{\"@context\":\"https:\\\/\\\/schema.org\",\"@graph\":[{\"@type\":\"NewsArticle\",\"@id\":\"https:\\\/\\\/www.webdo.tn\\\/fr\\\/actualite\\\/international\\\/laustralie-reconnaitra-officiellement-letat-de-palestine-en-septembre\\\/381311\\\/#article\",\"isPartOf\":{\"@id\":\"https:\\\/\\\/www.webdo.tn\\\/fr\\\/actualite\\\/international\\\/laustralie-reconnaitra-officiellement-letat-de-palestine-en-septembre\\\/381311\\\/\"},\"author\":{\"name\":\"Mohamed Fethi\",\"@id\":\"https:\\\/\\\/www.webdo.tn\\\/fr\\\/#\\\/schema\\\/person\\\/16a4857e77dfc0b610c4c2cadffc9ac4\"},\"headline\":\"L\u2019Australie reconna\u00eetra officiellement l\u2019\u00c9tat de Palestine en septembre\",\"datePublished\":\"2025-08-11T10:27:00+00:00\",\"dateModified\":\"2025-08-18T07:12:09+00:00\",\"mainEntityOfPage\":{\"@id\":\"https:\\\/\\\/www.webdo.tn\\\/fr\\\/actualite\\\/international\\\/laustralie-reconnaitra-officiellement-letat-de-palestine-en-septembre\\\/381311\\\/\"},\"wordCount\":341,\"commentCount\":0,\"publisher\":{\"@id\":\"https:\\\/\\\/www.webdo.tn\\\/fr\\\/#organization\"},\"image\":{\"@id\":\"https:\\\/\\\/www.webdo.tn\\\/fr\\\/actualite\\\/international\\\/laustralie-reconnaitra-officiellement-letat-de-palestine-en-septembre\\\/381311\\\/#primaryimage\"},\"thumbnailUrl\":\"https:\\\/\\\/www.webdo.tn\\\/fr\\\/wp-content\\\/uploads\\\/2025\\\/08\\\/68999c28dabd8679158b458e.webp\",\"keywords\":[\"Australie\",\"Gaza\",\"ONU\",\"Palestine\"],\"articleSection\":[\"International\"],\"inLanguage\":\"fr-FR\"},{\"@type\":\"WebPage\",\"@id\":\"https:\\\/\\\/www.webdo.tn\\\/fr\\\/actualite\\\/international\\\/laustralie-reconnaitra-officiellement-letat-de-palestine-en-septembre\\\/381311\\\/\",\"url\":\"https:\\\/\\\/www.webdo.tn\\\/fr\\\/actualite\\\/international\\\/laustralie-reconnaitra-officiellement-letat-de-palestine-en-septembre\\\/381311\\\/\",\"name\":\"L\u2019Australie reconna\u00eetra officiellement l\u2019\u00c9tat de Palestine en septembre - webdo\",\"isPartOf\":{\"@id\":\"https:\\\/\\\/www.webdo.tn\\\/fr\\\/#website\"},\"primaryImageOfPage\":{\"@id\":\"https:\\\/\\\/www.webdo.tn\\\/fr\\\/actualite\\\/international\\\/laustralie-reconnaitra-officiellement-letat-de-palestine-en-septembre\\\/381311\\\/#primaryimage\"},\"image\":{\"@id\":\"https:\\\/\\\/www.webdo.tn\\\/fr\\\/actualite\\\/international\\\/laustralie-reconnaitra-officiellement-letat-de-palestine-en-septembre\\\/381311\\\/#primaryimage\"},\"thumbnailUrl\":\"https:\\\/\\\/www.webdo.tn\\\/fr\\\/wp-content\\\/uploads\\\/2025\\\/08\\\/68999c28dabd8679158b458e.webp\",\"datePublished\":\"2025-08-11T10:27:00+00:00\",\"dateModified\":\"2025-08-18T07:12:09+00:00\",\"description\":\"L'Australie reconna\u00eet l'\u00c9tat de Palestine, un pas vers la paix au Moyen-Orient. D\u00e9couvrez les enjeux de cette d\u00e9cision historique.\",\"breadcrumb\":{\"@id\":\"https:\\\/\\\/www.webdo.tn\\\/fr\\\/actualite\\\/international\\\/laustralie-reconnaitra-officiellement-letat-de-palestine-en-septembre\\\/381311\\\/#breadcrumb\"},\"inLanguage\":\"fr-FR\",\"potentialAction\":[{\"@type\":\"ReadAction\",\"target\":[\"https:\\\/\\\/www.webdo.tn\\\/fr\\\/actualite\\\/international\\\/laustralie-reconnaitra-officiellement-letat-de-palestine-en-septembre\\\/381311\\\/\"]}]},{\"@type\":\"ImageObject\",\"inLanguage\":\"fr-FR\",\"@id\":\"https:\\\/\\\/www.webdo.tn\\\/fr\\\/actualite\\\/international\\\/laustralie-reconnaitra-officiellement-letat-de-palestine-en-septembre\\\/381311\\\/#primaryimage\",\"url\":\"https:\\\/\\\/www.webdo.tn\\\/fr\\\/wp-content\\\/uploads\\\/2025\\\/08\\\/68999c28dabd8679158b458e.webp\",\"contentUrl\":\"https:\\\/\\\/www.webdo.tn\\\/fr\\\/wp-content\\\/uploads\\\/2025\\\/08\\\/68999c28dabd8679158b458e.webp\",\"width\":1020,\"height\":573,\"caption\":\"Le premier ministre australien Anthony Albanese a affirm\u00e9 que son pays reconna\u00eetra l\u2019\u00c9tat de Palestine en septembre. \u00a9 (Photo AFP)\"},{\"@type\":\"BreadcrumbList\",\"@id\":\"https:\\\/\\\/www.webdo.tn\\\/fr\\\/actualite\\\/international\\\/laustralie-reconnaitra-officiellement-letat-de-palestine-en-septembre\\\/381311\\\/#breadcrumb\",\"itemListElement\":[{\"@type\":\"ListItem\",\"position\":1,\"name\":\"Accueil\",\"item\":\"https:\\\/\\\/www.webdo.tn\\\/fr\\\/\"},{\"@type\":\"ListItem\",\"position\":2,\"name\":\"L\u2019Australie reconna\u00eetra officiellement l\u2019\u00c9tat de Palestine en septembre\"}]},{\"@type\":\"WebSite\",\"@id\":\"https:\\\/\\\/www.webdo.tn\\\/fr\\\/#website\",\"url\":\"https:\\\/\\\/www.webdo.tn\\\/fr\\\/\",\"name\":\"webdo\",\"description\":\"Tunisie - News en Tunisie et \u00e0 l&#039;international sur Webdo.tn\",\"publisher\":{\"@id\":\"https:\\\/\\\/www.webdo.tn\\\/fr\\\/#organization\"},\"potentialAction\":[{\"@type\":\"SearchAction\",\"target\":{\"@type\":\"EntryPoint\",\"urlTemplate\":\"https:\\\/\\\/www.webdo.tn\\\/fr\\\/?s={search_term_string}\"},\"query-input\":{\"@type\":\"PropertyValueSpecification\",\"valueRequired\":true,\"valueName\":\"search_term_string\"}}],\"inLanguage\":\"fr-FR\"},{\"@type\":\"Organization\",\"@id\":\"https:\\\/\\\/www.webdo.tn\\\/fr\\\/#organization\",\"name\":\"Webdo\",\"alternateName\":\"Webdo.tn\",\"url\":\"https:\\\/\\\/www.webdo.tn\\\/fr\\\/\",\"logo\":{\"@type\":\"ImageObject\",\"inLanguage\":\"fr-FR\",\"@id\":\"https:\\\/\\\/www.webdo.tn\\\/fr\\\/#\\\/schema\\\/logo\\\/image\\\/\",\"url\":\"https:\\\/\\\/www.webdo.tn\\\/fr\\\/wp-content\\\/uploads\\\/2025\\\/06\\\/Webdo-Tunisie_168377.jpg\",\"contentUrl\":\"https:\\\/\\\/www.webdo.tn\\\/fr\\\/wp-content\\\/uploads\\\/2025\\\/06\\\/Webdo-Tunisie_168377.jpg\",\"width\":301,\"height\":301,\"caption\":\"Webdo\"},\"image\":{\"@id\":\"https:\\\/\\\/www.webdo.tn\\\/fr\\\/#\\\/schema\\\/logo\\\/image\\\/\"},\"sameAs\":[\"https:\\\/\\\/www.facebook.com\\\/webdotn\",\"https:\\\/\\\/x.com\\\/webdo_tn\"],\"description\":\"Webdo est un m\u00e9dia num\u00e9rique tunisien fond\u00e9 en 2010, sp\u00e9cialis\u00e9 dans l\u2019actualit\u00e9 nationale et internationale, l\u2019\u00e9conomie, la soci\u00e9t\u00e9 et les analyses politiques. Le site s\u2019adresse \u00e0 un large public francophone et couvre l\u2019information tunisienne en temps r\u00e9el.\",\"email\":\"redac@webdo.tn\",\"legalName\":\"YNJ SARL\",\"foundingDate\":\"2010-09-06\",\"numberOfEmployees\":{\"@type\":\"QuantitativeValue\",\"minValue\":\"11\",\"maxValue\":\"50\"}},{\"@type\":\"Person\",\"@id\":\"https:\\\/\\\/www.webdo.tn\\\/fr\\\/#\\\/schema\\\/person\\\/16a4857e77dfc0b610c4c2cadffc9ac4\",\"name\":\"Mohamed Fethi\",\"image\":{\"@type\":\"ImageObject\",\"inLanguage\":\"fr-FR\",\"@id\":\"https:\\\/\\\/www.webdo.tn\\\/fr\\\/wp-content\\\/uploads\\\/2026\\\/04\\\/mohamed-fethi_avatar_1-96x96.jpg\",\"url\":\"https:\\\/\\\/www.webdo.tn\\\/fr\\\/wp-content\\\/uploads\\\/2026\\\/04\\\/mohamed-fethi_avatar_1-96x96.jpg\",\"contentUrl\":\"https:\\\/\\\/www.webdo.tn\\\/fr\\\/wp-content\\\/uploads\\\/2026\\\/04\\\/mohamed-fethi_avatar_1-96x96.jpg\",\"caption\":\"Mohamed Fethi\"},\"description\":\"Signature \u00e9ditoriale de Maher Chaabane Mohamed Fethi est le pseudonyme \u00e9ditorial de Maher Chaabane, r\u00e9dacteur en chef de Webdo.tn depuis 2012. Cette signature est d\u00e9di\u00e9e au traitement intensif de l'actualit\u00e9 nationale et internationale en temps r\u00e9el. S'appuyant sur les deux d\u00e9cennies d'expertise journalistique de Maher Chaabane \u2014 d\u00e9but\u00e9e au sein du groupe Tunis Hebdo en 2000 \u2014 Mohamed Fethi assure une veille rigoureuse sur les enjeux politiques, \u00e9conomiques et sportifs. Sa mission est de garantir une information structur\u00e9e, fluide et fid\u00e8le aux standards de la r\u00e9daction. Pour consulter le parcours complet du r\u00e9dacteur en chef, visitez le profil officiel de Maher Chaabane.\",\"knowsAbout\":[\"actualit\u00e9\",\"journalisme\",\"information\",\"politique\",\"sport\",\"m\u00e9dias\",\"actualit\u00e9 internationale\"],\"knowsLanguage\":[\"Fran\u00e7ais\",\"Arabe\"],\"jobTitle\":\"Journaliste \u2013 R\u00e9daction Webdo\",\"worksFor\":\"Webdo.tn\",\"url\":\"https:\\\/\\\/www.webdo.tn\\\/fr\\\/actualite\\\/author\\\/mohamed-fethi\\\/\"}]}<\/script>\n<!-- \/ Yoast SEO Premium plugin. -->","yoast_head_json":{"title":"L\u2019Australie reconna\u00eetra officiellement l\u2019\u00c9tat de Palestine en septembre - webdo","description":"L'Australie reconna\u00eet l'\u00c9tat de Palestine, un pas vers la paix au Moyen-Orient. D\u00e9couvrez les enjeux de cette d\u00e9cision historique.","canonical":"https:\/\/www.webdo.tn\/fr\/actualite\/international\/laustralie-reconnaitra-officiellement-letat-de-palestine-en-septembre\/381311\/","og_locale":"fr_FR","og_type":"article","og_title":"L\u2019Australie reconna\u00eetra officiellement l\u2019\u00c9tat de Palestine en septembre","og_description":"L'Australie reconna\u00eet l'\u00c9tat de Palestine, un pas vers la paix au Moyen-Orient. D\u00e9couvrez les enjeux de cette d\u00e9cision historique.","og_url":"https:\/\/www.webdo.tn\/fr\/actualite\/international\/laustralie-reconnaitra-officiellement-letat-de-palestine-en-septembre\/381311\/","og_site_name":"webdo","article_publisher":"https:\/\/www.facebook.com\/webdotn","article_published_time":"2025-08-11T10:27:00+00:00","article_modified_time":"2025-08-18T07:12:09+00:00","og_image":[{"width":1020,"height":573,"url":"https:\/\/www.webdo.tn\/fr\/wp-content\/uploads\/2025\/08\/68999c28dabd8679158b458e.webp","type":"image\/webp"}],"author":"Mohamed Fethi","twitter_card":"summary_large_image","twitter_creator":"@webdo_tn","twitter_site":"@webdo_tn","twitter_misc":{"\u00c9crit par":"Mohamed Fethi","Dur\u00e9e de lecture estim\u00e9e":"2 minutes"},"schema":{"@context":"https:\/\/schema.org","@graph":[{"@type":"NewsArticle","@id":"https:\/\/www.webdo.tn\/fr\/actualite\/international\/laustralie-reconnaitra-officiellement-letat-de-palestine-en-septembre\/381311\/#article","isPartOf":{"@id":"https:\/\/www.webdo.tn\/fr\/actualite\/international\/laustralie-reconnaitra-officiellement-letat-de-palestine-en-septembre\/381311\/"},"author":{"name":"Mohamed Fethi","@id":"https:\/\/www.webdo.tn\/fr\/#\/schema\/person\/16a4857e77dfc0b610c4c2cadffc9ac4"},"headline":"L\u2019Australie reconna\u00eetra officiellement l\u2019\u00c9tat de Palestine en septembre","datePublished":"2025-08-11T10:27:00+00:00","dateModified":"2025-08-18T07:12:09+00:00","mainEntityOfPage":{"@id":"https:\/\/www.webdo.tn\/fr\/actualite\/international\/laustralie-reconnaitra-officiellement-letat-de-palestine-en-septembre\/381311\/"},"wordCount":341,"commentCount":0,"publisher":{"@id":"https:\/\/www.webdo.tn\/fr\/#organization"},"image":{"@id":"https:\/\/www.webdo.tn\/fr\/actualite\/international\/laustralie-reconnaitra-officiellement-letat-de-palestine-en-septembre\/381311\/#primaryimage"},"thumbnailUrl":"https:\/\/www.webdo.tn\/fr\/wp-content\/uploads\/2025\/08\/68999c28dabd8679158b458e.webp","keywords":["Australie","Gaza","ONU","Palestine"],"articleSection":["International"],"inLanguage":"fr-FR"},{"@type":"WebPage","@id":"https:\/\/www.webdo.tn\/fr\/actualite\/international\/laustralie-reconnaitra-officiellement-letat-de-palestine-en-septembre\/381311\/","url":"https:\/\/www.webdo.tn\/fr\/actualite\/international\/laustralie-reconnaitra-officiellement-letat-de-palestine-en-septembre\/381311\/","name":"L\u2019Australie reconna\u00eetra officiellement l\u2019\u00c9tat de Palestine en septembre - webdo","isPartOf":{"@id":"https:\/\/www.webdo.tn\/fr\/#website"},"primaryImageOfPage":{"@id":"https:\/\/www.webdo.tn\/fr\/actualite\/international\/laustralie-reconnaitra-officiellement-letat-de-palestine-en-septembre\/381311\/#primaryimage"},"image":{"@id":"https:\/\/www.webdo.tn\/fr\/actualite\/international\/laustralie-reconnaitra-officiellement-letat-de-palestine-en-septembre\/381311\/#primaryimage"},"thumbnailUrl":"https:\/\/www.webdo.tn\/fr\/wp-content\/uploads\/2025\/08\/68999c28dabd8679158b458e.webp","datePublished":"2025-08-11T10:27:00+00:00","dateModified":"2025-08-18T07:12:09+00:00","description":"L'Australie reconna\u00eet l'\u00c9tat de Palestine, un pas vers la paix au Moyen-Orient. D\u00e9couvrez les enjeux de cette d\u00e9cision historique.","breadcrumb":{"@id":"https:\/\/www.webdo.tn\/fr\/actualite\/international\/laustralie-reconnaitra-officiellement-letat-de-palestine-en-septembre\/381311\/#breadcrumb"},"inLanguage":"fr-FR","potentialAction":[{"@type":"ReadAction","target":["https:\/\/www.webdo.tn\/fr\/actualite\/international\/laustralie-reconnaitra-officiellement-letat-de-palestine-en-septembre\/381311\/"]}]},{"@type":"ImageObject","inLanguage":"fr-FR","@id":"https:\/\/www.webdo.tn\/fr\/actualite\/international\/laustralie-reconnaitra-officiellement-letat-de-palestine-en-septembre\/381311\/#primaryimage","url":"https:\/\/www.webdo.tn\/fr\/wp-content\/uploads\/2025\/08\/68999c28dabd8679158b458e.webp","contentUrl":"https:\/\/www.webdo.tn\/fr\/wp-content\/uploads\/2025\/08\/68999c28dabd8679158b458e.webp","width":1020,"height":573,"caption":"Le premier ministre australien Anthony Albanese a affirm\u00e9 que son pays reconna\u00eetra l\u2019\u00c9tat de Palestine en septembre. \u00a9 (Photo AFP)"},{"@type":"BreadcrumbList","@id":"https:\/\/www.webdo.tn\/fr\/actualite\/international\/laustralie-reconnaitra-officiellement-letat-de-palestine-en-septembre\/381311\/#breadcrumb","itemListElement":[{"@type":"ListItem","position":1,"name":"Accueil","item":"https:\/\/www.webdo.tn\/fr\/"},{"@type":"ListItem","position":2,"name":"L\u2019Australie reconna\u00eetra officiellement l\u2019\u00c9tat de Palestine en septembre"}]},{"@type":"WebSite","@id":"https:\/\/www.webdo.tn\/fr\/#website","url":"https:\/\/www.webdo.tn\/fr\/","name":"webdo","description":"Tunisie - News en Tunisie et \u00e0 l&#039;international sur Webdo.tn","publisher":{"@id":"https:\/\/www.webdo.tn\/fr\/#organization"},"potentialAction":[{"@type":"SearchAction","target":{"@type":"EntryPoint","urlTemplate":"https:\/\/www.webdo.tn\/fr\/?s={search_term_string}"},"query-input":{"@type":"PropertyValueSpecification","valueRequired":true,"valueName":"search_term_string"}}],"inLanguage":"fr-FR"},{"@type":"Organization","@id":"https:\/\/www.webdo.tn\/fr\/#organization","name":"Webdo","alternateName":"Webdo.tn","url":"https:\/\/www.webdo.tn\/fr\/","logo":{"@type":"ImageObject","inLanguage":"fr-FR","@id":"https:\/\/www.webdo.tn\/fr\/#\/schema\/logo\/image\/","url":"https:\/\/www.webdo.tn\/fr\/wp-content\/uploads\/2025\/06\/Webdo-Tunisie_168377.jpg","contentUrl":"https:\/\/www.webdo.tn\/fr\/wp-content\/uploads\/2025\/06\/Webdo-Tunisie_168377.jpg","width":301,"height":301,"caption":"Webdo"},"image":{"@id":"https:\/\/www.webdo.tn\/fr\/#\/schema\/logo\/image\/"},"sameAs":["https:\/\/www.facebook.com\/webdotn","https:\/\/x.com\/webdo_tn"],"description":"Webdo est un m\u00e9dia num\u00e9rique tunisien fond\u00e9 en 2010, sp\u00e9cialis\u00e9 dans l\u2019actualit\u00e9 nationale et internationale, l\u2019\u00e9conomie, la soci\u00e9t\u00e9 et les analyses politiques. Le site s\u2019adresse \u00e0 un large public francophone et couvre l\u2019information tunisienne en temps r\u00e9el.","email":"redac@webdo.tn","legalName":"YNJ SARL","foundingDate":"2010-09-06","numberOfEmployees":{"@type":"QuantitativeValue","minValue":"11","maxValue":"50"}},{"@type":"Person","@id":"https:\/\/www.webdo.tn\/fr\/#\/schema\/person\/16a4857e77dfc0b610c4c2cadffc9ac4","name":"Mohamed Fethi","image":{"@type":"ImageObject","inLanguage":"fr-FR","@id":"https:\/\/www.webdo.tn\/fr\/wp-content\/uploads\/2026\/04\/mohamed-fethi_avatar_1-96x96.jpg","url":"https:\/\/www.webdo.tn\/fr\/wp-content\/uploads\/2026\/04\/mohamed-fethi_avatar_1-96x96.jpg","contentUrl":"https:\/\/www.webdo.tn\/fr\/wp-content\/uploads\/2026\/04\/mohamed-fethi_avatar_1-96x96.jpg","caption":"Mohamed Fethi"},"description":"Signature \u00e9ditoriale de Maher Chaabane Mohamed Fethi est le pseudonyme \u00e9ditorial de Maher Chaabane, r\u00e9dacteur en chef de Webdo.tn depuis 2012. Cette signature est d\u00e9di\u00e9e au traitement intensif de l'actualit\u00e9 nationale et internationale en temps r\u00e9el. S'appuyant sur les deux d\u00e9cennies d'expertise journalistique de Maher Chaabane \u2014 d\u00e9but\u00e9e au sein du groupe Tunis Hebdo en 2000 \u2014 Mohamed Fethi assure une veille rigoureuse sur les enjeux politiques, \u00e9conomiques et sportifs. Sa mission est de garantir une information structur\u00e9e, fluide et fid\u00e8le aux standards de la r\u00e9daction. Pour consulter le parcours complet du r\u00e9dacteur en chef, visitez le profil officiel de Maher Chaabane.","knowsAbout":["actualit\u00e9","journalisme","information","politique","sport","m\u00e9dias","actualit\u00e9 internationale"],"knowsLanguage":["Fran\u00e7ais","Arabe"],"jobTitle":"Journaliste \u2013 R\u00e9daction Webdo","worksFor":"Webdo.tn","url":"https:\/\/www.webdo.tn\/fr\/actualite\/author\/mohamed-fethi\/"}]}},"_links":{"self":[{"href":"https:\/\/www.webdo.tn\/fr\/wp-json\/wp\/v2\/posts\/381311","targetHints":{"allow":["GET"]}}],"collection":[{"href":"https:\/\/www.webdo.tn\/fr\/wp-json\/wp\/v2\/posts"}],"about":[{"href":"https:\/\/www.webdo.tn\/fr\/wp-json\/wp\/v2\/types\/post"}],"author":[{"embeddable":true,"href":"https:\/\/www.webdo.tn\/fr\/wp-json\/wp\/v2\/users\/4782"}],"replies":[{"embeddable":true,"href":"https:\/\/www.webdo.tn\/fr\/wp-json\/wp\/v2\/comments?post=381311"}],"version-history":[{"count":0,"href":"https:\/\/www.webdo.tn\/fr\/wp-json\/wp\/v2\/posts\/381311\/revisions"}],"wp:featuredmedia":[{"embeddable":true,"href":"https:\/\/www.webdo.tn\/fr\/wp-json\/wp\/v2\/media\/381316"}],"wp:attachment":[{"href":"https:\/\/www.webdo.tn\/fr\/wp-json\/wp\/v2\/media?parent=381311"}],"wp:term":[{"taxonomy":"category","embeddable":true,"href":"https:\/\/www.webdo.tn\/fr\/wp-json\/wp\/v2\/categories?post=381311"},{"taxonomy":"post_tag","embeddable":true,"href":"https:\/\/www.webdo.tn\/fr\/wp-json\/wp\/v2\/tags?post=381311"}],"curies":[{"name":"wp","href":"https:\/\/api.w.org\/{rel}","templated":true}]}}