{"id":381292,"date":"2025-08-11T07:20:55","date_gmt":"2025-08-11T06:20:55","guid":{"rendered":"https:\/\/www.webdo.tn\/fr\/?p=381292"},"modified":"2025-08-18T08:14:55","modified_gmt":"2025-08-18T07:14:55","slug":"vacances-rentree-scolaire-mouled-le-tunisien-face-a-une-boucle-de-depenses","status":"publish","type":"post","link":"https:\/\/www.webdo.tn\/fr\/actualite\/national\/vacances-rentree-scolaire-mouled-le-tunisien-face-a-une-boucle-de-depenses\/381292\/","title":{"rendered":"Vacances, rentr\u00e9e scolaire, Mouled&#8230; Le Tunisien face \u00e0 une boucle de d\u00e9penses !"},"content":{"rendered":"\n<p><strong>\u00c0 peine les valises rang\u00e9es, les Tunisiens se retrouvent face \u00e0 une nouvelle course aux d\u00e9penses : la rentr\u00e9e scolaire. Les \u00e9tals des papeteries et grandes surfaces se couvrent de cahiers, cartables et fournitures flambant neuves, rappelant aux parents que le r\u00e9pit financier est de courte dur\u00e9e.<\/strong><\/p>\n\n\n\n<p>Pour de nombreux foyers, cette p\u00e9riode s\u2019inscrit dans une succession d\u2019\u00e9v\u00e9nements co\u00fbteux : d\u2019abord les vacances d\u2019\u00e9t\u00e9, puis la rentr\u00e9e scolaire, bient\u00f4t suivies par la f\u00eate religieuse du Mouled. Une v\u00e9ritable boucle budg\u00e9taire qui ne laisse que peu de marge aux m\u00e9nages, surtout dans un contexte d\u2019inflation persistante et de pouvoir d\u2019achat en berne.<\/p>\n\n\n\n<p>Selon les commer\u00e7ants, la demande est d\u00e9j\u00e0 forte, mais les prix connaissent une hausse moyenne de 10 \u00e0 20 % par rapport \u00e0 l\u2019an dernier. Les familles tentent de jongler entre les besoins des enfants et un portefeuille d\u00e9j\u00e0 fragilis\u00e9 par les d\u00e9penses estivales.<\/p>\n\n\n\n<p>Pour certains, cette accumulation de charges ne laisse d\u2019autre choix que de recourir \u00e0 l\u2019endettement ou aux achats \u00e9chelonn\u00e9s. Pour d\u2019autres, elle pousse \u00e0 chercher des alternatives : fournitures d\u2019occasion, r\u00e9utilisation du mat\u00e9riel de l\u2019ann\u00e9e pr\u00e9c\u00e9dente, ou achats en gros pour r\u00e9duire les co\u00fbts.<\/p>\n\n\n\n<p>Mais au-del\u00e0 des strat\u00e9gies d\u2019adaptation, cette p\u00e9riode illustre un ph\u00e9nom\u00e8ne plus profond : la concentration de multiples postes de d\u00e9penses sur quelques mois de l\u2019ann\u00e9e, rendant la gestion budg\u00e9taire des m\u00e9nages tunisiens particuli\u00e8rement tendue. Une situation qui, pour beaucoup, transforme la rentr\u00e9e et les f\u00eates qui l\u2019accompagnent en un v\u00e9ritable parcours du combattant financier.<\/p>\n\n\n\n<p><\/p>\n\n\n\n<p><strong>Lire aussi : <\/strong><a href=\"https:\/\/www.webdo.tn\/fr\/actualite\/national\/vacances-a-lhotel-en-tunisie-un-luxe-reserve-aux-plus-riches\/379821\/\">Vacances \u00e0 l\u2019h\u00f4tel en Tunisie : Un luxe r\u00e9serv\u00e9 aux plus riches ?<\/a><br><\/p>\n","protected":false},"excerpt":{"rendered":"<p>\u00c0 peine les valises rang\u00e9es, les Tunisiens se retrouvent face \u00e0 une nouvelle course aux d\u00e9penses : la rentr\u00e9e scolaire. Les \u00e9tals des papeteries et grandes surfaces se couvrent de cahiers, cartables et fournitures flambant neuves, rappelant aux parents que le r\u00e9pit financier est de courte dur\u00e9e. Pour de nombreux foyers, cette p\u00e9riode s\u2019inscrit dans [&hellip;]<\/p>\n","protected":false},"author":3184,"featured_media":381293,"comment_status":"open","ping_status":"open","sticky":false,"template":"","format":"standard","meta":{"footnotes":""},"categories":[44],"tags":[2864,5800,3540,2608],"class_list":["post-381292","post","type-post","status-publish","format-standard","has-post-thumbnail","hentry","category-national","tag-depenses","tag-mouled","tag-rentree-scolaire","tag-tunisie"],"yoast_head":"<!-- This site is optimized with the Yoast SEO Premium plugin v27.5 (Yoast SEO v27.5) - https:\/\/yoast.com\/product\/yoast-seo-premium-wordpress\/ -->\n<title>Vacances, rentr\u00e9e scolaire, Mouled... Le Tunisien face \u00e0 une boucle de d\u00e9penses ! - webdo<\/title>\n<meta name=\"description\" content=\"Tunisie pouvoir d&#039;achat rentr\u00e9e scolaire\" \/>\n<link rel=\"canonical\" href=\"https:\/\/www.webdo.tn\/fr\/actualite\/national\/vacances-rentree-scolaire-mouled-le-tunisien-face-a-une-boucle-de-depenses\/381292\/\" \/>\n<meta property=\"og:locale\" content=\"fr_FR\" \/>\n<meta property=\"og:type\" content=\"article\" \/>\n<meta property=\"og:title\" content=\"Vacances, rentr\u00e9e scolaire, Mouled... Le Tunisien face \u00e0 une boucle de d\u00e9penses !\" \/>\n<meta property=\"og:description\" content=\"Tunisie pouvoir d&#039;achat rentr\u00e9e scolaire\" \/>\n<meta property=\"og:url\" content=\"https:\/\/www.webdo.tn\/fr\/actualite\/national\/vacances-rentree-scolaire-mouled-le-tunisien-face-a-une-boucle-de-depenses\/381292\/\" \/>\n<meta property=\"og:site_name\" content=\"webdo\" \/>\n<meta property=\"article:publisher\" content=\"https:\/\/www.facebook.com\/webdotn\" \/>\n<meta property=\"article:published_time\" content=\"2025-08-11T06:20:55+00:00\" \/>\n<meta property=\"article:modified_time\" content=\"2025-08-18T07:14:55+00:00\" \/>\n<meta property=\"og:image\" content=\"https:\/\/www.webdo.tn\/fr\/wp-content\/uploads\/2025\/08\/fourniture-scolaire.jpg\" \/>\n\t<meta property=\"og:image:width\" content=\"850\" \/>\n\t<meta property=\"og:image:height\" content=\"491\" \/>\n\t<meta property=\"og:image:type\" content=\"image\/jpeg\" \/>\n<meta name=\"author\" content=\"Wided Belhaj\" \/>\n<meta name=\"twitter:card\" content=\"summary_large_image\" \/>\n<meta name=\"twitter:creator\" content=\"@webdo_tn\" \/>\n<meta name=\"twitter:site\" content=\"@webdo_tn\" \/>\n<meta name=\"twitter:label1\" content=\"\u00c9crit par\" \/>\n\t<meta name=\"twitter:data1\" content=\"Wided Belhaj\" \/>\n\t<meta name=\"twitter:label2\" content=\"Dur\u00e9e de lecture estim\u00e9e\" \/>\n\t<meta name=\"twitter:data2\" content=\"2 minutes\" \/>\n<script type=\"application\/ld+json\" class=\"yoast-schema-graph\">{\"@context\":\"https:\\\/\\\/schema.org\",\"@graph\":[{\"@type\":\"NewsArticle\",\"@id\":\"https:\\\/\\\/www.webdo.tn\\\/fr\\\/actualite\\\/national\\\/vacances-rentree-scolaire-mouled-le-tunisien-face-a-une-boucle-de-depenses\\\/381292\\\/#article\",\"isPartOf\":{\"@id\":\"https:\\\/\\\/www.webdo.tn\\\/fr\\\/actualite\\\/national\\\/vacances-rentree-scolaire-mouled-le-tunisien-face-a-une-boucle-de-depenses\\\/381292\\\/\"},\"author\":{\"name\":\"Wided Belhaj\",\"@id\":\"https:\\\/\\\/www.webdo.tn\\\/fr\\\/#\\\/schema\\\/person\\\/b9ecde7a5574cb4fcf4b496ea5fadb15\"},\"headline\":\"Vacances, rentr\u00e9e scolaire, Mouled&#8230; Le Tunisien face \u00e0 une boucle de d\u00e9penses !\",\"datePublished\":\"2025-08-11T06:20:55+00:00\",\"dateModified\":\"2025-08-18T07:14:55+00:00\",\"mainEntityOfPage\":{\"@id\":\"https:\\\/\\\/www.webdo.tn\\\/fr\\\/actualite\\\/national\\\/vacances-rentree-scolaire-mouled-le-tunisien-face-a-une-boucle-de-depenses\\\/381292\\\/\"},\"wordCount\":311,\"commentCount\":0,\"publisher\":{\"@id\":\"https:\\\/\\\/www.webdo.tn\\\/fr\\\/#organization\"},\"image\":{\"@id\":\"https:\\\/\\\/www.webdo.tn\\\/fr\\\/actualite\\\/national\\\/vacances-rentree-scolaire-mouled-le-tunisien-face-a-une-boucle-de-depenses\\\/381292\\\/#primaryimage\"},\"thumbnailUrl\":\"https:\\\/\\\/www.webdo.tn\\\/fr\\\/wp-content\\\/uploads\\\/2025\\\/08\\\/fourniture-scolaire.jpg\",\"keywords\":[\"d\u00e9penses\",\"mouled\",\"Rentr\u00e9e scolaire\",\"Tunisie\"],\"articleSection\":[\"National\"],\"inLanguage\":\"fr-FR\"},{\"@type\":\"WebPage\",\"@id\":\"https:\\\/\\\/www.webdo.tn\\\/fr\\\/actualite\\\/national\\\/vacances-rentree-scolaire-mouled-le-tunisien-face-a-une-boucle-de-depenses\\\/381292\\\/\",\"url\":\"https:\\\/\\\/www.webdo.tn\\\/fr\\\/actualite\\\/national\\\/vacances-rentree-scolaire-mouled-le-tunisien-face-a-une-boucle-de-depenses\\\/381292\\\/\",\"name\":\"Vacances, rentr\u00e9e scolaire, Mouled... Le Tunisien face \u00e0 une boucle de d\u00e9penses ! - webdo\",\"isPartOf\":{\"@id\":\"https:\\\/\\\/www.webdo.tn\\\/fr\\\/#website\"},\"primaryImageOfPage\":{\"@id\":\"https:\\\/\\\/www.webdo.tn\\\/fr\\\/actualite\\\/national\\\/vacances-rentree-scolaire-mouled-le-tunisien-face-a-une-boucle-de-depenses\\\/381292\\\/#primaryimage\"},\"image\":{\"@id\":\"https:\\\/\\\/www.webdo.tn\\\/fr\\\/actualite\\\/national\\\/vacances-rentree-scolaire-mouled-le-tunisien-face-a-une-boucle-de-depenses\\\/381292\\\/#primaryimage\"},\"thumbnailUrl\":\"https:\\\/\\\/www.webdo.tn\\\/fr\\\/wp-content\\\/uploads\\\/2025\\\/08\\\/fourniture-scolaire.jpg\",\"datePublished\":\"2025-08-11T06:20:55+00:00\",\"dateModified\":\"2025-08-18T07:14:55+00:00\",\"description\":\"Tunisie pouvoir d'achat rentr\u00e9e scolaire\",\"breadcrumb\":{\"@id\":\"https:\\\/\\\/www.webdo.tn\\\/fr\\\/actualite\\\/national\\\/vacances-rentree-scolaire-mouled-le-tunisien-face-a-une-boucle-de-depenses\\\/381292\\\/#breadcrumb\"},\"inLanguage\":\"fr-FR\",\"potentialAction\":[{\"@type\":\"ReadAction\",\"target\":[\"https:\\\/\\\/www.webdo.tn\\\/fr\\\/actualite\\\/national\\\/vacances-rentree-scolaire-mouled-le-tunisien-face-a-une-boucle-de-depenses\\\/381292\\\/\"]}]},{\"@type\":\"ImageObject\",\"inLanguage\":\"fr-FR\",\"@id\":\"https:\\\/\\\/www.webdo.tn\\\/fr\\\/actualite\\\/national\\\/vacances-rentree-scolaire-mouled-le-tunisien-face-a-une-boucle-de-depenses\\\/381292\\\/#primaryimage\",\"url\":\"https:\\\/\\\/www.webdo.tn\\\/fr\\\/wp-content\\\/uploads\\\/2025\\\/08\\\/fourniture-scolaire.jpg\",\"contentUrl\":\"https:\\\/\\\/www.webdo.tn\\\/fr\\\/wp-content\\\/uploads\\\/2025\\\/08\\\/fourniture-scolaire.jpg\",\"width\":850,\"height\":491},{\"@type\":\"BreadcrumbList\",\"@id\":\"https:\\\/\\\/www.webdo.tn\\\/fr\\\/actualite\\\/national\\\/vacances-rentree-scolaire-mouled-le-tunisien-face-a-une-boucle-de-depenses\\\/381292\\\/#breadcrumb\",\"itemListElement\":[{\"@type\":\"ListItem\",\"position\":1,\"name\":\"Accueil\",\"item\":\"https:\\\/\\\/www.webdo.tn\\\/fr\\\/\"},{\"@type\":\"ListItem\",\"position\":2,\"name\":\"Vacances, rentr\u00e9e scolaire, Mouled&#8230; Le Tunisien face \u00e0 une boucle de d\u00e9penses !\"}]},{\"@type\":\"WebSite\",\"@id\":\"https:\\\/\\\/www.webdo.tn\\\/fr\\\/#website\",\"url\":\"https:\\\/\\\/www.webdo.tn\\\/fr\\\/\",\"name\":\"webdo\",\"description\":\"Tunisie - News en Tunisie et \u00e0 l&#039;international sur Webdo.tn\",\"publisher\":{\"@id\":\"https:\\\/\\\/www.webdo.tn\\\/fr\\\/#organization\"},\"potentialAction\":[{\"@type\":\"SearchAction\",\"target\":{\"@type\":\"EntryPoint\",\"urlTemplate\":\"https:\\\/\\\/www.webdo.tn\\\/fr\\\/?s={search_term_string}\"},\"query-input\":{\"@type\":\"PropertyValueSpecification\",\"valueRequired\":true,\"valueName\":\"search_term_string\"}}],\"inLanguage\":\"fr-FR\"},{\"@type\":\"Organization\",\"@id\":\"https:\\\/\\\/www.webdo.tn\\\/fr\\\/#organization\",\"name\":\"Webdo\",\"alternateName\":\"Webdo.tn\",\"url\":\"https:\\\/\\\/www.webdo.tn\\\/fr\\\/\",\"logo\":{\"@type\":\"ImageObject\",\"inLanguage\":\"fr-FR\",\"@id\":\"https:\\\/\\\/www.webdo.tn\\\/fr\\\/#\\\/schema\\\/logo\\\/image\\\/\",\"url\":\"https:\\\/\\\/www.webdo.tn\\\/fr\\\/wp-content\\\/uploads\\\/2025\\\/06\\\/Webdo-Tunisie_168377.jpg\",\"contentUrl\":\"https:\\\/\\\/www.webdo.tn\\\/fr\\\/wp-content\\\/uploads\\\/2025\\\/06\\\/Webdo-Tunisie_168377.jpg\",\"width\":301,\"height\":301,\"caption\":\"Webdo\"},\"image\":{\"@id\":\"https:\\\/\\\/www.webdo.tn\\\/fr\\\/#\\\/schema\\\/logo\\\/image\\\/\"},\"sameAs\":[\"https:\\\/\\\/www.facebook.com\\\/webdotn\",\"https:\\\/\\\/x.com\\\/webdo_tn\"],\"description\":\"Webdo est un m\u00e9dia num\u00e9rique tunisien fond\u00e9 en 2010, sp\u00e9cialis\u00e9 dans l\u2019actualit\u00e9 nationale et internationale, l\u2019\u00e9conomie, la soci\u00e9t\u00e9 et les analyses politiques. Le site s\u2019adresse \u00e0 un large public francophone et couvre l\u2019information tunisienne en temps r\u00e9el.\",\"email\":\"redac@webdo.tn\",\"legalName\":\"YNJ SARL\",\"foundingDate\":\"2010-09-06\",\"numberOfEmployees\":{\"@type\":\"QuantitativeValue\",\"minValue\":\"11\",\"maxValue\":\"50\"}},{\"@type\":\"Person\",\"@id\":\"https:\\\/\\\/www.webdo.tn\\\/fr\\\/#\\\/schema\\\/person\\\/b9ecde7a5574cb4fcf4b496ea5fadb15\",\"name\":\"Wided Belhaj\",\"image\":{\"@type\":\"ImageObject\",\"inLanguage\":\"fr-FR\",\"@id\":\"https:\\\/\\\/www.webdo.tn\\\/fr\\\/wp-content\\\/uploads\\\/2026\\\/04\\\/wided-belhaj_avatar-96x96.jpg\",\"url\":\"https:\\\/\\\/www.webdo.tn\\\/fr\\\/wp-content\\\/uploads\\\/2026\\\/04\\\/wided-belhaj_avatar-96x96.jpg\",\"contentUrl\":\"https:\\\/\\\/www.webdo.tn\\\/fr\\\/wp-content\\\/uploads\\\/2026\\\/04\\\/wided-belhaj_avatar-96x96.jpg\",\"caption\":\"Wided Belhaj\"},\"description\":\"Wided Belhaj est le pseudonyme \u00e9ditorial utilis\u00e9 par Khalil Jelassi, journaliste, ma\u00eetre-assistant \u00e0 l\u2019Institut de presse et des sciences de l\u2019information (IPSI) et chercheur en sciences de l\u2019information et de la communication. Cette signature est d\u00e9di\u00e9e \u00e0 l\u2019analyse des m\u00e9dias, des pratiques journalistiques et des mutations de l\u2019information \u00e0 l\u2019\u00e8re digitale. \u00c0 travers ses contributions, Wided Belhaj propose une lecture analytique de l\u2019actualit\u00e9, en croisant regard critique et expertise acad\u00e9mique.\",\"knowsAbout\":[\"m\u00e9dias\",\"journalisme\",\"communication\",\"information\",\"transformation num\u00e9rique\",\"analyse des m\u00e9dias\"],\"knowsLanguage\":[\"Fran\u00e7ais\",\"Arabe\"],\"jobTitle\":\"Webdo.tn\",\"worksFor\":\"Journaliste \u2013 Analyse des m\u00e9dias\",\"url\":\"https:\\\/\\\/www.webdo.tn\\\/fr\\\/actualite\\\/author\\\/wided-belhaj\\\/\"}]}<\/script>\n<!-- \/ Yoast SEO Premium plugin. -->","yoast_head_json":{"title":"Vacances, rentr\u00e9e scolaire, Mouled... Le Tunisien face \u00e0 une boucle de d\u00e9penses ! - webdo","description":"Tunisie pouvoir d'achat rentr\u00e9e scolaire","canonical":"https:\/\/www.webdo.tn\/fr\/actualite\/national\/vacances-rentree-scolaire-mouled-le-tunisien-face-a-une-boucle-de-depenses\/381292\/","og_locale":"fr_FR","og_type":"article","og_title":"Vacances, rentr\u00e9e scolaire, Mouled... Le Tunisien face \u00e0 une boucle de d\u00e9penses !","og_description":"Tunisie pouvoir d'achat rentr\u00e9e scolaire","og_url":"https:\/\/www.webdo.tn\/fr\/actualite\/national\/vacances-rentree-scolaire-mouled-le-tunisien-face-a-une-boucle-de-depenses\/381292\/","og_site_name":"webdo","article_publisher":"https:\/\/www.facebook.com\/webdotn","article_published_time":"2025-08-11T06:20:55+00:00","article_modified_time":"2025-08-18T07:14:55+00:00","og_image":[{"width":850,"height":491,"url":"https:\/\/www.webdo.tn\/fr\/wp-content\/uploads\/2025\/08\/fourniture-scolaire.jpg","type":"image\/jpeg"}],"author":"Wided Belhaj","twitter_card":"summary_large_image","twitter_creator":"@webdo_tn","twitter_site":"@webdo_tn","twitter_misc":{"\u00c9crit par":"Wided Belhaj","Dur\u00e9e de lecture estim\u00e9e":"2 minutes"},"schema":{"@context":"https:\/\/schema.org","@graph":[{"@type":"NewsArticle","@id":"https:\/\/www.webdo.tn\/fr\/actualite\/national\/vacances-rentree-scolaire-mouled-le-tunisien-face-a-une-boucle-de-depenses\/381292\/#article","isPartOf":{"@id":"https:\/\/www.webdo.tn\/fr\/actualite\/national\/vacances-rentree-scolaire-mouled-le-tunisien-face-a-une-boucle-de-depenses\/381292\/"},"author":{"name":"Wided Belhaj","@id":"https:\/\/www.webdo.tn\/fr\/#\/schema\/person\/b9ecde7a5574cb4fcf4b496ea5fadb15"},"headline":"Vacances, rentr\u00e9e scolaire, Mouled&#8230; Le Tunisien face \u00e0 une boucle de d\u00e9penses !","datePublished":"2025-08-11T06:20:55+00:00","dateModified":"2025-08-18T07:14:55+00:00","mainEntityOfPage":{"@id":"https:\/\/www.webdo.tn\/fr\/actualite\/national\/vacances-rentree-scolaire-mouled-le-tunisien-face-a-une-boucle-de-depenses\/381292\/"},"wordCount":311,"commentCount":0,"publisher":{"@id":"https:\/\/www.webdo.tn\/fr\/#organization"},"image":{"@id":"https:\/\/www.webdo.tn\/fr\/actualite\/national\/vacances-rentree-scolaire-mouled-le-tunisien-face-a-une-boucle-de-depenses\/381292\/#primaryimage"},"thumbnailUrl":"https:\/\/www.webdo.tn\/fr\/wp-content\/uploads\/2025\/08\/fourniture-scolaire.jpg","keywords":["d\u00e9penses","mouled","Rentr\u00e9e scolaire","Tunisie"],"articleSection":["National"],"inLanguage":"fr-FR"},{"@type":"WebPage","@id":"https:\/\/www.webdo.tn\/fr\/actualite\/national\/vacances-rentree-scolaire-mouled-le-tunisien-face-a-une-boucle-de-depenses\/381292\/","url":"https:\/\/www.webdo.tn\/fr\/actualite\/national\/vacances-rentree-scolaire-mouled-le-tunisien-face-a-une-boucle-de-depenses\/381292\/","name":"Vacances, rentr\u00e9e scolaire, Mouled... Le Tunisien face \u00e0 une boucle de d\u00e9penses ! - webdo","isPartOf":{"@id":"https:\/\/www.webdo.tn\/fr\/#website"},"primaryImageOfPage":{"@id":"https:\/\/www.webdo.tn\/fr\/actualite\/national\/vacances-rentree-scolaire-mouled-le-tunisien-face-a-une-boucle-de-depenses\/381292\/#primaryimage"},"image":{"@id":"https:\/\/www.webdo.tn\/fr\/actualite\/national\/vacances-rentree-scolaire-mouled-le-tunisien-face-a-une-boucle-de-depenses\/381292\/#primaryimage"},"thumbnailUrl":"https:\/\/www.webdo.tn\/fr\/wp-content\/uploads\/2025\/08\/fourniture-scolaire.jpg","datePublished":"2025-08-11T06:20:55+00:00","dateModified":"2025-08-18T07:14:55+00:00","description":"Tunisie pouvoir d'achat rentr\u00e9e scolaire","breadcrumb":{"@id":"https:\/\/www.webdo.tn\/fr\/actualite\/national\/vacances-rentree-scolaire-mouled-le-tunisien-face-a-une-boucle-de-depenses\/381292\/#breadcrumb"},"inLanguage":"fr-FR","potentialAction":[{"@type":"ReadAction","target":["https:\/\/www.webdo.tn\/fr\/actualite\/national\/vacances-rentree-scolaire-mouled-le-tunisien-face-a-une-boucle-de-depenses\/381292\/"]}]},{"@type":"ImageObject","inLanguage":"fr-FR","@id":"https:\/\/www.webdo.tn\/fr\/actualite\/national\/vacances-rentree-scolaire-mouled-le-tunisien-face-a-une-boucle-de-depenses\/381292\/#primaryimage","url":"https:\/\/www.webdo.tn\/fr\/wp-content\/uploads\/2025\/08\/fourniture-scolaire.jpg","contentUrl":"https:\/\/www.webdo.tn\/fr\/wp-content\/uploads\/2025\/08\/fourniture-scolaire.jpg","width":850,"height":491},{"@type":"BreadcrumbList","@id":"https:\/\/www.webdo.tn\/fr\/actualite\/national\/vacances-rentree-scolaire-mouled-le-tunisien-face-a-une-boucle-de-depenses\/381292\/#breadcrumb","itemListElement":[{"@type":"ListItem","position":1,"name":"Accueil","item":"https:\/\/www.webdo.tn\/fr\/"},{"@type":"ListItem","position":2,"name":"Vacances, rentr\u00e9e scolaire, Mouled&#8230; Le Tunisien face \u00e0 une boucle de d\u00e9penses !"}]},{"@type":"WebSite","@id":"https:\/\/www.webdo.tn\/fr\/#website","url":"https:\/\/www.webdo.tn\/fr\/","name":"webdo","description":"Tunisie - News en Tunisie et \u00e0 l&#039;international sur Webdo.tn","publisher":{"@id":"https:\/\/www.webdo.tn\/fr\/#organization"},"potentialAction":[{"@type":"SearchAction","target":{"@type":"EntryPoint","urlTemplate":"https:\/\/www.webdo.tn\/fr\/?s={search_term_string}"},"query-input":{"@type":"PropertyValueSpecification","valueRequired":true,"valueName":"search_term_string"}}],"inLanguage":"fr-FR"},{"@type":"Organization","@id":"https:\/\/www.webdo.tn\/fr\/#organization","name":"Webdo","alternateName":"Webdo.tn","url":"https:\/\/www.webdo.tn\/fr\/","logo":{"@type":"ImageObject","inLanguage":"fr-FR","@id":"https:\/\/www.webdo.tn\/fr\/#\/schema\/logo\/image\/","url":"https:\/\/www.webdo.tn\/fr\/wp-content\/uploads\/2025\/06\/Webdo-Tunisie_168377.jpg","contentUrl":"https:\/\/www.webdo.tn\/fr\/wp-content\/uploads\/2025\/06\/Webdo-Tunisie_168377.jpg","width":301,"height":301,"caption":"Webdo"},"image":{"@id":"https:\/\/www.webdo.tn\/fr\/#\/schema\/logo\/image\/"},"sameAs":["https:\/\/www.facebook.com\/webdotn","https:\/\/x.com\/webdo_tn"],"description":"Webdo est un m\u00e9dia num\u00e9rique tunisien fond\u00e9 en 2010, sp\u00e9cialis\u00e9 dans l\u2019actualit\u00e9 nationale et internationale, l\u2019\u00e9conomie, la soci\u00e9t\u00e9 et les analyses politiques. Le site s\u2019adresse \u00e0 un large public francophone et couvre l\u2019information tunisienne en temps r\u00e9el.","email":"redac@webdo.tn","legalName":"YNJ SARL","foundingDate":"2010-09-06","numberOfEmployees":{"@type":"QuantitativeValue","minValue":"11","maxValue":"50"}},{"@type":"Person","@id":"https:\/\/www.webdo.tn\/fr\/#\/schema\/person\/b9ecde7a5574cb4fcf4b496ea5fadb15","name":"Wided Belhaj","image":{"@type":"ImageObject","inLanguage":"fr-FR","@id":"https:\/\/www.webdo.tn\/fr\/wp-content\/uploads\/2026\/04\/wided-belhaj_avatar-96x96.jpg","url":"https:\/\/www.webdo.tn\/fr\/wp-content\/uploads\/2026\/04\/wided-belhaj_avatar-96x96.jpg","contentUrl":"https:\/\/www.webdo.tn\/fr\/wp-content\/uploads\/2026\/04\/wided-belhaj_avatar-96x96.jpg","caption":"Wided Belhaj"},"description":"Wided Belhaj est le pseudonyme \u00e9ditorial utilis\u00e9 par Khalil Jelassi, journaliste, ma\u00eetre-assistant \u00e0 l\u2019Institut de presse et des sciences de l\u2019information (IPSI) et chercheur en sciences de l\u2019information et de la communication. Cette signature est d\u00e9di\u00e9e \u00e0 l\u2019analyse des m\u00e9dias, des pratiques journalistiques et des mutations de l\u2019information \u00e0 l\u2019\u00e8re digitale. \u00c0 travers ses contributions, Wided Belhaj propose une lecture analytique de l\u2019actualit\u00e9, en croisant regard critique et expertise acad\u00e9mique.","knowsAbout":["m\u00e9dias","journalisme","communication","information","transformation num\u00e9rique","analyse des m\u00e9dias"],"knowsLanguage":["Fran\u00e7ais","Arabe"],"jobTitle":"Webdo.tn","worksFor":"Journaliste \u2013 Analyse des m\u00e9dias","url":"https:\/\/www.webdo.tn\/fr\/actualite\/author\/wided-belhaj\/"}]}},"_links":{"self":[{"href":"https:\/\/www.webdo.tn\/fr\/wp-json\/wp\/v2\/posts\/381292","targetHints":{"allow":["GET"]}}],"collection":[{"href":"https:\/\/www.webdo.tn\/fr\/wp-json\/wp\/v2\/posts"}],"about":[{"href":"https:\/\/www.webdo.tn\/fr\/wp-json\/wp\/v2\/types\/post"}],"author":[{"embeddable":true,"href":"https:\/\/www.webdo.tn\/fr\/wp-json\/wp\/v2\/users\/3184"}],"replies":[{"embeddable":true,"href":"https:\/\/www.webdo.tn\/fr\/wp-json\/wp\/v2\/comments?post=381292"}],"version-history":[{"count":0,"href":"https:\/\/www.webdo.tn\/fr\/wp-json\/wp\/v2\/posts\/381292\/revisions"}],"wp:featuredmedia":[{"embeddable":true,"href":"https:\/\/www.webdo.tn\/fr\/wp-json\/wp\/v2\/media\/381293"}],"wp:attachment":[{"href":"https:\/\/www.webdo.tn\/fr\/wp-json\/wp\/v2\/media?parent=381292"}],"wp:term":[{"taxonomy":"category","embeddable":true,"href":"https:\/\/www.webdo.tn\/fr\/wp-json\/wp\/v2\/categories?post=381292"},{"taxonomy":"post_tag","embeddable":true,"href":"https:\/\/www.webdo.tn\/fr\/wp-json\/wp\/v2\/tags?post=381292"}],"curies":[{"name":"wp","href":"https:\/\/api.w.org\/{rel}","templated":true}]}}