{"id":381281,"date":"2025-08-10T19:18:43","date_gmt":"2025-08-10T18:18:43","guid":{"rendered":"https:\/\/www.webdo.tn\/fr\/?p=381281"},"modified":"2025-08-10T19:19:42","modified_gmt":"2025-08-10T18:19:42","slug":"tunisie-ligue-1-1re-j-js-omrane-en-tete-du-classement","status":"publish","type":"post","link":"https:\/\/www.webdo.tn\/fr\/actualite\/sport\/tunisie-ligue-1-1re-j-js-omrane-en-tete-du-classement\/381281\/","title":{"rendered":"Tunisie &#8211; Ligue 1 (1\u00e8re J.) : JS Omrane en t\u00eate du classement"},"content":{"rendered":"\n<p><strong>La premi\u00e8re journ\u00e9e du championnat de Ligue 1 tunisienne a offert un d\u00e9but de saison riche en intensit\u00e9 et en surprises.<\/strong><\/p>\n\n\n\n<p>L\u2019US Monastirienne a partag\u00e9 les points avec le Stade Tunisien (1-1), Edem Arous ouvrant le score avant l\u2019\u00e9galisation de Moez Haj Ali. L\u2019US Ben Guerdane a domin\u00e9 l\u2019Olympique de B\u00e9ja 2-0 gr\u00e2ce \u00e0 Idris Mhirssi et Iyed Haj Khelifa, qui ont marqu\u00e9 en premi\u00e8re p\u00e9riode.<\/p>\n\n\n\n<p>L\u2019Esp\u00e9rance de Zarzis a cr\u00e9\u00e9 la sensation \u00e0 Sfax en battant le Club Sportif Sfaxien 2-1. Moomen Rahmani a inscrit un doubl\u00e9, interrompu bri\u00e8vement par l\u2019\u00e9galisation de Travis Mutyaba. Au stade Chedly Zouiten, la JS Omrane a surpris l\u2019\u00c9toile du Sahel (3-1) avec trois buts avant et apr\u00e8s la pause. Moussa Senghor a r\u00e9duit l\u2019\u00e9cart sur penalty, sans emp\u00eacher la d\u00e9faite de son \u00e9quipe.<\/p>\n\n\n\n<p><strong>R\u00e9sultats : <\/strong><\/p>\n\n\n\n<p>US Monastirienne 1-1 Stade Tunisien<br>US Ben Guerdane 2-0 Olympique de B\u00e9ja<br>Esp\u00e9rance de Zarzis 2-1 Club Sportif Sfaxien<br>JS Omrane 3-1 \u00c9toile du Sahel<br>Club Africain 1-0 AS Marsa<br>AS Gab\u00e8s 0-0 Esp\u00e9rance de Tunis<br>ES M\u00e9tlaoui 0-0 CA Bizertin<br>JS Kairouanaise 1-0 AS Soliman<\/p>\n\n\n\n<p><strong>Classement <\/strong>:<\/p>\n\n\n\n<ol class=\"wp-block-list\">\n<li style=\"font-size:16px\">JS Omrane \u2013 3 pts<\/li>\n\n\n\n<li style=\"font-size:16px\">US Ben Guerdane \u2013 3 pts<\/li>\n\n\n\n<li style=\"font-size:16px\">Esp\u00e9rance de Zarzis \u2013 3 pts<\/li>\n\n\n\n<li style=\"font-size:16px\">Club Africain \u2013 3 pts<\/li>\n\n\n\n<li style=\"font-size:16px\">JS Kairouanaise \u2013 3 pts<\/li>\n\n\n\n<li style=\"font-size:16px\">Stade Tunisien \u2013 1 pt<\/li>\n\n\n\n<li style=\"font-size:16px\">US Monastirienne \u2013 1 pt<\/li>\n\n\n\n<li style=\"font-size:16px\">AS Gab\u00e9s \u2013 1 pt<\/li>\n\n\n\n<li style=\"font-size:16px\">CA Bizertin \u2013 1 pt<\/li>\n\n\n\n<li style=\"font-size:16px\">ES M\u00e9tlaoui \u2013 1 pt<\/li>\n\n\n\n<li style=\"font-size:16px\">Esp\u00e9rance de Tunis \u2013 1 pt<\/li>\n\n\n\n<li style=\"font-size:16px\">Club Sportif Sfaxien \u2013 0 pt<\/li>\n\n\n\n<li style=\"font-size:16px\">AS Marsa \u2013 0 pt<\/li>\n\n\n\n<li style=\"font-size:16px\">AS Soliman \u2013 0 pt<\/li>\n\n\n\n<li style=\"font-size:16px\">\u00c9toile du Sahel \u2013 0 pt<\/li>\n\n\n\n<li style=\"font-size:16px\">Olympique de B\u00e9ja \u2013 0 pt<\/li>\n<\/ol>\n\n\n\n<p><\/p>\n","protected":false},"excerpt":{"rendered":"<p>La premi\u00e8re journ\u00e9e du championnat de Ligue 1 tunisienne a offert un d\u00e9but de saison riche en intensit\u00e9 et en surprises. L\u2019US Monastirienne a partag\u00e9 les points avec le Stade Tunisien (1-1), Edem Arous ouvrant le score avant l\u2019\u00e9galisation de Moez Haj Ali. L\u2019US Ben Guerdane a domin\u00e9 l\u2019Olympique de B\u00e9ja 2-0 gr\u00e2ce \u00e0 Idris [&hellip;]<\/p>\n","protected":false},"author":4782,"featured_media":381285,"comment_status":"open","ping_status":"open","sticky":false,"template":"","format":"standard","meta":{"footnotes":""},"categories":[2593],"tags":[2622,2777,2608],"class_list":["post-381281","post","type-post","status-publish","format-standard","has-post-thumbnail","hentry","category-sport","tag-football","tag-ligue-1","tag-tunisie"],"yoast_head":"<!-- This site is optimized with the Yoast SEO Premium plugin v27.4 (Yoast SEO v27.4) - https:\/\/yoast.com\/product\/yoast-seo-premium-wordpress\/ -->\n<title>Tunisie - Ligue 1 (1\u00e8re J.) : JS Omrane en t\u00eate du classement - webdo<\/title>\n<meta name=\"description\" content=\"La Ligue 1 Tunisie 2025 commence avec intensit\u00e9! D\u00e9couvrez les r\u00e9sultats des matchs de la premi\u00e8re journ\u00e9e et les moments cl\u00e9s.\" \/>\n<link rel=\"canonical\" href=\"https:\/\/www.webdo.tn\/fr\/actualite\/sport\/tunisie-ligue-1-1re-j-js-omrane-en-tete-du-classement\/381281\/\" \/>\n<meta property=\"og:locale\" content=\"fr_FR\" \/>\n<meta property=\"og:type\" content=\"article\" \/>\n<meta property=\"og:title\" content=\"Tunisie - Ligue 1 (1\u00e8re J.) : JS Omrane en t\u00eate du classement\" \/>\n<meta property=\"og:description\" content=\"La Ligue 1 Tunisie 2025 commence avec intensit\u00e9! D\u00e9couvrez les r\u00e9sultats des matchs de la premi\u00e8re journ\u00e9e et les moments cl\u00e9s.\" \/>\n<meta property=\"og:url\" content=\"https:\/\/www.webdo.tn\/fr\/actualite\/sport\/tunisie-ligue-1-1re-j-js-omrane-en-tete-du-classement\/381281\/\" \/>\n<meta property=\"og:site_name\" content=\"webdo\" \/>\n<meta property=\"article:publisher\" content=\"https:\/\/www.facebook.com\/webdotn\" \/>\n<meta property=\"article:published_time\" content=\"2025-08-10T18:18:43+00:00\" \/>\n<meta property=\"article:modified_time\" content=\"2025-08-10T18:19:42+00:00\" \/>\n<meta property=\"og:image\" content=\"https:\/\/www.webdo.tn\/fr\/wp-content\/uploads\/2025\/08\/Capture-decran-2025-08-10-190941.png\" \/>\n\t<meta property=\"og:image:width\" content=\"900\" \/>\n\t<meta property=\"og:image:height\" content=\"484\" \/>\n\t<meta property=\"og:image:type\" content=\"image\/png\" \/>\n<meta name=\"author\" content=\"Mohamed Fethi\" \/>\n<meta name=\"twitter:card\" content=\"summary_large_image\" \/>\n<meta name=\"twitter:creator\" content=\"@webdo_tn\" \/>\n<meta name=\"twitter:site\" content=\"@webdo_tn\" \/>\n<meta name=\"twitter:label1\" content=\"\u00c9crit par\" \/>\n\t<meta name=\"twitter:data1\" content=\"Mohamed Fethi\" \/>\n\t<meta name=\"twitter:label2\" content=\"Dur\u00e9e de lecture estim\u00e9e\" \/>\n\t<meta name=\"twitter:data2\" content=\"2 minutes\" \/>\n<script type=\"application\/ld+json\" class=\"yoast-schema-graph\">{\"@context\":\"https:\\\/\\\/schema.org\",\"@graph\":[{\"@type\":\"NewsArticle\",\"@id\":\"https:\\\/\\\/www.webdo.tn\\\/fr\\\/actualite\\\/sport\\\/tunisie-ligue-1-1re-j-js-omrane-en-tete-du-classement\\\/381281\\\/#article\",\"isPartOf\":{\"@id\":\"https:\\\/\\\/www.webdo.tn\\\/fr\\\/actualite\\\/sport\\\/tunisie-ligue-1-1re-j-js-omrane-en-tete-du-classement\\\/381281\\\/\"},\"author\":{\"name\":\"Mohamed Fethi\",\"@id\":\"https:\\\/\\\/www.webdo.tn\\\/fr\\\/#\\\/schema\\\/person\\\/16a4857e77dfc0b610c4c2cadffc9ac4\"},\"headline\":\"Tunisie &#8211; Ligue 1 (1\u00e8re J.) : JS Omrane en t\u00eate du classement\",\"datePublished\":\"2025-08-10T18:18:43+00:00\",\"dateModified\":\"2025-08-10T18:19:42+00:00\",\"mainEntityOfPage\":{\"@id\":\"https:\\\/\\\/www.webdo.tn\\\/fr\\\/actualite\\\/sport\\\/tunisie-ligue-1-1re-j-js-omrane-en-tete-du-classement\\\/381281\\\/\"},\"wordCount\":266,\"commentCount\":0,\"publisher\":{\"@id\":\"https:\\\/\\\/www.webdo.tn\\\/fr\\\/#organization\"},\"image\":{\"@id\":\"https:\\\/\\\/www.webdo.tn\\\/fr\\\/actualite\\\/sport\\\/tunisie-ligue-1-1re-j-js-omrane-en-tete-du-classement\\\/381281\\\/#primaryimage\"},\"thumbnailUrl\":\"https:\\\/\\\/www.webdo.tn\\\/fr\\\/wp-content\\\/uploads\\\/2025\\\/08\\\/Capture-decran-2025-08-10-190941.png\",\"keywords\":[\"football\",\"Ligue 1\",\"Tunisie\"],\"articleSection\":[\"Sport\"],\"inLanguage\":\"fr-FR\"},{\"@type\":\"WebPage\",\"@id\":\"https:\\\/\\\/www.webdo.tn\\\/fr\\\/actualite\\\/sport\\\/tunisie-ligue-1-1re-j-js-omrane-en-tete-du-classement\\\/381281\\\/\",\"url\":\"https:\\\/\\\/www.webdo.tn\\\/fr\\\/actualite\\\/sport\\\/tunisie-ligue-1-1re-j-js-omrane-en-tete-du-classement\\\/381281\\\/\",\"name\":\"Tunisie - Ligue 1 (1\u00e8re J.) : JS Omrane en t\u00eate du classement - webdo\",\"isPartOf\":{\"@id\":\"https:\\\/\\\/www.webdo.tn\\\/fr\\\/#website\"},\"primaryImageOfPage\":{\"@id\":\"https:\\\/\\\/www.webdo.tn\\\/fr\\\/actualite\\\/sport\\\/tunisie-ligue-1-1re-j-js-omrane-en-tete-du-classement\\\/381281\\\/#primaryimage\"},\"image\":{\"@id\":\"https:\\\/\\\/www.webdo.tn\\\/fr\\\/actualite\\\/sport\\\/tunisie-ligue-1-1re-j-js-omrane-en-tete-du-classement\\\/381281\\\/#primaryimage\"},\"thumbnailUrl\":\"https:\\\/\\\/www.webdo.tn\\\/fr\\\/wp-content\\\/uploads\\\/2025\\\/08\\\/Capture-decran-2025-08-10-190941.png\",\"datePublished\":\"2025-08-10T18:18:43+00:00\",\"dateModified\":\"2025-08-10T18:19:42+00:00\",\"description\":\"La Ligue 1 Tunisie 2025 commence avec intensit\u00e9! D\u00e9couvrez les r\u00e9sultats des matchs de la premi\u00e8re journ\u00e9e et les moments cl\u00e9s.\",\"breadcrumb\":{\"@id\":\"https:\\\/\\\/www.webdo.tn\\\/fr\\\/actualite\\\/sport\\\/tunisie-ligue-1-1re-j-js-omrane-en-tete-du-classement\\\/381281\\\/#breadcrumb\"},\"inLanguage\":\"fr-FR\",\"potentialAction\":[{\"@type\":\"ReadAction\",\"target\":[\"https:\\\/\\\/www.webdo.tn\\\/fr\\\/actualite\\\/sport\\\/tunisie-ligue-1-1re-j-js-omrane-en-tete-du-classement\\\/381281\\\/\"]}]},{\"@type\":\"ImageObject\",\"inLanguage\":\"fr-FR\",\"@id\":\"https:\\\/\\\/www.webdo.tn\\\/fr\\\/actualite\\\/sport\\\/tunisie-ligue-1-1re-j-js-omrane-en-tete-du-classement\\\/381281\\\/#primaryimage\",\"url\":\"https:\\\/\\\/www.webdo.tn\\\/fr\\\/wp-content\\\/uploads\\\/2025\\\/08\\\/Capture-decran-2025-08-10-190941.png\",\"contentUrl\":\"https:\\\/\\\/www.webdo.tn\\\/fr\\\/wp-content\\\/uploads\\\/2025\\\/08\\\/Capture-decran-2025-08-10-190941.png\",\"width\":900,\"height\":484},{\"@type\":\"BreadcrumbList\",\"@id\":\"https:\\\/\\\/www.webdo.tn\\\/fr\\\/actualite\\\/sport\\\/tunisie-ligue-1-1re-j-js-omrane-en-tete-du-classement\\\/381281\\\/#breadcrumb\",\"itemListElement\":[{\"@type\":\"ListItem\",\"position\":1,\"name\":\"Accueil\",\"item\":\"https:\\\/\\\/www.webdo.tn\\\/fr\\\/\"},{\"@type\":\"ListItem\",\"position\":2,\"name\":\"Tunisie &#8211; Ligue 1 (1\u00e8re J.) : JS Omrane en t\u00eate du classement\"}]},{\"@type\":\"WebSite\",\"@id\":\"https:\\\/\\\/www.webdo.tn\\\/fr\\\/#website\",\"url\":\"https:\\\/\\\/www.webdo.tn\\\/fr\\\/\",\"name\":\"webdo\",\"description\":\"Tunisie - News en Tunisie et \u00e0 l&#039;international sur Webdo.tn\",\"publisher\":{\"@id\":\"https:\\\/\\\/www.webdo.tn\\\/fr\\\/#organization\"},\"potentialAction\":[{\"@type\":\"SearchAction\",\"target\":{\"@type\":\"EntryPoint\",\"urlTemplate\":\"https:\\\/\\\/www.webdo.tn\\\/fr\\\/?s={search_term_string}\"},\"query-input\":{\"@type\":\"PropertyValueSpecification\",\"valueRequired\":true,\"valueName\":\"search_term_string\"}}],\"inLanguage\":\"fr-FR\"},{\"@type\":\"Organization\",\"@id\":\"https:\\\/\\\/www.webdo.tn\\\/fr\\\/#organization\",\"name\":\"Webdo\",\"alternateName\":\"Webdo.tn\",\"url\":\"https:\\\/\\\/www.webdo.tn\\\/fr\\\/\",\"logo\":{\"@type\":\"ImageObject\",\"inLanguage\":\"fr-FR\",\"@id\":\"https:\\\/\\\/www.webdo.tn\\\/fr\\\/#\\\/schema\\\/logo\\\/image\\\/\",\"url\":\"https:\\\/\\\/www.webdo.tn\\\/fr\\\/wp-content\\\/uploads\\\/2025\\\/06\\\/Webdo-Tunisie_168377.jpg\",\"contentUrl\":\"https:\\\/\\\/www.webdo.tn\\\/fr\\\/wp-content\\\/uploads\\\/2025\\\/06\\\/Webdo-Tunisie_168377.jpg\",\"width\":301,\"height\":301,\"caption\":\"Webdo\"},\"image\":{\"@id\":\"https:\\\/\\\/www.webdo.tn\\\/fr\\\/#\\\/schema\\\/logo\\\/image\\\/\"},\"sameAs\":[\"https:\\\/\\\/www.facebook.com\\\/webdotn\",\"https:\\\/\\\/x.com\\\/webdo_tn\"],\"description\":\"Webdo est un m\u00e9dia num\u00e9rique tunisien fond\u00e9 en 2010, sp\u00e9cialis\u00e9 dans l\u2019actualit\u00e9 nationale et internationale, l\u2019\u00e9conomie, la soci\u00e9t\u00e9 et les analyses politiques. Le site s\u2019adresse \u00e0 un large public francophone et couvre l\u2019information tunisienne en temps r\u00e9el.\",\"email\":\"redac@webdo.tn\",\"legalName\":\"YNJ SARL\",\"foundingDate\":\"2010-09-06\",\"numberOfEmployees\":{\"@type\":\"QuantitativeValue\",\"minValue\":\"11\",\"maxValue\":\"50\"}},{\"@type\":\"Person\",\"@id\":\"https:\\\/\\\/www.webdo.tn\\\/fr\\\/#\\\/schema\\\/person\\\/16a4857e77dfc0b610c4c2cadffc9ac4\",\"name\":\"Mohamed Fethi\",\"image\":{\"@type\":\"ImageObject\",\"inLanguage\":\"fr-FR\",\"@id\":\"https:\\\/\\\/www.webdo.tn\\\/fr\\\/wp-content\\\/uploads\\\/2026\\\/04\\\/mohamed-fethi_avatar_1-96x96.jpg\",\"url\":\"https:\\\/\\\/www.webdo.tn\\\/fr\\\/wp-content\\\/uploads\\\/2026\\\/04\\\/mohamed-fethi_avatar_1-96x96.jpg\",\"contentUrl\":\"https:\\\/\\\/www.webdo.tn\\\/fr\\\/wp-content\\\/uploads\\\/2026\\\/04\\\/mohamed-fethi_avatar_1-96x96.jpg\",\"caption\":\"Mohamed Fethi\"},\"description\":\"Signature \u00e9ditoriale de Maher Chaabane Mohamed Fethi est le pseudonyme \u00e9ditorial de Maher Chaabane, r\u00e9dacteur en chef de Webdo.tn depuis 2012. Cette signature est d\u00e9di\u00e9e au traitement intensif de l'actualit\u00e9 nationale et internationale en temps r\u00e9el. S'appuyant sur les deux d\u00e9cennies d'expertise journalistique de Maher Chaabane \u2014 d\u00e9but\u00e9e au sein du groupe Tunis Hebdo en 2000 \u2014 Mohamed Fethi assure une veille rigoureuse sur les enjeux politiques, \u00e9conomiques et sportifs. Sa mission est de garantir une information structur\u00e9e, fluide et fid\u00e8le aux standards de la r\u00e9daction. Pour consulter le parcours complet du r\u00e9dacteur en chef, visitez le profil officiel de Maher Chaabane.\",\"knowsAbout\":[\"actualit\u00e9\",\"journalisme\",\"information\",\"politique\",\"sport\",\"m\u00e9dias\",\"actualit\u00e9 internationale\"],\"knowsLanguage\":[\"Fran\u00e7ais\",\"Arabe\"],\"jobTitle\":\"Journaliste \u2013 R\u00e9daction Webdo\",\"worksFor\":\"Webdo.tn\",\"url\":\"https:\\\/\\\/www.webdo.tn\\\/fr\\\/actualite\\\/author\\\/mohamed-fethi\\\/\"}]}<\/script>\n<!-- \/ Yoast SEO Premium plugin. -->","yoast_head_json":{"title":"Tunisie - Ligue 1 (1\u00e8re J.) : JS Omrane en t\u00eate du classement - webdo","description":"La Ligue 1 Tunisie 2025 commence avec intensit\u00e9! D\u00e9couvrez les r\u00e9sultats des matchs de la premi\u00e8re journ\u00e9e et les moments cl\u00e9s.","canonical":"https:\/\/www.webdo.tn\/fr\/actualite\/sport\/tunisie-ligue-1-1re-j-js-omrane-en-tete-du-classement\/381281\/","og_locale":"fr_FR","og_type":"article","og_title":"Tunisie - Ligue 1 (1\u00e8re J.) : JS Omrane en t\u00eate du classement","og_description":"La Ligue 1 Tunisie 2025 commence avec intensit\u00e9! D\u00e9couvrez les r\u00e9sultats des matchs de la premi\u00e8re journ\u00e9e et les moments cl\u00e9s.","og_url":"https:\/\/www.webdo.tn\/fr\/actualite\/sport\/tunisie-ligue-1-1re-j-js-omrane-en-tete-du-classement\/381281\/","og_site_name":"webdo","article_publisher":"https:\/\/www.facebook.com\/webdotn","article_published_time":"2025-08-10T18:18:43+00:00","article_modified_time":"2025-08-10T18:19:42+00:00","og_image":[{"width":900,"height":484,"url":"https:\/\/www.webdo.tn\/fr\/wp-content\/uploads\/2025\/08\/Capture-decran-2025-08-10-190941.png","type":"image\/png"}],"author":"Mohamed Fethi","twitter_card":"summary_large_image","twitter_creator":"@webdo_tn","twitter_site":"@webdo_tn","twitter_misc":{"\u00c9crit par":"Mohamed Fethi","Dur\u00e9e de lecture estim\u00e9e":"2 minutes"},"schema":{"@context":"https:\/\/schema.org","@graph":[{"@type":"NewsArticle","@id":"https:\/\/www.webdo.tn\/fr\/actualite\/sport\/tunisie-ligue-1-1re-j-js-omrane-en-tete-du-classement\/381281\/#article","isPartOf":{"@id":"https:\/\/www.webdo.tn\/fr\/actualite\/sport\/tunisie-ligue-1-1re-j-js-omrane-en-tete-du-classement\/381281\/"},"author":{"name":"Mohamed Fethi","@id":"https:\/\/www.webdo.tn\/fr\/#\/schema\/person\/16a4857e77dfc0b610c4c2cadffc9ac4"},"headline":"Tunisie &#8211; Ligue 1 (1\u00e8re J.) : JS Omrane en t\u00eate du classement","datePublished":"2025-08-10T18:18:43+00:00","dateModified":"2025-08-10T18:19:42+00:00","mainEntityOfPage":{"@id":"https:\/\/www.webdo.tn\/fr\/actualite\/sport\/tunisie-ligue-1-1re-j-js-omrane-en-tete-du-classement\/381281\/"},"wordCount":266,"commentCount":0,"publisher":{"@id":"https:\/\/www.webdo.tn\/fr\/#organization"},"image":{"@id":"https:\/\/www.webdo.tn\/fr\/actualite\/sport\/tunisie-ligue-1-1re-j-js-omrane-en-tete-du-classement\/381281\/#primaryimage"},"thumbnailUrl":"https:\/\/www.webdo.tn\/fr\/wp-content\/uploads\/2025\/08\/Capture-decran-2025-08-10-190941.png","keywords":["football","Ligue 1","Tunisie"],"articleSection":["Sport"],"inLanguage":"fr-FR"},{"@type":"WebPage","@id":"https:\/\/www.webdo.tn\/fr\/actualite\/sport\/tunisie-ligue-1-1re-j-js-omrane-en-tete-du-classement\/381281\/","url":"https:\/\/www.webdo.tn\/fr\/actualite\/sport\/tunisie-ligue-1-1re-j-js-omrane-en-tete-du-classement\/381281\/","name":"Tunisie - Ligue 1 (1\u00e8re J.) : JS Omrane en t\u00eate du classement - webdo","isPartOf":{"@id":"https:\/\/www.webdo.tn\/fr\/#website"},"primaryImageOfPage":{"@id":"https:\/\/www.webdo.tn\/fr\/actualite\/sport\/tunisie-ligue-1-1re-j-js-omrane-en-tete-du-classement\/381281\/#primaryimage"},"image":{"@id":"https:\/\/www.webdo.tn\/fr\/actualite\/sport\/tunisie-ligue-1-1re-j-js-omrane-en-tete-du-classement\/381281\/#primaryimage"},"thumbnailUrl":"https:\/\/www.webdo.tn\/fr\/wp-content\/uploads\/2025\/08\/Capture-decran-2025-08-10-190941.png","datePublished":"2025-08-10T18:18:43+00:00","dateModified":"2025-08-10T18:19:42+00:00","description":"La Ligue 1 Tunisie 2025 commence avec intensit\u00e9! D\u00e9couvrez les r\u00e9sultats des matchs de la premi\u00e8re journ\u00e9e et les moments cl\u00e9s.","breadcrumb":{"@id":"https:\/\/www.webdo.tn\/fr\/actualite\/sport\/tunisie-ligue-1-1re-j-js-omrane-en-tete-du-classement\/381281\/#breadcrumb"},"inLanguage":"fr-FR","potentialAction":[{"@type":"ReadAction","target":["https:\/\/www.webdo.tn\/fr\/actualite\/sport\/tunisie-ligue-1-1re-j-js-omrane-en-tete-du-classement\/381281\/"]}]},{"@type":"ImageObject","inLanguage":"fr-FR","@id":"https:\/\/www.webdo.tn\/fr\/actualite\/sport\/tunisie-ligue-1-1re-j-js-omrane-en-tete-du-classement\/381281\/#primaryimage","url":"https:\/\/www.webdo.tn\/fr\/wp-content\/uploads\/2025\/08\/Capture-decran-2025-08-10-190941.png","contentUrl":"https:\/\/www.webdo.tn\/fr\/wp-content\/uploads\/2025\/08\/Capture-decran-2025-08-10-190941.png","width":900,"height":484},{"@type":"BreadcrumbList","@id":"https:\/\/www.webdo.tn\/fr\/actualite\/sport\/tunisie-ligue-1-1re-j-js-omrane-en-tete-du-classement\/381281\/#breadcrumb","itemListElement":[{"@type":"ListItem","position":1,"name":"Accueil","item":"https:\/\/www.webdo.tn\/fr\/"},{"@type":"ListItem","position":2,"name":"Tunisie &#8211; Ligue 1 (1\u00e8re J.) : JS Omrane en t\u00eate du classement"}]},{"@type":"WebSite","@id":"https:\/\/www.webdo.tn\/fr\/#website","url":"https:\/\/www.webdo.tn\/fr\/","name":"webdo","description":"Tunisie - News en Tunisie et \u00e0 l&#039;international sur Webdo.tn","publisher":{"@id":"https:\/\/www.webdo.tn\/fr\/#organization"},"potentialAction":[{"@type":"SearchAction","target":{"@type":"EntryPoint","urlTemplate":"https:\/\/www.webdo.tn\/fr\/?s={search_term_string}"},"query-input":{"@type":"PropertyValueSpecification","valueRequired":true,"valueName":"search_term_string"}}],"inLanguage":"fr-FR"},{"@type":"Organization","@id":"https:\/\/www.webdo.tn\/fr\/#organization","name":"Webdo","alternateName":"Webdo.tn","url":"https:\/\/www.webdo.tn\/fr\/","logo":{"@type":"ImageObject","inLanguage":"fr-FR","@id":"https:\/\/www.webdo.tn\/fr\/#\/schema\/logo\/image\/","url":"https:\/\/www.webdo.tn\/fr\/wp-content\/uploads\/2025\/06\/Webdo-Tunisie_168377.jpg","contentUrl":"https:\/\/www.webdo.tn\/fr\/wp-content\/uploads\/2025\/06\/Webdo-Tunisie_168377.jpg","width":301,"height":301,"caption":"Webdo"},"image":{"@id":"https:\/\/www.webdo.tn\/fr\/#\/schema\/logo\/image\/"},"sameAs":["https:\/\/www.facebook.com\/webdotn","https:\/\/x.com\/webdo_tn"],"description":"Webdo est un m\u00e9dia num\u00e9rique tunisien fond\u00e9 en 2010, sp\u00e9cialis\u00e9 dans l\u2019actualit\u00e9 nationale et internationale, l\u2019\u00e9conomie, la soci\u00e9t\u00e9 et les analyses politiques. Le site s\u2019adresse \u00e0 un large public francophone et couvre l\u2019information tunisienne en temps r\u00e9el.","email":"redac@webdo.tn","legalName":"YNJ SARL","foundingDate":"2010-09-06","numberOfEmployees":{"@type":"QuantitativeValue","minValue":"11","maxValue":"50"}},{"@type":"Person","@id":"https:\/\/www.webdo.tn\/fr\/#\/schema\/person\/16a4857e77dfc0b610c4c2cadffc9ac4","name":"Mohamed Fethi","image":{"@type":"ImageObject","inLanguage":"fr-FR","@id":"https:\/\/www.webdo.tn\/fr\/wp-content\/uploads\/2026\/04\/mohamed-fethi_avatar_1-96x96.jpg","url":"https:\/\/www.webdo.tn\/fr\/wp-content\/uploads\/2026\/04\/mohamed-fethi_avatar_1-96x96.jpg","contentUrl":"https:\/\/www.webdo.tn\/fr\/wp-content\/uploads\/2026\/04\/mohamed-fethi_avatar_1-96x96.jpg","caption":"Mohamed Fethi"},"description":"Signature \u00e9ditoriale de Maher Chaabane Mohamed Fethi est le pseudonyme \u00e9ditorial de Maher Chaabane, r\u00e9dacteur en chef de Webdo.tn depuis 2012. Cette signature est d\u00e9di\u00e9e au traitement intensif de l'actualit\u00e9 nationale et internationale en temps r\u00e9el. S'appuyant sur les deux d\u00e9cennies d'expertise journalistique de Maher Chaabane \u2014 d\u00e9but\u00e9e au sein du groupe Tunis Hebdo en 2000 \u2014 Mohamed Fethi assure une veille rigoureuse sur les enjeux politiques, \u00e9conomiques et sportifs. Sa mission est de garantir une information structur\u00e9e, fluide et fid\u00e8le aux standards de la r\u00e9daction. Pour consulter le parcours complet du r\u00e9dacteur en chef, visitez le profil officiel de Maher Chaabane.","knowsAbout":["actualit\u00e9","journalisme","information","politique","sport","m\u00e9dias","actualit\u00e9 internationale"],"knowsLanguage":["Fran\u00e7ais","Arabe"],"jobTitle":"Journaliste \u2013 R\u00e9daction Webdo","worksFor":"Webdo.tn","url":"https:\/\/www.webdo.tn\/fr\/actualite\/author\/mohamed-fethi\/"}]}},"_links":{"self":[{"href":"https:\/\/www.webdo.tn\/fr\/wp-json\/wp\/v2\/posts\/381281","targetHints":{"allow":["GET"]}}],"collection":[{"href":"https:\/\/www.webdo.tn\/fr\/wp-json\/wp\/v2\/posts"}],"about":[{"href":"https:\/\/www.webdo.tn\/fr\/wp-json\/wp\/v2\/types\/post"}],"author":[{"embeddable":true,"href":"https:\/\/www.webdo.tn\/fr\/wp-json\/wp\/v2\/users\/4782"}],"replies":[{"embeddable":true,"href":"https:\/\/www.webdo.tn\/fr\/wp-json\/wp\/v2\/comments?post=381281"}],"version-history":[{"count":0,"href":"https:\/\/www.webdo.tn\/fr\/wp-json\/wp\/v2\/posts\/381281\/revisions"}],"wp:featuredmedia":[{"embeddable":true,"href":"https:\/\/www.webdo.tn\/fr\/wp-json\/wp\/v2\/media\/381285"}],"wp:attachment":[{"href":"https:\/\/www.webdo.tn\/fr\/wp-json\/wp\/v2\/media?parent=381281"}],"wp:term":[{"taxonomy":"category","embeddable":true,"href":"https:\/\/www.webdo.tn\/fr\/wp-json\/wp\/v2\/categories?post=381281"},{"taxonomy":"post_tag","embeddable":true,"href":"https:\/\/www.webdo.tn\/fr\/wp-json\/wp\/v2\/tags?post=381281"}],"curies":[{"name":"wp","href":"https:\/\/api.w.org\/{rel}","templated":true}]}}