{"id":381279,"date":"2025-08-10T18:10:42","date_gmt":"2025-08-10T17:10:42","guid":{"rendered":"https:\/\/www.webdo.tn\/fr\/?p=381279"},"modified":"2025-08-18T08:15:14","modified_gmt":"2025-08-18T07:15:14","slug":"tunisie-larp-sapprete-a-reviser-le-decret-sur-la-conduite-en-etat-divresse","status":"publish","type":"post","link":"https:\/\/www.webdo.tn\/fr\/actualite\/national\/tunisie-larp-sapprete-a-reviser-le-decret-sur-la-conduite-en-etat-divresse\/381279\/","title":{"rendered":"Tunisie : l\u2019ARP s\u2019appr\u00eate \u00e0 r\u00e9viser le d\u00e9cret sur la conduite en \u00e9tat d\u2019ivresse"},"content":{"rendered":"\n<p><strong>Apr\u00e8s la pause parlementaire, les d\u00e9put\u00e9s de l&rsquo;ARP examineront une proposition pour modifier le d\u00e9cret n\u00b0146 de l\u2019an 2000 sur la conduite en \u00e9tat d\u2019ivresse. L\u2019objectif est clair : r\u00e9duire les accidents li\u00e9s \u00e0 l\u2019alcool. Le texte pr\u00e9voit d\u2019autoriser les services du minist\u00e8re du Commerce et du D\u00e9veloppement des exportations \u00e0 utiliser des \u00e9thylotests donnant des r\u00e9sultats imm\u00e9diats.<\/strong><\/p>\n\n\n\n<h2 class=\"wp-block-heading\" id=\"h-des-controles-plus-rapides-et-efficaces\">Des contr\u00f4les plus rapides et efficaces<\/h2>\n\n\n\n<p>La major Samia Massoud, cheffe par int\u00e9rim du service de communication routi\u00e8re \u00e0 l\u2019Observatoire national de la s\u00e9curit\u00e9 routi\u00e8re, a expliqu\u00e9 dans une d\u00e9claration \u00e0 l&rsquo;agence TAP, que cette r\u00e9forme permettrait aussi au minist\u00e8re de l\u2019Int\u00e9rieur d\u2019installer des appareils de mesure du taux d\u2019alcool dans le sang directement sur le terrain. Les forces de l\u2019ordre n\u2019auraient plus besoin de recourir aux analyses en laboratoire. Ce dispositif renforcerait la dissuasion et r\u00e9duirait les comportements dangereux au volant.<\/p>\n\n\n\n<h2 class=\"wp-block-heading\" id=\"h-les-regles-actuelles-et-les-sanctions\">Les r\u00e8gles actuelles et les sanctions<\/h2>\n\n\n\n<p>Aujourd\u2019hui, la limite l\u00e9gale est fix\u00e9e \u00e0 0,3 gramme d\u2019alcool pur par litre de sang. Au-del\u00e0, le conducteur est en infraction. Le d\u00e9cret, d\u00e9j\u00e0 amend\u00e9 en 2016, pr\u00e9voit une amende de 200 \u00e0 500 dinars, une peine de prison pouvant aller jusqu\u2019\u00e0 six mois ou le retrait du permis de conduire.<\/p>\n\n\n\n<h2 class=\"wp-block-heading\" id=\"h-une-mortalite-routiere-en-hausse\">Une mortalit\u00e9 routi\u00e8re en hausse<\/h2>\n\n\n\n<p>Cette initiative intervient alors que les routes tunisiennes deviennent plus meurtri\u00e8res. Du 1er janvier au 29 juillet 2025, 663 personnes ont perdu la vie, soit une hausse de 6,8 % par rapport \u00e0 2024. Pourtant, le nombre d\u2019accidents a baiss\u00e9, passant de 3 428 \u00e0 2 863 sur la m\u00eame p\u00e9riode. Le nombre de bless\u00e9s recule \u00e9galement, de 4 623 \u00e0 3 781, soit une diminution de 18,2 %.<\/p>\n\n\n\n<p><\/p>\n","protected":false},"excerpt":{"rendered":"<p>Apr\u00e8s la pause parlementaire, les d\u00e9put\u00e9s de l&rsquo;ARP examineront une proposition pour modifier le d\u00e9cret n\u00b0146 de l\u2019an 2000 sur la conduite en \u00e9tat d\u2019ivresse. L\u2019objectif est clair : r\u00e9duire les accidents li\u00e9s \u00e0 l\u2019alcool. Le texte pr\u00e9voit d\u2019autoriser les services du minist\u00e8re du Commerce et du D\u00e9veloppement des exportations \u00e0 utiliser des \u00e9thylotests donnant [&hellip;]<\/p>\n","protected":false},"author":4782,"featured_media":369361,"comment_status":"open","ping_status":"open","sticky":false,"template":"","format":"standard","meta":{"footnotes":""},"categories":[44],"tags":[2813,2608],"class_list":["post-381279","post","type-post","status-publish","format-standard","has-post-thumbnail","hentry","category-national","tag-arp","tag-tunisie"],"yoast_head":"<!-- This site is optimized with the Yoast SEO Premium plugin v27.4 (Yoast SEO v27.4) - https:\/\/yoast.com\/product\/yoast-seo-premium-wordpress\/ -->\n<title>Tunisie : l\u2019ARP s\u2019appr\u00eate \u00e0 r\u00e9viser le d\u00e9cret sur la conduite en \u00e9tat d\u2019ivresse - webdo<\/title>\n<meta name=\"description\" content=\"Alcool au volant en Tunisie : des \u00e9thylotests imm\u00e9diats pour am\u00e9liorer la s\u00e9curit\u00e9 routi\u00e8re et r\u00e9duire les comportements \u00e0 risque.\" \/>\n<link rel=\"canonical\" href=\"https:\/\/www.webdo.tn\/fr\/actualite\/national\/tunisie-larp-sapprete-a-reviser-le-decret-sur-la-conduite-en-etat-divresse\/381279\/\" \/>\n<meta property=\"og:locale\" content=\"fr_FR\" \/>\n<meta property=\"og:type\" content=\"article\" \/>\n<meta property=\"og:title\" content=\"Tunisie : l\u2019ARP s\u2019appr\u00eate \u00e0 r\u00e9viser le d\u00e9cret sur la conduite en \u00e9tat d\u2019ivresse\" \/>\n<meta property=\"og:description\" content=\"Alcool au volant en Tunisie : des \u00e9thylotests imm\u00e9diats pour am\u00e9liorer la s\u00e9curit\u00e9 routi\u00e8re et r\u00e9duire les comportements \u00e0 risque.\" \/>\n<meta property=\"og:url\" content=\"https:\/\/www.webdo.tn\/fr\/actualite\/national\/tunisie-larp-sapprete-a-reviser-le-decret-sur-la-conduite-en-etat-divresse\/381279\/\" \/>\n<meta property=\"og:site_name\" content=\"webdo\" \/>\n<meta property=\"article:publisher\" content=\"https:\/\/www.facebook.com\/webdotn\" \/>\n<meta property=\"article:published_time\" content=\"2025-08-10T17:10:42+00:00\" \/>\n<meta property=\"article:modified_time\" content=\"2025-08-18T07:15:14+00:00\" \/>\n<meta property=\"og:image\" content=\"https:\/\/www.webdo.tn\/fr\/wp-content\/uploads\/2025\/06\/arpp_138275.jpg\" \/>\n\t<meta property=\"og:image:width\" content=\"960\" \/>\n\t<meta property=\"og:image:height\" content=\"640\" \/>\n\t<meta property=\"og:image:type\" content=\"image\/jpeg\" \/>\n<meta name=\"author\" content=\"Mohamed Fethi\" \/>\n<meta name=\"twitter:card\" content=\"summary_large_image\" \/>\n<meta name=\"twitter:creator\" content=\"@webdo_tn\" \/>\n<meta name=\"twitter:site\" content=\"@webdo_tn\" \/>\n<meta name=\"twitter:label1\" content=\"\u00c9crit par\" \/>\n\t<meta name=\"twitter:data1\" content=\"Mohamed Fethi\" \/>\n\t<meta name=\"twitter:label2\" content=\"Dur\u00e9e de lecture estim\u00e9e\" \/>\n\t<meta name=\"twitter:data2\" content=\"2 minutes\" \/>\n<script type=\"application\/ld+json\" class=\"yoast-schema-graph\">{\"@context\":\"https:\\\/\\\/schema.org\",\"@graph\":[{\"@type\":\"NewsArticle\",\"@id\":\"https:\\\/\\\/www.webdo.tn\\\/fr\\\/actualite\\\/national\\\/tunisie-larp-sapprete-a-reviser-le-decret-sur-la-conduite-en-etat-divresse\\\/381279\\\/#article\",\"isPartOf\":{\"@id\":\"https:\\\/\\\/www.webdo.tn\\\/fr\\\/actualite\\\/national\\\/tunisie-larp-sapprete-a-reviser-le-decret-sur-la-conduite-en-etat-divresse\\\/381279\\\/\"},\"author\":{\"name\":\"Mohamed Fethi\",\"@id\":\"https:\\\/\\\/www.webdo.tn\\\/fr\\\/#\\\/schema\\\/person\\\/16a4857e77dfc0b610c4c2cadffc9ac4\"},\"headline\":\"Tunisie : l\u2019ARP s\u2019appr\u00eate \u00e0 r\u00e9viser le d\u00e9cret sur la conduite en \u00e9tat d\u2019ivresse\",\"datePublished\":\"2025-08-10T17:10:42+00:00\",\"dateModified\":\"2025-08-18T07:15:14+00:00\",\"mainEntityOfPage\":{\"@id\":\"https:\\\/\\\/www.webdo.tn\\\/fr\\\/actualite\\\/national\\\/tunisie-larp-sapprete-a-reviser-le-decret-sur-la-conduite-en-etat-divresse\\\/381279\\\/\"},\"wordCount\":306,\"commentCount\":0,\"publisher\":{\"@id\":\"https:\\\/\\\/www.webdo.tn\\\/fr\\\/#organization\"},\"image\":{\"@id\":\"https:\\\/\\\/www.webdo.tn\\\/fr\\\/actualite\\\/national\\\/tunisie-larp-sapprete-a-reviser-le-decret-sur-la-conduite-en-etat-divresse\\\/381279\\\/#primaryimage\"},\"thumbnailUrl\":\"https:\\\/\\\/www.webdo.tn\\\/fr\\\/wp-content\\\/uploads\\\/2025\\\/06\\\/arpp_138275.jpg\",\"keywords\":[\"ARP\",\"Tunisie\"],\"articleSection\":[\"National\"],\"inLanguage\":\"fr-FR\"},{\"@type\":\"WebPage\",\"@id\":\"https:\\\/\\\/www.webdo.tn\\\/fr\\\/actualite\\\/national\\\/tunisie-larp-sapprete-a-reviser-le-decret-sur-la-conduite-en-etat-divresse\\\/381279\\\/\",\"url\":\"https:\\\/\\\/www.webdo.tn\\\/fr\\\/actualite\\\/national\\\/tunisie-larp-sapprete-a-reviser-le-decret-sur-la-conduite-en-etat-divresse\\\/381279\\\/\",\"name\":\"Tunisie : l\u2019ARP s\u2019appr\u00eate \u00e0 r\u00e9viser le d\u00e9cret sur la conduite en \u00e9tat d\u2019ivresse - webdo\",\"isPartOf\":{\"@id\":\"https:\\\/\\\/www.webdo.tn\\\/fr\\\/#website\"},\"primaryImageOfPage\":{\"@id\":\"https:\\\/\\\/www.webdo.tn\\\/fr\\\/actualite\\\/national\\\/tunisie-larp-sapprete-a-reviser-le-decret-sur-la-conduite-en-etat-divresse\\\/381279\\\/#primaryimage\"},\"image\":{\"@id\":\"https:\\\/\\\/www.webdo.tn\\\/fr\\\/actualite\\\/national\\\/tunisie-larp-sapprete-a-reviser-le-decret-sur-la-conduite-en-etat-divresse\\\/381279\\\/#primaryimage\"},\"thumbnailUrl\":\"https:\\\/\\\/www.webdo.tn\\\/fr\\\/wp-content\\\/uploads\\\/2025\\\/06\\\/arpp_138275.jpg\",\"datePublished\":\"2025-08-10T17:10:42+00:00\",\"dateModified\":\"2025-08-18T07:15:14+00:00\",\"description\":\"Alcool au volant en Tunisie : des \u00e9thylotests imm\u00e9diats pour am\u00e9liorer la s\u00e9curit\u00e9 routi\u00e8re et r\u00e9duire les comportements \u00e0 risque.\",\"breadcrumb\":{\"@id\":\"https:\\\/\\\/www.webdo.tn\\\/fr\\\/actualite\\\/national\\\/tunisie-larp-sapprete-a-reviser-le-decret-sur-la-conduite-en-etat-divresse\\\/381279\\\/#breadcrumb\"},\"inLanguage\":\"fr-FR\",\"potentialAction\":[{\"@type\":\"ReadAction\",\"target\":[\"https:\\\/\\\/www.webdo.tn\\\/fr\\\/actualite\\\/national\\\/tunisie-larp-sapprete-a-reviser-le-decret-sur-la-conduite-en-etat-divresse\\\/381279\\\/\"]}]},{\"@type\":\"ImageObject\",\"inLanguage\":\"fr-FR\",\"@id\":\"https:\\\/\\\/www.webdo.tn\\\/fr\\\/actualite\\\/national\\\/tunisie-larp-sapprete-a-reviser-le-decret-sur-la-conduite-en-etat-divresse\\\/381279\\\/#primaryimage\",\"url\":\"https:\\\/\\\/www.webdo.tn\\\/fr\\\/wp-content\\\/uploads\\\/2025\\\/06\\\/arpp_138275.jpg\",\"contentUrl\":\"https:\\\/\\\/www.webdo.tn\\\/fr\\\/wp-content\\\/uploads\\\/2025\\\/06\\\/arpp_138275.jpg\",\"width\":960,\"height\":640,\"caption\":\"ARP : Examen, en commission, des propositions d'amendement de la loi \u00e9lectorale\"},{\"@type\":\"BreadcrumbList\",\"@id\":\"https:\\\/\\\/www.webdo.tn\\\/fr\\\/actualite\\\/national\\\/tunisie-larp-sapprete-a-reviser-le-decret-sur-la-conduite-en-etat-divresse\\\/381279\\\/#breadcrumb\",\"itemListElement\":[{\"@type\":\"ListItem\",\"position\":1,\"name\":\"Accueil\",\"item\":\"https:\\\/\\\/www.webdo.tn\\\/fr\\\/\"},{\"@type\":\"ListItem\",\"position\":2,\"name\":\"Tunisie : l\u2019ARP s\u2019appr\u00eate \u00e0 r\u00e9viser le d\u00e9cret sur la conduite en \u00e9tat d\u2019ivresse\"}]},{\"@type\":\"WebSite\",\"@id\":\"https:\\\/\\\/www.webdo.tn\\\/fr\\\/#website\",\"url\":\"https:\\\/\\\/www.webdo.tn\\\/fr\\\/\",\"name\":\"webdo\",\"description\":\"Tunisie - News en Tunisie et \u00e0 l&#039;international sur Webdo.tn\",\"publisher\":{\"@id\":\"https:\\\/\\\/www.webdo.tn\\\/fr\\\/#organization\"},\"potentialAction\":[{\"@type\":\"SearchAction\",\"target\":{\"@type\":\"EntryPoint\",\"urlTemplate\":\"https:\\\/\\\/www.webdo.tn\\\/fr\\\/?s={search_term_string}\"},\"query-input\":{\"@type\":\"PropertyValueSpecification\",\"valueRequired\":true,\"valueName\":\"search_term_string\"}}],\"inLanguage\":\"fr-FR\"},{\"@type\":\"Organization\",\"@id\":\"https:\\\/\\\/www.webdo.tn\\\/fr\\\/#organization\",\"name\":\"Webdo\",\"alternateName\":\"Webdo.tn\",\"url\":\"https:\\\/\\\/www.webdo.tn\\\/fr\\\/\",\"logo\":{\"@type\":\"ImageObject\",\"inLanguage\":\"fr-FR\",\"@id\":\"https:\\\/\\\/www.webdo.tn\\\/fr\\\/#\\\/schema\\\/logo\\\/image\\\/\",\"url\":\"https:\\\/\\\/www.webdo.tn\\\/fr\\\/wp-content\\\/uploads\\\/2025\\\/06\\\/Webdo-Tunisie_168377.jpg\",\"contentUrl\":\"https:\\\/\\\/www.webdo.tn\\\/fr\\\/wp-content\\\/uploads\\\/2025\\\/06\\\/Webdo-Tunisie_168377.jpg\",\"width\":301,\"height\":301,\"caption\":\"Webdo\"},\"image\":{\"@id\":\"https:\\\/\\\/www.webdo.tn\\\/fr\\\/#\\\/schema\\\/logo\\\/image\\\/\"},\"sameAs\":[\"https:\\\/\\\/www.facebook.com\\\/webdotn\",\"https:\\\/\\\/x.com\\\/webdo_tn\"],\"description\":\"Webdo est un m\u00e9dia num\u00e9rique tunisien fond\u00e9 en 2010, sp\u00e9cialis\u00e9 dans l\u2019actualit\u00e9 nationale et internationale, l\u2019\u00e9conomie, la soci\u00e9t\u00e9 et les analyses politiques. Le site s\u2019adresse \u00e0 un large public francophone et couvre l\u2019information tunisienne en temps r\u00e9el.\",\"email\":\"redac@webdo.tn\",\"legalName\":\"YNJ SARL\",\"foundingDate\":\"2010-09-06\",\"numberOfEmployees\":{\"@type\":\"QuantitativeValue\",\"minValue\":\"11\",\"maxValue\":\"50\"}},{\"@type\":\"Person\",\"@id\":\"https:\\\/\\\/www.webdo.tn\\\/fr\\\/#\\\/schema\\\/person\\\/16a4857e77dfc0b610c4c2cadffc9ac4\",\"name\":\"Mohamed Fethi\",\"image\":{\"@type\":\"ImageObject\",\"inLanguage\":\"fr-FR\",\"@id\":\"https:\\\/\\\/www.webdo.tn\\\/fr\\\/wp-content\\\/uploads\\\/2026\\\/04\\\/mohamed-fethi_avatar_1-96x96.jpg\",\"url\":\"https:\\\/\\\/www.webdo.tn\\\/fr\\\/wp-content\\\/uploads\\\/2026\\\/04\\\/mohamed-fethi_avatar_1-96x96.jpg\",\"contentUrl\":\"https:\\\/\\\/www.webdo.tn\\\/fr\\\/wp-content\\\/uploads\\\/2026\\\/04\\\/mohamed-fethi_avatar_1-96x96.jpg\",\"caption\":\"Mohamed Fethi\"},\"description\":\"Signature \u00e9ditoriale de Maher Chaabane Mohamed Fethi est le pseudonyme \u00e9ditorial de Maher Chaabane, r\u00e9dacteur en chef de Webdo.tn depuis 2012. Cette signature est d\u00e9di\u00e9e au traitement intensif de l'actualit\u00e9 nationale et internationale en temps r\u00e9el. S'appuyant sur les deux d\u00e9cennies d'expertise journalistique de Maher Chaabane \u2014 d\u00e9but\u00e9e au sein du groupe Tunis Hebdo en 2000 \u2014 Mohamed Fethi assure une veille rigoureuse sur les enjeux politiques, \u00e9conomiques et sportifs. Sa mission est de garantir une information structur\u00e9e, fluide et fid\u00e8le aux standards de la r\u00e9daction. Pour consulter le parcours complet du r\u00e9dacteur en chef, visitez le profil officiel de Maher Chaabane.\",\"knowsAbout\":[\"actualit\u00e9\",\"journalisme\",\"information\",\"politique\",\"sport\",\"m\u00e9dias\",\"actualit\u00e9 internationale\"],\"knowsLanguage\":[\"Fran\u00e7ais\",\"Arabe\"],\"jobTitle\":\"Journaliste \u2013 R\u00e9daction Webdo\",\"worksFor\":\"Webdo.tn\",\"url\":\"https:\\\/\\\/www.webdo.tn\\\/fr\\\/actualite\\\/author\\\/mohamed-fethi\\\/\"}]}<\/script>\n<!-- \/ Yoast SEO Premium plugin. -->","yoast_head_json":{"title":"Tunisie : l\u2019ARP s\u2019appr\u00eate \u00e0 r\u00e9viser le d\u00e9cret sur la conduite en \u00e9tat d\u2019ivresse - webdo","description":"Alcool au volant en Tunisie : des \u00e9thylotests imm\u00e9diats pour am\u00e9liorer la s\u00e9curit\u00e9 routi\u00e8re et r\u00e9duire les comportements \u00e0 risque.","canonical":"https:\/\/www.webdo.tn\/fr\/actualite\/national\/tunisie-larp-sapprete-a-reviser-le-decret-sur-la-conduite-en-etat-divresse\/381279\/","og_locale":"fr_FR","og_type":"article","og_title":"Tunisie : l\u2019ARP s\u2019appr\u00eate \u00e0 r\u00e9viser le d\u00e9cret sur la conduite en \u00e9tat d\u2019ivresse","og_description":"Alcool au volant en Tunisie : des \u00e9thylotests imm\u00e9diats pour am\u00e9liorer la s\u00e9curit\u00e9 routi\u00e8re et r\u00e9duire les comportements \u00e0 risque.","og_url":"https:\/\/www.webdo.tn\/fr\/actualite\/national\/tunisie-larp-sapprete-a-reviser-le-decret-sur-la-conduite-en-etat-divresse\/381279\/","og_site_name":"webdo","article_publisher":"https:\/\/www.facebook.com\/webdotn","article_published_time":"2025-08-10T17:10:42+00:00","article_modified_time":"2025-08-18T07:15:14+00:00","og_image":[{"width":960,"height":640,"url":"https:\/\/www.webdo.tn\/fr\/wp-content\/uploads\/2025\/06\/arpp_138275.jpg","type":"image\/jpeg"}],"author":"Mohamed Fethi","twitter_card":"summary_large_image","twitter_creator":"@webdo_tn","twitter_site":"@webdo_tn","twitter_misc":{"\u00c9crit par":"Mohamed Fethi","Dur\u00e9e de lecture estim\u00e9e":"2 minutes"},"schema":{"@context":"https:\/\/schema.org","@graph":[{"@type":"NewsArticle","@id":"https:\/\/www.webdo.tn\/fr\/actualite\/national\/tunisie-larp-sapprete-a-reviser-le-decret-sur-la-conduite-en-etat-divresse\/381279\/#article","isPartOf":{"@id":"https:\/\/www.webdo.tn\/fr\/actualite\/national\/tunisie-larp-sapprete-a-reviser-le-decret-sur-la-conduite-en-etat-divresse\/381279\/"},"author":{"name":"Mohamed Fethi","@id":"https:\/\/www.webdo.tn\/fr\/#\/schema\/person\/16a4857e77dfc0b610c4c2cadffc9ac4"},"headline":"Tunisie : l\u2019ARP s\u2019appr\u00eate \u00e0 r\u00e9viser le d\u00e9cret sur la conduite en \u00e9tat d\u2019ivresse","datePublished":"2025-08-10T17:10:42+00:00","dateModified":"2025-08-18T07:15:14+00:00","mainEntityOfPage":{"@id":"https:\/\/www.webdo.tn\/fr\/actualite\/national\/tunisie-larp-sapprete-a-reviser-le-decret-sur-la-conduite-en-etat-divresse\/381279\/"},"wordCount":306,"commentCount":0,"publisher":{"@id":"https:\/\/www.webdo.tn\/fr\/#organization"},"image":{"@id":"https:\/\/www.webdo.tn\/fr\/actualite\/national\/tunisie-larp-sapprete-a-reviser-le-decret-sur-la-conduite-en-etat-divresse\/381279\/#primaryimage"},"thumbnailUrl":"https:\/\/www.webdo.tn\/fr\/wp-content\/uploads\/2025\/06\/arpp_138275.jpg","keywords":["ARP","Tunisie"],"articleSection":["National"],"inLanguage":"fr-FR"},{"@type":"WebPage","@id":"https:\/\/www.webdo.tn\/fr\/actualite\/national\/tunisie-larp-sapprete-a-reviser-le-decret-sur-la-conduite-en-etat-divresse\/381279\/","url":"https:\/\/www.webdo.tn\/fr\/actualite\/national\/tunisie-larp-sapprete-a-reviser-le-decret-sur-la-conduite-en-etat-divresse\/381279\/","name":"Tunisie : l\u2019ARP s\u2019appr\u00eate \u00e0 r\u00e9viser le d\u00e9cret sur la conduite en \u00e9tat d\u2019ivresse - webdo","isPartOf":{"@id":"https:\/\/www.webdo.tn\/fr\/#website"},"primaryImageOfPage":{"@id":"https:\/\/www.webdo.tn\/fr\/actualite\/national\/tunisie-larp-sapprete-a-reviser-le-decret-sur-la-conduite-en-etat-divresse\/381279\/#primaryimage"},"image":{"@id":"https:\/\/www.webdo.tn\/fr\/actualite\/national\/tunisie-larp-sapprete-a-reviser-le-decret-sur-la-conduite-en-etat-divresse\/381279\/#primaryimage"},"thumbnailUrl":"https:\/\/www.webdo.tn\/fr\/wp-content\/uploads\/2025\/06\/arpp_138275.jpg","datePublished":"2025-08-10T17:10:42+00:00","dateModified":"2025-08-18T07:15:14+00:00","description":"Alcool au volant en Tunisie : des \u00e9thylotests imm\u00e9diats pour am\u00e9liorer la s\u00e9curit\u00e9 routi\u00e8re et r\u00e9duire les comportements \u00e0 risque.","breadcrumb":{"@id":"https:\/\/www.webdo.tn\/fr\/actualite\/national\/tunisie-larp-sapprete-a-reviser-le-decret-sur-la-conduite-en-etat-divresse\/381279\/#breadcrumb"},"inLanguage":"fr-FR","potentialAction":[{"@type":"ReadAction","target":["https:\/\/www.webdo.tn\/fr\/actualite\/national\/tunisie-larp-sapprete-a-reviser-le-decret-sur-la-conduite-en-etat-divresse\/381279\/"]}]},{"@type":"ImageObject","inLanguage":"fr-FR","@id":"https:\/\/www.webdo.tn\/fr\/actualite\/national\/tunisie-larp-sapprete-a-reviser-le-decret-sur-la-conduite-en-etat-divresse\/381279\/#primaryimage","url":"https:\/\/www.webdo.tn\/fr\/wp-content\/uploads\/2025\/06\/arpp_138275.jpg","contentUrl":"https:\/\/www.webdo.tn\/fr\/wp-content\/uploads\/2025\/06\/arpp_138275.jpg","width":960,"height":640,"caption":"ARP : Examen, en commission, des propositions d'amendement de la loi \u00e9lectorale"},{"@type":"BreadcrumbList","@id":"https:\/\/www.webdo.tn\/fr\/actualite\/national\/tunisie-larp-sapprete-a-reviser-le-decret-sur-la-conduite-en-etat-divresse\/381279\/#breadcrumb","itemListElement":[{"@type":"ListItem","position":1,"name":"Accueil","item":"https:\/\/www.webdo.tn\/fr\/"},{"@type":"ListItem","position":2,"name":"Tunisie : l\u2019ARP s\u2019appr\u00eate \u00e0 r\u00e9viser le d\u00e9cret sur la conduite en \u00e9tat d\u2019ivresse"}]},{"@type":"WebSite","@id":"https:\/\/www.webdo.tn\/fr\/#website","url":"https:\/\/www.webdo.tn\/fr\/","name":"webdo","description":"Tunisie - News en Tunisie et \u00e0 l&#039;international sur Webdo.tn","publisher":{"@id":"https:\/\/www.webdo.tn\/fr\/#organization"},"potentialAction":[{"@type":"SearchAction","target":{"@type":"EntryPoint","urlTemplate":"https:\/\/www.webdo.tn\/fr\/?s={search_term_string}"},"query-input":{"@type":"PropertyValueSpecification","valueRequired":true,"valueName":"search_term_string"}}],"inLanguage":"fr-FR"},{"@type":"Organization","@id":"https:\/\/www.webdo.tn\/fr\/#organization","name":"Webdo","alternateName":"Webdo.tn","url":"https:\/\/www.webdo.tn\/fr\/","logo":{"@type":"ImageObject","inLanguage":"fr-FR","@id":"https:\/\/www.webdo.tn\/fr\/#\/schema\/logo\/image\/","url":"https:\/\/www.webdo.tn\/fr\/wp-content\/uploads\/2025\/06\/Webdo-Tunisie_168377.jpg","contentUrl":"https:\/\/www.webdo.tn\/fr\/wp-content\/uploads\/2025\/06\/Webdo-Tunisie_168377.jpg","width":301,"height":301,"caption":"Webdo"},"image":{"@id":"https:\/\/www.webdo.tn\/fr\/#\/schema\/logo\/image\/"},"sameAs":["https:\/\/www.facebook.com\/webdotn","https:\/\/x.com\/webdo_tn"],"description":"Webdo est un m\u00e9dia num\u00e9rique tunisien fond\u00e9 en 2010, sp\u00e9cialis\u00e9 dans l\u2019actualit\u00e9 nationale et internationale, l\u2019\u00e9conomie, la soci\u00e9t\u00e9 et les analyses politiques. Le site s\u2019adresse \u00e0 un large public francophone et couvre l\u2019information tunisienne en temps r\u00e9el.","email":"redac@webdo.tn","legalName":"YNJ SARL","foundingDate":"2010-09-06","numberOfEmployees":{"@type":"QuantitativeValue","minValue":"11","maxValue":"50"}},{"@type":"Person","@id":"https:\/\/www.webdo.tn\/fr\/#\/schema\/person\/16a4857e77dfc0b610c4c2cadffc9ac4","name":"Mohamed Fethi","image":{"@type":"ImageObject","inLanguage":"fr-FR","@id":"https:\/\/www.webdo.tn\/fr\/wp-content\/uploads\/2026\/04\/mohamed-fethi_avatar_1-96x96.jpg","url":"https:\/\/www.webdo.tn\/fr\/wp-content\/uploads\/2026\/04\/mohamed-fethi_avatar_1-96x96.jpg","contentUrl":"https:\/\/www.webdo.tn\/fr\/wp-content\/uploads\/2026\/04\/mohamed-fethi_avatar_1-96x96.jpg","caption":"Mohamed Fethi"},"description":"Signature \u00e9ditoriale de Maher Chaabane Mohamed Fethi est le pseudonyme \u00e9ditorial de Maher Chaabane, r\u00e9dacteur en chef de Webdo.tn depuis 2012. Cette signature est d\u00e9di\u00e9e au traitement intensif de l'actualit\u00e9 nationale et internationale en temps r\u00e9el. S'appuyant sur les deux d\u00e9cennies d'expertise journalistique de Maher Chaabane \u2014 d\u00e9but\u00e9e au sein du groupe Tunis Hebdo en 2000 \u2014 Mohamed Fethi assure une veille rigoureuse sur les enjeux politiques, \u00e9conomiques et sportifs. Sa mission est de garantir une information structur\u00e9e, fluide et fid\u00e8le aux standards de la r\u00e9daction. Pour consulter le parcours complet du r\u00e9dacteur en chef, visitez le profil officiel de Maher Chaabane.","knowsAbout":["actualit\u00e9","journalisme","information","politique","sport","m\u00e9dias","actualit\u00e9 internationale"],"knowsLanguage":["Fran\u00e7ais","Arabe"],"jobTitle":"Journaliste \u2013 R\u00e9daction Webdo","worksFor":"Webdo.tn","url":"https:\/\/www.webdo.tn\/fr\/actualite\/author\/mohamed-fethi\/"}]}},"_links":{"self":[{"href":"https:\/\/www.webdo.tn\/fr\/wp-json\/wp\/v2\/posts\/381279","targetHints":{"allow":["GET"]}}],"collection":[{"href":"https:\/\/www.webdo.tn\/fr\/wp-json\/wp\/v2\/posts"}],"about":[{"href":"https:\/\/www.webdo.tn\/fr\/wp-json\/wp\/v2\/types\/post"}],"author":[{"embeddable":true,"href":"https:\/\/www.webdo.tn\/fr\/wp-json\/wp\/v2\/users\/4782"}],"replies":[{"embeddable":true,"href":"https:\/\/www.webdo.tn\/fr\/wp-json\/wp\/v2\/comments?post=381279"}],"version-history":[{"count":0,"href":"https:\/\/www.webdo.tn\/fr\/wp-json\/wp\/v2\/posts\/381279\/revisions"}],"wp:featuredmedia":[{"embeddable":true,"href":"https:\/\/www.webdo.tn\/fr\/wp-json\/wp\/v2\/media\/369361"}],"wp:attachment":[{"href":"https:\/\/www.webdo.tn\/fr\/wp-json\/wp\/v2\/media?parent=381279"}],"wp:term":[{"taxonomy":"category","embeddable":true,"href":"https:\/\/www.webdo.tn\/fr\/wp-json\/wp\/v2\/categories?post=381279"},{"taxonomy":"post_tag","embeddable":true,"href":"https:\/\/www.webdo.tn\/fr\/wp-json\/wp\/v2\/tags?post=381279"}],"curies":[{"name":"wp","href":"https:\/\/api.w.org\/{rel}","templated":true}]}}