{"id":381274,"date":"2025-08-10T13:48:28","date_gmt":"2025-08-10T12:48:28","guid":{"rendered":"https:\/\/www.webdo.tn\/fr\/?p=381274"},"modified":"2025-08-10T13:48:33","modified_gmt":"2025-08-10T12:48:33","slug":"ben-arous-bat-un-record-de-recolte-cerealiere-cette-saison","status":"publish","type":"post","link":"https:\/\/www.webdo.tn\/fr\/actualite\/national\/ben-arous-bat-un-record-de-recolte-cerealiere-cette-saison\/381274\/","title":{"rendered":"Ben Arous bat un record de r\u00e9colte c\u00e9r\u00e9ali\u00e8re cette saison"},"content":{"rendered":"\n<p><strong>La saison de la r\u00e9colte c\u00e9r\u00e9ali\u00e8re \u00e0 Ben Arous s\u2019est termin\u00e9e sur un excellent bilan. Plus de 267 000 quintaux de c\u00e9r\u00e9ales ont \u00e9t\u00e9 r\u00e9colt\u00e9s, un chiffre in\u00e9dit dans la r\u00e9gion. Jalila Ben Hassine, responsable du service des grandes cultures, affirme, dans une d\u00e9claration \u00e0 la TAP, que ce total d\u00e9passe largement les pr\u00e9visions initiales, qui \u00e9taient de 237 000 quintaux.<\/strong><\/p>\n\n\n\n<p>Le bl\u00e9 dur repr\u00e9sente 141 644 quintaux. Le bl\u00e9 tendre atteint 16 800 quintaux. L\u2019orge, quant \u00e0 elle, d\u00e9passe 104 000 quintaux. Le triticale s\u2019\u00e9l\u00e8ve \u00e0 4 752 quintaux.<\/p>\n\n\n\n<p>Les centres de collecte voisins, \u00e0 Jebel Oust (Zaghouan) et Siliana, ont re\u00e7u 98 000 quintaux. Ils ont surtout accueilli du bl\u00e9 dur, du bl\u00e9 tendre et de l\u2019orge.<\/p>\n\n\n\n<p>Face \u00e0 ce succ\u00e8s, Jalila Ben Hassine demande l\u2019ouverture de centres de collecte dans le gouvernorat. Cela facilitera le travail des agriculteurs locaux.<\/p>\n\n\n\n<p>Cette ann\u00e9e, 9 492 hectares ont \u00e9t\u00e9 d\u00e9di\u00e9s \u00e0 la culture des c\u00e9r\u00e9ales \u00e0 Ben Arous. Cette surface se divise en 4 166 hectares de bl\u00e9 dur, 600 hectares de bl\u00e9 tendre, 4 550 hectares d\u2019orge et 176 hectares de triticale.<\/p>\n\n\n\n<p><\/p>\n","protected":false},"excerpt":{"rendered":"<p>La saison de la r\u00e9colte c\u00e9r\u00e9ali\u00e8re \u00e0 Ben Arous s\u2019est termin\u00e9e sur un excellent bilan. Plus de 267 000 quintaux de c\u00e9r\u00e9ales ont \u00e9t\u00e9 r\u00e9colt\u00e9s, un chiffre in\u00e9dit dans la r\u00e9gion. Jalila Ben Hassine, responsable du service des grandes cultures, affirme, dans une d\u00e9claration \u00e0 la TAP, que ce total d\u00e9passe largement les pr\u00e9visions initiales, [&hellip;]<\/p>\n","protected":false},"author":4782,"featured_media":376483,"comment_status":"open","ping_status":"open","sticky":false,"template":"","format":"standard","meta":{"footnotes":""},"categories":[44],"tags":[10451,3416,11808,2608],"class_list":["post-381274","post","type-post","status-publish","format-standard","has-post-thumbnail","hentry","category-national","tag-office-des-cereales","tag-recolte","tag-recolte-cerealiere","tag-tunisie"],"yoast_head":"<!-- This site is optimized with the Yoast SEO Premium plugin v27.5 (Yoast SEO v27.5) - https:\/\/yoast.com\/product\/yoast-seo-premium-wordpress\/ -->\n<title>Ben Arous bat un record de r\u00e9colte c\u00e9r\u00e9ali\u00e8re cette saison - webdo<\/title>\n<meta name=\"description\" content=\"D\u00e9couvrez la r\u00e9colte c\u00e9r\u00e9ali\u00e8re record \u00e0 Ben Arous avec plus de 267 000 quintaux r\u00e9colt\u00e9s cette saison.\" \/>\n<link rel=\"canonical\" href=\"https:\/\/www.webdo.tn\/fr\/actualite\/national\/ben-arous-bat-un-record-de-recolte-cerealiere-cette-saison\/381274\/\" \/>\n<meta property=\"og:locale\" content=\"fr_FR\" \/>\n<meta property=\"og:type\" content=\"article\" \/>\n<meta property=\"og:title\" content=\"Ben Arous bat un record de r\u00e9colte c\u00e9r\u00e9ali\u00e8re cette saison\" \/>\n<meta property=\"og:description\" content=\"D\u00e9couvrez la r\u00e9colte c\u00e9r\u00e9ali\u00e8re record \u00e0 Ben Arous avec plus de 267 000 quintaux r\u00e9colt\u00e9s cette saison.\" \/>\n<meta property=\"og:url\" content=\"https:\/\/www.webdo.tn\/fr\/actualite\/national\/ben-arous-bat-un-record-de-recolte-cerealiere-cette-saison\/381274\/\" \/>\n<meta property=\"og:site_name\" content=\"webdo\" \/>\n<meta property=\"article:publisher\" content=\"https:\/\/www.facebook.com\/webdotn\" \/>\n<meta property=\"article:published_time\" content=\"2025-08-10T12:48:28+00:00\" \/>\n<meta property=\"article:modified_time\" content=\"2025-08-10T12:48:33+00:00\" \/>\n<meta property=\"og:image\" content=\"https:\/\/www.webdo.tn\/fr\/wp-content\/uploads\/2025\/05\/e51dcbfbd2958a60fa1e4ec55904b5e4.webp\" \/>\n\t<meta property=\"og:image:width\" content=\"750\" \/>\n\t<meta property=\"og:image:height\" content=\"400\" \/>\n\t<meta property=\"og:image:type\" content=\"image\/webp\" \/>\n<meta name=\"author\" content=\"Mohamed Fethi\" \/>\n<meta name=\"twitter:card\" content=\"summary_large_image\" \/>\n<meta name=\"twitter:creator\" content=\"@webdo_tn\" \/>\n<meta name=\"twitter:site\" content=\"@webdo_tn\" \/>\n<meta name=\"twitter:label1\" content=\"\u00c9crit par\" \/>\n\t<meta name=\"twitter:data1\" content=\"Mohamed Fethi\" \/>\n\t<meta name=\"twitter:label2\" content=\"Dur\u00e9e de lecture estim\u00e9e\" \/>\n\t<meta name=\"twitter:data2\" content=\"2 minutes\" \/>\n<script type=\"application\/ld+json\" class=\"yoast-schema-graph\">{\"@context\":\"https:\\\/\\\/schema.org\",\"@graph\":[{\"@type\":\"NewsArticle\",\"@id\":\"https:\\\/\\\/www.webdo.tn\\\/fr\\\/actualite\\\/national\\\/ben-arous-bat-un-record-de-recolte-cerealiere-cette-saison\\\/381274\\\/#article\",\"isPartOf\":{\"@id\":\"https:\\\/\\\/www.webdo.tn\\\/fr\\\/actualite\\\/national\\\/ben-arous-bat-un-record-de-recolte-cerealiere-cette-saison\\\/381274\\\/\"},\"author\":{\"name\":\"Mohamed Fethi\",\"@id\":\"https:\\\/\\\/www.webdo.tn\\\/fr\\\/#\\\/schema\\\/person\\\/16a4857e77dfc0b610c4c2cadffc9ac4\"},\"headline\":\"Ben Arous bat un record de r\u00e9colte c\u00e9r\u00e9ali\u00e8re cette saison\",\"datePublished\":\"2025-08-10T12:48:28+00:00\",\"dateModified\":\"2025-08-10T12:48:33+00:00\",\"mainEntityOfPage\":{\"@id\":\"https:\\\/\\\/www.webdo.tn\\\/fr\\\/actualite\\\/national\\\/ben-arous-bat-un-record-de-recolte-cerealiere-cette-saison\\\/381274\\\/\"},\"wordCount\":197,\"commentCount\":0,\"publisher\":{\"@id\":\"https:\\\/\\\/www.webdo.tn\\\/fr\\\/#organization\"},\"image\":{\"@id\":\"https:\\\/\\\/www.webdo.tn\\\/fr\\\/actualite\\\/national\\\/ben-arous-bat-un-record-de-recolte-cerealiere-cette-saison\\\/381274\\\/#primaryimage\"},\"thumbnailUrl\":\"https:\\\/\\\/www.webdo.tn\\\/fr\\\/wp-content\\\/uploads\\\/2025\\\/05\\\/e51dcbfbd2958a60fa1e4ec55904b5e4.webp\",\"keywords\":[\"'Office des c\u00e9r\u00e9ales']\",\"R\u00e9colte\",\"r\u00e9colte c\u00e9r\u00e9ali\u00e8re\",\"Tunisie\"],\"articleSection\":[\"National\"],\"inLanguage\":\"fr-FR\"},{\"@type\":\"WebPage\",\"@id\":\"https:\\\/\\\/www.webdo.tn\\\/fr\\\/actualite\\\/national\\\/ben-arous-bat-un-record-de-recolte-cerealiere-cette-saison\\\/381274\\\/\",\"url\":\"https:\\\/\\\/www.webdo.tn\\\/fr\\\/actualite\\\/national\\\/ben-arous-bat-un-record-de-recolte-cerealiere-cette-saison\\\/381274\\\/\",\"name\":\"Ben Arous bat un record de r\u00e9colte c\u00e9r\u00e9ali\u00e8re cette saison - webdo\",\"isPartOf\":{\"@id\":\"https:\\\/\\\/www.webdo.tn\\\/fr\\\/#website\"},\"primaryImageOfPage\":{\"@id\":\"https:\\\/\\\/www.webdo.tn\\\/fr\\\/actualite\\\/national\\\/ben-arous-bat-un-record-de-recolte-cerealiere-cette-saison\\\/381274\\\/#primaryimage\"},\"image\":{\"@id\":\"https:\\\/\\\/www.webdo.tn\\\/fr\\\/actualite\\\/national\\\/ben-arous-bat-un-record-de-recolte-cerealiere-cette-saison\\\/381274\\\/#primaryimage\"},\"thumbnailUrl\":\"https:\\\/\\\/www.webdo.tn\\\/fr\\\/wp-content\\\/uploads\\\/2025\\\/05\\\/e51dcbfbd2958a60fa1e4ec55904b5e4.webp\",\"datePublished\":\"2025-08-10T12:48:28+00:00\",\"dateModified\":\"2025-08-10T12:48:33+00:00\",\"description\":\"D\u00e9couvrez la r\u00e9colte c\u00e9r\u00e9ali\u00e8re record \u00e0 Ben Arous avec plus de 267 000 quintaux r\u00e9colt\u00e9s cette saison.\",\"breadcrumb\":{\"@id\":\"https:\\\/\\\/www.webdo.tn\\\/fr\\\/actualite\\\/national\\\/ben-arous-bat-un-record-de-recolte-cerealiere-cette-saison\\\/381274\\\/#breadcrumb\"},\"inLanguage\":\"fr-FR\",\"potentialAction\":[{\"@type\":\"ReadAction\",\"target\":[\"https:\\\/\\\/www.webdo.tn\\\/fr\\\/actualite\\\/national\\\/ben-arous-bat-un-record-de-recolte-cerealiere-cette-saison\\\/381274\\\/\"]}]},{\"@type\":\"ImageObject\",\"inLanguage\":\"fr-FR\",\"@id\":\"https:\\\/\\\/www.webdo.tn\\\/fr\\\/actualite\\\/national\\\/ben-arous-bat-un-record-de-recolte-cerealiere-cette-saison\\\/381274\\\/#primaryimage\",\"url\":\"https:\\\/\\\/www.webdo.tn\\\/fr\\\/wp-content\\\/uploads\\\/2025\\\/05\\\/e51dcbfbd2958a60fa1e4ec55904b5e4.webp\",\"contentUrl\":\"https:\\\/\\\/www.webdo.tn\\\/fr\\\/wp-content\\\/uploads\\\/2025\\\/05\\\/e51dcbfbd2958a60fa1e4ec55904b5e4.webp\",\"width\":750,\"height\":400,\"caption\":\"Tunisie : Vers un stockage en plein air des c\u00e9r\u00e9ales face \u00e0 une r\u00e9colte abondante\"},{\"@type\":\"BreadcrumbList\",\"@id\":\"https:\\\/\\\/www.webdo.tn\\\/fr\\\/actualite\\\/national\\\/ben-arous-bat-un-record-de-recolte-cerealiere-cette-saison\\\/381274\\\/#breadcrumb\",\"itemListElement\":[{\"@type\":\"ListItem\",\"position\":1,\"name\":\"Accueil\",\"item\":\"https:\\\/\\\/www.webdo.tn\\\/fr\\\/\"},{\"@type\":\"ListItem\",\"position\":2,\"name\":\"Ben Arous bat un record de r\u00e9colte c\u00e9r\u00e9ali\u00e8re cette saison\"}]},{\"@type\":\"WebSite\",\"@id\":\"https:\\\/\\\/www.webdo.tn\\\/fr\\\/#website\",\"url\":\"https:\\\/\\\/www.webdo.tn\\\/fr\\\/\",\"name\":\"webdo\",\"description\":\"Tunisie - News en Tunisie et \u00e0 l&#039;international sur Webdo.tn\",\"publisher\":{\"@id\":\"https:\\\/\\\/www.webdo.tn\\\/fr\\\/#organization\"},\"potentialAction\":[{\"@type\":\"SearchAction\",\"target\":{\"@type\":\"EntryPoint\",\"urlTemplate\":\"https:\\\/\\\/www.webdo.tn\\\/fr\\\/?s={search_term_string}\"},\"query-input\":{\"@type\":\"PropertyValueSpecification\",\"valueRequired\":true,\"valueName\":\"search_term_string\"}}],\"inLanguage\":\"fr-FR\"},{\"@type\":\"Organization\",\"@id\":\"https:\\\/\\\/www.webdo.tn\\\/fr\\\/#organization\",\"name\":\"Webdo\",\"alternateName\":\"Webdo.tn\",\"url\":\"https:\\\/\\\/www.webdo.tn\\\/fr\\\/\",\"logo\":{\"@type\":\"ImageObject\",\"inLanguage\":\"fr-FR\",\"@id\":\"https:\\\/\\\/www.webdo.tn\\\/fr\\\/#\\\/schema\\\/logo\\\/image\\\/\",\"url\":\"https:\\\/\\\/www.webdo.tn\\\/fr\\\/wp-content\\\/uploads\\\/2025\\\/06\\\/Webdo-Tunisie_168377.jpg\",\"contentUrl\":\"https:\\\/\\\/www.webdo.tn\\\/fr\\\/wp-content\\\/uploads\\\/2025\\\/06\\\/Webdo-Tunisie_168377.jpg\",\"width\":301,\"height\":301,\"caption\":\"Webdo\"},\"image\":{\"@id\":\"https:\\\/\\\/www.webdo.tn\\\/fr\\\/#\\\/schema\\\/logo\\\/image\\\/\"},\"sameAs\":[\"https:\\\/\\\/www.facebook.com\\\/webdotn\",\"https:\\\/\\\/x.com\\\/webdo_tn\"],\"description\":\"Webdo est un m\u00e9dia num\u00e9rique tunisien fond\u00e9 en 2010, sp\u00e9cialis\u00e9 dans l\u2019actualit\u00e9 nationale et internationale, l\u2019\u00e9conomie, la soci\u00e9t\u00e9 et les analyses politiques. Le site s\u2019adresse \u00e0 un large public francophone et couvre l\u2019information tunisienne en temps r\u00e9el.\",\"email\":\"redac@webdo.tn\",\"legalName\":\"YNJ SARL\",\"foundingDate\":\"2010-09-06\",\"numberOfEmployees\":{\"@type\":\"QuantitativeValue\",\"minValue\":\"11\",\"maxValue\":\"50\"}},{\"@type\":\"Person\",\"@id\":\"https:\\\/\\\/www.webdo.tn\\\/fr\\\/#\\\/schema\\\/person\\\/16a4857e77dfc0b610c4c2cadffc9ac4\",\"name\":\"Mohamed Fethi\",\"image\":{\"@type\":\"ImageObject\",\"inLanguage\":\"fr-FR\",\"@id\":\"https:\\\/\\\/www.webdo.tn\\\/fr\\\/wp-content\\\/uploads\\\/2026\\\/04\\\/mohamed-fethi_avatar_1-96x96.jpg\",\"url\":\"https:\\\/\\\/www.webdo.tn\\\/fr\\\/wp-content\\\/uploads\\\/2026\\\/04\\\/mohamed-fethi_avatar_1-96x96.jpg\",\"contentUrl\":\"https:\\\/\\\/www.webdo.tn\\\/fr\\\/wp-content\\\/uploads\\\/2026\\\/04\\\/mohamed-fethi_avatar_1-96x96.jpg\",\"caption\":\"Mohamed Fethi\"},\"description\":\"Signature \u00e9ditoriale de Maher Chaabane Mohamed Fethi est le pseudonyme \u00e9ditorial de Maher Chaabane, r\u00e9dacteur en chef de Webdo.tn depuis 2012. Cette signature est d\u00e9di\u00e9e au traitement intensif de l'actualit\u00e9 nationale et internationale en temps r\u00e9el. S'appuyant sur les deux d\u00e9cennies d'expertise journalistique de Maher Chaabane \u2014 d\u00e9but\u00e9e au sein du groupe Tunis Hebdo en 2000 \u2014 Mohamed Fethi assure une veille rigoureuse sur les enjeux politiques, \u00e9conomiques et sportifs. Sa mission est de garantir une information structur\u00e9e, fluide et fid\u00e8le aux standards de la r\u00e9daction. Pour consulter le parcours complet du r\u00e9dacteur en chef, visitez le profil officiel de Maher Chaabane.\",\"knowsAbout\":[\"actualit\u00e9\",\"journalisme\",\"information\",\"politique\",\"sport\",\"m\u00e9dias\",\"actualit\u00e9 internationale\"],\"knowsLanguage\":[\"Fran\u00e7ais\",\"Arabe\"],\"jobTitle\":\"Journaliste \u2013 R\u00e9daction Webdo\",\"worksFor\":\"Webdo.tn\",\"url\":\"https:\\\/\\\/www.webdo.tn\\\/fr\\\/actualite\\\/author\\\/mohamed-fethi\\\/\"}]}<\/script>\n<!-- \/ Yoast SEO Premium plugin. -->","yoast_head_json":{"title":"Ben Arous bat un record de r\u00e9colte c\u00e9r\u00e9ali\u00e8re cette saison - webdo","description":"D\u00e9couvrez la r\u00e9colte c\u00e9r\u00e9ali\u00e8re record \u00e0 Ben Arous avec plus de 267 000 quintaux r\u00e9colt\u00e9s cette saison.","canonical":"https:\/\/www.webdo.tn\/fr\/actualite\/national\/ben-arous-bat-un-record-de-recolte-cerealiere-cette-saison\/381274\/","og_locale":"fr_FR","og_type":"article","og_title":"Ben Arous bat un record de r\u00e9colte c\u00e9r\u00e9ali\u00e8re cette saison","og_description":"D\u00e9couvrez la r\u00e9colte c\u00e9r\u00e9ali\u00e8re record \u00e0 Ben Arous avec plus de 267 000 quintaux r\u00e9colt\u00e9s cette saison.","og_url":"https:\/\/www.webdo.tn\/fr\/actualite\/national\/ben-arous-bat-un-record-de-recolte-cerealiere-cette-saison\/381274\/","og_site_name":"webdo","article_publisher":"https:\/\/www.facebook.com\/webdotn","article_published_time":"2025-08-10T12:48:28+00:00","article_modified_time":"2025-08-10T12:48:33+00:00","og_image":[{"width":750,"height":400,"url":"https:\/\/www.webdo.tn\/fr\/wp-content\/uploads\/2025\/05\/e51dcbfbd2958a60fa1e4ec55904b5e4.webp","type":"image\/webp"}],"author":"Mohamed Fethi","twitter_card":"summary_large_image","twitter_creator":"@webdo_tn","twitter_site":"@webdo_tn","twitter_misc":{"\u00c9crit par":"Mohamed Fethi","Dur\u00e9e de lecture estim\u00e9e":"2 minutes"},"schema":{"@context":"https:\/\/schema.org","@graph":[{"@type":"NewsArticle","@id":"https:\/\/www.webdo.tn\/fr\/actualite\/national\/ben-arous-bat-un-record-de-recolte-cerealiere-cette-saison\/381274\/#article","isPartOf":{"@id":"https:\/\/www.webdo.tn\/fr\/actualite\/national\/ben-arous-bat-un-record-de-recolte-cerealiere-cette-saison\/381274\/"},"author":{"name":"Mohamed Fethi","@id":"https:\/\/www.webdo.tn\/fr\/#\/schema\/person\/16a4857e77dfc0b610c4c2cadffc9ac4"},"headline":"Ben Arous bat un record de r\u00e9colte c\u00e9r\u00e9ali\u00e8re cette saison","datePublished":"2025-08-10T12:48:28+00:00","dateModified":"2025-08-10T12:48:33+00:00","mainEntityOfPage":{"@id":"https:\/\/www.webdo.tn\/fr\/actualite\/national\/ben-arous-bat-un-record-de-recolte-cerealiere-cette-saison\/381274\/"},"wordCount":197,"commentCount":0,"publisher":{"@id":"https:\/\/www.webdo.tn\/fr\/#organization"},"image":{"@id":"https:\/\/www.webdo.tn\/fr\/actualite\/national\/ben-arous-bat-un-record-de-recolte-cerealiere-cette-saison\/381274\/#primaryimage"},"thumbnailUrl":"https:\/\/www.webdo.tn\/fr\/wp-content\/uploads\/2025\/05\/e51dcbfbd2958a60fa1e4ec55904b5e4.webp","keywords":["'Office des c\u00e9r\u00e9ales']","R\u00e9colte","r\u00e9colte c\u00e9r\u00e9ali\u00e8re","Tunisie"],"articleSection":["National"],"inLanguage":"fr-FR"},{"@type":"WebPage","@id":"https:\/\/www.webdo.tn\/fr\/actualite\/national\/ben-arous-bat-un-record-de-recolte-cerealiere-cette-saison\/381274\/","url":"https:\/\/www.webdo.tn\/fr\/actualite\/national\/ben-arous-bat-un-record-de-recolte-cerealiere-cette-saison\/381274\/","name":"Ben Arous bat un record de r\u00e9colte c\u00e9r\u00e9ali\u00e8re cette saison - webdo","isPartOf":{"@id":"https:\/\/www.webdo.tn\/fr\/#website"},"primaryImageOfPage":{"@id":"https:\/\/www.webdo.tn\/fr\/actualite\/national\/ben-arous-bat-un-record-de-recolte-cerealiere-cette-saison\/381274\/#primaryimage"},"image":{"@id":"https:\/\/www.webdo.tn\/fr\/actualite\/national\/ben-arous-bat-un-record-de-recolte-cerealiere-cette-saison\/381274\/#primaryimage"},"thumbnailUrl":"https:\/\/www.webdo.tn\/fr\/wp-content\/uploads\/2025\/05\/e51dcbfbd2958a60fa1e4ec55904b5e4.webp","datePublished":"2025-08-10T12:48:28+00:00","dateModified":"2025-08-10T12:48:33+00:00","description":"D\u00e9couvrez la r\u00e9colte c\u00e9r\u00e9ali\u00e8re record \u00e0 Ben Arous avec plus de 267 000 quintaux r\u00e9colt\u00e9s cette saison.","breadcrumb":{"@id":"https:\/\/www.webdo.tn\/fr\/actualite\/national\/ben-arous-bat-un-record-de-recolte-cerealiere-cette-saison\/381274\/#breadcrumb"},"inLanguage":"fr-FR","potentialAction":[{"@type":"ReadAction","target":["https:\/\/www.webdo.tn\/fr\/actualite\/national\/ben-arous-bat-un-record-de-recolte-cerealiere-cette-saison\/381274\/"]}]},{"@type":"ImageObject","inLanguage":"fr-FR","@id":"https:\/\/www.webdo.tn\/fr\/actualite\/national\/ben-arous-bat-un-record-de-recolte-cerealiere-cette-saison\/381274\/#primaryimage","url":"https:\/\/www.webdo.tn\/fr\/wp-content\/uploads\/2025\/05\/e51dcbfbd2958a60fa1e4ec55904b5e4.webp","contentUrl":"https:\/\/www.webdo.tn\/fr\/wp-content\/uploads\/2025\/05\/e51dcbfbd2958a60fa1e4ec55904b5e4.webp","width":750,"height":400,"caption":"Tunisie : Vers un stockage en plein air des c\u00e9r\u00e9ales face \u00e0 une r\u00e9colte abondante"},{"@type":"BreadcrumbList","@id":"https:\/\/www.webdo.tn\/fr\/actualite\/national\/ben-arous-bat-un-record-de-recolte-cerealiere-cette-saison\/381274\/#breadcrumb","itemListElement":[{"@type":"ListItem","position":1,"name":"Accueil","item":"https:\/\/www.webdo.tn\/fr\/"},{"@type":"ListItem","position":2,"name":"Ben Arous bat un record de r\u00e9colte c\u00e9r\u00e9ali\u00e8re cette saison"}]},{"@type":"WebSite","@id":"https:\/\/www.webdo.tn\/fr\/#website","url":"https:\/\/www.webdo.tn\/fr\/","name":"webdo","description":"Tunisie - News en Tunisie et \u00e0 l&#039;international sur Webdo.tn","publisher":{"@id":"https:\/\/www.webdo.tn\/fr\/#organization"},"potentialAction":[{"@type":"SearchAction","target":{"@type":"EntryPoint","urlTemplate":"https:\/\/www.webdo.tn\/fr\/?s={search_term_string}"},"query-input":{"@type":"PropertyValueSpecification","valueRequired":true,"valueName":"search_term_string"}}],"inLanguage":"fr-FR"},{"@type":"Organization","@id":"https:\/\/www.webdo.tn\/fr\/#organization","name":"Webdo","alternateName":"Webdo.tn","url":"https:\/\/www.webdo.tn\/fr\/","logo":{"@type":"ImageObject","inLanguage":"fr-FR","@id":"https:\/\/www.webdo.tn\/fr\/#\/schema\/logo\/image\/","url":"https:\/\/www.webdo.tn\/fr\/wp-content\/uploads\/2025\/06\/Webdo-Tunisie_168377.jpg","contentUrl":"https:\/\/www.webdo.tn\/fr\/wp-content\/uploads\/2025\/06\/Webdo-Tunisie_168377.jpg","width":301,"height":301,"caption":"Webdo"},"image":{"@id":"https:\/\/www.webdo.tn\/fr\/#\/schema\/logo\/image\/"},"sameAs":["https:\/\/www.facebook.com\/webdotn","https:\/\/x.com\/webdo_tn"],"description":"Webdo est un m\u00e9dia num\u00e9rique tunisien fond\u00e9 en 2010, sp\u00e9cialis\u00e9 dans l\u2019actualit\u00e9 nationale et internationale, l\u2019\u00e9conomie, la soci\u00e9t\u00e9 et les analyses politiques. Le site s\u2019adresse \u00e0 un large public francophone et couvre l\u2019information tunisienne en temps r\u00e9el.","email":"redac@webdo.tn","legalName":"YNJ SARL","foundingDate":"2010-09-06","numberOfEmployees":{"@type":"QuantitativeValue","minValue":"11","maxValue":"50"}},{"@type":"Person","@id":"https:\/\/www.webdo.tn\/fr\/#\/schema\/person\/16a4857e77dfc0b610c4c2cadffc9ac4","name":"Mohamed Fethi","image":{"@type":"ImageObject","inLanguage":"fr-FR","@id":"https:\/\/www.webdo.tn\/fr\/wp-content\/uploads\/2026\/04\/mohamed-fethi_avatar_1-96x96.jpg","url":"https:\/\/www.webdo.tn\/fr\/wp-content\/uploads\/2026\/04\/mohamed-fethi_avatar_1-96x96.jpg","contentUrl":"https:\/\/www.webdo.tn\/fr\/wp-content\/uploads\/2026\/04\/mohamed-fethi_avatar_1-96x96.jpg","caption":"Mohamed Fethi"},"description":"Signature \u00e9ditoriale de Maher Chaabane Mohamed Fethi est le pseudonyme \u00e9ditorial de Maher Chaabane, r\u00e9dacteur en chef de Webdo.tn depuis 2012. Cette signature est d\u00e9di\u00e9e au traitement intensif de l'actualit\u00e9 nationale et internationale en temps r\u00e9el. S'appuyant sur les deux d\u00e9cennies d'expertise journalistique de Maher Chaabane \u2014 d\u00e9but\u00e9e au sein du groupe Tunis Hebdo en 2000 \u2014 Mohamed Fethi assure une veille rigoureuse sur les enjeux politiques, \u00e9conomiques et sportifs. Sa mission est de garantir une information structur\u00e9e, fluide et fid\u00e8le aux standards de la r\u00e9daction. Pour consulter le parcours complet du r\u00e9dacteur en chef, visitez le profil officiel de Maher Chaabane.","knowsAbout":["actualit\u00e9","journalisme","information","politique","sport","m\u00e9dias","actualit\u00e9 internationale"],"knowsLanguage":["Fran\u00e7ais","Arabe"],"jobTitle":"Journaliste \u2013 R\u00e9daction Webdo","worksFor":"Webdo.tn","url":"https:\/\/www.webdo.tn\/fr\/actualite\/author\/mohamed-fethi\/"}]}},"_links":{"self":[{"href":"https:\/\/www.webdo.tn\/fr\/wp-json\/wp\/v2\/posts\/381274","targetHints":{"allow":["GET"]}}],"collection":[{"href":"https:\/\/www.webdo.tn\/fr\/wp-json\/wp\/v2\/posts"}],"about":[{"href":"https:\/\/www.webdo.tn\/fr\/wp-json\/wp\/v2\/types\/post"}],"author":[{"embeddable":true,"href":"https:\/\/www.webdo.tn\/fr\/wp-json\/wp\/v2\/users\/4782"}],"replies":[{"embeddable":true,"href":"https:\/\/www.webdo.tn\/fr\/wp-json\/wp\/v2\/comments?post=381274"}],"version-history":[{"count":0,"href":"https:\/\/www.webdo.tn\/fr\/wp-json\/wp\/v2\/posts\/381274\/revisions"}],"wp:featuredmedia":[{"embeddable":true,"href":"https:\/\/www.webdo.tn\/fr\/wp-json\/wp\/v2\/media\/376483"}],"wp:attachment":[{"href":"https:\/\/www.webdo.tn\/fr\/wp-json\/wp\/v2\/media?parent=381274"}],"wp:term":[{"taxonomy":"category","embeddable":true,"href":"https:\/\/www.webdo.tn\/fr\/wp-json\/wp\/v2\/categories?post=381274"},{"taxonomy":"post_tag","embeddable":true,"href":"https:\/\/www.webdo.tn\/fr\/wp-json\/wp\/v2\/tags?post=381274"}],"curies":[{"name":"wp","href":"https:\/\/api.w.org\/{rel}","templated":true}]}}