{"id":381177,"date":"2025-08-08T18:26:10","date_gmt":"2025-08-08T17:26:10","guid":{"rendered":"https:\/\/www.webdo.tn\/fr\/?p=381177"},"modified":"2025-08-09T16:00:48","modified_gmt":"2025-08-09T15:00:48","slug":"du-beton-a-la-verdure-le-pari-du-poumon-vert-tunisien","status":"publish","type":"post","link":"https:\/\/www.webdo.tn\/fr\/actualite\/national\/du-beton-a-la-verdure-le-pari-du-poumon-vert-tunisien\/381177\/","title":{"rendered":"Du b\u00e9ton \u00e0 la verdure : Le pari du \u201cpoumon vert\u201d tunisien"},"content":{"rendered":"\n<p><strong>La Tunisie est loin de r\u00e9pondre aux normes internationales en mati\u00e8re d\u2019espaces verts. Selon l\u2019Organisation mondiale de la sant\u00e9 (OMS), chaque citadin devrait disposer d\u2019au moins 10 m\u00b2 d\u2019espaces verts. Or, le Tunisien n\u2019en b\u00e9n\u00e9ficie que d\u2019\u00e0 peine 3 m\u00b2, r\u00e9v\u00e8le une \u00e9tude approfondie de l\u2019urbaniste et architecte Imene Za\u00e2frane Zhioua<\/strong> <strong>publi\u00e9e dans son ouvrage <em>D\u00e9sir de nature dans le grand Tunis : pour une v\u00e9g\u00e9talisation de la ville dense<\/em>.<\/strong><\/p>\n\n\n\n<p>Ce d\u00e9ficit s\u2019explique par un double ph\u00e9nom\u00e8ne : le <strong>zoning urbain intensif<\/strong> et le manque d\u2019espaces disponibles au c\u0153ur des villes. Cette raret\u00e9 est aggrav\u00e9e par les \u201c\u00eelots de chaleur urbains\u201d, cons\u00e9quence de l\u2019omnipr\u00e9sence du b\u00e9ton et de l\u2019absence de couvert v\u00e9g\u00e9tal, qui peut faire grimper la temp\u00e9rature en ville de 3 \u00e0 5\u00b0C par rapport aux zones rurales. L\u2019OMS alerte d\u2019ailleurs que les habitants des centres urbains sont parmi les plus expos\u00e9s aux effets du changement climatique.<\/p>\n\n\n\n<h3 class=\"wp-block-heading\" id=\"h-des-solutions-innovantes-pour-une-ville-plus-verte\">Des solutions innovantes pour une ville plus verte<\/h3>\n\n\n\n<p>Pour Imen Zafrani, le manque de terrain ne doit pas servir d\u2019excuse \u00e0 l\u2019inaction. Elle pr\u00f4ne des approches cr\u00e9atives : exploitation de chaque espace libre pour planter des arbres, cr\u00e9ation de \u201ccorridors verts\u201d reliant les parcs et jardins \u2014 une id\u00e9e qu\u2019elle appelle le \u201cfil vert\u201d de la ville.<br>Elle recommande \u00e9galement :<\/p>\n\n\n\n<ul class=\"wp-block-list\">\n<li>la mise en place de <strong>partenariats public-priv\u00e9<\/strong> pour financer l\u2019entretien des espaces verts,<\/li>\n\n\n\n<li>l\u2019instauration de <strong>contrats de parrainage<\/strong> permettant aux entreprises de prendre en charge certaines zones,<\/li>\n\n\n\n<li>la <strong>participation active des habitants<\/strong> et des associations de quartier.<\/li>\n<\/ul>\n\n\n\n<h3 class=\"wp-block-heading\" id=\"h-le-pari-du-poumon-vert-tunisien\">Le pari du \u201cpoumon vert\u201d tunisien<\/h3>\n\n\n\n<p>Face \u00e0 la d\u00e9gradation du couvert v\u00e9g\u00e9tal et \u00e0 la progression du d\u00e9sert, le minist\u00e8re de l\u2019Environnement a r\u00e9cemment lanc\u00e9 un projet d\u2019envergure : le <strong>\u201cpoumon vert\u201d tunisien<\/strong>.<br>Ce \u201cp\u00e9rim\u00e8tre forestier\u201d s\u2019\u00e9tendra du sud de la wilaya de Sfax jusqu\u2019aux fronti\u00e8res alg\u00e9riennes, en traversant les gouvernorats de Gab\u00e8s, Sidi Bouzid, Kasserine et Gafsa.<\/p>\n\n\n\n<p>Objectifs affich\u00e9s :<\/p>\n\n\n\n<ul class=\"wp-block-list\">\n<li>freiner l\u2019avanc\u00e9e du sable et limiter l\u2019arriv\u00e9e de poussi\u00e8res dans les zones urbaines,<\/li>\n\n\n\n<li>planter des essences adapt\u00e9es \u00e0 la s\u00e9cheresse,<\/li>\n\n\n\n<li>promouvoir une \u00e9conomie locale articul\u00e9e autour de l\u2019agriculture durable, de la valorisation des eaux trait\u00e9es et des \u00e9nergies renouvelables.<\/li>\n<\/ul>\n\n\n\n<p>Selon le ministre de l\u2019Environnement, ce chantier pourrait permettre \u00e0 la Tunisie de <strong>restaurer 260 000 hectares de terres fertiles<\/strong> et de les r\u00e9int\u00e9grer dans le circuit productif, cr\u00e9ant ainsi un levier \u00e9conomique et \u00e9cologique pour les r\u00e9gions concern\u00e9es.<\/p>\n\n\n\n<p>Si la vision est ambitieuse, sa concr\u00e9tisation n\u00e9cessitera une <strong>planification rigoureuse<\/strong>, un financement stable et surtout une volont\u00e9 politique sur le long terme. Les experts rappellent que la r\u00e9ussite d\u2019un tel projet repose autant sur la participation citoyenne que sur la coordination entre collectivit\u00e9s locales, \u00c9tat et secteur priv\u00e9.<\/p>\n\n\n\n<p><\/p>\n\n\n\n<p><strong>Lire aussi :<a href=\"https:\/\/www.webdo.tn\/fr\/actualite\/national\/tunis-lance-loffensive-pour-un-environnement-plus-sain\/381017\/\"> <\/a><\/strong><a href=\"https:\/\/www.webdo.tn\/fr\/actualite\/national\/tunis-lance-loffensive-pour-un-environnement-plus-sain\/381017\/\">Tunis lance l\u2019offensive pour un environnement plus sain ?<\/a><br><\/p>\n","protected":false},"excerpt":{"rendered":"<p>La Tunisie est loin de r\u00e9pondre aux normes internationales en mati\u00e8re d\u2019espaces verts. Selon l\u2019Organisation mondiale de la sant\u00e9 (OMS), chaque citadin devrait disposer d\u2019au moins 10 m\u00b2 d\u2019espaces verts. Or, le Tunisien n\u2019en b\u00e9n\u00e9ficie que d\u2019\u00e0 peine 3 m\u00b2, r\u00e9v\u00e8le une \u00e9tude approfondie de l\u2019urbaniste et architecte Imene Za\u00e2frane Zhioua publi\u00e9e dans son ouvrage [&hellip;]<\/p>\n","protected":false},"author":3184,"featured_media":381178,"comment_status":"open","ping_status":"open","sticky":false,"template":"","format":"standard","meta":{"footnotes":""},"categories":[44],"tags":[12396,2608],"class_list":["post-381177","post","type-post","status-publish","format-standard","has-post-thumbnail","hentry","category-national","tag-poumon-vert","tag-tunisie"],"yoast_head":"<!-- This site is optimized with the Yoast SEO Premium plugin v27.4 (Yoast SEO v27.4) - https:\/\/yoast.com\/product\/yoast-seo-premium-wordpress\/ -->\n<title>Du b\u00e9ton \u00e0 la verdure : Le pari du \u201cpoumon vert\u201d tunisien - webdo<\/title>\n<meta name=\"description\" content=\"D\u00e9couvrez le concept de Poumon vert en Tunisie et l&#039;importance des espaces verts pour la sant\u00e9 urbaine.\" \/>\n<link rel=\"canonical\" href=\"https:\/\/www.webdo.tn\/fr\/actualite\/national\/du-beton-a-la-verdure-le-pari-du-poumon-vert-tunisien\/381177\/\" \/>\n<meta property=\"og:locale\" content=\"fr_FR\" \/>\n<meta property=\"og:type\" content=\"article\" \/>\n<meta property=\"og:title\" content=\"Du b\u00e9ton \u00e0 la verdure : Le pari du \u201cpoumon vert\u201d tunisien\" \/>\n<meta property=\"og:description\" content=\"D\u00e9couvrez le concept de Poumon vert en Tunisie et l&#039;importance des espaces verts pour la sant\u00e9 urbaine.\" \/>\n<meta property=\"og:url\" content=\"https:\/\/www.webdo.tn\/fr\/actualite\/national\/du-beton-a-la-verdure-le-pari-du-poumon-vert-tunisien\/381177\/\" \/>\n<meta property=\"og:site_name\" content=\"webdo\" \/>\n<meta property=\"article:publisher\" content=\"https:\/\/www.facebook.com\/webdotn\" \/>\n<meta property=\"article:published_time\" content=\"2025-08-08T17:26:10+00:00\" \/>\n<meta property=\"article:modified_time\" content=\"2025-08-09T15:00:48+00:00\" \/>\n<meta property=\"og:image\" content=\"https:\/\/www.webdo.tn\/fr\/wp-content\/uploads\/2025\/08\/1624447205970.jpeg\" \/>\n\t<meta property=\"og:image:width\" content=\"1279\" \/>\n\t<meta property=\"og:image:height\" content=\"720\" \/>\n\t<meta property=\"og:image:type\" content=\"image\/jpeg\" \/>\n<meta name=\"author\" content=\"Wided Belhaj\" \/>\n<meta name=\"twitter:card\" content=\"summary_large_image\" \/>\n<meta name=\"twitter:creator\" content=\"@webdo_tn\" \/>\n<meta name=\"twitter:site\" content=\"@webdo_tn\" \/>\n<meta name=\"twitter:label1\" content=\"\u00c9crit par\" \/>\n\t<meta name=\"twitter:data1\" content=\"Wided Belhaj\" \/>\n\t<meta name=\"twitter:label2\" content=\"Dur\u00e9e de lecture estim\u00e9e\" \/>\n\t<meta name=\"twitter:data2\" content=\"3 minutes\" \/>\n<script type=\"application\/ld+json\" class=\"yoast-schema-graph\">{\"@context\":\"https:\\\/\\\/schema.org\",\"@graph\":[{\"@type\":\"NewsArticle\",\"@id\":\"https:\\\/\\\/www.webdo.tn\\\/fr\\\/actualite\\\/national\\\/du-beton-a-la-verdure-le-pari-du-poumon-vert-tunisien\\\/381177\\\/#article\",\"isPartOf\":{\"@id\":\"https:\\\/\\\/www.webdo.tn\\\/fr\\\/actualite\\\/national\\\/du-beton-a-la-verdure-le-pari-du-poumon-vert-tunisien\\\/381177\\\/\"},\"author\":{\"name\":\"Wided Belhaj\",\"@id\":\"https:\\\/\\\/www.webdo.tn\\\/fr\\\/#\\\/schema\\\/person\\\/b9ecde7a5574cb4fcf4b496ea5fadb15\"},\"headline\":\"Du b\u00e9ton \u00e0 la verdure : Le pari du \u201cpoumon vert\u201d tunisien\",\"datePublished\":\"2025-08-08T17:26:10+00:00\",\"dateModified\":\"2025-08-09T15:00:48+00:00\",\"mainEntityOfPage\":{\"@id\":\"https:\\\/\\\/www.webdo.tn\\\/fr\\\/actualite\\\/national\\\/du-beton-a-la-verdure-le-pari-du-poumon-vert-tunisien\\\/381177\\\/\"},\"wordCount\":520,\"commentCount\":0,\"publisher\":{\"@id\":\"https:\\\/\\\/www.webdo.tn\\\/fr\\\/#organization\"},\"image\":{\"@id\":\"https:\\\/\\\/www.webdo.tn\\\/fr\\\/actualite\\\/national\\\/du-beton-a-la-verdure-le-pari-du-poumon-vert-tunisien\\\/381177\\\/#primaryimage\"},\"thumbnailUrl\":\"https:\\\/\\\/www.webdo.tn\\\/fr\\\/wp-content\\\/uploads\\\/2025\\\/08\\\/1624447205970.jpeg\",\"keywords\":[\"Poumon vert\",\"Tunisie\"],\"articleSection\":[\"National\"],\"inLanguage\":\"fr-FR\"},{\"@type\":\"WebPage\",\"@id\":\"https:\\\/\\\/www.webdo.tn\\\/fr\\\/actualite\\\/national\\\/du-beton-a-la-verdure-le-pari-du-poumon-vert-tunisien\\\/381177\\\/\",\"url\":\"https:\\\/\\\/www.webdo.tn\\\/fr\\\/actualite\\\/national\\\/du-beton-a-la-verdure-le-pari-du-poumon-vert-tunisien\\\/381177\\\/\",\"name\":\"Du b\u00e9ton \u00e0 la verdure : Le pari du \u201cpoumon vert\u201d tunisien - webdo\",\"isPartOf\":{\"@id\":\"https:\\\/\\\/www.webdo.tn\\\/fr\\\/#website\"},\"primaryImageOfPage\":{\"@id\":\"https:\\\/\\\/www.webdo.tn\\\/fr\\\/actualite\\\/national\\\/du-beton-a-la-verdure-le-pari-du-poumon-vert-tunisien\\\/381177\\\/#primaryimage\"},\"image\":{\"@id\":\"https:\\\/\\\/www.webdo.tn\\\/fr\\\/actualite\\\/national\\\/du-beton-a-la-verdure-le-pari-du-poumon-vert-tunisien\\\/381177\\\/#primaryimage\"},\"thumbnailUrl\":\"https:\\\/\\\/www.webdo.tn\\\/fr\\\/wp-content\\\/uploads\\\/2025\\\/08\\\/1624447205970.jpeg\",\"datePublished\":\"2025-08-08T17:26:10+00:00\",\"dateModified\":\"2025-08-09T15:00:48+00:00\",\"description\":\"D\u00e9couvrez le concept de Poumon vert en Tunisie et l'importance des espaces verts pour la sant\u00e9 urbaine.\",\"breadcrumb\":{\"@id\":\"https:\\\/\\\/www.webdo.tn\\\/fr\\\/actualite\\\/national\\\/du-beton-a-la-verdure-le-pari-du-poumon-vert-tunisien\\\/381177\\\/#breadcrumb\"},\"inLanguage\":\"fr-FR\",\"potentialAction\":[{\"@type\":\"ReadAction\",\"target\":[\"https:\\\/\\\/www.webdo.tn\\\/fr\\\/actualite\\\/national\\\/du-beton-a-la-verdure-le-pari-du-poumon-vert-tunisien\\\/381177\\\/\"]}]},{\"@type\":\"ImageObject\",\"inLanguage\":\"fr-FR\",\"@id\":\"https:\\\/\\\/www.webdo.tn\\\/fr\\\/actualite\\\/national\\\/du-beton-a-la-verdure-le-pari-du-poumon-vert-tunisien\\\/381177\\\/#primaryimage\",\"url\":\"https:\\\/\\\/www.webdo.tn\\\/fr\\\/wp-content\\\/uploads\\\/2025\\\/08\\\/1624447205970.jpeg\",\"contentUrl\":\"https:\\\/\\\/www.webdo.tn\\\/fr\\\/wp-content\\\/uploads\\\/2025\\\/08\\\/1624447205970.jpeg\",\"width\":1279,\"height\":720},{\"@type\":\"BreadcrumbList\",\"@id\":\"https:\\\/\\\/www.webdo.tn\\\/fr\\\/actualite\\\/national\\\/du-beton-a-la-verdure-le-pari-du-poumon-vert-tunisien\\\/381177\\\/#breadcrumb\",\"itemListElement\":[{\"@type\":\"ListItem\",\"position\":1,\"name\":\"Accueil\",\"item\":\"https:\\\/\\\/www.webdo.tn\\\/fr\\\/\"},{\"@type\":\"ListItem\",\"position\":2,\"name\":\"Du b\u00e9ton \u00e0 la verdure : Le pari du \u201cpoumon vert\u201d tunisien\"}]},{\"@type\":\"WebSite\",\"@id\":\"https:\\\/\\\/www.webdo.tn\\\/fr\\\/#website\",\"url\":\"https:\\\/\\\/www.webdo.tn\\\/fr\\\/\",\"name\":\"webdo\",\"description\":\"Tunisie - News en Tunisie et \u00e0 l&#039;international sur Webdo.tn\",\"publisher\":{\"@id\":\"https:\\\/\\\/www.webdo.tn\\\/fr\\\/#organization\"},\"potentialAction\":[{\"@type\":\"SearchAction\",\"target\":{\"@type\":\"EntryPoint\",\"urlTemplate\":\"https:\\\/\\\/www.webdo.tn\\\/fr\\\/?s={search_term_string}\"},\"query-input\":{\"@type\":\"PropertyValueSpecification\",\"valueRequired\":true,\"valueName\":\"search_term_string\"}}],\"inLanguage\":\"fr-FR\"},{\"@type\":\"Organization\",\"@id\":\"https:\\\/\\\/www.webdo.tn\\\/fr\\\/#organization\",\"name\":\"Webdo\",\"alternateName\":\"Webdo.tn\",\"url\":\"https:\\\/\\\/www.webdo.tn\\\/fr\\\/\",\"logo\":{\"@type\":\"ImageObject\",\"inLanguage\":\"fr-FR\",\"@id\":\"https:\\\/\\\/www.webdo.tn\\\/fr\\\/#\\\/schema\\\/logo\\\/image\\\/\",\"url\":\"https:\\\/\\\/www.webdo.tn\\\/fr\\\/wp-content\\\/uploads\\\/2025\\\/06\\\/Webdo-Tunisie_168377.jpg\",\"contentUrl\":\"https:\\\/\\\/www.webdo.tn\\\/fr\\\/wp-content\\\/uploads\\\/2025\\\/06\\\/Webdo-Tunisie_168377.jpg\",\"width\":301,\"height\":301,\"caption\":\"Webdo\"},\"image\":{\"@id\":\"https:\\\/\\\/www.webdo.tn\\\/fr\\\/#\\\/schema\\\/logo\\\/image\\\/\"},\"sameAs\":[\"https:\\\/\\\/www.facebook.com\\\/webdotn\",\"https:\\\/\\\/x.com\\\/webdo_tn\"],\"description\":\"Webdo est un m\u00e9dia num\u00e9rique tunisien fond\u00e9 en 2010, sp\u00e9cialis\u00e9 dans l\u2019actualit\u00e9 nationale et internationale, l\u2019\u00e9conomie, la soci\u00e9t\u00e9 et les analyses politiques. Le site s\u2019adresse \u00e0 un large public francophone et couvre l\u2019information tunisienne en temps r\u00e9el.\",\"email\":\"redac@webdo.tn\",\"legalName\":\"YNJ SARL\",\"foundingDate\":\"2010-09-06\",\"numberOfEmployees\":{\"@type\":\"QuantitativeValue\",\"minValue\":\"11\",\"maxValue\":\"50\"}},{\"@type\":\"Person\",\"@id\":\"https:\\\/\\\/www.webdo.tn\\\/fr\\\/#\\\/schema\\\/person\\\/b9ecde7a5574cb4fcf4b496ea5fadb15\",\"name\":\"Wided Belhaj\",\"image\":{\"@type\":\"ImageObject\",\"inLanguage\":\"fr-FR\",\"@id\":\"https:\\\/\\\/www.webdo.tn\\\/fr\\\/wp-content\\\/uploads\\\/2026\\\/04\\\/wided-belhaj_avatar-96x96.jpg\",\"url\":\"https:\\\/\\\/www.webdo.tn\\\/fr\\\/wp-content\\\/uploads\\\/2026\\\/04\\\/wided-belhaj_avatar-96x96.jpg\",\"contentUrl\":\"https:\\\/\\\/www.webdo.tn\\\/fr\\\/wp-content\\\/uploads\\\/2026\\\/04\\\/wided-belhaj_avatar-96x96.jpg\",\"caption\":\"Wided Belhaj\"},\"description\":\"Wided Belhaj est le pseudonyme \u00e9ditorial utilis\u00e9 par Khalil Jelassi, journaliste, ma\u00eetre-assistant \u00e0 l\u2019Institut de presse et des sciences de l\u2019information (IPSI) et chercheur en sciences de l\u2019information et de la communication. Cette signature est d\u00e9di\u00e9e \u00e0 l\u2019analyse des m\u00e9dias, des pratiques journalistiques et des mutations de l\u2019information \u00e0 l\u2019\u00e8re digitale. \u00c0 travers ses contributions, Wided Belhaj propose une lecture analytique de l\u2019actualit\u00e9, en croisant regard critique et expertise acad\u00e9mique.\",\"knowsAbout\":[\"m\u00e9dias\",\"journalisme\",\"communication\",\"information\",\"transformation num\u00e9rique\",\"analyse des m\u00e9dias\"],\"knowsLanguage\":[\"Fran\u00e7ais\",\"Arabe\"],\"jobTitle\":\"Webdo.tn\",\"worksFor\":\"Journaliste \u2013 Analyse des m\u00e9dias\",\"url\":\"https:\\\/\\\/www.webdo.tn\\\/fr\\\/actualite\\\/author\\\/wided-belhaj\\\/\"}]}<\/script>\n<!-- \/ Yoast SEO Premium plugin. -->","yoast_head_json":{"title":"Du b\u00e9ton \u00e0 la verdure : Le pari du \u201cpoumon vert\u201d tunisien - webdo","description":"D\u00e9couvrez le concept de Poumon vert en Tunisie et l'importance des espaces verts pour la sant\u00e9 urbaine.","canonical":"https:\/\/www.webdo.tn\/fr\/actualite\/national\/du-beton-a-la-verdure-le-pari-du-poumon-vert-tunisien\/381177\/","og_locale":"fr_FR","og_type":"article","og_title":"Du b\u00e9ton \u00e0 la verdure : Le pari du \u201cpoumon vert\u201d tunisien","og_description":"D\u00e9couvrez le concept de Poumon vert en Tunisie et l'importance des espaces verts pour la sant\u00e9 urbaine.","og_url":"https:\/\/www.webdo.tn\/fr\/actualite\/national\/du-beton-a-la-verdure-le-pari-du-poumon-vert-tunisien\/381177\/","og_site_name":"webdo","article_publisher":"https:\/\/www.facebook.com\/webdotn","article_published_time":"2025-08-08T17:26:10+00:00","article_modified_time":"2025-08-09T15:00:48+00:00","og_image":[{"width":1279,"height":720,"url":"https:\/\/www.webdo.tn\/fr\/wp-content\/uploads\/2025\/08\/1624447205970.jpeg","type":"image\/jpeg"}],"author":"Wided Belhaj","twitter_card":"summary_large_image","twitter_creator":"@webdo_tn","twitter_site":"@webdo_tn","twitter_misc":{"\u00c9crit par":"Wided Belhaj","Dur\u00e9e de lecture estim\u00e9e":"3 minutes"},"schema":{"@context":"https:\/\/schema.org","@graph":[{"@type":"NewsArticle","@id":"https:\/\/www.webdo.tn\/fr\/actualite\/national\/du-beton-a-la-verdure-le-pari-du-poumon-vert-tunisien\/381177\/#article","isPartOf":{"@id":"https:\/\/www.webdo.tn\/fr\/actualite\/national\/du-beton-a-la-verdure-le-pari-du-poumon-vert-tunisien\/381177\/"},"author":{"name":"Wided Belhaj","@id":"https:\/\/www.webdo.tn\/fr\/#\/schema\/person\/b9ecde7a5574cb4fcf4b496ea5fadb15"},"headline":"Du b\u00e9ton \u00e0 la verdure : Le pari du \u201cpoumon vert\u201d tunisien","datePublished":"2025-08-08T17:26:10+00:00","dateModified":"2025-08-09T15:00:48+00:00","mainEntityOfPage":{"@id":"https:\/\/www.webdo.tn\/fr\/actualite\/national\/du-beton-a-la-verdure-le-pari-du-poumon-vert-tunisien\/381177\/"},"wordCount":520,"commentCount":0,"publisher":{"@id":"https:\/\/www.webdo.tn\/fr\/#organization"},"image":{"@id":"https:\/\/www.webdo.tn\/fr\/actualite\/national\/du-beton-a-la-verdure-le-pari-du-poumon-vert-tunisien\/381177\/#primaryimage"},"thumbnailUrl":"https:\/\/www.webdo.tn\/fr\/wp-content\/uploads\/2025\/08\/1624447205970.jpeg","keywords":["Poumon vert","Tunisie"],"articleSection":["National"],"inLanguage":"fr-FR"},{"@type":"WebPage","@id":"https:\/\/www.webdo.tn\/fr\/actualite\/national\/du-beton-a-la-verdure-le-pari-du-poumon-vert-tunisien\/381177\/","url":"https:\/\/www.webdo.tn\/fr\/actualite\/national\/du-beton-a-la-verdure-le-pari-du-poumon-vert-tunisien\/381177\/","name":"Du b\u00e9ton \u00e0 la verdure : Le pari du \u201cpoumon vert\u201d tunisien - webdo","isPartOf":{"@id":"https:\/\/www.webdo.tn\/fr\/#website"},"primaryImageOfPage":{"@id":"https:\/\/www.webdo.tn\/fr\/actualite\/national\/du-beton-a-la-verdure-le-pari-du-poumon-vert-tunisien\/381177\/#primaryimage"},"image":{"@id":"https:\/\/www.webdo.tn\/fr\/actualite\/national\/du-beton-a-la-verdure-le-pari-du-poumon-vert-tunisien\/381177\/#primaryimage"},"thumbnailUrl":"https:\/\/www.webdo.tn\/fr\/wp-content\/uploads\/2025\/08\/1624447205970.jpeg","datePublished":"2025-08-08T17:26:10+00:00","dateModified":"2025-08-09T15:00:48+00:00","description":"D\u00e9couvrez le concept de Poumon vert en Tunisie et l'importance des espaces verts pour la sant\u00e9 urbaine.","breadcrumb":{"@id":"https:\/\/www.webdo.tn\/fr\/actualite\/national\/du-beton-a-la-verdure-le-pari-du-poumon-vert-tunisien\/381177\/#breadcrumb"},"inLanguage":"fr-FR","potentialAction":[{"@type":"ReadAction","target":["https:\/\/www.webdo.tn\/fr\/actualite\/national\/du-beton-a-la-verdure-le-pari-du-poumon-vert-tunisien\/381177\/"]}]},{"@type":"ImageObject","inLanguage":"fr-FR","@id":"https:\/\/www.webdo.tn\/fr\/actualite\/national\/du-beton-a-la-verdure-le-pari-du-poumon-vert-tunisien\/381177\/#primaryimage","url":"https:\/\/www.webdo.tn\/fr\/wp-content\/uploads\/2025\/08\/1624447205970.jpeg","contentUrl":"https:\/\/www.webdo.tn\/fr\/wp-content\/uploads\/2025\/08\/1624447205970.jpeg","width":1279,"height":720},{"@type":"BreadcrumbList","@id":"https:\/\/www.webdo.tn\/fr\/actualite\/national\/du-beton-a-la-verdure-le-pari-du-poumon-vert-tunisien\/381177\/#breadcrumb","itemListElement":[{"@type":"ListItem","position":1,"name":"Accueil","item":"https:\/\/www.webdo.tn\/fr\/"},{"@type":"ListItem","position":2,"name":"Du b\u00e9ton \u00e0 la verdure : Le pari du \u201cpoumon vert\u201d tunisien"}]},{"@type":"WebSite","@id":"https:\/\/www.webdo.tn\/fr\/#website","url":"https:\/\/www.webdo.tn\/fr\/","name":"webdo","description":"Tunisie - News en Tunisie et \u00e0 l&#039;international sur Webdo.tn","publisher":{"@id":"https:\/\/www.webdo.tn\/fr\/#organization"},"potentialAction":[{"@type":"SearchAction","target":{"@type":"EntryPoint","urlTemplate":"https:\/\/www.webdo.tn\/fr\/?s={search_term_string}"},"query-input":{"@type":"PropertyValueSpecification","valueRequired":true,"valueName":"search_term_string"}}],"inLanguage":"fr-FR"},{"@type":"Organization","@id":"https:\/\/www.webdo.tn\/fr\/#organization","name":"Webdo","alternateName":"Webdo.tn","url":"https:\/\/www.webdo.tn\/fr\/","logo":{"@type":"ImageObject","inLanguage":"fr-FR","@id":"https:\/\/www.webdo.tn\/fr\/#\/schema\/logo\/image\/","url":"https:\/\/www.webdo.tn\/fr\/wp-content\/uploads\/2025\/06\/Webdo-Tunisie_168377.jpg","contentUrl":"https:\/\/www.webdo.tn\/fr\/wp-content\/uploads\/2025\/06\/Webdo-Tunisie_168377.jpg","width":301,"height":301,"caption":"Webdo"},"image":{"@id":"https:\/\/www.webdo.tn\/fr\/#\/schema\/logo\/image\/"},"sameAs":["https:\/\/www.facebook.com\/webdotn","https:\/\/x.com\/webdo_tn"],"description":"Webdo est un m\u00e9dia num\u00e9rique tunisien fond\u00e9 en 2010, sp\u00e9cialis\u00e9 dans l\u2019actualit\u00e9 nationale et internationale, l\u2019\u00e9conomie, la soci\u00e9t\u00e9 et les analyses politiques. Le site s\u2019adresse \u00e0 un large public francophone et couvre l\u2019information tunisienne en temps r\u00e9el.","email":"redac@webdo.tn","legalName":"YNJ SARL","foundingDate":"2010-09-06","numberOfEmployees":{"@type":"QuantitativeValue","minValue":"11","maxValue":"50"}},{"@type":"Person","@id":"https:\/\/www.webdo.tn\/fr\/#\/schema\/person\/b9ecde7a5574cb4fcf4b496ea5fadb15","name":"Wided Belhaj","image":{"@type":"ImageObject","inLanguage":"fr-FR","@id":"https:\/\/www.webdo.tn\/fr\/wp-content\/uploads\/2026\/04\/wided-belhaj_avatar-96x96.jpg","url":"https:\/\/www.webdo.tn\/fr\/wp-content\/uploads\/2026\/04\/wided-belhaj_avatar-96x96.jpg","contentUrl":"https:\/\/www.webdo.tn\/fr\/wp-content\/uploads\/2026\/04\/wided-belhaj_avatar-96x96.jpg","caption":"Wided Belhaj"},"description":"Wided Belhaj est le pseudonyme \u00e9ditorial utilis\u00e9 par Khalil Jelassi, journaliste, ma\u00eetre-assistant \u00e0 l\u2019Institut de presse et des sciences de l\u2019information (IPSI) et chercheur en sciences de l\u2019information et de la communication. Cette signature est d\u00e9di\u00e9e \u00e0 l\u2019analyse des m\u00e9dias, des pratiques journalistiques et des mutations de l\u2019information \u00e0 l\u2019\u00e8re digitale. \u00c0 travers ses contributions, Wided Belhaj propose une lecture analytique de l\u2019actualit\u00e9, en croisant regard critique et expertise acad\u00e9mique.","knowsAbout":["m\u00e9dias","journalisme","communication","information","transformation num\u00e9rique","analyse des m\u00e9dias"],"knowsLanguage":["Fran\u00e7ais","Arabe"],"jobTitle":"Webdo.tn","worksFor":"Journaliste \u2013 Analyse des m\u00e9dias","url":"https:\/\/www.webdo.tn\/fr\/actualite\/author\/wided-belhaj\/"}]}},"_links":{"self":[{"href":"https:\/\/www.webdo.tn\/fr\/wp-json\/wp\/v2\/posts\/381177","targetHints":{"allow":["GET"]}}],"collection":[{"href":"https:\/\/www.webdo.tn\/fr\/wp-json\/wp\/v2\/posts"}],"about":[{"href":"https:\/\/www.webdo.tn\/fr\/wp-json\/wp\/v2\/types\/post"}],"author":[{"embeddable":true,"href":"https:\/\/www.webdo.tn\/fr\/wp-json\/wp\/v2\/users\/3184"}],"replies":[{"embeddable":true,"href":"https:\/\/www.webdo.tn\/fr\/wp-json\/wp\/v2\/comments?post=381177"}],"version-history":[{"count":0,"href":"https:\/\/www.webdo.tn\/fr\/wp-json\/wp\/v2\/posts\/381177\/revisions"}],"wp:featuredmedia":[{"embeddable":true,"href":"https:\/\/www.webdo.tn\/fr\/wp-json\/wp\/v2\/media\/381178"}],"wp:attachment":[{"href":"https:\/\/www.webdo.tn\/fr\/wp-json\/wp\/v2\/media?parent=381177"}],"wp:term":[{"taxonomy":"category","embeddable":true,"href":"https:\/\/www.webdo.tn\/fr\/wp-json\/wp\/v2\/categories?post=381177"},{"taxonomy":"post_tag","embeddable":true,"href":"https:\/\/www.webdo.tn\/fr\/wp-json\/wp\/v2\/tags?post=381177"}],"curies":[{"name":"wp","href":"https:\/\/api.w.org\/{rel}","templated":true}]}}