{"id":381164,"date":"2025-08-08T13:22:36","date_gmt":"2025-08-08T12:22:36","guid":{"rendered":"https:\/\/www.webdo.tn\/fr\/?p=381164"},"modified":"2025-08-09T16:01:02","modified_gmt":"2025-08-09T15:01:02","slug":"attaque-contre-lugtt-les-partis-politiques-denoncent-un-developpement-dangereux","status":"publish","type":"post","link":"https:\/\/www.webdo.tn\/fr\/actualite\/national\/attaque-contre-lugtt-les-partis-politiques-denoncent-un-developpement-dangereux\/381164\/","title":{"rendered":"Attaque contre l&rsquo;UGTT : les partis politiques d\u00e9noncent un \u00ab\u00a0d\u00e9veloppement dangereux\u00a0\u00bb"},"content":{"rendered":"\n<p><strong>L&rsquo;incident survenu jeudi devant le si\u00e8ge de l&rsquo;Union G\u00e9n\u00e9rale Tunisienne du Travail (UGTT) a d\u00e9clench\u00e9 une vague de condamnations de la part de plusieurs partis politiques et organisations de la soci\u00e9t\u00e9 civile.<\/strong><\/p>\n\n\n\n<p><a href=\"http:\/\/Tunisie : Tensions devant son si\u00e8ge, l\u2019UGTT d\u00e9nonce une attaque orchestr\u00e9e\">Des dizaines de personnes se sont rassembl\u00e9es devant le si\u00e8ge de l&rsquo;UGTT<\/a>, scandant des slogans hostiles et appelant \u00e0 la dissolution de la centrale syndicale. Les syndicalistes, de leur c\u00f4t\u00e9, ont form\u00e9 une cha\u00eene humaine pour emp\u00eacher l&rsquo;intrusion dans le b\u00e2timent. L&rsquo;UGTT a qualifi\u00e9 cette tentative d&rsquo;assaut d'\u00a0\u00bbattaque\u00a0\u00bb et de \u00ab\u00a0crime\u00a0\u00bb.<\/p>\n\n\n\n<p><a href=\"https:\/\/www.tap.info.tn\/ar\/%D9%88%D9%8A%D8%A8-%D8%B3%D9%8A%D8%AA-%D8%B3%D9%8A%D8%A7%D8%B3%D8%A9-Portal-Politic\/19084086-%D8%A3%D8%AD%D8%B2%D8%A7%D8%A8-%D8%B3%D9%8A%D8%A7%D8%B3%D9%8A%D8%A9\" target=\"_blank\" rel=\"noreferrer noopener\">Selon un communiqu\u00e9 de la TAP<\/a>, les partis et les organisations ont indiqu\u00e9 que les manifestants \u00e9taient des partisans du \u00ab\u00a0processus du 25 juillet\u00a0\u00bb ou des fid\u00e8les au pouvoir en place. Ils estiment que cette attaque s&rsquo;inscrit dans un contexte de restrictions croissantes impos\u00e9es par le pouvoir en place, visant \u00e0 entraver le travail syndical et \u00e0 interrompre les n\u00e9gociations avec les syndicats.<\/p>\n\n\n\n<h3 class=\"wp-block-heading\" id=\"h-reactions-des-partis-politiques-et-des-organisations\">R\u00e9actions des partis politiques et des organisations<\/h3>\n\n\n\n<ul class=\"wp-block-list\">\n<li><strong>La Coalition Soumoud<\/strong> a qualifi\u00e9 cette attaque de \u00ab\u00a0d\u00e9veloppement dangereux\u00a0\u00bb qui \u00e9touffe le climat de libert\u00e9 et vise une organisation nationale historique. La Coalition a appel\u00e9 \u00e0 une enqu\u00eate s\u00e9rieuse et transparente pour que les responsables soient tenus de rendre des comptes. Elle a \u00e9galement rappel\u00e9 \u00e0 l&rsquo;\u00c9tat sa responsabilit\u00e9 de prot\u00e9ger les si\u00e8ges des organisations et des partis.<\/li>\n\n\n\n<li><strong>Le Parti des Patriotes D\u00e9mocrates Unifi\u00e9 (PPDU)<\/strong> a vu dans cet incident un \u00e9pisode grave dans la campagne de provocation grandissante contre le travail syndical. Il a appel\u00e9 \u00e0 contrecarrer toutes les tentatives d&rsquo;atteinte au droit syndical et \u00e0 renforcer l&rsquo;unit\u00e9 syndicale pour faire face aux d\u00e9fis futurs.<\/li>\n\n\n\n<li><strong>Le Front de salut national<\/strong> a condamn\u00e9 l&rsquo;acte de s\u00e9dition et a exprim\u00e9 sa totale solidarit\u00e9 avec l&rsquo;UGTT. Il a consid\u00e9r\u00e9 les agressions contre les forces politiques et civiles comme une menace aux fondements de la vie d\u00e9mocratique.<\/li>\n\n\n\n<li><strong>Le R\u00e9seau tunisien des droits et des libert\u00e9s<\/strong> a d\u00e9nonc\u00e9 l&rsquo;attaque \u00ab\u00a0syst\u00e9matique\u00a0\u00bb contre l&rsquo;UGTT. Il a appel\u00e9 \u00e0 l&rsquo;ouverture d&rsquo;une enqu\u00eate et a exig\u00e9 que les responsables des incitations \u00e0 la violence soient traduits en justice.<\/li>\n<\/ul>\n\n\n\n<p>Suite \u00e0 ces \u00e9v\u00e9nements, le bureau ex\u00e9cutif de l&rsquo;UGTT a appel\u00e9 le minist\u00e8re public \u00e0 ouvrir une enqu\u00eate pour \u00ab\u00a0agression\u00a0\u00bb, \u00ab\u00a0diffamation\u00a0\u00bb et \u00ab\u00a0incitation \u00e0 la violence\u00a0\u00bb contre son organisation.<\/p>\n\n\n\n<p><strong>Lire aussi: <\/strong><a href=\"https:\/\/www.webdo.tn\/fr\/actualite\/national\/le-siege-de-lugtt-theatre-de-tension-sami-tahri-donne-sa-version-des-faits\/381109\/\">Le si\u00e8ge de l\u2019UGTT th\u00e9\u00e2tre de tension : Sami Tahri donne sa version des faits<\/a><\/p>\n","protected":false},"excerpt":{"rendered":"<p>L&rsquo;incident survenu jeudi devant le si\u00e8ge de l&rsquo;Union G\u00e9n\u00e9rale Tunisienne du Travail (UGTT) a d\u00e9clench\u00e9 une vague de condamnations de la part de plusieurs partis politiques et organisations de la soci\u00e9t\u00e9 civile. Des dizaines de personnes se sont rassembl\u00e9es devant le si\u00e8ge de l&rsquo;UGTT, scandant des slogans hostiles et appelant \u00e0 la dissolution de la [&hellip;]<\/p>\n","protected":false},"author":3203,"featured_media":381102,"comment_status":"open","ping_status":"open","sticky":false,"template":"","format":"standard","meta":{"footnotes":""},"categories":[44],"tags":[2608,2649],"class_list":["post-381164","post","type-post","status-publish","format-standard","has-post-thumbnail","hentry","category-national","tag-tunisie","tag-ugtt"],"yoast_head":"<!-- This site is optimized with the Yoast SEO Premium plugin v27.4 (Yoast SEO v27.4) - https:\/\/yoast.com\/product\/yoast-seo-premium-wordpress\/ -->\n<title>Attaque contre l&#039;UGTT : les partis politiques d\u00e9noncent un &quot;d\u00e9veloppement dangereux&quot; - webdo<\/title>\n<meta name=\"description\" content=\"D\u00e9couvrez les r\u00e9actions des partis politiques face \u00e0 l&#039;attaque contre l&#039;UGTT, qualifi\u00e9e de d\u00e9veloppement dangereux.\" \/>\n<link rel=\"canonical\" href=\"https:\/\/www.webdo.tn\/fr\/actualite\/national\/attaque-contre-lugtt-les-partis-politiques-denoncent-un-developpement-dangereux\/381164\/\" \/>\n<meta property=\"og:locale\" content=\"fr_FR\" \/>\n<meta property=\"og:type\" content=\"article\" \/>\n<meta property=\"og:title\" content=\"Attaque contre l&#039;UGTT : les partis politiques d\u00e9noncent un &quot;d\u00e9veloppement dangereux&quot;\" \/>\n<meta property=\"og:description\" content=\"D\u00e9couvrez les r\u00e9actions des partis politiques face \u00e0 l&#039;attaque contre l&#039;UGTT, qualifi\u00e9e de d\u00e9veloppement dangereux.\" \/>\n<meta property=\"og:url\" content=\"https:\/\/www.webdo.tn\/fr\/actualite\/national\/attaque-contre-lugtt-les-partis-politiques-denoncent-un-developpement-dangereux\/381164\/\" \/>\n<meta property=\"og:site_name\" content=\"webdo\" \/>\n<meta property=\"article:publisher\" content=\"https:\/\/www.facebook.com\/webdotn\" \/>\n<meta property=\"article:published_time\" content=\"2025-08-08T12:22:36+00:00\" \/>\n<meta property=\"article:modified_time\" content=\"2025-08-09T15:01:02+00:00\" \/>\n<meta property=\"og:image\" content=\"https:\/\/www.webdo.tn\/fr\/wp-content\/uploads\/2025\/08\/Capture-decran-2025-08-07-112857-1.png\" \/>\n\t<meta property=\"og:image:width\" content=\"628\" \/>\n\t<meta property=\"og:image:height\" content=\"597\" \/>\n\t<meta property=\"og:image:type\" content=\"image\/png\" \/>\n<meta name=\"author\" content=\"Ramzi Haddad\" \/>\n<meta name=\"twitter:card\" content=\"summary_large_image\" \/>\n<meta name=\"twitter:creator\" content=\"@webdo_tn\" \/>\n<meta name=\"twitter:site\" content=\"@webdo_tn\" \/>\n<meta name=\"twitter:label1\" content=\"\u00c9crit par\" \/>\n\t<meta name=\"twitter:data1\" content=\"Ramzi Haddad\" \/>\n\t<meta name=\"twitter:label2\" content=\"Dur\u00e9e de lecture estim\u00e9e\" \/>\n\t<meta name=\"twitter:data2\" content=\"3 minutes\" \/>\n<script type=\"application\/ld+json\" class=\"yoast-schema-graph\">{\"@context\":\"https:\\\/\\\/schema.org\",\"@graph\":[{\"@type\":\"NewsArticle\",\"@id\":\"https:\\\/\\\/www.webdo.tn\\\/fr\\\/actualite\\\/national\\\/attaque-contre-lugtt-les-partis-politiques-denoncent-un-developpement-dangereux\\\/381164\\\/#article\",\"isPartOf\":{\"@id\":\"https:\\\/\\\/www.webdo.tn\\\/fr\\\/actualite\\\/national\\\/attaque-contre-lugtt-les-partis-politiques-denoncent-un-developpement-dangereux\\\/381164\\\/\"},\"author\":{\"name\":\"Ramzi Haddad\",\"@id\":\"https:\\\/\\\/www.webdo.tn\\\/fr\\\/#\\\/schema\\\/person\\\/5663044c25eb36d8f88ba5b653f12f8c\"},\"headline\":\"Attaque contre l&rsquo;UGTT : les partis politiques d\u00e9noncent un \u00ab\u00a0d\u00e9veloppement dangereux\u00a0\u00bb\",\"datePublished\":\"2025-08-08T12:22:36+00:00\",\"dateModified\":\"2025-08-09T15:01:02+00:00\",\"mainEntityOfPage\":{\"@id\":\"https:\\\/\\\/www.webdo.tn\\\/fr\\\/actualite\\\/national\\\/attaque-contre-lugtt-les-partis-politiques-denoncent-un-developpement-dangereux\\\/381164\\\/\"},\"wordCount\":434,\"commentCount\":0,\"publisher\":{\"@id\":\"https:\\\/\\\/www.webdo.tn\\\/fr\\\/#organization\"},\"image\":{\"@id\":\"https:\\\/\\\/www.webdo.tn\\\/fr\\\/actualite\\\/national\\\/attaque-contre-lugtt-les-partis-politiques-denoncent-un-developpement-dangereux\\\/381164\\\/#primaryimage\"},\"thumbnailUrl\":\"https:\\\/\\\/www.webdo.tn\\\/fr\\\/wp-content\\\/uploads\\\/2025\\\/08\\\/Capture-decran-2025-08-07-112857-1.png\",\"keywords\":[\"Tunisie\",\"UGTT\"],\"articleSection\":[\"National\"],\"inLanguage\":\"fr-FR\"},{\"@type\":\"WebPage\",\"@id\":\"https:\\\/\\\/www.webdo.tn\\\/fr\\\/actualite\\\/national\\\/attaque-contre-lugtt-les-partis-politiques-denoncent-un-developpement-dangereux\\\/381164\\\/\",\"url\":\"https:\\\/\\\/www.webdo.tn\\\/fr\\\/actualite\\\/national\\\/attaque-contre-lugtt-les-partis-politiques-denoncent-un-developpement-dangereux\\\/381164\\\/\",\"name\":\"Attaque contre l'UGTT : les partis politiques d\u00e9noncent un \\\"d\u00e9veloppement dangereux\\\" - webdo\",\"isPartOf\":{\"@id\":\"https:\\\/\\\/www.webdo.tn\\\/fr\\\/#website\"},\"primaryImageOfPage\":{\"@id\":\"https:\\\/\\\/www.webdo.tn\\\/fr\\\/actualite\\\/national\\\/attaque-contre-lugtt-les-partis-politiques-denoncent-un-developpement-dangereux\\\/381164\\\/#primaryimage\"},\"image\":{\"@id\":\"https:\\\/\\\/www.webdo.tn\\\/fr\\\/actualite\\\/national\\\/attaque-contre-lugtt-les-partis-politiques-denoncent-un-developpement-dangereux\\\/381164\\\/#primaryimage\"},\"thumbnailUrl\":\"https:\\\/\\\/www.webdo.tn\\\/fr\\\/wp-content\\\/uploads\\\/2025\\\/08\\\/Capture-decran-2025-08-07-112857-1.png\",\"datePublished\":\"2025-08-08T12:22:36+00:00\",\"dateModified\":\"2025-08-09T15:01:02+00:00\",\"description\":\"D\u00e9couvrez les r\u00e9actions des partis politiques face \u00e0 l'attaque contre l'UGTT, qualifi\u00e9e de d\u00e9veloppement dangereux.\",\"breadcrumb\":{\"@id\":\"https:\\\/\\\/www.webdo.tn\\\/fr\\\/actualite\\\/national\\\/attaque-contre-lugtt-les-partis-politiques-denoncent-un-developpement-dangereux\\\/381164\\\/#breadcrumb\"},\"inLanguage\":\"fr-FR\",\"potentialAction\":[{\"@type\":\"ReadAction\",\"target\":[\"https:\\\/\\\/www.webdo.tn\\\/fr\\\/actualite\\\/national\\\/attaque-contre-lugtt-les-partis-politiques-denoncent-un-developpement-dangereux\\\/381164\\\/\"]}]},{\"@type\":\"ImageObject\",\"inLanguage\":\"fr-FR\",\"@id\":\"https:\\\/\\\/www.webdo.tn\\\/fr\\\/actualite\\\/national\\\/attaque-contre-lugtt-les-partis-politiques-denoncent-un-developpement-dangereux\\\/381164\\\/#primaryimage\",\"url\":\"https:\\\/\\\/www.webdo.tn\\\/fr\\\/wp-content\\\/uploads\\\/2025\\\/08\\\/Capture-decran-2025-08-07-112857-1.png\",\"contentUrl\":\"https:\\\/\\\/www.webdo.tn\\\/fr\\\/wp-content\\\/uploads\\\/2025\\\/08\\\/Capture-decran-2025-08-07-112857-1.png\",\"width\":628,\"height\":597,\"caption\":\"Attaque contre l'UGTT\"},{\"@type\":\"BreadcrumbList\",\"@id\":\"https:\\\/\\\/www.webdo.tn\\\/fr\\\/actualite\\\/national\\\/attaque-contre-lugtt-les-partis-politiques-denoncent-un-developpement-dangereux\\\/381164\\\/#breadcrumb\",\"itemListElement\":[{\"@type\":\"ListItem\",\"position\":1,\"name\":\"Accueil\",\"item\":\"https:\\\/\\\/www.webdo.tn\\\/fr\\\/\"},{\"@type\":\"ListItem\",\"position\":2,\"name\":\"Attaque contre l&rsquo;UGTT : les partis politiques d\u00e9noncent un \u00ab\u00a0d\u00e9veloppement dangereux\u00a0\u00bb\"}]},{\"@type\":\"WebSite\",\"@id\":\"https:\\\/\\\/www.webdo.tn\\\/fr\\\/#website\",\"url\":\"https:\\\/\\\/www.webdo.tn\\\/fr\\\/\",\"name\":\"webdo\",\"description\":\"Tunisie - News en Tunisie et \u00e0 l&#039;international sur Webdo.tn\",\"publisher\":{\"@id\":\"https:\\\/\\\/www.webdo.tn\\\/fr\\\/#organization\"},\"potentialAction\":[{\"@type\":\"SearchAction\",\"target\":{\"@type\":\"EntryPoint\",\"urlTemplate\":\"https:\\\/\\\/www.webdo.tn\\\/fr\\\/?s={search_term_string}\"},\"query-input\":{\"@type\":\"PropertyValueSpecification\",\"valueRequired\":true,\"valueName\":\"search_term_string\"}}],\"inLanguage\":\"fr-FR\"},{\"@type\":\"Organization\",\"@id\":\"https:\\\/\\\/www.webdo.tn\\\/fr\\\/#organization\",\"name\":\"Webdo\",\"alternateName\":\"Webdo.tn\",\"url\":\"https:\\\/\\\/www.webdo.tn\\\/fr\\\/\",\"logo\":{\"@type\":\"ImageObject\",\"inLanguage\":\"fr-FR\",\"@id\":\"https:\\\/\\\/www.webdo.tn\\\/fr\\\/#\\\/schema\\\/logo\\\/image\\\/\",\"url\":\"https:\\\/\\\/www.webdo.tn\\\/fr\\\/wp-content\\\/uploads\\\/2025\\\/06\\\/Webdo-Tunisie_168377.jpg\",\"contentUrl\":\"https:\\\/\\\/www.webdo.tn\\\/fr\\\/wp-content\\\/uploads\\\/2025\\\/06\\\/Webdo-Tunisie_168377.jpg\",\"width\":301,\"height\":301,\"caption\":\"Webdo\"},\"image\":{\"@id\":\"https:\\\/\\\/www.webdo.tn\\\/fr\\\/#\\\/schema\\\/logo\\\/image\\\/\"},\"sameAs\":[\"https:\\\/\\\/www.facebook.com\\\/webdotn\",\"https:\\\/\\\/x.com\\\/webdo_tn\"],\"description\":\"Webdo est un m\u00e9dia num\u00e9rique tunisien fond\u00e9 en 2010, sp\u00e9cialis\u00e9 dans l\u2019actualit\u00e9 nationale et internationale, l\u2019\u00e9conomie, la soci\u00e9t\u00e9 et les analyses politiques. Le site s\u2019adresse \u00e0 un large public francophone et couvre l\u2019information tunisienne en temps r\u00e9el.\",\"email\":\"redac@webdo.tn\",\"legalName\":\"YNJ SARL\",\"foundingDate\":\"2010-09-06\",\"numberOfEmployees\":{\"@type\":\"QuantitativeValue\",\"minValue\":\"11\",\"maxValue\":\"50\"}},{\"@type\":\"Person\",\"@id\":\"https:\\\/\\\/www.webdo.tn\\\/fr\\\/#\\\/schema\\\/person\\\/5663044c25eb36d8f88ba5b653f12f8c\",\"name\":\"Ramzi Haddad\",\"image\":{\"@type\":\"ImageObject\",\"inLanguage\":\"fr-FR\",\"@id\":\"https:\\\/\\\/www.webdo.tn\\\/fr\\\/wp-content\\\/uploads\\\/2026\\\/04\\\/ramzi-haddad_avatar-96x96.jpg\",\"url\":\"https:\\\/\\\/www.webdo.tn\\\/fr\\\/wp-content\\\/uploads\\\/2026\\\/04\\\/ramzi-haddad_avatar-96x96.jpg\",\"contentUrl\":\"https:\\\/\\\/www.webdo.tn\\\/fr\\\/wp-content\\\/uploads\\\/2026\\\/04\\\/ramzi-haddad_avatar-96x96.jpg\",\"caption\":\"Ramzi Haddad\"},\"description\":\"Signature \u00e9ditoriale de Walid Ben Youssef Ramzi Haddad est le pseudonyme \u00e9ditorial de Walid Ben Youssef, fondateur et g\u00e9rant de Webdo.tn. Cette signature est d\u00e9di\u00e9e \u00e0 la couverture de l'actualit\u00e9 nationale et internationale, ainsi qu'aux analyses des dynamiques num\u00e9riques. Ce profil b\u00e9n\u00e9ficie de l'expertise de Walid Ben Youssef, pionnier du web en Tunisie depuis 2000 et dipl\u00f4m\u00e9 en Math\u00e9matiques pures de l'Universit\u00e9 d'Oregon. \u00c0 travers cette signature, la r\u00e9daction de Webdo garantit une information structur\u00e9e et v\u00e9rifi\u00e9e, fid\u00e8le aux standards journalistiques du m\u00e9dia.\",\"url\":\"https:\\\/\\\/www.webdo.tn\\\/fr\\\/actualite\\\/author\\\/ramzi-haddad\\\/\"}]}<\/script>\n<!-- \/ Yoast SEO Premium plugin. -->","yoast_head_json":{"title":"Attaque contre l'UGTT : les partis politiques d\u00e9noncent un \"d\u00e9veloppement dangereux\" - webdo","description":"D\u00e9couvrez les r\u00e9actions des partis politiques face \u00e0 l'attaque contre l'UGTT, qualifi\u00e9e de d\u00e9veloppement dangereux.","canonical":"https:\/\/www.webdo.tn\/fr\/actualite\/national\/attaque-contre-lugtt-les-partis-politiques-denoncent-un-developpement-dangereux\/381164\/","og_locale":"fr_FR","og_type":"article","og_title":"Attaque contre l'UGTT : les partis politiques d\u00e9noncent un \"d\u00e9veloppement dangereux\"","og_description":"D\u00e9couvrez les r\u00e9actions des partis politiques face \u00e0 l'attaque contre l'UGTT, qualifi\u00e9e de d\u00e9veloppement dangereux.","og_url":"https:\/\/www.webdo.tn\/fr\/actualite\/national\/attaque-contre-lugtt-les-partis-politiques-denoncent-un-developpement-dangereux\/381164\/","og_site_name":"webdo","article_publisher":"https:\/\/www.facebook.com\/webdotn","article_published_time":"2025-08-08T12:22:36+00:00","article_modified_time":"2025-08-09T15:01:02+00:00","og_image":[{"width":628,"height":597,"url":"https:\/\/www.webdo.tn\/fr\/wp-content\/uploads\/2025\/08\/Capture-decran-2025-08-07-112857-1.png","type":"image\/png"}],"author":"Ramzi Haddad","twitter_card":"summary_large_image","twitter_creator":"@webdo_tn","twitter_site":"@webdo_tn","twitter_misc":{"\u00c9crit par":"Ramzi Haddad","Dur\u00e9e de lecture estim\u00e9e":"3 minutes"},"schema":{"@context":"https:\/\/schema.org","@graph":[{"@type":"NewsArticle","@id":"https:\/\/www.webdo.tn\/fr\/actualite\/national\/attaque-contre-lugtt-les-partis-politiques-denoncent-un-developpement-dangereux\/381164\/#article","isPartOf":{"@id":"https:\/\/www.webdo.tn\/fr\/actualite\/national\/attaque-contre-lugtt-les-partis-politiques-denoncent-un-developpement-dangereux\/381164\/"},"author":{"name":"Ramzi Haddad","@id":"https:\/\/www.webdo.tn\/fr\/#\/schema\/person\/5663044c25eb36d8f88ba5b653f12f8c"},"headline":"Attaque contre l&rsquo;UGTT : les partis politiques d\u00e9noncent un \u00ab\u00a0d\u00e9veloppement dangereux\u00a0\u00bb","datePublished":"2025-08-08T12:22:36+00:00","dateModified":"2025-08-09T15:01:02+00:00","mainEntityOfPage":{"@id":"https:\/\/www.webdo.tn\/fr\/actualite\/national\/attaque-contre-lugtt-les-partis-politiques-denoncent-un-developpement-dangereux\/381164\/"},"wordCount":434,"commentCount":0,"publisher":{"@id":"https:\/\/www.webdo.tn\/fr\/#organization"},"image":{"@id":"https:\/\/www.webdo.tn\/fr\/actualite\/national\/attaque-contre-lugtt-les-partis-politiques-denoncent-un-developpement-dangereux\/381164\/#primaryimage"},"thumbnailUrl":"https:\/\/www.webdo.tn\/fr\/wp-content\/uploads\/2025\/08\/Capture-decran-2025-08-07-112857-1.png","keywords":["Tunisie","UGTT"],"articleSection":["National"],"inLanguage":"fr-FR"},{"@type":"WebPage","@id":"https:\/\/www.webdo.tn\/fr\/actualite\/national\/attaque-contre-lugtt-les-partis-politiques-denoncent-un-developpement-dangereux\/381164\/","url":"https:\/\/www.webdo.tn\/fr\/actualite\/national\/attaque-contre-lugtt-les-partis-politiques-denoncent-un-developpement-dangereux\/381164\/","name":"Attaque contre l'UGTT : les partis politiques d\u00e9noncent un \"d\u00e9veloppement dangereux\" - webdo","isPartOf":{"@id":"https:\/\/www.webdo.tn\/fr\/#website"},"primaryImageOfPage":{"@id":"https:\/\/www.webdo.tn\/fr\/actualite\/national\/attaque-contre-lugtt-les-partis-politiques-denoncent-un-developpement-dangereux\/381164\/#primaryimage"},"image":{"@id":"https:\/\/www.webdo.tn\/fr\/actualite\/national\/attaque-contre-lugtt-les-partis-politiques-denoncent-un-developpement-dangereux\/381164\/#primaryimage"},"thumbnailUrl":"https:\/\/www.webdo.tn\/fr\/wp-content\/uploads\/2025\/08\/Capture-decran-2025-08-07-112857-1.png","datePublished":"2025-08-08T12:22:36+00:00","dateModified":"2025-08-09T15:01:02+00:00","description":"D\u00e9couvrez les r\u00e9actions des partis politiques face \u00e0 l'attaque contre l'UGTT, qualifi\u00e9e de d\u00e9veloppement dangereux.","breadcrumb":{"@id":"https:\/\/www.webdo.tn\/fr\/actualite\/national\/attaque-contre-lugtt-les-partis-politiques-denoncent-un-developpement-dangereux\/381164\/#breadcrumb"},"inLanguage":"fr-FR","potentialAction":[{"@type":"ReadAction","target":["https:\/\/www.webdo.tn\/fr\/actualite\/national\/attaque-contre-lugtt-les-partis-politiques-denoncent-un-developpement-dangereux\/381164\/"]}]},{"@type":"ImageObject","inLanguage":"fr-FR","@id":"https:\/\/www.webdo.tn\/fr\/actualite\/national\/attaque-contre-lugtt-les-partis-politiques-denoncent-un-developpement-dangereux\/381164\/#primaryimage","url":"https:\/\/www.webdo.tn\/fr\/wp-content\/uploads\/2025\/08\/Capture-decran-2025-08-07-112857-1.png","contentUrl":"https:\/\/www.webdo.tn\/fr\/wp-content\/uploads\/2025\/08\/Capture-decran-2025-08-07-112857-1.png","width":628,"height":597,"caption":"Attaque contre l'UGTT"},{"@type":"BreadcrumbList","@id":"https:\/\/www.webdo.tn\/fr\/actualite\/national\/attaque-contre-lugtt-les-partis-politiques-denoncent-un-developpement-dangereux\/381164\/#breadcrumb","itemListElement":[{"@type":"ListItem","position":1,"name":"Accueil","item":"https:\/\/www.webdo.tn\/fr\/"},{"@type":"ListItem","position":2,"name":"Attaque contre l&rsquo;UGTT : les partis politiques d\u00e9noncent un \u00ab\u00a0d\u00e9veloppement dangereux\u00a0\u00bb"}]},{"@type":"WebSite","@id":"https:\/\/www.webdo.tn\/fr\/#website","url":"https:\/\/www.webdo.tn\/fr\/","name":"webdo","description":"Tunisie - News en Tunisie et \u00e0 l&#039;international sur Webdo.tn","publisher":{"@id":"https:\/\/www.webdo.tn\/fr\/#organization"},"potentialAction":[{"@type":"SearchAction","target":{"@type":"EntryPoint","urlTemplate":"https:\/\/www.webdo.tn\/fr\/?s={search_term_string}"},"query-input":{"@type":"PropertyValueSpecification","valueRequired":true,"valueName":"search_term_string"}}],"inLanguage":"fr-FR"},{"@type":"Organization","@id":"https:\/\/www.webdo.tn\/fr\/#organization","name":"Webdo","alternateName":"Webdo.tn","url":"https:\/\/www.webdo.tn\/fr\/","logo":{"@type":"ImageObject","inLanguage":"fr-FR","@id":"https:\/\/www.webdo.tn\/fr\/#\/schema\/logo\/image\/","url":"https:\/\/www.webdo.tn\/fr\/wp-content\/uploads\/2025\/06\/Webdo-Tunisie_168377.jpg","contentUrl":"https:\/\/www.webdo.tn\/fr\/wp-content\/uploads\/2025\/06\/Webdo-Tunisie_168377.jpg","width":301,"height":301,"caption":"Webdo"},"image":{"@id":"https:\/\/www.webdo.tn\/fr\/#\/schema\/logo\/image\/"},"sameAs":["https:\/\/www.facebook.com\/webdotn","https:\/\/x.com\/webdo_tn"],"description":"Webdo est un m\u00e9dia num\u00e9rique tunisien fond\u00e9 en 2010, sp\u00e9cialis\u00e9 dans l\u2019actualit\u00e9 nationale et internationale, l\u2019\u00e9conomie, la soci\u00e9t\u00e9 et les analyses politiques. Le site s\u2019adresse \u00e0 un large public francophone et couvre l\u2019information tunisienne en temps r\u00e9el.","email":"redac@webdo.tn","legalName":"YNJ SARL","foundingDate":"2010-09-06","numberOfEmployees":{"@type":"QuantitativeValue","minValue":"11","maxValue":"50"}},{"@type":"Person","@id":"https:\/\/www.webdo.tn\/fr\/#\/schema\/person\/5663044c25eb36d8f88ba5b653f12f8c","name":"Ramzi Haddad","image":{"@type":"ImageObject","inLanguage":"fr-FR","@id":"https:\/\/www.webdo.tn\/fr\/wp-content\/uploads\/2026\/04\/ramzi-haddad_avatar-96x96.jpg","url":"https:\/\/www.webdo.tn\/fr\/wp-content\/uploads\/2026\/04\/ramzi-haddad_avatar-96x96.jpg","contentUrl":"https:\/\/www.webdo.tn\/fr\/wp-content\/uploads\/2026\/04\/ramzi-haddad_avatar-96x96.jpg","caption":"Ramzi Haddad"},"description":"Signature \u00e9ditoriale de Walid Ben Youssef Ramzi Haddad est le pseudonyme \u00e9ditorial de Walid Ben Youssef, fondateur et g\u00e9rant de Webdo.tn. Cette signature est d\u00e9di\u00e9e \u00e0 la couverture de l'actualit\u00e9 nationale et internationale, ainsi qu'aux analyses des dynamiques num\u00e9riques. Ce profil b\u00e9n\u00e9ficie de l'expertise de Walid Ben Youssef, pionnier du web en Tunisie depuis 2000 et dipl\u00f4m\u00e9 en Math\u00e9matiques pures de l'Universit\u00e9 d'Oregon. \u00c0 travers cette signature, la r\u00e9daction de Webdo garantit une information structur\u00e9e et v\u00e9rifi\u00e9e, fid\u00e8le aux standards journalistiques du m\u00e9dia.","url":"https:\/\/www.webdo.tn\/fr\/actualite\/author\/ramzi-haddad\/"}]}},"_links":{"self":[{"href":"https:\/\/www.webdo.tn\/fr\/wp-json\/wp\/v2\/posts\/381164","targetHints":{"allow":["GET"]}}],"collection":[{"href":"https:\/\/www.webdo.tn\/fr\/wp-json\/wp\/v2\/posts"}],"about":[{"href":"https:\/\/www.webdo.tn\/fr\/wp-json\/wp\/v2\/types\/post"}],"author":[{"embeddable":true,"href":"https:\/\/www.webdo.tn\/fr\/wp-json\/wp\/v2\/users\/3203"}],"replies":[{"embeddable":true,"href":"https:\/\/www.webdo.tn\/fr\/wp-json\/wp\/v2\/comments?post=381164"}],"version-history":[{"count":0,"href":"https:\/\/www.webdo.tn\/fr\/wp-json\/wp\/v2\/posts\/381164\/revisions"}],"wp:featuredmedia":[{"embeddable":true,"href":"https:\/\/www.webdo.tn\/fr\/wp-json\/wp\/v2\/media\/381102"}],"wp:attachment":[{"href":"https:\/\/www.webdo.tn\/fr\/wp-json\/wp\/v2\/media?parent=381164"}],"wp:term":[{"taxonomy":"category","embeddable":true,"href":"https:\/\/www.webdo.tn\/fr\/wp-json\/wp\/v2\/categories?post=381164"},{"taxonomy":"post_tag","embeddable":true,"href":"https:\/\/www.webdo.tn\/fr\/wp-json\/wp\/v2\/tags?post=381164"}],"curies":[{"name":"wp","href":"https:\/\/api.w.org\/{rel}","templated":true}]}}