{"id":381137,"date":"2025-08-08T07:27:02","date_gmt":"2025-08-08T06:27:02","guid":{"rendered":"https:\/\/www.webdo.tn\/fr\/?p=381137"},"modified":"2025-08-18T08:18:36","modified_gmt":"2025-08-18T07:18:36","slug":"visas-et-gratuite-de-biens-lalgerie-riposte-a-la-france","status":"publish","type":"post","link":"https:\/\/www.webdo.tn\/fr\/actualite\/international\/visas-et-gratuite-de-biens-lalgerie-riposte-a-la-france\/381137\/","title":{"rendered":"Visas et gratuit\u00e9 de biens, l&rsquo;Alg\u00e9rie riposte \u00e0 la France"},"content":{"rendered":"\n<p><strong>La tension entre Alger et Paris franchit un nouveau palier. En r\u00e9action \u00e0 la suspension par la France de l\u2019accord de 2013 permettant aux d\u00e9tenteurs de passeports diplomatiques ou officiels alg\u00e9riens d\u2019entrer sans visa, l\u2019Alg\u00e9rie a annonc\u00e9 la fin imm\u00e9diate de cette exemption pour les diplomates fran\u00e7ais.<\/strong><\/p>\n\n\n\n<p>Cette mesure s\u2019accompagne d\u2019une suppression des privil\u00e8ges logistiques accord\u00e9s jusque-l\u00e0 aux repr\u00e9sentants fran\u00e7ais dans les ports et a\u00e9roports alg\u00e9riens. Alger d\u00e9nonce \u00e9galement les restrictions impos\u00e9es par Paris \u00e0 ses diplomates dans les zones s\u00e9curis\u00e9es des a\u00e9roports fran\u00e7ais, qu\u2019elle consid\u00e8re comme contraires \u00e0 la Convention de Vienne.<\/p>\n\n\n\n<p>La riposte ne s\u2019arr\u00eate pas l\u00e0 : l\u2019Alg\u00e9rie a retir\u00e9 la mise \u00e0 disposition gratuite de biens immobiliers \u00e0 la mission diplomatique fran\u00e7aise et a averti qu\u2019elle continuerait \u00e0 appliquer le principe de r\u00e9ciprocit\u00e9 \u00ab \u00e0 chaque mesure hostile \u00bb.<\/p>\n\n\n\n<p>Cette crise, l\u2019une des plus s\u00e9rieuses depuis des d\u00e9cennies, est nourrie par une accumulation de diff\u00e9rends : tensions sur la question migratoire, refus d\u2019Alger de reprendre certains ressortissants expuls\u00e9s, divergences politiques sur le Sahara occidental et expulsions de diplomates.<\/p>\n\n\n\n<p>Face \u00e0 ce climat de d\u00e9fiance, les deux capitales semblent engag\u00e9es dans une spirale de repr\u00e9sailles o\u00f9 chaque geste de l\u2019un entra\u00eene une r\u00e9ponse imm\u00e9diate de l\u2019autre. Une dynamique qui \u00e9loigne encore un peu plus la perspective d\u2019un apaisement rapide.<\/p>\n\n\n\n<p><strong>Lire aussi <\/strong>:<a href=\"https:\/\/www.webdo.tn\/fr\/actualite\/international\/france-algerie-la-rupture-est-en-marche\/381084\/\"> France\u2013Alg\u00e9rie : La rupture est en marche !<\/a><br><\/p>\n","protected":false},"excerpt":{"rendered":"<p>La tension entre Alger et Paris franchit un nouveau palier. En r\u00e9action \u00e0 la suspension par la France de l\u2019accord de 2013 permettant aux d\u00e9tenteurs de passeports diplomatiques ou officiels alg\u00e9riens d\u2019entrer sans visa, l\u2019Alg\u00e9rie a annonc\u00e9 la fin imm\u00e9diate de cette exemption pour les diplomates fran\u00e7ais. Cette mesure s\u2019accompagne d\u2019une suppression des privil\u00e8ges logistiques [&hellip;]<\/p>\n","protected":false},"author":3184,"featured_media":376499,"comment_status":"open","ping_status":"open","sticky":false,"template":"","format":"standard","meta":{"footnotes":""},"categories":[2598],"tags":[2907,2990,2998,5270],"class_list":["post-381137","post","type-post","status-publish","format-standard","has-post-thumbnail","hentry","category-international","tag-algerie","tag-diplomatie","tag-france","tag-paris"],"yoast_head":"<!-- This site is optimized with the Yoast SEO Premium plugin v27.4 (Yoast SEO v27.5) - https:\/\/yoast.com\/product\/yoast-seo-premium-wordpress\/ -->\n<title>Visas et gratuit\u00e9 de biens, l&#039;Alg\u00e9rie riposte \u00e0 la France - webdo<\/title>\n<meta name=\"description\" content=\"L\u2019Alg\u00e9rie r\u00e9agit aux nouvelles restrictions fran\u00e7aises en mettant fin \u00e0 l\u2019exemption pour les diplomates fran\u00e7ais.\" \/>\n<link rel=\"canonical\" href=\"https:\/\/www.webdo.tn\/fr\/actualite\/international\/visas-et-gratuite-de-biens-lalgerie-riposte-a-la-france\/381137\/\" \/>\n<meta property=\"og:locale\" content=\"fr_FR\" \/>\n<meta property=\"og:type\" content=\"article\" \/>\n<meta property=\"og:title\" content=\"Visas et gratuit\u00e9 de biens, l&#039;Alg\u00e9rie riposte \u00e0 la France\" \/>\n<meta property=\"og:description\" content=\"L\u2019Alg\u00e9rie r\u00e9agit aux nouvelles restrictions fran\u00e7aises en mettant fin \u00e0 l\u2019exemption pour les diplomates fran\u00e7ais.\" \/>\n<meta property=\"og:url\" content=\"https:\/\/www.webdo.tn\/fr\/actualite\/international\/visas-et-gratuite-de-biens-lalgerie-riposte-a-la-france\/381137\/\" \/>\n<meta property=\"og:site_name\" content=\"webdo\" \/>\n<meta property=\"article:publisher\" content=\"https:\/\/www.facebook.com\/webdotn\" \/>\n<meta property=\"article:published_time\" content=\"2025-08-08T06:27:02+00:00\" \/>\n<meta property=\"article:modified_time\" content=\"2025-08-18T07:18:36+00:00\" \/>\n<meta property=\"og:image\" content=\"https:\/\/www.webdo.tn\/fr\/wp-content\/uploads\/2025\/05\/8a8f4cc11efa2dd7dd8556e83b22c03f.webp\" \/>\n\t<meta property=\"og:image:width\" content=\"750\" \/>\n\t<meta property=\"og:image:height\" content=\"400\" \/>\n\t<meta property=\"og:image:type\" content=\"image\/webp\" \/>\n<meta name=\"author\" content=\"Wided Belhaj\" \/>\n<meta name=\"twitter:card\" content=\"summary_large_image\" \/>\n<meta name=\"twitter:creator\" content=\"@webdo_tn\" \/>\n<meta name=\"twitter:site\" content=\"@webdo_tn\" \/>\n<meta name=\"twitter:label1\" content=\"\u00c9crit par\" \/>\n\t<meta name=\"twitter:data1\" content=\"Wided Belhaj\" \/>\n\t<meta name=\"twitter:label2\" content=\"Dur\u00e9e de lecture estim\u00e9e\" \/>\n\t<meta name=\"twitter:data2\" content=\"2 minutes\" \/>\n<script type=\"application\/ld+json\" class=\"yoast-schema-graph\">{\"@context\":\"https:\\\/\\\/schema.org\",\"@graph\":[{\"@type\":\"NewsArticle\",\"@id\":\"https:\\\/\\\/www.webdo.tn\\\/fr\\\/actualite\\\/international\\\/visas-et-gratuite-de-biens-lalgerie-riposte-a-la-france\\\/381137\\\/#article\",\"isPartOf\":{\"@id\":\"https:\\\/\\\/www.webdo.tn\\\/fr\\\/actualite\\\/international\\\/visas-et-gratuite-de-biens-lalgerie-riposte-a-la-france\\\/381137\\\/\"},\"author\":{\"name\":\"Wided Belhaj\",\"@id\":\"https:\\\/\\\/www.webdo.tn\\\/fr\\\/#\\\/schema\\\/person\\\/b9ecde7a5574cb4fcf4b496ea5fadb15\"},\"headline\":\"Visas et gratuit\u00e9 de biens, l&rsquo;Alg\u00e9rie riposte \u00e0 la France\",\"datePublished\":\"2025-08-08T06:27:02+00:00\",\"dateModified\":\"2025-08-18T07:18:36+00:00\",\"mainEntityOfPage\":{\"@id\":\"https:\\\/\\\/www.webdo.tn\\\/fr\\\/actualite\\\/international\\\/visas-et-gratuite-de-biens-lalgerie-riposte-a-la-france\\\/381137\\\/\"},\"wordCount\":267,\"commentCount\":0,\"publisher\":{\"@id\":\"https:\\\/\\\/www.webdo.tn\\\/fr\\\/#organization\"},\"image\":{\"@id\":\"https:\\\/\\\/www.webdo.tn\\\/fr\\\/actualite\\\/international\\\/visas-et-gratuite-de-biens-lalgerie-riposte-a-la-france\\\/381137\\\/#primaryimage\"},\"thumbnailUrl\":\"https:\\\/\\\/www.webdo.tn\\\/fr\\\/wp-content\\\/uploads\\\/2025\\\/05\\\/8a8f4cc11efa2dd7dd8556e83b22c03f.webp\",\"keywords\":[\"Alg\u00e9rie\",\"Diplomatie\",\"france\",\"Paris\"],\"articleSection\":[\"International\"],\"inLanguage\":\"fr-FR\"},{\"@type\":\"WebPage\",\"@id\":\"https:\\\/\\\/www.webdo.tn\\\/fr\\\/actualite\\\/international\\\/visas-et-gratuite-de-biens-lalgerie-riposte-a-la-france\\\/381137\\\/\",\"url\":\"https:\\\/\\\/www.webdo.tn\\\/fr\\\/actualite\\\/international\\\/visas-et-gratuite-de-biens-lalgerie-riposte-a-la-france\\\/381137\\\/\",\"name\":\"Visas et gratuit\u00e9 de biens, l'Alg\u00e9rie riposte \u00e0 la France - webdo\",\"isPartOf\":{\"@id\":\"https:\\\/\\\/www.webdo.tn\\\/fr\\\/#website\"},\"primaryImageOfPage\":{\"@id\":\"https:\\\/\\\/www.webdo.tn\\\/fr\\\/actualite\\\/international\\\/visas-et-gratuite-de-biens-lalgerie-riposte-a-la-france\\\/381137\\\/#primaryimage\"},\"image\":{\"@id\":\"https:\\\/\\\/www.webdo.tn\\\/fr\\\/actualite\\\/international\\\/visas-et-gratuite-de-biens-lalgerie-riposte-a-la-france\\\/381137\\\/#primaryimage\"},\"thumbnailUrl\":\"https:\\\/\\\/www.webdo.tn\\\/fr\\\/wp-content\\\/uploads\\\/2025\\\/05\\\/8a8f4cc11efa2dd7dd8556e83b22c03f.webp\",\"datePublished\":\"2025-08-08T06:27:02+00:00\",\"dateModified\":\"2025-08-18T07:18:36+00:00\",\"description\":\"L\u2019Alg\u00e9rie r\u00e9agit aux nouvelles restrictions fran\u00e7aises en mettant fin \u00e0 l\u2019exemption pour les diplomates fran\u00e7ais.\",\"breadcrumb\":{\"@id\":\"https:\\\/\\\/www.webdo.tn\\\/fr\\\/actualite\\\/international\\\/visas-et-gratuite-de-biens-lalgerie-riposte-a-la-france\\\/381137\\\/#breadcrumb\"},\"inLanguage\":\"fr-FR\",\"potentialAction\":[{\"@type\":\"ReadAction\",\"target\":[\"https:\\\/\\\/www.webdo.tn\\\/fr\\\/actualite\\\/international\\\/visas-et-gratuite-de-biens-lalgerie-riposte-a-la-france\\\/381137\\\/\"]}]},{\"@type\":\"ImageObject\",\"inLanguage\":\"fr-FR\",\"@id\":\"https:\\\/\\\/www.webdo.tn\\\/fr\\\/actualite\\\/international\\\/visas-et-gratuite-de-biens-lalgerie-riposte-a-la-france\\\/381137\\\/#primaryimage\",\"url\":\"https:\\\/\\\/www.webdo.tn\\\/fr\\\/wp-content\\\/uploads\\\/2025\\\/05\\\/8a8f4cc11efa2dd7dd8556e83b22c03f.webp\",\"contentUrl\":\"https:\\\/\\\/www.webdo.tn\\\/fr\\\/wp-content\\\/uploads\\\/2025\\\/05\\\/8a8f4cc11efa2dd7dd8556e83b22c03f.webp\",\"width\":750,\"height\":400,\"caption\":\"Tensions croissantes entre la France et l\u2019Alg\u00e9rie autour de l\u2019expulsion de diplomates\"},{\"@type\":\"BreadcrumbList\",\"@id\":\"https:\\\/\\\/www.webdo.tn\\\/fr\\\/actualite\\\/international\\\/visas-et-gratuite-de-biens-lalgerie-riposte-a-la-france\\\/381137\\\/#breadcrumb\",\"itemListElement\":[{\"@type\":\"ListItem\",\"position\":1,\"name\":\"Accueil\",\"item\":\"https:\\\/\\\/www.webdo.tn\\\/fr\\\/\"},{\"@type\":\"ListItem\",\"position\":2,\"name\":\"Visas et gratuit\u00e9 de biens, l&rsquo;Alg\u00e9rie riposte \u00e0 la France\"}]},{\"@type\":\"WebSite\",\"@id\":\"https:\\\/\\\/www.webdo.tn\\\/fr\\\/#website\",\"url\":\"https:\\\/\\\/www.webdo.tn\\\/fr\\\/\",\"name\":\"webdo\",\"description\":\"Tunisie - News en Tunisie et \u00e0 l&#039;international sur Webdo.tn\",\"publisher\":{\"@id\":\"https:\\\/\\\/www.webdo.tn\\\/fr\\\/#organization\"},\"potentialAction\":[{\"@type\":\"SearchAction\",\"target\":{\"@type\":\"EntryPoint\",\"urlTemplate\":\"https:\\\/\\\/www.webdo.tn\\\/fr\\\/?s={search_term_string}\"},\"query-input\":{\"@type\":\"PropertyValueSpecification\",\"valueRequired\":true,\"valueName\":\"search_term_string\"}}],\"inLanguage\":\"fr-FR\"},{\"@type\":\"Organization\",\"@id\":\"https:\\\/\\\/www.webdo.tn\\\/fr\\\/#organization\",\"name\":\"Webdo\",\"alternateName\":\"Webdo.tn\",\"url\":\"https:\\\/\\\/www.webdo.tn\\\/fr\\\/\",\"logo\":{\"@type\":\"ImageObject\",\"inLanguage\":\"fr-FR\",\"@id\":\"https:\\\/\\\/www.webdo.tn\\\/fr\\\/#\\\/schema\\\/logo\\\/image\\\/\",\"url\":\"https:\\\/\\\/www.webdo.tn\\\/fr\\\/wp-content\\\/uploads\\\/2025\\\/06\\\/Webdo-Tunisie_168377.jpg\",\"contentUrl\":\"https:\\\/\\\/www.webdo.tn\\\/fr\\\/wp-content\\\/uploads\\\/2025\\\/06\\\/Webdo-Tunisie_168377.jpg\",\"width\":301,\"height\":301,\"caption\":\"Webdo\"},\"image\":{\"@id\":\"https:\\\/\\\/www.webdo.tn\\\/fr\\\/#\\\/schema\\\/logo\\\/image\\\/\"},\"sameAs\":[\"https:\\\/\\\/www.facebook.com\\\/webdotn\",\"https:\\\/\\\/x.com\\\/webdo_tn\"],\"description\":\"Webdo est un m\u00e9dia num\u00e9rique tunisien fond\u00e9 en 2010, sp\u00e9cialis\u00e9 dans l\u2019actualit\u00e9 nationale et internationale, l\u2019\u00e9conomie, la soci\u00e9t\u00e9 et les analyses politiques. Le site s\u2019adresse \u00e0 un large public francophone et couvre l\u2019information tunisienne en temps r\u00e9el.\",\"email\":\"redac@webdo.tn\",\"legalName\":\"YNJ SARL\",\"foundingDate\":\"2010-09-06\",\"numberOfEmployees\":{\"@type\":\"QuantitativeValue\",\"minValue\":\"11\",\"maxValue\":\"50\"}},{\"@type\":\"Person\",\"@id\":\"https:\\\/\\\/www.webdo.tn\\\/fr\\\/#\\\/schema\\\/person\\\/b9ecde7a5574cb4fcf4b496ea5fadb15\",\"name\":\"Wided Belhaj\",\"image\":{\"@type\":\"ImageObject\",\"inLanguage\":\"fr-FR\",\"@id\":\"https:\\\/\\\/www.webdo.tn\\\/fr\\\/wp-content\\\/uploads\\\/2026\\\/04\\\/wided-belhaj_avatar-96x96.jpg\",\"url\":\"https:\\\/\\\/www.webdo.tn\\\/fr\\\/wp-content\\\/uploads\\\/2026\\\/04\\\/wided-belhaj_avatar-96x96.jpg\",\"contentUrl\":\"https:\\\/\\\/www.webdo.tn\\\/fr\\\/wp-content\\\/uploads\\\/2026\\\/04\\\/wided-belhaj_avatar-96x96.jpg\",\"caption\":\"Wided Belhaj\"},\"description\":\"Wided Belhaj est le pseudonyme \u00e9ditorial utilis\u00e9 par Khalil Jelassi, journaliste, ma\u00eetre-assistant \u00e0 l\u2019Institut de presse et des sciences de l\u2019information (IPSI) et chercheur en sciences de l\u2019information et de la communication. Cette signature est d\u00e9di\u00e9e \u00e0 l\u2019analyse des m\u00e9dias, des pratiques journalistiques et des mutations de l\u2019information \u00e0 l\u2019\u00e8re digitale. \u00c0 travers ses contributions, Wided Belhaj propose une lecture analytique de l\u2019actualit\u00e9, en croisant regard critique et expertise acad\u00e9mique.\",\"knowsAbout\":[\"m\u00e9dias\",\"journalisme\",\"communication\",\"information\",\"transformation num\u00e9rique\",\"analyse des m\u00e9dias\"],\"knowsLanguage\":[\"Fran\u00e7ais\",\"Arabe\"],\"jobTitle\":\"Webdo.tn\",\"worksFor\":\"Journaliste \u2013 Analyse des m\u00e9dias\",\"url\":\"https:\\\/\\\/www.webdo.tn\\\/fr\\\/actualite\\\/author\\\/wided-belhaj\\\/\"}]}<\/script>\n<!-- \/ Yoast SEO Premium plugin. -->","yoast_head_json":{"title":"Visas et gratuit\u00e9 de biens, l'Alg\u00e9rie riposte \u00e0 la France - webdo","description":"L\u2019Alg\u00e9rie r\u00e9agit aux nouvelles restrictions fran\u00e7aises en mettant fin \u00e0 l\u2019exemption pour les diplomates fran\u00e7ais.","canonical":"https:\/\/www.webdo.tn\/fr\/actualite\/international\/visas-et-gratuite-de-biens-lalgerie-riposte-a-la-france\/381137\/","og_locale":"fr_FR","og_type":"article","og_title":"Visas et gratuit\u00e9 de biens, l'Alg\u00e9rie riposte \u00e0 la France","og_description":"L\u2019Alg\u00e9rie r\u00e9agit aux nouvelles restrictions fran\u00e7aises en mettant fin \u00e0 l\u2019exemption pour les diplomates fran\u00e7ais.","og_url":"https:\/\/www.webdo.tn\/fr\/actualite\/international\/visas-et-gratuite-de-biens-lalgerie-riposte-a-la-france\/381137\/","og_site_name":"webdo","article_publisher":"https:\/\/www.facebook.com\/webdotn","article_published_time":"2025-08-08T06:27:02+00:00","article_modified_time":"2025-08-18T07:18:36+00:00","og_image":[{"width":750,"height":400,"url":"https:\/\/www.webdo.tn\/fr\/wp-content\/uploads\/2025\/05\/8a8f4cc11efa2dd7dd8556e83b22c03f.webp","type":"image\/webp"}],"author":"Wided Belhaj","twitter_card":"summary_large_image","twitter_creator":"@webdo_tn","twitter_site":"@webdo_tn","twitter_misc":{"\u00c9crit par":"Wided Belhaj","Dur\u00e9e de lecture estim\u00e9e":"2 minutes"},"schema":{"@context":"https:\/\/schema.org","@graph":[{"@type":"NewsArticle","@id":"https:\/\/www.webdo.tn\/fr\/actualite\/international\/visas-et-gratuite-de-biens-lalgerie-riposte-a-la-france\/381137\/#article","isPartOf":{"@id":"https:\/\/www.webdo.tn\/fr\/actualite\/international\/visas-et-gratuite-de-biens-lalgerie-riposte-a-la-france\/381137\/"},"author":{"name":"Wided Belhaj","@id":"https:\/\/www.webdo.tn\/fr\/#\/schema\/person\/b9ecde7a5574cb4fcf4b496ea5fadb15"},"headline":"Visas et gratuit\u00e9 de biens, l&rsquo;Alg\u00e9rie riposte \u00e0 la France","datePublished":"2025-08-08T06:27:02+00:00","dateModified":"2025-08-18T07:18:36+00:00","mainEntityOfPage":{"@id":"https:\/\/www.webdo.tn\/fr\/actualite\/international\/visas-et-gratuite-de-biens-lalgerie-riposte-a-la-france\/381137\/"},"wordCount":267,"commentCount":0,"publisher":{"@id":"https:\/\/www.webdo.tn\/fr\/#organization"},"image":{"@id":"https:\/\/www.webdo.tn\/fr\/actualite\/international\/visas-et-gratuite-de-biens-lalgerie-riposte-a-la-france\/381137\/#primaryimage"},"thumbnailUrl":"https:\/\/www.webdo.tn\/fr\/wp-content\/uploads\/2025\/05\/8a8f4cc11efa2dd7dd8556e83b22c03f.webp","keywords":["Alg\u00e9rie","Diplomatie","france","Paris"],"articleSection":["International"],"inLanguage":"fr-FR"},{"@type":"WebPage","@id":"https:\/\/www.webdo.tn\/fr\/actualite\/international\/visas-et-gratuite-de-biens-lalgerie-riposte-a-la-france\/381137\/","url":"https:\/\/www.webdo.tn\/fr\/actualite\/international\/visas-et-gratuite-de-biens-lalgerie-riposte-a-la-france\/381137\/","name":"Visas et gratuit\u00e9 de biens, l'Alg\u00e9rie riposte \u00e0 la France - webdo","isPartOf":{"@id":"https:\/\/www.webdo.tn\/fr\/#website"},"primaryImageOfPage":{"@id":"https:\/\/www.webdo.tn\/fr\/actualite\/international\/visas-et-gratuite-de-biens-lalgerie-riposte-a-la-france\/381137\/#primaryimage"},"image":{"@id":"https:\/\/www.webdo.tn\/fr\/actualite\/international\/visas-et-gratuite-de-biens-lalgerie-riposte-a-la-france\/381137\/#primaryimage"},"thumbnailUrl":"https:\/\/www.webdo.tn\/fr\/wp-content\/uploads\/2025\/05\/8a8f4cc11efa2dd7dd8556e83b22c03f.webp","datePublished":"2025-08-08T06:27:02+00:00","dateModified":"2025-08-18T07:18:36+00:00","description":"L\u2019Alg\u00e9rie r\u00e9agit aux nouvelles restrictions fran\u00e7aises en mettant fin \u00e0 l\u2019exemption pour les diplomates fran\u00e7ais.","breadcrumb":{"@id":"https:\/\/www.webdo.tn\/fr\/actualite\/international\/visas-et-gratuite-de-biens-lalgerie-riposte-a-la-france\/381137\/#breadcrumb"},"inLanguage":"fr-FR","potentialAction":[{"@type":"ReadAction","target":["https:\/\/www.webdo.tn\/fr\/actualite\/international\/visas-et-gratuite-de-biens-lalgerie-riposte-a-la-france\/381137\/"]}]},{"@type":"ImageObject","inLanguage":"fr-FR","@id":"https:\/\/www.webdo.tn\/fr\/actualite\/international\/visas-et-gratuite-de-biens-lalgerie-riposte-a-la-france\/381137\/#primaryimage","url":"https:\/\/www.webdo.tn\/fr\/wp-content\/uploads\/2025\/05\/8a8f4cc11efa2dd7dd8556e83b22c03f.webp","contentUrl":"https:\/\/www.webdo.tn\/fr\/wp-content\/uploads\/2025\/05\/8a8f4cc11efa2dd7dd8556e83b22c03f.webp","width":750,"height":400,"caption":"Tensions croissantes entre la France et l\u2019Alg\u00e9rie autour de l\u2019expulsion de diplomates"},{"@type":"BreadcrumbList","@id":"https:\/\/www.webdo.tn\/fr\/actualite\/international\/visas-et-gratuite-de-biens-lalgerie-riposte-a-la-france\/381137\/#breadcrumb","itemListElement":[{"@type":"ListItem","position":1,"name":"Accueil","item":"https:\/\/www.webdo.tn\/fr\/"},{"@type":"ListItem","position":2,"name":"Visas et gratuit\u00e9 de biens, l&rsquo;Alg\u00e9rie riposte \u00e0 la France"}]},{"@type":"WebSite","@id":"https:\/\/www.webdo.tn\/fr\/#website","url":"https:\/\/www.webdo.tn\/fr\/","name":"webdo","description":"Tunisie - News en Tunisie et \u00e0 l&#039;international sur Webdo.tn","publisher":{"@id":"https:\/\/www.webdo.tn\/fr\/#organization"},"potentialAction":[{"@type":"SearchAction","target":{"@type":"EntryPoint","urlTemplate":"https:\/\/www.webdo.tn\/fr\/?s={search_term_string}"},"query-input":{"@type":"PropertyValueSpecification","valueRequired":true,"valueName":"search_term_string"}}],"inLanguage":"fr-FR"},{"@type":"Organization","@id":"https:\/\/www.webdo.tn\/fr\/#organization","name":"Webdo","alternateName":"Webdo.tn","url":"https:\/\/www.webdo.tn\/fr\/","logo":{"@type":"ImageObject","inLanguage":"fr-FR","@id":"https:\/\/www.webdo.tn\/fr\/#\/schema\/logo\/image\/","url":"https:\/\/www.webdo.tn\/fr\/wp-content\/uploads\/2025\/06\/Webdo-Tunisie_168377.jpg","contentUrl":"https:\/\/www.webdo.tn\/fr\/wp-content\/uploads\/2025\/06\/Webdo-Tunisie_168377.jpg","width":301,"height":301,"caption":"Webdo"},"image":{"@id":"https:\/\/www.webdo.tn\/fr\/#\/schema\/logo\/image\/"},"sameAs":["https:\/\/www.facebook.com\/webdotn","https:\/\/x.com\/webdo_tn"],"description":"Webdo est un m\u00e9dia num\u00e9rique tunisien fond\u00e9 en 2010, sp\u00e9cialis\u00e9 dans l\u2019actualit\u00e9 nationale et internationale, l\u2019\u00e9conomie, la soci\u00e9t\u00e9 et les analyses politiques. Le site s\u2019adresse \u00e0 un large public francophone et couvre l\u2019information tunisienne en temps r\u00e9el.","email":"redac@webdo.tn","legalName":"YNJ SARL","foundingDate":"2010-09-06","numberOfEmployees":{"@type":"QuantitativeValue","minValue":"11","maxValue":"50"}},{"@type":"Person","@id":"https:\/\/www.webdo.tn\/fr\/#\/schema\/person\/b9ecde7a5574cb4fcf4b496ea5fadb15","name":"Wided Belhaj","image":{"@type":"ImageObject","inLanguage":"fr-FR","@id":"https:\/\/www.webdo.tn\/fr\/wp-content\/uploads\/2026\/04\/wided-belhaj_avatar-96x96.jpg","url":"https:\/\/www.webdo.tn\/fr\/wp-content\/uploads\/2026\/04\/wided-belhaj_avatar-96x96.jpg","contentUrl":"https:\/\/www.webdo.tn\/fr\/wp-content\/uploads\/2026\/04\/wided-belhaj_avatar-96x96.jpg","caption":"Wided Belhaj"},"description":"Wided Belhaj est le pseudonyme \u00e9ditorial utilis\u00e9 par Khalil Jelassi, journaliste, ma\u00eetre-assistant \u00e0 l\u2019Institut de presse et des sciences de l\u2019information (IPSI) et chercheur en sciences de l\u2019information et de la communication. Cette signature est d\u00e9di\u00e9e \u00e0 l\u2019analyse des m\u00e9dias, des pratiques journalistiques et des mutations de l\u2019information \u00e0 l\u2019\u00e8re digitale. \u00c0 travers ses contributions, Wided Belhaj propose une lecture analytique de l\u2019actualit\u00e9, en croisant regard critique et expertise acad\u00e9mique.","knowsAbout":["m\u00e9dias","journalisme","communication","information","transformation num\u00e9rique","analyse des m\u00e9dias"],"knowsLanguage":["Fran\u00e7ais","Arabe"],"jobTitle":"Webdo.tn","worksFor":"Journaliste \u2013 Analyse des m\u00e9dias","url":"https:\/\/www.webdo.tn\/fr\/actualite\/author\/wided-belhaj\/"}]}},"_links":{"self":[{"href":"https:\/\/www.webdo.tn\/fr\/wp-json\/wp\/v2\/posts\/381137","targetHints":{"allow":["GET"]}}],"collection":[{"href":"https:\/\/www.webdo.tn\/fr\/wp-json\/wp\/v2\/posts"}],"about":[{"href":"https:\/\/www.webdo.tn\/fr\/wp-json\/wp\/v2\/types\/post"}],"author":[{"embeddable":true,"href":"https:\/\/www.webdo.tn\/fr\/wp-json\/wp\/v2\/users\/3184"}],"replies":[{"embeddable":true,"href":"https:\/\/www.webdo.tn\/fr\/wp-json\/wp\/v2\/comments?post=381137"}],"version-history":[{"count":0,"href":"https:\/\/www.webdo.tn\/fr\/wp-json\/wp\/v2\/posts\/381137\/revisions"}],"wp:featuredmedia":[{"embeddable":true,"href":"https:\/\/www.webdo.tn\/fr\/wp-json\/wp\/v2\/media\/376499"}],"wp:attachment":[{"href":"https:\/\/www.webdo.tn\/fr\/wp-json\/wp\/v2\/media?parent=381137"}],"wp:term":[{"taxonomy":"category","embeddable":true,"href":"https:\/\/www.webdo.tn\/fr\/wp-json\/wp\/v2\/categories?post=381137"},{"taxonomy":"post_tag","embeddable":true,"href":"https:\/\/www.webdo.tn\/fr\/wp-json\/wp\/v2\/tags?post=381137"}],"curies":[{"name":"wp","href":"https:\/\/api.w.org\/{rel}","templated":true}]}}