{"id":381135,"date":"2025-08-08T07:20:45","date_gmt":"2025-08-08T06:20:45","guid":{"rendered":"https:\/\/www.webdo.tn\/fr\/?p=381135"},"modified":"2025-08-08T07:37:21","modified_gmt":"2025-08-08T06:37:21","slug":"netanyahu-veut-prendre-le-controle-total-de-gaza","status":"publish","type":"post","link":"https:\/\/www.webdo.tn\/fr\/actualite\/international\/netanyahu-veut-prendre-le-controle-total-de-gaza\/381135\/","title":{"rendered":"Netanyahu veut prendre le contr\u00f4le total de Gaza"},"content":{"rendered":"\n<p><strong>Le Premier ministre isra\u00e9lien Benjamin Netanyahu a affirm\u00e9, jeudi 7 ao\u00fbt, qu\u2019Isra\u00ebl entend \u00ab prendre le contr\u00f4le de toute la bande de Gaza \u00bb. Dans un entretien \u00e0 Fox News, il a pr\u00e9cis\u00e9 que cette prise de contr\u00f4le serait avant tout militaire, sans intention de gouverner directement le territoire. <\/strong><\/p>\n\n\n\n<p>L\u2019objectif affich\u00e9 : instaurer une zone s\u00e9curis\u00e9e avant de confier l\u2019administration \u00e0 des \u00ab forces arabes \u00bb civiles, non affili\u00e9es ni au Hamas ni \u00e0 l\u2019Autorit\u00e9 palestinienne.<\/p>\n\n\n\n<p>Quelques heures apr\u00e8s cette d\u00e9claration, le cabinet de s\u00e9curit\u00e9 isra\u00e9lien a approuv\u00e9 un plan op\u00e9rationnel visant, dans un premier temps, la prise de contr\u00f4le de la ville de Gaza. Cette premi\u00e8re \u00e9tape inclut la distribution d\u2019aide humanitaire aux civils d\u00e9plac\u00e9s, hors des zones de combat.<\/p>\n\n\n\n<p>Le plan adopt\u00e9 fixe cinq objectifs pour \u00ab conclure la guerre \u00bb :<\/p>\n\n\n\n<ol class=\"wp-block-list\">\n<li>\u00c9liminer les capacit\u00e9s militaires du Hamas.<\/li>\n\n\n\n<li>Lib\u00e9rer tous les otages, vivants ou morts.<\/li>\n\n\n\n<li>D\u00e9militariser la bande de Gaza.<\/li>\n\n\n\n<li>Assurer un contr\u00f4le s\u00e9curitaire isra\u00e9lien.<\/li>\n\n\n\n<li>Mettre en place une administration civile alternative.<\/li>\n<\/ol>\n\n\n\n<p>L\u2019annonce a imm\u00e9diatement suscit\u00e9 une vague de critiques. Des familles d\u2019otages, des ONG et plusieurs responsables militaires, dont le chef d\u2019\u00e9tat-major Eyal Zamir, ont mis en garde contre les risques : aggravation de la crise humanitaire, dangers pour les otages, et isolement diplomatique accru.<\/p>\n\n\n\n<p>Le Hamas a qualifi\u00e9 cette d\u00e9cision de \u00ab coup \u00bb servant les int\u00e9r\u00eats personnels de Netanyahu, accus\u00e9 de sacrifier les otages. Plusieurs \u00c9tats arabes, dont la Jordanie, ont rejet\u00e9 toute administration de Gaza impos\u00e9e de l\u2019ext\u00e9rieur, affirmant que seul un pouvoir palestinien issu des habitants du territoire pourrait \u00eatre l\u00e9gitime.<\/p>\n\n\n\n<p>Cette escalade politique et militaire, dans un contexte d\u00e9j\u00e0 explosif, pourrait marquer un tournant d\u00e9cisif dans le conflit, tout en ouvrant un nouveau front diplomatique pour Isra\u00ebl.<\/p>\n\n\n\n<p><\/p>\n","protected":false},"excerpt":{"rendered":"<p>Le Premier ministre isra\u00e9lien Benjamin Netanyahu a affirm\u00e9, jeudi 7 ao\u00fbt, qu\u2019Isra\u00ebl entend \u00ab prendre le contr\u00f4le de toute la bande de Gaza \u00bb. Dans un entretien \u00e0 Fox News, il a pr\u00e9cis\u00e9 que cette prise de contr\u00f4le serait avant tout militaire, sans intention de gouverner directement le territoire. L\u2019objectif affich\u00e9 : instaurer une zone [&hellip;]<\/p>\n","protected":false},"author":3184,"featured_media":380055,"comment_status":"open","ping_status":"open","sticky":false,"template":"","format":"standard","meta":{"footnotes":""},"categories":[2598],"tags":[2689,2600,5479],"class_list":["post-381135","post","type-post","status-publish","format-standard","has-post-thumbnail","hentry","category-international","tag-gaza","tag-guerre","tag-netanyahu"],"yoast_head":"<!-- This site is optimized with the Yoast SEO Premium plugin v27.5 (Yoast SEO v27.5) - https:\/\/yoast.com\/product\/yoast-seo-premium-wordpress\/ -->\n<title>Netanyahu veut prendre le contr\u00f4le total de Gaza - webdo<\/title>\n<meta name=\"description\" content=\"Benjamin Netanyahu discute du contr\u00f4le militaire de Gaza. D\u00e9couvrez les objectifs isra\u00e9liens et l&#039;impact sur la r\u00e9gion.\" \/>\n<link rel=\"canonical\" href=\"https:\/\/www.webdo.tn\/fr\/actualite\/international\/netanyahu-veut-prendre-le-controle-total-de-gaza\/381135\/\" \/>\n<meta property=\"og:locale\" content=\"fr_FR\" \/>\n<meta property=\"og:type\" content=\"article\" \/>\n<meta property=\"og:title\" content=\"Netanyahu veut prendre le contr\u00f4le total de Gaza\" \/>\n<meta property=\"og:description\" content=\"Benjamin Netanyahu discute du contr\u00f4le militaire de Gaza. D\u00e9couvrez les objectifs isra\u00e9liens et l&#039;impact sur la r\u00e9gion.\" \/>\n<meta property=\"og:url\" content=\"https:\/\/www.webdo.tn\/fr\/actualite\/international\/netanyahu-veut-prendre-le-controle-total-de-gaza\/381135\/\" \/>\n<meta property=\"og:site_name\" content=\"webdo\" \/>\n<meta property=\"article:publisher\" content=\"https:\/\/www.facebook.com\/webdotn\" \/>\n<meta property=\"article:published_time\" content=\"2025-08-08T06:20:45+00:00\" \/>\n<meta property=\"article:modified_time\" content=\"2025-08-08T06:37:21+00:00\" \/>\n<meta property=\"og:image\" content=\"https:\/\/www.webdo.tn\/fr\/wp-content\/uploads\/2025\/07\/Gaza-1.jpg\" \/>\n\t<meta property=\"og:image:width\" content=\"1024\" \/>\n\t<meta property=\"og:image:height\" content=\"665\" \/>\n\t<meta property=\"og:image:type\" content=\"image\/jpeg\" \/>\n<meta name=\"author\" content=\"Wided Belhaj\" \/>\n<meta name=\"twitter:card\" content=\"summary_large_image\" \/>\n<meta name=\"twitter:creator\" content=\"@webdo_tn\" \/>\n<meta name=\"twitter:site\" content=\"@webdo_tn\" \/>\n<meta name=\"twitter:label1\" content=\"\u00c9crit par\" \/>\n\t<meta name=\"twitter:data1\" content=\"Wided Belhaj\" \/>\n\t<meta name=\"twitter:label2\" content=\"Dur\u00e9e de lecture estim\u00e9e\" \/>\n\t<meta name=\"twitter:data2\" content=\"2 minutes\" \/>\n<script type=\"application\/ld+json\" class=\"yoast-schema-graph\">{\"@context\":\"https:\\\/\\\/schema.org\",\"@graph\":[{\"@type\":\"NewsArticle\",\"@id\":\"https:\\\/\\\/www.webdo.tn\\\/fr\\\/actualite\\\/international\\\/netanyahu-veut-prendre-le-controle-total-de-gaza\\\/381135\\\/#article\",\"isPartOf\":{\"@id\":\"https:\\\/\\\/www.webdo.tn\\\/fr\\\/actualite\\\/international\\\/netanyahu-veut-prendre-le-controle-total-de-gaza\\\/381135\\\/\"},\"author\":{\"name\":\"Wided Belhaj\",\"@id\":\"https:\\\/\\\/www.webdo.tn\\\/fr\\\/#\\\/schema\\\/person\\\/b9ecde7a5574cb4fcf4b496ea5fadb15\"},\"headline\":\"Netanyahu veut prendre le contr\u00f4le total de Gaza\",\"datePublished\":\"2025-08-08T06:20:45+00:00\",\"dateModified\":\"2025-08-08T06:37:21+00:00\",\"mainEntityOfPage\":{\"@id\":\"https:\\\/\\\/www.webdo.tn\\\/fr\\\/actualite\\\/international\\\/netanyahu-veut-prendre-le-controle-total-de-gaza\\\/381135\\\/\"},\"wordCount\":322,\"commentCount\":0,\"publisher\":{\"@id\":\"https:\\\/\\\/www.webdo.tn\\\/fr\\\/#organization\"},\"image\":{\"@id\":\"https:\\\/\\\/www.webdo.tn\\\/fr\\\/actualite\\\/international\\\/netanyahu-veut-prendre-le-controle-total-de-gaza\\\/381135\\\/#primaryimage\"},\"thumbnailUrl\":\"https:\\\/\\\/www.webdo.tn\\\/fr\\\/wp-content\\\/uploads\\\/2025\\\/07\\\/Gaza-1.jpg\",\"keywords\":[\"Gaza\",\"guerre\",\"Netanyahu\"],\"articleSection\":[\"International\"],\"inLanguage\":\"fr-FR\"},{\"@type\":\"WebPage\",\"@id\":\"https:\\\/\\\/www.webdo.tn\\\/fr\\\/actualite\\\/international\\\/netanyahu-veut-prendre-le-controle-total-de-gaza\\\/381135\\\/\",\"url\":\"https:\\\/\\\/www.webdo.tn\\\/fr\\\/actualite\\\/international\\\/netanyahu-veut-prendre-le-controle-total-de-gaza\\\/381135\\\/\",\"name\":\"Netanyahu veut prendre le contr\u00f4le total de Gaza - webdo\",\"isPartOf\":{\"@id\":\"https:\\\/\\\/www.webdo.tn\\\/fr\\\/#website\"},\"primaryImageOfPage\":{\"@id\":\"https:\\\/\\\/www.webdo.tn\\\/fr\\\/actualite\\\/international\\\/netanyahu-veut-prendre-le-controle-total-de-gaza\\\/381135\\\/#primaryimage\"},\"image\":{\"@id\":\"https:\\\/\\\/www.webdo.tn\\\/fr\\\/actualite\\\/international\\\/netanyahu-veut-prendre-le-controle-total-de-gaza\\\/381135\\\/#primaryimage\"},\"thumbnailUrl\":\"https:\\\/\\\/www.webdo.tn\\\/fr\\\/wp-content\\\/uploads\\\/2025\\\/07\\\/Gaza-1.jpg\",\"datePublished\":\"2025-08-08T06:20:45+00:00\",\"dateModified\":\"2025-08-08T06:37:21+00:00\",\"description\":\"Benjamin Netanyahu discute du contr\u00f4le militaire de Gaza. D\u00e9couvrez les objectifs isra\u00e9liens et l'impact sur la r\u00e9gion.\",\"breadcrumb\":{\"@id\":\"https:\\\/\\\/www.webdo.tn\\\/fr\\\/actualite\\\/international\\\/netanyahu-veut-prendre-le-controle-total-de-gaza\\\/381135\\\/#breadcrumb\"},\"inLanguage\":\"fr-FR\",\"potentialAction\":[{\"@type\":\"ReadAction\",\"target\":[\"https:\\\/\\\/www.webdo.tn\\\/fr\\\/actualite\\\/international\\\/netanyahu-veut-prendre-le-controle-total-de-gaza\\\/381135\\\/\"]}]},{\"@type\":\"ImageObject\",\"inLanguage\":\"fr-FR\",\"@id\":\"https:\\\/\\\/www.webdo.tn\\\/fr\\\/actualite\\\/international\\\/netanyahu-veut-prendre-le-controle-total-de-gaza\\\/381135\\\/#primaryimage\",\"url\":\"https:\\\/\\\/www.webdo.tn\\\/fr\\\/wp-content\\\/uploads\\\/2025\\\/07\\\/Gaza-1.jpg\",\"contentUrl\":\"https:\\\/\\\/www.webdo.tn\\\/fr\\\/wp-content\\\/uploads\\\/2025\\\/07\\\/Gaza-1.jpg\",\"width\":1024,\"height\":665,\"caption\":\"Gaza : La famine s'aggrave, l\u2019ONU alerte sur une d\u00e9t\u00e9rioration sans pr\u00e9c\u00e9dent\"},{\"@type\":\"BreadcrumbList\",\"@id\":\"https:\\\/\\\/www.webdo.tn\\\/fr\\\/actualite\\\/international\\\/netanyahu-veut-prendre-le-controle-total-de-gaza\\\/381135\\\/#breadcrumb\",\"itemListElement\":[{\"@type\":\"ListItem\",\"position\":1,\"name\":\"Accueil\",\"item\":\"https:\\\/\\\/www.webdo.tn\\\/fr\\\/\"},{\"@type\":\"ListItem\",\"position\":2,\"name\":\"Netanyahu veut prendre le contr\u00f4le total de Gaza\"}]},{\"@type\":\"WebSite\",\"@id\":\"https:\\\/\\\/www.webdo.tn\\\/fr\\\/#website\",\"url\":\"https:\\\/\\\/www.webdo.tn\\\/fr\\\/\",\"name\":\"webdo\",\"description\":\"Tunisie - News en Tunisie et \u00e0 l&#039;international sur Webdo.tn\",\"publisher\":{\"@id\":\"https:\\\/\\\/www.webdo.tn\\\/fr\\\/#organization\"},\"potentialAction\":[{\"@type\":\"SearchAction\",\"target\":{\"@type\":\"EntryPoint\",\"urlTemplate\":\"https:\\\/\\\/www.webdo.tn\\\/fr\\\/?s={search_term_string}\"},\"query-input\":{\"@type\":\"PropertyValueSpecification\",\"valueRequired\":true,\"valueName\":\"search_term_string\"}}],\"inLanguage\":\"fr-FR\"},{\"@type\":\"Organization\",\"@id\":\"https:\\\/\\\/www.webdo.tn\\\/fr\\\/#organization\",\"name\":\"Webdo\",\"alternateName\":\"Webdo.tn\",\"url\":\"https:\\\/\\\/www.webdo.tn\\\/fr\\\/\",\"logo\":{\"@type\":\"ImageObject\",\"inLanguage\":\"fr-FR\",\"@id\":\"https:\\\/\\\/www.webdo.tn\\\/fr\\\/#\\\/schema\\\/logo\\\/image\\\/\",\"url\":\"https:\\\/\\\/www.webdo.tn\\\/fr\\\/wp-content\\\/uploads\\\/2025\\\/06\\\/Webdo-Tunisie_168377.jpg\",\"contentUrl\":\"https:\\\/\\\/www.webdo.tn\\\/fr\\\/wp-content\\\/uploads\\\/2025\\\/06\\\/Webdo-Tunisie_168377.jpg\",\"width\":301,\"height\":301,\"caption\":\"Webdo\"},\"image\":{\"@id\":\"https:\\\/\\\/www.webdo.tn\\\/fr\\\/#\\\/schema\\\/logo\\\/image\\\/\"},\"sameAs\":[\"https:\\\/\\\/www.facebook.com\\\/webdotn\",\"https:\\\/\\\/x.com\\\/webdo_tn\"],\"description\":\"Webdo est un m\u00e9dia num\u00e9rique tunisien fond\u00e9 en 2010, sp\u00e9cialis\u00e9 dans l\u2019actualit\u00e9 nationale et internationale, l\u2019\u00e9conomie, la soci\u00e9t\u00e9 et les analyses politiques. Le site s\u2019adresse \u00e0 un large public francophone et couvre l\u2019information tunisienne en temps r\u00e9el.\",\"email\":\"redac@webdo.tn\",\"legalName\":\"YNJ SARL\",\"foundingDate\":\"2010-09-06\",\"numberOfEmployees\":{\"@type\":\"QuantitativeValue\",\"minValue\":\"11\",\"maxValue\":\"50\"}},{\"@type\":\"Person\",\"@id\":\"https:\\\/\\\/www.webdo.tn\\\/fr\\\/#\\\/schema\\\/person\\\/b9ecde7a5574cb4fcf4b496ea5fadb15\",\"name\":\"Wided Belhaj\",\"image\":{\"@type\":\"ImageObject\",\"inLanguage\":\"fr-FR\",\"@id\":\"https:\\\/\\\/www.webdo.tn\\\/fr\\\/wp-content\\\/uploads\\\/2026\\\/04\\\/wided-belhaj_avatar-96x96.jpg\",\"url\":\"https:\\\/\\\/www.webdo.tn\\\/fr\\\/wp-content\\\/uploads\\\/2026\\\/04\\\/wided-belhaj_avatar-96x96.jpg\",\"contentUrl\":\"https:\\\/\\\/www.webdo.tn\\\/fr\\\/wp-content\\\/uploads\\\/2026\\\/04\\\/wided-belhaj_avatar-96x96.jpg\",\"caption\":\"Wided Belhaj\"},\"description\":\"Wided Belhaj est le pseudonyme \u00e9ditorial utilis\u00e9 par Khalil Jelassi, journaliste, ma\u00eetre-assistant \u00e0 l\u2019Institut de presse et des sciences de l\u2019information (IPSI) et chercheur en sciences de l\u2019information et de la communication. Cette signature est d\u00e9di\u00e9e \u00e0 l\u2019analyse des m\u00e9dias, des pratiques journalistiques et des mutations de l\u2019information \u00e0 l\u2019\u00e8re digitale. \u00c0 travers ses contributions, Wided Belhaj propose une lecture analytique de l\u2019actualit\u00e9, en croisant regard critique et expertise acad\u00e9mique.\",\"knowsAbout\":[\"m\u00e9dias\",\"journalisme\",\"communication\",\"information\",\"transformation num\u00e9rique\",\"analyse des m\u00e9dias\"],\"knowsLanguage\":[\"Fran\u00e7ais\",\"Arabe\"],\"jobTitle\":\"Webdo.tn\",\"worksFor\":\"Journaliste \u2013 Analyse des m\u00e9dias\",\"url\":\"https:\\\/\\\/www.webdo.tn\\\/fr\\\/actualite\\\/author\\\/wided-belhaj\\\/\"}]}<\/script>\n<!-- \/ Yoast SEO Premium plugin. -->","yoast_head_json":{"title":"Netanyahu veut prendre le contr\u00f4le total de Gaza - webdo","description":"Benjamin Netanyahu discute du contr\u00f4le militaire de Gaza. D\u00e9couvrez les objectifs isra\u00e9liens et l'impact sur la r\u00e9gion.","canonical":"https:\/\/www.webdo.tn\/fr\/actualite\/international\/netanyahu-veut-prendre-le-controle-total-de-gaza\/381135\/","og_locale":"fr_FR","og_type":"article","og_title":"Netanyahu veut prendre le contr\u00f4le total de Gaza","og_description":"Benjamin Netanyahu discute du contr\u00f4le militaire de Gaza. D\u00e9couvrez les objectifs isra\u00e9liens et l'impact sur la r\u00e9gion.","og_url":"https:\/\/www.webdo.tn\/fr\/actualite\/international\/netanyahu-veut-prendre-le-controle-total-de-gaza\/381135\/","og_site_name":"webdo","article_publisher":"https:\/\/www.facebook.com\/webdotn","article_published_time":"2025-08-08T06:20:45+00:00","article_modified_time":"2025-08-08T06:37:21+00:00","og_image":[{"width":1024,"height":665,"url":"https:\/\/www.webdo.tn\/fr\/wp-content\/uploads\/2025\/07\/Gaza-1.jpg","type":"image\/jpeg"}],"author":"Wided Belhaj","twitter_card":"summary_large_image","twitter_creator":"@webdo_tn","twitter_site":"@webdo_tn","twitter_misc":{"\u00c9crit par":"Wided Belhaj","Dur\u00e9e de lecture estim\u00e9e":"2 minutes"},"schema":{"@context":"https:\/\/schema.org","@graph":[{"@type":"NewsArticle","@id":"https:\/\/www.webdo.tn\/fr\/actualite\/international\/netanyahu-veut-prendre-le-controle-total-de-gaza\/381135\/#article","isPartOf":{"@id":"https:\/\/www.webdo.tn\/fr\/actualite\/international\/netanyahu-veut-prendre-le-controle-total-de-gaza\/381135\/"},"author":{"name":"Wided Belhaj","@id":"https:\/\/www.webdo.tn\/fr\/#\/schema\/person\/b9ecde7a5574cb4fcf4b496ea5fadb15"},"headline":"Netanyahu veut prendre le contr\u00f4le total de Gaza","datePublished":"2025-08-08T06:20:45+00:00","dateModified":"2025-08-08T06:37:21+00:00","mainEntityOfPage":{"@id":"https:\/\/www.webdo.tn\/fr\/actualite\/international\/netanyahu-veut-prendre-le-controle-total-de-gaza\/381135\/"},"wordCount":322,"commentCount":0,"publisher":{"@id":"https:\/\/www.webdo.tn\/fr\/#organization"},"image":{"@id":"https:\/\/www.webdo.tn\/fr\/actualite\/international\/netanyahu-veut-prendre-le-controle-total-de-gaza\/381135\/#primaryimage"},"thumbnailUrl":"https:\/\/www.webdo.tn\/fr\/wp-content\/uploads\/2025\/07\/Gaza-1.jpg","keywords":["Gaza","guerre","Netanyahu"],"articleSection":["International"],"inLanguage":"fr-FR"},{"@type":"WebPage","@id":"https:\/\/www.webdo.tn\/fr\/actualite\/international\/netanyahu-veut-prendre-le-controle-total-de-gaza\/381135\/","url":"https:\/\/www.webdo.tn\/fr\/actualite\/international\/netanyahu-veut-prendre-le-controle-total-de-gaza\/381135\/","name":"Netanyahu veut prendre le contr\u00f4le total de Gaza - webdo","isPartOf":{"@id":"https:\/\/www.webdo.tn\/fr\/#website"},"primaryImageOfPage":{"@id":"https:\/\/www.webdo.tn\/fr\/actualite\/international\/netanyahu-veut-prendre-le-controle-total-de-gaza\/381135\/#primaryimage"},"image":{"@id":"https:\/\/www.webdo.tn\/fr\/actualite\/international\/netanyahu-veut-prendre-le-controle-total-de-gaza\/381135\/#primaryimage"},"thumbnailUrl":"https:\/\/www.webdo.tn\/fr\/wp-content\/uploads\/2025\/07\/Gaza-1.jpg","datePublished":"2025-08-08T06:20:45+00:00","dateModified":"2025-08-08T06:37:21+00:00","description":"Benjamin Netanyahu discute du contr\u00f4le militaire de Gaza. D\u00e9couvrez les objectifs isra\u00e9liens et l'impact sur la r\u00e9gion.","breadcrumb":{"@id":"https:\/\/www.webdo.tn\/fr\/actualite\/international\/netanyahu-veut-prendre-le-controle-total-de-gaza\/381135\/#breadcrumb"},"inLanguage":"fr-FR","potentialAction":[{"@type":"ReadAction","target":["https:\/\/www.webdo.tn\/fr\/actualite\/international\/netanyahu-veut-prendre-le-controle-total-de-gaza\/381135\/"]}]},{"@type":"ImageObject","inLanguage":"fr-FR","@id":"https:\/\/www.webdo.tn\/fr\/actualite\/international\/netanyahu-veut-prendre-le-controle-total-de-gaza\/381135\/#primaryimage","url":"https:\/\/www.webdo.tn\/fr\/wp-content\/uploads\/2025\/07\/Gaza-1.jpg","contentUrl":"https:\/\/www.webdo.tn\/fr\/wp-content\/uploads\/2025\/07\/Gaza-1.jpg","width":1024,"height":665,"caption":"Gaza : La famine s'aggrave, l\u2019ONU alerte sur une d\u00e9t\u00e9rioration sans pr\u00e9c\u00e9dent"},{"@type":"BreadcrumbList","@id":"https:\/\/www.webdo.tn\/fr\/actualite\/international\/netanyahu-veut-prendre-le-controle-total-de-gaza\/381135\/#breadcrumb","itemListElement":[{"@type":"ListItem","position":1,"name":"Accueil","item":"https:\/\/www.webdo.tn\/fr\/"},{"@type":"ListItem","position":2,"name":"Netanyahu veut prendre le contr\u00f4le total de Gaza"}]},{"@type":"WebSite","@id":"https:\/\/www.webdo.tn\/fr\/#website","url":"https:\/\/www.webdo.tn\/fr\/","name":"webdo","description":"Tunisie - News en Tunisie et \u00e0 l&#039;international sur Webdo.tn","publisher":{"@id":"https:\/\/www.webdo.tn\/fr\/#organization"},"potentialAction":[{"@type":"SearchAction","target":{"@type":"EntryPoint","urlTemplate":"https:\/\/www.webdo.tn\/fr\/?s={search_term_string}"},"query-input":{"@type":"PropertyValueSpecification","valueRequired":true,"valueName":"search_term_string"}}],"inLanguage":"fr-FR"},{"@type":"Organization","@id":"https:\/\/www.webdo.tn\/fr\/#organization","name":"Webdo","alternateName":"Webdo.tn","url":"https:\/\/www.webdo.tn\/fr\/","logo":{"@type":"ImageObject","inLanguage":"fr-FR","@id":"https:\/\/www.webdo.tn\/fr\/#\/schema\/logo\/image\/","url":"https:\/\/www.webdo.tn\/fr\/wp-content\/uploads\/2025\/06\/Webdo-Tunisie_168377.jpg","contentUrl":"https:\/\/www.webdo.tn\/fr\/wp-content\/uploads\/2025\/06\/Webdo-Tunisie_168377.jpg","width":301,"height":301,"caption":"Webdo"},"image":{"@id":"https:\/\/www.webdo.tn\/fr\/#\/schema\/logo\/image\/"},"sameAs":["https:\/\/www.facebook.com\/webdotn","https:\/\/x.com\/webdo_tn"],"description":"Webdo est un m\u00e9dia num\u00e9rique tunisien fond\u00e9 en 2010, sp\u00e9cialis\u00e9 dans l\u2019actualit\u00e9 nationale et internationale, l\u2019\u00e9conomie, la soci\u00e9t\u00e9 et les analyses politiques. Le site s\u2019adresse \u00e0 un large public francophone et couvre l\u2019information tunisienne en temps r\u00e9el.","email":"redac@webdo.tn","legalName":"YNJ SARL","foundingDate":"2010-09-06","numberOfEmployees":{"@type":"QuantitativeValue","minValue":"11","maxValue":"50"}},{"@type":"Person","@id":"https:\/\/www.webdo.tn\/fr\/#\/schema\/person\/b9ecde7a5574cb4fcf4b496ea5fadb15","name":"Wided Belhaj","image":{"@type":"ImageObject","inLanguage":"fr-FR","@id":"https:\/\/www.webdo.tn\/fr\/wp-content\/uploads\/2026\/04\/wided-belhaj_avatar-96x96.jpg","url":"https:\/\/www.webdo.tn\/fr\/wp-content\/uploads\/2026\/04\/wided-belhaj_avatar-96x96.jpg","contentUrl":"https:\/\/www.webdo.tn\/fr\/wp-content\/uploads\/2026\/04\/wided-belhaj_avatar-96x96.jpg","caption":"Wided Belhaj"},"description":"Wided Belhaj est le pseudonyme \u00e9ditorial utilis\u00e9 par Khalil Jelassi, journaliste, ma\u00eetre-assistant \u00e0 l\u2019Institut de presse et des sciences de l\u2019information (IPSI) et chercheur en sciences de l\u2019information et de la communication. Cette signature est d\u00e9di\u00e9e \u00e0 l\u2019analyse des m\u00e9dias, des pratiques journalistiques et des mutations de l\u2019information \u00e0 l\u2019\u00e8re digitale. \u00c0 travers ses contributions, Wided Belhaj propose une lecture analytique de l\u2019actualit\u00e9, en croisant regard critique et expertise acad\u00e9mique.","knowsAbout":["m\u00e9dias","journalisme","communication","information","transformation num\u00e9rique","analyse des m\u00e9dias"],"knowsLanguage":["Fran\u00e7ais","Arabe"],"jobTitle":"Webdo.tn","worksFor":"Journaliste \u2013 Analyse des m\u00e9dias","url":"https:\/\/www.webdo.tn\/fr\/actualite\/author\/wided-belhaj\/"}]}},"_links":{"self":[{"href":"https:\/\/www.webdo.tn\/fr\/wp-json\/wp\/v2\/posts\/381135","targetHints":{"allow":["GET"]}}],"collection":[{"href":"https:\/\/www.webdo.tn\/fr\/wp-json\/wp\/v2\/posts"}],"about":[{"href":"https:\/\/www.webdo.tn\/fr\/wp-json\/wp\/v2\/types\/post"}],"author":[{"embeddable":true,"href":"https:\/\/www.webdo.tn\/fr\/wp-json\/wp\/v2\/users\/3184"}],"replies":[{"embeddable":true,"href":"https:\/\/www.webdo.tn\/fr\/wp-json\/wp\/v2\/comments?post=381135"}],"version-history":[{"count":0,"href":"https:\/\/www.webdo.tn\/fr\/wp-json\/wp\/v2\/posts\/381135\/revisions"}],"wp:featuredmedia":[{"embeddable":true,"href":"https:\/\/www.webdo.tn\/fr\/wp-json\/wp\/v2\/media\/380055"}],"wp:attachment":[{"href":"https:\/\/www.webdo.tn\/fr\/wp-json\/wp\/v2\/media?parent=381135"}],"wp:term":[{"taxonomy":"category","embeddable":true,"href":"https:\/\/www.webdo.tn\/fr\/wp-json\/wp\/v2\/categories?post=381135"},{"taxonomy":"post_tag","embeddable":true,"href":"https:\/\/www.webdo.tn\/fr\/wp-json\/wp\/v2\/tags?post=381135"}],"curies":[{"name":"wp","href":"https:\/\/api.w.org\/{rel}","templated":true}]}}