{"id":381127,"date":"2025-08-07T19:31:36","date_gmt":"2025-08-07T18:31:36","guid":{"rendered":"https:\/\/www.webdo.tn\/fr\/?p=381127"},"modified":"2025-08-07T19:31:41","modified_gmt":"2025-08-07T18:31:41","slug":"chaque-jour-les-plages-tunisiennes-croulent-sous-8-000-m%c2%b3-de-dechets","status":"publish","type":"post","link":"https:\/\/www.webdo.tn\/fr\/actualite\/national\/chaque-jour-les-plages-tunisiennes-croulent-sous-8-000-m%c2%b3-de-dechets\/381127\/","title":{"rendered":"Chaque jour, les plages tunisiennes croulent sous 8 000 m\u00b3 de d\u00e9chets"},"content":{"rendered":"\n<p><strong>En \u00e9t\u00e9, les plages tunisiennes accumulent pr\u00e8s de 8 000 m\u00e8tres cubes de d\u00e9chets chaque jour. Selon Nabil Mokhtar, chef du programme de nettoyage des plages \u00e0 l\u2019APAL, 85 % de ces d\u00e9chets sont en plastique.<\/strong><\/p>\n\n\n\n<p>Pour y faire face, l\u2019Agence de protection et d\u2019am\u00e9nagement du littoral (APAL) m\u00e8ne, en partenariat avec le Fonds de protection des zones touristiques, un vaste programme de nettoyage. Ce dernier concerne 133 plages r\u00e9parties sur 192 kilom\u00e8tres de c\u00f4tes.<\/p>\n\n\n\n<p>Les \u00e9quipes interviennent \u00e0 la fois avec des machines pour cribler le sable, et manuellement dans les zones plus sensibles. Elles couvrent une superficie totale d\u2019environ 5 739 hectares. Pendant la saison estivale, les plages publiques re\u00e7oivent entre 9 et 11 interventions. Les sites touristiques, eux, en b\u00e9n\u00e9ficient jusqu\u2019\u00e0 23 fois. \u00c0 chaque op\u00e9ration, environ 600 m\u00b3 de d\u00e9chets sont retir\u00e9s.<\/p>\n\n\n\n<p>Le programme, dont le taux d&rsquo;avancement atteint 80 %, est financ\u00e9 \u00e0 hauteur de 1,8 million de dinars. Le Fonds touristique en assure 60 %, tandis que l\u2019APAL prend en charge le reste. Par ailleurs, les autorit\u00e9s d\u00e9mant\u00e8lent les constructions ill\u00e9gales et surveillent les concessions en cours. L\u2019objectif est clair : prot\u00e9ger les plages et garantir un accueil de qualit\u00e9 aux visiteurs.<\/p>\n\n\n\n<p>Selon Mokhtar, cette pollution impacte l\u2019environnement marin, mais aussi l\u2019image du pays. Il appelle donc les estivants \u00e0 ne plus abandonner leurs d\u00e9chets et \u00e0 adopter un comportement responsable.<\/p>\n","protected":false},"excerpt":{"rendered":"<p>En \u00e9t\u00e9, les plages tunisiennes accumulent pr\u00e8s de 8 000 m\u00e8tres cubes de d\u00e9chets chaque jour. Selon Nabil Mokhtar, chef du programme de nettoyage des plages \u00e0 l\u2019APAL, 85 % de ces d\u00e9chets sont en plastique. Pour y faire face, l\u2019Agence de protection et d\u2019am\u00e9nagement du littoral (APAL) m\u00e8ne, en partenariat avec le Fonds de [&hellip;]<\/p>\n","protected":false},"author":4782,"featured_media":370054,"comment_status":"open","ping_status":"open","sticky":false,"template":"","format":"standard","meta":{"footnotes":""},"categories":[44],"tags":[3282,11875,5273,2608],"class_list":["post-381127","post","type-post","status-publish","format-standard","has-post-thumbnail","hentry","category-national","tag-dechets","tag-littoral-tunisien","tag-plage","tag-tunisie"],"yoast_head":"<!-- This site is optimized with the Yoast SEO Premium plugin v27.4 (Yoast SEO v27.4) - https:\/\/yoast.com\/product\/yoast-seo-premium-wordpress\/ -->\n<title>Chaque jour, les plages tunisiennes croulent sous 8 000 m\u00b3 de d\u00e9chets - webdo<\/title>\n<meta name=\"description\" content=\"D\u00e9couvrez comment le programme de nettoyage lutte contre la propret\u00e9 littoral tunisien en \u00e9liminant des milliers de d\u00e9chets chaque jour.\" \/>\n<link rel=\"canonical\" href=\"https:\/\/www.webdo.tn\/fr\/actualite\/national\/chaque-jour-les-plages-tunisiennes-croulent-sous-8-000-m\u00b3-de-dechets\/381127\/\" \/>\n<meta property=\"og:locale\" content=\"fr_FR\" \/>\n<meta property=\"og:type\" content=\"article\" \/>\n<meta property=\"og:title\" content=\"Chaque jour, les plages tunisiennes croulent sous 8 000 m\u00b3 de d\u00e9chets\" \/>\n<meta property=\"og:description\" content=\"D\u00e9couvrez comment le programme de nettoyage lutte contre la propret\u00e9 littoral tunisien en \u00e9liminant des milliers de d\u00e9chets chaque jour.\" \/>\n<meta property=\"og:url\" content=\"https:\/\/www.webdo.tn\/fr\/actualite\/national\/chaque-jour-les-plages-tunisiennes-croulent-sous-8-000-m\u00b3-de-dechets\/381127\/\" \/>\n<meta property=\"og:site_name\" content=\"webdo\" \/>\n<meta property=\"article:publisher\" content=\"https:\/\/www.facebook.com\/webdotn\" \/>\n<meta property=\"article:published_time\" content=\"2025-08-07T18:31:36+00:00\" \/>\n<meta property=\"article:modified_time\" content=\"2025-08-07T18:31:41+00:00\" \/>\n<meta property=\"og:image\" content=\"https:\/\/www.webdo.tn\/fr\/wp-content\/uploads\/2025\/06\/dechet-plage-1024x580_143390.jpg\" \/>\n\t<meta property=\"og:image:width\" content=\"1024\" \/>\n\t<meta property=\"og:image:height\" content=\"580\" \/>\n\t<meta property=\"og:image:type\" content=\"image\/jpeg\" \/>\n<meta name=\"author\" content=\"Mohamed Fethi\" \/>\n<meta name=\"twitter:card\" content=\"summary_large_image\" \/>\n<meta name=\"twitter:creator\" content=\"@webdo_tn\" \/>\n<meta name=\"twitter:site\" content=\"@webdo_tn\" \/>\n<meta name=\"twitter:label1\" content=\"\u00c9crit par\" \/>\n\t<meta name=\"twitter:data1\" content=\"Mohamed Fethi\" \/>\n\t<meta name=\"twitter:label2\" content=\"Dur\u00e9e de lecture estim\u00e9e\" \/>\n\t<meta name=\"twitter:data2\" content=\"2 minutes\" \/>\n<script type=\"application\/ld+json\" class=\"yoast-schema-graph\">{\"@context\":\"https:\\\/\\\/schema.org\",\"@graph\":[{\"@type\":\"NewsArticle\",\"@id\":\"https:\\\/\\\/www.webdo.tn\\\/fr\\\/actualite\\\/national\\\/chaque-jour-les-plages-tunisiennes-croulent-sous-8-000-m%c2%b3-de-dechets\\\/381127\\\/#article\",\"isPartOf\":{\"@id\":\"https:\\\/\\\/www.webdo.tn\\\/fr\\\/actualite\\\/national\\\/chaque-jour-les-plages-tunisiennes-croulent-sous-8-000-m%c2%b3-de-dechets\\\/381127\\\/\"},\"author\":{\"name\":\"Mohamed Fethi\",\"@id\":\"https:\\\/\\\/www.webdo.tn\\\/fr\\\/#\\\/schema\\\/person\\\/16a4857e77dfc0b610c4c2cadffc9ac4\"},\"headline\":\"Chaque jour, les plages tunisiennes croulent sous 8 000 m\u00b3 de d\u00e9chets\",\"datePublished\":\"2025-08-07T18:31:36+00:00\",\"dateModified\":\"2025-08-07T18:31:41+00:00\",\"mainEntityOfPage\":{\"@id\":\"https:\\\/\\\/www.webdo.tn\\\/fr\\\/actualite\\\/national\\\/chaque-jour-les-plages-tunisiennes-croulent-sous-8-000-m%c2%b3-de-dechets\\\/381127\\\/\"},\"wordCount\":244,\"commentCount\":0,\"publisher\":{\"@id\":\"https:\\\/\\\/www.webdo.tn\\\/fr\\\/#organization\"},\"image\":{\"@id\":\"https:\\\/\\\/www.webdo.tn\\\/fr\\\/actualite\\\/national\\\/chaque-jour-les-plages-tunisiennes-croulent-sous-8-000-m%c2%b3-de-dechets\\\/381127\\\/#primaryimage\"},\"thumbnailUrl\":\"https:\\\/\\\/www.webdo.tn\\\/fr\\\/wp-content\\\/uploads\\\/2025\\\/06\\\/dechet-plage-1024x580_143390.jpg\",\"keywords\":[\"d\u00e9chets\",\"littoral tunisien\",\"plage\",\"Tunisie\"],\"articleSection\":[\"National\"],\"inLanguage\":\"fr-FR\"},{\"@type\":\"WebPage\",\"@id\":\"https:\\\/\\\/www.webdo.tn\\\/fr\\\/actualite\\\/national\\\/chaque-jour-les-plages-tunisiennes-croulent-sous-8-000-m%c2%b3-de-dechets\\\/381127\\\/\",\"url\":\"https:\\\/\\\/www.webdo.tn\\\/fr\\\/actualite\\\/national\\\/chaque-jour-les-plages-tunisiennes-croulent-sous-8-000-m%c2%b3-de-dechets\\\/381127\\\/\",\"name\":\"Chaque jour, les plages tunisiennes croulent sous 8 000 m\u00b3 de d\u00e9chets - webdo\",\"isPartOf\":{\"@id\":\"https:\\\/\\\/www.webdo.tn\\\/fr\\\/#website\"},\"primaryImageOfPage\":{\"@id\":\"https:\\\/\\\/www.webdo.tn\\\/fr\\\/actualite\\\/national\\\/chaque-jour-les-plages-tunisiennes-croulent-sous-8-000-m%c2%b3-de-dechets\\\/381127\\\/#primaryimage\"},\"image\":{\"@id\":\"https:\\\/\\\/www.webdo.tn\\\/fr\\\/actualite\\\/national\\\/chaque-jour-les-plages-tunisiennes-croulent-sous-8-000-m%c2%b3-de-dechets\\\/381127\\\/#primaryimage\"},\"thumbnailUrl\":\"https:\\\/\\\/www.webdo.tn\\\/fr\\\/wp-content\\\/uploads\\\/2025\\\/06\\\/dechet-plage-1024x580_143390.jpg\",\"datePublished\":\"2025-08-07T18:31:36+00:00\",\"dateModified\":\"2025-08-07T18:31:41+00:00\",\"description\":\"D\u00e9couvrez comment le programme de nettoyage lutte contre la propret\u00e9 littoral tunisien en \u00e9liminant des milliers de d\u00e9chets chaque jour.\",\"breadcrumb\":{\"@id\":\"https:\\\/\\\/www.webdo.tn\\\/fr\\\/actualite\\\/national\\\/chaque-jour-les-plages-tunisiennes-croulent-sous-8-000-m%c2%b3-de-dechets\\\/381127\\\/#breadcrumb\"},\"inLanguage\":\"fr-FR\",\"potentialAction\":[{\"@type\":\"ReadAction\",\"target\":[\"https:\\\/\\\/www.webdo.tn\\\/fr\\\/actualite\\\/national\\\/chaque-jour-les-plages-tunisiennes-croulent-sous-8-000-m%c2%b3-de-dechets\\\/381127\\\/\"]}]},{\"@type\":\"ImageObject\",\"inLanguage\":\"fr-FR\",\"@id\":\"https:\\\/\\\/www.webdo.tn\\\/fr\\\/actualite\\\/national\\\/chaque-jour-les-plages-tunisiennes-croulent-sous-8-000-m%c2%b3-de-dechets\\\/381127\\\/#primaryimage\",\"url\":\"https:\\\/\\\/www.webdo.tn\\\/fr\\\/wp-content\\\/uploads\\\/2025\\\/06\\\/dechet-plage-1024x580_143390.jpg\",\"contentUrl\":\"https:\\\/\\\/www.webdo.tn\\\/fr\\\/wp-content\\\/uploads\\\/2025\\\/06\\\/dechet-plage-1024x580_143390.jpg\",\"width\":1024,\"height\":580,\"caption\":\"Beach clean, une campagne pour r\u00e9duire les d\u00e9chets marins\"},{\"@type\":\"BreadcrumbList\",\"@id\":\"https:\\\/\\\/www.webdo.tn\\\/fr\\\/actualite\\\/national\\\/chaque-jour-les-plages-tunisiennes-croulent-sous-8-000-m%c2%b3-de-dechets\\\/381127\\\/#breadcrumb\",\"itemListElement\":[{\"@type\":\"ListItem\",\"position\":1,\"name\":\"Accueil\",\"item\":\"https:\\\/\\\/www.webdo.tn\\\/fr\\\/\"},{\"@type\":\"ListItem\",\"position\":2,\"name\":\"Chaque jour, les plages tunisiennes croulent sous 8 000 m\u00b3 de d\u00e9chets\"}]},{\"@type\":\"WebSite\",\"@id\":\"https:\\\/\\\/www.webdo.tn\\\/fr\\\/#website\",\"url\":\"https:\\\/\\\/www.webdo.tn\\\/fr\\\/\",\"name\":\"webdo\",\"description\":\"Tunisie - News en Tunisie et \u00e0 l&#039;international sur Webdo.tn\",\"publisher\":{\"@id\":\"https:\\\/\\\/www.webdo.tn\\\/fr\\\/#organization\"},\"potentialAction\":[{\"@type\":\"SearchAction\",\"target\":{\"@type\":\"EntryPoint\",\"urlTemplate\":\"https:\\\/\\\/www.webdo.tn\\\/fr\\\/?s={search_term_string}\"},\"query-input\":{\"@type\":\"PropertyValueSpecification\",\"valueRequired\":true,\"valueName\":\"search_term_string\"}}],\"inLanguage\":\"fr-FR\"},{\"@type\":\"Organization\",\"@id\":\"https:\\\/\\\/www.webdo.tn\\\/fr\\\/#organization\",\"name\":\"Webdo\",\"alternateName\":\"Webdo.tn\",\"url\":\"https:\\\/\\\/www.webdo.tn\\\/fr\\\/\",\"logo\":{\"@type\":\"ImageObject\",\"inLanguage\":\"fr-FR\",\"@id\":\"https:\\\/\\\/www.webdo.tn\\\/fr\\\/#\\\/schema\\\/logo\\\/image\\\/\",\"url\":\"https:\\\/\\\/www.webdo.tn\\\/fr\\\/wp-content\\\/uploads\\\/2025\\\/06\\\/Webdo-Tunisie_168377.jpg\",\"contentUrl\":\"https:\\\/\\\/www.webdo.tn\\\/fr\\\/wp-content\\\/uploads\\\/2025\\\/06\\\/Webdo-Tunisie_168377.jpg\",\"width\":301,\"height\":301,\"caption\":\"Webdo\"},\"image\":{\"@id\":\"https:\\\/\\\/www.webdo.tn\\\/fr\\\/#\\\/schema\\\/logo\\\/image\\\/\"},\"sameAs\":[\"https:\\\/\\\/www.facebook.com\\\/webdotn\",\"https:\\\/\\\/x.com\\\/webdo_tn\"],\"description\":\"Webdo est un m\u00e9dia num\u00e9rique tunisien fond\u00e9 en 2010, sp\u00e9cialis\u00e9 dans l\u2019actualit\u00e9 nationale et internationale, l\u2019\u00e9conomie, la soci\u00e9t\u00e9 et les analyses politiques. Le site s\u2019adresse \u00e0 un large public francophone et couvre l\u2019information tunisienne en temps r\u00e9el.\",\"email\":\"redac@webdo.tn\",\"legalName\":\"YNJ SARL\",\"foundingDate\":\"2010-09-06\",\"numberOfEmployees\":{\"@type\":\"QuantitativeValue\",\"minValue\":\"11\",\"maxValue\":\"50\"}},{\"@type\":\"Person\",\"@id\":\"https:\\\/\\\/www.webdo.tn\\\/fr\\\/#\\\/schema\\\/person\\\/16a4857e77dfc0b610c4c2cadffc9ac4\",\"name\":\"Mohamed Fethi\",\"image\":{\"@type\":\"ImageObject\",\"inLanguage\":\"fr-FR\",\"@id\":\"https:\\\/\\\/www.webdo.tn\\\/fr\\\/wp-content\\\/uploads\\\/2026\\\/04\\\/mohamed-fethi_avatar_1-96x96.jpg\",\"url\":\"https:\\\/\\\/www.webdo.tn\\\/fr\\\/wp-content\\\/uploads\\\/2026\\\/04\\\/mohamed-fethi_avatar_1-96x96.jpg\",\"contentUrl\":\"https:\\\/\\\/www.webdo.tn\\\/fr\\\/wp-content\\\/uploads\\\/2026\\\/04\\\/mohamed-fethi_avatar_1-96x96.jpg\",\"caption\":\"Mohamed Fethi\"},\"description\":\"Signature \u00e9ditoriale de Maher Chaabane Mohamed Fethi est le pseudonyme \u00e9ditorial de Maher Chaabane, r\u00e9dacteur en chef de Webdo.tn depuis 2012. Cette signature est d\u00e9di\u00e9e au traitement intensif de l'actualit\u00e9 nationale et internationale en temps r\u00e9el. S'appuyant sur les deux d\u00e9cennies d'expertise journalistique de Maher Chaabane \u2014 d\u00e9but\u00e9e au sein du groupe Tunis Hebdo en 2000 \u2014 Mohamed Fethi assure une veille rigoureuse sur les enjeux politiques, \u00e9conomiques et sportifs. Sa mission est de garantir une information structur\u00e9e, fluide et fid\u00e8le aux standards de la r\u00e9daction. Pour consulter le parcours complet du r\u00e9dacteur en chef, visitez le profil officiel de Maher Chaabane.\",\"knowsAbout\":[\"actualit\u00e9\",\"journalisme\",\"information\",\"politique\",\"sport\",\"m\u00e9dias\",\"actualit\u00e9 internationale\"],\"knowsLanguage\":[\"Fran\u00e7ais\",\"Arabe\"],\"jobTitle\":\"Journaliste \u2013 R\u00e9daction Webdo\",\"worksFor\":\"Webdo.tn\",\"url\":\"https:\\\/\\\/www.webdo.tn\\\/fr\\\/actualite\\\/author\\\/mohamed-fethi\\\/\"}]}<\/script>\n<!-- \/ Yoast SEO Premium plugin. -->","yoast_head_json":{"title":"Chaque jour, les plages tunisiennes croulent sous 8 000 m\u00b3 de d\u00e9chets - webdo","description":"D\u00e9couvrez comment le programme de nettoyage lutte contre la propret\u00e9 littoral tunisien en \u00e9liminant des milliers de d\u00e9chets chaque jour.","canonical":"https:\/\/www.webdo.tn\/fr\/actualite\/national\/chaque-jour-les-plages-tunisiennes-croulent-sous-8-000-m\u00b3-de-dechets\/381127\/","og_locale":"fr_FR","og_type":"article","og_title":"Chaque jour, les plages tunisiennes croulent sous 8 000 m\u00b3 de d\u00e9chets","og_description":"D\u00e9couvrez comment le programme de nettoyage lutte contre la propret\u00e9 littoral tunisien en \u00e9liminant des milliers de d\u00e9chets chaque jour.","og_url":"https:\/\/www.webdo.tn\/fr\/actualite\/national\/chaque-jour-les-plages-tunisiennes-croulent-sous-8-000-m\u00b3-de-dechets\/381127\/","og_site_name":"webdo","article_publisher":"https:\/\/www.facebook.com\/webdotn","article_published_time":"2025-08-07T18:31:36+00:00","article_modified_time":"2025-08-07T18:31:41+00:00","og_image":[{"width":1024,"height":580,"url":"https:\/\/www.webdo.tn\/fr\/wp-content\/uploads\/2025\/06\/dechet-plage-1024x580_143390.jpg","type":"image\/jpeg"}],"author":"Mohamed Fethi","twitter_card":"summary_large_image","twitter_creator":"@webdo_tn","twitter_site":"@webdo_tn","twitter_misc":{"\u00c9crit par":"Mohamed Fethi","Dur\u00e9e de lecture estim\u00e9e":"2 minutes"},"schema":{"@context":"https:\/\/schema.org","@graph":[{"@type":"NewsArticle","@id":"https:\/\/www.webdo.tn\/fr\/actualite\/national\/chaque-jour-les-plages-tunisiennes-croulent-sous-8-000-m%c2%b3-de-dechets\/381127\/#article","isPartOf":{"@id":"https:\/\/www.webdo.tn\/fr\/actualite\/national\/chaque-jour-les-plages-tunisiennes-croulent-sous-8-000-m%c2%b3-de-dechets\/381127\/"},"author":{"name":"Mohamed Fethi","@id":"https:\/\/www.webdo.tn\/fr\/#\/schema\/person\/16a4857e77dfc0b610c4c2cadffc9ac4"},"headline":"Chaque jour, les plages tunisiennes croulent sous 8 000 m\u00b3 de d\u00e9chets","datePublished":"2025-08-07T18:31:36+00:00","dateModified":"2025-08-07T18:31:41+00:00","mainEntityOfPage":{"@id":"https:\/\/www.webdo.tn\/fr\/actualite\/national\/chaque-jour-les-plages-tunisiennes-croulent-sous-8-000-m%c2%b3-de-dechets\/381127\/"},"wordCount":244,"commentCount":0,"publisher":{"@id":"https:\/\/www.webdo.tn\/fr\/#organization"},"image":{"@id":"https:\/\/www.webdo.tn\/fr\/actualite\/national\/chaque-jour-les-plages-tunisiennes-croulent-sous-8-000-m%c2%b3-de-dechets\/381127\/#primaryimage"},"thumbnailUrl":"https:\/\/www.webdo.tn\/fr\/wp-content\/uploads\/2025\/06\/dechet-plage-1024x580_143390.jpg","keywords":["d\u00e9chets","littoral tunisien","plage","Tunisie"],"articleSection":["National"],"inLanguage":"fr-FR"},{"@type":"WebPage","@id":"https:\/\/www.webdo.tn\/fr\/actualite\/national\/chaque-jour-les-plages-tunisiennes-croulent-sous-8-000-m%c2%b3-de-dechets\/381127\/","url":"https:\/\/www.webdo.tn\/fr\/actualite\/national\/chaque-jour-les-plages-tunisiennes-croulent-sous-8-000-m%c2%b3-de-dechets\/381127\/","name":"Chaque jour, les plages tunisiennes croulent sous 8 000 m\u00b3 de d\u00e9chets - webdo","isPartOf":{"@id":"https:\/\/www.webdo.tn\/fr\/#website"},"primaryImageOfPage":{"@id":"https:\/\/www.webdo.tn\/fr\/actualite\/national\/chaque-jour-les-plages-tunisiennes-croulent-sous-8-000-m%c2%b3-de-dechets\/381127\/#primaryimage"},"image":{"@id":"https:\/\/www.webdo.tn\/fr\/actualite\/national\/chaque-jour-les-plages-tunisiennes-croulent-sous-8-000-m%c2%b3-de-dechets\/381127\/#primaryimage"},"thumbnailUrl":"https:\/\/www.webdo.tn\/fr\/wp-content\/uploads\/2025\/06\/dechet-plage-1024x580_143390.jpg","datePublished":"2025-08-07T18:31:36+00:00","dateModified":"2025-08-07T18:31:41+00:00","description":"D\u00e9couvrez comment le programme de nettoyage lutte contre la propret\u00e9 littoral tunisien en \u00e9liminant des milliers de d\u00e9chets chaque jour.","breadcrumb":{"@id":"https:\/\/www.webdo.tn\/fr\/actualite\/national\/chaque-jour-les-plages-tunisiennes-croulent-sous-8-000-m%c2%b3-de-dechets\/381127\/#breadcrumb"},"inLanguage":"fr-FR","potentialAction":[{"@type":"ReadAction","target":["https:\/\/www.webdo.tn\/fr\/actualite\/national\/chaque-jour-les-plages-tunisiennes-croulent-sous-8-000-m%c2%b3-de-dechets\/381127\/"]}]},{"@type":"ImageObject","inLanguage":"fr-FR","@id":"https:\/\/www.webdo.tn\/fr\/actualite\/national\/chaque-jour-les-plages-tunisiennes-croulent-sous-8-000-m%c2%b3-de-dechets\/381127\/#primaryimage","url":"https:\/\/www.webdo.tn\/fr\/wp-content\/uploads\/2025\/06\/dechet-plage-1024x580_143390.jpg","contentUrl":"https:\/\/www.webdo.tn\/fr\/wp-content\/uploads\/2025\/06\/dechet-plage-1024x580_143390.jpg","width":1024,"height":580,"caption":"Beach clean, une campagne pour r\u00e9duire les d\u00e9chets marins"},{"@type":"BreadcrumbList","@id":"https:\/\/www.webdo.tn\/fr\/actualite\/national\/chaque-jour-les-plages-tunisiennes-croulent-sous-8-000-m%c2%b3-de-dechets\/381127\/#breadcrumb","itemListElement":[{"@type":"ListItem","position":1,"name":"Accueil","item":"https:\/\/www.webdo.tn\/fr\/"},{"@type":"ListItem","position":2,"name":"Chaque jour, les plages tunisiennes croulent sous 8 000 m\u00b3 de d\u00e9chets"}]},{"@type":"WebSite","@id":"https:\/\/www.webdo.tn\/fr\/#website","url":"https:\/\/www.webdo.tn\/fr\/","name":"webdo","description":"Tunisie - News en Tunisie et \u00e0 l&#039;international sur Webdo.tn","publisher":{"@id":"https:\/\/www.webdo.tn\/fr\/#organization"},"potentialAction":[{"@type":"SearchAction","target":{"@type":"EntryPoint","urlTemplate":"https:\/\/www.webdo.tn\/fr\/?s={search_term_string}"},"query-input":{"@type":"PropertyValueSpecification","valueRequired":true,"valueName":"search_term_string"}}],"inLanguage":"fr-FR"},{"@type":"Organization","@id":"https:\/\/www.webdo.tn\/fr\/#organization","name":"Webdo","alternateName":"Webdo.tn","url":"https:\/\/www.webdo.tn\/fr\/","logo":{"@type":"ImageObject","inLanguage":"fr-FR","@id":"https:\/\/www.webdo.tn\/fr\/#\/schema\/logo\/image\/","url":"https:\/\/www.webdo.tn\/fr\/wp-content\/uploads\/2025\/06\/Webdo-Tunisie_168377.jpg","contentUrl":"https:\/\/www.webdo.tn\/fr\/wp-content\/uploads\/2025\/06\/Webdo-Tunisie_168377.jpg","width":301,"height":301,"caption":"Webdo"},"image":{"@id":"https:\/\/www.webdo.tn\/fr\/#\/schema\/logo\/image\/"},"sameAs":["https:\/\/www.facebook.com\/webdotn","https:\/\/x.com\/webdo_tn"],"description":"Webdo est un m\u00e9dia num\u00e9rique tunisien fond\u00e9 en 2010, sp\u00e9cialis\u00e9 dans l\u2019actualit\u00e9 nationale et internationale, l\u2019\u00e9conomie, la soci\u00e9t\u00e9 et les analyses politiques. Le site s\u2019adresse \u00e0 un large public francophone et couvre l\u2019information tunisienne en temps r\u00e9el.","email":"redac@webdo.tn","legalName":"YNJ SARL","foundingDate":"2010-09-06","numberOfEmployees":{"@type":"QuantitativeValue","minValue":"11","maxValue":"50"}},{"@type":"Person","@id":"https:\/\/www.webdo.tn\/fr\/#\/schema\/person\/16a4857e77dfc0b610c4c2cadffc9ac4","name":"Mohamed Fethi","image":{"@type":"ImageObject","inLanguage":"fr-FR","@id":"https:\/\/www.webdo.tn\/fr\/wp-content\/uploads\/2026\/04\/mohamed-fethi_avatar_1-96x96.jpg","url":"https:\/\/www.webdo.tn\/fr\/wp-content\/uploads\/2026\/04\/mohamed-fethi_avatar_1-96x96.jpg","contentUrl":"https:\/\/www.webdo.tn\/fr\/wp-content\/uploads\/2026\/04\/mohamed-fethi_avatar_1-96x96.jpg","caption":"Mohamed Fethi"},"description":"Signature \u00e9ditoriale de Maher Chaabane Mohamed Fethi est le pseudonyme \u00e9ditorial de Maher Chaabane, r\u00e9dacteur en chef de Webdo.tn depuis 2012. Cette signature est d\u00e9di\u00e9e au traitement intensif de l'actualit\u00e9 nationale et internationale en temps r\u00e9el. S'appuyant sur les deux d\u00e9cennies d'expertise journalistique de Maher Chaabane \u2014 d\u00e9but\u00e9e au sein du groupe Tunis Hebdo en 2000 \u2014 Mohamed Fethi assure une veille rigoureuse sur les enjeux politiques, \u00e9conomiques et sportifs. Sa mission est de garantir une information structur\u00e9e, fluide et fid\u00e8le aux standards de la r\u00e9daction. Pour consulter le parcours complet du r\u00e9dacteur en chef, visitez le profil officiel de Maher Chaabane.","knowsAbout":["actualit\u00e9","journalisme","information","politique","sport","m\u00e9dias","actualit\u00e9 internationale"],"knowsLanguage":["Fran\u00e7ais","Arabe"],"jobTitle":"Journaliste \u2013 R\u00e9daction Webdo","worksFor":"Webdo.tn","url":"https:\/\/www.webdo.tn\/fr\/actualite\/author\/mohamed-fethi\/"}]}},"_links":{"self":[{"href":"https:\/\/www.webdo.tn\/fr\/wp-json\/wp\/v2\/posts\/381127","targetHints":{"allow":["GET"]}}],"collection":[{"href":"https:\/\/www.webdo.tn\/fr\/wp-json\/wp\/v2\/posts"}],"about":[{"href":"https:\/\/www.webdo.tn\/fr\/wp-json\/wp\/v2\/types\/post"}],"author":[{"embeddable":true,"href":"https:\/\/www.webdo.tn\/fr\/wp-json\/wp\/v2\/users\/4782"}],"replies":[{"embeddable":true,"href":"https:\/\/www.webdo.tn\/fr\/wp-json\/wp\/v2\/comments?post=381127"}],"version-history":[{"count":0,"href":"https:\/\/www.webdo.tn\/fr\/wp-json\/wp\/v2\/posts\/381127\/revisions"}],"wp:featuredmedia":[{"embeddable":true,"href":"https:\/\/www.webdo.tn\/fr\/wp-json\/wp\/v2\/media\/370054"}],"wp:attachment":[{"href":"https:\/\/www.webdo.tn\/fr\/wp-json\/wp\/v2\/media?parent=381127"}],"wp:term":[{"taxonomy":"category","embeddable":true,"href":"https:\/\/www.webdo.tn\/fr\/wp-json\/wp\/v2\/categories?post=381127"},{"taxonomy":"post_tag","embeddable":true,"href":"https:\/\/www.webdo.tn\/fr\/wp-json\/wp\/v2\/tags?post=381127"}],"curies":[{"name":"wp","href":"https:\/\/api.w.org\/{rel}","templated":true}]}}