{"id":381098,"date":"2025-08-07T11:24:35","date_gmt":"2025-08-07T10:24:35","guid":{"rendered":"https:\/\/www.webdo.tn\/fr\/?p=381098"},"modified":"2025-08-07T11:24:38","modified_gmt":"2025-08-07T10:24:38","slug":"palmares-des-prix-du-credif-cinq-laureates-et-des-hommages","status":"publish","type":"post","link":"https:\/\/www.webdo.tn\/fr\/actualite\/national\/palmares-des-prix-du-credif-cinq-laureates-et-des-hommages\/381098\/","title":{"rendered":"Palmar\u00e8s des prix du Credif : Cinq laur\u00e9ates et des hommages"},"content":{"rendered":"\n<p><\/p>\n\n\n\n<p>La c\u00e9r\u00e9monie de remise des prix litt\u00e9raires du Credif a eu lieu dans la soir\u00e9e du mercredi 6 avril en pr\u00e9sence d&rsquo;Asma Jabri, ministre de la Famille, de la Femme, de l&rsquo;Enfance et des Personnes \u00e2g\u00e9es et de Sonia Ben Jemia, directrice g\u00e9n\u00e9rale du Credif.<br><\/p>\n\n\n\n<p>La c\u00e9r\u00e9monie a eu hier un \u00e9clat particulier \u00e0 l&rsquo;occasion du trenti\u00e8me anniversaire de la cr\u00e9ation des prix du Credif. En ce sens, la remise des prix a \u00e9t\u00e9 pr\u00e9c\u00e9d\u00e9e par un r\u00e9cital de Wafa Ghorbel, intitul\u00e9 \u00a0\u00bb Hanin \u00a0\u00bb et inspir\u00e9 de la po\u00e9sie de Zoubeida Bchir, une femme de lettres tunisienne dont les prix du Credif portent le nom.<\/p>\n\n\n\n<p>Le palmar\u00e8s de cette \u00e9dition est le suivant :<\/p>\n\n\n\n<ul class=\"wp-block-list\">\n<li>Prix de la litt\u00e9rature en langue arabe : Emna Yahiaoui<\/li>\n\n\n\n<li>Prix de la litt\u00e9rature en langue fran\u00e7aise : Zoubeida Khaldi<\/li>\n\n\n\n<li>Prix de la meilleure recherche en langue arabe : Hayet Rais<\/li>\n\n\n\n<li>Prix de la meilleure recherche en langue fran\u00e7aise : Soumaya Mestiri<br>Prix du meilleur sc\u00e9nario : Imen Ghazouani<\/li>\n<\/ul>\n\n\n\n<p>Par ailleurs, plusieurs hommages ont \u00e9t\u00e9 rendus \u00e0 des personnalit\u00e9s culturelles ayant particip\u00e9 \u00e0 la dynamique des prix du Credif depuis leur fondation.<br>Les prix Zoubeida Bchir d\u00e9cern\u00e9s par le Centre des Recheches, des \u00e9tudes, de la Documentation et de l&rsquo;Information sur la Femme, r\u00e9compensent chaque ann\u00e9e, des femmes et leurs ouvrages litt\u00e9raires et scientifiques.<\/p>\n","protected":false},"excerpt":{"rendered":"<p>La c\u00e9r\u00e9monie de remise des prix litt\u00e9raires du Credif a eu lieu dans la soir\u00e9e du mercredi 6 avril en pr\u00e9sence d&rsquo;Asma Jabri, ministre de la Famille, de la Femme, de l&rsquo;Enfance et des Personnes \u00e2g\u00e9es et de Sonia Ben Jemia, directrice g\u00e9n\u00e9rale du Credif. La c\u00e9r\u00e9monie a eu hier un \u00e9clat particulier \u00e0 l&rsquo;occasion [&hellip;]<\/p>\n","protected":false},"author":3229,"featured_media":381099,"comment_status":"open","ping_status":"open","sticky":false,"template":"","format":"standard","meta":{"footnotes":""},"categories":[44],"tags":[12388,2609,2608],"class_list":["post-381098","post","type-post","status-publish","format-standard","has-post-thumbnail","hentry","category-national","tag-credif","tag-prix","tag-tunisie"],"yoast_head":"<!-- This site is optimized with the Yoast SEO Premium plugin v27.4 (Yoast SEO v27.4) - https:\/\/yoast.com\/product\/yoast-seo-premium-wordpress\/ -->\n<title>Palmar\u00e8s des prix du Credif : Cinq laur\u00e9ates et des hommages - webdo<\/title>\n<meta name=\"description\" content=\"D\u00e9couvrez les moments forts de la c\u00e9r\u00e9monie des prix litt\u00e9raires du Credif, c\u00e9l\u00e9brant trente ans d&#039;honneur \u00e0 la litt\u00e9rature.\" \/>\n<link rel=\"canonical\" href=\"https:\/\/www.webdo.tn\/fr\/actualite\/national\/palmares-des-prix-du-credif-cinq-laureates-et-des-hommages\/381098\/\" \/>\n<meta property=\"og:locale\" content=\"fr_FR\" \/>\n<meta property=\"og:type\" content=\"article\" \/>\n<meta property=\"og:title\" content=\"Palmar\u00e8s des prix du Credif : Cinq laur\u00e9ates et des hommages\" \/>\n<meta property=\"og:description\" content=\"D\u00e9couvrez les moments forts de la c\u00e9r\u00e9monie des prix litt\u00e9raires du Credif, c\u00e9l\u00e9brant trente ans d&#039;honneur \u00e0 la litt\u00e9rature.\" \/>\n<meta property=\"og:url\" content=\"https:\/\/www.webdo.tn\/fr\/actualite\/national\/palmares-des-prix-du-credif-cinq-laureates-et-des-hommages\/381098\/\" \/>\n<meta property=\"og:site_name\" content=\"webdo\" \/>\n<meta property=\"article:publisher\" content=\"https:\/\/www.facebook.com\/webdotn\" \/>\n<meta property=\"article:author\" content=\"https:\/\/www.facebook.com\/hatem.bourial.2025\" \/>\n<meta property=\"article:published_time\" content=\"2025-08-07T10:24:35+00:00\" \/>\n<meta property=\"article:modified_time\" content=\"2025-08-07T10:24:38+00:00\" \/>\n<meta property=\"og:image\" content=\"https:\/\/www.webdo.tn\/fr\/wp-content\/uploads\/2025\/08\/8a10b234-218d-4f33-873f-5cf609067998.jpeg\" \/>\n\t<meta property=\"og:image:width\" content=\"2048\" \/>\n\t<meta property=\"og:image:height\" content=\"1536\" \/>\n\t<meta property=\"og:image:type\" content=\"image\/jpeg\" \/>\n<meta name=\"author\" content=\"Hatem Bourial\" \/>\n<meta name=\"twitter:card\" content=\"summary_large_image\" \/>\n<meta name=\"twitter:creator\" content=\"@webdo_tn\" \/>\n<meta name=\"twitter:site\" content=\"@webdo_tn\" \/>\n<meta name=\"twitter:label1\" content=\"\u00c9crit par\" \/>\n\t<meta name=\"twitter:data1\" content=\"Hatem Bourial\" \/>\n\t<meta name=\"twitter:label2\" content=\"Dur\u00e9e de lecture estim\u00e9e\" \/>\n\t<meta name=\"twitter:data2\" content=\"2 minutes\" \/>\n<script type=\"application\/ld+json\" class=\"yoast-schema-graph\">{\"@context\":\"https:\\\/\\\/schema.org\",\"@graph\":[{\"@type\":\"NewsArticle\",\"@id\":\"https:\\\/\\\/www.webdo.tn\\\/fr\\\/actualite\\\/national\\\/palmares-des-prix-du-credif-cinq-laureates-et-des-hommages\\\/381098\\\/#article\",\"isPartOf\":{\"@id\":\"https:\\\/\\\/www.webdo.tn\\\/fr\\\/actualite\\\/national\\\/palmares-des-prix-du-credif-cinq-laureates-et-des-hommages\\\/381098\\\/\"},\"author\":{\"name\":\"Hatem Bourial\",\"@id\":\"https:\\\/\\\/www.webdo.tn\\\/fr\\\/#\\\/schema\\\/person\\\/6bc0beba2cd23aec27cb5df85ca2554f\"},\"headline\":\"Palmar\u00e8s des prix du Credif : Cinq laur\u00e9ates et des hommages\",\"datePublished\":\"2025-08-07T10:24:35+00:00\",\"dateModified\":\"2025-08-07T10:24:38+00:00\",\"mainEntityOfPage\":{\"@id\":\"https:\\\/\\\/www.webdo.tn\\\/fr\\\/actualite\\\/national\\\/palmares-des-prix-du-credif-cinq-laureates-et-des-hommages\\\/381098\\\/\"},\"wordCount\":251,\"commentCount\":0,\"publisher\":{\"@id\":\"https:\\\/\\\/www.webdo.tn\\\/fr\\\/#organization\"},\"image\":{\"@id\":\"https:\\\/\\\/www.webdo.tn\\\/fr\\\/actualite\\\/national\\\/palmares-des-prix-du-credif-cinq-laureates-et-des-hommages\\\/381098\\\/#primaryimage\"},\"thumbnailUrl\":\"https:\\\/\\\/www.webdo.tn\\\/fr\\\/wp-content\\\/uploads\\\/2025\\\/08\\\/8a10b234-218d-4f33-873f-5cf609067998.jpeg\",\"keywords\":[\"Credif\",\"prix\",\"Tunisie\"],\"articleSection\":[\"National\"],\"inLanguage\":\"fr-FR\"},{\"@type\":\"WebPage\",\"@id\":\"https:\\\/\\\/www.webdo.tn\\\/fr\\\/actualite\\\/national\\\/palmares-des-prix-du-credif-cinq-laureates-et-des-hommages\\\/381098\\\/\",\"url\":\"https:\\\/\\\/www.webdo.tn\\\/fr\\\/actualite\\\/national\\\/palmares-des-prix-du-credif-cinq-laureates-et-des-hommages\\\/381098\\\/\",\"name\":\"Palmar\u00e8s des prix du Credif : Cinq laur\u00e9ates et des hommages - webdo\",\"isPartOf\":{\"@id\":\"https:\\\/\\\/www.webdo.tn\\\/fr\\\/#website\"},\"primaryImageOfPage\":{\"@id\":\"https:\\\/\\\/www.webdo.tn\\\/fr\\\/actualite\\\/national\\\/palmares-des-prix-du-credif-cinq-laureates-et-des-hommages\\\/381098\\\/#primaryimage\"},\"image\":{\"@id\":\"https:\\\/\\\/www.webdo.tn\\\/fr\\\/actualite\\\/national\\\/palmares-des-prix-du-credif-cinq-laureates-et-des-hommages\\\/381098\\\/#primaryimage\"},\"thumbnailUrl\":\"https:\\\/\\\/www.webdo.tn\\\/fr\\\/wp-content\\\/uploads\\\/2025\\\/08\\\/8a10b234-218d-4f33-873f-5cf609067998.jpeg\",\"datePublished\":\"2025-08-07T10:24:35+00:00\",\"dateModified\":\"2025-08-07T10:24:38+00:00\",\"description\":\"D\u00e9couvrez les moments forts de la c\u00e9r\u00e9monie des prix litt\u00e9raires du Credif, c\u00e9l\u00e9brant trente ans d'honneur \u00e0 la litt\u00e9rature.\",\"breadcrumb\":{\"@id\":\"https:\\\/\\\/www.webdo.tn\\\/fr\\\/actualite\\\/national\\\/palmares-des-prix-du-credif-cinq-laureates-et-des-hommages\\\/381098\\\/#breadcrumb\"},\"inLanguage\":\"fr-FR\",\"potentialAction\":[{\"@type\":\"ReadAction\",\"target\":[\"https:\\\/\\\/www.webdo.tn\\\/fr\\\/actualite\\\/national\\\/palmares-des-prix-du-credif-cinq-laureates-et-des-hommages\\\/381098\\\/\"]}]},{\"@type\":\"ImageObject\",\"inLanguage\":\"fr-FR\",\"@id\":\"https:\\\/\\\/www.webdo.tn\\\/fr\\\/actualite\\\/national\\\/palmares-des-prix-du-credif-cinq-laureates-et-des-hommages\\\/381098\\\/#primaryimage\",\"url\":\"https:\\\/\\\/www.webdo.tn\\\/fr\\\/wp-content\\\/uploads\\\/2025\\\/08\\\/8a10b234-218d-4f33-873f-5cf609067998.jpeg\",\"contentUrl\":\"https:\\\/\\\/www.webdo.tn\\\/fr\\\/wp-content\\\/uploads\\\/2025\\\/08\\\/8a10b234-218d-4f33-873f-5cf609067998.jpeg\",\"width\":2048,\"height\":1536},{\"@type\":\"BreadcrumbList\",\"@id\":\"https:\\\/\\\/www.webdo.tn\\\/fr\\\/actualite\\\/national\\\/palmares-des-prix-du-credif-cinq-laureates-et-des-hommages\\\/381098\\\/#breadcrumb\",\"itemListElement\":[{\"@type\":\"ListItem\",\"position\":1,\"name\":\"Accueil\",\"item\":\"https:\\\/\\\/www.webdo.tn\\\/fr\\\/\"},{\"@type\":\"ListItem\",\"position\":2,\"name\":\"Palmar\u00e8s des prix du Credif : Cinq laur\u00e9ates et des hommages\"}]},{\"@type\":\"WebSite\",\"@id\":\"https:\\\/\\\/www.webdo.tn\\\/fr\\\/#website\",\"url\":\"https:\\\/\\\/www.webdo.tn\\\/fr\\\/\",\"name\":\"webdo\",\"description\":\"Tunisie - News en Tunisie et \u00e0 l&#039;international sur Webdo.tn\",\"publisher\":{\"@id\":\"https:\\\/\\\/www.webdo.tn\\\/fr\\\/#organization\"},\"potentialAction\":[{\"@type\":\"SearchAction\",\"target\":{\"@type\":\"EntryPoint\",\"urlTemplate\":\"https:\\\/\\\/www.webdo.tn\\\/fr\\\/?s={search_term_string}\"},\"query-input\":{\"@type\":\"PropertyValueSpecification\",\"valueRequired\":true,\"valueName\":\"search_term_string\"}}],\"inLanguage\":\"fr-FR\"},{\"@type\":\"Organization\",\"@id\":\"https:\\\/\\\/www.webdo.tn\\\/fr\\\/#organization\",\"name\":\"Webdo\",\"alternateName\":\"Webdo.tn\",\"url\":\"https:\\\/\\\/www.webdo.tn\\\/fr\\\/\",\"logo\":{\"@type\":\"ImageObject\",\"inLanguage\":\"fr-FR\",\"@id\":\"https:\\\/\\\/www.webdo.tn\\\/fr\\\/#\\\/schema\\\/logo\\\/image\\\/\",\"url\":\"https:\\\/\\\/www.webdo.tn\\\/fr\\\/wp-content\\\/uploads\\\/2025\\\/06\\\/Webdo-Tunisie_168377.jpg\",\"contentUrl\":\"https:\\\/\\\/www.webdo.tn\\\/fr\\\/wp-content\\\/uploads\\\/2025\\\/06\\\/Webdo-Tunisie_168377.jpg\",\"width\":301,\"height\":301,\"caption\":\"Webdo\"},\"image\":{\"@id\":\"https:\\\/\\\/www.webdo.tn\\\/fr\\\/#\\\/schema\\\/logo\\\/image\\\/\"},\"sameAs\":[\"https:\\\/\\\/www.facebook.com\\\/webdotn\",\"https:\\\/\\\/x.com\\\/webdo_tn\"],\"description\":\"Webdo est un m\u00e9dia num\u00e9rique tunisien fond\u00e9 en 2010, sp\u00e9cialis\u00e9 dans l\u2019actualit\u00e9 nationale et internationale, l\u2019\u00e9conomie, la soci\u00e9t\u00e9 et les analyses politiques. Le site s\u2019adresse \u00e0 un large public francophone et couvre l\u2019information tunisienne en temps r\u00e9el.\",\"email\":\"redac@webdo.tn\",\"legalName\":\"YNJ SARL\",\"foundingDate\":\"2010-09-06\",\"numberOfEmployees\":{\"@type\":\"QuantitativeValue\",\"minValue\":\"11\",\"maxValue\":\"50\"}},{\"@type\":\"Person\",\"@id\":\"https:\\\/\\\/www.webdo.tn\\\/fr\\\/#\\\/schema\\\/person\\\/6bc0beba2cd23aec27cb5df85ca2554f\",\"name\":\"Hatem Bourial\",\"image\":{\"@type\":\"ImageObject\",\"inLanguage\":\"fr-FR\",\"@id\":\"https:\\\/\\\/www.webdo.tn\\\/fr\\\/wp-content\\\/uploads\\\/2026\\\/04\\\/hatem-bourial_avatar-96x96.jpg\",\"url\":\"https:\\\/\\\/www.webdo.tn\\\/fr\\\/wp-content\\\/uploads\\\/2026\\\/04\\\/hatem-bourial_avatar-96x96.jpg\",\"contentUrl\":\"https:\\\/\\\/www.webdo.tn\\\/fr\\\/wp-content\\\/uploads\\\/2026\\\/04\\\/hatem-bourial_avatar-96x96.jpg\",\"caption\":\"Hatem Bourial\"},\"description\":\"Hatem Bourial est journaliste, \u00e9crivain et chroniqueur tunisien. Actif depuis plusieurs d\u00e9cennies, il s\u2019est impos\u00e9 comme un observateur attentif de la soci\u00e9t\u00e9 tunisienne, m\u00ealant dans ses \u00e9crits m\u00e9moire, culture et analyse du quotidien. Auteur de nombreux ouvrages, il d\u00e9veloppe une \u0153uvre \u00e0 la crois\u00e9e du r\u00e9cit, de la po\u00e9sie et de l\u2019observation sociologique. Parall\u00e8lement \u00e0 ses contributions dans la presse, il intervient r\u00e9guli\u00e8rement \u00e0 la radio et dans des espaces culturels, o\u00f9 il explore les enjeux li\u00e9s au patrimoine, \u00e0 l\u2019identit\u00e9 et aux transformations du monde contemporain. \u00c0 travers ses chroniques, Hatem Bourial propose une lecture sensible et approfondie de l\u2019actualit\u00e9, nourrie par une exp\u00e9rience journalistique et litt\u00e9raire reconnue. \ud83d\udd17 Facebook : https:\\\/\\\/www.facebook.com\\\/hatem.bourial.2025\",\"sameAs\":[\"https:\\\/\\\/www.facebook.com\\\/hatem.bourial.2025\",\"https:\\\/\\\/fr.wikipedia.org\\\/wiki\\\/Fichier:Hatem_Bourial.jpg\"],\"knowsAbout\":[\"Culture & patrimoine tunisien\",\"Chronique soci\u00e9tale\",\"Litt\u00e9rature & m\u00e9moire\",\"Cin\u00e9ma & critique culturelle\",\"Identit\u00e9 & mutations sociales\"],\"knowsLanguage\":[\"Arabe\",\"Fran\u00e7ais\",\"Anglais\",\"Italien\",\"Polonais\"],\"jobTitle\":\"Journaliste, \u00e9crivain et chroniqueur culturel\",\"worksFor\":\"Webdo\",\"url\":\"https:\\\/\\\/www.webdo.tn\\\/fr\\\/actualite\\\/author\\\/hatem-bourial-2\\\/\"}]}<\/script>\n<!-- \/ Yoast SEO Premium plugin. -->","yoast_head_json":{"title":"Palmar\u00e8s des prix du Credif : Cinq laur\u00e9ates et des hommages - webdo","description":"D\u00e9couvrez les moments forts de la c\u00e9r\u00e9monie des prix litt\u00e9raires du Credif, c\u00e9l\u00e9brant trente ans d'honneur \u00e0 la litt\u00e9rature.","canonical":"https:\/\/www.webdo.tn\/fr\/actualite\/national\/palmares-des-prix-du-credif-cinq-laureates-et-des-hommages\/381098\/","og_locale":"fr_FR","og_type":"article","og_title":"Palmar\u00e8s des prix du Credif : Cinq laur\u00e9ates et des hommages","og_description":"D\u00e9couvrez les moments forts de la c\u00e9r\u00e9monie des prix litt\u00e9raires du Credif, c\u00e9l\u00e9brant trente ans d'honneur \u00e0 la litt\u00e9rature.","og_url":"https:\/\/www.webdo.tn\/fr\/actualite\/national\/palmares-des-prix-du-credif-cinq-laureates-et-des-hommages\/381098\/","og_site_name":"webdo","article_publisher":"https:\/\/www.facebook.com\/webdotn","article_author":"https:\/\/www.facebook.com\/hatem.bourial.2025","article_published_time":"2025-08-07T10:24:35+00:00","article_modified_time":"2025-08-07T10:24:38+00:00","og_image":[{"width":2048,"height":1536,"url":"https:\/\/www.webdo.tn\/fr\/wp-content\/uploads\/2025\/08\/8a10b234-218d-4f33-873f-5cf609067998.jpeg","type":"image\/jpeg"}],"author":"Hatem Bourial","twitter_card":"summary_large_image","twitter_creator":"@webdo_tn","twitter_site":"@webdo_tn","twitter_misc":{"\u00c9crit par":"Hatem Bourial","Dur\u00e9e de lecture estim\u00e9e":"2 minutes"},"schema":{"@context":"https:\/\/schema.org","@graph":[{"@type":"NewsArticle","@id":"https:\/\/www.webdo.tn\/fr\/actualite\/national\/palmares-des-prix-du-credif-cinq-laureates-et-des-hommages\/381098\/#article","isPartOf":{"@id":"https:\/\/www.webdo.tn\/fr\/actualite\/national\/palmares-des-prix-du-credif-cinq-laureates-et-des-hommages\/381098\/"},"author":{"name":"Hatem Bourial","@id":"https:\/\/www.webdo.tn\/fr\/#\/schema\/person\/6bc0beba2cd23aec27cb5df85ca2554f"},"headline":"Palmar\u00e8s des prix du Credif : Cinq laur\u00e9ates et des hommages","datePublished":"2025-08-07T10:24:35+00:00","dateModified":"2025-08-07T10:24:38+00:00","mainEntityOfPage":{"@id":"https:\/\/www.webdo.tn\/fr\/actualite\/national\/palmares-des-prix-du-credif-cinq-laureates-et-des-hommages\/381098\/"},"wordCount":251,"commentCount":0,"publisher":{"@id":"https:\/\/www.webdo.tn\/fr\/#organization"},"image":{"@id":"https:\/\/www.webdo.tn\/fr\/actualite\/national\/palmares-des-prix-du-credif-cinq-laureates-et-des-hommages\/381098\/#primaryimage"},"thumbnailUrl":"https:\/\/www.webdo.tn\/fr\/wp-content\/uploads\/2025\/08\/8a10b234-218d-4f33-873f-5cf609067998.jpeg","keywords":["Credif","prix","Tunisie"],"articleSection":["National"],"inLanguage":"fr-FR"},{"@type":"WebPage","@id":"https:\/\/www.webdo.tn\/fr\/actualite\/national\/palmares-des-prix-du-credif-cinq-laureates-et-des-hommages\/381098\/","url":"https:\/\/www.webdo.tn\/fr\/actualite\/national\/palmares-des-prix-du-credif-cinq-laureates-et-des-hommages\/381098\/","name":"Palmar\u00e8s des prix du Credif : Cinq laur\u00e9ates et des hommages - webdo","isPartOf":{"@id":"https:\/\/www.webdo.tn\/fr\/#website"},"primaryImageOfPage":{"@id":"https:\/\/www.webdo.tn\/fr\/actualite\/national\/palmares-des-prix-du-credif-cinq-laureates-et-des-hommages\/381098\/#primaryimage"},"image":{"@id":"https:\/\/www.webdo.tn\/fr\/actualite\/national\/palmares-des-prix-du-credif-cinq-laureates-et-des-hommages\/381098\/#primaryimage"},"thumbnailUrl":"https:\/\/www.webdo.tn\/fr\/wp-content\/uploads\/2025\/08\/8a10b234-218d-4f33-873f-5cf609067998.jpeg","datePublished":"2025-08-07T10:24:35+00:00","dateModified":"2025-08-07T10:24:38+00:00","description":"D\u00e9couvrez les moments forts de la c\u00e9r\u00e9monie des prix litt\u00e9raires du Credif, c\u00e9l\u00e9brant trente ans d'honneur \u00e0 la litt\u00e9rature.","breadcrumb":{"@id":"https:\/\/www.webdo.tn\/fr\/actualite\/national\/palmares-des-prix-du-credif-cinq-laureates-et-des-hommages\/381098\/#breadcrumb"},"inLanguage":"fr-FR","potentialAction":[{"@type":"ReadAction","target":["https:\/\/www.webdo.tn\/fr\/actualite\/national\/palmares-des-prix-du-credif-cinq-laureates-et-des-hommages\/381098\/"]}]},{"@type":"ImageObject","inLanguage":"fr-FR","@id":"https:\/\/www.webdo.tn\/fr\/actualite\/national\/palmares-des-prix-du-credif-cinq-laureates-et-des-hommages\/381098\/#primaryimage","url":"https:\/\/www.webdo.tn\/fr\/wp-content\/uploads\/2025\/08\/8a10b234-218d-4f33-873f-5cf609067998.jpeg","contentUrl":"https:\/\/www.webdo.tn\/fr\/wp-content\/uploads\/2025\/08\/8a10b234-218d-4f33-873f-5cf609067998.jpeg","width":2048,"height":1536},{"@type":"BreadcrumbList","@id":"https:\/\/www.webdo.tn\/fr\/actualite\/national\/palmares-des-prix-du-credif-cinq-laureates-et-des-hommages\/381098\/#breadcrumb","itemListElement":[{"@type":"ListItem","position":1,"name":"Accueil","item":"https:\/\/www.webdo.tn\/fr\/"},{"@type":"ListItem","position":2,"name":"Palmar\u00e8s des prix du Credif : Cinq laur\u00e9ates et des hommages"}]},{"@type":"WebSite","@id":"https:\/\/www.webdo.tn\/fr\/#website","url":"https:\/\/www.webdo.tn\/fr\/","name":"webdo","description":"Tunisie - News en Tunisie et \u00e0 l&#039;international sur Webdo.tn","publisher":{"@id":"https:\/\/www.webdo.tn\/fr\/#organization"},"potentialAction":[{"@type":"SearchAction","target":{"@type":"EntryPoint","urlTemplate":"https:\/\/www.webdo.tn\/fr\/?s={search_term_string}"},"query-input":{"@type":"PropertyValueSpecification","valueRequired":true,"valueName":"search_term_string"}}],"inLanguage":"fr-FR"},{"@type":"Organization","@id":"https:\/\/www.webdo.tn\/fr\/#organization","name":"Webdo","alternateName":"Webdo.tn","url":"https:\/\/www.webdo.tn\/fr\/","logo":{"@type":"ImageObject","inLanguage":"fr-FR","@id":"https:\/\/www.webdo.tn\/fr\/#\/schema\/logo\/image\/","url":"https:\/\/www.webdo.tn\/fr\/wp-content\/uploads\/2025\/06\/Webdo-Tunisie_168377.jpg","contentUrl":"https:\/\/www.webdo.tn\/fr\/wp-content\/uploads\/2025\/06\/Webdo-Tunisie_168377.jpg","width":301,"height":301,"caption":"Webdo"},"image":{"@id":"https:\/\/www.webdo.tn\/fr\/#\/schema\/logo\/image\/"},"sameAs":["https:\/\/www.facebook.com\/webdotn","https:\/\/x.com\/webdo_tn"],"description":"Webdo est un m\u00e9dia num\u00e9rique tunisien fond\u00e9 en 2010, sp\u00e9cialis\u00e9 dans l\u2019actualit\u00e9 nationale et internationale, l\u2019\u00e9conomie, la soci\u00e9t\u00e9 et les analyses politiques. Le site s\u2019adresse \u00e0 un large public francophone et couvre l\u2019information tunisienne en temps r\u00e9el.","email":"redac@webdo.tn","legalName":"YNJ SARL","foundingDate":"2010-09-06","numberOfEmployees":{"@type":"QuantitativeValue","minValue":"11","maxValue":"50"}},{"@type":"Person","@id":"https:\/\/www.webdo.tn\/fr\/#\/schema\/person\/6bc0beba2cd23aec27cb5df85ca2554f","name":"Hatem Bourial","image":{"@type":"ImageObject","inLanguage":"fr-FR","@id":"https:\/\/www.webdo.tn\/fr\/wp-content\/uploads\/2026\/04\/hatem-bourial_avatar-96x96.jpg","url":"https:\/\/www.webdo.tn\/fr\/wp-content\/uploads\/2026\/04\/hatem-bourial_avatar-96x96.jpg","contentUrl":"https:\/\/www.webdo.tn\/fr\/wp-content\/uploads\/2026\/04\/hatem-bourial_avatar-96x96.jpg","caption":"Hatem Bourial"},"description":"Hatem Bourial est journaliste, \u00e9crivain et chroniqueur tunisien. Actif depuis plusieurs d\u00e9cennies, il s\u2019est impos\u00e9 comme un observateur attentif de la soci\u00e9t\u00e9 tunisienne, m\u00ealant dans ses \u00e9crits m\u00e9moire, culture et analyse du quotidien. Auteur de nombreux ouvrages, il d\u00e9veloppe une \u0153uvre \u00e0 la crois\u00e9e du r\u00e9cit, de la po\u00e9sie et de l\u2019observation sociologique. Parall\u00e8lement \u00e0 ses contributions dans la presse, il intervient r\u00e9guli\u00e8rement \u00e0 la radio et dans des espaces culturels, o\u00f9 il explore les enjeux li\u00e9s au patrimoine, \u00e0 l\u2019identit\u00e9 et aux transformations du monde contemporain. \u00c0 travers ses chroniques, Hatem Bourial propose une lecture sensible et approfondie de l\u2019actualit\u00e9, nourrie par une exp\u00e9rience journalistique et litt\u00e9raire reconnue. \ud83d\udd17 Facebook : https:\/\/www.facebook.com\/hatem.bourial.2025","sameAs":["https:\/\/www.facebook.com\/hatem.bourial.2025","https:\/\/fr.wikipedia.org\/wiki\/Fichier:Hatem_Bourial.jpg"],"knowsAbout":["Culture & patrimoine tunisien","Chronique soci\u00e9tale","Litt\u00e9rature & m\u00e9moire","Cin\u00e9ma & critique culturelle","Identit\u00e9 & mutations sociales"],"knowsLanguage":["Arabe","Fran\u00e7ais","Anglais","Italien","Polonais"],"jobTitle":"Journaliste, \u00e9crivain et chroniqueur culturel","worksFor":"Webdo","url":"https:\/\/www.webdo.tn\/fr\/actualite\/author\/hatem-bourial-2\/"}]}},"_links":{"self":[{"href":"https:\/\/www.webdo.tn\/fr\/wp-json\/wp\/v2\/posts\/381098","targetHints":{"allow":["GET"]}}],"collection":[{"href":"https:\/\/www.webdo.tn\/fr\/wp-json\/wp\/v2\/posts"}],"about":[{"href":"https:\/\/www.webdo.tn\/fr\/wp-json\/wp\/v2\/types\/post"}],"author":[{"embeddable":true,"href":"https:\/\/www.webdo.tn\/fr\/wp-json\/wp\/v2\/users\/3229"}],"replies":[{"embeddable":true,"href":"https:\/\/www.webdo.tn\/fr\/wp-json\/wp\/v2\/comments?post=381098"}],"version-history":[{"count":0,"href":"https:\/\/www.webdo.tn\/fr\/wp-json\/wp\/v2\/posts\/381098\/revisions"}],"wp:featuredmedia":[{"embeddable":true,"href":"https:\/\/www.webdo.tn\/fr\/wp-json\/wp\/v2\/media\/381099"}],"wp:attachment":[{"href":"https:\/\/www.webdo.tn\/fr\/wp-json\/wp\/v2\/media?parent=381098"}],"wp:term":[{"taxonomy":"category","embeddable":true,"href":"https:\/\/www.webdo.tn\/fr\/wp-json\/wp\/v2\/categories?post=381098"},{"taxonomy":"post_tag","embeddable":true,"href":"https:\/\/www.webdo.tn\/fr\/wp-json\/wp\/v2\/tags?post=381098"}],"curies":[{"name":"wp","href":"https:\/\/api.w.org\/{rel}","templated":true}]}}