{"id":381078,"date":"2025-08-07T07:56:03","date_gmt":"2025-08-07T06:56:03","guid":{"rendered":"https:\/\/www.webdo.tn\/fr\/?p=381078"},"modified":"2025-08-18T09:00:24","modified_gmt":"2025-08-18T08:00:24","slug":"kais-saied-dresse-une-vision-binaire-du-futur-des-tunisiens","status":"publish","type":"post","link":"https:\/\/www.webdo.tn\/fr\/actualite\/national\/kais-saied-dresse-une-vision-binaire-du-futur-des-tunisiens\/381078\/","title":{"rendered":"Kais Saied dresse une vision binaire du futur des Tunisiens"},"content":{"rendered":"\n<p><strong>Le pr\u00e9sident de la R\u00e9publique Ka\u00efs Sa\u00efed a, lors de sa rencontre du mercredi 6 ao\u00fbt 2025 avec la cheffe du gouvernement, Sarah Za\u00e2frani Zenzri, dress\u00e9 une vision binaire du futur de la Tunisie : celle d\u2019un peuple appel\u00e9 \u00e0 choisir entre l\u2019\u00e9go\u00efsme individualiste et la solidarit\u00e9 fondatrice.<\/strong><\/p>\n\n\n\n<p><strong>\u00ab\u00a0Deux voies, pas une de plus\u00a0\u00bb<\/strong>, a martel\u00e9 le chef de l\u2019\u00c9tat. \u00ab Soit les Tunisiens poursuivent leur vie comme ils l\u2019ont toujours connue, repli\u00e9s sur eux-m\u00eames, pr\u00e9occup\u00e9s uniquement par leurs int\u00e9r\u00eats et leurs plaisirs personnels \u2013 une voie sans issue, st\u00e9rile, que le peuple n\u2019a jamais choisie. Soit ils reprennent une vie nouvelle, semblable \u00e0 celle qu\u2019ils ont connue le 14 janvier 2011, faite de coop\u00e9ration, de solidarit\u00e9, de suppression des barri\u00e8res entre riches et pauvres, entre bien portants et malades. Une vie fond\u00e9e sur l\u2019entraide face \u00e0 l\u2019\u00e9preuve, jusqu\u2019\u00e0 ce que l\u2019\u00e9preuve disparaisse. \u00bb<\/p>\n\n\n\n<p>Fid\u00e8le \u00e0 sa narration fond\u00e9e sur les symboles r\u00e9volutionnaires, Ka\u00efs Sa\u00efed a \u00e9voqu\u00e9 <strong>l&rsquo;image devenue c\u00e9l\u00e8bre d\u2019un vendeur de l\u00e9gumes<\/strong>, qui avait \u00e9crit sur sa camionnette le 14 janvier 2011 : <em>\u00ab Celui qui n\u2019a rien, qu\u2019il prenne gratuitement. \u00bb<\/em> Pour le pr\u00e9sident, cet esprit rena\u00eet aujourd\u2019hui : des citoyens auraient r\u00e9cemment inscrit leurs num\u00e9ros de t\u00e9l\u00e9phone sur leurs v\u00e9hicules pour offrir des trajets gratuits aux personnes dans le besoin.<\/p>\n\n\n\n<p>Dans une rh\u00e9torique offensive, Sa\u00efed a ensuite salu\u00e9 le r\u00e9veil populaire : <strong>\u00ab Les Tunisiennes et les Tunisiens donnent le\u00e7on apr\u00e8s le\u00e7on, gifle apr\u00e8s gifle, aux tra\u00eetres, aux agents et \u00e0 leurs relais internes. Ils ont le droit l\u00e9gitime d\u2019exiger justice pour les souffrances endur\u00e9es. Et nous devons \u0153uvrer sans rel\u00e2che, jour et nuit, pour que chaque citoyenne et chaque citoyen vive dans la dignit\u00e9. \u00bb<\/strong><\/p>\n\n\n\n<p>Enfin, le pr\u00e9sident a lanc\u00e9 une mise en garde aux opposants et aux forces qu\u2019il qualifie de manipul\u00e9es par l\u2019\u00e9tranger : <strong>\u00ab Le peuple tunisien r\u00e9cup\u00e9rera tous ses droits, sans exception. Quant \u00e0 ceux qui persistent \u00e0 suivre la voie inverse, qu\u2019ils sachent qu\u2019ils s\u2019enfoncent dans une impasse. Ils ne r\u00e9aliseront jamais les objectifs que leur ont trac\u00e9s certaines parties int\u00e9rieures, li\u00e9es \u00e0 des entit\u00e9s \u00e9trang\u00e8res qui ne souhaitent \u00e0 notre pays que tutelle et domination. \u00bb<\/strong><\/p>\n\n\n\n<p><\/p>\n\n\n\n<p><strong>Lire aussi :<\/strong> <a href=\"https:\/\/www.webdo.tn\/fr\/actualite\/national\/tunisie-kais-saied-appelle-a-une-reforme-globale-et-equitable-du-systeme-educatif\/380977\/\">Tunisie : Ka\u00efs Sa\u00efed appelle \u00e0 une r\u00e9forme globale et \u00e9quitable du syst\u00e8me \u00e9ducatif<\/a><\/p>\n\n\n\n<p><\/p>\n\n\n\n<p><br><\/p>\n\n\n\n<iframe src=\"https:\/\/www.facebook.com\/plugins\/video.php?height=314&#038;href=https%3A%2F%2Fwww.facebook.com%2FPresidence.tn%2Fvideos%2F2022002628571276%2F&#038;show_text=false&#038;width=560&#038;t=0\" width=\"560\" height=\"314\" style=\"border:none;overflow:hidden\" scrolling=\"no\" frameborder=\"0\" allowfullscreen=\"true\" allow=\"autoplay; clipboard-write; encrypted-media; picture-in-picture; web-share\" allowFullScreen=\"true\"><\/iframe>\n","protected":false},"excerpt":{"rendered":"<p>Le pr\u00e9sident de la R\u00e9publique Ka\u00efs Sa\u00efed a, lors de sa rencontre du mercredi 6 ao\u00fbt 2025 avec la cheffe du gouvernement, Sarah Za\u00e2frani Zenzri, dress\u00e9 une vision binaire du futur de la Tunisie : celle d\u2019un peuple appel\u00e9 \u00e0 choisir entre l\u2019\u00e9go\u00efsme individualiste et la solidarit\u00e9 fondatrice. \u00ab\u00a0Deux voies, pas une de plus\u00a0\u00bb, a [&hellip;]<\/p>\n","protected":false},"author":3184,"featured_media":368574,"comment_status":"open","ping_status":"open","sticky":false,"template":"","format":"standard","meta":{"footnotes":""},"categories":[44],"tags":[12385,2614,2608],"class_list":["post-381078","post","type-post","status-publish","format-standard","has-post-thumbnail","hentry","category-national","tag-futur","tag-kais-saied","tag-tunisie"],"yoast_head":"<!-- This site is optimized with the Yoast SEO Premium plugin v27.4 (Yoast SEO v27.4) - https:\/\/yoast.com\/product\/yoast-seo-premium-wordpress\/ -->\n<title>Kais Saied dresse une vision binaire du futur des Tunisiens - webdo<\/title>\n<meta name=\"description\" content=\"Le pr\u00e9sident Sa\u00efed \u00e9voque un choix crucial pour la Tunisie : \u00e9go\u00efsme ou solidarit\u00e9. D\u00e9couvrez sa vision.\" \/>\n<link rel=\"canonical\" href=\"https:\/\/www.webdo.tn\/fr\/actualite\/national\/kais-saied-dresse-une-vision-binaire-du-futur-des-tunisiens\/381078\/\" \/>\n<meta property=\"og:locale\" content=\"fr_FR\" \/>\n<meta property=\"og:type\" content=\"article\" \/>\n<meta property=\"og:title\" content=\"Kais Saied dresse une vision binaire du futur des Tunisiens\" \/>\n<meta property=\"og:description\" content=\"Le pr\u00e9sident Sa\u00efed \u00e9voque un choix crucial pour la Tunisie : \u00e9go\u00efsme ou solidarit\u00e9. D\u00e9couvrez sa vision.\" \/>\n<meta property=\"og:url\" content=\"https:\/\/www.webdo.tn\/fr\/actualite\/national\/kais-saied-dresse-une-vision-binaire-du-futur-des-tunisiens\/381078\/\" \/>\n<meta property=\"og:site_name\" content=\"webdo\" \/>\n<meta property=\"article:publisher\" content=\"https:\/\/www.facebook.com\/webdotn\" \/>\n<meta property=\"article:published_time\" content=\"2025-08-07T06:56:03+00:00\" \/>\n<meta property=\"article:modified_time\" content=\"2025-08-18T08:00:24+00:00\" \/>\n<meta property=\"og:image\" content=\"https:\/\/www.webdo.tn\/fr\/wp-content\/uploads\/2025\/06\/kais-saied-1_137418.jpg\" \/>\n\t<meta property=\"og:image:width\" content=\"960\" \/>\n\t<meta property=\"og:image:height\" content=\"694\" \/>\n\t<meta property=\"og:image:type\" content=\"image\/jpeg\" \/>\n<meta name=\"author\" content=\"Wided Belhaj\" \/>\n<meta name=\"twitter:card\" content=\"summary_large_image\" \/>\n<meta name=\"twitter:creator\" content=\"@webdo_tn\" \/>\n<meta name=\"twitter:site\" content=\"@webdo_tn\" \/>\n<meta name=\"twitter:label1\" content=\"\u00c9crit par\" \/>\n\t<meta name=\"twitter:data1\" content=\"Wided Belhaj\" \/>\n\t<meta name=\"twitter:label2\" content=\"Dur\u00e9e de lecture estim\u00e9e\" \/>\n\t<meta name=\"twitter:data2\" content=\"3 minutes\" \/>\n<script type=\"application\/ld+json\" class=\"yoast-schema-graph\">{\"@context\":\"https:\\\/\\\/schema.org\",\"@graph\":[{\"@type\":\"NewsArticle\",\"@id\":\"https:\\\/\\\/www.webdo.tn\\\/fr\\\/actualite\\\/national\\\/kais-saied-dresse-une-vision-binaire-du-futur-des-tunisiens\\\/381078\\\/#article\",\"isPartOf\":{\"@id\":\"https:\\\/\\\/www.webdo.tn\\\/fr\\\/actualite\\\/national\\\/kais-saied-dresse-une-vision-binaire-du-futur-des-tunisiens\\\/381078\\\/\"},\"author\":{\"name\":\"Wided Belhaj\",\"@id\":\"https:\\\/\\\/www.webdo.tn\\\/fr\\\/#\\\/schema\\\/person\\\/b9ecde7a5574cb4fcf4b496ea5fadb15\"},\"headline\":\"Kais Saied dresse une vision binaire du futur des Tunisiens\",\"datePublished\":\"2025-08-07T06:56:03+00:00\",\"dateModified\":\"2025-08-18T08:00:24+00:00\",\"mainEntityOfPage\":{\"@id\":\"https:\\\/\\\/www.webdo.tn\\\/fr\\\/actualite\\\/national\\\/kais-saied-dresse-une-vision-binaire-du-futur-des-tunisiens\\\/381078\\\/\"},\"wordCount\":429,\"commentCount\":0,\"publisher\":{\"@id\":\"https:\\\/\\\/www.webdo.tn\\\/fr\\\/#organization\"},\"image\":{\"@id\":\"https:\\\/\\\/www.webdo.tn\\\/fr\\\/actualite\\\/national\\\/kais-saied-dresse-une-vision-binaire-du-futur-des-tunisiens\\\/381078\\\/#primaryimage\"},\"thumbnailUrl\":\"https:\\\/\\\/www.webdo.tn\\\/fr\\\/wp-content\\\/uploads\\\/2025\\\/06\\\/kais-saied-1_137418.jpg\",\"keywords\":[\"Futur\",\"Kais Saied\",\"Tunisie\"],\"articleSection\":[\"National\"],\"inLanguage\":\"fr-FR\"},{\"@type\":\"WebPage\",\"@id\":\"https:\\\/\\\/www.webdo.tn\\\/fr\\\/actualite\\\/national\\\/kais-saied-dresse-une-vision-binaire-du-futur-des-tunisiens\\\/381078\\\/\",\"url\":\"https:\\\/\\\/www.webdo.tn\\\/fr\\\/actualite\\\/national\\\/kais-saied-dresse-une-vision-binaire-du-futur-des-tunisiens\\\/381078\\\/\",\"name\":\"Kais Saied dresse une vision binaire du futur des Tunisiens - webdo\",\"isPartOf\":{\"@id\":\"https:\\\/\\\/www.webdo.tn\\\/fr\\\/#website\"},\"primaryImageOfPage\":{\"@id\":\"https:\\\/\\\/www.webdo.tn\\\/fr\\\/actualite\\\/national\\\/kais-saied-dresse-une-vision-binaire-du-futur-des-tunisiens\\\/381078\\\/#primaryimage\"},\"image\":{\"@id\":\"https:\\\/\\\/www.webdo.tn\\\/fr\\\/actualite\\\/national\\\/kais-saied-dresse-une-vision-binaire-du-futur-des-tunisiens\\\/381078\\\/#primaryimage\"},\"thumbnailUrl\":\"https:\\\/\\\/www.webdo.tn\\\/fr\\\/wp-content\\\/uploads\\\/2025\\\/06\\\/kais-saied-1_137418.jpg\",\"datePublished\":\"2025-08-07T06:56:03+00:00\",\"dateModified\":\"2025-08-18T08:00:24+00:00\",\"description\":\"Le pr\u00e9sident Sa\u00efed \u00e9voque un choix crucial pour la Tunisie : \u00e9go\u00efsme ou solidarit\u00e9. D\u00e9couvrez sa vision.\",\"breadcrumb\":{\"@id\":\"https:\\\/\\\/www.webdo.tn\\\/fr\\\/actualite\\\/national\\\/kais-saied-dresse-une-vision-binaire-du-futur-des-tunisiens\\\/381078\\\/#breadcrumb\"},\"inLanguage\":\"fr-FR\",\"potentialAction\":[{\"@type\":\"ReadAction\",\"target\":[\"https:\\\/\\\/www.webdo.tn\\\/fr\\\/actualite\\\/national\\\/kais-saied-dresse-une-vision-binaire-du-futur-des-tunisiens\\\/381078\\\/\"]}]},{\"@type\":\"ImageObject\",\"inLanguage\":\"fr-FR\",\"@id\":\"https:\\\/\\\/www.webdo.tn\\\/fr\\\/actualite\\\/national\\\/kais-saied-dresse-une-vision-binaire-du-futur-des-tunisiens\\\/381078\\\/#primaryimage\",\"url\":\"https:\\\/\\\/www.webdo.tn\\\/fr\\\/wp-content\\\/uploads\\\/2025\\\/06\\\/kais-saied-1_137418.jpg\",\"contentUrl\":\"https:\\\/\\\/www.webdo.tn\\\/fr\\\/wp-content\\\/uploads\\\/2025\\\/06\\\/kais-saied-1_137418.jpg\",\"width\":960,\"height\":694,\"caption\":\"\\\"O\u00f9 en sommes-nous avec l'affaire d'empoisonnement du pr\u00e9sident ?\\\", s'interroge Ennahdha !\"},{\"@type\":\"BreadcrumbList\",\"@id\":\"https:\\\/\\\/www.webdo.tn\\\/fr\\\/actualite\\\/national\\\/kais-saied-dresse-une-vision-binaire-du-futur-des-tunisiens\\\/381078\\\/#breadcrumb\",\"itemListElement\":[{\"@type\":\"ListItem\",\"position\":1,\"name\":\"Accueil\",\"item\":\"https:\\\/\\\/www.webdo.tn\\\/fr\\\/\"},{\"@type\":\"ListItem\",\"position\":2,\"name\":\"Kais Saied dresse une vision binaire du futur des Tunisiens\"}]},{\"@type\":\"WebSite\",\"@id\":\"https:\\\/\\\/www.webdo.tn\\\/fr\\\/#website\",\"url\":\"https:\\\/\\\/www.webdo.tn\\\/fr\\\/\",\"name\":\"webdo\",\"description\":\"Tunisie - News en Tunisie et \u00e0 l&#039;international sur Webdo.tn\",\"publisher\":{\"@id\":\"https:\\\/\\\/www.webdo.tn\\\/fr\\\/#organization\"},\"potentialAction\":[{\"@type\":\"SearchAction\",\"target\":{\"@type\":\"EntryPoint\",\"urlTemplate\":\"https:\\\/\\\/www.webdo.tn\\\/fr\\\/?s={search_term_string}\"},\"query-input\":{\"@type\":\"PropertyValueSpecification\",\"valueRequired\":true,\"valueName\":\"search_term_string\"}}],\"inLanguage\":\"fr-FR\"},{\"@type\":\"Organization\",\"@id\":\"https:\\\/\\\/www.webdo.tn\\\/fr\\\/#organization\",\"name\":\"Webdo\",\"alternateName\":\"Webdo.tn\",\"url\":\"https:\\\/\\\/www.webdo.tn\\\/fr\\\/\",\"logo\":{\"@type\":\"ImageObject\",\"inLanguage\":\"fr-FR\",\"@id\":\"https:\\\/\\\/www.webdo.tn\\\/fr\\\/#\\\/schema\\\/logo\\\/image\\\/\",\"url\":\"https:\\\/\\\/www.webdo.tn\\\/fr\\\/wp-content\\\/uploads\\\/2025\\\/06\\\/Webdo-Tunisie_168377.jpg\",\"contentUrl\":\"https:\\\/\\\/www.webdo.tn\\\/fr\\\/wp-content\\\/uploads\\\/2025\\\/06\\\/Webdo-Tunisie_168377.jpg\",\"width\":301,\"height\":301,\"caption\":\"Webdo\"},\"image\":{\"@id\":\"https:\\\/\\\/www.webdo.tn\\\/fr\\\/#\\\/schema\\\/logo\\\/image\\\/\"},\"sameAs\":[\"https:\\\/\\\/www.facebook.com\\\/webdotn\",\"https:\\\/\\\/x.com\\\/webdo_tn\"],\"description\":\"Webdo est un m\u00e9dia num\u00e9rique tunisien fond\u00e9 en 2010, sp\u00e9cialis\u00e9 dans l\u2019actualit\u00e9 nationale et internationale, l\u2019\u00e9conomie, la soci\u00e9t\u00e9 et les analyses politiques. Le site s\u2019adresse \u00e0 un large public francophone et couvre l\u2019information tunisienne en temps r\u00e9el.\",\"email\":\"redac@webdo.tn\",\"legalName\":\"YNJ SARL\",\"foundingDate\":\"2010-09-06\",\"numberOfEmployees\":{\"@type\":\"QuantitativeValue\",\"minValue\":\"11\",\"maxValue\":\"50\"}},{\"@type\":\"Person\",\"@id\":\"https:\\\/\\\/www.webdo.tn\\\/fr\\\/#\\\/schema\\\/person\\\/b9ecde7a5574cb4fcf4b496ea5fadb15\",\"name\":\"Wided Belhaj\",\"image\":{\"@type\":\"ImageObject\",\"inLanguage\":\"fr-FR\",\"@id\":\"https:\\\/\\\/www.webdo.tn\\\/fr\\\/wp-content\\\/uploads\\\/2026\\\/04\\\/wided-belhaj_avatar-96x96.jpg\",\"url\":\"https:\\\/\\\/www.webdo.tn\\\/fr\\\/wp-content\\\/uploads\\\/2026\\\/04\\\/wided-belhaj_avatar-96x96.jpg\",\"contentUrl\":\"https:\\\/\\\/www.webdo.tn\\\/fr\\\/wp-content\\\/uploads\\\/2026\\\/04\\\/wided-belhaj_avatar-96x96.jpg\",\"caption\":\"Wided Belhaj\"},\"description\":\"Wided Belhaj est le pseudonyme \u00e9ditorial utilis\u00e9 par Khalil Jelassi, journaliste, ma\u00eetre-assistant \u00e0 l\u2019Institut de presse et des sciences de l\u2019information (IPSI) et chercheur en sciences de l\u2019information et de la communication. Cette signature est d\u00e9di\u00e9e \u00e0 l\u2019analyse des m\u00e9dias, des pratiques journalistiques et des mutations de l\u2019information \u00e0 l\u2019\u00e8re digitale. \u00c0 travers ses contributions, Wided Belhaj propose une lecture analytique de l\u2019actualit\u00e9, en croisant regard critique et expertise acad\u00e9mique.\",\"knowsAbout\":[\"m\u00e9dias\",\"journalisme\",\"communication\",\"information\",\"transformation num\u00e9rique\",\"analyse des m\u00e9dias\"],\"knowsLanguage\":[\"Fran\u00e7ais\",\"Arabe\"],\"jobTitle\":\"Webdo.tn\",\"worksFor\":\"Journaliste \u2013 Analyse des m\u00e9dias\",\"url\":\"https:\\\/\\\/www.webdo.tn\\\/fr\\\/actualite\\\/author\\\/wided-belhaj\\\/\"}]}<\/script>\n<!-- \/ Yoast SEO Premium plugin. -->","yoast_head_json":{"title":"Kais Saied dresse une vision binaire du futur des Tunisiens - webdo","description":"Le pr\u00e9sident Sa\u00efed \u00e9voque un choix crucial pour la Tunisie : \u00e9go\u00efsme ou solidarit\u00e9. D\u00e9couvrez sa vision.","canonical":"https:\/\/www.webdo.tn\/fr\/actualite\/national\/kais-saied-dresse-une-vision-binaire-du-futur-des-tunisiens\/381078\/","og_locale":"fr_FR","og_type":"article","og_title":"Kais Saied dresse une vision binaire du futur des Tunisiens","og_description":"Le pr\u00e9sident Sa\u00efed \u00e9voque un choix crucial pour la Tunisie : \u00e9go\u00efsme ou solidarit\u00e9. D\u00e9couvrez sa vision.","og_url":"https:\/\/www.webdo.tn\/fr\/actualite\/national\/kais-saied-dresse-une-vision-binaire-du-futur-des-tunisiens\/381078\/","og_site_name":"webdo","article_publisher":"https:\/\/www.facebook.com\/webdotn","article_published_time":"2025-08-07T06:56:03+00:00","article_modified_time":"2025-08-18T08:00:24+00:00","og_image":[{"width":960,"height":694,"url":"https:\/\/www.webdo.tn\/fr\/wp-content\/uploads\/2025\/06\/kais-saied-1_137418.jpg","type":"image\/jpeg"}],"author":"Wided Belhaj","twitter_card":"summary_large_image","twitter_creator":"@webdo_tn","twitter_site":"@webdo_tn","twitter_misc":{"\u00c9crit par":"Wided Belhaj","Dur\u00e9e de lecture estim\u00e9e":"3 minutes"},"schema":{"@context":"https:\/\/schema.org","@graph":[{"@type":"NewsArticle","@id":"https:\/\/www.webdo.tn\/fr\/actualite\/national\/kais-saied-dresse-une-vision-binaire-du-futur-des-tunisiens\/381078\/#article","isPartOf":{"@id":"https:\/\/www.webdo.tn\/fr\/actualite\/national\/kais-saied-dresse-une-vision-binaire-du-futur-des-tunisiens\/381078\/"},"author":{"name":"Wided Belhaj","@id":"https:\/\/www.webdo.tn\/fr\/#\/schema\/person\/b9ecde7a5574cb4fcf4b496ea5fadb15"},"headline":"Kais Saied dresse une vision binaire du futur des Tunisiens","datePublished":"2025-08-07T06:56:03+00:00","dateModified":"2025-08-18T08:00:24+00:00","mainEntityOfPage":{"@id":"https:\/\/www.webdo.tn\/fr\/actualite\/national\/kais-saied-dresse-une-vision-binaire-du-futur-des-tunisiens\/381078\/"},"wordCount":429,"commentCount":0,"publisher":{"@id":"https:\/\/www.webdo.tn\/fr\/#organization"},"image":{"@id":"https:\/\/www.webdo.tn\/fr\/actualite\/national\/kais-saied-dresse-une-vision-binaire-du-futur-des-tunisiens\/381078\/#primaryimage"},"thumbnailUrl":"https:\/\/www.webdo.tn\/fr\/wp-content\/uploads\/2025\/06\/kais-saied-1_137418.jpg","keywords":["Futur","Kais Saied","Tunisie"],"articleSection":["National"],"inLanguage":"fr-FR"},{"@type":"WebPage","@id":"https:\/\/www.webdo.tn\/fr\/actualite\/national\/kais-saied-dresse-une-vision-binaire-du-futur-des-tunisiens\/381078\/","url":"https:\/\/www.webdo.tn\/fr\/actualite\/national\/kais-saied-dresse-une-vision-binaire-du-futur-des-tunisiens\/381078\/","name":"Kais Saied dresse une vision binaire du futur des Tunisiens - webdo","isPartOf":{"@id":"https:\/\/www.webdo.tn\/fr\/#website"},"primaryImageOfPage":{"@id":"https:\/\/www.webdo.tn\/fr\/actualite\/national\/kais-saied-dresse-une-vision-binaire-du-futur-des-tunisiens\/381078\/#primaryimage"},"image":{"@id":"https:\/\/www.webdo.tn\/fr\/actualite\/national\/kais-saied-dresse-une-vision-binaire-du-futur-des-tunisiens\/381078\/#primaryimage"},"thumbnailUrl":"https:\/\/www.webdo.tn\/fr\/wp-content\/uploads\/2025\/06\/kais-saied-1_137418.jpg","datePublished":"2025-08-07T06:56:03+00:00","dateModified":"2025-08-18T08:00:24+00:00","description":"Le pr\u00e9sident Sa\u00efed \u00e9voque un choix crucial pour la Tunisie : \u00e9go\u00efsme ou solidarit\u00e9. D\u00e9couvrez sa vision.","breadcrumb":{"@id":"https:\/\/www.webdo.tn\/fr\/actualite\/national\/kais-saied-dresse-une-vision-binaire-du-futur-des-tunisiens\/381078\/#breadcrumb"},"inLanguage":"fr-FR","potentialAction":[{"@type":"ReadAction","target":["https:\/\/www.webdo.tn\/fr\/actualite\/national\/kais-saied-dresse-une-vision-binaire-du-futur-des-tunisiens\/381078\/"]}]},{"@type":"ImageObject","inLanguage":"fr-FR","@id":"https:\/\/www.webdo.tn\/fr\/actualite\/national\/kais-saied-dresse-une-vision-binaire-du-futur-des-tunisiens\/381078\/#primaryimage","url":"https:\/\/www.webdo.tn\/fr\/wp-content\/uploads\/2025\/06\/kais-saied-1_137418.jpg","contentUrl":"https:\/\/www.webdo.tn\/fr\/wp-content\/uploads\/2025\/06\/kais-saied-1_137418.jpg","width":960,"height":694,"caption":"\"O\u00f9 en sommes-nous avec l'affaire d'empoisonnement du pr\u00e9sident ?\", s'interroge Ennahdha !"},{"@type":"BreadcrumbList","@id":"https:\/\/www.webdo.tn\/fr\/actualite\/national\/kais-saied-dresse-une-vision-binaire-du-futur-des-tunisiens\/381078\/#breadcrumb","itemListElement":[{"@type":"ListItem","position":1,"name":"Accueil","item":"https:\/\/www.webdo.tn\/fr\/"},{"@type":"ListItem","position":2,"name":"Kais Saied dresse une vision binaire du futur des Tunisiens"}]},{"@type":"WebSite","@id":"https:\/\/www.webdo.tn\/fr\/#website","url":"https:\/\/www.webdo.tn\/fr\/","name":"webdo","description":"Tunisie - News en Tunisie et \u00e0 l&#039;international sur Webdo.tn","publisher":{"@id":"https:\/\/www.webdo.tn\/fr\/#organization"},"potentialAction":[{"@type":"SearchAction","target":{"@type":"EntryPoint","urlTemplate":"https:\/\/www.webdo.tn\/fr\/?s={search_term_string}"},"query-input":{"@type":"PropertyValueSpecification","valueRequired":true,"valueName":"search_term_string"}}],"inLanguage":"fr-FR"},{"@type":"Organization","@id":"https:\/\/www.webdo.tn\/fr\/#organization","name":"Webdo","alternateName":"Webdo.tn","url":"https:\/\/www.webdo.tn\/fr\/","logo":{"@type":"ImageObject","inLanguage":"fr-FR","@id":"https:\/\/www.webdo.tn\/fr\/#\/schema\/logo\/image\/","url":"https:\/\/www.webdo.tn\/fr\/wp-content\/uploads\/2025\/06\/Webdo-Tunisie_168377.jpg","contentUrl":"https:\/\/www.webdo.tn\/fr\/wp-content\/uploads\/2025\/06\/Webdo-Tunisie_168377.jpg","width":301,"height":301,"caption":"Webdo"},"image":{"@id":"https:\/\/www.webdo.tn\/fr\/#\/schema\/logo\/image\/"},"sameAs":["https:\/\/www.facebook.com\/webdotn","https:\/\/x.com\/webdo_tn"],"description":"Webdo est un m\u00e9dia num\u00e9rique tunisien fond\u00e9 en 2010, sp\u00e9cialis\u00e9 dans l\u2019actualit\u00e9 nationale et internationale, l\u2019\u00e9conomie, la soci\u00e9t\u00e9 et les analyses politiques. Le site s\u2019adresse \u00e0 un large public francophone et couvre l\u2019information tunisienne en temps r\u00e9el.","email":"redac@webdo.tn","legalName":"YNJ SARL","foundingDate":"2010-09-06","numberOfEmployees":{"@type":"QuantitativeValue","minValue":"11","maxValue":"50"}},{"@type":"Person","@id":"https:\/\/www.webdo.tn\/fr\/#\/schema\/person\/b9ecde7a5574cb4fcf4b496ea5fadb15","name":"Wided Belhaj","image":{"@type":"ImageObject","inLanguage":"fr-FR","@id":"https:\/\/www.webdo.tn\/fr\/wp-content\/uploads\/2026\/04\/wided-belhaj_avatar-96x96.jpg","url":"https:\/\/www.webdo.tn\/fr\/wp-content\/uploads\/2026\/04\/wided-belhaj_avatar-96x96.jpg","contentUrl":"https:\/\/www.webdo.tn\/fr\/wp-content\/uploads\/2026\/04\/wided-belhaj_avatar-96x96.jpg","caption":"Wided Belhaj"},"description":"Wided Belhaj est le pseudonyme \u00e9ditorial utilis\u00e9 par Khalil Jelassi, journaliste, ma\u00eetre-assistant \u00e0 l\u2019Institut de presse et des sciences de l\u2019information (IPSI) et chercheur en sciences de l\u2019information et de la communication. Cette signature est d\u00e9di\u00e9e \u00e0 l\u2019analyse des m\u00e9dias, des pratiques journalistiques et des mutations de l\u2019information \u00e0 l\u2019\u00e8re digitale. \u00c0 travers ses contributions, Wided Belhaj propose une lecture analytique de l\u2019actualit\u00e9, en croisant regard critique et expertise acad\u00e9mique.","knowsAbout":["m\u00e9dias","journalisme","communication","information","transformation num\u00e9rique","analyse des m\u00e9dias"],"knowsLanguage":["Fran\u00e7ais","Arabe"],"jobTitle":"Webdo.tn","worksFor":"Journaliste \u2013 Analyse des m\u00e9dias","url":"https:\/\/www.webdo.tn\/fr\/actualite\/author\/wided-belhaj\/"}]}},"_links":{"self":[{"href":"https:\/\/www.webdo.tn\/fr\/wp-json\/wp\/v2\/posts\/381078","targetHints":{"allow":["GET"]}}],"collection":[{"href":"https:\/\/www.webdo.tn\/fr\/wp-json\/wp\/v2\/posts"}],"about":[{"href":"https:\/\/www.webdo.tn\/fr\/wp-json\/wp\/v2\/types\/post"}],"author":[{"embeddable":true,"href":"https:\/\/www.webdo.tn\/fr\/wp-json\/wp\/v2\/users\/3184"}],"replies":[{"embeddable":true,"href":"https:\/\/www.webdo.tn\/fr\/wp-json\/wp\/v2\/comments?post=381078"}],"version-history":[{"count":0,"href":"https:\/\/www.webdo.tn\/fr\/wp-json\/wp\/v2\/posts\/381078\/revisions"}],"wp:featuredmedia":[{"embeddable":true,"href":"https:\/\/www.webdo.tn\/fr\/wp-json\/wp\/v2\/media\/368574"}],"wp:attachment":[{"href":"https:\/\/www.webdo.tn\/fr\/wp-json\/wp\/v2\/media?parent=381078"}],"wp:term":[{"taxonomy":"category","embeddable":true,"href":"https:\/\/www.webdo.tn\/fr\/wp-json\/wp\/v2\/categories?post=381078"},{"taxonomy":"post_tag","embeddable":true,"href":"https:\/\/www.webdo.tn\/fr\/wp-json\/wp\/v2\/tags?post=381078"}],"curies":[{"name":"wp","href":"https:\/\/api.w.org\/{rel}","templated":true}]}}