{"id":381039,"date":"2025-08-06T08:08:05","date_gmt":"2025-08-06T07:08:05","guid":{"rendered":"https:\/\/www.webdo.tn\/fr\/?p=381039"},"modified":"2025-08-18T08:25:29","modified_gmt":"2025-08-18T07:25:29","slug":"tunisie-affaire-de-la-touriste-britannique-la-version-des-parties-syndicales","status":"publish","type":"post","link":"https:\/\/www.webdo.tn\/fr\/actualite\/national\/tunisie-affaire-de-la-touriste-britannique-la-version-des-parties-syndicales\/381039\/","title":{"rendered":"Tunisie &#8211; Affaire de la touriste britannique : La version des parties syndicales"},"content":{"rendered":"\n<p><a href=\"https:\/\/www.facebook.com\/Radio.JawharaFM\/videos\/1439443757307289\">Dans une d\u00e9claration <\/a>relay\u00e9e ce mercredi 6 ao\u00fbt, Karim Nebli, secr\u00e9taire g\u00e9n\u00e9ral de la chambre syndicale des bases nautiques \u00e0 Sousse, <a href=\"https:\/\/www.webdo.tn\/fr\/actualite\/edito\/affaire-michelle-wilson-quand-un-fait-divers-declenche-un-acharnement-mediatique-mondial-contre-la-tunisie\/381029\/\">a tenu \u00e0 r\u00e9agir aux accusations de viol port\u00e9es r\u00e9cemment par une touriste britannique lors de son s\u00e9jour dans la r\u00e9gion.<\/a><\/p>\n\n\n\n<p>Selon lui, <strong>les all\u00e9gations avanc\u00e9es par la plaignante sont infond\u00e9es<\/strong>, et la version des faits diffus\u00e9e dans certains m\u00e9dias \u00e9trangers, notamment britanniques, est jug\u00e9e \u00ab d\u00e9form\u00e9e \u00bb et \u00ab \u00e0 charge \u00bb, portant atteinte \u00e0 l\u2019image du secteur touristique tunisien.<\/p>\n\n\n\n<h3 class=\"wp-block-heading\" id=\"h-elle-n-a-pas-reagi-immediatement\">\u00ab Elle n\u2019a pas r\u00e9agi imm\u00e9diatement \u00bb<\/h3>\n\n\n\n<p>Karim Nebli souligne que <strong>la touriste n\u2019a formul\u00e9 aucune plainte imm\u00e9diate<\/strong>, ni aupr\u00e8s des responsables de l\u2019h\u00f4tel ni aupr\u00e8s des autorit\u00e9s sur place, \u00e0 la suite des faits qu\u2019elle d\u00e9crit. \u00ab Elle a m\u00eame laiss\u00e9 son amie effectuer la m\u00eame activit\u00e9 nautique, \u00e0 savoir le parachute ascensionnel, avec le m\u00eame moniteur suppos\u00e9 \u00eatre l\u2019agresseur \u00bb, pr\u00e9cise-t-il.<\/p>\n\n\n\n<p>Cette attitude, selon la partie syndicale, <strong>jette le doute sur la v\u00e9racit\u00e9 des faits<\/strong> rapport\u00e9s et soul\u00e8ve de nombreuses interrogations quant \u00e0 ses intentions r\u00e9elles. \u00ab\u00a0Elle ne s&rsquo;est pas pr\u00e9sent\u00e9 lors de la confrontation dans le poste de police et n&rsquo;a pas poursuivi la proc\u00e9dure l\u00e9gale\u00a0\u00bb, a-t-il encore dit. <\/p>\n\n\n\n<p>Toujours d\u2019apr\u00e8s le secr\u00e9taire g\u00e9n\u00e9ral, <strong>le moniteur mis en cause a \u00e9t\u00e9 auditionn\u00e9 par le procureur de la R\u00e9publique<\/strong>, mais <strong>aucune d\u00e9cision de d\u00e9tention n\u2019a \u00e9t\u00e9 prise \u00e0 son encontre<\/strong>. Il a \u00e9t\u00e9 laiss\u00e9 en \u00e9tat de libert\u00e9, ce qui, selon la chambre syndicale, d\u00e9montre le manque de preuves mat\u00e9rielles suffisantes \u00e0 ce stade de l\u2019enqu\u00eate.<\/p>\n\n\n\n<h3 class=\"wp-block-heading\" id=\"h-un-remboursement-plutot-qu-une-plainte\">Un remboursement plut\u00f4t qu\u2019une plainte ?<\/h3>\n\n\n\n<p>Autre point soulev\u00e9 par Karim Nebli : <strong>la touriste n\u2019aurait pas exprim\u00e9 une volont\u00e9 ferme d\u2019engager une proc\u00e9dure judiciaire<\/strong>, mais plut\u00f4t celle d\u2019<strong>obtenir un remboursement<\/strong> des frais engag\u00e9s pour son s\u00e9jour, ainsi qu\u2019un <strong>d\u00e9dommagement financier<\/strong>. Une attitude que le syndicat consid\u00e8re comme r\u00e9v\u00e9latrice d\u2019un possible malentendu ou d\u2019une instrumentalisation de la situation.<\/p>\n\n\n\n<h3 class=\"wp-block-heading\" id=\"h-\"><\/h3>\n\n\n\n<p>Enfin, la chambre syndicale des bases nautiques de Sousse met en garde contre \u00ab <strong>la surm\u00e9diatisation injustifi\u00e9e<\/strong> \u00bb de cette affaire \u00e0 l\u2019international, soulignant qu\u2019un fait divers isol\u00e9 ne saurait remettre en cause l\u2019hospitalit\u00e9 tunisienne ni entacher la r\u00e9putation des professionnels du secteur.<\/p>\n\n\n\n<p>\u00ab Nous faisons confiance \u00e0 la justice tunisienne pour faire toute la lumi\u00e8re sur cette affaire, mais nous refusons les proc\u00e8s m\u00e9diatiques qui nuisent \u00e0 notre pays et \u00e0 notre activit\u00e9 \u00bb, conclut Karim Nebli.<\/p>\n\n\n\n<p><\/p>\n\n\n\n<p><strong>Lire aussi :<\/strong>\u00a0<a href=\"https:\/\/www.webdo.tn\/fr\/actualite\/national\/tunisie-une-touriste-britannique-se-dit-victime-dagressions-sexuelles\/380945\/\">Tunisie : Une touriste britannique se dit victime d\u2019agressions sexuelles<\/a><\/p>\n","protected":false},"excerpt":{"rendered":"<p>Dans une d\u00e9claration relay\u00e9e ce mercredi 6 ao\u00fbt, Karim Nebli, secr\u00e9taire g\u00e9n\u00e9ral de la chambre syndicale des bases nautiques \u00e0 Sousse, a tenu \u00e0 r\u00e9agir aux accusations de viol port\u00e9es r\u00e9cemment par une touriste britannique lors de son s\u00e9jour dans la r\u00e9gion. Selon lui, les all\u00e9gations avanc\u00e9es par la plaignante sont infond\u00e9es, et la version [&hellip;]<\/p>\n","protected":false},"author":3184,"featured_media":381040,"comment_status":"open","ping_status":"open","sticky":false,"template":"","format":"standard","meta":{"footnotes":""},"categories":[44],"tags":[5322,12177,2608],"class_list":["post-381039","post","type-post","status-publish","format-standard","has-post-thumbnail","hentry","category-national","tag-affaire","tag-touriste","tag-tunisie"],"yoast_head":"<!-- This site is optimized with the Yoast SEO Premium plugin v27.5 (Yoast SEO v27.5) - https:\/\/yoast.com\/product\/yoast-seo-premium-wordpress\/ -->\n<title>Tunisie - Affaire de la touriste britannique : La version des parties syndicales - webdo<\/title>\n<meta name=\"description\" content=\"Karim Nebli d\u00e9fend l&#039;image du secteur touristique tunisien apr\u00e8s les accusations d&#039;une touriste britannique.\" \/>\n<link rel=\"canonical\" href=\"https:\/\/www.webdo.tn\/fr\/actualite\/national\/tunisie-affaire-de-la-touriste-britannique-la-version-des-parties-syndicales\/381039\/\" \/>\n<meta property=\"og:locale\" content=\"fr_FR\" \/>\n<meta property=\"og:type\" content=\"article\" \/>\n<meta property=\"og:title\" content=\"Tunisie - Affaire de la touriste britannique : La version des parties syndicales\" \/>\n<meta property=\"og:description\" content=\"Karim Nebli d\u00e9fend l&#039;image du secteur touristique tunisien apr\u00e8s les accusations d&#039;une touriste britannique.\" \/>\n<meta property=\"og:url\" content=\"https:\/\/www.webdo.tn\/fr\/actualite\/national\/tunisie-affaire-de-la-touriste-britannique-la-version-des-parties-syndicales\/381039\/\" \/>\n<meta property=\"og:site_name\" content=\"webdo\" \/>\n<meta property=\"article:publisher\" content=\"https:\/\/www.facebook.com\/webdotn\" \/>\n<meta property=\"article:published_time\" content=\"2025-08-06T07:08:05+00:00\" \/>\n<meta property=\"article:modified_time\" content=\"2025-08-18T07:25:29+00:00\" \/>\n<meta property=\"og:image\" content=\"https:\/\/www.webdo.tn\/fr\/wp-content\/uploads\/2025\/08\/sipa_01120680_000024.webp\" \/>\n\t<meta property=\"og:image:width\" content=\"1440\" \/>\n\t<meta property=\"og:image:height\" content=\"960\" \/>\n\t<meta property=\"og:image:type\" content=\"image\/webp\" \/>\n<meta name=\"author\" content=\"Wided Belhaj\" \/>\n<meta name=\"twitter:card\" content=\"summary_large_image\" \/>\n<meta name=\"twitter:creator\" content=\"@webdo_tn\" \/>\n<meta name=\"twitter:site\" content=\"@webdo_tn\" \/>\n<meta name=\"twitter:label1\" content=\"\u00c9crit par\" \/>\n\t<meta name=\"twitter:data1\" content=\"Wided Belhaj\" \/>\n\t<meta name=\"twitter:label2\" content=\"Dur\u00e9e de lecture estim\u00e9e\" \/>\n\t<meta name=\"twitter:data2\" content=\"3 minutes\" \/>\n<script type=\"application\/ld+json\" class=\"yoast-schema-graph\">{\"@context\":\"https:\\\/\\\/schema.org\",\"@graph\":[{\"@type\":\"NewsArticle\",\"@id\":\"https:\\\/\\\/www.webdo.tn\\\/fr\\\/actualite\\\/national\\\/tunisie-affaire-de-la-touriste-britannique-la-version-des-parties-syndicales\\\/381039\\\/#article\",\"isPartOf\":{\"@id\":\"https:\\\/\\\/www.webdo.tn\\\/fr\\\/actualite\\\/national\\\/tunisie-affaire-de-la-touriste-britannique-la-version-des-parties-syndicales\\\/381039\\\/\"},\"author\":{\"name\":\"Wided Belhaj\",\"@id\":\"https:\\\/\\\/www.webdo.tn\\\/fr\\\/#\\\/schema\\\/person\\\/b9ecde7a5574cb4fcf4b496ea5fadb15\"},\"headline\":\"Tunisie &#8211; Affaire de la touriste britannique : La version des parties syndicales\",\"datePublished\":\"2025-08-06T07:08:05+00:00\",\"dateModified\":\"2025-08-18T07:25:29+00:00\",\"mainEntityOfPage\":{\"@id\":\"https:\\\/\\\/www.webdo.tn\\\/fr\\\/actualite\\\/national\\\/tunisie-affaire-de-la-touriste-britannique-la-version-des-parties-syndicales\\\/381039\\\/\"},\"wordCount\":466,\"commentCount\":0,\"publisher\":{\"@id\":\"https:\\\/\\\/www.webdo.tn\\\/fr\\\/#organization\"},\"image\":{\"@id\":\"https:\\\/\\\/www.webdo.tn\\\/fr\\\/actualite\\\/national\\\/tunisie-affaire-de-la-touriste-britannique-la-version-des-parties-syndicales\\\/381039\\\/#primaryimage\"},\"thumbnailUrl\":\"https:\\\/\\\/www.webdo.tn\\\/fr\\\/wp-content\\\/uploads\\\/2025\\\/08\\\/sipa_01120680_000024.webp\",\"keywords\":[\"Affaire\",\"touriste\",\"Tunisie\"],\"articleSection\":[\"National\"],\"inLanguage\":\"fr-FR\"},{\"@type\":\"WebPage\",\"@id\":\"https:\\\/\\\/www.webdo.tn\\\/fr\\\/actualite\\\/national\\\/tunisie-affaire-de-la-touriste-britannique-la-version-des-parties-syndicales\\\/381039\\\/\",\"url\":\"https:\\\/\\\/www.webdo.tn\\\/fr\\\/actualite\\\/national\\\/tunisie-affaire-de-la-touriste-britannique-la-version-des-parties-syndicales\\\/381039\\\/\",\"name\":\"Tunisie - Affaire de la touriste britannique : La version des parties syndicales - webdo\",\"isPartOf\":{\"@id\":\"https:\\\/\\\/www.webdo.tn\\\/fr\\\/#website\"},\"primaryImageOfPage\":{\"@id\":\"https:\\\/\\\/www.webdo.tn\\\/fr\\\/actualite\\\/national\\\/tunisie-affaire-de-la-touriste-britannique-la-version-des-parties-syndicales\\\/381039\\\/#primaryimage\"},\"image\":{\"@id\":\"https:\\\/\\\/www.webdo.tn\\\/fr\\\/actualite\\\/national\\\/tunisie-affaire-de-la-touriste-britannique-la-version-des-parties-syndicales\\\/381039\\\/#primaryimage\"},\"thumbnailUrl\":\"https:\\\/\\\/www.webdo.tn\\\/fr\\\/wp-content\\\/uploads\\\/2025\\\/08\\\/sipa_01120680_000024.webp\",\"datePublished\":\"2025-08-06T07:08:05+00:00\",\"dateModified\":\"2025-08-18T07:25:29+00:00\",\"description\":\"Karim Nebli d\u00e9fend l'image du secteur touristique tunisien apr\u00e8s les accusations d'une touriste britannique.\",\"breadcrumb\":{\"@id\":\"https:\\\/\\\/www.webdo.tn\\\/fr\\\/actualite\\\/national\\\/tunisie-affaire-de-la-touriste-britannique-la-version-des-parties-syndicales\\\/381039\\\/#breadcrumb\"},\"inLanguage\":\"fr-FR\",\"potentialAction\":[{\"@type\":\"ReadAction\",\"target\":[\"https:\\\/\\\/www.webdo.tn\\\/fr\\\/actualite\\\/national\\\/tunisie-affaire-de-la-touriste-britannique-la-version-des-parties-syndicales\\\/381039\\\/\"]}]},{\"@type\":\"ImageObject\",\"inLanguage\":\"fr-FR\",\"@id\":\"https:\\\/\\\/www.webdo.tn\\\/fr\\\/actualite\\\/national\\\/tunisie-affaire-de-la-touriste-britannique-la-version-des-parties-syndicales\\\/381039\\\/#primaryimage\",\"url\":\"https:\\\/\\\/www.webdo.tn\\\/fr\\\/wp-content\\\/uploads\\\/2025\\\/08\\\/sipa_01120680_000024.webp\",\"contentUrl\":\"https:\\\/\\\/www.webdo.tn\\\/fr\\\/wp-content\\\/uploads\\\/2025\\\/08\\\/sipa_01120680_000024.webp\",\"width\":1440,\"height\":960},{\"@type\":\"BreadcrumbList\",\"@id\":\"https:\\\/\\\/www.webdo.tn\\\/fr\\\/actualite\\\/national\\\/tunisie-affaire-de-la-touriste-britannique-la-version-des-parties-syndicales\\\/381039\\\/#breadcrumb\",\"itemListElement\":[{\"@type\":\"ListItem\",\"position\":1,\"name\":\"Accueil\",\"item\":\"https:\\\/\\\/www.webdo.tn\\\/fr\\\/\"},{\"@type\":\"ListItem\",\"position\":2,\"name\":\"Tunisie &#8211; Affaire de la touriste britannique : La version des parties syndicales\"}]},{\"@type\":\"WebSite\",\"@id\":\"https:\\\/\\\/www.webdo.tn\\\/fr\\\/#website\",\"url\":\"https:\\\/\\\/www.webdo.tn\\\/fr\\\/\",\"name\":\"webdo\",\"description\":\"Tunisie - News en Tunisie et \u00e0 l&#039;international sur Webdo.tn\",\"publisher\":{\"@id\":\"https:\\\/\\\/www.webdo.tn\\\/fr\\\/#organization\"},\"potentialAction\":[{\"@type\":\"SearchAction\",\"target\":{\"@type\":\"EntryPoint\",\"urlTemplate\":\"https:\\\/\\\/www.webdo.tn\\\/fr\\\/?s={search_term_string}\"},\"query-input\":{\"@type\":\"PropertyValueSpecification\",\"valueRequired\":true,\"valueName\":\"search_term_string\"}}],\"inLanguage\":\"fr-FR\"},{\"@type\":\"Organization\",\"@id\":\"https:\\\/\\\/www.webdo.tn\\\/fr\\\/#organization\",\"name\":\"Webdo\",\"alternateName\":\"Webdo.tn\",\"url\":\"https:\\\/\\\/www.webdo.tn\\\/fr\\\/\",\"logo\":{\"@type\":\"ImageObject\",\"inLanguage\":\"fr-FR\",\"@id\":\"https:\\\/\\\/www.webdo.tn\\\/fr\\\/#\\\/schema\\\/logo\\\/image\\\/\",\"url\":\"https:\\\/\\\/www.webdo.tn\\\/fr\\\/wp-content\\\/uploads\\\/2025\\\/06\\\/Webdo-Tunisie_168377.jpg\",\"contentUrl\":\"https:\\\/\\\/www.webdo.tn\\\/fr\\\/wp-content\\\/uploads\\\/2025\\\/06\\\/Webdo-Tunisie_168377.jpg\",\"width\":301,\"height\":301,\"caption\":\"Webdo\"},\"image\":{\"@id\":\"https:\\\/\\\/www.webdo.tn\\\/fr\\\/#\\\/schema\\\/logo\\\/image\\\/\"},\"sameAs\":[\"https:\\\/\\\/www.facebook.com\\\/webdotn\",\"https:\\\/\\\/x.com\\\/webdo_tn\"],\"description\":\"Webdo est un m\u00e9dia num\u00e9rique tunisien fond\u00e9 en 2010, sp\u00e9cialis\u00e9 dans l\u2019actualit\u00e9 nationale et internationale, l\u2019\u00e9conomie, la soci\u00e9t\u00e9 et les analyses politiques. Le site s\u2019adresse \u00e0 un large public francophone et couvre l\u2019information tunisienne en temps r\u00e9el.\",\"email\":\"redac@webdo.tn\",\"legalName\":\"YNJ SARL\",\"foundingDate\":\"2010-09-06\",\"numberOfEmployees\":{\"@type\":\"QuantitativeValue\",\"minValue\":\"11\",\"maxValue\":\"50\"}},{\"@type\":\"Person\",\"@id\":\"https:\\\/\\\/www.webdo.tn\\\/fr\\\/#\\\/schema\\\/person\\\/b9ecde7a5574cb4fcf4b496ea5fadb15\",\"name\":\"Wided Belhaj\",\"image\":{\"@type\":\"ImageObject\",\"inLanguage\":\"fr-FR\",\"@id\":\"https:\\\/\\\/www.webdo.tn\\\/fr\\\/wp-content\\\/uploads\\\/2026\\\/04\\\/wided-belhaj_avatar-96x96.jpg\",\"url\":\"https:\\\/\\\/www.webdo.tn\\\/fr\\\/wp-content\\\/uploads\\\/2026\\\/04\\\/wided-belhaj_avatar-96x96.jpg\",\"contentUrl\":\"https:\\\/\\\/www.webdo.tn\\\/fr\\\/wp-content\\\/uploads\\\/2026\\\/04\\\/wided-belhaj_avatar-96x96.jpg\",\"caption\":\"Wided Belhaj\"},\"description\":\"Wided Belhaj est le pseudonyme \u00e9ditorial utilis\u00e9 par Khalil Jelassi, journaliste, ma\u00eetre-assistant \u00e0 l\u2019Institut de presse et des sciences de l\u2019information (IPSI) et chercheur en sciences de l\u2019information et de la communication. Cette signature est d\u00e9di\u00e9e \u00e0 l\u2019analyse des m\u00e9dias, des pratiques journalistiques et des mutations de l\u2019information \u00e0 l\u2019\u00e8re digitale. \u00c0 travers ses contributions, Wided Belhaj propose une lecture analytique de l\u2019actualit\u00e9, en croisant regard critique et expertise acad\u00e9mique.\",\"knowsAbout\":[\"m\u00e9dias\",\"journalisme\",\"communication\",\"information\",\"transformation num\u00e9rique\",\"analyse des m\u00e9dias\"],\"knowsLanguage\":[\"Fran\u00e7ais\",\"Arabe\"],\"jobTitle\":\"Webdo.tn\",\"worksFor\":\"Journaliste \u2013 Analyse des m\u00e9dias\",\"url\":\"https:\\\/\\\/www.webdo.tn\\\/fr\\\/actualite\\\/author\\\/wided-belhaj\\\/\"}]}<\/script>\n<!-- \/ Yoast SEO Premium plugin. -->","yoast_head_json":{"title":"Tunisie - Affaire de la touriste britannique : La version des parties syndicales - webdo","description":"Karim Nebli d\u00e9fend l'image du secteur touristique tunisien apr\u00e8s les accusations d'une touriste britannique.","canonical":"https:\/\/www.webdo.tn\/fr\/actualite\/national\/tunisie-affaire-de-la-touriste-britannique-la-version-des-parties-syndicales\/381039\/","og_locale":"fr_FR","og_type":"article","og_title":"Tunisie - Affaire de la touriste britannique : La version des parties syndicales","og_description":"Karim Nebli d\u00e9fend l'image du secteur touristique tunisien apr\u00e8s les accusations d'une touriste britannique.","og_url":"https:\/\/www.webdo.tn\/fr\/actualite\/national\/tunisie-affaire-de-la-touriste-britannique-la-version-des-parties-syndicales\/381039\/","og_site_name":"webdo","article_publisher":"https:\/\/www.facebook.com\/webdotn","article_published_time":"2025-08-06T07:08:05+00:00","article_modified_time":"2025-08-18T07:25:29+00:00","og_image":[{"width":1440,"height":960,"url":"https:\/\/www.webdo.tn\/fr\/wp-content\/uploads\/2025\/08\/sipa_01120680_000024.webp","type":"image\/webp"}],"author":"Wided Belhaj","twitter_card":"summary_large_image","twitter_creator":"@webdo_tn","twitter_site":"@webdo_tn","twitter_misc":{"\u00c9crit par":"Wided Belhaj","Dur\u00e9e de lecture estim\u00e9e":"3 minutes"},"schema":{"@context":"https:\/\/schema.org","@graph":[{"@type":"NewsArticle","@id":"https:\/\/www.webdo.tn\/fr\/actualite\/national\/tunisie-affaire-de-la-touriste-britannique-la-version-des-parties-syndicales\/381039\/#article","isPartOf":{"@id":"https:\/\/www.webdo.tn\/fr\/actualite\/national\/tunisie-affaire-de-la-touriste-britannique-la-version-des-parties-syndicales\/381039\/"},"author":{"name":"Wided Belhaj","@id":"https:\/\/www.webdo.tn\/fr\/#\/schema\/person\/b9ecde7a5574cb4fcf4b496ea5fadb15"},"headline":"Tunisie &#8211; Affaire de la touriste britannique : La version des parties syndicales","datePublished":"2025-08-06T07:08:05+00:00","dateModified":"2025-08-18T07:25:29+00:00","mainEntityOfPage":{"@id":"https:\/\/www.webdo.tn\/fr\/actualite\/national\/tunisie-affaire-de-la-touriste-britannique-la-version-des-parties-syndicales\/381039\/"},"wordCount":466,"commentCount":0,"publisher":{"@id":"https:\/\/www.webdo.tn\/fr\/#organization"},"image":{"@id":"https:\/\/www.webdo.tn\/fr\/actualite\/national\/tunisie-affaire-de-la-touriste-britannique-la-version-des-parties-syndicales\/381039\/#primaryimage"},"thumbnailUrl":"https:\/\/www.webdo.tn\/fr\/wp-content\/uploads\/2025\/08\/sipa_01120680_000024.webp","keywords":["Affaire","touriste","Tunisie"],"articleSection":["National"],"inLanguage":"fr-FR"},{"@type":"WebPage","@id":"https:\/\/www.webdo.tn\/fr\/actualite\/national\/tunisie-affaire-de-la-touriste-britannique-la-version-des-parties-syndicales\/381039\/","url":"https:\/\/www.webdo.tn\/fr\/actualite\/national\/tunisie-affaire-de-la-touriste-britannique-la-version-des-parties-syndicales\/381039\/","name":"Tunisie - Affaire de la touriste britannique : La version des parties syndicales - webdo","isPartOf":{"@id":"https:\/\/www.webdo.tn\/fr\/#website"},"primaryImageOfPage":{"@id":"https:\/\/www.webdo.tn\/fr\/actualite\/national\/tunisie-affaire-de-la-touriste-britannique-la-version-des-parties-syndicales\/381039\/#primaryimage"},"image":{"@id":"https:\/\/www.webdo.tn\/fr\/actualite\/national\/tunisie-affaire-de-la-touriste-britannique-la-version-des-parties-syndicales\/381039\/#primaryimage"},"thumbnailUrl":"https:\/\/www.webdo.tn\/fr\/wp-content\/uploads\/2025\/08\/sipa_01120680_000024.webp","datePublished":"2025-08-06T07:08:05+00:00","dateModified":"2025-08-18T07:25:29+00:00","description":"Karim Nebli d\u00e9fend l'image du secteur touristique tunisien apr\u00e8s les accusations d'une touriste britannique.","breadcrumb":{"@id":"https:\/\/www.webdo.tn\/fr\/actualite\/national\/tunisie-affaire-de-la-touriste-britannique-la-version-des-parties-syndicales\/381039\/#breadcrumb"},"inLanguage":"fr-FR","potentialAction":[{"@type":"ReadAction","target":["https:\/\/www.webdo.tn\/fr\/actualite\/national\/tunisie-affaire-de-la-touriste-britannique-la-version-des-parties-syndicales\/381039\/"]}]},{"@type":"ImageObject","inLanguage":"fr-FR","@id":"https:\/\/www.webdo.tn\/fr\/actualite\/national\/tunisie-affaire-de-la-touriste-britannique-la-version-des-parties-syndicales\/381039\/#primaryimage","url":"https:\/\/www.webdo.tn\/fr\/wp-content\/uploads\/2025\/08\/sipa_01120680_000024.webp","contentUrl":"https:\/\/www.webdo.tn\/fr\/wp-content\/uploads\/2025\/08\/sipa_01120680_000024.webp","width":1440,"height":960},{"@type":"BreadcrumbList","@id":"https:\/\/www.webdo.tn\/fr\/actualite\/national\/tunisie-affaire-de-la-touriste-britannique-la-version-des-parties-syndicales\/381039\/#breadcrumb","itemListElement":[{"@type":"ListItem","position":1,"name":"Accueil","item":"https:\/\/www.webdo.tn\/fr\/"},{"@type":"ListItem","position":2,"name":"Tunisie &#8211; Affaire de la touriste britannique : La version des parties syndicales"}]},{"@type":"WebSite","@id":"https:\/\/www.webdo.tn\/fr\/#website","url":"https:\/\/www.webdo.tn\/fr\/","name":"webdo","description":"Tunisie - News en Tunisie et \u00e0 l&#039;international sur Webdo.tn","publisher":{"@id":"https:\/\/www.webdo.tn\/fr\/#organization"},"potentialAction":[{"@type":"SearchAction","target":{"@type":"EntryPoint","urlTemplate":"https:\/\/www.webdo.tn\/fr\/?s={search_term_string}"},"query-input":{"@type":"PropertyValueSpecification","valueRequired":true,"valueName":"search_term_string"}}],"inLanguage":"fr-FR"},{"@type":"Organization","@id":"https:\/\/www.webdo.tn\/fr\/#organization","name":"Webdo","alternateName":"Webdo.tn","url":"https:\/\/www.webdo.tn\/fr\/","logo":{"@type":"ImageObject","inLanguage":"fr-FR","@id":"https:\/\/www.webdo.tn\/fr\/#\/schema\/logo\/image\/","url":"https:\/\/www.webdo.tn\/fr\/wp-content\/uploads\/2025\/06\/Webdo-Tunisie_168377.jpg","contentUrl":"https:\/\/www.webdo.tn\/fr\/wp-content\/uploads\/2025\/06\/Webdo-Tunisie_168377.jpg","width":301,"height":301,"caption":"Webdo"},"image":{"@id":"https:\/\/www.webdo.tn\/fr\/#\/schema\/logo\/image\/"},"sameAs":["https:\/\/www.facebook.com\/webdotn","https:\/\/x.com\/webdo_tn"],"description":"Webdo est un m\u00e9dia num\u00e9rique tunisien fond\u00e9 en 2010, sp\u00e9cialis\u00e9 dans l\u2019actualit\u00e9 nationale et internationale, l\u2019\u00e9conomie, la soci\u00e9t\u00e9 et les analyses politiques. Le site s\u2019adresse \u00e0 un large public francophone et couvre l\u2019information tunisienne en temps r\u00e9el.","email":"redac@webdo.tn","legalName":"YNJ SARL","foundingDate":"2010-09-06","numberOfEmployees":{"@type":"QuantitativeValue","minValue":"11","maxValue":"50"}},{"@type":"Person","@id":"https:\/\/www.webdo.tn\/fr\/#\/schema\/person\/b9ecde7a5574cb4fcf4b496ea5fadb15","name":"Wided Belhaj","image":{"@type":"ImageObject","inLanguage":"fr-FR","@id":"https:\/\/www.webdo.tn\/fr\/wp-content\/uploads\/2026\/04\/wided-belhaj_avatar-96x96.jpg","url":"https:\/\/www.webdo.tn\/fr\/wp-content\/uploads\/2026\/04\/wided-belhaj_avatar-96x96.jpg","contentUrl":"https:\/\/www.webdo.tn\/fr\/wp-content\/uploads\/2026\/04\/wided-belhaj_avatar-96x96.jpg","caption":"Wided Belhaj"},"description":"Wided Belhaj est le pseudonyme \u00e9ditorial utilis\u00e9 par Khalil Jelassi, journaliste, ma\u00eetre-assistant \u00e0 l\u2019Institut de presse et des sciences de l\u2019information (IPSI) et chercheur en sciences de l\u2019information et de la communication. Cette signature est d\u00e9di\u00e9e \u00e0 l\u2019analyse des m\u00e9dias, des pratiques journalistiques et des mutations de l\u2019information \u00e0 l\u2019\u00e8re digitale. \u00c0 travers ses contributions, Wided Belhaj propose une lecture analytique de l\u2019actualit\u00e9, en croisant regard critique et expertise acad\u00e9mique.","knowsAbout":["m\u00e9dias","journalisme","communication","information","transformation num\u00e9rique","analyse des m\u00e9dias"],"knowsLanguage":["Fran\u00e7ais","Arabe"],"jobTitle":"Webdo.tn","worksFor":"Journaliste \u2013 Analyse des m\u00e9dias","url":"https:\/\/www.webdo.tn\/fr\/actualite\/author\/wided-belhaj\/"}]}},"_links":{"self":[{"href":"https:\/\/www.webdo.tn\/fr\/wp-json\/wp\/v2\/posts\/381039","targetHints":{"allow":["GET"]}}],"collection":[{"href":"https:\/\/www.webdo.tn\/fr\/wp-json\/wp\/v2\/posts"}],"about":[{"href":"https:\/\/www.webdo.tn\/fr\/wp-json\/wp\/v2\/types\/post"}],"author":[{"embeddable":true,"href":"https:\/\/www.webdo.tn\/fr\/wp-json\/wp\/v2\/users\/3184"}],"replies":[{"embeddable":true,"href":"https:\/\/www.webdo.tn\/fr\/wp-json\/wp\/v2\/comments?post=381039"}],"version-history":[{"count":0,"href":"https:\/\/www.webdo.tn\/fr\/wp-json\/wp\/v2\/posts\/381039\/revisions"}],"wp:featuredmedia":[{"embeddable":true,"href":"https:\/\/www.webdo.tn\/fr\/wp-json\/wp\/v2\/media\/381040"}],"wp:attachment":[{"href":"https:\/\/www.webdo.tn\/fr\/wp-json\/wp\/v2\/media?parent=381039"}],"wp:term":[{"taxonomy":"category","embeddable":true,"href":"https:\/\/www.webdo.tn\/fr\/wp-json\/wp\/v2\/categories?post=381039"},{"taxonomy":"post_tag","embeddable":true,"href":"https:\/\/www.webdo.tn\/fr\/wp-json\/wp\/v2\/tags?post=381039"}],"curies":[{"name":"wp","href":"https:\/\/api.w.org\/{rel}","templated":true}]}}