{"id":381024,"date":"2025-08-05T18:16:07","date_gmt":"2025-08-05T17:16:07","guid":{"rendered":"https:\/\/www.webdo.tn\/fr\/?p=381024"},"modified":"2025-08-18T08:20:48","modified_gmt":"2025-08-18T07:20:48","slug":"la-ltdh-denonce-des-depassements-dangereux-dans-les-prisons-tunisiennes","status":"publish","type":"post","link":"https:\/\/www.webdo.tn\/fr\/actualite\/national\/la-ltdh-denonce-des-depassements-dangereux-dans-les-prisons-tunisiennes\/381024\/","title":{"rendered":"La LTDH d\u00e9nonce des \u00ab\u00a0d\u00e9passements dangereux\u00a0\u00bb dans les prisons tunisiennes"},"content":{"rendered":"\n<p><strong>Des voix s\u2019\u00e9l\u00e8vent en Tunisie pour alerter sur une s\u00e9rie de d\u00e9c\u00e8s survenus r\u00e9cemment en milieu carc\u00e9ral, dans un contexte o\u00f9 plusieurs organisations de la soci\u00e9t\u00e9 civile expriment leurs pr\u00e9occupations quant aux conditions de d\u00e9tention.<\/strong><\/p>\n\n\n\n<p>C&rsquo;est la Ligue tunisienne pour la d\u00e9fense des droits de l\u2019Homme (LTDH) qui <a href=\"https:\/\/www.facebook.com\/ltdh.tn\/posts\/pfbid08FJYhnGv84DUZgHaJuDjqsNoG8XXQiXtQBtBJtUttnudnUn9SPjtYwXpgd9qTuc9l\">a publi\u00e9 un communiqu\u00e9 ce mardi <\/a>pour alerter contre ces cas pr\u00e9sum\u00e9s de mauvais traitements et de n\u00e9gligence.<\/p>\n\n\n\n<p>Selon cette ONG, certains t\u00e9moignages recueillis \u00e9voquent une d\u00e9gradation des conditions dans certaines prisons et centres de r\u00e9\u00e9ducation pour mineurs, notamment en mati\u00e8re d\u2019acc\u00e8s aux soins de sant\u00e9. <\/p>\n\n\n\n<p>Elle souligne l\u2019importance de garantir la dignit\u00e9 et la s\u00e9curit\u00e9 physique des d\u00e9tenus, conform\u00e9ment \u00e0 la Constitution tunisienne et aux engagements internationaux de la Tunisie en mati\u00e8re de droits humains.<\/p>\n\n\n\n<p>Dans sa communication, la LTDH r\u00e9affirme sa solidarit\u00e9 avec les familles des d\u00e9tenus concern\u00e9s et appelle \u00e0 des enqu\u00eates s\u00e9rieuses et impartiales lorsqu\u2019un d\u00e9c\u00e8s ou un traitement abusif est signal\u00e9. Elle insiste \u00e9galement sur la n\u00e9cessit\u00e9 de veiller au respect des proc\u00e9dures l\u00e9gales en mati\u00e8re de d\u00e9tention pr\u00e9ventive, et encourage le recours \u00e0 des peines alternatives pour lutter contre le surpeuplement carc\u00e9ral.<\/p>\n\n\n\n<p>Tout en reconnaissant les efforts d\u00e9ploy\u00e9s par certaines structures p\u00e9nitentiaires, la LTDH rappelle aux autorit\u00e9s leur devoir de vigilance et de transparence. Elles appellent \u00e0 un dialogue constructif pour am\u00e9liorer la situation dans les prisons, dans le respect des droits fondamentaux de tous les citoyens.<\/p>\n","protected":false},"excerpt":{"rendered":"<p>Des voix s\u2019\u00e9l\u00e8vent en Tunisie pour alerter sur une s\u00e9rie de d\u00e9c\u00e8s survenus r\u00e9cemment en milieu carc\u00e9ral, dans un contexte o\u00f9 plusieurs organisations de la soci\u00e9t\u00e9 civile expriment leurs pr\u00e9occupations quant aux conditions de d\u00e9tention. C&rsquo;est la Ligue tunisienne pour la d\u00e9fense des droits de l\u2019Homme (LTDH) qui a publi\u00e9 un communiqu\u00e9 ce mardi pour [&hellip;]<\/p>\n","protected":false},"author":3184,"featured_media":376506,"comment_status":"open","ping_status":"open","sticky":false,"template":"","format":"standard","meta":{"footnotes":""},"categories":[44],"tags":[7947,2708,2608],"class_list":["post-381024","post","type-post","status-publish","format-standard","has-post-thumbnail","hentry","category-national","tag-ltdh","tag-prison","tag-tunisie"],"yoast_head":"<!-- This site is optimized with the Yoast SEO Premium plugin v27.4 (Yoast SEO v27.4) - https:\/\/yoast.com\/product\/yoast-seo-premium-wordpress\/ -->\n<title>La LTDH d\u00e9nonce des &quot;d\u00e9passements dangereux&quot; dans les prisons tunisiennes - webdo<\/title>\n<meta name=\"description\" content=\"D\u00e9couvrez les pr\u00e9occupations croissantes concernant les prisons en Tunisie et les conditions de d\u00e9tention d\u00e9gradantes.\" \/>\n<link rel=\"canonical\" href=\"https:\/\/www.webdo.tn\/fr\/actualite\/national\/la-ltdh-denonce-des-depassements-dangereux-dans-les-prisons-tunisiennes\/381024\/\" \/>\n<meta property=\"og:locale\" content=\"fr_FR\" \/>\n<meta property=\"og:type\" content=\"article\" \/>\n<meta property=\"og:title\" content=\"La LTDH d\u00e9nonce des &quot;d\u00e9passements dangereux&quot; dans les prisons tunisiennes\" \/>\n<meta property=\"og:description\" content=\"D\u00e9couvrez les pr\u00e9occupations croissantes concernant les prisons en Tunisie et les conditions de d\u00e9tention d\u00e9gradantes.\" \/>\n<meta property=\"og:url\" content=\"https:\/\/www.webdo.tn\/fr\/actualite\/national\/la-ltdh-denonce-des-depassements-dangereux-dans-les-prisons-tunisiennes\/381024\/\" \/>\n<meta property=\"og:site_name\" content=\"webdo\" \/>\n<meta property=\"article:publisher\" content=\"https:\/\/www.facebook.com\/webdotn\" \/>\n<meta property=\"article:published_time\" content=\"2025-08-05T17:16:07+00:00\" \/>\n<meta property=\"article:modified_time\" content=\"2025-08-18T07:20:48+00:00\" \/>\n<meta property=\"og:image\" content=\"https:\/\/www.webdo.tn\/fr\/wp-content\/uploads\/2025\/05\/c892c5344c8f81473227ee9132d29d62.webp\" \/>\n\t<meta property=\"og:image:width\" content=\"680\" \/>\n\t<meta property=\"og:image:height\" content=\"363\" \/>\n\t<meta property=\"og:image:type\" content=\"image\/webp\" \/>\n<meta name=\"author\" content=\"Wided Belhaj\" \/>\n<meta name=\"twitter:card\" content=\"summary_large_image\" \/>\n<meta name=\"twitter:creator\" content=\"@webdo_tn\" \/>\n<meta name=\"twitter:site\" content=\"@webdo_tn\" \/>\n<meta name=\"twitter:label1\" content=\"\u00c9crit par\" \/>\n\t<meta name=\"twitter:data1\" content=\"Wided Belhaj\" \/>\n\t<meta name=\"twitter:label2\" content=\"Dur\u00e9e de lecture estim\u00e9e\" \/>\n\t<meta name=\"twitter:data2\" content=\"2 minutes\" \/>\n<script type=\"application\/ld+json\" class=\"yoast-schema-graph\">{\"@context\":\"https:\\\/\\\/schema.org\",\"@graph\":[{\"@type\":\"NewsArticle\",\"@id\":\"https:\\\/\\\/www.webdo.tn\\\/fr\\\/actualite\\\/national\\\/la-ltdh-denonce-des-depassements-dangereux-dans-les-prisons-tunisiennes\\\/381024\\\/#article\",\"isPartOf\":{\"@id\":\"https:\\\/\\\/www.webdo.tn\\\/fr\\\/actualite\\\/national\\\/la-ltdh-denonce-des-depassements-dangereux-dans-les-prisons-tunisiennes\\\/381024\\\/\"},\"author\":{\"name\":\"Wided Belhaj\",\"@id\":\"https:\\\/\\\/www.webdo.tn\\\/fr\\\/#\\\/schema\\\/person\\\/b9ecde7a5574cb4fcf4b496ea5fadb15\"},\"headline\":\"La LTDH d\u00e9nonce des \u00ab\u00a0d\u00e9passements dangereux\u00a0\u00bb dans les prisons tunisiennes\",\"datePublished\":\"2025-08-05T17:16:07+00:00\",\"dateModified\":\"2025-08-18T07:20:48+00:00\",\"mainEntityOfPage\":{\"@id\":\"https:\\\/\\\/www.webdo.tn\\\/fr\\\/actualite\\\/national\\\/la-ltdh-denonce-des-depassements-dangereux-dans-les-prisons-tunisiennes\\\/381024\\\/\"},\"wordCount\":286,\"commentCount\":0,\"publisher\":{\"@id\":\"https:\\\/\\\/www.webdo.tn\\\/fr\\\/#organization\"},\"image\":{\"@id\":\"https:\\\/\\\/www.webdo.tn\\\/fr\\\/actualite\\\/national\\\/la-ltdh-denonce-des-depassements-dangereux-dans-les-prisons-tunisiennes\\\/381024\\\/#primaryimage\"},\"thumbnailUrl\":\"https:\\\/\\\/www.webdo.tn\\\/fr\\\/wp-content\\\/uploads\\\/2025\\\/05\\\/c892c5344c8f81473227ee9132d29d62.webp\",\"keywords\":[\"LTDH\",\"Prison\",\"Tunisie\"],\"articleSection\":[\"National\"],\"inLanguage\":\"fr-FR\"},{\"@type\":\"WebPage\",\"@id\":\"https:\\\/\\\/www.webdo.tn\\\/fr\\\/actualite\\\/national\\\/la-ltdh-denonce-des-depassements-dangereux-dans-les-prisons-tunisiennes\\\/381024\\\/\",\"url\":\"https:\\\/\\\/www.webdo.tn\\\/fr\\\/actualite\\\/national\\\/la-ltdh-denonce-des-depassements-dangereux-dans-les-prisons-tunisiennes\\\/381024\\\/\",\"name\":\"La LTDH d\u00e9nonce des \\\"d\u00e9passements dangereux\\\" dans les prisons tunisiennes - webdo\",\"isPartOf\":{\"@id\":\"https:\\\/\\\/www.webdo.tn\\\/fr\\\/#website\"},\"primaryImageOfPage\":{\"@id\":\"https:\\\/\\\/www.webdo.tn\\\/fr\\\/actualite\\\/national\\\/la-ltdh-denonce-des-depassements-dangereux-dans-les-prisons-tunisiennes\\\/381024\\\/#primaryimage\"},\"image\":{\"@id\":\"https:\\\/\\\/www.webdo.tn\\\/fr\\\/actualite\\\/national\\\/la-ltdh-denonce-des-depassements-dangereux-dans-les-prisons-tunisiennes\\\/381024\\\/#primaryimage\"},\"thumbnailUrl\":\"https:\\\/\\\/www.webdo.tn\\\/fr\\\/wp-content\\\/uploads\\\/2025\\\/05\\\/c892c5344c8f81473227ee9132d29d62.webp\",\"datePublished\":\"2025-08-05T17:16:07+00:00\",\"dateModified\":\"2025-08-18T07:20:48+00:00\",\"description\":\"D\u00e9couvrez les pr\u00e9occupations croissantes concernant les prisons en Tunisie et les conditions de d\u00e9tention d\u00e9gradantes.\",\"breadcrumb\":{\"@id\":\"https:\\\/\\\/www.webdo.tn\\\/fr\\\/actualite\\\/national\\\/la-ltdh-denonce-des-depassements-dangereux-dans-les-prisons-tunisiennes\\\/381024\\\/#breadcrumb\"},\"inLanguage\":\"fr-FR\",\"potentialAction\":[{\"@type\":\"ReadAction\",\"target\":[\"https:\\\/\\\/www.webdo.tn\\\/fr\\\/actualite\\\/national\\\/la-ltdh-denonce-des-depassements-dangereux-dans-les-prisons-tunisiennes\\\/381024\\\/\"]}]},{\"@type\":\"ImageObject\",\"inLanguage\":\"fr-FR\",\"@id\":\"https:\\\/\\\/www.webdo.tn\\\/fr\\\/actualite\\\/national\\\/la-ltdh-denonce-des-depassements-dangereux-dans-les-prisons-tunisiennes\\\/381024\\\/#primaryimage\",\"url\":\"https:\\\/\\\/www.webdo.tn\\\/fr\\\/wp-content\\\/uploads\\\/2025\\\/05\\\/c892c5344c8f81473227ee9132d29d62.webp\",\"contentUrl\":\"https:\\\/\\\/www.webdo.tn\\\/fr\\\/wp-content\\\/uploads\\\/2025\\\/05\\\/c892c5344c8f81473227ee9132d29d62.webp\",\"width\":680,\"height\":363,\"caption\":\"Tunisie : Quatre ans de prison pour une femme revenue de Syrie apr\u00e8s avoir rejoint Daech\"},{\"@type\":\"BreadcrumbList\",\"@id\":\"https:\\\/\\\/www.webdo.tn\\\/fr\\\/actualite\\\/national\\\/la-ltdh-denonce-des-depassements-dangereux-dans-les-prisons-tunisiennes\\\/381024\\\/#breadcrumb\",\"itemListElement\":[{\"@type\":\"ListItem\",\"position\":1,\"name\":\"Accueil\",\"item\":\"https:\\\/\\\/www.webdo.tn\\\/fr\\\/\"},{\"@type\":\"ListItem\",\"position\":2,\"name\":\"La LTDH d\u00e9nonce des \u00ab\u00a0d\u00e9passements dangereux\u00a0\u00bb dans les prisons tunisiennes\"}]},{\"@type\":\"WebSite\",\"@id\":\"https:\\\/\\\/www.webdo.tn\\\/fr\\\/#website\",\"url\":\"https:\\\/\\\/www.webdo.tn\\\/fr\\\/\",\"name\":\"webdo\",\"description\":\"Tunisie - News en Tunisie et \u00e0 l&#039;international sur Webdo.tn\",\"publisher\":{\"@id\":\"https:\\\/\\\/www.webdo.tn\\\/fr\\\/#organization\"},\"potentialAction\":[{\"@type\":\"SearchAction\",\"target\":{\"@type\":\"EntryPoint\",\"urlTemplate\":\"https:\\\/\\\/www.webdo.tn\\\/fr\\\/?s={search_term_string}\"},\"query-input\":{\"@type\":\"PropertyValueSpecification\",\"valueRequired\":true,\"valueName\":\"search_term_string\"}}],\"inLanguage\":\"fr-FR\"},{\"@type\":\"Organization\",\"@id\":\"https:\\\/\\\/www.webdo.tn\\\/fr\\\/#organization\",\"name\":\"Webdo\",\"alternateName\":\"Webdo.tn\",\"url\":\"https:\\\/\\\/www.webdo.tn\\\/fr\\\/\",\"logo\":{\"@type\":\"ImageObject\",\"inLanguage\":\"fr-FR\",\"@id\":\"https:\\\/\\\/www.webdo.tn\\\/fr\\\/#\\\/schema\\\/logo\\\/image\\\/\",\"url\":\"https:\\\/\\\/www.webdo.tn\\\/fr\\\/wp-content\\\/uploads\\\/2025\\\/06\\\/Webdo-Tunisie_168377.jpg\",\"contentUrl\":\"https:\\\/\\\/www.webdo.tn\\\/fr\\\/wp-content\\\/uploads\\\/2025\\\/06\\\/Webdo-Tunisie_168377.jpg\",\"width\":301,\"height\":301,\"caption\":\"Webdo\"},\"image\":{\"@id\":\"https:\\\/\\\/www.webdo.tn\\\/fr\\\/#\\\/schema\\\/logo\\\/image\\\/\"},\"sameAs\":[\"https:\\\/\\\/www.facebook.com\\\/webdotn\",\"https:\\\/\\\/x.com\\\/webdo_tn\"],\"description\":\"Webdo est un m\u00e9dia num\u00e9rique tunisien fond\u00e9 en 2010, sp\u00e9cialis\u00e9 dans l\u2019actualit\u00e9 nationale et internationale, l\u2019\u00e9conomie, la soci\u00e9t\u00e9 et les analyses politiques. Le site s\u2019adresse \u00e0 un large public francophone et couvre l\u2019information tunisienne en temps r\u00e9el.\",\"email\":\"redac@webdo.tn\",\"legalName\":\"YNJ SARL\",\"foundingDate\":\"2010-09-06\",\"numberOfEmployees\":{\"@type\":\"QuantitativeValue\",\"minValue\":\"11\",\"maxValue\":\"50\"}},{\"@type\":\"Person\",\"@id\":\"https:\\\/\\\/www.webdo.tn\\\/fr\\\/#\\\/schema\\\/person\\\/b9ecde7a5574cb4fcf4b496ea5fadb15\",\"name\":\"Wided Belhaj\",\"image\":{\"@type\":\"ImageObject\",\"inLanguage\":\"fr-FR\",\"@id\":\"https:\\\/\\\/www.webdo.tn\\\/fr\\\/wp-content\\\/uploads\\\/2026\\\/04\\\/wided-belhaj_avatar-96x96.jpg\",\"url\":\"https:\\\/\\\/www.webdo.tn\\\/fr\\\/wp-content\\\/uploads\\\/2026\\\/04\\\/wided-belhaj_avatar-96x96.jpg\",\"contentUrl\":\"https:\\\/\\\/www.webdo.tn\\\/fr\\\/wp-content\\\/uploads\\\/2026\\\/04\\\/wided-belhaj_avatar-96x96.jpg\",\"caption\":\"Wided Belhaj\"},\"description\":\"Wided Belhaj est le pseudonyme \u00e9ditorial utilis\u00e9 par Khalil Jelassi, journaliste, ma\u00eetre-assistant \u00e0 l\u2019Institut de presse et des sciences de l\u2019information (IPSI) et chercheur en sciences de l\u2019information et de la communication. Cette signature est d\u00e9di\u00e9e \u00e0 l\u2019analyse des m\u00e9dias, des pratiques journalistiques et des mutations de l\u2019information \u00e0 l\u2019\u00e8re digitale. \u00c0 travers ses contributions, Wided Belhaj propose une lecture analytique de l\u2019actualit\u00e9, en croisant regard critique et expertise acad\u00e9mique.\",\"knowsAbout\":[\"m\u00e9dias\",\"journalisme\",\"communication\",\"information\",\"transformation num\u00e9rique\",\"analyse des m\u00e9dias\"],\"knowsLanguage\":[\"Fran\u00e7ais\",\"Arabe\"],\"jobTitle\":\"Webdo.tn\",\"worksFor\":\"Journaliste \u2013 Analyse des m\u00e9dias\",\"url\":\"https:\\\/\\\/www.webdo.tn\\\/fr\\\/actualite\\\/author\\\/wided-belhaj\\\/\"}]}<\/script>\n<!-- \/ Yoast SEO Premium plugin. -->","yoast_head_json":{"title":"La LTDH d\u00e9nonce des \"d\u00e9passements dangereux\" dans les prisons tunisiennes - webdo","description":"D\u00e9couvrez les pr\u00e9occupations croissantes concernant les prisons en Tunisie et les conditions de d\u00e9tention d\u00e9gradantes.","canonical":"https:\/\/www.webdo.tn\/fr\/actualite\/national\/la-ltdh-denonce-des-depassements-dangereux-dans-les-prisons-tunisiennes\/381024\/","og_locale":"fr_FR","og_type":"article","og_title":"La LTDH d\u00e9nonce des \"d\u00e9passements dangereux\" dans les prisons tunisiennes","og_description":"D\u00e9couvrez les pr\u00e9occupations croissantes concernant les prisons en Tunisie et les conditions de d\u00e9tention d\u00e9gradantes.","og_url":"https:\/\/www.webdo.tn\/fr\/actualite\/national\/la-ltdh-denonce-des-depassements-dangereux-dans-les-prisons-tunisiennes\/381024\/","og_site_name":"webdo","article_publisher":"https:\/\/www.facebook.com\/webdotn","article_published_time":"2025-08-05T17:16:07+00:00","article_modified_time":"2025-08-18T07:20:48+00:00","og_image":[{"width":680,"height":363,"url":"https:\/\/www.webdo.tn\/fr\/wp-content\/uploads\/2025\/05\/c892c5344c8f81473227ee9132d29d62.webp","type":"image\/webp"}],"author":"Wided Belhaj","twitter_card":"summary_large_image","twitter_creator":"@webdo_tn","twitter_site":"@webdo_tn","twitter_misc":{"\u00c9crit par":"Wided Belhaj","Dur\u00e9e de lecture estim\u00e9e":"2 minutes"},"schema":{"@context":"https:\/\/schema.org","@graph":[{"@type":"NewsArticle","@id":"https:\/\/www.webdo.tn\/fr\/actualite\/national\/la-ltdh-denonce-des-depassements-dangereux-dans-les-prisons-tunisiennes\/381024\/#article","isPartOf":{"@id":"https:\/\/www.webdo.tn\/fr\/actualite\/national\/la-ltdh-denonce-des-depassements-dangereux-dans-les-prisons-tunisiennes\/381024\/"},"author":{"name":"Wided Belhaj","@id":"https:\/\/www.webdo.tn\/fr\/#\/schema\/person\/b9ecde7a5574cb4fcf4b496ea5fadb15"},"headline":"La LTDH d\u00e9nonce des \u00ab\u00a0d\u00e9passements dangereux\u00a0\u00bb dans les prisons tunisiennes","datePublished":"2025-08-05T17:16:07+00:00","dateModified":"2025-08-18T07:20:48+00:00","mainEntityOfPage":{"@id":"https:\/\/www.webdo.tn\/fr\/actualite\/national\/la-ltdh-denonce-des-depassements-dangereux-dans-les-prisons-tunisiennes\/381024\/"},"wordCount":286,"commentCount":0,"publisher":{"@id":"https:\/\/www.webdo.tn\/fr\/#organization"},"image":{"@id":"https:\/\/www.webdo.tn\/fr\/actualite\/national\/la-ltdh-denonce-des-depassements-dangereux-dans-les-prisons-tunisiennes\/381024\/#primaryimage"},"thumbnailUrl":"https:\/\/www.webdo.tn\/fr\/wp-content\/uploads\/2025\/05\/c892c5344c8f81473227ee9132d29d62.webp","keywords":["LTDH","Prison","Tunisie"],"articleSection":["National"],"inLanguage":"fr-FR"},{"@type":"WebPage","@id":"https:\/\/www.webdo.tn\/fr\/actualite\/national\/la-ltdh-denonce-des-depassements-dangereux-dans-les-prisons-tunisiennes\/381024\/","url":"https:\/\/www.webdo.tn\/fr\/actualite\/national\/la-ltdh-denonce-des-depassements-dangereux-dans-les-prisons-tunisiennes\/381024\/","name":"La LTDH d\u00e9nonce des \"d\u00e9passements dangereux\" dans les prisons tunisiennes - webdo","isPartOf":{"@id":"https:\/\/www.webdo.tn\/fr\/#website"},"primaryImageOfPage":{"@id":"https:\/\/www.webdo.tn\/fr\/actualite\/national\/la-ltdh-denonce-des-depassements-dangereux-dans-les-prisons-tunisiennes\/381024\/#primaryimage"},"image":{"@id":"https:\/\/www.webdo.tn\/fr\/actualite\/national\/la-ltdh-denonce-des-depassements-dangereux-dans-les-prisons-tunisiennes\/381024\/#primaryimage"},"thumbnailUrl":"https:\/\/www.webdo.tn\/fr\/wp-content\/uploads\/2025\/05\/c892c5344c8f81473227ee9132d29d62.webp","datePublished":"2025-08-05T17:16:07+00:00","dateModified":"2025-08-18T07:20:48+00:00","description":"D\u00e9couvrez les pr\u00e9occupations croissantes concernant les prisons en Tunisie et les conditions de d\u00e9tention d\u00e9gradantes.","breadcrumb":{"@id":"https:\/\/www.webdo.tn\/fr\/actualite\/national\/la-ltdh-denonce-des-depassements-dangereux-dans-les-prisons-tunisiennes\/381024\/#breadcrumb"},"inLanguage":"fr-FR","potentialAction":[{"@type":"ReadAction","target":["https:\/\/www.webdo.tn\/fr\/actualite\/national\/la-ltdh-denonce-des-depassements-dangereux-dans-les-prisons-tunisiennes\/381024\/"]}]},{"@type":"ImageObject","inLanguage":"fr-FR","@id":"https:\/\/www.webdo.tn\/fr\/actualite\/national\/la-ltdh-denonce-des-depassements-dangereux-dans-les-prisons-tunisiennes\/381024\/#primaryimage","url":"https:\/\/www.webdo.tn\/fr\/wp-content\/uploads\/2025\/05\/c892c5344c8f81473227ee9132d29d62.webp","contentUrl":"https:\/\/www.webdo.tn\/fr\/wp-content\/uploads\/2025\/05\/c892c5344c8f81473227ee9132d29d62.webp","width":680,"height":363,"caption":"Tunisie : Quatre ans de prison pour une femme revenue de Syrie apr\u00e8s avoir rejoint Daech"},{"@type":"BreadcrumbList","@id":"https:\/\/www.webdo.tn\/fr\/actualite\/national\/la-ltdh-denonce-des-depassements-dangereux-dans-les-prisons-tunisiennes\/381024\/#breadcrumb","itemListElement":[{"@type":"ListItem","position":1,"name":"Accueil","item":"https:\/\/www.webdo.tn\/fr\/"},{"@type":"ListItem","position":2,"name":"La LTDH d\u00e9nonce des \u00ab\u00a0d\u00e9passements dangereux\u00a0\u00bb dans les prisons tunisiennes"}]},{"@type":"WebSite","@id":"https:\/\/www.webdo.tn\/fr\/#website","url":"https:\/\/www.webdo.tn\/fr\/","name":"webdo","description":"Tunisie - News en Tunisie et \u00e0 l&#039;international sur Webdo.tn","publisher":{"@id":"https:\/\/www.webdo.tn\/fr\/#organization"},"potentialAction":[{"@type":"SearchAction","target":{"@type":"EntryPoint","urlTemplate":"https:\/\/www.webdo.tn\/fr\/?s={search_term_string}"},"query-input":{"@type":"PropertyValueSpecification","valueRequired":true,"valueName":"search_term_string"}}],"inLanguage":"fr-FR"},{"@type":"Organization","@id":"https:\/\/www.webdo.tn\/fr\/#organization","name":"Webdo","alternateName":"Webdo.tn","url":"https:\/\/www.webdo.tn\/fr\/","logo":{"@type":"ImageObject","inLanguage":"fr-FR","@id":"https:\/\/www.webdo.tn\/fr\/#\/schema\/logo\/image\/","url":"https:\/\/www.webdo.tn\/fr\/wp-content\/uploads\/2025\/06\/Webdo-Tunisie_168377.jpg","contentUrl":"https:\/\/www.webdo.tn\/fr\/wp-content\/uploads\/2025\/06\/Webdo-Tunisie_168377.jpg","width":301,"height":301,"caption":"Webdo"},"image":{"@id":"https:\/\/www.webdo.tn\/fr\/#\/schema\/logo\/image\/"},"sameAs":["https:\/\/www.facebook.com\/webdotn","https:\/\/x.com\/webdo_tn"],"description":"Webdo est un m\u00e9dia num\u00e9rique tunisien fond\u00e9 en 2010, sp\u00e9cialis\u00e9 dans l\u2019actualit\u00e9 nationale et internationale, l\u2019\u00e9conomie, la soci\u00e9t\u00e9 et les analyses politiques. Le site s\u2019adresse \u00e0 un large public francophone et couvre l\u2019information tunisienne en temps r\u00e9el.","email":"redac@webdo.tn","legalName":"YNJ SARL","foundingDate":"2010-09-06","numberOfEmployees":{"@type":"QuantitativeValue","minValue":"11","maxValue":"50"}},{"@type":"Person","@id":"https:\/\/www.webdo.tn\/fr\/#\/schema\/person\/b9ecde7a5574cb4fcf4b496ea5fadb15","name":"Wided Belhaj","image":{"@type":"ImageObject","inLanguage":"fr-FR","@id":"https:\/\/www.webdo.tn\/fr\/wp-content\/uploads\/2026\/04\/wided-belhaj_avatar-96x96.jpg","url":"https:\/\/www.webdo.tn\/fr\/wp-content\/uploads\/2026\/04\/wided-belhaj_avatar-96x96.jpg","contentUrl":"https:\/\/www.webdo.tn\/fr\/wp-content\/uploads\/2026\/04\/wided-belhaj_avatar-96x96.jpg","caption":"Wided Belhaj"},"description":"Wided Belhaj est le pseudonyme \u00e9ditorial utilis\u00e9 par Khalil Jelassi, journaliste, ma\u00eetre-assistant \u00e0 l\u2019Institut de presse et des sciences de l\u2019information (IPSI) et chercheur en sciences de l\u2019information et de la communication. Cette signature est d\u00e9di\u00e9e \u00e0 l\u2019analyse des m\u00e9dias, des pratiques journalistiques et des mutations de l\u2019information \u00e0 l\u2019\u00e8re digitale. \u00c0 travers ses contributions, Wided Belhaj propose une lecture analytique de l\u2019actualit\u00e9, en croisant regard critique et expertise acad\u00e9mique.","knowsAbout":["m\u00e9dias","journalisme","communication","information","transformation num\u00e9rique","analyse des m\u00e9dias"],"knowsLanguage":["Fran\u00e7ais","Arabe"],"jobTitle":"Webdo.tn","worksFor":"Journaliste \u2013 Analyse des m\u00e9dias","url":"https:\/\/www.webdo.tn\/fr\/actualite\/author\/wided-belhaj\/"}]}},"_links":{"self":[{"href":"https:\/\/www.webdo.tn\/fr\/wp-json\/wp\/v2\/posts\/381024","targetHints":{"allow":["GET"]}}],"collection":[{"href":"https:\/\/www.webdo.tn\/fr\/wp-json\/wp\/v2\/posts"}],"about":[{"href":"https:\/\/www.webdo.tn\/fr\/wp-json\/wp\/v2\/types\/post"}],"author":[{"embeddable":true,"href":"https:\/\/www.webdo.tn\/fr\/wp-json\/wp\/v2\/users\/3184"}],"replies":[{"embeddable":true,"href":"https:\/\/www.webdo.tn\/fr\/wp-json\/wp\/v2\/comments?post=381024"}],"version-history":[{"count":0,"href":"https:\/\/www.webdo.tn\/fr\/wp-json\/wp\/v2\/posts\/381024\/revisions"}],"wp:featuredmedia":[{"embeddable":true,"href":"https:\/\/www.webdo.tn\/fr\/wp-json\/wp\/v2\/media\/376506"}],"wp:attachment":[{"href":"https:\/\/www.webdo.tn\/fr\/wp-json\/wp\/v2\/media?parent=381024"}],"wp:term":[{"taxonomy":"category","embeddable":true,"href":"https:\/\/www.webdo.tn\/fr\/wp-json\/wp\/v2\/categories?post=381024"},{"taxonomy":"post_tag","embeddable":true,"href":"https:\/\/www.webdo.tn\/fr\/wp-json\/wp\/v2\/tags?post=381024"}],"curies":[{"name":"wp","href":"https:\/\/api.w.org\/{rel}","templated":true}]}}