{"id":380984,"date":"2025-08-05T07:52:11","date_gmt":"2025-08-05T06:52:11","guid":{"rendered":"https:\/\/www.webdo.tn\/fr\/?p=380984"},"modified":"2025-08-18T08:25:17","modified_gmt":"2025-08-18T07:25:17","slug":"tunisie-la-moisson-2025-depasse-largement-la-moyenne-quinquennale","status":"publish","type":"post","link":"https:\/\/www.webdo.tn\/fr\/actualite\/national\/tunisie-la-moisson-2025-depasse-largement-la-moyenne-quinquennale\/380984\/","title":{"rendered":"Tunisie : La moisson 2025 d\u00e9passe largement la moyenne quinquennale"},"content":{"rendered":"\n<p>La quantit\u00e9 totale de c\u00e9r\u00e9ales collect\u00e9e \u00e0 l\u2019\u00e9chelle nationale a atteint, au 31 juillet 2025, environ <strong>11,780 millions de quintaux<\/strong>, d\u00e9passant ainsi la moyenne des cinq derni\u00e8res campagnes, selon un communiqu\u00e9 publi\u00e9 par l\u2019Office des c\u00e9r\u00e9ales.<\/p>\n\n\n\n<p>La r\u00e9partition selon l\u2019usage fait \u00e9tat de <strong>11,079 millions de quintaux destin\u00e9s \u00e0 la consommation<\/strong> (soit 94 %) et <strong>0,702 million de quintaux de semences s\u00e9lectionn\u00e9es<\/strong> (soit 6 %), une proportion sup\u00e9rieure \u00e0 celle enregistr\u00e9e \u00e0 la m\u00eame p\u00e9riode des saisons pr\u00e9c\u00e9dentes.<\/p>\n\n\n\n<p>Concernant les c\u00e9r\u00e9ales de consommation, la collecte s\u2019est r\u00e9partie comme suit :<\/p>\n\n\n\n<ul class=\"wp-block-list\">\n<li><strong>7,538 millions de quintaux de bl\u00e9 dur<\/strong>,<\/li>\n\n\n\n<li><strong>0,578 million de quintaux de bl\u00e9 tendre<\/strong>,<\/li>\n\n\n\n<li><strong>2,921 millions de quintaux d\u2019orge<\/strong>,<\/li>\n\n\n\n<li><strong>0,043 million de quintaux de triticale<\/strong>.<\/li>\n<\/ul>\n\n\n\n<p>Pour les semences s\u00e9lectionn\u00e9es :<\/p>\n\n\n\n<ul class=\"wp-block-list\">\n<li><strong>0,618 million de quintaux de bl\u00e9 dur<\/strong>,<\/li>\n\n\n\n<li><strong>0,063 million de quintaux de bl\u00e9 tendre<\/strong>,<\/li>\n\n\n\n<li><strong>0,020 million de quintaux d\u2019orge<\/strong>,<\/li>\n\n\n\n<li><strong>0,001 million de quintaux de triticale<\/strong>.<\/li>\n<\/ul>\n\n\n\n<p>Sur le plan r\u00e9gional, le gouvernorat de <strong>B\u00e9ja<\/strong> arrive en t\u00eate avec <strong>2,803 millions de quintaux<\/strong> (soit 23,79 % du total), suivi de :<\/p>\n\n\n\n<ul class=\"wp-block-list\">\n<li><strong>Bizerte<\/strong> avec <strong>1,792 million de quintaux<\/strong>,<\/li>\n\n\n\n<li><strong>Siliana<\/strong> avec <strong>1,571 million<\/strong>,<\/li>\n\n\n\n<li><strong>Le Kef<\/strong> avec <strong>1,373 million<\/strong>,<\/li>\n\n\n\n<li><strong>Jendouba<\/strong> avec <strong>1,270 million<\/strong>.<\/li>\n<\/ul>\n\n\n\n<p>D\u2019autres gouvernorats ont enregistr\u00e9 des quantit\u00e9s variables :<\/p>\n\n\n\n<ul class=\"wp-block-list\">\n<li><strong>Zaghouan<\/strong> : 757 000 qx<\/li>\n\n\n\n<li><strong>Kairouan<\/strong> : 725 000 qx<\/li>\n\n\n\n<li><strong>Manouba<\/strong> : 649 000 qx<\/li>\n\n\n\n<li><strong>Nabeul<\/strong> : 231 000 qx<\/li>\n\n\n\n<li><strong>Kasserine<\/strong> : 210 000 qx<\/li>\n\n\n\n<li><strong>Ariana<\/strong> : 144 000 qx<\/li>\n\n\n\n<li><strong>Sidi Bouzid<\/strong> : 138 000 qx<\/li>\n\n\n\n<li><strong>Gafsa<\/strong> : 92 000 qx<\/li>\n\n\n\n<li><strong>Sousse<\/strong> : 24 000 qx<\/li>\n\n\n\n<li><strong>Mahdia<\/strong> : 2 000 qx.<\/li>\n<\/ul>\n","protected":false},"excerpt":{"rendered":"<p>La quantit\u00e9 totale de c\u00e9r\u00e9ales collect\u00e9e \u00e0 l\u2019\u00e9chelle nationale a atteint, au 31 juillet 2025, environ 11,780 millions de quintaux, d\u00e9passant ainsi la moyenne des cinq derni\u00e8res campagnes, selon un communiqu\u00e9 publi\u00e9 par l\u2019Office des c\u00e9r\u00e9ales. La r\u00e9partition selon l\u2019usage fait \u00e9tat de 11,079 millions de quintaux destin\u00e9s \u00e0 la consommation (soit 94 %) et [&hellip;]<\/p>\n","protected":false},"author":3204,"featured_media":376483,"comment_status":"open","ping_status":"open","sticky":false,"template":"","format":"standard","meta":{"footnotes":""},"categories":[44],"tags":[3415,6169,2608],"class_list":["post-380984","post","type-post","status-publish","format-standard","has-post-thumbnail","hentry","category-national","tag-cereales","tag-moisson","tag-tunisie"],"yoast_head":"<!-- This site is optimized with the Yoast SEO Premium plugin v27.5 (Yoast SEO v27.5) - https:\/\/yoast.com\/product\/yoast-seo-premium-wordpress\/ -->\n<title>Tunisie : La moisson 2025 d\u00e9passe largement la moyenne quinquennale - webdo<\/title>\n<meta name=\"description\" content=\"D\u00e9couvrez les chiffres de la moisson nationale : 11,780 millions de quintaux de c\u00e9r\u00e9ales collect\u00e9es cette ann\u00e9e.\" \/>\n<link rel=\"canonical\" href=\"https:\/\/www.webdo.tn\/fr\/actualite\/national\/tunisie-la-moisson-2025-depasse-largement-la-moyenne-quinquennale\/380984\/\" \/>\n<meta property=\"og:locale\" content=\"fr_FR\" \/>\n<meta property=\"og:type\" content=\"article\" \/>\n<meta property=\"og:title\" content=\"Tunisie : La moisson 2025 d\u00e9passe largement la moyenne quinquennale\" \/>\n<meta property=\"og:description\" content=\"D\u00e9couvrez les chiffres de la moisson nationale : 11,780 millions de quintaux de c\u00e9r\u00e9ales collect\u00e9es cette ann\u00e9e.\" \/>\n<meta property=\"og:url\" content=\"https:\/\/www.webdo.tn\/fr\/actualite\/national\/tunisie-la-moisson-2025-depasse-largement-la-moyenne-quinquennale\/380984\/\" \/>\n<meta property=\"og:site_name\" content=\"webdo\" \/>\n<meta property=\"article:publisher\" content=\"https:\/\/www.facebook.com\/webdotn\" \/>\n<meta property=\"article:author\" content=\"https:\/\/www.facebook.com\/khalil.jelassi.7\" \/>\n<meta property=\"article:published_time\" content=\"2025-08-05T06:52:11+00:00\" \/>\n<meta property=\"article:modified_time\" content=\"2025-08-18T07:25:17+00:00\" \/>\n<meta property=\"og:image\" content=\"https:\/\/www.webdo.tn\/fr\/wp-content\/uploads\/2025\/05\/e51dcbfbd2958a60fa1e4ec55904b5e4.webp\" \/>\n\t<meta property=\"og:image:width\" content=\"750\" \/>\n\t<meta property=\"og:image:height\" content=\"400\" \/>\n\t<meta property=\"og:image:type\" content=\"image\/webp\" \/>\n<meta name=\"author\" content=\"Khalil JELASSI\" \/>\n<meta name=\"twitter:card\" content=\"summary_large_image\" \/>\n<meta name=\"twitter:creator\" content=\"@webdo_tn\" \/>\n<meta name=\"twitter:site\" content=\"@webdo_tn\" \/>\n<meta name=\"twitter:label1\" content=\"\u00c9crit par\" \/>\n\t<meta name=\"twitter:data1\" content=\"Khalil JELASSI\" \/>\n\t<meta name=\"twitter:label2\" content=\"Dur\u00e9e de lecture estim\u00e9e\" \/>\n\t<meta name=\"twitter:data2\" content=\"2 minutes\" \/>\n<script type=\"application\/ld+json\" class=\"yoast-schema-graph\">{\"@context\":\"https:\\\/\\\/schema.org\",\"@graph\":[{\"@type\":\"NewsArticle\",\"@id\":\"https:\\\/\\\/www.webdo.tn\\\/fr\\\/actualite\\\/national\\\/tunisie-la-moisson-2025-depasse-largement-la-moyenne-quinquennale\\\/380984\\\/#article\",\"isPartOf\":{\"@id\":\"https:\\\/\\\/www.webdo.tn\\\/fr\\\/actualite\\\/national\\\/tunisie-la-moisson-2025-depasse-largement-la-moyenne-quinquennale\\\/380984\\\/\"},\"author\":{\"name\":\"Khalil JELASSI\",\"@id\":\"https:\\\/\\\/www.webdo.tn\\\/fr\\\/#\\\/schema\\\/person\\\/5fb2f8f3d4ef4fd1d129927fd4b020ff\"},\"headline\":\"Tunisie : La moisson 2025 d\u00e9passe largement la moyenne quinquennale\",\"datePublished\":\"2025-08-05T06:52:11+00:00\",\"dateModified\":\"2025-08-18T07:25:17+00:00\",\"mainEntityOfPage\":{\"@id\":\"https:\\\/\\\/www.webdo.tn\\\/fr\\\/actualite\\\/national\\\/tunisie-la-moisson-2025-depasse-largement-la-moyenne-quinquennale\\\/380984\\\/\"},\"wordCount\":227,\"commentCount\":0,\"publisher\":{\"@id\":\"https:\\\/\\\/www.webdo.tn\\\/fr\\\/#organization\"},\"image\":{\"@id\":\"https:\\\/\\\/www.webdo.tn\\\/fr\\\/actualite\\\/national\\\/tunisie-la-moisson-2025-depasse-largement-la-moyenne-quinquennale\\\/380984\\\/#primaryimage\"},\"thumbnailUrl\":\"https:\\\/\\\/www.webdo.tn\\\/fr\\\/wp-content\\\/uploads\\\/2025\\\/05\\\/e51dcbfbd2958a60fa1e4ec55904b5e4.webp\",\"keywords\":[\"c\u00e9r\u00e9ales\",\"Moisson\",\"Tunisie\"],\"articleSection\":[\"National\"],\"inLanguage\":\"fr-FR\"},{\"@type\":\"WebPage\",\"@id\":\"https:\\\/\\\/www.webdo.tn\\\/fr\\\/actualite\\\/national\\\/tunisie-la-moisson-2025-depasse-largement-la-moyenne-quinquennale\\\/380984\\\/\",\"url\":\"https:\\\/\\\/www.webdo.tn\\\/fr\\\/actualite\\\/national\\\/tunisie-la-moisson-2025-depasse-largement-la-moyenne-quinquennale\\\/380984\\\/\",\"name\":\"Tunisie : La moisson 2025 d\u00e9passe largement la moyenne quinquennale - webdo\",\"isPartOf\":{\"@id\":\"https:\\\/\\\/www.webdo.tn\\\/fr\\\/#website\"},\"primaryImageOfPage\":{\"@id\":\"https:\\\/\\\/www.webdo.tn\\\/fr\\\/actualite\\\/national\\\/tunisie-la-moisson-2025-depasse-largement-la-moyenne-quinquennale\\\/380984\\\/#primaryimage\"},\"image\":{\"@id\":\"https:\\\/\\\/www.webdo.tn\\\/fr\\\/actualite\\\/national\\\/tunisie-la-moisson-2025-depasse-largement-la-moyenne-quinquennale\\\/380984\\\/#primaryimage\"},\"thumbnailUrl\":\"https:\\\/\\\/www.webdo.tn\\\/fr\\\/wp-content\\\/uploads\\\/2025\\\/05\\\/e51dcbfbd2958a60fa1e4ec55904b5e4.webp\",\"datePublished\":\"2025-08-05T06:52:11+00:00\",\"dateModified\":\"2025-08-18T07:25:17+00:00\",\"description\":\"D\u00e9couvrez les chiffres de la moisson nationale : 11,780 millions de quintaux de c\u00e9r\u00e9ales collect\u00e9es cette ann\u00e9e.\",\"breadcrumb\":{\"@id\":\"https:\\\/\\\/www.webdo.tn\\\/fr\\\/actualite\\\/national\\\/tunisie-la-moisson-2025-depasse-largement-la-moyenne-quinquennale\\\/380984\\\/#breadcrumb\"},\"inLanguage\":\"fr-FR\",\"potentialAction\":[{\"@type\":\"ReadAction\",\"target\":[\"https:\\\/\\\/www.webdo.tn\\\/fr\\\/actualite\\\/national\\\/tunisie-la-moisson-2025-depasse-largement-la-moyenne-quinquennale\\\/380984\\\/\"]}]},{\"@type\":\"ImageObject\",\"inLanguage\":\"fr-FR\",\"@id\":\"https:\\\/\\\/www.webdo.tn\\\/fr\\\/actualite\\\/national\\\/tunisie-la-moisson-2025-depasse-largement-la-moyenne-quinquennale\\\/380984\\\/#primaryimage\",\"url\":\"https:\\\/\\\/www.webdo.tn\\\/fr\\\/wp-content\\\/uploads\\\/2025\\\/05\\\/e51dcbfbd2958a60fa1e4ec55904b5e4.webp\",\"contentUrl\":\"https:\\\/\\\/www.webdo.tn\\\/fr\\\/wp-content\\\/uploads\\\/2025\\\/05\\\/e51dcbfbd2958a60fa1e4ec55904b5e4.webp\",\"width\":750,\"height\":400,\"caption\":\"Tunisie : Vers un stockage en plein air des c\u00e9r\u00e9ales face \u00e0 une r\u00e9colte abondante\"},{\"@type\":\"BreadcrumbList\",\"@id\":\"https:\\\/\\\/www.webdo.tn\\\/fr\\\/actualite\\\/national\\\/tunisie-la-moisson-2025-depasse-largement-la-moyenne-quinquennale\\\/380984\\\/#breadcrumb\",\"itemListElement\":[{\"@type\":\"ListItem\",\"position\":1,\"name\":\"Accueil\",\"item\":\"https:\\\/\\\/www.webdo.tn\\\/fr\\\/\"},{\"@type\":\"ListItem\",\"position\":2,\"name\":\"Tunisie : La moisson 2025 d\u00e9passe largement la moyenne quinquennale\"}]},{\"@type\":\"WebSite\",\"@id\":\"https:\\\/\\\/www.webdo.tn\\\/fr\\\/#website\",\"url\":\"https:\\\/\\\/www.webdo.tn\\\/fr\\\/\",\"name\":\"webdo\",\"description\":\"Tunisie - News en Tunisie et \u00e0 l&#039;international sur Webdo.tn\",\"publisher\":{\"@id\":\"https:\\\/\\\/www.webdo.tn\\\/fr\\\/#organization\"},\"potentialAction\":[{\"@type\":\"SearchAction\",\"target\":{\"@type\":\"EntryPoint\",\"urlTemplate\":\"https:\\\/\\\/www.webdo.tn\\\/fr\\\/?s={search_term_string}\"},\"query-input\":{\"@type\":\"PropertyValueSpecification\",\"valueRequired\":true,\"valueName\":\"search_term_string\"}}],\"inLanguage\":\"fr-FR\"},{\"@type\":\"Organization\",\"@id\":\"https:\\\/\\\/www.webdo.tn\\\/fr\\\/#organization\",\"name\":\"Webdo\",\"alternateName\":\"Webdo.tn\",\"url\":\"https:\\\/\\\/www.webdo.tn\\\/fr\\\/\",\"logo\":{\"@type\":\"ImageObject\",\"inLanguage\":\"fr-FR\",\"@id\":\"https:\\\/\\\/www.webdo.tn\\\/fr\\\/#\\\/schema\\\/logo\\\/image\\\/\",\"url\":\"https:\\\/\\\/www.webdo.tn\\\/fr\\\/wp-content\\\/uploads\\\/2025\\\/06\\\/Webdo-Tunisie_168377.jpg\",\"contentUrl\":\"https:\\\/\\\/www.webdo.tn\\\/fr\\\/wp-content\\\/uploads\\\/2025\\\/06\\\/Webdo-Tunisie_168377.jpg\",\"width\":301,\"height\":301,\"caption\":\"Webdo\"},\"image\":{\"@id\":\"https:\\\/\\\/www.webdo.tn\\\/fr\\\/#\\\/schema\\\/logo\\\/image\\\/\"},\"sameAs\":[\"https:\\\/\\\/www.facebook.com\\\/webdotn\",\"https:\\\/\\\/x.com\\\/webdo_tn\"],\"description\":\"Webdo est un m\u00e9dia num\u00e9rique tunisien fond\u00e9 en 2010, sp\u00e9cialis\u00e9 dans l\u2019actualit\u00e9 nationale et internationale, l\u2019\u00e9conomie, la soci\u00e9t\u00e9 et les analyses politiques. Le site s\u2019adresse \u00e0 un large public francophone et couvre l\u2019information tunisienne en temps r\u00e9el.\",\"email\":\"redac@webdo.tn\",\"legalName\":\"YNJ SARL\",\"foundingDate\":\"2010-09-06\",\"numberOfEmployees\":{\"@type\":\"QuantitativeValue\",\"minValue\":\"11\",\"maxValue\":\"50\"}},{\"@type\":\"Person\",\"@id\":\"https:\\\/\\\/www.webdo.tn\\\/fr\\\/#\\\/schema\\\/person\\\/5fb2f8f3d4ef4fd1d129927fd4b020ff\",\"name\":\"Khalil JELASSI\",\"image\":{\"@type\":\"ImageObject\",\"inLanguage\":\"fr-FR\",\"@id\":\"https:\\\/\\\/www.webdo.tn\\\/fr\\\/wp-content\\\/uploads\\\/2026\\\/04\\\/khalil-jelassi_avatar-96x96.jpg\",\"url\":\"https:\\\/\\\/www.webdo.tn\\\/fr\\\/wp-content\\\/uploads\\\/2026\\\/04\\\/khalil-jelassi_avatar-96x96.jpg\",\"contentUrl\":\"https:\\\/\\\/www.webdo.tn\\\/fr\\\/wp-content\\\/uploads\\\/2026\\\/04\\\/khalil-jelassi_avatar-96x96.jpg\",\"caption\":\"Khalil JELASSI\"},\"description\":\"Khalil Jelassi est journaliste, ma\u00eetre-assistant \u00e0 l\u2019Institut de presse et des sciences de l\u2019information (IPSI) et chercheur en sciences de l\u2019information et de la communication. Sp\u00e9cialiste des m\u00e9dias, des pratiques journalistiques et des mutations de l\u2019information, il s\u2019int\u00e9resse particuli\u00e8rement aux transformations du paysage m\u00e9diatique, aux enjeux num\u00e9riques et aux dynamiques de production de l\u2019information. \u00c0 travers ses contributions, il propose une lecture analytique de l\u2019actualit\u00e9, en croisant approche acad\u00e9mique et exp\u00e9rience journalistique. \ud83d\udd17 Facebook : https:\\\/\\\/www.facebook.com\\\/khalil.jelassi.7\",\"sameAs\":[\"https:\\\/\\\/www.facebook.com\\\/khalil.jelassi.7\"],\"knowsAbout\":[\"journalisme\",\"m\u00e9dias\",\"communication\",\"sciences de l'information\",\"transformation num\u00e9rique\",\"analyse des m\u00e9dias\"],\"knowsLanguage\":[\"Fran\u00e7ais\",\"Arabe\",\"Anglais\"],\"jobTitle\":\"Ma\u00eetre-assistant et journaliste\",\"worksFor\":\"IPSI \u2013 Institut de presse et des sciences de l'information\",\"url\":\"https:\\\/\\\/www.webdo.tn\\\/fr\\\/actualite\\\/author\\\/khalil-jelassi\\\/\"}]}<\/script>\n<!-- \/ Yoast SEO Premium plugin. -->","yoast_head_json":{"title":"Tunisie : La moisson 2025 d\u00e9passe largement la moyenne quinquennale - webdo","description":"D\u00e9couvrez les chiffres de la moisson nationale : 11,780 millions de quintaux de c\u00e9r\u00e9ales collect\u00e9es cette ann\u00e9e.","canonical":"https:\/\/www.webdo.tn\/fr\/actualite\/national\/tunisie-la-moisson-2025-depasse-largement-la-moyenne-quinquennale\/380984\/","og_locale":"fr_FR","og_type":"article","og_title":"Tunisie : La moisson 2025 d\u00e9passe largement la moyenne quinquennale","og_description":"D\u00e9couvrez les chiffres de la moisson nationale : 11,780 millions de quintaux de c\u00e9r\u00e9ales collect\u00e9es cette ann\u00e9e.","og_url":"https:\/\/www.webdo.tn\/fr\/actualite\/national\/tunisie-la-moisson-2025-depasse-largement-la-moyenne-quinquennale\/380984\/","og_site_name":"webdo","article_publisher":"https:\/\/www.facebook.com\/webdotn","article_author":"https:\/\/www.facebook.com\/khalil.jelassi.7","article_published_time":"2025-08-05T06:52:11+00:00","article_modified_time":"2025-08-18T07:25:17+00:00","og_image":[{"width":750,"height":400,"url":"https:\/\/www.webdo.tn\/fr\/wp-content\/uploads\/2025\/05\/e51dcbfbd2958a60fa1e4ec55904b5e4.webp","type":"image\/webp"}],"author":"Khalil JELASSI","twitter_card":"summary_large_image","twitter_creator":"@webdo_tn","twitter_site":"@webdo_tn","twitter_misc":{"\u00c9crit par":"Khalil JELASSI","Dur\u00e9e de lecture estim\u00e9e":"2 minutes"},"schema":{"@context":"https:\/\/schema.org","@graph":[{"@type":"NewsArticle","@id":"https:\/\/www.webdo.tn\/fr\/actualite\/national\/tunisie-la-moisson-2025-depasse-largement-la-moyenne-quinquennale\/380984\/#article","isPartOf":{"@id":"https:\/\/www.webdo.tn\/fr\/actualite\/national\/tunisie-la-moisson-2025-depasse-largement-la-moyenne-quinquennale\/380984\/"},"author":{"name":"Khalil JELASSI","@id":"https:\/\/www.webdo.tn\/fr\/#\/schema\/person\/5fb2f8f3d4ef4fd1d129927fd4b020ff"},"headline":"Tunisie : La moisson 2025 d\u00e9passe largement la moyenne quinquennale","datePublished":"2025-08-05T06:52:11+00:00","dateModified":"2025-08-18T07:25:17+00:00","mainEntityOfPage":{"@id":"https:\/\/www.webdo.tn\/fr\/actualite\/national\/tunisie-la-moisson-2025-depasse-largement-la-moyenne-quinquennale\/380984\/"},"wordCount":227,"commentCount":0,"publisher":{"@id":"https:\/\/www.webdo.tn\/fr\/#organization"},"image":{"@id":"https:\/\/www.webdo.tn\/fr\/actualite\/national\/tunisie-la-moisson-2025-depasse-largement-la-moyenne-quinquennale\/380984\/#primaryimage"},"thumbnailUrl":"https:\/\/www.webdo.tn\/fr\/wp-content\/uploads\/2025\/05\/e51dcbfbd2958a60fa1e4ec55904b5e4.webp","keywords":["c\u00e9r\u00e9ales","Moisson","Tunisie"],"articleSection":["National"],"inLanguage":"fr-FR"},{"@type":"WebPage","@id":"https:\/\/www.webdo.tn\/fr\/actualite\/national\/tunisie-la-moisson-2025-depasse-largement-la-moyenne-quinquennale\/380984\/","url":"https:\/\/www.webdo.tn\/fr\/actualite\/national\/tunisie-la-moisson-2025-depasse-largement-la-moyenne-quinquennale\/380984\/","name":"Tunisie : La moisson 2025 d\u00e9passe largement la moyenne quinquennale - webdo","isPartOf":{"@id":"https:\/\/www.webdo.tn\/fr\/#website"},"primaryImageOfPage":{"@id":"https:\/\/www.webdo.tn\/fr\/actualite\/national\/tunisie-la-moisson-2025-depasse-largement-la-moyenne-quinquennale\/380984\/#primaryimage"},"image":{"@id":"https:\/\/www.webdo.tn\/fr\/actualite\/national\/tunisie-la-moisson-2025-depasse-largement-la-moyenne-quinquennale\/380984\/#primaryimage"},"thumbnailUrl":"https:\/\/www.webdo.tn\/fr\/wp-content\/uploads\/2025\/05\/e51dcbfbd2958a60fa1e4ec55904b5e4.webp","datePublished":"2025-08-05T06:52:11+00:00","dateModified":"2025-08-18T07:25:17+00:00","description":"D\u00e9couvrez les chiffres de la moisson nationale : 11,780 millions de quintaux de c\u00e9r\u00e9ales collect\u00e9es cette ann\u00e9e.","breadcrumb":{"@id":"https:\/\/www.webdo.tn\/fr\/actualite\/national\/tunisie-la-moisson-2025-depasse-largement-la-moyenne-quinquennale\/380984\/#breadcrumb"},"inLanguage":"fr-FR","potentialAction":[{"@type":"ReadAction","target":["https:\/\/www.webdo.tn\/fr\/actualite\/national\/tunisie-la-moisson-2025-depasse-largement-la-moyenne-quinquennale\/380984\/"]}]},{"@type":"ImageObject","inLanguage":"fr-FR","@id":"https:\/\/www.webdo.tn\/fr\/actualite\/national\/tunisie-la-moisson-2025-depasse-largement-la-moyenne-quinquennale\/380984\/#primaryimage","url":"https:\/\/www.webdo.tn\/fr\/wp-content\/uploads\/2025\/05\/e51dcbfbd2958a60fa1e4ec55904b5e4.webp","contentUrl":"https:\/\/www.webdo.tn\/fr\/wp-content\/uploads\/2025\/05\/e51dcbfbd2958a60fa1e4ec55904b5e4.webp","width":750,"height":400,"caption":"Tunisie : Vers un stockage en plein air des c\u00e9r\u00e9ales face \u00e0 une r\u00e9colte abondante"},{"@type":"BreadcrumbList","@id":"https:\/\/www.webdo.tn\/fr\/actualite\/national\/tunisie-la-moisson-2025-depasse-largement-la-moyenne-quinquennale\/380984\/#breadcrumb","itemListElement":[{"@type":"ListItem","position":1,"name":"Accueil","item":"https:\/\/www.webdo.tn\/fr\/"},{"@type":"ListItem","position":2,"name":"Tunisie : La moisson 2025 d\u00e9passe largement la moyenne quinquennale"}]},{"@type":"WebSite","@id":"https:\/\/www.webdo.tn\/fr\/#website","url":"https:\/\/www.webdo.tn\/fr\/","name":"webdo","description":"Tunisie - News en Tunisie et \u00e0 l&#039;international sur Webdo.tn","publisher":{"@id":"https:\/\/www.webdo.tn\/fr\/#organization"},"potentialAction":[{"@type":"SearchAction","target":{"@type":"EntryPoint","urlTemplate":"https:\/\/www.webdo.tn\/fr\/?s={search_term_string}"},"query-input":{"@type":"PropertyValueSpecification","valueRequired":true,"valueName":"search_term_string"}}],"inLanguage":"fr-FR"},{"@type":"Organization","@id":"https:\/\/www.webdo.tn\/fr\/#organization","name":"Webdo","alternateName":"Webdo.tn","url":"https:\/\/www.webdo.tn\/fr\/","logo":{"@type":"ImageObject","inLanguage":"fr-FR","@id":"https:\/\/www.webdo.tn\/fr\/#\/schema\/logo\/image\/","url":"https:\/\/www.webdo.tn\/fr\/wp-content\/uploads\/2025\/06\/Webdo-Tunisie_168377.jpg","contentUrl":"https:\/\/www.webdo.tn\/fr\/wp-content\/uploads\/2025\/06\/Webdo-Tunisie_168377.jpg","width":301,"height":301,"caption":"Webdo"},"image":{"@id":"https:\/\/www.webdo.tn\/fr\/#\/schema\/logo\/image\/"},"sameAs":["https:\/\/www.facebook.com\/webdotn","https:\/\/x.com\/webdo_tn"],"description":"Webdo est un m\u00e9dia num\u00e9rique tunisien fond\u00e9 en 2010, sp\u00e9cialis\u00e9 dans l\u2019actualit\u00e9 nationale et internationale, l\u2019\u00e9conomie, la soci\u00e9t\u00e9 et les analyses politiques. Le site s\u2019adresse \u00e0 un large public francophone et couvre l\u2019information tunisienne en temps r\u00e9el.","email":"redac@webdo.tn","legalName":"YNJ SARL","foundingDate":"2010-09-06","numberOfEmployees":{"@type":"QuantitativeValue","minValue":"11","maxValue":"50"}},{"@type":"Person","@id":"https:\/\/www.webdo.tn\/fr\/#\/schema\/person\/5fb2f8f3d4ef4fd1d129927fd4b020ff","name":"Khalil JELASSI","image":{"@type":"ImageObject","inLanguage":"fr-FR","@id":"https:\/\/www.webdo.tn\/fr\/wp-content\/uploads\/2026\/04\/khalil-jelassi_avatar-96x96.jpg","url":"https:\/\/www.webdo.tn\/fr\/wp-content\/uploads\/2026\/04\/khalil-jelassi_avatar-96x96.jpg","contentUrl":"https:\/\/www.webdo.tn\/fr\/wp-content\/uploads\/2026\/04\/khalil-jelassi_avatar-96x96.jpg","caption":"Khalil JELASSI"},"description":"Khalil Jelassi est journaliste, ma\u00eetre-assistant \u00e0 l\u2019Institut de presse et des sciences de l\u2019information (IPSI) et chercheur en sciences de l\u2019information et de la communication. Sp\u00e9cialiste des m\u00e9dias, des pratiques journalistiques et des mutations de l\u2019information, il s\u2019int\u00e9resse particuli\u00e8rement aux transformations du paysage m\u00e9diatique, aux enjeux num\u00e9riques et aux dynamiques de production de l\u2019information. \u00c0 travers ses contributions, il propose une lecture analytique de l\u2019actualit\u00e9, en croisant approche acad\u00e9mique et exp\u00e9rience journalistique. \ud83d\udd17 Facebook : https:\/\/www.facebook.com\/khalil.jelassi.7","sameAs":["https:\/\/www.facebook.com\/khalil.jelassi.7"],"knowsAbout":["journalisme","m\u00e9dias","communication","sciences de l'information","transformation num\u00e9rique","analyse des m\u00e9dias"],"knowsLanguage":["Fran\u00e7ais","Arabe","Anglais"],"jobTitle":"Ma\u00eetre-assistant et journaliste","worksFor":"IPSI \u2013 Institut de presse et des sciences de l'information","url":"https:\/\/www.webdo.tn\/fr\/actualite\/author\/khalil-jelassi\/"}]}},"_links":{"self":[{"href":"https:\/\/www.webdo.tn\/fr\/wp-json\/wp\/v2\/posts\/380984","targetHints":{"allow":["GET"]}}],"collection":[{"href":"https:\/\/www.webdo.tn\/fr\/wp-json\/wp\/v2\/posts"}],"about":[{"href":"https:\/\/www.webdo.tn\/fr\/wp-json\/wp\/v2\/types\/post"}],"author":[{"embeddable":true,"href":"https:\/\/www.webdo.tn\/fr\/wp-json\/wp\/v2\/users\/3204"}],"replies":[{"embeddable":true,"href":"https:\/\/www.webdo.tn\/fr\/wp-json\/wp\/v2\/comments?post=380984"}],"version-history":[{"count":0,"href":"https:\/\/www.webdo.tn\/fr\/wp-json\/wp\/v2\/posts\/380984\/revisions"}],"wp:featuredmedia":[{"embeddable":true,"href":"https:\/\/www.webdo.tn\/fr\/wp-json\/wp\/v2\/media\/376483"}],"wp:attachment":[{"href":"https:\/\/www.webdo.tn\/fr\/wp-json\/wp\/v2\/media?parent=380984"}],"wp:term":[{"taxonomy":"category","embeddable":true,"href":"https:\/\/www.webdo.tn\/fr\/wp-json\/wp\/v2\/categories?post=380984"},{"taxonomy":"post_tag","embeddable":true,"href":"https:\/\/www.webdo.tn\/fr\/wp-json\/wp\/v2\/tags?post=380984"}],"curies":[{"name":"wp","href":"https:\/\/api.w.org\/{rel}","templated":true}]}}