{"id":380965,"date":"2025-08-04T19:13:01","date_gmt":"2025-08-04T18:13:01","guid":{"rendered":"https:\/\/www.webdo.tn\/fr\/?p=380965"},"modified":"2025-08-04T19:15:17","modified_gmt":"2025-08-04T18:15:17","slug":"tunisie-un-port-de-plaisance-pour-renforcer-lattractivite-de-kerkennah","status":"publish","type":"post","link":"https:\/\/www.webdo.tn\/fr\/actualite\/national\/tunisie-un-port-de-plaisance-pour-renforcer-lattractivite-de-kerkennah\/380965\/","title":{"rendered":"Tunisie : Un port de plaisance pour renforcer l\u2019attractivit\u00e9 de Kerkennah"},"content":{"rendered":"\n<p><strong>Le ministre du Tourisme, Sofiane Tekaya, a annonc\u00e9 que 2026 sera consacr\u00e9e \u00e0 la relance de l\u2019\u00eele de Kerkennah. Lors d\u2019une visite de deux jours \u00e0 Sfax, il a pr\u00e9sent\u00e9 un programme complet. Ce plan vise \u00e0 am\u00e9liorer les infrastructures, l\u2019\u00e9clairage, la propret\u00e9, le transport et l\u2019environnement. Le Fonds de protection des zones touristiques financera ce projet. Les minist\u00e8res du Transport et de l\u2019Environnement collaborent \u00e9troitement \u00e0 sa mise en \u0153uvre.<\/strong><\/p>\n\n\n\n<p>Le ministre a d\u00e9cid\u00e9 d\u2019organiser une journ\u00e9e d\u2019\u00e9tude sur le tourisme fin septembre. Il a aussi cr\u00e9\u00e9 une commission de suivi pour acc\u00e9l\u00e9rer les projets en retard \u00e0 Sfax et Kerkennah. Le nouveau plan d\u2019am\u00e9nagement urbain, qui sortira fin 2025, facilitera les investissements. Il ouvrira la voie \u00e0 de nouveaux projets h\u00f4teliers et \u00e0 des formes alternatives de tourisme.<\/p>\n\n\n\n<p>Le plan de d\u00e9veloppement 2026-2030 inclut plusieurs projets cl\u00e9s. Parmi eux, la cr\u00e9ation d\u2019un port de plaisance inspir\u00e9 des mod\u00e8les m\u00e9diterran\u00e9ens. La zone touristique de Sidi Fankhal b\u00e9n\u00e9ficiera aussi d\u2019un regain d\u2019activit\u00e9. Le ministre pr\u00e9voit un label de qualit\u00e9 pour valoriser l\u2019artisanat local. Il souhaite soutenir davantage les jeunes entrepreneurs. Ces mesures visent \u00e0 promouvoir un tourisme durable, notamment l\u2019\u00e9cotourisme.<\/p>\n\n\n\n<p>Kerkennah veut ainsi devenir une destination touristique majeure. Elle mise sur une offre renouvel\u00e9e, respectueuse de son identit\u00e9 insulaire.<\/p>\n\n\n\n<p><\/p>\n","protected":false},"excerpt":{"rendered":"<p>Le ministre du Tourisme, Sofiane Tekaya, a annonc\u00e9 que 2026 sera consacr\u00e9e \u00e0 la relance de l\u2019\u00eele de Kerkennah. Lors d\u2019une visite de deux jours \u00e0 Sfax, il a pr\u00e9sent\u00e9 un programme complet. Ce plan vise \u00e0 am\u00e9liorer les infrastructures, l\u2019\u00e9clairage, la propret\u00e9, le transport et l\u2019environnement. Le Fonds de protection des zones touristiques financera [&hellip;]<\/p>\n","protected":false},"author":4782,"featured_media":380967,"comment_status":"open","ping_status":"open","sticky":false,"template":"","format":"standard","meta":{"footnotes":""},"categories":[44],"tags":[3947,2929,2798,2608],"class_list":["post-380965","post","type-post","status-publish","format-standard","has-post-thumbnail","hentry","category-national","tag-kerkennah","tag-port","tag-tourisme","tag-tunisie"],"yoast_head":"<!-- This site is optimized with the Yoast SEO Premium plugin v27.5 (Yoast SEO v27.5) - https:\/\/yoast.com\/product\/yoast-seo-premium-wordpress\/ -->\n<title>Tunisie : Un port de plaisance pour renforcer l\u2019attractivit\u00e9 de Kerkennah - webdo<\/title>\n<meta name=\"description\" content=\"Le ministre du Tourisme pr\u00e9sente le d\u00e9veloppement touristique de Kerkennah : des initiatives pour un tourisme durable et attractif.\" \/>\n<link rel=\"canonical\" href=\"https:\/\/www.webdo.tn\/fr\/actualite\/national\/tunisie-un-port-de-plaisance-pour-renforcer-lattractivite-de-kerkennah\/380965\/\" \/>\n<meta property=\"og:locale\" content=\"fr_FR\" \/>\n<meta property=\"og:type\" content=\"article\" \/>\n<meta property=\"og:title\" content=\"Tunisie : Un port de plaisance pour renforcer l\u2019attractivit\u00e9 de Kerkennah\" \/>\n<meta property=\"og:description\" content=\"Le ministre du Tourisme pr\u00e9sente le d\u00e9veloppement touristique de Kerkennah : des initiatives pour un tourisme durable et attractif.\" \/>\n<meta property=\"og:url\" content=\"https:\/\/www.webdo.tn\/fr\/actualite\/national\/tunisie-un-port-de-plaisance-pour-renforcer-lattractivite-de-kerkennah\/380965\/\" \/>\n<meta property=\"og:site_name\" content=\"webdo\" \/>\n<meta property=\"article:publisher\" content=\"https:\/\/www.facebook.com\/webdotn\" \/>\n<meta property=\"article:published_time\" content=\"2025-08-04T18:13:01+00:00\" \/>\n<meta property=\"article:modified_time\" content=\"2025-08-04T18:15:17+00:00\" \/>\n<meta property=\"og:image\" content=\"https:\/\/www.webdo.tn\/fr\/wp-content\/uploads\/2025\/08\/Guide-des-iles-Kerkennah.jpeg\" \/>\n\t<meta property=\"og:image:width\" content=\"1024\" \/>\n\t<meta property=\"og:image:height\" content=\"605\" \/>\n\t<meta property=\"og:image:type\" content=\"image\/jpeg\" \/>\n<meta name=\"author\" content=\"Mohamed Fethi\" \/>\n<meta name=\"twitter:card\" content=\"summary_large_image\" \/>\n<meta name=\"twitter:creator\" content=\"@webdo_tn\" \/>\n<meta name=\"twitter:site\" content=\"@webdo_tn\" \/>\n<meta name=\"twitter:label1\" content=\"\u00c9crit par\" \/>\n\t<meta name=\"twitter:data1\" content=\"Mohamed Fethi\" \/>\n\t<meta name=\"twitter:label2\" content=\"Dur\u00e9e de lecture estim\u00e9e\" \/>\n\t<meta name=\"twitter:data2\" content=\"2 minutes\" \/>\n<script type=\"application\/ld+json\" class=\"yoast-schema-graph\">{\"@context\":\"https:\\\/\\\/schema.org\",\"@graph\":[{\"@type\":\"NewsArticle\",\"@id\":\"https:\\\/\\\/www.webdo.tn\\\/fr\\\/actualite\\\/national\\\/tunisie-un-port-de-plaisance-pour-renforcer-lattractivite-de-kerkennah\\\/380965\\\/#article\",\"isPartOf\":{\"@id\":\"https:\\\/\\\/www.webdo.tn\\\/fr\\\/actualite\\\/national\\\/tunisie-un-port-de-plaisance-pour-renforcer-lattractivite-de-kerkennah\\\/380965\\\/\"},\"author\":{\"name\":\"Mohamed Fethi\",\"@id\":\"https:\\\/\\\/www.webdo.tn\\\/fr\\\/#\\\/schema\\\/person\\\/16a4857e77dfc0b610c4c2cadffc9ac4\"},\"headline\":\"Tunisie : Un port de plaisance pour renforcer l\u2019attractivit\u00e9 de Kerkennah\",\"datePublished\":\"2025-08-04T18:13:01+00:00\",\"dateModified\":\"2025-08-04T18:15:17+00:00\",\"mainEntityOfPage\":{\"@id\":\"https:\\\/\\\/www.webdo.tn\\\/fr\\\/actualite\\\/national\\\/tunisie-un-port-de-plaisance-pour-renforcer-lattractivite-de-kerkennah\\\/380965\\\/\"},\"wordCount\":243,\"commentCount\":0,\"publisher\":{\"@id\":\"https:\\\/\\\/www.webdo.tn\\\/fr\\\/#organization\"},\"image\":{\"@id\":\"https:\\\/\\\/www.webdo.tn\\\/fr\\\/actualite\\\/national\\\/tunisie-un-port-de-plaisance-pour-renforcer-lattractivite-de-kerkennah\\\/380965\\\/#primaryimage\"},\"thumbnailUrl\":\"https:\\\/\\\/www.webdo.tn\\\/fr\\\/wp-content\\\/uploads\\\/2025\\\/08\\\/Guide-des-iles-Kerkennah.jpeg\",\"keywords\":[\"kerkennah\",\"Port\",\"Tourisme\",\"Tunisie\"],\"articleSection\":[\"National\"],\"inLanguage\":\"fr-FR\"},{\"@type\":\"WebPage\",\"@id\":\"https:\\\/\\\/www.webdo.tn\\\/fr\\\/actualite\\\/national\\\/tunisie-un-port-de-plaisance-pour-renforcer-lattractivite-de-kerkennah\\\/380965\\\/\",\"url\":\"https:\\\/\\\/www.webdo.tn\\\/fr\\\/actualite\\\/national\\\/tunisie-un-port-de-plaisance-pour-renforcer-lattractivite-de-kerkennah\\\/380965\\\/\",\"name\":\"Tunisie : Un port de plaisance pour renforcer l\u2019attractivit\u00e9 de Kerkennah - webdo\",\"isPartOf\":{\"@id\":\"https:\\\/\\\/www.webdo.tn\\\/fr\\\/#website\"},\"primaryImageOfPage\":{\"@id\":\"https:\\\/\\\/www.webdo.tn\\\/fr\\\/actualite\\\/national\\\/tunisie-un-port-de-plaisance-pour-renforcer-lattractivite-de-kerkennah\\\/380965\\\/#primaryimage\"},\"image\":{\"@id\":\"https:\\\/\\\/www.webdo.tn\\\/fr\\\/actualite\\\/national\\\/tunisie-un-port-de-plaisance-pour-renforcer-lattractivite-de-kerkennah\\\/380965\\\/#primaryimage\"},\"thumbnailUrl\":\"https:\\\/\\\/www.webdo.tn\\\/fr\\\/wp-content\\\/uploads\\\/2025\\\/08\\\/Guide-des-iles-Kerkennah.jpeg\",\"datePublished\":\"2025-08-04T18:13:01+00:00\",\"dateModified\":\"2025-08-04T18:15:17+00:00\",\"description\":\"Le ministre du Tourisme pr\u00e9sente le d\u00e9veloppement touristique de Kerkennah : des initiatives pour un tourisme durable et attractif.\",\"breadcrumb\":{\"@id\":\"https:\\\/\\\/www.webdo.tn\\\/fr\\\/actualite\\\/national\\\/tunisie-un-port-de-plaisance-pour-renforcer-lattractivite-de-kerkennah\\\/380965\\\/#breadcrumb\"},\"inLanguage\":\"fr-FR\",\"potentialAction\":[{\"@type\":\"ReadAction\",\"target\":[\"https:\\\/\\\/www.webdo.tn\\\/fr\\\/actualite\\\/national\\\/tunisie-un-port-de-plaisance-pour-renforcer-lattractivite-de-kerkennah\\\/380965\\\/\"]}]},{\"@type\":\"ImageObject\",\"inLanguage\":\"fr-FR\",\"@id\":\"https:\\\/\\\/www.webdo.tn\\\/fr\\\/actualite\\\/national\\\/tunisie-un-port-de-plaisance-pour-renforcer-lattractivite-de-kerkennah\\\/380965\\\/#primaryimage\",\"url\":\"https:\\\/\\\/www.webdo.tn\\\/fr\\\/wp-content\\\/uploads\\\/2025\\\/08\\\/Guide-des-iles-Kerkennah.jpeg\",\"contentUrl\":\"https:\\\/\\\/www.webdo.tn\\\/fr\\\/wp-content\\\/uploads\\\/2025\\\/08\\\/Guide-des-iles-Kerkennah.jpeg\",\"width\":1024,\"height\":605},{\"@type\":\"BreadcrumbList\",\"@id\":\"https:\\\/\\\/www.webdo.tn\\\/fr\\\/actualite\\\/national\\\/tunisie-un-port-de-plaisance-pour-renforcer-lattractivite-de-kerkennah\\\/380965\\\/#breadcrumb\",\"itemListElement\":[{\"@type\":\"ListItem\",\"position\":1,\"name\":\"Accueil\",\"item\":\"https:\\\/\\\/www.webdo.tn\\\/fr\\\/\"},{\"@type\":\"ListItem\",\"position\":2,\"name\":\"Tunisie : Un port de plaisance pour renforcer l\u2019attractivit\u00e9 de Kerkennah\"}]},{\"@type\":\"WebSite\",\"@id\":\"https:\\\/\\\/www.webdo.tn\\\/fr\\\/#website\",\"url\":\"https:\\\/\\\/www.webdo.tn\\\/fr\\\/\",\"name\":\"webdo\",\"description\":\"Tunisie - News en Tunisie et \u00e0 l&#039;international sur Webdo.tn\",\"publisher\":{\"@id\":\"https:\\\/\\\/www.webdo.tn\\\/fr\\\/#organization\"},\"potentialAction\":[{\"@type\":\"SearchAction\",\"target\":{\"@type\":\"EntryPoint\",\"urlTemplate\":\"https:\\\/\\\/www.webdo.tn\\\/fr\\\/?s={search_term_string}\"},\"query-input\":{\"@type\":\"PropertyValueSpecification\",\"valueRequired\":true,\"valueName\":\"search_term_string\"}}],\"inLanguage\":\"fr-FR\"},{\"@type\":\"Organization\",\"@id\":\"https:\\\/\\\/www.webdo.tn\\\/fr\\\/#organization\",\"name\":\"Webdo\",\"alternateName\":\"Webdo.tn\",\"url\":\"https:\\\/\\\/www.webdo.tn\\\/fr\\\/\",\"logo\":{\"@type\":\"ImageObject\",\"inLanguage\":\"fr-FR\",\"@id\":\"https:\\\/\\\/www.webdo.tn\\\/fr\\\/#\\\/schema\\\/logo\\\/image\\\/\",\"url\":\"https:\\\/\\\/www.webdo.tn\\\/fr\\\/wp-content\\\/uploads\\\/2025\\\/06\\\/Webdo-Tunisie_168377.jpg\",\"contentUrl\":\"https:\\\/\\\/www.webdo.tn\\\/fr\\\/wp-content\\\/uploads\\\/2025\\\/06\\\/Webdo-Tunisie_168377.jpg\",\"width\":301,\"height\":301,\"caption\":\"Webdo\"},\"image\":{\"@id\":\"https:\\\/\\\/www.webdo.tn\\\/fr\\\/#\\\/schema\\\/logo\\\/image\\\/\"},\"sameAs\":[\"https:\\\/\\\/www.facebook.com\\\/webdotn\",\"https:\\\/\\\/x.com\\\/webdo_tn\"],\"description\":\"Webdo est un m\u00e9dia num\u00e9rique tunisien fond\u00e9 en 2010, sp\u00e9cialis\u00e9 dans l\u2019actualit\u00e9 nationale et internationale, l\u2019\u00e9conomie, la soci\u00e9t\u00e9 et les analyses politiques. Le site s\u2019adresse \u00e0 un large public francophone et couvre l\u2019information tunisienne en temps r\u00e9el.\",\"email\":\"redac@webdo.tn\",\"legalName\":\"YNJ SARL\",\"foundingDate\":\"2010-09-06\",\"numberOfEmployees\":{\"@type\":\"QuantitativeValue\",\"minValue\":\"11\",\"maxValue\":\"50\"}},{\"@type\":\"Person\",\"@id\":\"https:\\\/\\\/www.webdo.tn\\\/fr\\\/#\\\/schema\\\/person\\\/16a4857e77dfc0b610c4c2cadffc9ac4\",\"name\":\"Mohamed Fethi\",\"image\":{\"@type\":\"ImageObject\",\"inLanguage\":\"fr-FR\",\"@id\":\"https:\\\/\\\/www.webdo.tn\\\/fr\\\/wp-content\\\/uploads\\\/2026\\\/04\\\/mohamed-fethi_avatar_1-96x96.jpg\",\"url\":\"https:\\\/\\\/www.webdo.tn\\\/fr\\\/wp-content\\\/uploads\\\/2026\\\/04\\\/mohamed-fethi_avatar_1-96x96.jpg\",\"contentUrl\":\"https:\\\/\\\/www.webdo.tn\\\/fr\\\/wp-content\\\/uploads\\\/2026\\\/04\\\/mohamed-fethi_avatar_1-96x96.jpg\",\"caption\":\"Mohamed Fethi\"},\"description\":\"Signature \u00e9ditoriale de Maher Chaabane Mohamed Fethi est le pseudonyme \u00e9ditorial de Maher Chaabane, r\u00e9dacteur en chef de Webdo.tn depuis 2012. Cette signature est d\u00e9di\u00e9e au traitement intensif de l'actualit\u00e9 nationale et internationale en temps r\u00e9el. S'appuyant sur les deux d\u00e9cennies d'expertise journalistique de Maher Chaabane \u2014 d\u00e9but\u00e9e au sein du groupe Tunis Hebdo en 2000 \u2014 Mohamed Fethi assure une veille rigoureuse sur les enjeux politiques, \u00e9conomiques et sportifs. Sa mission est de garantir une information structur\u00e9e, fluide et fid\u00e8le aux standards de la r\u00e9daction. Pour consulter le parcours complet du r\u00e9dacteur en chef, visitez le profil officiel de Maher Chaabane.\",\"knowsAbout\":[\"actualit\u00e9\",\"journalisme\",\"information\",\"politique\",\"sport\",\"m\u00e9dias\",\"actualit\u00e9 internationale\"],\"knowsLanguage\":[\"Fran\u00e7ais\",\"Arabe\"],\"jobTitle\":\"Journaliste \u2013 R\u00e9daction Webdo\",\"worksFor\":\"Webdo.tn\",\"url\":\"https:\\\/\\\/www.webdo.tn\\\/fr\\\/actualite\\\/author\\\/mohamed-fethi\\\/\"}]}<\/script>\n<!-- \/ Yoast SEO Premium plugin. -->","yoast_head_json":{"title":"Tunisie : Un port de plaisance pour renforcer l\u2019attractivit\u00e9 de Kerkennah - webdo","description":"Le ministre du Tourisme pr\u00e9sente le d\u00e9veloppement touristique de Kerkennah : des initiatives pour un tourisme durable et attractif.","canonical":"https:\/\/www.webdo.tn\/fr\/actualite\/national\/tunisie-un-port-de-plaisance-pour-renforcer-lattractivite-de-kerkennah\/380965\/","og_locale":"fr_FR","og_type":"article","og_title":"Tunisie : Un port de plaisance pour renforcer l\u2019attractivit\u00e9 de Kerkennah","og_description":"Le ministre du Tourisme pr\u00e9sente le d\u00e9veloppement touristique de Kerkennah : des initiatives pour un tourisme durable et attractif.","og_url":"https:\/\/www.webdo.tn\/fr\/actualite\/national\/tunisie-un-port-de-plaisance-pour-renforcer-lattractivite-de-kerkennah\/380965\/","og_site_name":"webdo","article_publisher":"https:\/\/www.facebook.com\/webdotn","article_published_time":"2025-08-04T18:13:01+00:00","article_modified_time":"2025-08-04T18:15:17+00:00","og_image":[{"width":1024,"height":605,"url":"https:\/\/www.webdo.tn\/fr\/wp-content\/uploads\/2025\/08\/Guide-des-iles-Kerkennah.jpeg","type":"image\/jpeg"}],"author":"Mohamed Fethi","twitter_card":"summary_large_image","twitter_creator":"@webdo_tn","twitter_site":"@webdo_tn","twitter_misc":{"\u00c9crit par":"Mohamed Fethi","Dur\u00e9e de lecture estim\u00e9e":"2 minutes"},"schema":{"@context":"https:\/\/schema.org","@graph":[{"@type":"NewsArticle","@id":"https:\/\/www.webdo.tn\/fr\/actualite\/national\/tunisie-un-port-de-plaisance-pour-renforcer-lattractivite-de-kerkennah\/380965\/#article","isPartOf":{"@id":"https:\/\/www.webdo.tn\/fr\/actualite\/national\/tunisie-un-port-de-plaisance-pour-renforcer-lattractivite-de-kerkennah\/380965\/"},"author":{"name":"Mohamed Fethi","@id":"https:\/\/www.webdo.tn\/fr\/#\/schema\/person\/16a4857e77dfc0b610c4c2cadffc9ac4"},"headline":"Tunisie : Un port de plaisance pour renforcer l\u2019attractivit\u00e9 de Kerkennah","datePublished":"2025-08-04T18:13:01+00:00","dateModified":"2025-08-04T18:15:17+00:00","mainEntityOfPage":{"@id":"https:\/\/www.webdo.tn\/fr\/actualite\/national\/tunisie-un-port-de-plaisance-pour-renforcer-lattractivite-de-kerkennah\/380965\/"},"wordCount":243,"commentCount":0,"publisher":{"@id":"https:\/\/www.webdo.tn\/fr\/#organization"},"image":{"@id":"https:\/\/www.webdo.tn\/fr\/actualite\/national\/tunisie-un-port-de-plaisance-pour-renforcer-lattractivite-de-kerkennah\/380965\/#primaryimage"},"thumbnailUrl":"https:\/\/www.webdo.tn\/fr\/wp-content\/uploads\/2025\/08\/Guide-des-iles-Kerkennah.jpeg","keywords":["kerkennah","Port","Tourisme","Tunisie"],"articleSection":["National"],"inLanguage":"fr-FR"},{"@type":"WebPage","@id":"https:\/\/www.webdo.tn\/fr\/actualite\/national\/tunisie-un-port-de-plaisance-pour-renforcer-lattractivite-de-kerkennah\/380965\/","url":"https:\/\/www.webdo.tn\/fr\/actualite\/national\/tunisie-un-port-de-plaisance-pour-renforcer-lattractivite-de-kerkennah\/380965\/","name":"Tunisie : Un port de plaisance pour renforcer l\u2019attractivit\u00e9 de Kerkennah - webdo","isPartOf":{"@id":"https:\/\/www.webdo.tn\/fr\/#website"},"primaryImageOfPage":{"@id":"https:\/\/www.webdo.tn\/fr\/actualite\/national\/tunisie-un-port-de-plaisance-pour-renforcer-lattractivite-de-kerkennah\/380965\/#primaryimage"},"image":{"@id":"https:\/\/www.webdo.tn\/fr\/actualite\/national\/tunisie-un-port-de-plaisance-pour-renforcer-lattractivite-de-kerkennah\/380965\/#primaryimage"},"thumbnailUrl":"https:\/\/www.webdo.tn\/fr\/wp-content\/uploads\/2025\/08\/Guide-des-iles-Kerkennah.jpeg","datePublished":"2025-08-04T18:13:01+00:00","dateModified":"2025-08-04T18:15:17+00:00","description":"Le ministre du Tourisme pr\u00e9sente le d\u00e9veloppement touristique de Kerkennah : des initiatives pour un tourisme durable et attractif.","breadcrumb":{"@id":"https:\/\/www.webdo.tn\/fr\/actualite\/national\/tunisie-un-port-de-plaisance-pour-renforcer-lattractivite-de-kerkennah\/380965\/#breadcrumb"},"inLanguage":"fr-FR","potentialAction":[{"@type":"ReadAction","target":["https:\/\/www.webdo.tn\/fr\/actualite\/national\/tunisie-un-port-de-plaisance-pour-renforcer-lattractivite-de-kerkennah\/380965\/"]}]},{"@type":"ImageObject","inLanguage":"fr-FR","@id":"https:\/\/www.webdo.tn\/fr\/actualite\/national\/tunisie-un-port-de-plaisance-pour-renforcer-lattractivite-de-kerkennah\/380965\/#primaryimage","url":"https:\/\/www.webdo.tn\/fr\/wp-content\/uploads\/2025\/08\/Guide-des-iles-Kerkennah.jpeg","contentUrl":"https:\/\/www.webdo.tn\/fr\/wp-content\/uploads\/2025\/08\/Guide-des-iles-Kerkennah.jpeg","width":1024,"height":605},{"@type":"BreadcrumbList","@id":"https:\/\/www.webdo.tn\/fr\/actualite\/national\/tunisie-un-port-de-plaisance-pour-renforcer-lattractivite-de-kerkennah\/380965\/#breadcrumb","itemListElement":[{"@type":"ListItem","position":1,"name":"Accueil","item":"https:\/\/www.webdo.tn\/fr\/"},{"@type":"ListItem","position":2,"name":"Tunisie : Un port de plaisance pour renforcer l\u2019attractivit\u00e9 de Kerkennah"}]},{"@type":"WebSite","@id":"https:\/\/www.webdo.tn\/fr\/#website","url":"https:\/\/www.webdo.tn\/fr\/","name":"webdo","description":"Tunisie - News en Tunisie et \u00e0 l&#039;international sur Webdo.tn","publisher":{"@id":"https:\/\/www.webdo.tn\/fr\/#organization"},"potentialAction":[{"@type":"SearchAction","target":{"@type":"EntryPoint","urlTemplate":"https:\/\/www.webdo.tn\/fr\/?s={search_term_string}"},"query-input":{"@type":"PropertyValueSpecification","valueRequired":true,"valueName":"search_term_string"}}],"inLanguage":"fr-FR"},{"@type":"Organization","@id":"https:\/\/www.webdo.tn\/fr\/#organization","name":"Webdo","alternateName":"Webdo.tn","url":"https:\/\/www.webdo.tn\/fr\/","logo":{"@type":"ImageObject","inLanguage":"fr-FR","@id":"https:\/\/www.webdo.tn\/fr\/#\/schema\/logo\/image\/","url":"https:\/\/www.webdo.tn\/fr\/wp-content\/uploads\/2025\/06\/Webdo-Tunisie_168377.jpg","contentUrl":"https:\/\/www.webdo.tn\/fr\/wp-content\/uploads\/2025\/06\/Webdo-Tunisie_168377.jpg","width":301,"height":301,"caption":"Webdo"},"image":{"@id":"https:\/\/www.webdo.tn\/fr\/#\/schema\/logo\/image\/"},"sameAs":["https:\/\/www.facebook.com\/webdotn","https:\/\/x.com\/webdo_tn"],"description":"Webdo est un m\u00e9dia num\u00e9rique tunisien fond\u00e9 en 2010, sp\u00e9cialis\u00e9 dans l\u2019actualit\u00e9 nationale et internationale, l\u2019\u00e9conomie, la soci\u00e9t\u00e9 et les analyses politiques. Le site s\u2019adresse \u00e0 un large public francophone et couvre l\u2019information tunisienne en temps r\u00e9el.","email":"redac@webdo.tn","legalName":"YNJ SARL","foundingDate":"2010-09-06","numberOfEmployees":{"@type":"QuantitativeValue","minValue":"11","maxValue":"50"}},{"@type":"Person","@id":"https:\/\/www.webdo.tn\/fr\/#\/schema\/person\/16a4857e77dfc0b610c4c2cadffc9ac4","name":"Mohamed Fethi","image":{"@type":"ImageObject","inLanguage":"fr-FR","@id":"https:\/\/www.webdo.tn\/fr\/wp-content\/uploads\/2026\/04\/mohamed-fethi_avatar_1-96x96.jpg","url":"https:\/\/www.webdo.tn\/fr\/wp-content\/uploads\/2026\/04\/mohamed-fethi_avatar_1-96x96.jpg","contentUrl":"https:\/\/www.webdo.tn\/fr\/wp-content\/uploads\/2026\/04\/mohamed-fethi_avatar_1-96x96.jpg","caption":"Mohamed Fethi"},"description":"Signature \u00e9ditoriale de Maher Chaabane Mohamed Fethi est le pseudonyme \u00e9ditorial de Maher Chaabane, r\u00e9dacteur en chef de Webdo.tn depuis 2012. Cette signature est d\u00e9di\u00e9e au traitement intensif de l'actualit\u00e9 nationale et internationale en temps r\u00e9el. S'appuyant sur les deux d\u00e9cennies d'expertise journalistique de Maher Chaabane \u2014 d\u00e9but\u00e9e au sein du groupe Tunis Hebdo en 2000 \u2014 Mohamed Fethi assure une veille rigoureuse sur les enjeux politiques, \u00e9conomiques et sportifs. Sa mission est de garantir une information structur\u00e9e, fluide et fid\u00e8le aux standards de la r\u00e9daction. Pour consulter le parcours complet du r\u00e9dacteur en chef, visitez le profil officiel de Maher Chaabane.","knowsAbout":["actualit\u00e9","journalisme","information","politique","sport","m\u00e9dias","actualit\u00e9 internationale"],"knowsLanguage":["Fran\u00e7ais","Arabe"],"jobTitle":"Journaliste \u2013 R\u00e9daction Webdo","worksFor":"Webdo.tn","url":"https:\/\/www.webdo.tn\/fr\/actualite\/author\/mohamed-fethi\/"}]}},"_links":{"self":[{"href":"https:\/\/www.webdo.tn\/fr\/wp-json\/wp\/v2\/posts\/380965","targetHints":{"allow":["GET"]}}],"collection":[{"href":"https:\/\/www.webdo.tn\/fr\/wp-json\/wp\/v2\/posts"}],"about":[{"href":"https:\/\/www.webdo.tn\/fr\/wp-json\/wp\/v2\/types\/post"}],"author":[{"embeddable":true,"href":"https:\/\/www.webdo.tn\/fr\/wp-json\/wp\/v2\/users\/4782"}],"replies":[{"embeddable":true,"href":"https:\/\/www.webdo.tn\/fr\/wp-json\/wp\/v2\/comments?post=380965"}],"version-history":[{"count":0,"href":"https:\/\/www.webdo.tn\/fr\/wp-json\/wp\/v2\/posts\/380965\/revisions"}],"wp:featuredmedia":[{"embeddable":true,"href":"https:\/\/www.webdo.tn\/fr\/wp-json\/wp\/v2\/media\/380967"}],"wp:attachment":[{"href":"https:\/\/www.webdo.tn\/fr\/wp-json\/wp\/v2\/media?parent=380965"}],"wp:term":[{"taxonomy":"category","embeddable":true,"href":"https:\/\/www.webdo.tn\/fr\/wp-json\/wp\/v2\/categories?post=380965"},{"taxonomy":"post_tag","embeddable":true,"href":"https:\/\/www.webdo.tn\/fr\/wp-json\/wp\/v2\/tags?post=380965"}],"curies":[{"name":"wp","href":"https:\/\/api.w.org\/{rel}","templated":true}]}}