{"id":380953,"date":"2025-08-04T17:43:19","date_gmt":"2025-08-04T16:43:19","guid":{"rendered":"https:\/\/www.webdo.tn\/fr\/?p=380953"},"modified":"2025-08-04T17:43:26","modified_gmt":"2025-08-04T16:43:26","slug":"lugtt-denonce-lannulation-de-seances-de-conciliation-dans-plusieurs-secteurs","status":"publish","type":"post","link":"https:\/\/www.webdo.tn\/fr\/actualite\/national\/lugtt-denonce-lannulation-de-seances-de-conciliation-dans-plusieurs-secteurs\/380953\/","title":{"rendered":"L\u2019UGTT d\u00e9nonce l\u2019annulation de s\u00e9ances de conciliation dans plusieurs secteurs"},"content":{"rendered":"\n<p><strong>L\u2019Union g\u00e9n\u00e9rale tunisienne du travail (UGTT) a exprim\u00e9 ce lundi son refus d\u2019une d\u00e9cision prise par le minist\u00e8re des Affaires sociales. En effet, ce dernier a annul\u00e9 plusieurs s\u00e9ances de conciliation pr\u00e9vues les 4 et 5 ao\u00fbt \u00e0 Tunis. Ces r\u00e9unions devaient porter sur des gr\u00e8ves dans les secteurs du transport et de l\u2019agriculture.<\/strong><\/p>\n\n\n\n<p>Selon l\u2019UGTT, ces annulations ont \u00e9t\u00e9 d\u00e9cid\u00e9es de mani\u00e8re unilat\u00e9rale. L\u2019administration des conflits du travail n\u2019a fourni aucun fondement l\u00e9gal pour justifier cette mesure. De ce fait, le syndicat accuse le minist\u00e8re d\u2019avoir enfreint l\u2019article 378 du Code du travail. Cet article impose la tenue de s\u00e9ances de conciliation d\u00e8s le d\u00e9p\u00f4t d\u2019un pr\u00e9avis de gr\u00e8ve.<\/p>\n\n\n\n<p>L\u2019organisation syndicale consid\u00e8re cette d\u00e9cision comme une atteinte au droit syndical. Elle alerte \u00e9galement sur les risques de tensions sociales qui pourraient en d\u00e9couler. Elle tient, par cons\u00e9quent, le gouvernement et le minist\u00e8re des Affaires sociales pour responsables de toute d\u00e9t\u00e9rioration du climat social.<\/p>\n\n\n\n<p>Par ailleurs, l\u2019UGTT rappelle l\u2019importance du dialogue social dans la pr\u00e9vention des conflits. Elle appelle \u00e0 respecter les lois nationales ainsi que les conventions internationales sign\u00e9es par la Tunisie. Il s\u2019agit, selon elle, d\u2019une condition essentielle pour maintenir la stabilit\u00e9 dans les secteurs concern\u00e9s.<\/p>\n\n\n\n<p>Enfin, la centrale syndicale affirme son soutien total aux mouvements l\u00e9gitimes des travailleurs. Elle se dit pr\u00eate \u00e0 d\u00e9fendre leurs droits, qu\u2019ils soient mat\u00e9riels ou moraux. Elle promet aussi de s\u2019opposer fermement \u00e0 toute tentative de violer la Constitution, les accords internationaux ou la loi encadrant le Conseil national du dialogue social.<\/p>\n\n\n<p><iframe src=\"https:\/\/www.facebook.com\/plugins\/post.php?href=https%3A%2F%2Fwww.facebook.com%2Fugtt.page.officielle%2Fposts%2Fpfbid0XB3YrzeaGkY8BUMTXFGLosQMRAX51KinNp4dreRHebbx5saDd5rAxtUF3npdZamVl&#038;show_text=true&#038;width=500\" width=\"500\" height=\"520\" style=\"border:none;overflow:hidden\" scrolling=\"no\" frameborder=\"0\" allowfullscreen=\"true\" allow=\"autoplay; clipboard-write; encrypted-media; picture-in-picture; web-share\"><\/iframe><\/p>\n\n\n\n<p><\/p>\n\n\n\n<p><\/p>\n","protected":false},"excerpt":{"rendered":"<p>L\u2019Union g\u00e9n\u00e9rale tunisienne du travail (UGTT) a exprim\u00e9 ce lundi son refus d\u2019une d\u00e9cision prise par le minist\u00e8re des Affaires sociales. En effet, ce dernier a annul\u00e9 plusieurs s\u00e9ances de conciliation pr\u00e9vues les 4 et 5 ao\u00fbt \u00e0 Tunis. Ces r\u00e9unions devaient porter sur des gr\u00e8ves dans les secteurs du transport et de l\u2019agriculture. Selon [&hellip;]<\/p>\n","protected":false},"author":4782,"featured_media":377175,"comment_status":"open","ping_status":"open","sticky":false,"template":"","format":"standard","meta":{"footnotes":""},"categories":[44],"tags":[2647,3093,2608,2649],"class_list":["post-380953","post","type-post","status-publish","format-standard","has-post-thumbnail","hentry","category-national","tag-greve","tag-syndicat","tag-tunisie","tag-ugtt"],"yoast_head":"<!-- This site is optimized with the Yoast SEO Premium plugin v27.5 (Yoast SEO v27.5) - https:\/\/yoast.com\/product\/yoast-seo-premium-wordpress\/ -->\n<title>L\u2019UGTT d\u00e9nonce l\u2019annulation de s\u00e9ances de conciliation dans plusieurs secteurs - webdo<\/title>\n<meta name=\"description\" content=\"L&#039;UGTT d\u00e9nonce l&#039;annulation des s\u00e9ances de conciliation. Comprenez l&#039;importance de l&#039;UGTT et dialogue social dans le contexte actuel.\" \/>\n<link rel=\"canonical\" href=\"https:\/\/www.webdo.tn\/fr\/actualite\/national\/lugtt-denonce-lannulation-de-seances-de-conciliation-dans-plusieurs-secteurs\/380953\/\" \/>\n<meta property=\"og:locale\" content=\"fr_FR\" \/>\n<meta property=\"og:type\" content=\"article\" \/>\n<meta property=\"og:title\" content=\"L\u2019UGTT d\u00e9nonce l\u2019annulation de s\u00e9ances de conciliation dans plusieurs secteurs\" \/>\n<meta property=\"og:description\" content=\"L&#039;UGTT d\u00e9nonce l&#039;annulation des s\u00e9ances de conciliation. Comprenez l&#039;importance de l&#039;UGTT et dialogue social dans le contexte actuel.\" \/>\n<meta property=\"og:url\" content=\"https:\/\/www.webdo.tn\/fr\/actualite\/national\/lugtt-denonce-lannulation-de-seances-de-conciliation-dans-plusieurs-secteurs\/380953\/\" \/>\n<meta property=\"og:site_name\" content=\"webdo\" \/>\n<meta property=\"article:publisher\" content=\"https:\/\/www.facebook.com\/webdotn\" \/>\n<meta property=\"article:published_time\" content=\"2025-08-04T16:43:19+00:00\" \/>\n<meta property=\"article:modified_time\" content=\"2025-08-04T16:43:26+00:00\" \/>\n<meta property=\"og:image\" content=\"https:\/\/www.webdo.tn\/fr\/wp-content\/uploads\/2025\/06\/1749640781.jpg\" \/>\n\t<meta property=\"og:image:width\" content=\"800\" \/>\n\t<meta property=\"og:image:height\" content=\"450\" \/>\n\t<meta property=\"og:image:type\" content=\"image\/jpeg\" \/>\n<meta name=\"author\" content=\"Mohamed Fethi\" \/>\n<meta name=\"twitter:card\" content=\"summary_large_image\" \/>\n<meta name=\"twitter:creator\" content=\"@webdo_tn\" \/>\n<meta name=\"twitter:site\" content=\"@webdo_tn\" \/>\n<meta name=\"twitter:label1\" content=\"\u00c9crit par\" \/>\n\t<meta name=\"twitter:data1\" content=\"Mohamed Fethi\" \/>\n\t<meta name=\"twitter:label2\" content=\"Dur\u00e9e de lecture estim\u00e9e\" \/>\n\t<meta name=\"twitter:data2\" content=\"2 minutes\" \/>\n<script type=\"application\/ld+json\" class=\"yoast-schema-graph\">{\"@context\":\"https:\\\/\\\/schema.org\",\"@graph\":[{\"@type\":\"NewsArticle\",\"@id\":\"https:\\\/\\\/www.webdo.tn\\\/fr\\\/actualite\\\/national\\\/lugtt-denonce-lannulation-de-seances-de-conciliation-dans-plusieurs-secteurs\\\/380953\\\/#article\",\"isPartOf\":{\"@id\":\"https:\\\/\\\/www.webdo.tn\\\/fr\\\/actualite\\\/national\\\/lugtt-denonce-lannulation-de-seances-de-conciliation-dans-plusieurs-secteurs\\\/380953\\\/\"},\"author\":{\"name\":\"Mohamed Fethi\",\"@id\":\"https:\\\/\\\/www.webdo.tn\\\/fr\\\/#\\\/schema\\\/person\\\/16a4857e77dfc0b610c4c2cadffc9ac4\"},\"headline\":\"L\u2019UGTT d\u00e9nonce l\u2019annulation de s\u00e9ances de conciliation dans plusieurs secteurs\",\"datePublished\":\"2025-08-04T16:43:19+00:00\",\"dateModified\":\"2025-08-04T16:43:26+00:00\",\"mainEntityOfPage\":{\"@id\":\"https:\\\/\\\/www.webdo.tn\\\/fr\\\/actualite\\\/national\\\/lugtt-denonce-lannulation-de-seances-de-conciliation-dans-plusieurs-secteurs\\\/380953\\\/\"},\"wordCount\":308,\"commentCount\":0,\"publisher\":{\"@id\":\"https:\\\/\\\/www.webdo.tn\\\/fr\\\/#organization\"},\"image\":{\"@id\":\"https:\\\/\\\/www.webdo.tn\\\/fr\\\/actualite\\\/national\\\/lugtt-denonce-lannulation-de-seances-de-conciliation-dans-plusieurs-secteurs\\\/380953\\\/#primaryimage\"},\"thumbnailUrl\":\"https:\\\/\\\/www.webdo.tn\\\/fr\\\/wp-content\\\/uploads\\\/2025\\\/06\\\/1749640781.jpg\",\"keywords\":[\"Gr\u00e8ve\",\"syndicat\",\"Tunisie\",\"UGTT\"],\"articleSection\":[\"National\"],\"inLanguage\":\"fr-FR\"},{\"@type\":\"WebPage\",\"@id\":\"https:\\\/\\\/www.webdo.tn\\\/fr\\\/actualite\\\/national\\\/lugtt-denonce-lannulation-de-seances-de-conciliation-dans-plusieurs-secteurs\\\/380953\\\/\",\"url\":\"https:\\\/\\\/www.webdo.tn\\\/fr\\\/actualite\\\/national\\\/lugtt-denonce-lannulation-de-seances-de-conciliation-dans-plusieurs-secteurs\\\/380953\\\/\",\"name\":\"L\u2019UGTT d\u00e9nonce l\u2019annulation de s\u00e9ances de conciliation dans plusieurs secteurs - webdo\",\"isPartOf\":{\"@id\":\"https:\\\/\\\/www.webdo.tn\\\/fr\\\/#website\"},\"primaryImageOfPage\":{\"@id\":\"https:\\\/\\\/www.webdo.tn\\\/fr\\\/actualite\\\/national\\\/lugtt-denonce-lannulation-de-seances-de-conciliation-dans-plusieurs-secteurs\\\/380953\\\/#primaryimage\"},\"image\":{\"@id\":\"https:\\\/\\\/www.webdo.tn\\\/fr\\\/actualite\\\/national\\\/lugtt-denonce-lannulation-de-seances-de-conciliation-dans-plusieurs-secteurs\\\/380953\\\/#primaryimage\"},\"thumbnailUrl\":\"https:\\\/\\\/www.webdo.tn\\\/fr\\\/wp-content\\\/uploads\\\/2025\\\/06\\\/1749640781.jpg\",\"datePublished\":\"2025-08-04T16:43:19+00:00\",\"dateModified\":\"2025-08-04T16:43:26+00:00\",\"description\":\"L'UGTT d\u00e9nonce l'annulation des s\u00e9ances de conciliation. Comprenez l'importance de l'UGTT et dialogue social dans le contexte actuel.\",\"breadcrumb\":{\"@id\":\"https:\\\/\\\/www.webdo.tn\\\/fr\\\/actualite\\\/national\\\/lugtt-denonce-lannulation-de-seances-de-conciliation-dans-plusieurs-secteurs\\\/380953\\\/#breadcrumb\"},\"inLanguage\":\"fr-FR\",\"potentialAction\":[{\"@type\":\"ReadAction\",\"target\":[\"https:\\\/\\\/www.webdo.tn\\\/fr\\\/actualite\\\/national\\\/lugtt-denonce-lannulation-de-seances-de-conciliation-dans-plusieurs-secteurs\\\/380953\\\/\"]}]},{\"@type\":\"ImageObject\",\"inLanguage\":\"fr-FR\",\"@id\":\"https:\\\/\\\/www.webdo.tn\\\/fr\\\/actualite\\\/national\\\/lugtt-denonce-lannulation-de-seances-de-conciliation-dans-plusieurs-secteurs\\\/380953\\\/#primaryimage\",\"url\":\"https:\\\/\\\/www.webdo.tn\\\/fr\\\/wp-content\\\/uploads\\\/2025\\\/06\\\/1749640781.jpg\",\"contentUrl\":\"https:\\\/\\\/www.webdo.tn\\\/fr\\\/wp-content\\\/uploads\\\/2025\\\/06\\\/1749640781.jpg\",\"width\":800,\"height\":450},{\"@type\":\"BreadcrumbList\",\"@id\":\"https:\\\/\\\/www.webdo.tn\\\/fr\\\/actualite\\\/national\\\/lugtt-denonce-lannulation-de-seances-de-conciliation-dans-plusieurs-secteurs\\\/380953\\\/#breadcrumb\",\"itemListElement\":[{\"@type\":\"ListItem\",\"position\":1,\"name\":\"Accueil\",\"item\":\"https:\\\/\\\/www.webdo.tn\\\/fr\\\/\"},{\"@type\":\"ListItem\",\"position\":2,\"name\":\"L\u2019UGTT d\u00e9nonce l\u2019annulation de s\u00e9ances de conciliation dans plusieurs secteurs\"}]},{\"@type\":\"WebSite\",\"@id\":\"https:\\\/\\\/www.webdo.tn\\\/fr\\\/#website\",\"url\":\"https:\\\/\\\/www.webdo.tn\\\/fr\\\/\",\"name\":\"webdo\",\"description\":\"Tunisie - News en Tunisie et \u00e0 l&#039;international sur Webdo.tn\",\"publisher\":{\"@id\":\"https:\\\/\\\/www.webdo.tn\\\/fr\\\/#organization\"},\"potentialAction\":[{\"@type\":\"SearchAction\",\"target\":{\"@type\":\"EntryPoint\",\"urlTemplate\":\"https:\\\/\\\/www.webdo.tn\\\/fr\\\/?s={search_term_string}\"},\"query-input\":{\"@type\":\"PropertyValueSpecification\",\"valueRequired\":true,\"valueName\":\"search_term_string\"}}],\"inLanguage\":\"fr-FR\"},{\"@type\":\"Organization\",\"@id\":\"https:\\\/\\\/www.webdo.tn\\\/fr\\\/#organization\",\"name\":\"Webdo\",\"alternateName\":\"Webdo.tn\",\"url\":\"https:\\\/\\\/www.webdo.tn\\\/fr\\\/\",\"logo\":{\"@type\":\"ImageObject\",\"inLanguage\":\"fr-FR\",\"@id\":\"https:\\\/\\\/www.webdo.tn\\\/fr\\\/#\\\/schema\\\/logo\\\/image\\\/\",\"url\":\"https:\\\/\\\/www.webdo.tn\\\/fr\\\/wp-content\\\/uploads\\\/2025\\\/06\\\/Webdo-Tunisie_168377.jpg\",\"contentUrl\":\"https:\\\/\\\/www.webdo.tn\\\/fr\\\/wp-content\\\/uploads\\\/2025\\\/06\\\/Webdo-Tunisie_168377.jpg\",\"width\":301,\"height\":301,\"caption\":\"Webdo\"},\"image\":{\"@id\":\"https:\\\/\\\/www.webdo.tn\\\/fr\\\/#\\\/schema\\\/logo\\\/image\\\/\"},\"sameAs\":[\"https:\\\/\\\/www.facebook.com\\\/webdotn\",\"https:\\\/\\\/x.com\\\/webdo_tn\"],\"description\":\"Webdo est un m\u00e9dia num\u00e9rique tunisien fond\u00e9 en 2010, sp\u00e9cialis\u00e9 dans l\u2019actualit\u00e9 nationale et internationale, l\u2019\u00e9conomie, la soci\u00e9t\u00e9 et les analyses politiques. Le site s\u2019adresse \u00e0 un large public francophone et couvre l\u2019information tunisienne en temps r\u00e9el.\",\"email\":\"redac@webdo.tn\",\"legalName\":\"YNJ SARL\",\"foundingDate\":\"2010-09-06\",\"numberOfEmployees\":{\"@type\":\"QuantitativeValue\",\"minValue\":\"11\",\"maxValue\":\"50\"}},{\"@type\":\"Person\",\"@id\":\"https:\\\/\\\/www.webdo.tn\\\/fr\\\/#\\\/schema\\\/person\\\/16a4857e77dfc0b610c4c2cadffc9ac4\",\"name\":\"Mohamed Fethi\",\"image\":{\"@type\":\"ImageObject\",\"inLanguage\":\"fr-FR\",\"@id\":\"https:\\\/\\\/www.webdo.tn\\\/fr\\\/wp-content\\\/uploads\\\/2026\\\/04\\\/mohamed-fethi_avatar_1-96x96.jpg\",\"url\":\"https:\\\/\\\/www.webdo.tn\\\/fr\\\/wp-content\\\/uploads\\\/2026\\\/04\\\/mohamed-fethi_avatar_1-96x96.jpg\",\"contentUrl\":\"https:\\\/\\\/www.webdo.tn\\\/fr\\\/wp-content\\\/uploads\\\/2026\\\/04\\\/mohamed-fethi_avatar_1-96x96.jpg\",\"caption\":\"Mohamed Fethi\"},\"description\":\"Signature \u00e9ditoriale de Maher Chaabane Mohamed Fethi est le pseudonyme \u00e9ditorial de Maher Chaabane, r\u00e9dacteur en chef de Webdo.tn depuis 2012. Cette signature est d\u00e9di\u00e9e au traitement intensif de l'actualit\u00e9 nationale et internationale en temps r\u00e9el. S'appuyant sur les deux d\u00e9cennies d'expertise journalistique de Maher Chaabane \u2014 d\u00e9but\u00e9e au sein du groupe Tunis Hebdo en 2000 \u2014 Mohamed Fethi assure une veille rigoureuse sur les enjeux politiques, \u00e9conomiques et sportifs. Sa mission est de garantir une information structur\u00e9e, fluide et fid\u00e8le aux standards de la r\u00e9daction. Pour consulter le parcours complet du r\u00e9dacteur en chef, visitez le profil officiel de Maher Chaabane.\",\"knowsAbout\":[\"actualit\u00e9\",\"journalisme\",\"information\",\"politique\",\"sport\",\"m\u00e9dias\",\"actualit\u00e9 internationale\"],\"knowsLanguage\":[\"Fran\u00e7ais\",\"Arabe\"],\"jobTitle\":\"Journaliste \u2013 R\u00e9daction Webdo\",\"worksFor\":\"Webdo.tn\",\"url\":\"https:\\\/\\\/www.webdo.tn\\\/fr\\\/actualite\\\/author\\\/mohamed-fethi\\\/\"}]}<\/script>\n<!-- \/ Yoast SEO Premium plugin. -->","yoast_head_json":{"title":"L\u2019UGTT d\u00e9nonce l\u2019annulation de s\u00e9ances de conciliation dans plusieurs secteurs - webdo","description":"L'UGTT d\u00e9nonce l'annulation des s\u00e9ances de conciliation. Comprenez l'importance de l'UGTT et dialogue social dans le contexte actuel.","canonical":"https:\/\/www.webdo.tn\/fr\/actualite\/national\/lugtt-denonce-lannulation-de-seances-de-conciliation-dans-plusieurs-secteurs\/380953\/","og_locale":"fr_FR","og_type":"article","og_title":"L\u2019UGTT d\u00e9nonce l\u2019annulation de s\u00e9ances de conciliation dans plusieurs secteurs","og_description":"L'UGTT d\u00e9nonce l'annulation des s\u00e9ances de conciliation. Comprenez l'importance de l'UGTT et dialogue social dans le contexte actuel.","og_url":"https:\/\/www.webdo.tn\/fr\/actualite\/national\/lugtt-denonce-lannulation-de-seances-de-conciliation-dans-plusieurs-secteurs\/380953\/","og_site_name":"webdo","article_publisher":"https:\/\/www.facebook.com\/webdotn","article_published_time":"2025-08-04T16:43:19+00:00","article_modified_time":"2025-08-04T16:43:26+00:00","og_image":[{"width":800,"height":450,"url":"https:\/\/www.webdo.tn\/fr\/wp-content\/uploads\/2025\/06\/1749640781.jpg","type":"image\/jpeg"}],"author":"Mohamed Fethi","twitter_card":"summary_large_image","twitter_creator":"@webdo_tn","twitter_site":"@webdo_tn","twitter_misc":{"\u00c9crit par":"Mohamed Fethi","Dur\u00e9e de lecture estim\u00e9e":"2 minutes"},"schema":{"@context":"https:\/\/schema.org","@graph":[{"@type":"NewsArticle","@id":"https:\/\/www.webdo.tn\/fr\/actualite\/national\/lugtt-denonce-lannulation-de-seances-de-conciliation-dans-plusieurs-secteurs\/380953\/#article","isPartOf":{"@id":"https:\/\/www.webdo.tn\/fr\/actualite\/national\/lugtt-denonce-lannulation-de-seances-de-conciliation-dans-plusieurs-secteurs\/380953\/"},"author":{"name":"Mohamed Fethi","@id":"https:\/\/www.webdo.tn\/fr\/#\/schema\/person\/16a4857e77dfc0b610c4c2cadffc9ac4"},"headline":"L\u2019UGTT d\u00e9nonce l\u2019annulation de s\u00e9ances de conciliation dans plusieurs secteurs","datePublished":"2025-08-04T16:43:19+00:00","dateModified":"2025-08-04T16:43:26+00:00","mainEntityOfPage":{"@id":"https:\/\/www.webdo.tn\/fr\/actualite\/national\/lugtt-denonce-lannulation-de-seances-de-conciliation-dans-plusieurs-secteurs\/380953\/"},"wordCount":308,"commentCount":0,"publisher":{"@id":"https:\/\/www.webdo.tn\/fr\/#organization"},"image":{"@id":"https:\/\/www.webdo.tn\/fr\/actualite\/national\/lugtt-denonce-lannulation-de-seances-de-conciliation-dans-plusieurs-secteurs\/380953\/#primaryimage"},"thumbnailUrl":"https:\/\/www.webdo.tn\/fr\/wp-content\/uploads\/2025\/06\/1749640781.jpg","keywords":["Gr\u00e8ve","syndicat","Tunisie","UGTT"],"articleSection":["National"],"inLanguage":"fr-FR"},{"@type":"WebPage","@id":"https:\/\/www.webdo.tn\/fr\/actualite\/national\/lugtt-denonce-lannulation-de-seances-de-conciliation-dans-plusieurs-secteurs\/380953\/","url":"https:\/\/www.webdo.tn\/fr\/actualite\/national\/lugtt-denonce-lannulation-de-seances-de-conciliation-dans-plusieurs-secteurs\/380953\/","name":"L\u2019UGTT d\u00e9nonce l\u2019annulation de s\u00e9ances de conciliation dans plusieurs secteurs - webdo","isPartOf":{"@id":"https:\/\/www.webdo.tn\/fr\/#website"},"primaryImageOfPage":{"@id":"https:\/\/www.webdo.tn\/fr\/actualite\/national\/lugtt-denonce-lannulation-de-seances-de-conciliation-dans-plusieurs-secteurs\/380953\/#primaryimage"},"image":{"@id":"https:\/\/www.webdo.tn\/fr\/actualite\/national\/lugtt-denonce-lannulation-de-seances-de-conciliation-dans-plusieurs-secteurs\/380953\/#primaryimage"},"thumbnailUrl":"https:\/\/www.webdo.tn\/fr\/wp-content\/uploads\/2025\/06\/1749640781.jpg","datePublished":"2025-08-04T16:43:19+00:00","dateModified":"2025-08-04T16:43:26+00:00","description":"L'UGTT d\u00e9nonce l'annulation des s\u00e9ances de conciliation. Comprenez l'importance de l'UGTT et dialogue social dans le contexte actuel.","breadcrumb":{"@id":"https:\/\/www.webdo.tn\/fr\/actualite\/national\/lugtt-denonce-lannulation-de-seances-de-conciliation-dans-plusieurs-secteurs\/380953\/#breadcrumb"},"inLanguage":"fr-FR","potentialAction":[{"@type":"ReadAction","target":["https:\/\/www.webdo.tn\/fr\/actualite\/national\/lugtt-denonce-lannulation-de-seances-de-conciliation-dans-plusieurs-secteurs\/380953\/"]}]},{"@type":"ImageObject","inLanguage":"fr-FR","@id":"https:\/\/www.webdo.tn\/fr\/actualite\/national\/lugtt-denonce-lannulation-de-seances-de-conciliation-dans-plusieurs-secteurs\/380953\/#primaryimage","url":"https:\/\/www.webdo.tn\/fr\/wp-content\/uploads\/2025\/06\/1749640781.jpg","contentUrl":"https:\/\/www.webdo.tn\/fr\/wp-content\/uploads\/2025\/06\/1749640781.jpg","width":800,"height":450},{"@type":"BreadcrumbList","@id":"https:\/\/www.webdo.tn\/fr\/actualite\/national\/lugtt-denonce-lannulation-de-seances-de-conciliation-dans-plusieurs-secteurs\/380953\/#breadcrumb","itemListElement":[{"@type":"ListItem","position":1,"name":"Accueil","item":"https:\/\/www.webdo.tn\/fr\/"},{"@type":"ListItem","position":2,"name":"L\u2019UGTT d\u00e9nonce l\u2019annulation de s\u00e9ances de conciliation dans plusieurs secteurs"}]},{"@type":"WebSite","@id":"https:\/\/www.webdo.tn\/fr\/#website","url":"https:\/\/www.webdo.tn\/fr\/","name":"webdo","description":"Tunisie - News en Tunisie et \u00e0 l&#039;international sur Webdo.tn","publisher":{"@id":"https:\/\/www.webdo.tn\/fr\/#organization"},"potentialAction":[{"@type":"SearchAction","target":{"@type":"EntryPoint","urlTemplate":"https:\/\/www.webdo.tn\/fr\/?s={search_term_string}"},"query-input":{"@type":"PropertyValueSpecification","valueRequired":true,"valueName":"search_term_string"}}],"inLanguage":"fr-FR"},{"@type":"Organization","@id":"https:\/\/www.webdo.tn\/fr\/#organization","name":"Webdo","alternateName":"Webdo.tn","url":"https:\/\/www.webdo.tn\/fr\/","logo":{"@type":"ImageObject","inLanguage":"fr-FR","@id":"https:\/\/www.webdo.tn\/fr\/#\/schema\/logo\/image\/","url":"https:\/\/www.webdo.tn\/fr\/wp-content\/uploads\/2025\/06\/Webdo-Tunisie_168377.jpg","contentUrl":"https:\/\/www.webdo.tn\/fr\/wp-content\/uploads\/2025\/06\/Webdo-Tunisie_168377.jpg","width":301,"height":301,"caption":"Webdo"},"image":{"@id":"https:\/\/www.webdo.tn\/fr\/#\/schema\/logo\/image\/"},"sameAs":["https:\/\/www.facebook.com\/webdotn","https:\/\/x.com\/webdo_tn"],"description":"Webdo est un m\u00e9dia num\u00e9rique tunisien fond\u00e9 en 2010, sp\u00e9cialis\u00e9 dans l\u2019actualit\u00e9 nationale et internationale, l\u2019\u00e9conomie, la soci\u00e9t\u00e9 et les analyses politiques. Le site s\u2019adresse \u00e0 un large public francophone et couvre l\u2019information tunisienne en temps r\u00e9el.","email":"redac@webdo.tn","legalName":"YNJ SARL","foundingDate":"2010-09-06","numberOfEmployees":{"@type":"QuantitativeValue","minValue":"11","maxValue":"50"}},{"@type":"Person","@id":"https:\/\/www.webdo.tn\/fr\/#\/schema\/person\/16a4857e77dfc0b610c4c2cadffc9ac4","name":"Mohamed Fethi","image":{"@type":"ImageObject","inLanguage":"fr-FR","@id":"https:\/\/www.webdo.tn\/fr\/wp-content\/uploads\/2026\/04\/mohamed-fethi_avatar_1-96x96.jpg","url":"https:\/\/www.webdo.tn\/fr\/wp-content\/uploads\/2026\/04\/mohamed-fethi_avatar_1-96x96.jpg","contentUrl":"https:\/\/www.webdo.tn\/fr\/wp-content\/uploads\/2026\/04\/mohamed-fethi_avatar_1-96x96.jpg","caption":"Mohamed Fethi"},"description":"Signature \u00e9ditoriale de Maher Chaabane Mohamed Fethi est le pseudonyme \u00e9ditorial de Maher Chaabane, r\u00e9dacteur en chef de Webdo.tn depuis 2012. Cette signature est d\u00e9di\u00e9e au traitement intensif de l'actualit\u00e9 nationale et internationale en temps r\u00e9el. S'appuyant sur les deux d\u00e9cennies d'expertise journalistique de Maher Chaabane \u2014 d\u00e9but\u00e9e au sein du groupe Tunis Hebdo en 2000 \u2014 Mohamed Fethi assure une veille rigoureuse sur les enjeux politiques, \u00e9conomiques et sportifs. Sa mission est de garantir une information structur\u00e9e, fluide et fid\u00e8le aux standards de la r\u00e9daction. Pour consulter le parcours complet du r\u00e9dacteur en chef, visitez le profil officiel de Maher Chaabane.","knowsAbout":["actualit\u00e9","journalisme","information","politique","sport","m\u00e9dias","actualit\u00e9 internationale"],"knowsLanguage":["Fran\u00e7ais","Arabe"],"jobTitle":"Journaliste \u2013 R\u00e9daction Webdo","worksFor":"Webdo.tn","url":"https:\/\/www.webdo.tn\/fr\/actualite\/author\/mohamed-fethi\/"}]}},"_links":{"self":[{"href":"https:\/\/www.webdo.tn\/fr\/wp-json\/wp\/v2\/posts\/380953","targetHints":{"allow":["GET"]}}],"collection":[{"href":"https:\/\/www.webdo.tn\/fr\/wp-json\/wp\/v2\/posts"}],"about":[{"href":"https:\/\/www.webdo.tn\/fr\/wp-json\/wp\/v2\/types\/post"}],"author":[{"embeddable":true,"href":"https:\/\/www.webdo.tn\/fr\/wp-json\/wp\/v2\/users\/4782"}],"replies":[{"embeddable":true,"href":"https:\/\/www.webdo.tn\/fr\/wp-json\/wp\/v2\/comments?post=380953"}],"version-history":[{"count":0,"href":"https:\/\/www.webdo.tn\/fr\/wp-json\/wp\/v2\/posts\/380953\/revisions"}],"wp:featuredmedia":[{"embeddable":true,"href":"https:\/\/www.webdo.tn\/fr\/wp-json\/wp\/v2\/media\/377175"}],"wp:attachment":[{"href":"https:\/\/www.webdo.tn\/fr\/wp-json\/wp\/v2\/media?parent=380953"}],"wp:term":[{"taxonomy":"category","embeddable":true,"href":"https:\/\/www.webdo.tn\/fr\/wp-json\/wp\/v2\/categories?post=380953"},{"taxonomy":"post_tag","embeddable":true,"href":"https:\/\/www.webdo.tn\/fr\/wp-json\/wp\/v2\/tags?post=380953"}],"curies":[{"name":"wp","href":"https:\/\/api.w.org\/{rel}","templated":true}]}}