{"id":380908,"date":"2025-08-03T11:22:19","date_gmt":"2025-08-03T10:22:19","guid":{"rendered":"https:\/\/www.webdo.tn\/fr\/?p=380908"},"modified":"2025-08-18T08:56:53","modified_gmt":"2025-08-18T07:56:53","slug":"tunisie-sidi-bou-said-toujours-sous-la-menace-des-glissements-de-terrain","status":"publish","type":"post","link":"https:\/\/www.webdo.tn\/fr\/actualite\/national\/tunisie-sidi-bou-said-toujours-sous-la-menace-des-glissements-de-terrain\/380908\/","title":{"rendered":"Tunisie : Sidi Bou Sa\u00efd toujours sous la menace des glissements de terrain"},"content":{"rendered":"\n<p><strong>Une r\u00e9union de travail s\u2019est tenue vendredi sous la pr\u00e9sidence du ministre de l\u2019Agriculture, des Ressources hydrauliques et de la P\u00eache maritime, Ezzeddine Ben Cheikh, en pr\u00e9sence des repr\u00e9sentants des minist\u00e8res et structures concern\u00e9es. <\/strong><\/p>\n\n\n\n<p>Elle a \u00e9t\u00e9 consacr\u00e9e au suivi de la mise en \u0153uvre des principales recommandations, mesures et actions visant \u00e0 apporter des solutions concr\u00e8tes aux <a href=\"https:\/\/www.webdo.tn\/fr\/actualite\/national\/risque-de-glissements-de-terrain-a-sidi-bou-said-quel-est-le-niveau-de-dangerosite\/213982\/\">glissements de terrain enregistr\u00e9s \u00e0 Sidi Bou Sa\u00efd.<\/a><\/p>\n\n\n\n<p>Au cours de la s\u00e9ance, un expos\u00e9 d\u00e9taill\u00e9 a \u00e9t\u00e9 pr\u00e9sent\u00e9 sur la situation actuelle du site et les actions d\u00e9j\u00e0 entreprises pour prot\u00e9ger la zone. Les membres du comit\u00e9 ont soulign\u00e9 que l\u2019\u00e9tat du plateau concern\u00e9 est devenu critique, en raison des facteurs naturels et g\u00e9ologiques sp\u00e9cifiques \u00e0 la r\u00e9gion. Ils ont \u00e9galement convenu que les ph\u00e9nom\u00e8nes d\u2019\u00e9rosion remontent \u00e0 plusieurs ann\u00e9es.<\/p>\n\n\n\n<p>\u00c0 cette occasion, le ministre a appel\u00e9 \u00e0 une intervention rapide et coordonn\u00e9e de toutes les parties prenantes afin de limiter les risques potentiels.<\/p>\n\n\n\n<p>En plus des mesures administratives de suivi et de contr\u00f4le assur\u00e9es par les diff\u00e9rentes structures, il a \u00e9t\u00e9 convenu de r\u00e9aliser une inspection technique avec la participation d\u2019experts sp\u00e9cialis\u00e9s. <\/p>\n\n\n\n<p>Il a \u00e9galement \u00e9t\u00e9 d\u00e9cid\u00e9 de lancer le processus d\u2019\u00e9laboration d\u2019un cahier des charges pour recruter un bureau d\u2019\u00e9tudes, charg\u00e9 d\u2019actualiser les anciennes \u00e9tudes disponibles et de proposer des solutions techniques concr\u00e8tes pour endiguer les glissements.<\/p>\n","protected":false},"excerpt":{"rendered":"<p>Une r\u00e9union de travail s\u2019est tenue vendredi sous la pr\u00e9sidence du ministre de l\u2019Agriculture, des Ressources hydrauliques et de la P\u00eache maritime, Ezzeddine Ben Cheikh, en pr\u00e9sence des repr\u00e9sentants des minist\u00e8res et structures concern\u00e9es. Elle a \u00e9t\u00e9 consacr\u00e9e au suivi de la mise en \u0153uvre des principales recommandations, mesures et actions visant \u00e0 apporter des [&hellip;]<\/p>\n","protected":false},"author":3204,"featured_media":380909,"comment_status":"open","ping_status":"open","sticky":false,"template":"","format":"standard","meta":{"footnotes":""},"categories":[44],"tags":[12371,4832,2608],"class_list":["post-380908","post","type-post","status-publish","format-standard","has-post-thumbnail","hentry","category-national","tag-glissements","tag-sidi-bou-said","tag-tunisie"],"yoast_head":"<!-- This site is optimized with the Yoast SEO Premium plugin v27.4 (Yoast SEO v27.4) - https:\/\/yoast.com\/product\/yoast-seo-premium-wordpress\/ -->\n<title>Tunisie : Sidi Bou Sa\u00efd toujours sous la menace des glissements de terrain - webdo<\/title>\n<meta name=\"description\" content=\"D\u00e9couvrez les solutions propos\u00e9es pour les glissements de terrain \u00e0 Sidi Bou Sa\u00efd lors de la r\u00e9union minist\u00e9rielle.\" \/>\n<link rel=\"canonical\" href=\"https:\/\/www.webdo.tn\/fr\/actualite\/national\/tunisie-sidi-bou-said-toujours-sous-la-menace-des-glissements-de-terrain\/380908\/\" \/>\n<meta property=\"og:locale\" content=\"fr_FR\" \/>\n<meta property=\"og:type\" content=\"article\" \/>\n<meta property=\"og:title\" content=\"Tunisie : Sidi Bou Sa\u00efd toujours sous la menace des glissements de terrain\" \/>\n<meta property=\"og:description\" content=\"D\u00e9couvrez les solutions propos\u00e9es pour les glissements de terrain \u00e0 Sidi Bou Sa\u00efd lors de la r\u00e9union minist\u00e9rielle.\" \/>\n<meta property=\"og:url\" content=\"https:\/\/www.webdo.tn\/fr\/actualite\/national\/tunisie-sidi-bou-said-toujours-sous-la-menace-des-glissements-de-terrain\/380908\/\" \/>\n<meta property=\"og:site_name\" content=\"webdo\" \/>\n<meta property=\"article:publisher\" content=\"https:\/\/www.facebook.com\/webdotn\" \/>\n<meta property=\"article:author\" content=\"https:\/\/www.facebook.com\/khalil.jelassi.7\" \/>\n<meta property=\"article:published_time\" content=\"2025-08-03T10:22:19+00:00\" \/>\n<meta property=\"article:modified_time\" content=\"2025-08-18T07:56:53+00:00\" \/>\n<meta property=\"og:image\" content=\"https:\/\/www.webdo.tn\/fr\/wp-content\/uploads\/2025\/08\/fdd76c4bd77f6363ca9f65e87a8c47e3-750x375-1.webp\" \/>\n\t<meta property=\"og:image:width\" content=\"750\" \/>\n\t<meta property=\"og:image:height\" content=\"375\" \/>\n\t<meta property=\"og:image:type\" content=\"image\/webp\" \/>\n<meta name=\"author\" content=\"Khalil JELASSI\" \/>\n<meta name=\"twitter:card\" content=\"summary_large_image\" \/>\n<meta name=\"twitter:creator\" content=\"@webdo_tn\" \/>\n<meta name=\"twitter:site\" content=\"@webdo_tn\" \/>\n<meta name=\"twitter:label1\" content=\"\u00c9crit par\" \/>\n\t<meta name=\"twitter:data1\" content=\"Khalil JELASSI\" \/>\n\t<meta name=\"twitter:label2\" content=\"Dur\u00e9e de lecture estim\u00e9e\" \/>\n\t<meta name=\"twitter:data2\" content=\"2 minutes\" \/>\n<script type=\"application\/ld+json\" class=\"yoast-schema-graph\">{\"@context\":\"https:\\\/\\\/schema.org\",\"@graph\":[{\"@type\":\"NewsArticle\",\"@id\":\"https:\\\/\\\/www.webdo.tn\\\/fr\\\/actualite\\\/national\\\/tunisie-sidi-bou-said-toujours-sous-la-menace-des-glissements-de-terrain\\\/380908\\\/#article\",\"isPartOf\":{\"@id\":\"https:\\\/\\\/www.webdo.tn\\\/fr\\\/actualite\\\/national\\\/tunisie-sidi-bou-said-toujours-sous-la-menace-des-glissements-de-terrain\\\/380908\\\/\"},\"author\":{\"name\":\"Khalil JELASSI\",\"@id\":\"https:\\\/\\\/www.webdo.tn\\\/fr\\\/#\\\/schema\\\/person\\\/5fb2f8f3d4ef4fd1d129927fd4b020ff\"},\"headline\":\"Tunisie : Sidi Bou Sa\u00efd toujours sous la menace des glissements de terrain\",\"datePublished\":\"2025-08-03T10:22:19+00:00\",\"dateModified\":\"2025-08-18T07:56:53+00:00\",\"mainEntityOfPage\":{\"@id\":\"https:\\\/\\\/www.webdo.tn\\\/fr\\\/actualite\\\/national\\\/tunisie-sidi-bou-said-toujours-sous-la-menace-des-glissements-de-terrain\\\/380908\\\/\"},\"wordCount\":265,\"commentCount\":0,\"publisher\":{\"@id\":\"https:\\\/\\\/www.webdo.tn\\\/fr\\\/#organization\"},\"image\":{\"@id\":\"https:\\\/\\\/www.webdo.tn\\\/fr\\\/actualite\\\/national\\\/tunisie-sidi-bou-said-toujours-sous-la-menace-des-glissements-de-terrain\\\/380908\\\/#primaryimage\"},\"thumbnailUrl\":\"https:\\\/\\\/www.webdo.tn\\\/fr\\\/wp-content\\\/uploads\\\/2025\\\/08\\\/fdd76c4bd77f6363ca9f65e87a8c47e3-750x375-1.webp\",\"keywords\":[\"Glissements\",\"sidi bou said\",\"Tunisie\"],\"articleSection\":[\"National\"],\"inLanguage\":\"fr-FR\"},{\"@type\":\"WebPage\",\"@id\":\"https:\\\/\\\/www.webdo.tn\\\/fr\\\/actualite\\\/national\\\/tunisie-sidi-bou-said-toujours-sous-la-menace-des-glissements-de-terrain\\\/380908\\\/\",\"url\":\"https:\\\/\\\/www.webdo.tn\\\/fr\\\/actualite\\\/national\\\/tunisie-sidi-bou-said-toujours-sous-la-menace-des-glissements-de-terrain\\\/380908\\\/\",\"name\":\"Tunisie : Sidi Bou Sa\u00efd toujours sous la menace des glissements de terrain - webdo\",\"isPartOf\":{\"@id\":\"https:\\\/\\\/www.webdo.tn\\\/fr\\\/#website\"},\"primaryImageOfPage\":{\"@id\":\"https:\\\/\\\/www.webdo.tn\\\/fr\\\/actualite\\\/national\\\/tunisie-sidi-bou-said-toujours-sous-la-menace-des-glissements-de-terrain\\\/380908\\\/#primaryimage\"},\"image\":{\"@id\":\"https:\\\/\\\/www.webdo.tn\\\/fr\\\/actualite\\\/national\\\/tunisie-sidi-bou-said-toujours-sous-la-menace-des-glissements-de-terrain\\\/380908\\\/#primaryimage\"},\"thumbnailUrl\":\"https:\\\/\\\/www.webdo.tn\\\/fr\\\/wp-content\\\/uploads\\\/2025\\\/08\\\/fdd76c4bd77f6363ca9f65e87a8c47e3-750x375-1.webp\",\"datePublished\":\"2025-08-03T10:22:19+00:00\",\"dateModified\":\"2025-08-18T07:56:53+00:00\",\"description\":\"D\u00e9couvrez les solutions propos\u00e9es pour les glissements de terrain \u00e0 Sidi Bou Sa\u00efd lors de la r\u00e9union minist\u00e9rielle.\",\"breadcrumb\":{\"@id\":\"https:\\\/\\\/www.webdo.tn\\\/fr\\\/actualite\\\/national\\\/tunisie-sidi-bou-said-toujours-sous-la-menace-des-glissements-de-terrain\\\/380908\\\/#breadcrumb\"},\"inLanguage\":\"fr-FR\",\"potentialAction\":[{\"@type\":\"ReadAction\",\"target\":[\"https:\\\/\\\/www.webdo.tn\\\/fr\\\/actualite\\\/national\\\/tunisie-sidi-bou-said-toujours-sous-la-menace-des-glissements-de-terrain\\\/380908\\\/\"]}]},{\"@type\":\"ImageObject\",\"inLanguage\":\"fr-FR\",\"@id\":\"https:\\\/\\\/www.webdo.tn\\\/fr\\\/actualite\\\/national\\\/tunisie-sidi-bou-said-toujours-sous-la-menace-des-glissements-de-terrain\\\/380908\\\/#primaryimage\",\"url\":\"https:\\\/\\\/www.webdo.tn\\\/fr\\\/wp-content\\\/uploads\\\/2025\\\/08\\\/fdd76c4bd77f6363ca9f65e87a8c47e3-750x375-1.webp\",\"contentUrl\":\"https:\\\/\\\/www.webdo.tn\\\/fr\\\/wp-content\\\/uploads\\\/2025\\\/08\\\/fdd76c4bd77f6363ca9f65e87a8c47e3-750x375-1.webp\",\"width\":750,\"height\":375},{\"@type\":\"BreadcrumbList\",\"@id\":\"https:\\\/\\\/www.webdo.tn\\\/fr\\\/actualite\\\/national\\\/tunisie-sidi-bou-said-toujours-sous-la-menace-des-glissements-de-terrain\\\/380908\\\/#breadcrumb\",\"itemListElement\":[{\"@type\":\"ListItem\",\"position\":1,\"name\":\"Accueil\",\"item\":\"https:\\\/\\\/www.webdo.tn\\\/fr\\\/\"},{\"@type\":\"ListItem\",\"position\":2,\"name\":\"Tunisie : Sidi Bou Sa\u00efd toujours sous la menace des glissements de terrain\"}]},{\"@type\":\"WebSite\",\"@id\":\"https:\\\/\\\/www.webdo.tn\\\/fr\\\/#website\",\"url\":\"https:\\\/\\\/www.webdo.tn\\\/fr\\\/\",\"name\":\"webdo\",\"description\":\"Tunisie - News en Tunisie et \u00e0 l&#039;international sur Webdo.tn\",\"publisher\":{\"@id\":\"https:\\\/\\\/www.webdo.tn\\\/fr\\\/#organization\"},\"potentialAction\":[{\"@type\":\"SearchAction\",\"target\":{\"@type\":\"EntryPoint\",\"urlTemplate\":\"https:\\\/\\\/www.webdo.tn\\\/fr\\\/?s={search_term_string}\"},\"query-input\":{\"@type\":\"PropertyValueSpecification\",\"valueRequired\":true,\"valueName\":\"search_term_string\"}}],\"inLanguage\":\"fr-FR\"},{\"@type\":\"Organization\",\"@id\":\"https:\\\/\\\/www.webdo.tn\\\/fr\\\/#organization\",\"name\":\"Webdo\",\"alternateName\":\"Webdo.tn\",\"url\":\"https:\\\/\\\/www.webdo.tn\\\/fr\\\/\",\"logo\":{\"@type\":\"ImageObject\",\"inLanguage\":\"fr-FR\",\"@id\":\"https:\\\/\\\/www.webdo.tn\\\/fr\\\/#\\\/schema\\\/logo\\\/image\\\/\",\"url\":\"https:\\\/\\\/www.webdo.tn\\\/fr\\\/wp-content\\\/uploads\\\/2025\\\/06\\\/Webdo-Tunisie_168377.jpg\",\"contentUrl\":\"https:\\\/\\\/www.webdo.tn\\\/fr\\\/wp-content\\\/uploads\\\/2025\\\/06\\\/Webdo-Tunisie_168377.jpg\",\"width\":301,\"height\":301,\"caption\":\"Webdo\"},\"image\":{\"@id\":\"https:\\\/\\\/www.webdo.tn\\\/fr\\\/#\\\/schema\\\/logo\\\/image\\\/\"},\"sameAs\":[\"https:\\\/\\\/www.facebook.com\\\/webdotn\",\"https:\\\/\\\/x.com\\\/webdo_tn\"],\"description\":\"Webdo est un m\u00e9dia num\u00e9rique tunisien fond\u00e9 en 2010, sp\u00e9cialis\u00e9 dans l\u2019actualit\u00e9 nationale et internationale, l\u2019\u00e9conomie, la soci\u00e9t\u00e9 et les analyses politiques. Le site s\u2019adresse \u00e0 un large public francophone et couvre l\u2019information tunisienne en temps r\u00e9el.\",\"email\":\"redac@webdo.tn\",\"legalName\":\"YNJ SARL\",\"foundingDate\":\"2010-09-06\",\"numberOfEmployees\":{\"@type\":\"QuantitativeValue\",\"minValue\":\"11\",\"maxValue\":\"50\"}},{\"@type\":\"Person\",\"@id\":\"https:\\\/\\\/www.webdo.tn\\\/fr\\\/#\\\/schema\\\/person\\\/5fb2f8f3d4ef4fd1d129927fd4b020ff\",\"name\":\"Khalil JELASSI\",\"image\":{\"@type\":\"ImageObject\",\"inLanguage\":\"fr-FR\",\"@id\":\"https:\\\/\\\/www.webdo.tn\\\/fr\\\/wp-content\\\/uploads\\\/2026\\\/04\\\/khalil-jelassi_avatar-96x96.jpg\",\"url\":\"https:\\\/\\\/www.webdo.tn\\\/fr\\\/wp-content\\\/uploads\\\/2026\\\/04\\\/khalil-jelassi_avatar-96x96.jpg\",\"contentUrl\":\"https:\\\/\\\/www.webdo.tn\\\/fr\\\/wp-content\\\/uploads\\\/2026\\\/04\\\/khalil-jelassi_avatar-96x96.jpg\",\"caption\":\"Khalil JELASSI\"},\"description\":\"Khalil Jelassi est journaliste, ma\u00eetre-assistant \u00e0 l\u2019Institut de presse et des sciences de l\u2019information (IPSI) et chercheur en sciences de l\u2019information et de la communication. Sp\u00e9cialiste des m\u00e9dias, des pratiques journalistiques et des mutations de l\u2019information, il s\u2019int\u00e9resse particuli\u00e8rement aux transformations du paysage m\u00e9diatique, aux enjeux num\u00e9riques et aux dynamiques de production de l\u2019information. \u00c0 travers ses contributions, il propose une lecture analytique de l\u2019actualit\u00e9, en croisant approche acad\u00e9mique et exp\u00e9rience journalistique. \ud83d\udd17 Facebook : https:\\\/\\\/www.facebook.com\\\/khalil.jelassi.7\",\"sameAs\":[\"https:\\\/\\\/www.facebook.com\\\/khalil.jelassi.7\"],\"knowsAbout\":[\"journalisme\",\"m\u00e9dias\",\"communication\",\"sciences de l'information\",\"transformation num\u00e9rique\",\"analyse des m\u00e9dias\"],\"knowsLanguage\":[\"Fran\u00e7ais\",\"Arabe\",\"Anglais\"],\"jobTitle\":\"Ma\u00eetre-assistant et journaliste\",\"worksFor\":\"IPSI \u2013 Institut de presse et des sciences de l'information\",\"url\":\"https:\\\/\\\/www.webdo.tn\\\/fr\\\/actualite\\\/author\\\/khalil-jelassi\\\/\"}]}<\/script>\n<!-- \/ Yoast SEO Premium plugin. -->","yoast_head_json":{"title":"Tunisie : Sidi Bou Sa\u00efd toujours sous la menace des glissements de terrain - webdo","description":"D\u00e9couvrez les solutions propos\u00e9es pour les glissements de terrain \u00e0 Sidi Bou Sa\u00efd lors de la r\u00e9union minist\u00e9rielle.","canonical":"https:\/\/www.webdo.tn\/fr\/actualite\/national\/tunisie-sidi-bou-said-toujours-sous-la-menace-des-glissements-de-terrain\/380908\/","og_locale":"fr_FR","og_type":"article","og_title":"Tunisie : Sidi Bou Sa\u00efd toujours sous la menace des glissements de terrain","og_description":"D\u00e9couvrez les solutions propos\u00e9es pour les glissements de terrain \u00e0 Sidi Bou Sa\u00efd lors de la r\u00e9union minist\u00e9rielle.","og_url":"https:\/\/www.webdo.tn\/fr\/actualite\/national\/tunisie-sidi-bou-said-toujours-sous-la-menace-des-glissements-de-terrain\/380908\/","og_site_name":"webdo","article_publisher":"https:\/\/www.facebook.com\/webdotn","article_author":"https:\/\/www.facebook.com\/khalil.jelassi.7","article_published_time":"2025-08-03T10:22:19+00:00","article_modified_time":"2025-08-18T07:56:53+00:00","og_image":[{"width":750,"height":375,"url":"https:\/\/www.webdo.tn\/fr\/wp-content\/uploads\/2025\/08\/fdd76c4bd77f6363ca9f65e87a8c47e3-750x375-1.webp","type":"image\/webp"}],"author":"Khalil JELASSI","twitter_card":"summary_large_image","twitter_creator":"@webdo_tn","twitter_site":"@webdo_tn","twitter_misc":{"\u00c9crit par":"Khalil JELASSI","Dur\u00e9e de lecture estim\u00e9e":"2 minutes"},"schema":{"@context":"https:\/\/schema.org","@graph":[{"@type":"NewsArticle","@id":"https:\/\/www.webdo.tn\/fr\/actualite\/national\/tunisie-sidi-bou-said-toujours-sous-la-menace-des-glissements-de-terrain\/380908\/#article","isPartOf":{"@id":"https:\/\/www.webdo.tn\/fr\/actualite\/national\/tunisie-sidi-bou-said-toujours-sous-la-menace-des-glissements-de-terrain\/380908\/"},"author":{"name":"Khalil JELASSI","@id":"https:\/\/www.webdo.tn\/fr\/#\/schema\/person\/5fb2f8f3d4ef4fd1d129927fd4b020ff"},"headline":"Tunisie : Sidi Bou Sa\u00efd toujours sous la menace des glissements de terrain","datePublished":"2025-08-03T10:22:19+00:00","dateModified":"2025-08-18T07:56:53+00:00","mainEntityOfPage":{"@id":"https:\/\/www.webdo.tn\/fr\/actualite\/national\/tunisie-sidi-bou-said-toujours-sous-la-menace-des-glissements-de-terrain\/380908\/"},"wordCount":265,"commentCount":0,"publisher":{"@id":"https:\/\/www.webdo.tn\/fr\/#organization"},"image":{"@id":"https:\/\/www.webdo.tn\/fr\/actualite\/national\/tunisie-sidi-bou-said-toujours-sous-la-menace-des-glissements-de-terrain\/380908\/#primaryimage"},"thumbnailUrl":"https:\/\/www.webdo.tn\/fr\/wp-content\/uploads\/2025\/08\/fdd76c4bd77f6363ca9f65e87a8c47e3-750x375-1.webp","keywords":["Glissements","sidi bou said","Tunisie"],"articleSection":["National"],"inLanguage":"fr-FR"},{"@type":"WebPage","@id":"https:\/\/www.webdo.tn\/fr\/actualite\/national\/tunisie-sidi-bou-said-toujours-sous-la-menace-des-glissements-de-terrain\/380908\/","url":"https:\/\/www.webdo.tn\/fr\/actualite\/national\/tunisie-sidi-bou-said-toujours-sous-la-menace-des-glissements-de-terrain\/380908\/","name":"Tunisie : Sidi Bou Sa\u00efd toujours sous la menace des glissements de terrain - webdo","isPartOf":{"@id":"https:\/\/www.webdo.tn\/fr\/#website"},"primaryImageOfPage":{"@id":"https:\/\/www.webdo.tn\/fr\/actualite\/national\/tunisie-sidi-bou-said-toujours-sous-la-menace-des-glissements-de-terrain\/380908\/#primaryimage"},"image":{"@id":"https:\/\/www.webdo.tn\/fr\/actualite\/national\/tunisie-sidi-bou-said-toujours-sous-la-menace-des-glissements-de-terrain\/380908\/#primaryimage"},"thumbnailUrl":"https:\/\/www.webdo.tn\/fr\/wp-content\/uploads\/2025\/08\/fdd76c4bd77f6363ca9f65e87a8c47e3-750x375-1.webp","datePublished":"2025-08-03T10:22:19+00:00","dateModified":"2025-08-18T07:56:53+00:00","description":"D\u00e9couvrez les solutions propos\u00e9es pour les glissements de terrain \u00e0 Sidi Bou Sa\u00efd lors de la r\u00e9union minist\u00e9rielle.","breadcrumb":{"@id":"https:\/\/www.webdo.tn\/fr\/actualite\/national\/tunisie-sidi-bou-said-toujours-sous-la-menace-des-glissements-de-terrain\/380908\/#breadcrumb"},"inLanguage":"fr-FR","potentialAction":[{"@type":"ReadAction","target":["https:\/\/www.webdo.tn\/fr\/actualite\/national\/tunisie-sidi-bou-said-toujours-sous-la-menace-des-glissements-de-terrain\/380908\/"]}]},{"@type":"ImageObject","inLanguage":"fr-FR","@id":"https:\/\/www.webdo.tn\/fr\/actualite\/national\/tunisie-sidi-bou-said-toujours-sous-la-menace-des-glissements-de-terrain\/380908\/#primaryimage","url":"https:\/\/www.webdo.tn\/fr\/wp-content\/uploads\/2025\/08\/fdd76c4bd77f6363ca9f65e87a8c47e3-750x375-1.webp","contentUrl":"https:\/\/www.webdo.tn\/fr\/wp-content\/uploads\/2025\/08\/fdd76c4bd77f6363ca9f65e87a8c47e3-750x375-1.webp","width":750,"height":375},{"@type":"BreadcrumbList","@id":"https:\/\/www.webdo.tn\/fr\/actualite\/national\/tunisie-sidi-bou-said-toujours-sous-la-menace-des-glissements-de-terrain\/380908\/#breadcrumb","itemListElement":[{"@type":"ListItem","position":1,"name":"Accueil","item":"https:\/\/www.webdo.tn\/fr\/"},{"@type":"ListItem","position":2,"name":"Tunisie : Sidi Bou Sa\u00efd toujours sous la menace des glissements de terrain"}]},{"@type":"WebSite","@id":"https:\/\/www.webdo.tn\/fr\/#website","url":"https:\/\/www.webdo.tn\/fr\/","name":"webdo","description":"Tunisie - News en Tunisie et \u00e0 l&#039;international sur Webdo.tn","publisher":{"@id":"https:\/\/www.webdo.tn\/fr\/#organization"},"potentialAction":[{"@type":"SearchAction","target":{"@type":"EntryPoint","urlTemplate":"https:\/\/www.webdo.tn\/fr\/?s={search_term_string}"},"query-input":{"@type":"PropertyValueSpecification","valueRequired":true,"valueName":"search_term_string"}}],"inLanguage":"fr-FR"},{"@type":"Organization","@id":"https:\/\/www.webdo.tn\/fr\/#organization","name":"Webdo","alternateName":"Webdo.tn","url":"https:\/\/www.webdo.tn\/fr\/","logo":{"@type":"ImageObject","inLanguage":"fr-FR","@id":"https:\/\/www.webdo.tn\/fr\/#\/schema\/logo\/image\/","url":"https:\/\/www.webdo.tn\/fr\/wp-content\/uploads\/2025\/06\/Webdo-Tunisie_168377.jpg","contentUrl":"https:\/\/www.webdo.tn\/fr\/wp-content\/uploads\/2025\/06\/Webdo-Tunisie_168377.jpg","width":301,"height":301,"caption":"Webdo"},"image":{"@id":"https:\/\/www.webdo.tn\/fr\/#\/schema\/logo\/image\/"},"sameAs":["https:\/\/www.facebook.com\/webdotn","https:\/\/x.com\/webdo_tn"],"description":"Webdo est un m\u00e9dia num\u00e9rique tunisien fond\u00e9 en 2010, sp\u00e9cialis\u00e9 dans l\u2019actualit\u00e9 nationale et internationale, l\u2019\u00e9conomie, la soci\u00e9t\u00e9 et les analyses politiques. Le site s\u2019adresse \u00e0 un large public francophone et couvre l\u2019information tunisienne en temps r\u00e9el.","email":"redac@webdo.tn","legalName":"YNJ SARL","foundingDate":"2010-09-06","numberOfEmployees":{"@type":"QuantitativeValue","minValue":"11","maxValue":"50"}},{"@type":"Person","@id":"https:\/\/www.webdo.tn\/fr\/#\/schema\/person\/5fb2f8f3d4ef4fd1d129927fd4b020ff","name":"Khalil JELASSI","image":{"@type":"ImageObject","inLanguage":"fr-FR","@id":"https:\/\/www.webdo.tn\/fr\/wp-content\/uploads\/2026\/04\/khalil-jelassi_avatar-96x96.jpg","url":"https:\/\/www.webdo.tn\/fr\/wp-content\/uploads\/2026\/04\/khalil-jelassi_avatar-96x96.jpg","contentUrl":"https:\/\/www.webdo.tn\/fr\/wp-content\/uploads\/2026\/04\/khalil-jelassi_avatar-96x96.jpg","caption":"Khalil JELASSI"},"description":"Khalil Jelassi est journaliste, ma\u00eetre-assistant \u00e0 l\u2019Institut de presse et des sciences de l\u2019information (IPSI) et chercheur en sciences de l\u2019information et de la communication. Sp\u00e9cialiste des m\u00e9dias, des pratiques journalistiques et des mutations de l\u2019information, il s\u2019int\u00e9resse particuli\u00e8rement aux transformations du paysage m\u00e9diatique, aux enjeux num\u00e9riques et aux dynamiques de production de l\u2019information. \u00c0 travers ses contributions, il propose une lecture analytique de l\u2019actualit\u00e9, en croisant approche acad\u00e9mique et exp\u00e9rience journalistique. \ud83d\udd17 Facebook : https:\/\/www.facebook.com\/khalil.jelassi.7","sameAs":["https:\/\/www.facebook.com\/khalil.jelassi.7"],"knowsAbout":["journalisme","m\u00e9dias","communication","sciences de l'information","transformation num\u00e9rique","analyse des m\u00e9dias"],"knowsLanguage":["Fran\u00e7ais","Arabe","Anglais"],"jobTitle":"Ma\u00eetre-assistant et journaliste","worksFor":"IPSI \u2013 Institut de presse et des sciences de l'information","url":"https:\/\/www.webdo.tn\/fr\/actualite\/author\/khalil-jelassi\/"}]}},"_links":{"self":[{"href":"https:\/\/www.webdo.tn\/fr\/wp-json\/wp\/v2\/posts\/380908","targetHints":{"allow":["GET"]}}],"collection":[{"href":"https:\/\/www.webdo.tn\/fr\/wp-json\/wp\/v2\/posts"}],"about":[{"href":"https:\/\/www.webdo.tn\/fr\/wp-json\/wp\/v2\/types\/post"}],"author":[{"embeddable":true,"href":"https:\/\/www.webdo.tn\/fr\/wp-json\/wp\/v2\/users\/3204"}],"replies":[{"embeddable":true,"href":"https:\/\/www.webdo.tn\/fr\/wp-json\/wp\/v2\/comments?post=380908"}],"version-history":[{"count":0,"href":"https:\/\/www.webdo.tn\/fr\/wp-json\/wp\/v2\/posts\/380908\/revisions"}],"wp:featuredmedia":[{"embeddable":true,"href":"https:\/\/www.webdo.tn\/fr\/wp-json\/wp\/v2\/media\/380909"}],"wp:attachment":[{"href":"https:\/\/www.webdo.tn\/fr\/wp-json\/wp\/v2\/media?parent=380908"}],"wp:term":[{"taxonomy":"category","embeddable":true,"href":"https:\/\/www.webdo.tn\/fr\/wp-json\/wp\/v2\/categories?post=380908"},{"taxonomy":"post_tag","embeddable":true,"href":"https:\/\/www.webdo.tn\/fr\/wp-json\/wp\/v2\/tags?post=380908"}],"curies":[{"name":"wp","href":"https:\/\/api.w.org\/{rel}","templated":true}]}}