{"id":380879,"date":"2025-08-02T08:23:50","date_gmt":"2025-08-02T07:23:50","guid":{"rendered":"https:\/\/www.webdo.tn\/fr\/?p=380879"},"modified":"2025-08-18T09:01:19","modified_gmt":"2025-08-18T08:01:19","slug":"mondiaux-de-natation-ahmed-jaouadi-en-finale-du-1500-m-nl","status":"publish","type":"post","link":"https:\/\/www.webdo.tn\/fr\/actualite\/sport\/mondiaux-de-natation-ahmed-jaouadi-en-finale-du-1500-m-nl\/380879\/","title":{"rendered":"Mondiaux de Natation : Ahmed Jaouadi en finale du 1500 m NL"},"content":{"rendered":"\n<p><strong>Le nageur tunisien Ahmed Jaouadi s\u2019est qualifi\u00e9 samedi pour la finale du 1500 m\u00e8tres nage libre aux Championnats du monde de sports aquatiques \u00e0 Singapour. Il a sign\u00e9 le deuxi\u00e8me meilleur temps des s\u00e9ries et disputera la finale ce dimanche \u00e0 12h30 (heure tunisienne).<\/strong><\/p>\n\n\n\n<p>Lors des s\u00e9ries qualificatives du 1500 m nage libre, disput\u00e9es samedi matin \u00e0 Singapour, Ahmed Jaouadi a domin\u00e9 sa s\u00e9rie en 14&rsquo;44&Prime;95, devan\u00e7ant l\u2019Allemand Sven Schwarz (14&rsquo;45&Prime;31) et l\u2019Am\u00e9ricain Bobby Finke (14&rsquo;45&Prime;70).<\/p>\n\n\n\n<p><strong>Dimanche, la finale<\/strong><\/p>\n\n\n\n<p>Ce chrono permet au Tunisien de d\u00e9crocher la deuxi\u00e8me meilleure performance des qualifications, juste derri\u00e8re l\u2019Allemand Florian Wellbrock, qui a termin\u00e9 en 14&rsquo;44&Prime;81.<\/p>\n\n\n\n<p><strong>Objectif : un nouveau titre mondial<\/strong><\/p>\n\n\n\n<p>La finale aura lieu dimanche \u00e0 12h30 (heure tunisienne), avec de fortes chances de m\u00e9daille et un nouveau titre mondial pour le jeune prodige tunisien.<\/p>\n\n\n\n<p>Ahmed Jaouadi (20 ans) a d\u00e9j\u00e0 brill\u00e9 cette semaine \u00e0 Singapour en remportant la m\u00e9daille d\u2019or du 800 m nage libre avec un temps de 7&rsquo;36&Prime;88, mercredi dernier.<\/p>\n\n\n\n<p>L\u2019ann\u00e9e pr\u00e9c\u00e9dente, il avait \u00e9t\u00e9 sacr\u00e9 champion du monde du 1500 m et m\u00e9daill\u00e9 de bronze du 800 m en petit bassin \u00e0 Budapest (2024). Aux JO de Paris 2024, il avait termin\u00e9 4e du 800 m et 6e du 1500 m, fr\u00f4lant le podium olympique.<\/p>\n\n\n\n<p><\/p>\n\n\n\n<iframe src=\"https:\/\/www.facebook.com\/plugins\/post.php?href=https%3A%2F%2Fwww.facebook.com%2FCNOTunisie%2Fposts%2Fpfbid08ZsEc4P6kRDsuKvnjjUDTukXipVpimGY64mmydp9QSZhuWskDdDHqC8rvXDbCyERl&#038;show_text=true&#038;width=500\" width=\"500\" height=\"722\" style=\"border:none;overflow:hidden\" scrolling=\"no\" frameborder=\"0\" allowfullscreen=\"true\" allow=\"autoplay; clipboard-write; encrypted-media; picture-in-picture; web-share\"><\/iframe>\n\n\n\n<p><\/p>\n\n\n\n<p><strong>Lire aussi :<\/strong><\/p>\n\n\n\n<ul class=\"wp-block-list\">\n<li><a href=\"https:\/\/www.webdo.tn\/fr\/actualite\/sport\/peu-de-moyens-beaucoup-de-succes-pourquoi-la-natation-tunisienne-brille-t-elle-historiquement\/380693\/\">Peu de moyens, beaucoup de succ\u00e8s : Pourquoi la natation tunisienne brille-t-elle historiquement ?<\/a><\/li>\n\n\n\n<li><a href=\"https:\/\/www.webdo.tn\/fr\/actualite\/sport\/mondiaux-de-natation-ahmed-jaouadi-sacre-champion-du-monde-du-800-m-nage-libre\/380630\/\">Mondiaux de Natation : Ahmed Jaouadi sacr\u00e9 champion du monde du 800 m NL<\/a><\/li>\n\n\n\n<li><a href=\"https:\/\/www.webdo.tn\/fr\/actualite\/sport\/mondiaux-de-natation-ahmed-jaouadi-domine-les-series-du-800-m-nl-et-file-en-finale\/380511\/\">Mondiaux de natation : Ahmed Jaouadi domine les s\u00e9ries du 800 m NL et file en finale<\/a><\/li>\n<\/ul>\n","protected":false},"excerpt":{"rendered":"<p>Le nageur tunisien Ahmed Jaouadi s\u2019est qualifi\u00e9 samedi pour la finale du 1500 m\u00e8tres nage libre aux Championnats du monde de sports aquatiques \u00e0 Singapour. Il a sign\u00e9 le deuxi\u00e8me meilleur temps des s\u00e9ries et disputera la finale ce dimanche \u00e0 12h30 (heure tunisienne). Lors des s\u00e9ries qualificatives du 1500 m nage libre, disput\u00e9es samedi [&hellip;]<\/p>\n","protected":false},"author":3189,"featured_media":380880,"comment_status":"open","ping_status":"open","sticky":false,"template":"","format":"standard","meta":{"footnotes":""},"categories":[2593],"tags":[8151,3253,12336,3252,2608],"class_list":["post-380879","post","type-post","status-publish","format-standard","has-post-thumbnail","hentry","category-sport","tag-1500m","tag-ahmed-jaouadi","tag-mondiaux-de-natation","tag-natation","tag-tunisie"],"yoast_head":"<!-- This site is optimized with the Yoast SEO Premium plugin v27.4 (Yoast SEO v27.5) - https:\/\/yoast.com\/product\/yoast-seo-premium-wordpress\/ -->\n<title>Mondiaux de Natation : Ahmed Jaouadi en finale du 1500 m NL - webdo<\/title>\n<meta name=\"description\" content=\"Ahmed Jaouadi en finale du 1500 m\u00e8tres nage libre apr\u00e8s une performance impressionnante. D\u00e9couvrez son parcours aux Championnats du monde.\" \/>\n<link rel=\"canonical\" href=\"https:\/\/www.webdo.tn\/fr\/actualite\/sport\/mondiaux-de-natation-ahmed-jaouadi-en-finale-du-1500-m-nl\/380879\/\" \/>\n<meta property=\"og:locale\" content=\"fr_FR\" \/>\n<meta property=\"og:type\" content=\"article\" \/>\n<meta property=\"og:title\" content=\"Mondiaux de Natation : Ahmed Jaouadi en finale du 1500 m NL\" \/>\n<meta property=\"og:description\" content=\"Ahmed Jaouadi en finale du 1500 m\u00e8tres nage libre apr\u00e8s une performance impressionnante. D\u00e9couvrez son parcours aux Championnats du monde.\" \/>\n<meta property=\"og:url\" content=\"https:\/\/www.webdo.tn\/fr\/actualite\/sport\/mondiaux-de-natation-ahmed-jaouadi-en-finale-du-1500-m-nl\/380879\/\" \/>\n<meta property=\"og:site_name\" content=\"webdo\" \/>\n<meta property=\"article:publisher\" content=\"https:\/\/www.facebook.com\/webdotn\" \/>\n<meta property=\"article:author\" content=\"https:\/\/www.facebook.com\/youssef.rc.92\" \/>\n<meta property=\"article:published_time\" content=\"2025-08-02T07:23:50+00:00\" \/>\n<meta property=\"article:modified_time\" content=\"2025-08-18T08:01:19+00:00\" \/>\n<meta property=\"og:image\" content=\"https:\/\/www.webdo.tn\/fr\/wp-content\/uploads\/2025\/08\/Ahmed-Jaouadi.jpg\" \/>\n\t<meta property=\"og:image:width\" content=\"2400\" \/>\n\t<meta property=\"og:image:height\" content=\"1424\" \/>\n\t<meta property=\"og:image:type\" content=\"image\/jpeg\" \/>\n<meta name=\"author\" content=\"Maher Chaabane\" \/>\n<meta name=\"twitter:card\" content=\"summary_large_image\" \/>\n<meta name=\"twitter:creator\" content=\"@webdo_tn\" \/>\n<meta name=\"twitter:site\" content=\"@webdo_tn\" \/>\n<meta name=\"twitter:label1\" content=\"\u00c9crit par\" \/>\n\t<meta name=\"twitter:data1\" content=\"Maher Chaabane\" \/>\n\t<meta name=\"twitter:label2\" content=\"Dur\u00e9e de lecture estim\u00e9e\" \/>\n\t<meta name=\"twitter:data2\" content=\"2 minutes\" \/>\n<script type=\"application\/ld+json\" class=\"yoast-schema-graph\">{\"@context\":\"https:\\\/\\\/schema.org\",\"@graph\":[{\"@type\":\"NewsArticle\",\"@id\":\"https:\\\/\\\/www.webdo.tn\\\/fr\\\/actualite\\\/sport\\\/mondiaux-de-natation-ahmed-jaouadi-en-finale-du-1500-m-nl\\\/380879\\\/#article\",\"isPartOf\":{\"@id\":\"https:\\\/\\\/www.webdo.tn\\\/fr\\\/actualite\\\/sport\\\/mondiaux-de-natation-ahmed-jaouadi-en-finale-du-1500-m-nl\\\/380879\\\/\"},\"author\":{\"name\":\"Maher Chaabane\",\"@id\":\"https:\\\/\\\/www.webdo.tn\\\/fr\\\/#\\\/schema\\\/person\\\/57c261717927697fcf719ab1058a8003\"},\"headline\":\"Mondiaux de Natation : Ahmed Jaouadi en finale du 1500 m NL\",\"datePublished\":\"2025-08-02T07:23:50+00:00\",\"dateModified\":\"2025-08-18T08:01:19+00:00\",\"mainEntityOfPage\":{\"@id\":\"https:\\\/\\\/www.webdo.tn\\\/fr\\\/actualite\\\/sport\\\/mondiaux-de-natation-ahmed-jaouadi-en-finale-du-1500-m-nl\\\/380879\\\/\"},\"wordCount\":263,\"commentCount\":0,\"publisher\":{\"@id\":\"https:\\\/\\\/www.webdo.tn\\\/fr\\\/#organization\"},\"image\":{\"@id\":\"https:\\\/\\\/www.webdo.tn\\\/fr\\\/actualite\\\/sport\\\/mondiaux-de-natation-ahmed-jaouadi-en-finale-du-1500-m-nl\\\/380879\\\/#primaryimage\"},\"thumbnailUrl\":\"https:\\\/\\\/www.webdo.tn\\\/fr\\\/wp-content\\\/uploads\\\/2025\\\/08\\\/Ahmed-Jaouadi.jpg\",\"keywords\":[\"1500m\",\"Ahmed Jaouadi\",\"mondiaux de natation\",\"natation\",\"Tunisie\"],\"articleSection\":[\"Sport\"],\"inLanguage\":\"fr-FR\"},{\"@type\":\"WebPage\",\"@id\":\"https:\\\/\\\/www.webdo.tn\\\/fr\\\/actualite\\\/sport\\\/mondiaux-de-natation-ahmed-jaouadi-en-finale-du-1500-m-nl\\\/380879\\\/\",\"url\":\"https:\\\/\\\/www.webdo.tn\\\/fr\\\/actualite\\\/sport\\\/mondiaux-de-natation-ahmed-jaouadi-en-finale-du-1500-m-nl\\\/380879\\\/\",\"name\":\"Mondiaux de Natation : Ahmed Jaouadi en finale du 1500 m NL - webdo\",\"isPartOf\":{\"@id\":\"https:\\\/\\\/www.webdo.tn\\\/fr\\\/#website\"},\"primaryImageOfPage\":{\"@id\":\"https:\\\/\\\/www.webdo.tn\\\/fr\\\/actualite\\\/sport\\\/mondiaux-de-natation-ahmed-jaouadi-en-finale-du-1500-m-nl\\\/380879\\\/#primaryimage\"},\"image\":{\"@id\":\"https:\\\/\\\/www.webdo.tn\\\/fr\\\/actualite\\\/sport\\\/mondiaux-de-natation-ahmed-jaouadi-en-finale-du-1500-m-nl\\\/380879\\\/#primaryimage\"},\"thumbnailUrl\":\"https:\\\/\\\/www.webdo.tn\\\/fr\\\/wp-content\\\/uploads\\\/2025\\\/08\\\/Ahmed-Jaouadi.jpg\",\"datePublished\":\"2025-08-02T07:23:50+00:00\",\"dateModified\":\"2025-08-18T08:01:19+00:00\",\"description\":\"Ahmed Jaouadi en finale du 1500 m\u00e8tres nage libre apr\u00e8s une performance impressionnante. D\u00e9couvrez son parcours aux Championnats du monde.\",\"breadcrumb\":{\"@id\":\"https:\\\/\\\/www.webdo.tn\\\/fr\\\/actualite\\\/sport\\\/mondiaux-de-natation-ahmed-jaouadi-en-finale-du-1500-m-nl\\\/380879\\\/#breadcrumb\"},\"inLanguage\":\"fr-FR\",\"potentialAction\":[{\"@type\":\"ReadAction\",\"target\":[\"https:\\\/\\\/www.webdo.tn\\\/fr\\\/actualite\\\/sport\\\/mondiaux-de-natation-ahmed-jaouadi-en-finale-du-1500-m-nl\\\/380879\\\/\"]}]},{\"@type\":\"ImageObject\",\"inLanguage\":\"fr-FR\",\"@id\":\"https:\\\/\\\/www.webdo.tn\\\/fr\\\/actualite\\\/sport\\\/mondiaux-de-natation-ahmed-jaouadi-en-finale-du-1500-m-nl\\\/380879\\\/#primaryimage\",\"url\":\"https:\\\/\\\/www.webdo.tn\\\/fr\\\/wp-content\\\/uploads\\\/2025\\\/08\\\/Ahmed-Jaouadi.jpg\",\"contentUrl\":\"https:\\\/\\\/www.webdo.tn\\\/fr\\\/wp-content\\\/uploads\\\/2025\\\/08\\\/Ahmed-Jaouadi.jpg\",\"width\":2400,\"height\":1424,\"caption\":\"US Open 2025 : Ahmed Jaouadi d\u00e9clare forfait au 1500 m\"},{\"@type\":\"BreadcrumbList\",\"@id\":\"https:\\\/\\\/www.webdo.tn\\\/fr\\\/actualite\\\/sport\\\/mondiaux-de-natation-ahmed-jaouadi-en-finale-du-1500-m-nl\\\/380879\\\/#breadcrumb\",\"itemListElement\":[{\"@type\":\"ListItem\",\"position\":1,\"name\":\"Accueil\",\"item\":\"https:\\\/\\\/www.webdo.tn\\\/fr\\\/\"},{\"@type\":\"ListItem\",\"position\":2,\"name\":\"Mondiaux de Natation : Ahmed Jaouadi en finale du 1500 m NL\"}]},{\"@type\":\"WebSite\",\"@id\":\"https:\\\/\\\/www.webdo.tn\\\/fr\\\/#website\",\"url\":\"https:\\\/\\\/www.webdo.tn\\\/fr\\\/\",\"name\":\"webdo\",\"description\":\"Tunisie - News en Tunisie et \u00e0 l&#039;international sur Webdo.tn\",\"publisher\":{\"@id\":\"https:\\\/\\\/www.webdo.tn\\\/fr\\\/#organization\"},\"potentialAction\":[{\"@type\":\"SearchAction\",\"target\":{\"@type\":\"EntryPoint\",\"urlTemplate\":\"https:\\\/\\\/www.webdo.tn\\\/fr\\\/?s={search_term_string}\"},\"query-input\":{\"@type\":\"PropertyValueSpecification\",\"valueRequired\":true,\"valueName\":\"search_term_string\"}}],\"inLanguage\":\"fr-FR\"},{\"@type\":\"Organization\",\"@id\":\"https:\\\/\\\/www.webdo.tn\\\/fr\\\/#organization\",\"name\":\"Webdo\",\"alternateName\":\"Webdo.tn\",\"url\":\"https:\\\/\\\/www.webdo.tn\\\/fr\\\/\",\"logo\":{\"@type\":\"ImageObject\",\"inLanguage\":\"fr-FR\",\"@id\":\"https:\\\/\\\/www.webdo.tn\\\/fr\\\/#\\\/schema\\\/logo\\\/image\\\/\",\"url\":\"https:\\\/\\\/www.webdo.tn\\\/fr\\\/wp-content\\\/uploads\\\/2025\\\/06\\\/Webdo-Tunisie_168377.jpg\",\"contentUrl\":\"https:\\\/\\\/www.webdo.tn\\\/fr\\\/wp-content\\\/uploads\\\/2025\\\/06\\\/Webdo-Tunisie_168377.jpg\",\"width\":301,\"height\":301,\"caption\":\"Webdo\"},\"image\":{\"@id\":\"https:\\\/\\\/www.webdo.tn\\\/fr\\\/#\\\/schema\\\/logo\\\/image\\\/\"},\"sameAs\":[\"https:\\\/\\\/www.facebook.com\\\/webdotn\",\"https:\\\/\\\/x.com\\\/webdo_tn\"],\"description\":\"Webdo est un m\u00e9dia num\u00e9rique tunisien fond\u00e9 en 2010, sp\u00e9cialis\u00e9 dans l\u2019actualit\u00e9 nationale et internationale, l\u2019\u00e9conomie, la soci\u00e9t\u00e9 et les analyses politiques. Le site s\u2019adresse \u00e0 un large public francophone et couvre l\u2019information tunisienne en temps r\u00e9el.\",\"email\":\"redac@webdo.tn\",\"legalName\":\"YNJ SARL\",\"foundingDate\":\"2010-09-06\",\"numberOfEmployees\":{\"@type\":\"QuantitativeValue\",\"minValue\":\"11\",\"maxValue\":\"50\"}},{\"@type\":\"Person\",\"@id\":\"https:\\\/\\\/www.webdo.tn\\\/fr\\\/#\\\/schema\\\/person\\\/57c261717927697fcf719ab1058a8003\",\"name\":\"Maher Chaabane\",\"image\":{\"@type\":\"ImageObject\",\"inLanguage\":\"fr-FR\",\"@id\":\"https:\\\/\\\/www.webdo.tn\\\/fr\\\/wp-content\\\/uploads\\\/2026\\\/04\\\/maher-chaabane_avatar_2-96x96.jpg\",\"url\":\"https:\\\/\\\/www.webdo.tn\\\/fr\\\/wp-content\\\/uploads\\\/2026\\\/04\\\/maher-chaabane_avatar_2-96x96.jpg\",\"contentUrl\":\"https:\\\/\\\/www.webdo.tn\\\/fr\\\/wp-content\\\/uploads\\\/2026\\\/04\\\/maher-chaabane_avatar_2-96x96.jpg\",\"caption\":\"Maher Chaabane\"},\"description\":\"Maher Chaabane est journaliste et r\u00e9dacteur en chef de Webdo.tn depuis 2012. Il d\u00e9bute sa carri\u00e8re au sein du groupe Tunis Hebdo en 2000, o\u00f9 il couvre pendant plusieurs ann\u00e9es l\u2019actualit\u00e9 sportive et internationale, avant d\u2019occuper les fonctions de r\u00e9dacteur en chef adjoint. Fort de plus de deux d\u00e9cennies d\u2019exp\u00e9rience dans le journalisme, il supervise aujourd\u2019hui la production \u00e9ditoriale de Webdo et contribue activement \u00e0 la ligne du m\u00e9dia, en particulier sur les sujets d\u2019actualit\u00e9 nationale et internationale. https:\\\/\\\/www.facebook.com\\\/youssef.rc.92\",\"sameAs\":[\"https:\\\/\\\/www.facebook.com\\\/youssef.rc.92\"],\"knowsAbout\":[\"journalisme\",\"actualit\u00e9 internationale\",\"sport\",\"r\u00e9daction\",\"m\u00e9dias\",\"information\"],\"knowsLanguage\":[\"Fran\u00e7ais\",\"Arabe\"],\"jobTitle\":\"R\u00e9dacteur en chef\",\"worksFor\":\"Webdo.tn\",\"url\":\"https:\\\/\\\/www.webdo.tn\\\/fr\\\/actualite\\\/author\\\/maher-chaabane\\\/\"}]}<\/script>\n<!-- \/ Yoast SEO Premium plugin. -->","yoast_head_json":{"title":"Mondiaux de Natation : Ahmed Jaouadi en finale du 1500 m NL - webdo","description":"Ahmed Jaouadi en finale du 1500 m\u00e8tres nage libre apr\u00e8s une performance impressionnante. D\u00e9couvrez son parcours aux Championnats du monde.","canonical":"https:\/\/www.webdo.tn\/fr\/actualite\/sport\/mondiaux-de-natation-ahmed-jaouadi-en-finale-du-1500-m-nl\/380879\/","og_locale":"fr_FR","og_type":"article","og_title":"Mondiaux de Natation : Ahmed Jaouadi en finale du 1500 m NL","og_description":"Ahmed Jaouadi en finale du 1500 m\u00e8tres nage libre apr\u00e8s une performance impressionnante. D\u00e9couvrez son parcours aux Championnats du monde.","og_url":"https:\/\/www.webdo.tn\/fr\/actualite\/sport\/mondiaux-de-natation-ahmed-jaouadi-en-finale-du-1500-m-nl\/380879\/","og_site_name":"webdo","article_publisher":"https:\/\/www.facebook.com\/webdotn","article_author":"https:\/\/www.facebook.com\/youssef.rc.92","article_published_time":"2025-08-02T07:23:50+00:00","article_modified_time":"2025-08-18T08:01:19+00:00","og_image":[{"width":2400,"height":1424,"url":"https:\/\/www.webdo.tn\/fr\/wp-content\/uploads\/2025\/08\/Ahmed-Jaouadi.jpg","type":"image\/jpeg"}],"author":"Maher Chaabane","twitter_card":"summary_large_image","twitter_creator":"@webdo_tn","twitter_site":"@webdo_tn","twitter_misc":{"\u00c9crit par":"Maher Chaabane","Dur\u00e9e de lecture estim\u00e9e":"2 minutes"},"schema":{"@context":"https:\/\/schema.org","@graph":[{"@type":"NewsArticle","@id":"https:\/\/www.webdo.tn\/fr\/actualite\/sport\/mondiaux-de-natation-ahmed-jaouadi-en-finale-du-1500-m-nl\/380879\/#article","isPartOf":{"@id":"https:\/\/www.webdo.tn\/fr\/actualite\/sport\/mondiaux-de-natation-ahmed-jaouadi-en-finale-du-1500-m-nl\/380879\/"},"author":{"name":"Maher Chaabane","@id":"https:\/\/www.webdo.tn\/fr\/#\/schema\/person\/57c261717927697fcf719ab1058a8003"},"headline":"Mondiaux de Natation : Ahmed Jaouadi en finale du 1500 m NL","datePublished":"2025-08-02T07:23:50+00:00","dateModified":"2025-08-18T08:01:19+00:00","mainEntityOfPage":{"@id":"https:\/\/www.webdo.tn\/fr\/actualite\/sport\/mondiaux-de-natation-ahmed-jaouadi-en-finale-du-1500-m-nl\/380879\/"},"wordCount":263,"commentCount":0,"publisher":{"@id":"https:\/\/www.webdo.tn\/fr\/#organization"},"image":{"@id":"https:\/\/www.webdo.tn\/fr\/actualite\/sport\/mondiaux-de-natation-ahmed-jaouadi-en-finale-du-1500-m-nl\/380879\/#primaryimage"},"thumbnailUrl":"https:\/\/www.webdo.tn\/fr\/wp-content\/uploads\/2025\/08\/Ahmed-Jaouadi.jpg","keywords":["1500m","Ahmed Jaouadi","mondiaux de natation","natation","Tunisie"],"articleSection":["Sport"],"inLanguage":"fr-FR"},{"@type":"WebPage","@id":"https:\/\/www.webdo.tn\/fr\/actualite\/sport\/mondiaux-de-natation-ahmed-jaouadi-en-finale-du-1500-m-nl\/380879\/","url":"https:\/\/www.webdo.tn\/fr\/actualite\/sport\/mondiaux-de-natation-ahmed-jaouadi-en-finale-du-1500-m-nl\/380879\/","name":"Mondiaux de Natation : Ahmed Jaouadi en finale du 1500 m NL - webdo","isPartOf":{"@id":"https:\/\/www.webdo.tn\/fr\/#website"},"primaryImageOfPage":{"@id":"https:\/\/www.webdo.tn\/fr\/actualite\/sport\/mondiaux-de-natation-ahmed-jaouadi-en-finale-du-1500-m-nl\/380879\/#primaryimage"},"image":{"@id":"https:\/\/www.webdo.tn\/fr\/actualite\/sport\/mondiaux-de-natation-ahmed-jaouadi-en-finale-du-1500-m-nl\/380879\/#primaryimage"},"thumbnailUrl":"https:\/\/www.webdo.tn\/fr\/wp-content\/uploads\/2025\/08\/Ahmed-Jaouadi.jpg","datePublished":"2025-08-02T07:23:50+00:00","dateModified":"2025-08-18T08:01:19+00:00","description":"Ahmed Jaouadi en finale du 1500 m\u00e8tres nage libre apr\u00e8s une performance impressionnante. D\u00e9couvrez son parcours aux Championnats du monde.","breadcrumb":{"@id":"https:\/\/www.webdo.tn\/fr\/actualite\/sport\/mondiaux-de-natation-ahmed-jaouadi-en-finale-du-1500-m-nl\/380879\/#breadcrumb"},"inLanguage":"fr-FR","potentialAction":[{"@type":"ReadAction","target":["https:\/\/www.webdo.tn\/fr\/actualite\/sport\/mondiaux-de-natation-ahmed-jaouadi-en-finale-du-1500-m-nl\/380879\/"]}]},{"@type":"ImageObject","inLanguage":"fr-FR","@id":"https:\/\/www.webdo.tn\/fr\/actualite\/sport\/mondiaux-de-natation-ahmed-jaouadi-en-finale-du-1500-m-nl\/380879\/#primaryimage","url":"https:\/\/www.webdo.tn\/fr\/wp-content\/uploads\/2025\/08\/Ahmed-Jaouadi.jpg","contentUrl":"https:\/\/www.webdo.tn\/fr\/wp-content\/uploads\/2025\/08\/Ahmed-Jaouadi.jpg","width":2400,"height":1424,"caption":"US Open 2025 : Ahmed Jaouadi d\u00e9clare forfait au 1500 m"},{"@type":"BreadcrumbList","@id":"https:\/\/www.webdo.tn\/fr\/actualite\/sport\/mondiaux-de-natation-ahmed-jaouadi-en-finale-du-1500-m-nl\/380879\/#breadcrumb","itemListElement":[{"@type":"ListItem","position":1,"name":"Accueil","item":"https:\/\/www.webdo.tn\/fr\/"},{"@type":"ListItem","position":2,"name":"Mondiaux de Natation : Ahmed Jaouadi en finale du 1500 m NL"}]},{"@type":"WebSite","@id":"https:\/\/www.webdo.tn\/fr\/#website","url":"https:\/\/www.webdo.tn\/fr\/","name":"webdo","description":"Tunisie - News en Tunisie et \u00e0 l&#039;international sur Webdo.tn","publisher":{"@id":"https:\/\/www.webdo.tn\/fr\/#organization"},"potentialAction":[{"@type":"SearchAction","target":{"@type":"EntryPoint","urlTemplate":"https:\/\/www.webdo.tn\/fr\/?s={search_term_string}"},"query-input":{"@type":"PropertyValueSpecification","valueRequired":true,"valueName":"search_term_string"}}],"inLanguage":"fr-FR"},{"@type":"Organization","@id":"https:\/\/www.webdo.tn\/fr\/#organization","name":"Webdo","alternateName":"Webdo.tn","url":"https:\/\/www.webdo.tn\/fr\/","logo":{"@type":"ImageObject","inLanguage":"fr-FR","@id":"https:\/\/www.webdo.tn\/fr\/#\/schema\/logo\/image\/","url":"https:\/\/www.webdo.tn\/fr\/wp-content\/uploads\/2025\/06\/Webdo-Tunisie_168377.jpg","contentUrl":"https:\/\/www.webdo.tn\/fr\/wp-content\/uploads\/2025\/06\/Webdo-Tunisie_168377.jpg","width":301,"height":301,"caption":"Webdo"},"image":{"@id":"https:\/\/www.webdo.tn\/fr\/#\/schema\/logo\/image\/"},"sameAs":["https:\/\/www.facebook.com\/webdotn","https:\/\/x.com\/webdo_tn"],"description":"Webdo est un m\u00e9dia num\u00e9rique tunisien fond\u00e9 en 2010, sp\u00e9cialis\u00e9 dans l\u2019actualit\u00e9 nationale et internationale, l\u2019\u00e9conomie, la soci\u00e9t\u00e9 et les analyses politiques. Le site s\u2019adresse \u00e0 un large public francophone et couvre l\u2019information tunisienne en temps r\u00e9el.","email":"redac@webdo.tn","legalName":"YNJ SARL","foundingDate":"2010-09-06","numberOfEmployees":{"@type":"QuantitativeValue","minValue":"11","maxValue":"50"}},{"@type":"Person","@id":"https:\/\/www.webdo.tn\/fr\/#\/schema\/person\/57c261717927697fcf719ab1058a8003","name":"Maher Chaabane","image":{"@type":"ImageObject","inLanguage":"fr-FR","@id":"https:\/\/www.webdo.tn\/fr\/wp-content\/uploads\/2026\/04\/maher-chaabane_avatar_2-96x96.jpg","url":"https:\/\/www.webdo.tn\/fr\/wp-content\/uploads\/2026\/04\/maher-chaabane_avatar_2-96x96.jpg","contentUrl":"https:\/\/www.webdo.tn\/fr\/wp-content\/uploads\/2026\/04\/maher-chaabane_avatar_2-96x96.jpg","caption":"Maher Chaabane"},"description":"Maher Chaabane est journaliste et r\u00e9dacteur en chef de Webdo.tn depuis 2012. Il d\u00e9bute sa carri\u00e8re au sein du groupe Tunis Hebdo en 2000, o\u00f9 il couvre pendant plusieurs ann\u00e9es l\u2019actualit\u00e9 sportive et internationale, avant d\u2019occuper les fonctions de r\u00e9dacteur en chef adjoint. Fort de plus de deux d\u00e9cennies d\u2019exp\u00e9rience dans le journalisme, il supervise aujourd\u2019hui la production \u00e9ditoriale de Webdo et contribue activement \u00e0 la ligne du m\u00e9dia, en particulier sur les sujets d\u2019actualit\u00e9 nationale et internationale. https:\/\/www.facebook.com\/youssef.rc.92","sameAs":["https:\/\/www.facebook.com\/youssef.rc.92"],"knowsAbout":["journalisme","actualit\u00e9 internationale","sport","r\u00e9daction","m\u00e9dias","information"],"knowsLanguage":["Fran\u00e7ais","Arabe"],"jobTitle":"R\u00e9dacteur en chef","worksFor":"Webdo.tn","url":"https:\/\/www.webdo.tn\/fr\/actualite\/author\/maher-chaabane\/"}]}},"_links":{"self":[{"href":"https:\/\/www.webdo.tn\/fr\/wp-json\/wp\/v2\/posts\/380879","targetHints":{"allow":["GET"]}}],"collection":[{"href":"https:\/\/www.webdo.tn\/fr\/wp-json\/wp\/v2\/posts"}],"about":[{"href":"https:\/\/www.webdo.tn\/fr\/wp-json\/wp\/v2\/types\/post"}],"author":[{"embeddable":true,"href":"https:\/\/www.webdo.tn\/fr\/wp-json\/wp\/v2\/users\/3189"}],"replies":[{"embeddable":true,"href":"https:\/\/www.webdo.tn\/fr\/wp-json\/wp\/v2\/comments?post=380879"}],"version-history":[{"count":0,"href":"https:\/\/www.webdo.tn\/fr\/wp-json\/wp\/v2\/posts\/380879\/revisions"}],"wp:featuredmedia":[{"embeddable":true,"href":"https:\/\/www.webdo.tn\/fr\/wp-json\/wp\/v2\/media\/380880"}],"wp:attachment":[{"href":"https:\/\/www.webdo.tn\/fr\/wp-json\/wp\/v2\/media?parent=380879"}],"wp:term":[{"taxonomy":"category","embeddable":true,"href":"https:\/\/www.webdo.tn\/fr\/wp-json\/wp\/v2\/categories?post=380879"},{"taxonomy":"post_tag","embeddable":true,"href":"https:\/\/www.webdo.tn\/fr\/wp-json\/wp\/v2\/tags?post=380879"}],"curies":[{"name":"wp","href":"https:\/\/api.w.org\/{rel}","templated":true}]}}