{"id":380841,"date":"2025-08-01T13:09:47","date_gmt":"2025-08-01T12:09:47","guid":{"rendered":"https:\/\/www.webdo.tn\/fr\/?p=380841"},"modified":"2025-08-01T14:19:40","modified_gmt":"2025-08-01T13:19:40","slug":"tunisie-orages-et-pluies-diluviennes-attendus-sur-plusieurs-regions-ce-vendredi","status":"publish","type":"post","link":"https:\/\/www.webdo.tn\/fr\/actualite\/national\/tunisie-orages-et-pluies-diluviennes-attendus-sur-plusieurs-regions-ce-vendredi\/380841\/","title":{"rendered":"Kef, Siliana, Kairouan : Alerte aux intemp\u00e9ries et risque de gr\u00eale ce soir"},"content":{"rendered":"\n<p><strong>Selon les derni\u00e8res pr\u00e9visions de l\u2019Institut National de la M\u00e9t\u00e9orologie (INM), des cellules orageuses se d\u00e9velopperont, ce vendredi apr\u00e8s-midi, sur les hauteurs du Nord-Ouest et du Centre du pays, donnant lieu \u00e0 des chutes de pluies.<\/strong><\/p>\n\n\n\n<p>Ces pr\u00e9cipitations toucheront progressivement les r\u00e9gions de l\u2019Est, avant de s\u2019\u00e9tendre localement \u00e0 l\u2019extr\u00eame Sud-Ouest durant la nuit. Elles seront parfois tr\u00e8s abondantes, notamment dans <strong>les gouvernorats du Kef, de Siliana et de Kairouan<\/strong>, o\u00f9 des <strong>chutes de gr\u00eale<\/strong> sont \u00e9galement pr\u00e9vues par endroits.<\/p>\n\n\n\n<p><strong>Le vent soufflera violemment lors des orages<\/strong>, atteignant temporairement plus de 80 km\/h sous forme de rafales. Ces conditions pourraient engendrer des ph\u00e9nom\u00e8nes de sable et de poussi\u00e8re, particuli\u00e8rement dans le Sud-Ouest pendant la nuit.<\/p>\n\n\n\n<p><\/p>\n\n\n\n<iframe src=\"https:\/\/www.facebook.com\/plugins\/post.php?href=https%3A%2F%2Fwww.facebook.com%2FInstitut.National.Meteorologie%2Fposts%2Fpfbid02nUvMHkppy7hJbT7etvbjCFkDZGX79BZ4dp2Bs5oDnTj1gffNrCDb9tEoNbsQ9SiEl&#038;show_text=true&#038;width=500\" width=\"500\" height=\"498\" style=\"border:none;overflow:hidden\" scrolling=\"no\" frameborder=\"0\" allowfullscreen=\"true\" allow=\"autoplay; clipboard-write; encrypted-media; picture-in-picture; web-share\"><\/iframe>\n","protected":false},"excerpt":{"rendered":"<p>Selon les derni\u00e8res pr\u00e9visions de l\u2019Institut National de la M\u00e9t\u00e9orologie (INM), des cellules orageuses se d\u00e9velopperont, ce vendredi apr\u00e8s-midi, sur les hauteurs du Nord-Ouest et du Centre du pays, donnant lieu \u00e0 des chutes de pluies. Ces pr\u00e9cipitations toucheront progressivement les r\u00e9gions de l\u2019Est, avant de s\u2019\u00e9tendre localement \u00e0 l\u2019extr\u00eame Sud-Ouest durant la nuit. Elles [&hellip;]<\/p>\n","protected":false},"author":3191,"featured_media":366078,"comment_status":"open","ping_status":"open","sticky":false,"template":"","format":"standard","meta":{"footnotes":""},"categories":[44],"tags":[2670,2795,2671,2608],"class_list":["post-380841","post","type-post","status-publish","format-standard","has-post-thumbnail","hentry","category-national","tag-meteo","tag-orages","tag-pluie","tag-tunisie"],"yoast_head":"<!-- This site is optimized with the Yoast SEO Premium plugin v27.4 (Yoast SEO v27.5) - https:\/\/yoast.com\/product\/yoast-seo-premium-wordpress\/ -->\n<title>Kef, Siliana, Kairouan : Alerte aux intemp\u00e9ries et risque de gr\u00eale ce soir - webdo<\/title>\n<meta name=\"description\" content=\"Les pr\u00e9visions annoncent des orages violents et des pluies diluviennes, avec des chutes de gr\u00eale dans certaines r\u00e9gions.\" \/>\n<link rel=\"canonical\" href=\"https:\/\/www.webdo.tn\/fr\/actualite\/national\/tunisie-orages-et-pluies-diluviennes-attendus-sur-plusieurs-regions-ce-vendredi\/380841\/\" \/>\n<meta property=\"og:locale\" content=\"fr_FR\" \/>\n<meta property=\"og:type\" content=\"article\" \/>\n<meta property=\"og:title\" content=\"Kef, Siliana, Kairouan : Alerte aux intemp\u00e9ries et risque de gr\u00eale ce soir\" \/>\n<meta property=\"og:description\" content=\"Les pr\u00e9visions annoncent des orages violents et des pluies diluviennes, avec des chutes de gr\u00eale dans certaines r\u00e9gions.\" \/>\n<meta property=\"og:url\" content=\"https:\/\/www.webdo.tn\/fr\/actualite\/national\/tunisie-orages-et-pluies-diluviennes-attendus-sur-plusieurs-regions-ce-vendredi\/380841\/\" \/>\n<meta property=\"og:site_name\" content=\"webdo\" \/>\n<meta property=\"article:publisher\" content=\"https:\/\/www.facebook.com\/webdotn\" \/>\n<meta property=\"article:published_time\" content=\"2025-08-01T12:09:47+00:00\" \/>\n<meta property=\"article:modified_time\" content=\"2025-08-01T13:19:40+00:00\" \/>\n<meta property=\"og:image\" content=\"https:\/\/www.webdo.tn\/fr\/wp-content\/uploads\/2025\/05\/599bf6da09ad17c483f91d3f64429d7d.webp\" \/>\n\t<meta property=\"og:image:width\" content=\"750\" \/>\n\t<meta property=\"og:image:height\" content=\"400\" \/>\n\t<meta property=\"og:image:type\" content=\"image\/webp\" \/>\n<meta name=\"author\" content=\"Mohamed Hedi Touati\" \/>\n<meta name=\"twitter:card\" content=\"summary_large_image\" \/>\n<meta name=\"twitter:creator\" content=\"@webdo_tn\" \/>\n<meta name=\"twitter:site\" content=\"@webdo_tn\" \/>\n<meta name=\"twitter:label1\" content=\"\u00c9crit par\" \/>\n\t<meta name=\"twitter:data1\" content=\"Mohamed Hedi Touati\" \/>\n\t<meta name=\"twitter:label2\" content=\"Dur\u00e9e de lecture estim\u00e9e\" \/>\n\t<meta name=\"twitter:data2\" content=\"1 minute\" \/>\n<script type=\"application\/ld+json\" class=\"yoast-schema-graph\">{\"@context\":\"https:\\\/\\\/schema.org\",\"@graph\":[{\"@type\":\"NewsArticle\",\"@id\":\"https:\\\/\\\/www.webdo.tn\\\/fr\\\/actualite\\\/national\\\/tunisie-orages-et-pluies-diluviennes-attendus-sur-plusieurs-regions-ce-vendredi\\\/380841\\\/#article\",\"isPartOf\":{\"@id\":\"https:\\\/\\\/www.webdo.tn\\\/fr\\\/actualite\\\/national\\\/tunisie-orages-et-pluies-diluviennes-attendus-sur-plusieurs-regions-ce-vendredi\\\/380841\\\/\"},\"author\":{\"name\":\"Mohamed Hedi Touati\",\"@id\":\"https:\\\/\\\/www.webdo.tn\\\/fr\\\/#\\\/schema\\\/person\\\/c652cd8fc2b1b44412b5ffb48c5a911d\"},\"headline\":\"Kef, Siliana, Kairouan : Alerte aux intemp\u00e9ries et risque de gr\u00eale ce soir\",\"datePublished\":\"2025-08-01T12:09:47+00:00\",\"dateModified\":\"2025-08-01T13:19:40+00:00\",\"mainEntityOfPage\":{\"@id\":\"https:\\\/\\\/www.webdo.tn\\\/fr\\\/actualite\\\/national\\\/tunisie-orages-et-pluies-diluviennes-attendus-sur-plusieurs-regions-ce-vendredi\\\/380841\\\/\"},\"wordCount\":147,\"commentCount\":0,\"publisher\":{\"@id\":\"https:\\\/\\\/www.webdo.tn\\\/fr\\\/#organization\"},\"image\":{\"@id\":\"https:\\\/\\\/www.webdo.tn\\\/fr\\\/actualite\\\/national\\\/tunisie-orages-et-pluies-diluviennes-attendus-sur-plusieurs-regions-ce-vendredi\\\/380841\\\/#primaryimage\"},\"thumbnailUrl\":\"https:\\\/\\\/www.webdo.tn\\\/fr\\\/wp-content\\\/uploads\\\/2025\\\/05\\\/599bf6da09ad17c483f91d3f64429d7d-e1757492333242.webp\",\"keywords\":[\"m\u00e9t\u00e9o\",\"Orages\",\"Pluie\",\"Tunisie\"],\"articleSection\":[\"National\"],\"inLanguage\":\"fr-FR\"},{\"@type\":\"WebPage\",\"@id\":\"https:\\\/\\\/www.webdo.tn\\\/fr\\\/actualite\\\/national\\\/tunisie-orages-et-pluies-diluviennes-attendus-sur-plusieurs-regions-ce-vendredi\\\/380841\\\/\",\"url\":\"https:\\\/\\\/www.webdo.tn\\\/fr\\\/actualite\\\/national\\\/tunisie-orages-et-pluies-diluviennes-attendus-sur-plusieurs-regions-ce-vendredi\\\/380841\\\/\",\"name\":\"Kef, Siliana, Kairouan : Alerte aux intemp\u00e9ries et risque de gr\u00eale ce soir - webdo\",\"isPartOf\":{\"@id\":\"https:\\\/\\\/www.webdo.tn\\\/fr\\\/#website\"},\"primaryImageOfPage\":{\"@id\":\"https:\\\/\\\/www.webdo.tn\\\/fr\\\/actualite\\\/national\\\/tunisie-orages-et-pluies-diluviennes-attendus-sur-plusieurs-regions-ce-vendredi\\\/380841\\\/#primaryimage\"},\"image\":{\"@id\":\"https:\\\/\\\/www.webdo.tn\\\/fr\\\/actualite\\\/national\\\/tunisie-orages-et-pluies-diluviennes-attendus-sur-plusieurs-regions-ce-vendredi\\\/380841\\\/#primaryimage\"},\"thumbnailUrl\":\"https:\\\/\\\/www.webdo.tn\\\/fr\\\/wp-content\\\/uploads\\\/2025\\\/05\\\/599bf6da09ad17c483f91d3f64429d7d-e1757492333242.webp\",\"datePublished\":\"2025-08-01T12:09:47+00:00\",\"dateModified\":\"2025-08-01T13:19:40+00:00\",\"description\":\"Les pr\u00e9visions annoncent des orages violents et des pluies diluviennes, avec des chutes de gr\u00eale dans certaines r\u00e9gions.\",\"breadcrumb\":{\"@id\":\"https:\\\/\\\/www.webdo.tn\\\/fr\\\/actualite\\\/national\\\/tunisie-orages-et-pluies-diluviennes-attendus-sur-plusieurs-regions-ce-vendredi\\\/380841\\\/#breadcrumb\"},\"inLanguage\":\"fr-FR\",\"potentialAction\":[{\"@type\":\"ReadAction\",\"target\":[\"https:\\\/\\\/www.webdo.tn\\\/fr\\\/actualite\\\/national\\\/tunisie-orages-et-pluies-diluviennes-attendus-sur-plusieurs-regions-ce-vendredi\\\/380841\\\/\"]}]},{\"@type\":\"ImageObject\",\"inLanguage\":\"fr-FR\",\"@id\":\"https:\\\/\\\/www.webdo.tn\\\/fr\\\/actualite\\\/national\\\/tunisie-orages-et-pluies-diluviennes-attendus-sur-plusieurs-regions-ce-vendredi\\\/380841\\\/#primaryimage\",\"url\":\"https:\\\/\\\/www.webdo.tn\\\/fr\\\/wp-content\\\/uploads\\\/2025\\\/05\\\/599bf6da09ad17c483f91d3f64429d7d-e1757492333242.webp\",\"contentUrl\":\"https:\\\/\\\/www.webdo.tn\\\/fr\\\/wp-content\\\/uploads\\\/2025\\\/05\\\/599bf6da09ad17c483f91d3f64429d7d-e1757492333242.webp\",\"width\":563,\"height\":300,\"caption\":\"Tunisie - M\u00e9t\u00e9o : Orages au nord et temp\u00e9ratures entre 23 et 41\u00b0C\"},{\"@type\":\"BreadcrumbList\",\"@id\":\"https:\\\/\\\/www.webdo.tn\\\/fr\\\/actualite\\\/national\\\/tunisie-orages-et-pluies-diluviennes-attendus-sur-plusieurs-regions-ce-vendredi\\\/380841\\\/#breadcrumb\",\"itemListElement\":[{\"@type\":\"ListItem\",\"position\":1,\"name\":\"Accueil\",\"item\":\"https:\\\/\\\/www.webdo.tn\\\/fr\\\/\"},{\"@type\":\"ListItem\",\"position\":2,\"name\":\"Kef, Siliana, Kairouan : Alerte aux intemp\u00e9ries et risque de gr\u00eale ce soir\"}]},{\"@type\":\"WebSite\",\"@id\":\"https:\\\/\\\/www.webdo.tn\\\/fr\\\/#website\",\"url\":\"https:\\\/\\\/www.webdo.tn\\\/fr\\\/\",\"name\":\"webdo\",\"description\":\"Tunisie - News en Tunisie et \u00e0 l&#039;international sur Webdo.tn\",\"publisher\":{\"@id\":\"https:\\\/\\\/www.webdo.tn\\\/fr\\\/#organization\"},\"potentialAction\":[{\"@type\":\"SearchAction\",\"target\":{\"@type\":\"EntryPoint\",\"urlTemplate\":\"https:\\\/\\\/www.webdo.tn\\\/fr\\\/?s={search_term_string}\"},\"query-input\":{\"@type\":\"PropertyValueSpecification\",\"valueRequired\":true,\"valueName\":\"search_term_string\"}}],\"inLanguage\":\"fr-FR\"},{\"@type\":\"Organization\",\"@id\":\"https:\\\/\\\/www.webdo.tn\\\/fr\\\/#organization\",\"name\":\"Webdo\",\"alternateName\":\"Webdo.tn\",\"url\":\"https:\\\/\\\/www.webdo.tn\\\/fr\\\/\",\"logo\":{\"@type\":\"ImageObject\",\"inLanguage\":\"fr-FR\",\"@id\":\"https:\\\/\\\/www.webdo.tn\\\/fr\\\/#\\\/schema\\\/logo\\\/image\\\/\",\"url\":\"https:\\\/\\\/www.webdo.tn\\\/fr\\\/wp-content\\\/uploads\\\/2025\\\/06\\\/Webdo-Tunisie_168377.jpg\",\"contentUrl\":\"https:\\\/\\\/www.webdo.tn\\\/fr\\\/wp-content\\\/uploads\\\/2025\\\/06\\\/Webdo-Tunisie_168377.jpg\",\"width\":301,\"height\":301,\"caption\":\"Webdo\"},\"image\":{\"@id\":\"https:\\\/\\\/www.webdo.tn\\\/fr\\\/#\\\/schema\\\/logo\\\/image\\\/\"},\"sameAs\":[\"https:\\\/\\\/www.facebook.com\\\/webdotn\",\"https:\\\/\\\/x.com\\\/webdo_tn\"],\"description\":\"Webdo est un m\u00e9dia num\u00e9rique tunisien fond\u00e9 en 2010, sp\u00e9cialis\u00e9 dans l\u2019actualit\u00e9 nationale et internationale, l\u2019\u00e9conomie, la soci\u00e9t\u00e9 et les analyses politiques. Le site s\u2019adresse \u00e0 un large public francophone et couvre l\u2019information tunisienne en temps r\u00e9el.\",\"email\":\"redac@webdo.tn\",\"legalName\":\"YNJ SARL\",\"foundingDate\":\"2010-09-06\",\"numberOfEmployees\":{\"@type\":\"QuantitativeValue\",\"minValue\":\"11\",\"maxValue\":\"50\"}},{\"@type\":\"Person\",\"@id\":\"https:\\\/\\\/www.webdo.tn\\\/fr\\\/#\\\/schema\\\/person\\\/c652cd8fc2b1b44412b5ffb48c5a911d\",\"name\":\"Mohamed Hedi Touati\",\"image\":{\"@type\":\"ImageObject\",\"inLanguage\":\"fr-FR\",\"@id\":\"https:\\\/\\\/secure.gravatar.com\\\/avatar\\\/9cfd402c745b7a685f13eed0ea6e59d2144a3c2fc50a3db6fd5ed451f6cddf1a?s=96&d=mm&r=g\",\"url\":\"https:\\\/\\\/secure.gravatar.com\\\/avatar\\\/9cfd402c745b7a685f13eed0ea6e59d2144a3c2fc50a3db6fd5ed451f6cddf1a?s=96&d=mm&r=g\",\"contentUrl\":\"https:\\\/\\\/secure.gravatar.com\\\/avatar\\\/9cfd402c745b7a685f13eed0ea6e59d2144a3c2fc50a3db6fd5ed451f6cddf1a?s=96&d=mm&r=g\",\"caption\":\"Mohamed Hedi Touati\"},\"url\":\"https:\\\/\\\/www.webdo.tn\\\/fr\\\/actualite\\\/author\\\/mohamed-hedi-touati\\\/\"}]}<\/script>\n<!-- \/ Yoast SEO Premium plugin. -->","yoast_head_json":{"title":"Kef, Siliana, Kairouan : Alerte aux intemp\u00e9ries et risque de gr\u00eale ce soir - webdo","description":"Les pr\u00e9visions annoncent des orages violents et des pluies diluviennes, avec des chutes de gr\u00eale dans certaines r\u00e9gions.","canonical":"https:\/\/www.webdo.tn\/fr\/actualite\/national\/tunisie-orages-et-pluies-diluviennes-attendus-sur-plusieurs-regions-ce-vendredi\/380841\/","og_locale":"fr_FR","og_type":"article","og_title":"Kef, Siliana, Kairouan : Alerte aux intemp\u00e9ries et risque de gr\u00eale ce soir","og_description":"Les pr\u00e9visions annoncent des orages violents et des pluies diluviennes, avec des chutes de gr\u00eale dans certaines r\u00e9gions.","og_url":"https:\/\/www.webdo.tn\/fr\/actualite\/national\/tunisie-orages-et-pluies-diluviennes-attendus-sur-plusieurs-regions-ce-vendredi\/380841\/","og_site_name":"webdo","article_publisher":"https:\/\/www.facebook.com\/webdotn","article_published_time":"2025-08-01T12:09:47+00:00","article_modified_time":"2025-08-01T13:19:40+00:00","og_image":[{"width":750,"height":400,"url":"https:\/\/www.webdo.tn\/fr\/wp-content\/uploads\/2025\/05\/599bf6da09ad17c483f91d3f64429d7d.webp","type":"image\/webp"}],"author":"Mohamed Hedi Touati","twitter_card":"summary_large_image","twitter_creator":"@webdo_tn","twitter_site":"@webdo_tn","twitter_misc":{"\u00c9crit par":"Mohamed Hedi Touati","Dur\u00e9e de lecture estim\u00e9e":"1 minute"},"schema":{"@context":"https:\/\/schema.org","@graph":[{"@type":"NewsArticle","@id":"https:\/\/www.webdo.tn\/fr\/actualite\/national\/tunisie-orages-et-pluies-diluviennes-attendus-sur-plusieurs-regions-ce-vendredi\/380841\/#article","isPartOf":{"@id":"https:\/\/www.webdo.tn\/fr\/actualite\/national\/tunisie-orages-et-pluies-diluviennes-attendus-sur-plusieurs-regions-ce-vendredi\/380841\/"},"author":{"name":"Mohamed Hedi Touati","@id":"https:\/\/www.webdo.tn\/fr\/#\/schema\/person\/c652cd8fc2b1b44412b5ffb48c5a911d"},"headline":"Kef, Siliana, Kairouan : Alerte aux intemp\u00e9ries et risque de gr\u00eale ce soir","datePublished":"2025-08-01T12:09:47+00:00","dateModified":"2025-08-01T13:19:40+00:00","mainEntityOfPage":{"@id":"https:\/\/www.webdo.tn\/fr\/actualite\/national\/tunisie-orages-et-pluies-diluviennes-attendus-sur-plusieurs-regions-ce-vendredi\/380841\/"},"wordCount":147,"commentCount":0,"publisher":{"@id":"https:\/\/www.webdo.tn\/fr\/#organization"},"image":{"@id":"https:\/\/www.webdo.tn\/fr\/actualite\/national\/tunisie-orages-et-pluies-diluviennes-attendus-sur-plusieurs-regions-ce-vendredi\/380841\/#primaryimage"},"thumbnailUrl":"https:\/\/www.webdo.tn\/fr\/wp-content\/uploads\/2025\/05\/599bf6da09ad17c483f91d3f64429d7d-e1757492333242.webp","keywords":["m\u00e9t\u00e9o","Orages","Pluie","Tunisie"],"articleSection":["National"],"inLanguage":"fr-FR"},{"@type":"WebPage","@id":"https:\/\/www.webdo.tn\/fr\/actualite\/national\/tunisie-orages-et-pluies-diluviennes-attendus-sur-plusieurs-regions-ce-vendredi\/380841\/","url":"https:\/\/www.webdo.tn\/fr\/actualite\/national\/tunisie-orages-et-pluies-diluviennes-attendus-sur-plusieurs-regions-ce-vendredi\/380841\/","name":"Kef, Siliana, Kairouan : Alerte aux intemp\u00e9ries et risque de gr\u00eale ce soir - webdo","isPartOf":{"@id":"https:\/\/www.webdo.tn\/fr\/#website"},"primaryImageOfPage":{"@id":"https:\/\/www.webdo.tn\/fr\/actualite\/national\/tunisie-orages-et-pluies-diluviennes-attendus-sur-plusieurs-regions-ce-vendredi\/380841\/#primaryimage"},"image":{"@id":"https:\/\/www.webdo.tn\/fr\/actualite\/national\/tunisie-orages-et-pluies-diluviennes-attendus-sur-plusieurs-regions-ce-vendredi\/380841\/#primaryimage"},"thumbnailUrl":"https:\/\/www.webdo.tn\/fr\/wp-content\/uploads\/2025\/05\/599bf6da09ad17c483f91d3f64429d7d-e1757492333242.webp","datePublished":"2025-08-01T12:09:47+00:00","dateModified":"2025-08-01T13:19:40+00:00","description":"Les pr\u00e9visions annoncent des orages violents et des pluies diluviennes, avec des chutes de gr\u00eale dans certaines r\u00e9gions.","breadcrumb":{"@id":"https:\/\/www.webdo.tn\/fr\/actualite\/national\/tunisie-orages-et-pluies-diluviennes-attendus-sur-plusieurs-regions-ce-vendredi\/380841\/#breadcrumb"},"inLanguage":"fr-FR","potentialAction":[{"@type":"ReadAction","target":["https:\/\/www.webdo.tn\/fr\/actualite\/national\/tunisie-orages-et-pluies-diluviennes-attendus-sur-plusieurs-regions-ce-vendredi\/380841\/"]}]},{"@type":"ImageObject","inLanguage":"fr-FR","@id":"https:\/\/www.webdo.tn\/fr\/actualite\/national\/tunisie-orages-et-pluies-diluviennes-attendus-sur-plusieurs-regions-ce-vendredi\/380841\/#primaryimage","url":"https:\/\/www.webdo.tn\/fr\/wp-content\/uploads\/2025\/05\/599bf6da09ad17c483f91d3f64429d7d-e1757492333242.webp","contentUrl":"https:\/\/www.webdo.tn\/fr\/wp-content\/uploads\/2025\/05\/599bf6da09ad17c483f91d3f64429d7d-e1757492333242.webp","width":563,"height":300,"caption":"Tunisie - M\u00e9t\u00e9o : Orages au nord et temp\u00e9ratures entre 23 et 41\u00b0C"},{"@type":"BreadcrumbList","@id":"https:\/\/www.webdo.tn\/fr\/actualite\/national\/tunisie-orages-et-pluies-diluviennes-attendus-sur-plusieurs-regions-ce-vendredi\/380841\/#breadcrumb","itemListElement":[{"@type":"ListItem","position":1,"name":"Accueil","item":"https:\/\/www.webdo.tn\/fr\/"},{"@type":"ListItem","position":2,"name":"Kef, Siliana, Kairouan : Alerte aux intemp\u00e9ries et risque de gr\u00eale ce soir"}]},{"@type":"WebSite","@id":"https:\/\/www.webdo.tn\/fr\/#website","url":"https:\/\/www.webdo.tn\/fr\/","name":"webdo","description":"Tunisie - News en Tunisie et \u00e0 l&#039;international sur Webdo.tn","publisher":{"@id":"https:\/\/www.webdo.tn\/fr\/#organization"},"potentialAction":[{"@type":"SearchAction","target":{"@type":"EntryPoint","urlTemplate":"https:\/\/www.webdo.tn\/fr\/?s={search_term_string}"},"query-input":{"@type":"PropertyValueSpecification","valueRequired":true,"valueName":"search_term_string"}}],"inLanguage":"fr-FR"},{"@type":"Organization","@id":"https:\/\/www.webdo.tn\/fr\/#organization","name":"Webdo","alternateName":"Webdo.tn","url":"https:\/\/www.webdo.tn\/fr\/","logo":{"@type":"ImageObject","inLanguage":"fr-FR","@id":"https:\/\/www.webdo.tn\/fr\/#\/schema\/logo\/image\/","url":"https:\/\/www.webdo.tn\/fr\/wp-content\/uploads\/2025\/06\/Webdo-Tunisie_168377.jpg","contentUrl":"https:\/\/www.webdo.tn\/fr\/wp-content\/uploads\/2025\/06\/Webdo-Tunisie_168377.jpg","width":301,"height":301,"caption":"Webdo"},"image":{"@id":"https:\/\/www.webdo.tn\/fr\/#\/schema\/logo\/image\/"},"sameAs":["https:\/\/www.facebook.com\/webdotn","https:\/\/x.com\/webdo_tn"],"description":"Webdo est un m\u00e9dia num\u00e9rique tunisien fond\u00e9 en 2010, sp\u00e9cialis\u00e9 dans l\u2019actualit\u00e9 nationale et internationale, l\u2019\u00e9conomie, la soci\u00e9t\u00e9 et les analyses politiques. Le site s\u2019adresse \u00e0 un large public francophone et couvre l\u2019information tunisienne en temps r\u00e9el.","email":"redac@webdo.tn","legalName":"YNJ SARL","foundingDate":"2010-09-06","numberOfEmployees":{"@type":"QuantitativeValue","minValue":"11","maxValue":"50"}},{"@type":"Person","@id":"https:\/\/www.webdo.tn\/fr\/#\/schema\/person\/c652cd8fc2b1b44412b5ffb48c5a911d","name":"Mohamed Hedi Touati","image":{"@type":"ImageObject","inLanguage":"fr-FR","@id":"https:\/\/secure.gravatar.com\/avatar\/9cfd402c745b7a685f13eed0ea6e59d2144a3c2fc50a3db6fd5ed451f6cddf1a?s=96&d=mm&r=g","url":"https:\/\/secure.gravatar.com\/avatar\/9cfd402c745b7a685f13eed0ea6e59d2144a3c2fc50a3db6fd5ed451f6cddf1a?s=96&d=mm&r=g","contentUrl":"https:\/\/secure.gravatar.com\/avatar\/9cfd402c745b7a685f13eed0ea6e59d2144a3c2fc50a3db6fd5ed451f6cddf1a?s=96&d=mm&r=g","caption":"Mohamed Hedi Touati"},"url":"https:\/\/www.webdo.tn\/fr\/actualite\/author\/mohamed-hedi-touati\/"}]}},"_links":{"self":[{"href":"https:\/\/www.webdo.tn\/fr\/wp-json\/wp\/v2\/posts\/380841","targetHints":{"allow":["GET"]}}],"collection":[{"href":"https:\/\/www.webdo.tn\/fr\/wp-json\/wp\/v2\/posts"}],"about":[{"href":"https:\/\/www.webdo.tn\/fr\/wp-json\/wp\/v2\/types\/post"}],"author":[{"embeddable":true,"href":"https:\/\/www.webdo.tn\/fr\/wp-json\/wp\/v2\/users\/3191"}],"replies":[{"embeddable":true,"href":"https:\/\/www.webdo.tn\/fr\/wp-json\/wp\/v2\/comments?post=380841"}],"version-history":[{"count":0,"href":"https:\/\/www.webdo.tn\/fr\/wp-json\/wp\/v2\/posts\/380841\/revisions"}],"wp:featuredmedia":[{"embeddable":true,"href":"https:\/\/www.webdo.tn\/fr\/wp-json\/wp\/v2\/media\/366078"}],"wp:attachment":[{"href":"https:\/\/www.webdo.tn\/fr\/wp-json\/wp\/v2\/media?parent=380841"}],"wp:term":[{"taxonomy":"category","embeddable":true,"href":"https:\/\/www.webdo.tn\/fr\/wp-json\/wp\/v2\/categories?post=380841"},{"taxonomy":"post_tag","embeddable":true,"href":"https:\/\/www.webdo.tn\/fr\/wp-json\/wp\/v2\/tags?post=380841"}],"curies":[{"name":"wp","href":"https:\/\/api.w.org\/{rel}","templated":true}]}}