{"id":380818,"date":"2025-08-01T12:07:29","date_gmt":"2025-08-01T11:07:29","guid":{"rendered":"https:\/\/www.webdo.tn\/fr\/?p=380818"},"modified":"2025-08-01T12:10:15","modified_gmt":"2025-08-01T11:10:15","slug":"karim-kilani-lesprit-genereux-dun-batisseur-discret","status":"publish","type":"post","link":"https:\/\/www.webdo.tn\/fr\/actualite\/divers\/karim-kilani-lesprit-genereux-dun-batisseur-discret\/380818\/","title":{"rendered":"\u00c0 la m\u00e9moire de Karim Kilani : un homme de c\u0153ur et de vision"},"content":{"rendered":"\n<p>N\u00e9 \u00e0 Carthage le 1er ao\u00fbt 1964, Karim Kilani s\u2019est \u00e9teint le 16 avril 2019, \u00e0 l\u2019\u00e2ge de 54 ans. Homme d&rsquo;affaires respect\u00e9, passionn\u00e9 de musique, de mer, et de savoir, il laisse derri\u00e8re lui le souvenir d\u2019un homme profond\u00e9ment humain, chaleureux, et d\u2019une rare g\u00e9n\u00e9rosit\u00e9. \u00c0 l\u2019approche de ce qui aurait \u00e9t\u00e9 son 61e anniversaire, ses proches, ses collaborateurs et ses amis se souviennent d\u2019un b\u00e2tisseur discret, dont l\u2019empreinte demeure dans les c\u0153urs autant que dans les structures qu\u2019il a aid\u00e9 \u00e0 d\u00e9velopper.<\/p>\n\n\n\n<p>Issu d\u2019une famille d\u2019entrepreneurs, Karim Kilani a jou\u00e9 un r\u00f4le central dans la transformation du groupe familial. Gr\u00e2ce \u00e0 sa vision \u00e0 long terme et \u00e0 ses qualit\u00e9s de strat\u00e8ge, il a su faire \u00e9voluer une soci\u00e9t\u00e9 de gros sp\u00e9cialis\u00e9e en quincaillerie en un v\u00e9ritable groupe structur\u00e9, r\u00e9unissant plusieurs entreprises actives dans des secteurs compl\u00e9mentaires tels que le chauffage, l\u2019\u00e9lectrom\u00e9nager, les sanitaires ou encore la logistique. Il a su anticiper les mutations du march\u00e9, impulser des orientations nouvelles, et f\u00e9d\u00e9rer des entit\u00e9s juridiquement distinctes autour d\u2019une strat\u00e9gie commune, assurant ainsi une croissance coh\u00e9rente et durable.<\/p>\n\n\n\n<p>Form\u00e9 en \u00e9conomie, Karim Kilani avait choisi une sp\u00e9cialisation en \u00e9conom\u00e9trie qu\u2019il avait poursuivie \u00e0 Rabat, au Maroc. Mais son int\u00e9r\u00eat ne s\u2019arr\u00eatait pas au monde de l\u2019entreprise ou de la th\u00e9orie \u00e9conomique. Grand lecteur, il poss\u00e9dait une impressionnante biblioth\u00e8que, nourrie au fil des ans par sa passion pour l\u2019Histoire et plus particuli\u00e8rement l\u2019histoire des religions, avec une fascination marqu\u00e9e pour les trois monoth\u00e9ismes. Ses lectures n\u2019\u00e9taient pas de simples passe-temps : elles traduisaient une qu\u00eate de compr\u00e9hension, une ouverture d\u2019esprit, et un profond respect pour la diversit\u00e9 des cultures et des croyances.<\/p>\n\n\n\n<p>Cet humanisme se traduisait aussi dans sa mani\u00e8re d\u2019\u00eatre. Tr\u00e8s sociable, bon vivant, profond\u00e9ment g\u00e9n\u00e9reux, Karim Kilani \u00e9tait reconnu pour sa disponibilit\u00e9 envers les autres, son \u00e9coute, et sa tendance spontan\u00e9e \u00e0 soutenir des personnes ou des associations caritatives, toujours dans la discr\u00e9tion. Son pr\u00e9nom, qui signifie \u00ab\u00a0g\u00e9n\u00e9reux\u00a0\u00bb, semblait lui aller \u00e0 merveille, tant il incarnait cette qualit\u00e9 dans tous les aspects de sa vie.<\/p>\n\n\n\n<p>Musicien dans l\u2019\u00e2me, il \u00e9tait aussi passionn\u00e9 de sons et de rythmes. DJ amateur, il a anim\u00e9 de nombreuses soir\u00e9es dans les clubs tunisiens, notamment au Calypso \u00e0 Hammamet, o\u00f9 il partageait sa passion avec talent et enthousiasme. Ses sets \u00e9taient connus pour leur \u00e9clectisme, leur \u00e9nergie communicative, et son habilet\u00e9 \u00e0 faire danser les foules, toujours avec le sourire.<\/p>\n\n\n\n<p>Parall\u00e8lement \u00e0 ses activit\u00e9s professionnelles, Karim Kilani a \u00e9galement pr\u00e9sid\u00e9 le Sporting Club de Ben Arous, contribuant au rayonnement de cette structure locale. Il ne pratiquait pas lui-m\u00eame de sport, mais il croyait fermement \u00e0 l\u2019importance du tissu associatif et au r\u00f4le f\u00e9d\u00e9rateur des clubs sportifs dans la soci\u00e9t\u00e9. Son implication dans ce club, comme dans tout ce qu\u2019il entreprenait, \u00e9tait motiv\u00e9e par le d\u00e9sir de soutenir, d\u2019encourager, et de construire.<\/p>\n\n\n\n<p>Il \u00e9tait aussi membre fondateur du CJD Tunisie (Centre des Jeunes Dirigeants), \u00e0 travers lequel il a encourag\u00e9 une nouvelle g\u00e9n\u00e9ration de chefs d\u2019entreprise \u00e0 allier performance \u00e9conomique et responsabilit\u00e9 sociale. Ses id\u00e9es sur l\u2019entreprise \u00e9taient r\u00e9solument modernes, alliant rigueur, cr\u00e9ativit\u00e9 et respect des autres.<\/p>\n\n\n\n<p>La mer occupait aussi une place \u00e0 part dans sa vie. Il aimait y retrouver le silence, l\u2019horizon, la beaut\u00e9 brute. Il partait souvent \u00e0 la p\u00eache, passion qu\u2019il vivait avec la m\u00eame intensit\u00e9 que ses lectures ou la musique. Il a d\u2019ailleurs \u00e9t\u00e9 inhum\u00e9 au cimeti\u00e8re marin de Sidi Bou Said, surplombant les flots bleus qu\u2019il ch\u00e9rissait tant.<\/p>\n\n\n\n<p>\u00c0 six ans de sa disparition, le souvenir de Karim Kilani reste vivace. Non seulement dans les entreprises qu\u2019il a b\u00e2ties ou accompagn\u00e9es, mais aussi dans les esprits de ceux qu\u2019il a soutenus, encourag\u00e9s, fait rire ou aid\u00e9s \u00e0 r\u00eaver. Dans les pages de ses livres, les disques qu\u2019il mixait, les associations qu\u2019il soutenait ou les projets qu\u2019il lan\u00e7ait, il a sem\u00e9 les traces d\u2019une vie intense, g\u00e9n\u00e9reuse, et profond\u00e9ment humaine.<\/p>\n","protected":false},"excerpt":{"rendered":"<p>N\u00e9 \u00e0 Carthage le 1er ao\u00fbt 1964, Karim Kilani s\u2019est \u00e9teint le 16 avril 2019, \u00e0 l\u2019\u00e2ge de 54 ans. Homme d&rsquo;affaires respect\u00e9, passionn\u00e9 de musique, de mer, et de savoir, il laisse derri\u00e8re lui le souvenir d\u2019un homme profond\u00e9ment humain, chaleureux, et d\u2019une rare g\u00e9n\u00e9rosit\u00e9. \u00c0 l\u2019approche de ce qui aurait \u00e9t\u00e9 son 61e [&hellip;]<\/p>\n","protected":false},"author":3164,"featured_media":380823,"comment_status":"open","ping_status":"open","sticky":false,"template":"","format":"standard","meta":{"footnotes":""},"categories":[2839],"tags":[3106,2683,12361],"class_list":["post-380818","post","type-post","status-publish","format-standard","has-post-thumbnail","hentry","category-divers","tag-hommage","tag-homme-daffaires","tag-karim-kilani"],"yoast_head":"<!-- This site is optimized with the Yoast SEO Premium plugin v27.5 (Yoast SEO v27.5) - https:\/\/yoast.com\/product\/yoast-seo-premium-wordpress\/ -->\n<title>\u00c0 la m\u00e9moire de Karim Kilani : un homme de c\u0153ur et de vision - webdo<\/title>\n<meta name=\"description\" content=\"Hommage \u00e0 Karim Kilani, entrepreneur visionnaire et homme g\u00e9n\u00e9reux, dont la m\u00e9moire reste vivante \u00e0 travers ses actions, ses valeurs et ses passions.\" \/>\n<link rel=\"canonical\" href=\"https:\/\/www.webdo.tn\/fr\/actualite\/divers\/karim-kilani-lesprit-genereux-dun-batisseur-discret\/380818\/\" \/>\n<meta property=\"og:locale\" content=\"fr_FR\" \/>\n<meta property=\"og:type\" content=\"article\" \/>\n<meta property=\"og:title\" content=\"\u00c0 la m\u00e9moire de Karim Kilani : un homme de c\u0153ur et de vision\" \/>\n<meta property=\"og:description\" content=\"Hommage \u00e0 Karim Kilani, entrepreneur visionnaire et homme g\u00e9n\u00e9reux, dont la m\u00e9moire reste vivante \u00e0 travers ses actions, ses valeurs et ses passions.\" \/>\n<meta property=\"og:url\" content=\"https:\/\/www.webdo.tn\/fr\/actualite\/divers\/karim-kilani-lesprit-genereux-dun-batisseur-discret\/380818\/\" \/>\n<meta property=\"og:site_name\" content=\"webdo\" \/>\n<meta property=\"article:publisher\" content=\"https:\/\/www.facebook.com\/webdotn\" \/>\n<meta property=\"article:author\" content=\"https:\/\/www.facebook.com\/massir.destiniii\/\" \/>\n<meta property=\"article:published_time\" content=\"2025-08-01T11:07:29+00:00\" \/>\n<meta property=\"article:modified_time\" content=\"2025-08-01T11:10:15+00:00\" \/>\n<meta property=\"og:image\" content=\"https:\/\/www.webdo.tn\/fr\/wp-content\/uploads\/2025\/08\/Karim-Kilani.jpeg\" \/>\n\t<meta property=\"og:image:width\" content=\"640\" \/>\n\t<meta property=\"og:image:height\" content=\"429\" \/>\n\t<meta property=\"og:image:type\" content=\"image\/jpeg\" \/>\n<meta name=\"author\" content=\"Ne\u00efla DRISS\" \/>\n<meta name=\"twitter:card\" content=\"summary_large_image\" \/>\n<meta name=\"twitter:creator\" content=\"@https:\/\/x.com\/MassirDestin\" \/>\n<meta name=\"twitter:site\" content=\"@webdo_tn\" \/>\n<meta name=\"twitter:label1\" content=\"\u00c9crit par\" \/>\n\t<meta name=\"twitter:data1\" content=\"Ne\u00efla DRISS\" \/>\n\t<meta name=\"twitter:label2\" content=\"Dur\u00e9e de lecture estim\u00e9e\" \/>\n\t<meta name=\"twitter:data2\" content=\"4 minutes\" \/>\n<script type=\"application\/ld+json\" class=\"yoast-schema-graph\">{\"@context\":\"https:\\\/\\\/schema.org\",\"@graph\":[{\"@type\":\"NewsArticle\",\"@id\":\"https:\\\/\\\/www.webdo.tn\\\/fr\\\/actualite\\\/divers\\\/karim-kilani-lesprit-genereux-dun-batisseur-discret\\\/380818\\\/#article\",\"isPartOf\":{\"@id\":\"https:\\\/\\\/www.webdo.tn\\\/fr\\\/actualite\\\/divers\\\/karim-kilani-lesprit-genereux-dun-batisseur-discret\\\/380818\\\/\"},\"author\":{\"name\":\"Ne\u00efla DRISS\",\"@id\":\"https:\\\/\\\/www.webdo.tn\\\/fr\\\/#\\\/schema\\\/person\\\/60d5ba619ed3f58783b0dc82b7dada80\"},\"headline\":\"\u00c0 la m\u00e9moire de Karim Kilani : un homme de c\u0153ur et de vision\",\"datePublished\":\"2025-08-01T11:07:29+00:00\",\"dateModified\":\"2025-08-01T11:10:15+00:00\",\"mainEntityOfPage\":{\"@id\":\"https:\\\/\\\/www.webdo.tn\\\/fr\\\/actualite\\\/divers\\\/karim-kilani-lesprit-genereux-dun-batisseur-discret\\\/380818\\\/\"},\"wordCount\":745,\"commentCount\":0,\"publisher\":{\"@id\":\"https:\\\/\\\/www.webdo.tn\\\/fr\\\/#organization\"},\"image\":{\"@id\":\"https:\\\/\\\/www.webdo.tn\\\/fr\\\/actualite\\\/divers\\\/karim-kilani-lesprit-genereux-dun-batisseur-discret\\\/380818\\\/#primaryimage\"},\"thumbnailUrl\":\"https:\\\/\\\/www.webdo.tn\\\/fr\\\/wp-content\\\/uploads\\\/2025\\\/08\\\/Karim-Kilani.jpeg\",\"keywords\":[\"Hommage\",\"Homme d'affaires\",\"Karim Kilani\"],\"articleSection\":[\"Divers\"],\"inLanguage\":\"fr-FR\"},{\"@type\":\"WebPage\",\"@id\":\"https:\\\/\\\/www.webdo.tn\\\/fr\\\/actualite\\\/divers\\\/karim-kilani-lesprit-genereux-dun-batisseur-discret\\\/380818\\\/\",\"url\":\"https:\\\/\\\/www.webdo.tn\\\/fr\\\/actualite\\\/divers\\\/karim-kilani-lesprit-genereux-dun-batisseur-discret\\\/380818\\\/\",\"name\":\"\u00c0 la m\u00e9moire de Karim Kilani : un homme de c\u0153ur et de vision - webdo\",\"isPartOf\":{\"@id\":\"https:\\\/\\\/www.webdo.tn\\\/fr\\\/#website\"},\"primaryImageOfPage\":{\"@id\":\"https:\\\/\\\/www.webdo.tn\\\/fr\\\/actualite\\\/divers\\\/karim-kilani-lesprit-genereux-dun-batisseur-discret\\\/380818\\\/#primaryimage\"},\"image\":{\"@id\":\"https:\\\/\\\/www.webdo.tn\\\/fr\\\/actualite\\\/divers\\\/karim-kilani-lesprit-genereux-dun-batisseur-discret\\\/380818\\\/#primaryimage\"},\"thumbnailUrl\":\"https:\\\/\\\/www.webdo.tn\\\/fr\\\/wp-content\\\/uploads\\\/2025\\\/08\\\/Karim-Kilani.jpeg\",\"datePublished\":\"2025-08-01T11:07:29+00:00\",\"dateModified\":\"2025-08-01T11:10:15+00:00\",\"description\":\"Hommage \u00e0 Karim Kilani, entrepreneur visionnaire et homme g\u00e9n\u00e9reux, dont la m\u00e9moire reste vivante \u00e0 travers ses actions, ses valeurs et ses passions.\",\"breadcrumb\":{\"@id\":\"https:\\\/\\\/www.webdo.tn\\\/fr\\\/actualite\\\/divers\\\/karim-kilani-lesprit-genereux-dun-batisseur-discret\\\/380818\\\/#breadcrumb\"},\"inLanguage\":\"fr-FR\",\"potentialAction\":[{\"@type\":\"ReadAction\",\"target\":[\"https:\\\/\\\/www.webdo.tn\\\/fr\\\/actualite\\\/divers\\\/karim-kilani-lesprit-genereux-dun-batisseur-discret\\\/380818\\\/\"]}]},{\"@type\":\"ImageObject\",\"inLanguage\":\"fr-FR\",\"@id\":\"https:\\\/\\\/www.webdo.tn\\\/fr\\\/actualite\\\/divers\\\/karim-kilani-lesprit-genereux-dun-batisseur-discret\\\/380818\\\/#primaryimage\",\"url\":\"https:\\\/\\\/www.webdo.tn\\\/fr\\\/wp-content\\\/uploads\\\/2025\\\/08\\\/Karim-Kilani.jpeg\",\"contentUrl\":\"https:\\\/\\\/www.webdo.tn\\\/fr\\\/wp-content\\\/uploads\\\/2025\\\/08\\\/Karim-Kilani.jpeg\",\"width\":640,\"height\":429,\"caption\":\"Karim Kilani\"},{\"@type\":\"BreadcrumbList\",\"@id\":\"https:\\\/\\\/www.webdo.tn\\\/fr\\\/actualite\\\/divers\\\/karim-kilani-lesprit-genereux-dun-batisseur-discret\\\/380818\\\/#breadcrumb\",\"itemListElement\":[{\"@type\":\"ListItem\",\"position\":1,\"name\":\"Accueil\",\"item\":\"https:\\\/\\\/www.webdo.tn\\\/fr\\\/\"},{\"@type\":\"ListItem\",\"position\":2,\"name\":\"\u00c0 la m\u00e9moire de Karim Kilani : un homme de c\u0153ur et de vision\"}]},{\"@type\":\"WebSite\",\"@id\":\"https:\\\/\\\/www.webdo.tn\\\/fr\\\/#website\",\"url\":\"https:\\\/\\\/www.webdo.tn\\\/fr\\\/\",\"name\":\"webdo\",\"description\":\"Tunisie - News en Tunisie et \u00e0 l&#039;international sur Webdo.tn\",\"publisher\":{\"@id\":\"https:\\\/\\\/www.webdo.tn\\\/fr\\\/#organization\"},\"potentialAction\":[{\"@type\":\"SearchAction\",\"target\":{\"@type\":\"EntryPoint\",\"urlTemplate\":\"https:\\\/\\\/www.webdo.tn\\\/fr\\\/?s={search_term_string}\"},\"query-input\":{\"@type\":\"PropertyValueSpecification\",\"valueRequired\":true,\"valueName\":\"search_term_string\"}}],\"inLanguage\":\"fr-FR\"},{\"@type\":\"Organization\",\"@id\":\"https:\\\/\\\/www.webdo.tn\\\/fr\\\/#organization\",\"name\":\"Webdo\",\"alternateName\":\"Webdo.tn\",\"url\":\"https:\\\/\\\/www.webdo.tn\\\/fr\\\/\",\"logo\":{\"@type\":\"ImageObject\",\"inLanguage\":\"fr-FR\",\"@id\":\"https:\\\/\\\/www.webdo.tn\\\/fr\\\/#\\\/schema\\\/logo\\\/image\\\/\",\"url\":\"https:\\\/\\\/www.webdo.tn\\\/fr\\\/wp-content\\\/uploads\\\/2025\\\/06\\\/Webdo-Tunisie_168377.jpg\",\"contentUrl\":\"https:\\\/\\\/www.webdo.tn\\\/fr\\\/wp-content\\\/uploads\\\/2025\\\/06\\\/Webdo-Tunisie_168377.jpg\",\"width\":301,\"height\":301,\"caption\":\"Webdo\"},\"image\":{\"@id\":\"https:\\\/\\\/www.webdo.tn\\\/fr\\\/#\\\/schema\\\/logo\\\/image\\\/\"},\"sameAs\":[\"https:\\\/\\\/www.facebook.com\\\/webdotn\",\"https:\\\/\\\/x.com\\\/webdo_tn\"],\"description\":\"Webdo est un m\u00e9dia num\u00e9rique tunisien fond\u00e9 en 2010, sp\u00e9cialis\u00e9 dans l\u2019actualit\u00e9 nationale et internationale, l\u2019\u00e9conomie, la soci\u00e9t\u00e9 et les analyses politiques. Le site s\u2019adresse \u00e0 un large public francophone et couvre l\u2019information tunisienne en temps r\u00e9el.\",\"email\":\"redac@webdo.tn\",\"legalName\":\"YNJ SARL\",\"foundingDate\":\"2010-09-06\",\"numberOfEmployees\":{\"@type\":\"QuantitativeValue\",\"minValue\":\"11\",\"maxValue\":\"50\"}},{\"@type\":\"Person\",\"@id\":\"https:\\\/\\\/www.webdo.tn\\\/fr\\\/#\\\/schema\\\/person\\\/60d5ba619ed3f58783b0dc82b7dada80\",\"name\":\"Ne\u00efla DRISS\",\"image\":{\"@type\":\"ImageObject\",\"inLanguage\":\"fr-FR\",\"@id\":\"https:\\\/\\\/www.webdo.tn\\\/fr\\\/wp-content\\\/uploads\\\/2026\\\/04\\\/neila-driss_avatar-96x96.jpg\",\"url\":\"https:\\\/\\\/www.webdo.tn\\\/fr\\\/wp-content\\\/uploads\\\/2026\\\/04\\\/neila-driss_avatar-96x96.jpg\",\"contentUrl\":\"https:\\\/\\\/www.webdo.tn\\\/fr\\\/wp-content\\\/uploads\\\/2026\\\/04\\\/neila-driss_avatar-96x96.jpg\",\"caption\":\"Ne\u00efla DRISS\"},\"description\":\"Ne\u00efla Driss est juriste, journaliste culturelle et critique de cin\u00e9ma tunisienne. Titulaire d\u2019un DEA en droit priv\u00e9 de l\u2019Universit\u00e9 Paris II et d\u2019un DESS de l\u2019IHEC Carthage, elle d\u00e9bute sa carri\u00e8re comme juriste sp\u00e9cialis\u00e9e en gestion de patrimoine immobilier. Elle s\u2019oriente ensuite vers l\u2019\u00e9criture en ligne, o\u00f9 elle se distingue d\u00e8s 2006 aux Tunisia Blog Awards, avant de se consacrer au journalisme culturel, avec une sp\u00e9cialisation dans la critique cin\u00e9matographique. Elle couvre r\u00e9guli\u00e8rement les grands festivals internationaux, notamment le Festival de Cannes, les Journ\u00e9es Cin\u00e9matographiques de Carthage et le Festival du film du Caire. Membre de l\u2019ATPCC et de la FIPRESCI, elle participe \u00e0 des jurys et initiatives internationales de critique. Depuis 2024, elle est \u00e9lectrice internationale aux Golden Globes. Facebook : https:\\\/\\\/www.facebook.com\\\/massir.destiniii\\\/ X : https:\\\/\\\/x.com\\\/MassirDestin\",\"sameAs\":[\"https:\\\/\\\/www.facebook.com\\\/massir.destiniii\\\/\",\"https:\\\/\\\/www.instagram.com\\\/neila.driss\\\/?hl=fr\",\"https:\\\/\\\/www.linkedin.com\\\/in\\\/neila-driss-22606a80\\\/\",\"https:\\\/\\\/x.com\\\/https:\\\/\\\/x.com\\\/MassirDestin\"],\"knowsAbout\":[\"Cin\u00e9ma international\",\"critique cin\u00e9matographique\",\"festivals de cin\u00e9ma\",\"journalisme culturel\"],\"knowsLanguage\":[\"Fran\u00e7ais\",\"Arabe\",\"Anglais\"],\"jobTitle\":\"Journaliste culturelle et critique de cin\u00e9ma\",\"worksFor\":\"Webdo\",\"url\":\"https:\\\/\\\/www.webdo.tn\\\/fr\\\/actualite\\\/author\\\/neila-driss\\\/\"}]}<\/script>\n<!-- \/ Yoast SEO Premium plugin. -->","yoast_head_json":{"title":"\u00c0 la m\u00e9moire de Karim Kilani : un homme de c\u0153ur et de vision - webdo","description":"Hommage \u00e0 Karim Kilani, entrepreneur visionnaire et homme g\u00e9n\u00e9reux, dont la m\u00e9moire reste vivante \u00e0 travers ses actions, ses valeurs et ses passions.","canonical":"https:\/\/www.webdo.tn\/fr\/actualite\/divers\/karim-kilani-lesprit-genereux-dun-batisseur-discret\/380818\/","og_locale":"fr_FR","og_type":"article","og_title":"\u00c0 la m\u00e9moire de Karim Kilani : un homme de c\u0153ur et de vision","og_description":"Hommage \u00e0 Karim Kilani, entrepreneur visionnaire et homme g\u00e9n\u00e9reux, dont la m\u00e9moire reste vivante \u00e0 travers ses actions, ses valeurs et ses passions.","og_url":"https:\/\/www.webdo.tn\/fr\/actualite\/divers\/karim-kilani-lesprit-genereux-dun-batisseur-discret\/380818\/","og_site_name":"webdo","article_publisher":"https:\/\/www.facebook.com\/webdotn","article_author":"https:\/\/www.facebook.com\/massir.destiniii\/","article_published_time":"2025-08-01T11:07:29+00:00","article_modified_time":"2025-08-01T11:10:15+00:00","og_image":[{"width":640,"height":429,"url":"https:\/\/www.webdo.tn\/fr\/wp-content\/uploads\/2025\/08\/Karim-Kilani.jpeg","type":"image\/jpeg"}],"author":"Ne\u00efla DRISS","twitter_card":"summary_large_image","twitter_creator":"@https:\/\/x.com\/MassirDestin","twitter_site":"@webdo_tn","twitter_misc":{"\u00c9crit par":"Ne\u00efla DRISS","Dur\u00e9e de lecture estim\u00e9e":"4 minutes"},"schema":{"@context":"https:\/\/schema.org","@graph":[{"@type":"NewsArticle","@id":"https:\/\/www.webdo.tn\/fr\/actualite\/divers\/karim-kilani-lesprit-genereux-dun-batisseur-discret\/380818\/#article","isPartOf":{"@id":"https:\/\/www.webdo.tn\/fr\/actualite\/divers\/karim-kilani-lesprit-genereux-dun-batisseur-discret\/380818\/"},"author":{"name":"Ne\u00efla DRISS","@id":"https:\/\/www.webdo.tn\/fr\/#\/schema\/person\/60d5ba619ed3f58783b0dc82b7dada80"},"headline":"\u00c0 la m\u00e9moire de Karim Kilani : un homme de c\u0153ur et de vision","datePublished":"2025-08-01T11:07:29+00:00","dateModified":"2025-08-01T11:10:15+00:00","mainEntityOfPage":{"@id":"https:\/\/www.webdo.tn\/fr\/actualite\/divers\/karim-kilani-lesprit-genereux-dun-batisseur-discret\/380818\/"},"wordCount":745,"commentCount":0,"publisher":{"@id":"https:\/\/www.webdo.tn\/fr\/#organization"},"image":{"@id":"https:\/\/www.webdo.tn\/fr\/actualite\/divers\/karim-kilani-lesprit-genereux-dun-batisseur-discret\/380818\/#primaryimage"},"thumbnailUrl":"https:\/\/www.webdo.tn\/fr\/wp-content\/uploads\/2025\/08\/Karim-Kilani.jpeg","keywords":["Hommage","Homme d'affaires","Karim Kilani"],"articleSection":["Divers"],"inLanguage":"fr-FR"},{"@type":"WebPage","@id":"https:\/\/www.webdo.tn\/fr\/actualite\/divers\/karim-kilani-lesprit-genereux-dun-batisseur-discret\/380818\/","url":"https:\/\/www.webdo.tn\/fr\/actualite\/divers\/karim-kilani-lesprit-genereux-dun-batisseur-discret\/380818\/","name":"\u00c0 la m\u00e9moire de Karim Kilani : un homme de c\u0153ur et de vision - webdo","isPartOf":{"@id":"https:\/\/www.webdo.tn\/fr\/#website"},"primaryImageOfPage":{"@id":"https:\/\/www.webdo.tn\/fr\/actualite\/divers\/karim-kilani-lesprit-genereux-dun-batisseur-discret\/380818\/#primaryimage"},"image":{"@id":"https:\/\/www.webdo.tn\/fr\/actualite\/divers\/karim-kilani-lesprit-genereux-dun-batisseur-discret\/380818\/#primaryimage"},"thumbnailUrl":"https:\/\/www.webdo.tn\/fr\/wp-content\/uploads\/2025\/08\/Karim-Kilani.jpeg","datePublished":"2025-08-01T11:07:29+00:00","dateModified":"2025-08-01T11:10:15+00:00","description":"Hommage \u00e0 Karim Kilani, entrepreneur visionnaire et homme g\u00e9n\u00e9reux, dont la m\u00e9moire reste vivante \u00e0 travers ses actions, ses valeurs et ses passions.","breadcrumb":{"@id":"https:\/\/www.webdo.tn\/fr\/actualite\/divers\/karim-kilani-lesprit-genereux-dun-batisseur-discret\/380818\/#breadcrumb"},"inLanguage":"fr-FR","potentialAction":[{"@type":"ReadAction","target":["https:\/\/www.webdo.tn\/fr\/actualite\/divers\/karim-kilani-lesprit-genereux-dun-batisseur-discret\/380818\/"]}]},{"@type":"ImageObject","inLanguage":"fr-FR","@id":"https:\/\/www.webdo.tn\/fr\/actualite\/divers\/karim-kilani-lesprit-genereux-dun-batisseur-discret\/380818\/#primaryimage","url":"https:\/\/www.webdo.tn\/fr\/wp-content\/uploads\/2025\/08\/Karim-Kilani.jpeg","contentUrl":"https:\/\/www.webdo.tn\/fr\/wp-content\/uploads\/2025\/08\/Karim-Kilani.jpeg","width":640,"height":429,"caption":"Karim Kilani"},{"@type":"BreadcrumbList","@id":"https:\/\/www.webdo.tn\/fr\/actualite\/divers\/karim-kilani-lesprit-genereux-dun-batisseur-discret\/380818\/#breadcrumb","itemListElement":[{"@type":"ListItem","position":1,"name":"Accueil","item":"https:\/\/www.webdo.tn\/fr\/"},{"@type":"ListItem","position":2,"name":"\u00c0 la m\u00e9moire de Karim Kilani : un homme de c\u0153ur et de vision"}]},{"@type":"WebSite","@id":"https:\/\/www.webdo.tn\/fr\/#website","url":"https:\/\/www.webdo.tn\/fr\/","name":"webdo","description":"Tunisie - News en Tunisie et \u00e0 l&#039;international sur Webdo.tn","publisher":{"@id":"https:\/\/www.webdo.tn\/fr\/#organization"},"potentialAction":[{"@type":"SearchAction","target":{"@type":"EntryPoint","urlTemplate":"https:\/\/www.webdo.tn\/fr\/?s={search_term_string}"},"query-input":{"@type":"PropertyValueSpecification","valueRequired":true,"valueName":"search_term_string"}}],"inLanguage":"fr-FR"},{"@type":"Organization","@id":"https:\/\/www.webdo.tn\/fr\/#organization","name":"Webdo","alternateName":"Webdo.tn","url":"https:\/\/www.webdo.tn\/fr\/","logo":{"@type":"ImageObject","inLanguage":"fr-FR","@id":"https:\/\/www.webdo.tn\/fr\/#\/schema\/logo\/image\/","url":"https:\/\/www.webdo.tn\/fr\/wp-content\/uploads\/2025\/06\/Webdo-Tunisie_168377.jpg","contentUrl":"https:\/\/www.webdo.tn\/fr\/wp-content\/uploads\/2025\/06\/Webdo-Tunisie_168377.jpg","width":301,"height":301,"caption":"Webdo"},"image":{"@id":"https:\/\/www.webdo.tn\/fr\/#\/schema\/logo\/image\/"},"sameAs":["https:\/\/www.facebook.com\/webdotn","https:\/\/x.com\/webdo_tn"],"description":"Webdo est un m\u00e9dia num\u00e9rique tunisien fond\u00e9 en 2010, sp\u00e9cialis\u00e9 dans l\u2019actualit\u00e9 nationale et internationale, l\u2019\u00e9conomie, la soci\u00e9t\u00e9 et les analyses politiques. Le site s\u2019adresse \u00e0 un large public francophone et couvre l\u2019information tunisienne en temps r\u00e9el.","email":"redac@webdo.tn","legalName":"YNJ SARL","foundingDate":"2010-09-06","numberOfEmployees":{"@type":"QuantitativeValue","minValue":"11","maxValue":"50"}},{"@type":"Person","@id":"https:\/\/www.webdo.tn\/fr\/#\/schema\/person\/60d5ba619ed3f58783b0dc82b7dada80","name":"Ne\u00efla DRISS","image":{"@type":"ImageObject","inLanguage":"fr-FR","@id":"https:\/\/www.webdo.tn\/fr\/wp-content\/uploads\/2026\/04\/neila-driss_avatar-96x96.jpg","url":"https:\/\/www.webdo.tn\/fr\/wp-content\/uploads\/2026\/04\/neila-driss_avatar-96x96.jpg","contentUrl":"https:\/\/www.webdo.tn\/fr\/wp-content\/uploads\/2026\/04\/neila-driss_avatar-96x96.jpg","caption":"Ne\u00efla DRISS"},"description":"Ne\u00efla Driss est juriste, journaliste culturelle et critique de cin\u00e9ma tunisienne. Titulaire d\u2019un DEA en droit priv\u00e9 de l\u2019Universit\u00e9 Paris II et d\u2019un DESS de l\u2019IHEC Carthage, elle d\u00e9bute sa carri\u00e8re comme juriste sp\u00e9cialis\u00e9e en gestion de patrimoine immobilier. Elle s\u2019oriente ensuite vers l\u2019\u00e9criture en ligne, o\u00f9 elle se distingue d\u00e8s 2006 aux Tunisia Blog Awards, avant de se consacrer au journalisme culturel, avec une sp\u00e9cialisation dans la critique cin\u00e9matographique. Elle couvre r\u00e9guli\u00e8rement les grands festivals internationaux, notamment le Festival de Cannes, les Journ\u00e9es Cin\u00e9matographiques de Carthage et le Festival du film du Caire. Membre de l\u2019ATPCC et de la FIPRESCI, elle participe \u00e0 des jurys et initiatives internationales de critique. Depuis 2024, elle est \u00e9lectrice internationale aux Golden Globes. Facebook : https:\/\/www.facebook.com\/massir.destiniii\/ X : https:\/\/x.com\/MassirDestin","sameAs":["https:\/\/www.facebook.com\/massir.destiniii\/","https:\/\/www.instagram.com\/neila.driss\/?hl=fr","https:\/\/www.linkedin.com\/in\/neila-driss-22606a80\/","https:\/\/x.com\/https:\/\/x.com\/MassirDestin"],"knowsAbout":["Cin\u00e9ma international","critique cin\u00e9matographique","festivals de cin\u00e9ma","journalisme culturel"],"knowsLanguage":["Fran\u00e7ais","Arabe","Anglais"],"jobTitle":"Journaliste culturelle et critique de cin\u00e9ma","worksFor":"Webdo","url":"https:\/\/www.webdo.tn\/fr\/actualite\/author\/neila-driss\/"}]}},"_links":{"self":[{"href":"https:\/\/www.webdo.tn\/fr\/wp-json\/wp\/v2\/posts\/380818","targetHints":{"allow":["GET"]}}],"collection":[{"href":"https:\/\/www.webdo.tn\/fr\/wp-json\/wp\/v2\/posts"}],"about":[{"href":"https:\/\/www.webdo.tn\/fr\/wp-json\/wp\/v2\/types\/post"}],"author":[{"embeddable":true,"href":"https:\/\/www.webdo.tn\/fr\/wp-json\/wp\/v2\/users\/3164"}],"replies":[{"embeddable":true,"href":"https:\/\/www.webdo.tn\/fr\/wp-json\/wp\/v2\/comments?post=380818"}],"version-history":[{"count":0,"href":"https:\/\/www.webdo.tn\/fr\/wp-json\/wp\/v2\/posts\/380818\/revisions"}],"wp:featuredmedia":[{"embeddable":true,"href":"https:\/\/www.webdo.tn\/fr\/wp-json\/wp\/v2\/media\/380823"}],"wp:attachment":[{"href":"https:\/\/www.webdo.tn\/fr\/wp-json\/wp\/v2\/media?parent=380818"}],"wp:term":[{"taxonomy":"category","embeddable":true,"href":"https:\/\/www.webdo.tn\/fr\/wp-json\/wp\/v2\/categories?post=380818"},{"taxonomy":"post_tag","embeddable":true,"href":"https:\/\/www.webdo.tn\/fr\/wp-json\/wp\/v2\/tags?post=380818"}],"curies":[{"name":"wp","href":"https:\/\/api.w.org\/{rel}","templated":true}]}}