{"id":380753,"date":"2025-07-31T13:24:12","date_gmt":"2025-07-31T12:24:12","guid":{"rendered":"https:\/\/www.webdo.tn\/fr\/?p=380753"},"modified":"2025-07-31T13:24:43","modified_gmt":"2025-07-31T12:24:43","slug":"liberation-de-hatem-laaouini-le-militant-tunisien-est-arrive-en-jordanie","status":"publish","type":"post","link":"https:\/\/www.webdo.tn\/fr\/actualite\/national\/liberation-de-hatem-laaouini-le-militant-tunisien-est-arrive-en-jordanie\/380753\/","title":{"rendered":"Lib\u00e9ration de Hatem La\u00e2ouini : Le militant tunisien est arriv\u00e9 en Jordanie"},"content":{"rendered":"\n<p><strong>Arr\u00eat\u00e9 par l\u2019arm\u00e9e isra\u00e9lienne lors de la mission du navire Handala, Hatem La\u00e2ouini a \u00e9t\u00e9 lib\u00e9r\u00e9 apr\u00e8s cinq jours de d\u00e9tention. Il se trouve d\u00e9sormais sain et sauf en Jordanie.<\/strong><\/p>\n\n\n\n<p>Hatem La\u00e2ouini, militant tunisien engag\u00e9 pour la cause palestinienne, a \u00e9t\u00e9 lib\u00e9r\u00e9 de la prison isra\u00e9lienne de Ramleh. Il a quitt\u00e9 les territoires occup\u00e9s et a rejoint la Jordanie o\u00f9 il a \u00e9t\u00e9 accueilli par l\u2019ambassade de Tunisie \u00e0 Amman ainsi que par plusieurs militants jordaniens. L\u2019information a \u00e9t\u00e9 confirm\u00e9e par son avocate, Me Najet Hadriche, et par Ezdine Boughanmi, l\u2019un de ses proches.<\/p>\n\n\n\n<p><strong>Vague de soulagement<\/strong><\/p>\n\n\n\n<p>Dans un message \u00e9mouvant publi\u00e9 jeudi 31 juillet sur Facebook, Me Hadriche a salu\u00e9 \u00ab\u00a0la force de celui qui a port\u00e9 une cause dans le silence et un pays dans la patience\u00a0\u00bb. Elle a affirm\u00e9 que la voix de Hatem \u00ab\u00a0continue de r\u00e9sonner pour la libert\u00e9, la v\u00e9rit\u00e9, la Palestine\u00a0\u00bb.<\/p>\n\n\n\n<p>Son retour a suscit\u00e9 une vague de soulagement parmi les d\u00e9fenseurs de la cause palestinienne et les militants des droits humains tunisiens.<\/p>\n\n\n\n<p><strong>D\u00e9tention et gr\u00e8ve de la faim<\/strong><\/p>\n\n\n\n<p>Hatem La\u00e2ouini avait \u00e9t\u00e9 arr\u00eat\u00e9 avec 16 autres militants \u00e0 bord du navire Handala, engag\u00e9 dans une mission humanitaire visant \u00e0 briser le blocus de Gaza.<\/p>\n\n\n\n<p>Refusant de signer un ordre d\u2019expulsion, il avait entam\u00e9 une gr\u00e8ve de la faim en d\u00e9tention. Sa lib\u00e9ration intervient apr\u00e8s cinq jours de pression diplomatique et de mobilisation militante.<\/p>\n\n\n\n<p><\/p>\n\n\n\n<iframe src=\"https:\/\/www.facebook.com\/plugins\/post.php?href=https%3A%2F%2Fwww.facebook.com%2Fnajet.hadriche%2Fposts%2Fpfbid02pGESZ1XRXYKAR6RaCpdqc5eG4uruGQTh2vB3NqhgndTUao88eDudQdJT2Gs4W79Ml&#038;show_text=true&#038;width=500\" width=\"500\" height=\"219\" style=\"border:none;overflow:hidden\" scrolling=\"no\" frameborder=\"0\" allowfullscreen=\"true\" allow=\"autoplay; clipboard-write; encrypted-media; picture-in-picture; web-share\"><\/iframe>\n\n\n\n<iframe src=\"https:\/\/www.facebook.com\/plugins\/post.php?href=https%3A%2F%2Fwww.facebook.com%2Fpermalink.php%3Fstory_fbid%3Dpfbid0rbYZKLYMCxtPwKiMWSa82QCjUChfJQMu4iDkYf3RHgseFePq4xNJEMsh6ddCzmPtl%26id%3D1103433946&#038;show_text=true&#038;width=500\" width=\"500\" height=\"608\" style=\"border:none;overflow:hidden\" scrolling=\"no\" frameborder=\"0\" allowfullscreen=\"true\" allow=\"autoplay; clipboard-write; encrypted-media; picture-in-picture; web-share\"><\/iframe>\n\n\n\n<p><\/p>\n\n\n\n<p><strong>Lire aussi :<\/strong><\/p>\n\n\n\n<ul class=\"wp-block-list\">\n<li><a href=\"https:\/\/www.webdo.tn\/fr\/actualite\/international\/arraisonnement-du-navire-handala-mobilisation-pour-la-liberation-de-hatem-laaouini\/380423\/\">Arraisonnement du navire Handala : mobilisation pour la lib\u00e9ration de Hatem La\u00e2ouini<\/a><\/li>\n\n\n\n<li><a href=\"https:\/\/www.webdo.tn\/fr\/actualite\/national\/flottille-pour-gaza-le-tunisien-hatem-laaouini-toujours-detenu-par-israel\/380654\/\">Flottille pour Gaza : Le Tunisien Hatem La\u00e2ouini toujours d\u00e9tenu par Isra\u00ebl<\/a><\/li>\n<\/ul>\n","protected":false},"excerpt":{"rendered":"<p>Arr\u00eat\u00e9 par l\u2019arm\u00e9e isra\u00e9lienne lors de la mission du navire Handala, Hatem La\u00e2ouini a \u00e9t\u00e9 lib\u00e9r\u00e9 apr\u00e8s cinq jours de d\u00e9tention. Il se trouve d\u00e9sormais sain et sauf en Jordanie. Hatem La\u00e2ouini, militant tunisien engag\u00e9 pour la cause palestinienne, a \u00e9t\u00e9 lib\u00e9r\u00e9 de la prison isra\u00e9lienne de Ramleh. Il a quitt\u00e9 les territoires occup\u00e9s et [&hellip;]<\/p>\n","protected":false},"author":3191,"featured_media":380424,"comment_status":"open","ping_status":"open","sticky":false,"template":"","format":"standard","meta":{"footnotes":""},"categories":[44],"tags":[2689,12323,12322],"class_list":["post-380753","post","type-post","status-publish","format-standard","has-post-thumbnail","hentry","category-national","tag-gaza","tag-hatem-laaouini","tag-navire-handala"],"yoast_head":"<!-- This site is optimized with the Yoast SEO Premium plugin v27.4 (Yoast SEO v27.5) - https:\/\/yoast.com\/product\/yoast-seo-premium-wordpress\/ -->\n<title>Lib\u00e9ration de Hatem La\u00e2ouini : Le militant tunisien est arriv\u00e9 en Jordanie - webdo<\/title>\n<meta name=\"description\" content=\"Hatem La\u00e2ouini, militant tunisien, a \u00e9t\u00e9 lib\u00e9r\u00e9 apr\u00e8s cinq jours de d\u00e9tention par l&#039;arm\u00e9e isra\u00e9lienne. D\u00e9couvrez son histoire.\" \/>\n<link rel=\"canonical\" href=\"https:\/\/www.webdo.tn\/fr\/actualite\/national\/liberation-de-hatem-laaouini-le-militant-tunisien-est-arrive-en-jordanie\/380753\/\" \/>\n<meta property=\"og:locale\" content=\"fr_FR\" \/>\n<meta property=\"og:type\" content=\"article\" \/>\n<meta property=\"og:title\" content=\"Lib\u00e9ration de Hatem La\u00e2ouini : Le militant tunisien est arriv\u00e9 en Jordanie\" \/>\n<meta property=\"og:description\" content=\"Hatem La\u00e2ouini, militant tunisien, a \u00e9t\u00e9 lib\u00e9r\u00e9 apr\u00e8s cinq jours de d\u00e9tention par l&#039;arm\u00e9e isra\u00e9lienne. D\u00e9couvrez son histoire.\" \/>\n<meta property=\"og:url\" content=\"https:\/\/www.webdo.tn\/fr\/actualite\/national\/liberation-de-hatem-laaouini-le-militant-tunisien-est-arrive-en-jordanie\/380753\/\" \/>\n<meta property=\"og:site_name\" content=\"webdo\" \/>\n<meta property=\"article:publisher\" content=\"https:\/\/www.facebook.com\/webdotn\" \/>\n<meta property=\"article:published_time\" content=\"2025-07-31T12:24:12+00:00\" \/>\n<meta property=\"article:modified_time\" content=\"2025-07-31T12:24:43+00:00\" \/>\n<meta property=\"og:image\" content=\"https:\/\/www.webdo.tn\/fr\/wp-content\/uploads\/2025\/07\/preview.jpeg\" \/>\n\t<meta property=\"og:image:width\" content=\"827\" \/>\n\t<meta property=\"og:image:height\" content=\"455\" \/>\n\t<meta property=\"og:image:type\" content=\"image\/jpeg\" \/>\n<meta name=\"author\" content=\"Mohamed Hedi Touati\" \/>\n<meta name=\"twitter:card\" content=\"summary_large_image\" \/>\n<meta name=\"twitter:creator\" content=\"@webdo_tn\" \/>\n<meta name=\"twitter:site\" content=\"@webdo_tn\" \/>\n<meta name=\"twitter:label1\" content=\"\u00c9crit par\" \/>\n\t<meta name=\"twitter:data1\" content=\"Mohamed Hedi Touati\" \/>\n\t<meta name=\"twitter:label2\" content=\"Dur\u00e9e de lecture estim\u00e9e\" \/>\n\t<meta name=\"twitter:data2\" content=\"2 minutes\" \/>\n<script type=\"application\/ld+json\" class=\"yoast-schema-graph\">{\"@context\":\"https:\\\/\\\/schema.org\",\"@graph\":[{\"@type\":\"NewsArticle\",\"@id\":\"https:\\\/\\\/www.webdo.tn\\\/fr\\\/actualite\\\/national\\\/liberation-de-hatem-laaouini-le-militant-tunisien-est-arrive-en-jordanie\\\/380753\\\/#article\",\"isPartOf\":{\"@id\":\"https:\\\/\\\/www.webdo.tn\\\/fr\\\/actualite\\\/national\\\/liberation-de-hatem-laaouini-le-militant-tunisien-est-arrive-en-jordanie\\\/380753\\\/\"},\"author\":{\"name\":\"Mohamed Hedi Touati\",\"@id\":\"https:\\\/\\\/www.webdo.tn\\\/fr\\\/#\\\/schema\\\/person\\\/c652cd8fc2b1b44412b5ffb48c5a911d\"},\"headline\":\"Lib\u00e9ration de Hatem La\u00e2ouini : Le militant tunisien est arriv\u00e9 en Jordanie\",\"datePublished\":\"2025-07-31T12:24:12+00:00\",\"dateModified\":\"2025-07-31T12:24:43+00:00\",\"mainEntityOfPage\":{\"@id\":\"https:\\\/\\\/www.webdo.tn\\\/fr\\\/actualite\\\/national\\\/liberation-de-hatem-laaouini-le-militant-tunisien-est-arrive-en-jordanie\\\/380753\\\/\"},\"wordCount\":296,\"commentCount\":0,\"publisher\":{\"@id\":\"https:\\\/\\\/www.webdo.tn\\\/fr\\\/#organization\"},\"image\":{\"@id\":\"https:\\\/\\\/www.webdo.tn\\\/fr\\\/actualite\\\/national\\\/liberation-de-hatem-laaouini-le-militant-tunisien-est-arrive-en-jordanie\\\/380753\\\/#primaryimage\"},\"thumbnailUrl\":\"https:\\\/\\\/www.webdo.tn\\\/fr\\\/wp-content\\\/uploads\\\/2025\\\/07\\\/preview.jpeg\",\"keywords\":[\"Gaza\",\"Hatem La\u00e2ouini\",\"navire Handala\"],\"articleSection\":[\"National\"],\"inLanguage\":\"fr-FR\"},{\"@type\":\"WebPage\",\"@id\":\"https:\\\/\\\/www.webdo.tn\\\/fr\\\/actualite\\\/national\\\/liberation-de-hatem-laaouini-le-militant-tunisien-est-arrive-en-jordanie\\\/380753\\\/\",\"url\":\"https:\\\/\\\/www.webdo.tn\\\/fr\\\/actualite\\\/national\\\/liberation-de-hatem-laaouini-le-militant-tunisien-est-arrive-en-jordanie\\\/380753\\\/\",\"name\":\"Lib\u00e9ration de Hatem La\u00e2ouini : Le militant tunisien est arriv\u00e9 en Jordanie - webdo\",\"isPartOf\":{\"@id\":\"https:\\\/\\\/www.webdo.tn\\\/fr\\\/#website\"},\"primaryImageOfPage\":{\"@id\":\"https:\\\/\\\/www.webdo.tn\\\/fr\\\/actualite\\\/national\\\/liberation-de-hatem-laaouini-le-militant-tunisien-est-arrive-en-jordanie\\\/380753\\\/#primaryimage\"},\"image\":{\"@id\":\"https:\\\/\\\/www.webdo.tn\\\/fr\\\/actualite\\\/national\\\/liberation-de-hatem-laaouini-le-militant-tunisien-est-arrive-en-jordanie\\\/380753\\\/#primaryimage\"},\"thumbnailUrl\":\"https:\\\/\\\/www.webdo.tn\\\/fr\\\/wp-content\\\/uploads\\\/2025\\\/07\\\/preview.jpeg\",\"datePublished\":\"2025-07-31T12:24:12+00:00\",\"dateModified\":\"2025-07-31T12:24:43+00:00\",\"description\":\"Hatem La\u00e2ouini, militant tunisien, a \u00e9t\u00e9 lib\u00e9r\u00e9 apr\u00e8s cinq jours de d\u00e9tention par l'arm\u00e9e isra\u00e9lienne. D\u00e9couvrez son histoire.\",\"breadcrumb\":{\"@id\":\"https:\\\/\\\/www.webdo.tn\\\/fr\\\/actualite\\\/national\\\/liberation-de-hatem-laaouini-le-militant-tunisien-est-arrive-en-jordanie\\\/380753\\\/#breadcrumb\"},\"inLanguage\":\"fr-FR\",\"potentialAction\":[{\"@type\":\"ReadAction\",\"target\":[\"https:\\\/\\\/www.webdo.tn\\\/fr\\\/actualite\\\/national\\\/liberation-de-hatem-laaouini-le-militant-tunisien-est-arrive-en-jordanie\\\/380753\\\/\"]}]},{\"@type\":\"ImageObject\",\"inLanguage\":\"fr-FR\",\"@id\":\"https:\\\/\\\/www.webdo.tn\\\/fr\\\/actualite\\\/national\\\/liberation-de-hatem-laaouini-le-militant-tunisien-est-arrive-en-jordanie\\\/380753\\\/#primaryimage\",\"url\":\"https:\\\/\\\/www.webdo.tn\\\/fr\\\/wp-content\\\/uploads\\\/2025\\\/07\\\/preview.jpeg\",\"contentUrl\":\"https:\\\/\\\/www.webdo.tn\\\/fr\\\/wp-content\\\/uploads\\\/2025\\\/07\\\/preview.jpeg\",\"width\":827,\"height\":455,\"caption\":\"Lib\u00e9ration de Hatem La\u00e2ouini : Le militant tunisien est arriv\u00e9 en Jordanie\"},{\"@type\":\"BreadcrumbList\",\"@id\":\"https:\\\/\\\/www.webdo.tn\\\/fr\\\/actualite\\\/national\\\/liberation-de-hatem-laaouini-le-militant-tunisien-est-arrive-en-jordanie\\\/380753\\\/#breadcrumb\",\"itemListElement\":[{\"@type\":\"ListItem\",\"position\":1,\"name\":\"Accueil\",\"item\":\"https:\\\/\\\/www.webdo.tn\\\/fr\\\/\"},{\"@type\":\"ListItem\",\"position\":2,\"name\":\"Lib\u00e9ration de Hatem La\u00e2ouini : Le militant tunisien est arriv\u00e9 en Jordanie\"}]},{\"@type\":\"WebSite\",\"@id\":\"https:\\\/\\\/www.webdo.tn\\\/fr\\\/#website\",\"url\":\"https:\\\/\\\/www.webdo.tn\\\/fr\\\/\",\"name\":\"webdo\",\"description\":\"Tunisie - News en Tunisie et \u00e0 l&#039;international sur Webdo.tn\",\"publisher\":{\"@id\":\"https:\\\/\\\/www.webdo.tn\\\/fr\\\/#organization\"},\"potentialAction\":[{\"@type\":\"SearchAction\",\"target\":{\"@type\":\"EntryPoint\",\"urlTemplate\":\"https:\\\/\\\/www.webdo.tn\\\/fr\\\/?s={search_term_string}\"},\"query-input\":{\"@type\":\"PropertyValueSpecification\",\"valueRequired\":true,\"valueName\":\"search_term_string\"}}],\"inLanguage\":\"fr-FR\"},{\"@type\":\"Organization\",\"@id\":\"https:\\\/\\\/www.webdo.tn\\\/fr\\\/#organization\",\"name\":\"Webdo\",\"alternateName\":\"Webdo.tn\",\"url\":\"https:\\\/\\\/www.webdo.tn\\\/fr\\\/\",\"logo\":{\"@type\":\"ImageObject\",\"inLanguage\":\"fr-FR\",\"@id\":\"https:\\\/\\\/www.webdo.tn\\\/fr\\\/#\\\/schema\\\/logo\\\/image\\\/\",\"url\":\"https:\\\/\\\/www.webdo.tn\\\/fr\\\/wp-content\\\/uploads\\\/2025\\\/06\\\/Webdo-Tunisie_168377.jpg\",\"contentUrl\":\"https:\\\/\\\/www.webdo.tn\\\/fr\\\/wp-content\\\/uploads\\\/2025\\\/06\\\/Webdo-Tunisie_168377.jpg\",\"width\":301,\"height\":301,\"caption\":\"Webdo\"},\"image\":{\"@id\":\"https:\\\/\\\/www.webdo.tn\\\/fr\\\/#\\\/schema\\\/logo\\\/image\\\/\"},\"sameAs\":[\"https:\\\/\\\/www.facebook.com\\\/webdotn\",\"https:\\\/\\\/x.com\\\/webdo_tn\"],\"description\":\"Webdo est un m\u00e9dia num\u00e9rique tunisien fond\u00e9 en 2010, sp\u00e9cialis\u00e9 dans l\u2019actualit\u00e9 nationale et internationale, l\u2019\u00e9conomie, la soci\u00e9t\u00e9 et les analyses politiques. Le site s\u2019adresse \u00e0 un large public francophone et couvre l\u2019information tunisienne en temps r\u00e9el.\",\"email\":\"redac@webdo.tn\",\"legalName\":\"YNJ SARL\",\"foundingDate\":\"2010-09-06\",\"numberOfEmployees\":{\"@type\":\"QuantitativeValue\",\"minValue\":\"11\",\"maxValue\":\"50\"}},{\"@type\":\"Person\",\"@id\":\"https:\\\/\\\/www.webdo.tn\\\/fr\\\/#\\\/schema\\\/person\\\/c652cd8fc2b1b44412b5ffb48c5a911d\",\"name\":\"Mohamed Hedi Touati\",\"image\":{\"@type\":\"ImageObject\",\"inLanguage\":\"fr-FR\",\"@id\":\"https:\\\/\\\/secure.gravatar.com\\\/avatar\\\/9cfd402c745b7a685f13eed0ea6e59d2144a3c2fc50a3db6fd5ed451f6cddf1a?s=96&d=mm&r=g\",\"url\":\"https:\\\/\\\/secure.gravatar.com\\\/avatar\\\/9cfd402c745b7a685f13eed0ea6e59d2144a3c2fc50a3db6fd5ed451f6cddf1a?s=96&d=mm&r=g\",\"contentUrl\":\"https:\\\/\\\/secure.gravatar.com\\\/avatar\\\/9cfd402c745b7a685f13eed0ea6e59d2144a3c2fc50a3db6fd5ed451f6cddf1a?s=96&d=mm&r=g\",\"caption\":\"Mohamed Hedi Touati\"},\"url\":\"https:\\\/\\\/www.webdo.tn\\\/fr\\\/actualite\\\/author\\\/mohamed-hedi-touati\\\/\"}]}<\/script>\n<!-- \/ Yoast SEO Premium plugin. -->","yoast_head_json":{"title":"Lib\u00e9ration de Hatem La\u00e2ouini : Le militant tunisien est arriv\u00e9 en Jordanie - webdo","description":"Hatem La\u00e2ouini, militant tunisien, a \u00e9t\u00e9 lib\u00e9r\u00e9 apr\u00e8s cinq jours de d\u00e9tention par l'arm\u00e9e isra\u00e9lienne. D\u00e9couvrez son histoire.","canonical":"https:\/\/www.webdo.tn\/fr\/actualite\/national\/liberation-de-hatem-laaouini-le-militant-tunisien-est-arrive-en-jordanie\/380753\/","og_locale":"fr_FR","og_type":"article","og_title":"Lib\u00e9ration de Hatem La\u00e2ouini : Le militant tunisien est arriv\u00e9 en Jordanie","og_description":"Hatem La\u00e2ouini, militant tunisien, a \u00e9t\u00e9 lib\u00e9r\u00e9 apr\u00e8s cinq jours de d\u00e9tention par l'arm\u00e9e isra\u00e9lienne. D\u00e9couvrez son histoire.","og_url":"https:\/\/www.webdo.tn\/fr\/actualite\/national\/liberation-de-hatem-laaouini-le-militant-tunisien-est-arrive-en-jordanie\/380753\/","og_site_name":"webdo","article_publisher":"https:\/\/www.facebook.com\/webdotn","article_published_time":"2025-07-31T12:24:12+00:00","article_modified_time":"2025-07-31T12:24:43+00:00","og_image":[{"width":827,"height":455,"url":"https:\/\/www.webdo.tn\/fr\/wp-content\/uploads\/2025\/07\/preview.jpeg","type":"image\/jpeg"}],"author":"Mohamed Hedi Touati","twitter_card":"summary_large_image","twitter_creator":"@webdo_tn","twitter_site":"@webdo_tn","twitter_misc":{"\u00c9crit par":"Mohamed Hedi Touati","Dur\u00e9e de lecture estim\u00e9e":"2 minutes"},"schema":{"@context":"https:\/\/schema.org","@graph":[{"@type":"NewsArticle","@id":"https:\/\/www.webdo.tn\/fr\/actualite\/national\/liberation-de-hatem-laaouini-le-militant-tunisien-est-arrive-en-jordanie\/380753\/#article","isPartOf":{"@id":"https:\/\/www.webdo.tn\/fr\/actualite\/national\/liberation-de-hatem-laaouini-le-militant-tunisien-est-arrive-en-jordanie\/380753\/"},"author":{"name":"Mohamed Hedi Touati","@id":"https:\/\/www.webdo.tn\/fr\/#\/schema\/person\/c652cd8fc2b1b44412b5ffb48c5a911d"},"headline":"Lib\u00e9ration de Hatem La\u00e2ouini : Le militant tunisien est arriv\u00e9 en Jordanie","datePublished":"2025-07-31T12:24:12+00:00","dateModified":"2025-07-31T12:24:43+00:00","mainEntityOfPage":{"@id":"https:\/\/www.webdo.tn\/fr\/actualite\/national\/liberation-de-hatem-laaouini-le-militant-tunisien-est-arrive-en-jordanie\/380753\/"},"wordCount":296,"commentCount":0,"publisher":{"@id":"https:\/\/www.webdo.tn\/fr\/#organization"},"image":{"@id":"https:\/\/www.webdo.tn\/fr\/actualite\/national\/liberation-de-hatem-laaouini-le-militant-tunisien-est-arrive-en-jordanie\/380753\/#primaryimage"},"thumbnailUrl":"https:\/\/www.webdo.tn\/fr\/wp-content\/uploads\/2025\/07\/preview.jpeg","keywords":["Gaza","Hatem La\u00e2ouini","navire Handala"],"articleSection":["National"],"inLanguage":"fr-FR"},{"@type":"WebPage","@id":"https:\/\/www.webdo.tn\/fr\/actualite\/national\/liberation-de-hatem-laaouini-le-militant-tunisien-est-arrive-en-jordanie\/380753\/","url":"https:\/\/www.webdo.tn\/fr\/actualite\/national\/liberation-de-hatem-laaouini-le-militant-tunisien-est-arrive-en-jordanie\/380753\/","name":"Lib\u00e9ration de Hatem La\u00e2ouini : Le militant tunisien est arriv\u00e9 en Jordanie - webdo","isPartOf":{"@id":"https:\/\/www.webdo.tn\/fr\/#website"},"primaryImageOfPage":{"@id":"https:\/\/www.webdo.tn\/fr\/actualite\/national\/liberation-de-hatem-laaouini-le-militant-tunisien-est-arrive-en-jordanie\/380753\/#primaryimage"},"image":{"@id":"https:\/\/www.webdo.tn\/fr\/actualite\/national\/liberation-de-hatem-laaouini-le-militant-tunisien-est-arrive-en-jordanie\/380753\/#primaryimage"},"thumbnailUrl":"https:\/\/www.webdo.tn\/fr\/wp-content\/uploads\/2025\/07\/preview.jpeg","datePublished":"2025-07-31T12:24:12+00:00","dateModified":"2025-07-31T12:24:43+00:00","description":"Hatem La\u00e2ouini, militant tunisien, a \u00e9t\u00e9 lib\u00e9r\u00e9 apr\u00e8s cinq jours de d\u00e9tention par l'arm\u00e9e isra\u00e9lienne. D\u00e9couvrez son histoire.","breadcrumb":{"@id":"https:\/\/www.webdo.tn\/fr\/actualite\/national\/liberation-de-hatem-laaouini-le-militant-tunisien-est-arrive-en-jordanie\/380753\/#breadcrumb"},"inLanguage":"fr-FR","potentialAction":[{"@type":"ReadAction","target":["https:\/\/www.webdo.tn\/fr\/actualite\/national\/liberation-de-hatem-laaouini-le-militant-tunisien-est-arrive-en-jordanie\/380753\/"]}]},{"@type":"ImageObject","inLanguage":"fr-FR","@id":"https:\/\/www.webdo.tn\/fr\/actualite\/national\/liberation-de-hatem-laaouini-le-militant-tunisien-est-arrive-en-jordanie\/380753\/#primaryimage","url":"https:\/\/www.webdo.tn\/fr\/wp-content\/uploads\/2025\/07\/preview.jpeg","contentUrl":"https:\/\/www.webdo.tn\/fr\/wp-content\/uploads\/2025\/07\/preview.jpeg","width":827,"height":455,"caption":"Lib\u00e9ration de Hatem La\u00e2ouini : Le militant tunisien est arriv\u00e9 en Jordanie"},{"@type":"BreadcrumbList","@id":"https:\/\/www.webdo.tn\/fr\/actualite\/national\/liberation-de-hatem-laaouini-le-militant-tunisien-est-arrive-en-jordanie\/380753\/#breadcrumb","itemListElement":[{"@type":"ListItem","position":1,"name":"Accueil","item":"https:\/\/www.webdo.tn\/fr\/"},{"@type":"ListItem","position":2,"name":"Lib\u00e9ration de Hatem La\u00e2ouini : Le militant tunisien est arriv\u00e9 en Jordanie"}]},{"@type":"WebSite","@id":"https:\/\/www.webdo.tn\/fr\/#website","url":"https:\/\/www.webdo.tn\/fr\/","name":"webdo","description":"Tunisie - News en Tunisie et \u00e0 l&#039;international sur Webdo.tn","publisher":{"@id":"https:\/\/www.webdo.tn\/fr\/#organization"},"potentialAction":[{"@type":"SearchAction","target":{"@type":"EntryPoint","urlTemplate":"https:\/\/www.webdo.tn\/fr\/?s={search_term_string}"},"query-input":{"@type":"PropertyValueSpecification","valueRequired":true,"valueName":"search_term_string"}}],"inLanguage":"fr-FR"},{"@type":"Organization","@id":"https:\/\/www.webdo.tn\/fr\/#organization","name":"Webdo","alternateName":"Webdo.tn","url":"https:\/\/www.webdo.tn\/fr\/","logo":{"@type":"ImageObject","inLanguage":"fr-FR","@id":"https:\/\/www.webdo.tn\/fr\/#\/schema\/logo\/image\/","url":"https:\/\/www.webdo.tn\/fr\/wp-content\/uploads\/2025\/06\/Webdo-Tunisie_168377.jpg","contentUrl":"https:\/\/www.webdo.tn\/fr\/wp-content\/uploads\/2025\/06\/Webdo-Tunisie_168377.jpg","width":301,"height":301,"caption":"Webdo"},"image":{"@id":"https:\/\/www.webdo.tn\/fr\/#\/schema\/logo\/image\/"},"sameAs":["https:\/\/www.facebook.com\/webdotn","https:\/\/x.com\/webdo_tn"],"description":"Webdo est un m\u00e9dia num\u00e9rique tunisien fond\u00e9 en 2010, sp\u00e9cialis\u00e9 dans l\u2019actualit\u00e9 nationale et internationale, l\u2019\u00e9conomie, la soci\u00e9t\u00e9 et les analyses politiques. Le site s\u2019adresse \u00e0 un large public francophone et couvre l\u2019information tunisienne en temps r\u00e9el.","email":"redac@webdo.tn","legalName":"YNJ SARL","foundingDate":"2010-09-06","numberOfEmployees":{"@type":"QuantitativeValue","minValue":"11","maxValue":"50"}},{"@type":"Person","@id":"https:\/\/www.webdo.tn\/fr\/#\/schema\/person\/c652cd8fc2b1b44412b5ffb48c5a911d","name":"Mohamed Hedi Touati","image":{"@type":"ImageObject","inLanguage":"fr-FR","@id":"https:\/\/secure.gravatar.com\/avatar\/9cfd402c745b7a685f13eed0ea6e59d2144a3c2fc50a3db6fd5ed451f6cddf1a?s=96&d=mm&r=g","url":"https:\/\/secure.gravatar.com\/avatar\/9cfd402c745b7a685f13eed0ea6e59d2144a3c2fc50a3db6fd5ed451f6cddf1a?s=96&d=mm&r=g","contentUrl":"https:\/\/secure.gravatar.com\/avatar\/9cfd402c745b7a685f13eed0ea6e59d2144a3c2fc50a3db6fd5ed451f6cddf1a?s=96&d=mm&r=g","caption":"Mohamed Hedi Touati"},"url":"https:\/\/www.webdo.tn\/fr\/actualite\/author\/mohamed-hedi-touati\/"}]}},"_links":{"self":[{"href":"https:\/\/www.webdo.tn\/fr\/wp-json\/wp\/v2\/posts\/380753","targetHints":{"allow":["GET"]}}],"collection":[{"href":"https:\/\/www.webdo.tn\/fr\/wp-json\/wp\/v2\/posts"}],"about":[{"href":"https:\/\/www.webdo.tn\/fr\/wp-json\/wp\/v2\/types\/post"}],"author":[{"embeddable":true,"href":"https:\/\/www.webdo.tn\/fr\/wp-json\/wp\/v2\/users\/3191"}],"replies":[{"embeddable":true,"href":"https:\/\/www.webdo.tn\/fr\/wp-json\/wp\/v2\/comments?post=380753"}],"version-history":[{"count":0,"href":"https:\/\/www.webdo.tn\/fr\/wp-json\/wp\/v2\/posts\/380753\/revisions"}],"wp:featuredmedia":[{"embeddable":true,"href":"https:\/\/www.webdo.tn\/fr\/wp-json\/wp\/v2\/media\/380424"}],"wp:attachment":[{"href":"https:\/\/www.webdo.tn\/fr\/wp-json\/wp\/v2\/media?parent=380753"}],"wp:term":[{"taxonomy":"category","embeddable":true,"href":"https:\/\/www.webdo.tn\/fr\/wp-json\/wp\/v2\/categories?post=380753"},{"taxonomy":"post_tag","embeddable":true,"href":"https:\/\/www.webdo.tn\/fr\/wp-json\/wp\/v2\/tags?post=380753"}],"curies":[{"name":"wp","href":"https:\/\/api.w.org\/{rel}","templated":true}]}}