{"id":380677,"date":"2025-07-30T19:52:26","date_gmt":"2025-07-30T18:52:26","guid":{"rendered":"https:\/\/www.webdo.tn\/fr\/?p=380677"},"modified":"2025-07-31T08:19:48","modified_gmt":"2025-07-31T07:19:48","slug":"la-tunisie-accelere-le-projet-de-la-ville-intelligente-dediee-a-lautomobile","status":"publish","type":"post","link":"https:\/\/www.webdo.tn\/fr\/actualite\/national\/la-tunisie-accelere-le-projet-de-la-ville-intelligente-dediee-a-lautomobile\/380677\/","title":{"rendered":"La Tunisie acc\u00e9l\u00e8re le projet de la ville intelligente d\u00e9di\u00e9e \u00e0 l&rsquo;automobile"},"content":{"rendered":"\n<p><strong>Lors de sa pr\u00e9sidence du troisi\u00e8me comit\u00e9 de pilotage du projet de la ville intelligente d\u00e9di\u00e9e \u00e0 l&rsquo;industrie automobile, baptis\u00e9e \u00ab Automotive Smart City \u00bb, tenu ce mercredi 30 juillet 2025, la ministre de l\u2019Industrie, des Mines et de l\u2019\u00c9nergie, Fatma Thabet Chiboub, a appel\u00e9 \u00e0 intensifier les efforts et renforcer la coordination entre les diff\u00e9rentes parties prenantes pour concr\u00e9tiser ce projet ambitieux. <\/strong><\/p>\n\n\n\n<p>Un appel motiv\u00e9 par la mont\u00e9e en puissance des demandes d\u2019investissement dans le secteur de la construction automobile et de ses composants en Tunisie.<\/p>\n\n\n\n<p>Ont pris part \u00e0 cette r\u00e9union Afef Chechi Tlayari, cheffe de cabinet de la ministre, Mariem Loumi, pr\u00e9sidente de l\u2019Association tunisienne des fabricants de composants automobiles, ainsi que des repr\u00e9sentants de plusieurs minist\u00e8res tels que ceux des Affaires \u00e9trang\u00e8res, de l\u2019\u00c9conomie, du Commerce, de la Formation professionnelle, de l\u2019Emploi, ou encore de la Migration. <\/p>\n\n\n\n<p>\u00c9taient \u00e9galement pr\u00e9sents des repr\u00e9sentants de la GIZ (Agence allemande de coop\u00e9ration internationale), le directeur g\u00e9n\u00e9ral des industries manufacturi\u00e8res Fethi Sehlawi, le DG de l\u2019Agence fonci\u00e8re industrielle M. Kais Mejri, le DG du P\u00f4le de d\u00e9veloppement de Sousse Hichem Turki, en plus de cadres sup\u00e9rieurs du minist\u00e8re et du secteur priv\u00e9.<\/p>\n\n\n\n<p>La ministre a soulign\u00e9 que la r\u00e9alisation de cette ville intelligente s\u2019inscrit pleinement dans les grandes orientations de la strat\u00e9gie nationale de l\u2019industrie et de l\u2019innovation, ainsi que dans le cadre du pacte pour le renforcement de la comp\u00e9titivit\u00e9 du secteur de la fabrication des \u00e9quipements et composants automobiles \u00e0 l\u2019horizon 2027.<\/p>\n\n\n\n<p> Elle a mis en avant le r\u00f4le central de ce projet pour positionner la Tunisie comme une plateforme r\u00e9gionale dans ce secteur, contribuant ainsi \u00e0 am\u00e9liorer son int\u00e9gration dans les cha\u00eenes de valeur mondiales, \u00e0 doubler la valeur des exportations et \u00e0 g\u00e9n\u00e9rer de nouveaux emplois qualifi\u00e9s.<\/p>\n\n\n\n<p>La r\u00e9union a \u00e9galement permis de faire le point sur l\u2019\u00e9tat d\u2019avancement du projet, d\u2019\u00e9changer sur ses caract\u00e9ristiques techniques, ses principaux composants, les obstacles \u00e9ventuels, et de convenir des prochaines \u00e9tapes \u00e0 suivre pour acc\u00e9l\u00e9rer sa mise en \u0153uvre.<\/p>\n","protected":false},"excerpt":{"rendered":"<p>Lors de sa pr\u00e9sidence du troisi\u00e8me comit\u00e9 de pilotage du projet de la ville intelligente d\u00e9di\u00e9e \u00e0 l&rsquo;industrie automobile, baptis\u00e9e \u00ab Automotive Smart City \u00bb, tenu ce mercredi 30 juillet 2025, la ministre de l\u2019Industrie, des Mines et de l\u2019\u00c9nergie, Fatma Thabet Chiboub, a appel\u00e9 \u00e0 intensifier les efforts et renforcer la coordination entre les [&hellip;]<\/p>\n","protected":false},"author":3184,"featured_media":380678,"comment_status":"open","ping_status":"open","sticky":false,"template":"","format":"standard","meta":{"footnotes":""},"categories":[44],"tags":[2841,3012,12352,2608],"class_list":["post-380677","post","type-post","status-publish","format-standard","has-post-thumbnail","hentry","category-national","tag-automobile","tag-industrie","tag-smart-cities","tag-tunisie"],"yoast_head":"<!-- This site is optimized with the Yoast SEO Premium plugin v27.5 (Yoast SEO v27.5) - https:\/\/yoast.com\/product\/yoast-seo-premium-wordpress\/ -->\n<title>La Tunisie acc\u00e9l\u00e8re le projet de la ville intelligente d\u00e9di\u00e9e \u00e0 l&#039;automobile - webdo<\/title>\n<meta name=\"description\" content=\"D\u00e9couvrez les enjeux de la ville intelligente pour l\u2019industrie automobile et le r\u00f4le crucial des parties prenantes.\" \/>\n<link rel=\"canonical\" href=\"https:\/\/www.webdo.tn\/fr\/actualite\/national\/la-tunisie-accelere-le-projet-de-la-ville-intelligente-dediee-a-lautomobile\/380677\/\" \/>\n<meta property=\"og:locale\" content=\"fr_FR\" \/>\n<meta property=\"og:type\" content=\"article\" \/>\n<meta property=\"og:title\" content=\"La Tunisie acc\u00e9l\u00e8re le projet de la ville intelligente d\u00e9di\u00e9e \u00e0 l&#039;automobile\" \/>\n<meta property=\"og:description\" content=\"D\u00e9couvrez les enjeux de la ville intelligente pour l\u2019industrie automobile et le r\u00f4le crucial des parties prenantes.\" \/>\n<meta property=\"og:url\" content=\"https:\/\/www.webdo.tn\/fr\/actualite\/national\/la-tunisie-accelere-le-projet-de-la-ville-intelligente-dediee-a-lautomobile\/380677\/\" \/>\n<meta property=\"og:site_name\" content=\"webdo\" \/>\n<meta property=\"article:publisher\" content=\"https:\/\/www.facebook.com\/webdotn\" \/>\n<meta property=\"article:published_time\" content=\"2025-07-30T18:52:26+00:00\" \/>\n<meta property=\"article:modified_time\" content=\"2025-07-31T07:19:48+00:00\" \/>\n<meta property=\"og:image\" content=\"https:\/\/www.webdo.tn\/fr\/wp-content\/uploads\/2025\/07\/525680110_1187527726510394_8719017493925173035_n.jpg\" \/>\n\t<meta property=\"og:image:width\" content=\"927\" \/>\n\t<meta property=\"og:image:height\" content=\"491\" \/>\n\t<meta property=\"og:image:type\" content=\"image\/jpeg\" \/>\n<meta name=\"author\" content=\"Wided Belhaj\" \/>\n<meta name=\"twitter:card\" content=\"summary_large_image\" \/>\n<meta name=\"twitter:creator\" content=\"@webdo_tn\" \/>\n<meta name=\"twitter:site\" content=\"@webdo_tn\" \/>\n<meta name=\"twitter:label1\" content=\"\u00c9crit par\" \/>\n\t<meta name=\"twitter:data1\" content=\"Wided Belhaj\" \/>\n\t<meta name=\"twitter:label2\" content=\"Dur\u00e9e de lecture estim\u00e9e\" \/>\n\t<meta name=\"twitter:data2\" content=\"2 minutes\" \/>\n<script type=\"application\/ld+json\" class=\"yoast-schema-graph\">{\"@context\":\"https:\\\/\\\/schema.org\",\"@graph\":[{\"@type\":\"NewsArticle\",\"@id\":\"https:\\\/\\\/www.webdo.tn\\\/fr\\\/actualite\\\/national\\\/la-tunisie-accelere-le-projet-de-la-ville-intelligente-dediee-a-lautomobile\\\/380677\\\/#article\",\"isPartOf\":{\"@id\":\"https:\\\/\\\/www.webdo.tn\\\/fr\\\/actualite\\\/national\\\/la-tunisie-accelere-le-projet-de-la-ville-intelligente-dediee-a-lautomobile\\\/380677\\\/\"},\"author\":{\"name\":\"Wided Belhaj\",\"@id\":\"https:\\\/\\\/www.webdo.tn\\\/fr\\\/#\\\/schema\\\/person\\\/b9ecde7a5574cb4fcf4b496ea5fadb15\"},\"headline\":\"La Tunisie acc\u00e9l\u00e8re le projet de la ville intelligente d\u00e9di\u00e9e \u00e0 l&rsquo;automobile\",\"datePublished\":\"2025-07-30T18:52:26+00:00\",\"dateModified\":\"2025-07-31T07:19:48+00:00\",\"mainEntityOfPage\":{\"@id\":\"https:\\\/\\\/www.webdo.tn\\\/fr\\\/actualite\\\/national\\\/la-tunisie-accelere-le-projet-de-la-ville-intelligente-dediee-a-lautomobile\\\/380677\\\/\"},\"wordCount\":387,\"commentCount\":0,\"publisher\":{\"@id\":\"https:\\\/\\\/www.webdo.tn\\\/fr\\\/#organization\"},\"image\":{\"@id\":\"https:\\\/\\\/www.webdo.tn\\\/fr\\\/actualite\\\/national\\\/la-tunisie-accelere-le-projet-de-la-ville-intelligente-dediee-a-lautomobile\\\/380677\\\/#primaryimage\"},\"thumbnailUrl\":\"https:\\\/\\\/www.webdo.tn\\\/fr\\\/wp-content\\\/uploads\\\/2025\\\/07\\\/525680110_1187527726510394_8719017493925173035_n.jpg\",\"keywords\":[\"Automobile\",\"industrie\",\"SMART CITIES\",\"Tunisie\"],\"articleSection\":[\"National\"],\"inLanguage\":\"fr-FR\"},{\"@type\":\"WebPage\",\"@id\":\"https:\\\/\\\/www.webdo.tn\\\/fr\\\/actualite\\\/national\\\/la-tunisie-accelere-le-projet-de-la-ville-intelligente-dediee-a-lautomobile\\\/380677\\\/\",\"url\":\"https:\\\/\\\/www.webdo.tn\\\/fr\\\/actualite\\\/national\\\/la-tunisie-accelere-le-projet-de-la-ville-intelligente-dediee-a-lautomobile\\\/380677\\\/\",\"name\":\"La Tunisie acc\u00e9l\u00e8re le projet de la ville intelligente d\u00e9di\u00e9e \u00e0 l'automobile - webdo\",\"isPartOf\":{\"@id\":\"https:\\\/\\\/www.webdo.tn\\\/fr\\\/#website\"},\"primaryImageOfPage\":{\"@id\":\"https:\\\/\\\/www.webdo.tn\\\/fr\\\/actualite\\\/national\\\/la-tunisie-accelere-le-projet-de-la-ville-intelligente-dediee-a-lautomobile\\\/380677\\\/#primaryimage\"},\"image\":{\"@id\":\"https:\\\/\\\/www.webdo.tn\\\/fr\\\/actualite\\\/national\\\/la-tunisie-accelere-le-projet-de-la-ville-intelligente-dediee-a-lautomobile\\\/380677\\\/#primaryimage\"},\"thumbnailUrl\":\"https:\\\/\\\/www.webdo.tn\\\/fr\\\/wp-content\\\/uploads\\\/2025\\\/07\\\/525680110_1187527726510394_8719017493925173035_n.jpg\",\"datePublished\":\"2025-07-30T18:52:26+00:00\",\"dateModified\":\"2025-07-31T07:19:48+00:00\",\"description\":\"D\u00e9couvrez les enjeux de la ville intelligente pour l\u2019industrie automobile et le r\u00f4le crucial des parties prenantes.\",\"breadcrumb\":{\"@id\":\"https:\\\/\\\/www.webdo.tn\\\/fr\\\/actualite\\\/national\\\/la-tunisie-accelere-le-projet-de-la-ville-intelligente-dediee-a-lautomobile\\\/380677\\\/#breadcrumb\"},\"inLanguage\":\"fr-FR\",\"potentialAction\":[{\"@type\":\"ReadAction\",\"target\":[\"https:\\\/\\\/www.webdo.tn\\\/fr\\\/actualite\\\/national\\\/la-tunisie-accelere-le-projet-de-la-ville-intelligente-dediee-a-lautomobile\\\/380677\\\/\"]}]},{\"@type\":\"ImageObject\",\"inLanguage\":\"fr-FR\",\"@id\":\"https:\\\/\\\/www.webdo.tn\\\/fr\\\/actualite\\\/national\\\/la-tunisie-accelere-le-projet-de-la-ville-intelligente-dediee-a-lautomobile\\\/380677\\\/#primaryimage\",\"url\":\"https:\\\/\\\/www.webdo.tn\\\/fr\\\/wp-content\\\/uploads\\\/2025\\\/07\\\/525680110_1187527726510394_8719017493925173035_n.jpg\",\"contentUrl\":\"https:\\\/\\\/www.webdo.tn\\\/fr\\\/wp-content\\\/uploads\\\/2025\\\/07\\\/525680110_1187527726510394_8719017493925173035_n.jpg\",\"width\":927,\"height\":491},{\"@type\":\"BreadcrumbList\",\"@id\":\"https:\\\/\\\/www.webdo.tn\\\/fr\\\/actualite\\\/national\\\/la-tunisie-accelere-le-projet-de-la-ville-intelligente-dediee-a-lautomobile\\\/380677\\\/#breadcrumb\",\"itemListElement\":[{\"@type\":\"ListItem\",\"position\":1,\"name\":\"Accueil\",\"item\":\"https:\\\/\\\/www.webdo.tn\\\/fr\\\/\"},{\"@type\":\"ListItem\",\"position\":2,\"name\":\"La Tunisie acc\u00e9l\u00e8re le projet de la ville intelligente d\u00e9di\u00e9e \u00e0 l&rsquo;automobile\"}]},{\"@type\":\"WebSite\",\"@id\":\"https:\\\/\\\/www.webdo.tn\\\/fr\\\/#website\",\"url\":\"https:\\\/\\\/www.webdo.tn\\\/fr\\\/\",\"name\":\"webdo\",\"description\":\"Tunisie - News en Tunisie et \u00e0 l&#039;international sur Webdo.tn\",\"publisher\":{\"@id\":\"https:\\\/\\\/www.webdo.tn\\\/fr\\\/#organization\"},\"potentialAction\":[{\"@type\":\"SearchAction\",\"target\":{\"@type\":\"EntryPoint\",\"urlTemplate\":\"https:\\\/\\\/www.webdo.tn\\\/fr\\\/?s={search_term_string}\"},\"query-input\":{\"@type\":\"PropertyValueSpecification\",\"valueRequired\":true,\"valueName\":\"search_term_string\"}}],\"inLanguage\":\"fr-FR\"},{\"@type\":\"Organization\",\"@id\":\"https:\\\/\\\/www.webdo.tn\\\/fr\\\/#organization\",\"name\":\"Webdo\",\"alternateName\":\"Webdo.tn\",\"url\":\"https:\\\/\\\/www.webdo.tn\\\/fr\\\/\",\"logo\":{\"@type\":\"ImageObject\",\"inLanguage\":\"fr-FR\",\"@id\":\"https:\\\/\\\/www.webdo.tn\\\/fr\\\/#\\\/schema\\\/logo\\\/image\\\/\",\"url\":\"https:\\\/\\\/www.webdo.tn\\\/fr\\\/wp-content\\\/uploads\\\/2025\\\/06\\\/Webdo-Tunisie_168377.jpg\",\"contentUrl\":\"https:\\\/\\\/www.webdo.tn\\\/fr\\\/wp-content\\\/uploads\\\/2025\\\/06\\\/Webdo-Tunisie_168377.jpg\",\"width\":301,\"height\":301,\"caption\":\"Webdo\"},\"image\":{\"@id\":\"https:\\\/\\\/www.webdo.tn\\\/fr\\\/#\\\/schema\\\/logo\\\/image\\\/\"},\"sameAs\":[\"https:\\\/\\\/www.facebook.com\\\/webdotn\",\"https:\\\/\\\/x.com\\\/webdo_tn\"],\"description\":\"Webdo est un m\u00e9dia num\u00e9rique tunisien fond\u00e9 en 2010, sp\u00e9cialis\u00e9 dans l\u2019actualit\u00e9 nationale et internationale, l\u2019\u00e9conomie, la soci\u00e9t\u00e9 et les analyses politiques. Le site s\u2019adresse \u00e0 un large public francophone et couvre l\u2019information tunisienne en temps r\u00e9el.\",\"email\":\"redac@webdo.tn\",\"legalName\":\"YNJ SARL\",\"foundingDate\":\"2010-09-06\",\"numberOfEmployees\":{\"@type\":\"QuantitativeValue\",\"minValue\":\"11\",\"maxValue\":\"50\"}},{\"@type\":\"Person\",\"@id\":\"https:\\\/\\\/www.webdo.tn\\\/fr\\\/#\\\/schema\\\/person\\\/b9ecde7a5574cb4fcf4b496ea5fadb15\",\"name\":\"Wided Belhaj\",\"image\":{\"@type\":\"ImageObject\",\"inLanguage\":\"fr-FR\",\"@id\":\"https:\\\/\\\/www.webdo.tn\\\/fr\\\/wp-content\\\/uploads\\\/2026\\\/04\\\/wided-belhaj_avatar-96x96.jpg\",\"url\":\"https:\\\/\\\/www.webdo.tn\\\/fr\\\/wp-content\\\/uploads\\\/2026\\\/04\\\/wided-belhaj_avatar-96x96.jpg\",\"contentUrl\":\"https:\\\/\\\/www.webdo.tn\\\/fr\\\/wp-content\\\/uploads\\\/2026\\\/04\\\/wided-belhaj_avatar-96x96.jpg\",\"caption\":\"Wided Belhaj\"},\"description\":\"Wided Belhaj est le pseudonyme \u00e9ditorial utilis\u00e9 par Khalil Jelassi, journaliste, ma\u00eetre-assistant \u00e0 l\u2019Institut de presse et des sciences de l\u2019information (IPSI) et chercheur en sciences de l\u2019information et de la communication. Cette signature est d\u00e9di\u00e9e \u00e0 l\u2019analyse des m\u00e9dias, des pratiques journalistiques et des mutations de l\u2019information \u00e0 l\u2019\u00e8re digitale. \u00c0 travers ses contributions, Wided Belhaj propose une lecture analytique de l\u2019actualit\u00e9, en croisant regard critique et expertise acad\u00e9mique.\",\"knowsAbout\":[\"m\u00e9dias\",\"journalisme\",\"communication\",\"information\",\"transformation num\u00e9rique\",\"analyse des m\u00e9dias\"],\"knowsLanguage\":[\"Fran\u00e7ais\",\"Arabe\"],\"jobTitle\":\"Webdo.tn\",\"worksFor\":\"Journaliste \u2013 Analyse des m\u00e9dias\",\"url\":\"https:\\\/\\\/www.webdo.tn\\\/fr\\\/actualite\\\/author\\\/wided-belhaj\\\/\"}]}<\/script>\n<!-- \/ Yoast SEO Premium plugin. -->","yoast_head_json":{"title":"La Tunisie acc\u00e9l\u00e8re le projet de la ville intelligente d\u00e9di\u00e9e \u00e0 l'automobile - webdo","description":"D\u00e9couvrez les enjeux de la ville intelligente pour l\u2019industrie automobile et le r\u00f4le crucial des parties prenantes.","canonical":"https:\/\/www.webdo.tn\/fr\/actualite\/national\/la-tunisie-accelere-le-projet-de-la-ville-intelligente-dediee-a-lautomobile\/380677\/","og_locale":"fr_FR","og_type":"article","og_title":"La Tunisie acc\u00e9l\u00e8re le projet de la ville intelligente d\u00e9di\u00e9e \u00e0 l'automobile","og_description":"D\u00e9couvrez les enjeux de la ville intelligente pour l\u2019industrie automobile et le r\u00f4le crucial des parties prenantes.","og_url":"https:\/\/www.webdo.tn\/fr\/actualite\/national\/la-tunisie-accelere-le-projet-de-la-ville-intelligente-dediee-a-lautomobile\/380677\/","og_site_name":"webdo","article_publisher":"https:\/\/www.facebook.com\/webdotn","article_published_time":"2025-07-30T18:52:26+00:00","article_modified_time":"2025-07-31T07:19:48+00:00","og_image":[{"width":927,"height":491,"url":"https:\/\/www.webdo.tn\/fr\/wp-content\/uploads\/2025\/07\/525680110_1187527726510394_8719017493925173035_n.jpg","type":"image\/jpeg"}],"author":"Wided Belhaj","twitter_card":"summary_large_image","twitter_creator":"@webdo_tn","twitter_site":"@webdo_tn","twitter_misc":{"\u00c9crit par":"Wided Belhaj","Dur\u00e9e de lecture estim\u00e9e":"2 minutes"},"schema":{"@context":"https:\/\/schema.org","@graph":[{"@type":"NewsArticle","@id":"https:\/\/www.webdo.tn\/fr\/actualite\/national\/la-tunisie-accelere-le-projet-de-la-ville-intelligente-dediee-a-lautomobile\/380677\/#article","isPartOf":{"@id":"https:\/\/www.webdo.tn\/fr\/actualite\/national\/la-tunisie-accelere-le-projet-de-la-ville-intelligente-dediee-a-lautomobile\/380677\/"},"author":{"name":"Wided Belhaj","@id":"https:\/\/www.webdo.tn\/fr\/#\/schema\/person\/b9ecde7a5574cb4fcf4b496ea5fadb15"},"headline":"La Tunisie acc\u00e9l\u00e8re le projet de la ville intelligente d\u00e9di\u00e9e \u00e0 l&rsquo;automobile","datePublished":"2025-07-30T18:52:26+00:00","dateModified":"2025-07-31T07:19:48+00:00","mainEntityOfPage":{"@id":"https:\/\/www.webdo.tn\/fr\/actualite\/national\/la-tunisie-accelere-le-projet-de-la-ville-intelligente-dediee-a-lautomobile\/380677\/"},"wordCount":387,"commentCount":0,"publisher":{"@id":"https:\/\/www.webdo.tn\/fr\/#organization"},"image":{"@id":"https:\/\/www.webdo.tn\/fr\/actualite\/national\/la-tunisie-accelere-le-projet-de-la-ville-intelligente-dediee-a-lautomobile\/380677\/#primaryimage"},"thumbnailUrl":"https:\/\/www.webdo.tn\/fr\/wp-content\/uploads\/2025\/07\/525680110_1187527726510394_8719017493925173035_n.jpg","keywords":["Automobile","industrie","SMART CITIES","Tunisie"],"articleSection":["National"],"inLanguage":"fr-FR"},{"@type":"WebPage","@id":"https:\/\/www.webdo.tn\/fr\/actualite\/national\/la-tunisie-accelere-le-projet-de-la-ville-intelligente-dediee-a-lautomobile\/380677\/","url":"https:\/\/www.webdo.tn\/fr\/actualite\/national\/la-tunisie-accelere-le-projet-de-la-ville-intelligente-dediee-a-lautomobile\/380677\/","name":"La Tunisie acc\u00e9l\u00e8re le projet de la ville intelligente d\u00e9di\u00e9e \u00e0 l'automobile - webdo","isPartOf":{"@id":"https:\/\/www.webdo.tn\/fr\/#website"},"primaryImageOfPage":{"@id":"https:\/\/www.webdo.tn\/fr\/actualite\/national\/la-tunisie-accelere-le-projet-de-la-ville-intelligente-dediee-a-lautomobile\/380677\/#primaryimage"},"image":{"@id":"https:\/\/www.webdo.tn\/fr\/actualite\/national\/la-tunisie-accelere-le-projet-de-la-ville-intelligente-dediee-a-lautomobile\/380677\/#primaryimage"},"thumbnailUrl":"https:\/\/www.webdo.tn\/fr\/wp-content\/uploads\/2025\/07\/525680110_1187527726510394_8719017493925173035_n.jpg","datePublished":"2025-07-30T18:52:26+00:00","dateModified":"2025-07-31T07:19:48+00:00","description":"D\u00e9couvrez les enjeux de la ville intelligente pour l\u2019industrie automobile et le r\u00f4le crucial des parties prenantes.","breadcrumb":{"@id":"https:\/\/www.webdo.tn\/fr\/actualite\/national\/la-tunisie-accelere-le-projet-de-la-ville-intelligente-dediee-a-lautomobile\/380677\/#breadcrumb"},"inLanguage":"fr-FR","potentialAction":[{"@type":"ReadAction","target":["https:\/\/www.webdo.tn\/fr\/actualite\/national\/la-tunisie-accelere-le-projet-de-la-ville-intelligente-dediee-a-lautomobile\/380677\/"]}]},{"@type":"ImageObject","inLanguage":"fr-FR","@id":"https:\/\/www.webdo.tn\/fr\/actualite\/national\/la-tunisie-accelere-le-projet-de-la-ville-intelligente-dediee-a-lautomobile\/380677\/#primaryimage","url":"https:\/\/www.webdo.tn\/fr\/wp-content\/uploads\/2025\/07\/525680110_1187527726510394_8719017493925173035_n.jpg","contentUrl":"https:\/\/www.webdo.tn\/fr\/wp-content\/uploads\/2025\/07\/525680110_1187527726510394_8719017493925173035_n.jpg","width":927,"height":491},{"@type":"BreadcrumbList","@id":"https:\/\/www.webdo.tn\/fr\/actualite\/national\/la-tunisie-accelere-le-projet-de-la-ville-intelligente-dediee-a-lautomobile\/380677\/#breadcrumb","itemListElement":[{"@type":"ListItem","position":1,"name":"Accueil","item":"https:\/\/www.webdo.tn\/fr\/"},{"@type":"ListItem","position":2,"name":"La Tunisie acc\u00e9l\u00e8re le projet de la ville intelligente d\u00e9di\u00e9e \u00e0 l&rsquo;automobile"}]},{"@type":"WebSite","@id":"https:\/\/www.webdo.tn\/fr\/#website","url":"https:\/\/www.webdo.tn\/fr\/","name":"webdo","description":"Tunisie - News en Tunisie et \u00e0 l&#039;international sur Webdo.tn","publisher":{"@id":"https:\/\/www.webdo.tn\/fr\/#organization"},"potentialAction":[{"@type":"SearchAction","target":{"@type":"EntryPoint","urlTemplate":"https:\/\/www.webdo.tn\/fr\/?s={search_term_string}"},"query-input":{"@type":"PropertyValueSpecification","valueRequired":true,"valueName":"search_term_string"}}],"inLanguage":"fr-FR"},{"@type":"Organization","@id":"https:\/\/www.webdo.tn\/fr\/#organization","name":"Webdo","alternateName":"Webdo.tn","url":"https:\/\/www.webdo.tn\/fr\/","logo":{"@type":"ImageObject","inLanguage":"fr-FR","@id":"https:\/\/www.webdo.tn\/fr\/#\/schema\/logo\/image\/","url":"https:\/\/www.webdo.tn\/fr\/wp-content\/uploads\/2025\/06\/Webdo-Tunisie_168377.jpg","contentUrl":"https:\/\/www.webdo.tn\/fr\/wp-content\/uploads\/2025\/06\/Webdo-Tunisie_168377.jpg","width":301,"height":301,"caption":"Webdo"},"image":{"@id":"https:\/\/www.webdo.tn\/fr\/#\/schema\/logo\/image\/"},"sameAs":["https:\/\/www.facebook.com\/webdotn","https:\/\/x.com\/webdo_tn"],"description":"Webdo est un m\u00e9dia num\u00e9rique tunisien fond\u00e9 en 2010, sp\u00e9cialis\u00e9 dans l\u2019actualit\u00e9 nationale et internationale, l\u2019\u00e9conomie, la soci\u00e9t\u00e9 et les analyses politiques. Le site s\u2019adresse \u00e0 un large public francophone et couvre l\u2019information tunisienne en temps r\u00e9el.","email":"redac@webdo.tn","legalName":"YNJ SARL","foundingDate":"2010-09-06","numberOfEmployees":{"@type":"QuantitativeValue","minValue":"11","maxValue":"50"}},{"@type":"Person","@id":"https:\/\/www.webdo.tn\/fr\/#\/schema\/person\/b9ecde7a5574cb4fcf4b496ea5fadb15","name":"Wided Belhaj","image":{"@type":"ImageObject","inLanguage":"fr-FR","@id":"https:\/\/www.webdo.tn\/fr\/wp-content\/uploads\/2026\/04\/wided-belhaj_avatar-96x96.jpg","url":"https:\/\/www.webdo.tn\/fr\/wp-content\/uploads\/2026\/04\/wided-belhaj_avatar-96x96.jpg","contentUrl":"https:\/\/www.webdo.tn\/fr\/wp-content\/uploads\/2026\/04\/wided-belhaj_avatar-96x96.jpg","caption":"Wided Belhaj"},"description":"Wided Belhaj est le pseudonyme \u00e9ditorial utilis\u00e9 par Khalil Jelassi, journaliste, ma\u00eetre-assistant \u00e0 l\u2019Institut de presse et des sciences de l\u2019information (IPSI) et chercheur en sciences de l\u2019information et de la communication. Cette signature est d\u00e9di\u00e9e \u00e0 l\u2019analyse des m\u00e9dias, des pratiques journalistiques et des mutations de l\u2019information \u00e0 l\u2019\u00e8re digitale. \u00c0 travers ses contributions, Wided Belhaj propose une lecture analytique de l\u2019actualit\u00e9, en croisant regard critique et expertise acad\u00e9mique.","knowsAbout":["m\u00e9dias","journalisme","communication","information","transformation num\u00e9rique","analyse des m\u00e9dias"],"knowsLanguage":["Fran\u00e7ais","Arabe"],"jobTitle":"Webdo.tn","worksFor":"Journaliste \u2013 Analyse des m\u00e9dias","url":"https:\/\/www.webdo.tn\/fr\/actualite\/author\/wided-belhaj\/"}]}},"_links":{"self":[{"href":"https:\/\/www.webdo.tn\/fr\/wp-json\/wp\/v2\/posts\/380677","targetHints":{"allow":["GET"]}}],"collection":[{"href":"https:\/\/www.webdo.tn\/fr\/wp-json\/wp\/v2\/posts"}],"about":[{"href":"https:\/\/www.webdo.tn\/fr\/wp-json\/wp\/v2\/types\/post"}],"author":[{"embeddable":true,"href":"https:\/\/www.webdo.tn\/fr\/wp-json\/wp\/v2\/users\/3184"}],"replies":[{"embeddable":true,"href":"https:\/\/www.webdo.tn\/fr\/wp-json\/wp\/v2\/comments?post=380677"}],"version-history":[{"count":0,"href":"https:\/\/www.webdo.tn\/fr\/wp-json\/wp\/v2\/posts\/380677\/revisions"}],"wp:featuredmedia":[{"embeddable":true,"href":"https:\/\/www.webdo.tn\/fr\/wp-json\/wp\/v2\/media\/380678"}],"wp:attachment":[{"href":"https:\/\/www.webdo.tn\/fr\/wp-json\/wp\/v2\/media?parent=380677"}],"wp:term":[{"taxonomy":"category","embeddable":true,"href":"https:\/\/www.webdo.tn\/fr\/wp-json\/wp\/v2\/categories?post=380677"},{"taxonomy":"post_tag","embeddable":true,"href":"https:\/\/www.webdo.tn\/fr\/wp-json\/wp\/v2\/tags?post=380677"}],"curies":[{"name":"wp","href":"https:\/\/api.w.org\/{rel}","templated":true}]}}