{"id":380654,"date":"2025-07-30T14:18:35","date_gmt":"2025-07-30T13:18:35","guid":{"rendered":"https:\/\/www.webdo.tn\/fr\/?p=380654"},"modified":"2025-07-31T08:16:32","modified_gmt":"2025-07-31T07:16:32","slug":"flottille-pour-gaza-le-tunisien-hatem-laaouini-toujours-detenu-par-israel","status":"publish","type":"post","link":"https:\/\/www.webdo.tn\/fr\/actualite\/national\/flottille-pour-gaza-le-tunisien-hatem-laaouini-toujours-detenu-par-israel\/380654\/","title":{"rendered":"Flottille pour Gaza : Le Tunisien Hatem La\u00e2ouini toujours d\u00e9tenu par Isra\u00ebl"},"content":{"rendered":"\n<p><strong>Ce qu\u2019il faut retenir de l\u2019affaire Hatem La\u00e2ouini, seul militant non fix\u00e9 pour le rapatriement<\/strong><\/p>\n\n\n\n<p>Isra\u00ebl a annonc\u00e9 le rapatriement de tous les militants arr\u00eat\u00e9s \u00e0 bord du navire Hanzala, qui tentait de briser le blocus de Gaza. Toutefois, le militant tunisien Hatem La\u00e2ouini a \u00e9t\u00e9 exclu de cette proc\u00e9dure, selon le coordinateur Wael Naouar, membre de la campagne tunisienne de soutien \u00e0 la Palestine.<\/p>\n\n\n\n<p>Dans un message publi\u00e9 sur Facebook, Naouar pr\u00e9cise que les autorit\u00e9s d\u2019occupation n\u2019ont pas fix\u00e9 de date pour son expulsion, contrairement aux autres militants \u00e9trangers arr\u00eat\u00e9s lors de l\u2019op\u00e9ration en mer. Son \u00e9quipe de d\u00e9fense est actuellement en train d&rsquo;examiner les d\u00e9tails de son dossier.<\/p>\n\n\n\n<p>La situation de La\u00e2ouini est particuli\u00e8rement d\u00e9licate du fait de l&rsquo;absence de relations diplomatiques entre la Tunisie et Isra\u00ebl, ce qui le prive de tout appui consulaire ou de n\u00e9gociation officielle pour sa lib\u00e9ration.<\/p>\n\n\n\n<p><strong>Des voix s\u2019\u00e9l\u00e8vent pour exiger sa lib\u00e9ration<\/strong><\/p>\n\n\n\n<p>Turkia Cha\u00efbi, l&rsquo;\u00e9pouse de Hatem La\u00e2ouini, a rappel\u00e9 dans une d\u00e9claration ant\u00e9rieure que des avocats palestiniens d\u2019Isra\u00ebl (Arabes de 1948) se sont port\u00e9s volontaires pour assurer sa d\u00e9fense. Elle a soulign\u00e9 que son mari est le plus expos\u00e9 parmi tous les passagers, faute d\u2019un \u00c9tat pouvant officiellement demander son rapatriement.<\/p>\n\n\n\n<p>Par ailleurs, plusieurs ONG et institutions internationales ont d\u00e9nonc\u00e9 l&rsquo;interception de la flottille en haute mer, la qualifiant de violation du droit international et d\u2019atteinte \u00e0 la libert\u00e9 de solidarit\u00e9 humanitaire.<\/p>\n\n\n\n<p><strong>La mission du navire \u00ab Hanzala \u00bb pour Gaza<\/strong><\/p>\n\n\n\n<p>Le bateau Hanzala, du nom de l\u2019ic\u00f4ne de la r\u00e9sistance cr\u00e9\u00e9e par le dessinateur palestinien Naji al-Ali, faisait partie d\u2019un nouveau convoi maritime du mouvement \u00ab\u00a0Flottille de la libert\u00e9\u00a0\u00bb. Il avait quitt\u00e9 un port europ\u00e9en avec \u00e0 son bord des militants issus de divers horizons \u2013 m\u00e9decins, juristes, parlementaires, d\u00e9fenseurs des droits humains \u2013 pour d\u00e9noncer le blocus isra\u00e9lien impos\u00e9 \u00e0 Gaza.<\/p>\n\n\n\n<p>L\u2019arm\u00e9e isra\u00e9lienne a intercept\u00e9 le navire en pleine mer et l\u2019a escort\u00e9 jusqu\u2019au port d\u2019Ashdod. La majorit\u00e9 des passagers ont depuis \u00e9t\u00e9 expuls\u00e9s, \u00e0 l\u2019exception notable de Hatem El-Aouini.<\/p>\n\n\n\n<p><\/p>\n\n\n\n<iframe src=\"https:\/\/www.facebook.com\/plugins\/post.php?href=https%3A%2F%2Fwww.facebook.com%2Fwael.naouar.2025%2Fposts%2Fpfbid0DKcyt6AjMwj9U3mDgJz34exUpUfnYAKBWR9pK1ynvdbLiEKZ1kUPLXsX62BCsx1wl&#038;show_text=true&#038;width=500\" width=\"500\" height=\"174\" style=\"border:none;overflow:hidden\" scrolling=\"no\" frameborder=\"0\" allowfullscreen=\"true\" allow=\"autoplay; clipboard-write; encrypted-media; picture-in-picture; web-share\"><\/iframe>\n\n\n\n<p><\/p>\n\n\n\n<ul class=\"wp-block-list\">\n<li>Lire aussi : <a href=\"https:\/\/www.webdo.tn\/fr\/actualite\/international\/arraisonnement-du-navire-handala-mobilisation-pour-la-liberation-de-hatem-laaouini\/380423\/\">Arraisonnement du navire Handala : mobilisation pour la lib\u00e9ration de Hatem La\u00e2ouini<\/a><\/li>\n<\/ul>\n","protected":false},"excerpt":{"rendered":"<p>Ce qu\u2019il faut retenir de l\u2019affaire Hatem La\u00e2ouini, seul militant non fix\u00e9 pour le rapatriement Isra\u00ebl a annonc\u00e9 le rapatriement de tous les militants arr\u00eat\u00e9s \u00e0 bord du navire Hanzala, qui tentait de briser le blocus de Gaza. Toutefois, le militant tunisien Hatem La\u00e2ouini a \u00e9t\u00e9 exclu de cette proc\u00e9dure, selon le coordinateur Wael Naouar, [&hellip;]<\/p>\n","protected":false},"author":3191,"featured_media":380655,"comment_status":"open","ping_status":"open","sticky":false,"template":"","format":"standard","meta":{"footnotes":""},"categories":[44],"tags":[2689,12348,12323,2608],"class_list":["post-380654","post","type-post","status-publish","format-standard","has-post-thumbnail","hentry","category-national","tag-gaza","tag-hanzala","tag-hatem-laaouini","tag-tunisie"],"yoast_head":"<!-- This site is optimized with the Yoast SEO Premium plugin v27.4 (Yoast SEO v27.5) - https:\/\/yoast.com\/product\/yoast-seo-premium-wordpress\/ -->\n<title>Flottille pour Gaza : Le Tunisien Hatem La\u00e2ouini toujours d\u00e9tenu par Isra\u00ebl - webdo<\/title>\n<meta name=\"description\" content=\"D\u00e9couvrez l&#039;affaire Hatem El-Aouini et le rapatriement des militants de la Flottille pour Gaza arr\u00eat\u00e9 par Isra\u00ebl.\" \/>\n<link rel=\"canonical\" href=\"https:\/\/www.webdo.tn\/fr\/actualite\/national\/flottille-pour-gaza-le-tunisien-hatem-laaouini-toujours-detenu-par-israel\/380654\/\" \/>\n<meta property=\"og:locale\" content=\"fr_FR\" \/>\n<meta property=\"og:type\" content=\"article\" \/>\n<meta property=\"og:title\" content=\"Flottille pour Gaza : Le Tunisien Hatem La\u00e2ouini toujours d\u00e9tenu par Isra\u00ebl\" \/>\n<meta property=\"og:description\" content=\"D\u00e9couvrez l&#039;affaire Hatem El-Aouini et le rapatriement des militants de la Flottille pour Gaza arr\u00eat\u00e9 par Isra\u00ebl.\" \/>\n<meta property=\"og:url\" content=\"https:\/\/www.webdo.tn\/fr\/actualite\/national\/flottille-pour-gaza-le-tunisien-hatem-laaouini-toujours-detenu-par-israel\/380654\/\" \/>\n<meta property=\"og:site_name\" content=\"webdo\" \/>\n<meta property=\"article:publisher\" content=\"https:\/\/www.facebook.com\/webdotn\" \/>\n<meta property=\"article:published_time\" content=\"2025-07-30T13:18:35+00:00\" \/>\n<meta property=\"article:modified_time\" content=\"2025-07-31T07:16:32+00:00\" \/>\n<meta property=\"og:image\" content=\"https:\/\/www.webdo.tn\/fr\/wp-content\/uploads\/2025\/07\/b6d4cdb3-801a-46e0-a932-59b145ee11fc.jpeg\" \/>\n\t<meta property=\"og:image:width\" content=\"1200\" \/>\n\t<meta property=\"og:image:height\" content=\"630\" \/>\n\t<meta property=\"og:image:type\" content=\"image\/jpeg\" \/>\n<meta name=\"author\" content=\"Mohamed Hedi Touati\" \/>\n<meta name=\"twitter:card\" content=\"summary_large_image\" \/>\n<meta name=\"twitter:creator\" content=\"@webdo_tn\" \/>\n<meta name=\"twitter:site\" content=\"@webdo_tn\" \/>\n<meta name=\"twitter:label1\" content=\"\u00c9crit par\" \/>\n\t<meta name=\"twitter:data1\" content=\"Mohamed Hedi Touati\" \/>\n\t<meta name=\"twitter:label2\" content=\"Dur\u00e9e de lecture estim\u00e9e\" \/>\n\t<meta name=\"twitter:data2\" content=\"2 minutes\" \/>\n<script type=\"application\/ld+json\" class=\"yoast-schema-graph\">{\"@context\":\"https:\\\/\\\/schema.org\",\"@graph\":[{\"@type\":\"NewsArticle\",\"@id\":\"https:\\\/\\\/www.webdo.tn\\\/fr\\\/actualite\\\/national\\\/flottille-pour-gaza-le-tunisien-hatem-laaouini-toujours-detenu-par-israel\\\/380654\\\/#article\",\"isPartOf\":{\"@id\":\"https:\\\/\\\/www.webdo.tn\\\/fr\\\/actualite\\\/national\\\/flottille-pour-gaza-le-tunisien-hatem-laaouini-toujours-detenu-par-israel\\\/380654\\\/\"},\"author\":{\"name\":\"Mohamed Hedi Touati\",\"@id\":\"https:\\\/\\\/www.webdo.tn\\\/fr\\\/#\\\/schema\\\/person\\\/c652cd8fc2b1b44412b5ffb48c5a911d\"},\"headline\":\"Flottille pour Gaza : Le Tunisien Hatem La\u00e2ouini toujours d\u00e9tenu par Isra\u00ebl\",\"datePublished\":\"2025-07-30T13:18:35+00:00\",\"dateModified\":\"2025-07-31T07:16:32+00:00\",\"mainEntityOfPage\":{\"@id\":\"https:\\\/\\\/www.webdo.tn\\\/fr\\\/actualite\\\/national\\\/flottille-pour-gaza-le-tunisien-hatem-laaouini-toujours-detenu-par-israel\\\/380654\\\/\"},\"wordCount\":410,\"commentCount\":0,\"publisher\":{\"@id\":\"https:\\\/\\\/www.webdo.tn\\\/fr\\\/#organization\"},\"image\":{\"@id\":\"https:\\\/\\\/www.webdo.tn\\\/fr\\\/actualite\\\/national\\\/flottille-pour-gaza-le-tunisien-hatem-laaouini-toujours-detenu-par-israel\\\/380654\\\/#primaryimage\"},\"thumbnailUrl\":\"https:\\\/\\\/www.webdo.tn\\\/fr\\\/wp-content\\\/uploads\\\/2025\\\/07\\\/b6d4cdb3-801a-46e0-a932-59b145ee11fc.jpeg\",\"keywords\":[\"Gaza\",\"Hanzala\",\"Hatem La\u00e2ouini\",\"Tunisie\"],\"articleSection\":[\"National\"],\"inLanguage\":\"fr-FR\"},{\"@type\":\"WebPage\",\"@id\":\"https:\\\/\\\/www.webdo.tn\\\/fr\\\/actualite\\\/national\\\/flottille-pour-gaza-le-tunisien-hatem-laaouini-toujours-detenu-par-israel\\\/380654\\\/\",\"url\":\"https:\\\/\\\/www.webdo.tn\\\/fr\\\/actualite\\\/national\\\/flottille-pour-gaza-le-tunisien-hatem-laaouini-toujours-detenu-par-israel\\\/380654\\\/\",\"name\":\"Flottille pour Gaza : Le Tunisien Hatem La\u00e2ouini toujours d\u00e9tenu par Isra\u00ebl - webdo\",\"isPartOf\":{\"@id\":\"https:\\\/\\\/www.webdo.tn\\\/fr\\\/#website\"},\"primaryImageOfPage\":{\"@id\":\"https:\\\/\\\/www.webdo.tn\\\/fr\\\/actualite\\\/national\\\/flottille-pour-gaza-le-tunisien-hatem-laaouini-toujours-detenu-par-israel\\\/380654\\\/#primaryimage\"},\"image\":{\"@id\":\"https:\\\/\\\/www.webdo.tn\\\/fr\\\/actualite\\\/national\\\/flottille-pour-gaza-le-tunisien-hatem-laaouini-toujours-detenu-par-israel\\\/380654\\\/#primaryimage\"},\"thumbnailUrl\":\"https:\\\/\\\/www.webdo.tn\\\/fr\\\/wp-content\\\/uploads\\\/2025\\\/07\\\/b6d4cdb3-801a-46e0-a932-59b145ee11fc.jpeg\",\"datePublished\":\"2025-07-30T13:18:35+00:00\",\"dateModified\":\"2025-07-31T07:16:32+00:00\",\"description\":\"D\u00e9couvrez l'affaire Hatem El-Aouini et le rapatriement des militants de la Flottille pour Gaza arr\u00eat\u00e9 par Isra\u00ebl.\",\"breadcrumb\":{\"@id\":\"https:\\\/\\\/www.webdo.tn\\\/fr\\\/actualite\\\/national\\\/flottille-pour-gaza-le-tunisien-hatem-laaouini-toujours-detenu-par-israel\\\/380654\\\/#breadcrumb\"},\"inLanguage\":\"fr-FR\",\"potentialAction\":[{\"@type\":\"ReadAction\",\"target\":[\"https:\\\/\\\/www.webdo.tn\\\/fr\\\/actualite\\\/national\\\/flottille-pour-gaza-le-tunisien-hatem-laaouini-toujours-detenu-par-israel\\\/380654\\\/\"]}]},{\"@type\":\"ImageObject\",\"inLanguage\":\"fr-FR\",\"@id\":\"https:\\\/\\\/www.webdo.tn\\\/fr\\\/actualite\\\/national\\\/flottille-pour-gaza-le-tunisien-hatem-laaouini-toujours-detenu-par-israel\\\/380654\\\/#primaryimage\",\"url\":\"https:\\\/\\\/www.webdo.tn\\\/fr\\\/wp-content\\\/uploads\\\/2025\\\/07\\\/b6d4cdb3-801a-46e0-a932-59b145ee11fc.jpeg\",\"contentUrl\":\"https:\\\/\\\/www.webdo.tn\\\/fr\\\/wp-content\\\/uploads\\\/2025\\\/07\\\/b6d4cdb3-801a-46e0-a932-59b145ee11fc.jpeg\",\"width\":1200,\"height\":630,\"caption\":\"Flottille pour Gaza : Le Tunisien Hatem La\u00e2ouini toujours d\u00e9tenu par Isra\u00ebl\"},{\"@type\":\"BreadcrumbList\",\"@id\":\"https:\\\/\\\/www.webdo.tn\\\/fr\\\/actualite\\\/national\\\/flottille-pour-gaza-le-tunisien-hatem-laaouini-toujours-detenu-par-israel\\\/380654\\\/#breadcrumb\",\"itemListElement\":[{\"@type\":\"ListItem\",\"position\":1,\"name\":\"Accueil\",\"item\":\"https:\\\/\\\/www.webdo.tn\\\/fr\\\/\"},{\"@type\":\"ListItem\",\"position\":2,\"name\":\"Flottille pour Gaza : Le Tunisien Hatem La\u00e2ouini toujours d\u00e9tenu par Isra\u00ebl\"}]},{\"@type\":\"WebSite\",\"@id\":\"https:\\\/\\\/www.webdo.tn\\\/fr\\\/#website\",\"url\":\"https:\\\/\\\/www.webdo.tn\\\/fr\\\/\",\"name\":\"webdo\",\"description\":\"Tunisie - News en Tunisie et \u00e0 l&#039;international sur Webdo.tn\",\"publisher\":{\"@id\":\"https:\\\/\\\/www.webdo.tn\\\/fr\\\/#organization\"},\"potentialAction\":[{\"@type\":\"SearchAction\",\"target\":{\"@type\":\"EntryPoint\",\"urlTemplate\":\"https:\\\/\\\/www.webdo.tn\\\/fr\\\/?s={search_term_string}\"},\"query-input\":{\"@type\":\"PropertyValueSpecification\",\"valueRequired\":true,\"valueName\":\"search_term_string\"}}],\"inLanguage\":\"fr-FR\"},{\"@type\":\"Organization\",\"@id\":\"https:\\\/\\\/www.webdo.tn\\\/fr\\\/#organization\",\"name\":\"Webdo\",\"alternateName\":\"Webdo.tn\",\"url\":\"https:\\\/\\\/www.webdo.tn\\\/fr\\\/\",\"logo\":{\"@type\":\"ImageObject\",\"inLanguage\":\"fr-FR\",\"@id\":\"https:\\\/\\\/www.webdo.tn\\\/fr\\\/#\\\/schema\\\/logo\\\/image\\\/\",\"url\":\"https:\\\/\\\/www.webdo.tn\\\/fr\\\/wp-content\\\/uploads\\\/2025\\\/06\\\/Webdo-Tunisie_168377.jpg\",\"contentUrl\":\"https:\\\/\\\/www.webdo.tn\\\/fr\\\/wp-content\\\/uploads\\\/2025\\\/06\\\/Webdo-Tunisie_168377.jpg\",\"width\":301,\"height\":301,\"caption\":\"Webdo\"},\"image\":{\"@id\":\"https:\\\/\\\/www.webdo.tn\\\/fr\\\/#\\\/schema\\\/logo\\\/image\\\/\"},\"sameAs\":[\"https:\\\/\\\/www.facebook.com\\\/webdotn\",\"https:\\\/\\\/x.com\\\/webdo_tn\"],\"description\":\"Webdo est un m\u00e9dia num\u00e9rique tunisien fond\u00e9 en 2010, sp\u00e9cialis\u00e9 dans l\u2019actualit\u00e9 nationale et internationale, l\u2019\u00e9conomie, la soci\u00e9t\u00e9 et les analyses politiques. Le site s\u2019adresse \u00e0 un large public francophone et couvre l\u2019information tunisienne en temps r\u00e9el.\",\"email\":\"redac@webdo.tn\",\"legalName\":\"YNJ SARL\",\"foundingDate\":\"2010-09-06\",\"numberOfEmployees\":{\"@type\":\"QuantitativeValue\",\"minValue\":\"11\",\"maxValue\":\"50\"}},{\"@type\":\"Person\",\"@id\":\"https:\\\/\\\/www.webdo.tn\\\/fr\\\/#\\\/schema\\\/person\\\/c652cd8fc2b1b44412b5ffb48c5a911d\",\"name\":\"Mohamed Hedi Touati\",\"image\":{\"@type\":\"ImageObject\",\"inLanguage\":\"fr-FR\",\"@id\":\"https:\\\/\\\/secure.gravatar.com\\\/avatar\\\/9cfd402c745b7a685f13eed0ea6e59d2144a3c2fc50a3db6fd5ed451f6cddf1a?s=96&d=mm&r=g\",\"url\":\"https:\\\/\\\/secure.gravatar.com\\\/avatar\\\/9cfd402c745b7a685f13eed0ea6e59d2144a3c2fc50a3db6fd5ed451f6cddf1a?s=96&d=mm&r=g\",\"contentUrl\":\"https:\\\/\\\/secure.gravatar.com\\\/avatar\\\/9cfd402c745b7a685f13eed0ea6e59d2144a3c2fc50a3db6fd5ed451f6cddf1a?s=96&d=mm&r=g\",\"caption\":\"Mohamed Hedi Touati\"},\"url\":\"https:\\\/\\\/www.webdo.tn\\\/fr\\\/actualite\\\/author\\\/mohamed-hedi-touati\\\/\"}]}<\/script>\n<!-- \/ Yoast SEO Premium plugin. -->","yoast_head_json":{"title":"Flottille pour Gaza : Le Tunisien Hatem La\u00e2ouini toujours d\u00e9tenu par Isra\u00ebl - webdo","description":"D\u00e9couvrez l'affaire Hatem El-Aouini et le rapatriement des militants de la Flottille pour Gaza arr\u00eat\u00e9 par Isra\u00ebl.","canonical":"https:\/\/www.webdo.tn\/fr\/actualite\/national\/flottille-pour-gaza-le-tunisien-hatem-laaouini-toujours-detenu-par-israel\/380654\/","og_locale":"fr_FR","og_type":"article","og_title":"Flottille pour Gaza : Le Tunisien Hatem La\u00e2ouini toujours d\u00e9tenu par Isra\u00ebl","og_description":"D\u00e9couvrez l'affaire Hatem El-Aouini et le rapatriement des militants de la Flottille pour Gaza arr\u00eat\u00e9 par Isra\u00ebl.","og_url":"https:\/\/www.webdo.tn\/fr\/actualite\/national\/flottille-pour-gaza-le-tunisien-hatem-laaouini-toujours-detenu-par-israel\/380654\/","og_site_name":"webdo","article_publisher":"https:\/\/www.facebook.com\/webdotn","article_published_time":"2025-07-30T13:18:35+00:00","article_modified_time":"2025-07-31T07:16:32+00:00","og_image":[{"width":1200,"height":630,"url":"https:\/\/www.webdo.tn\/fr\/wp-content\/uploads\/2025\/07\/b6d4cdb3-801a-46e0-a932-59b145ee11fc.jpeg","type":"image\/jpeg"}],"author":"Mohamed Hedi Touati","twitter_card":"summary_large_image","twitter_creator":"@webdo_tn","twitter_site":"@webdo_tn","twitter_misc":{"\u00c9crit par":"Mohamed Hedi Touati","Dur\u00e9e de lecture estim\u00e9e":"2 minutes"},"schema":{"@context":"https:\/\/schema.org","@graph":[{"@type":"NewsArticle","@id":"https:\/\/www.webdo.tn\/fr\/actualite\/national\/flottille-pour-gaza-le-tunisien-hatem-laaouini-toujours-detenu-par-israel\/380654\/#article","isPartOf":{"@id":"https:\/\/www.webdo.tn\/fr\/actualite\/national\/flottille-pour-gaza-le-tunisien-hatem-laaouini-toujours-detenu-par-israel\/380654\/"},"author":{"name":"Mohamed Hedi Touati","@id":"https:\/\/www.webdo.tn\/fr\/#\/schema\/person\/c652cd8fc2b1b44412b5ffb48c5a911d"},"headline":"Flottille pour Gaza : Le Tunisien Hatem La\u00e2ouini toujours d\u00e9tenu par Isra\u00ebl","datePublished":"2025-07-30T13:18:35+00:00","dateModified":"2025-07-31T07:16:32+00:00","mainEntityOfPage":{"@id":"https:\/\/www.webdo.tn\/fr\/actualite\/national\/flottille-pour-gaza-le-tunisien-hatem-laaouini-toujours-detenu-par-israel\/380654\/"},"wordCount":410,"commentCount":0,"publisher":{"@id":"https:\/\/www.webdo.tn\/fr\/#organization"},"image":{"@id":"https:\/\/www.webdo.tn\/fr\/actualite\/national\/flottille-pour-gaza-le-tunisien-hatem-laaouini-toujours-detenu-par-israel\/380654\/#primaryimage"},"thumbnailUrl":"https:\/\/www.webdo.tn\/fr\/wp-content\/uploads\/2025\/07\/b6d4cdb3-801a-46e0-a932-59b145ee11fc.jpeg","keywords":["Gaza","Hanzala","Hatem La\u00e2ouini","Tunisie"],"articleSection":["National"],"inLanguage":"fr-FR"},{"@type":"WebPage","@id":"https:\/\/www.webdo.tn\/fr\/actualite\/national\/flottille-pour-gaza-le-tunisien-hatem-laaouini-toujours-detenu-par-israel\/380654\/","url":"https:\/\/www.webdo.tn\/fr\/actualite\/national\/flottille-pour-gaza-le-tunisien-hatem-laaouini-toujours-detenu-par-israel\/380654\/","name":"Flottille pour Gaza : Le Tunisien Hatem La\u00e2ouini toujours d\u00e9tenu par Isra\u00ebl - webdo","isPartOf":{"@id":"https:\/\/www.webdo.tn\/fr\/#website"},"primaryImageOfPage":{"@id":"https:\/\/www.webdo.tn\/fr\/actualite\/national\/flottille-pour-gaza-le-tunisien-hatem-laaouini-toujours-detenu-par-israel\/380654\/#primaryimage"},"image":{"@id":"https:\/\/www.webdo.tn\/fr\/actualite\/national\/flottille-pour-gaza-le-tunisien-hatem-laaouini-toujours-detenu-par-israel\/380654\/#primaryimage"},"thumbnailUrl":"https:\/\/www.webdo.tn\/fr\/wp-content\/uploads\/2025\/07\/b6d4cdb3-801a-46e0-a932-59b145ee11fc.jpeg","datePublished":"2025-07-30T13:18:35+00:00","dateModified":"2025-07-31T07:16:32+00:00","description":"D\u00e9couvrez l'affaire Hatem El-Aouini et le rapatriement des militants de la Flottille pour Gaza arr\u00eat\u00e9 par Isra\u00ebl.","breadcrumb":{"@id":"https:\/\/www.webdo.tn\/fr\/actualite\/national\/flottille-pour-gaza-le-tunisien-hatem-laaouini-toujours-detenu-par-israel\/380654\/#breadcrumb"},"inLanguage":"fr-FR","potentialAction":[{"@type":"ReadAction","target":["https:\/\/www.webdo.tn\/fr\/actualite\/national\/flottille-pour-gaza-le-tunisien-hatem-laaouini-toujours-detenu-par-israel\/380654\/"]}]},{"@type":"ImageObject","inLanguage":"fr-FR","@id":"https:\/\/www.webdo.tn\/fr\/actualite\/national\/flottille-pour-gaza-le-tunisien-hatem-laaouini-toujours-detenu-par-israel\/380654\/#primaryimage","url":"https:\/\/www.webdo.tn\/fr\/wp-content\/uploads\/2025\/07\/b6d4cdb3-801a-46e0-a932-59b145ee11fc.jpeg","contentUrl":"https:\/\/www.webdo.tn\/fr\/wp-content\/uploads\/2025\/07\/b6d4cdb3-801a-46e0-a932-59b145ee11fc.jpeg","width":1200,"height":630,"caption":"Flottille pour Gaza : Le Tunisien Hatem La\u00e2ouini toujours d\u00e9tenu par Isra\u00ebl"},{"@type":"BreadcrumbList","@id":"https:\/\/www.webdo.tn\/fr\/actualite\/national\/flottille-pour-gaza-le-tunisien-hatem-laaouini-toujours-detenu-par-israel\/380654\/#breadcrumb","itemListElement":[{"@type":"ListItem","position":1,"name":"Accueil","item":"https:\/\/www.webdo.tn\/fr\/"},{"@type":"ListItem","position":2,"name":"Flottille pour Gaza : Le Tunisien Hatem La\u00e2ouini toujours d\u00e9tenu par Isra\u00ebl"}]},{"@type":"WebSite","@id":"https:\/\/www.webdo.tn\/fr\/#website","url":"https:\/\/www.webdo.tn\/fr\/","name":"webdo","description":"Tunisie - News en Tunisie et \u00e0 l&#039;international sur Webdo.tn","publisher":{"@id":"https:\/\/www.webdo.tn\/fr\/#organization"},"potentialAction":[{"@type":"SearchAction","target":{"@type":"EntryPoint","urlTemplate":"https:\/\/www.webdo.tn\/fr\/?s={search_term_string}"},"query-input":{"@type":"PropertyValueSpecification","valueRequired":true,"valueName":"search_term_string"}}],"inLanguage":"fr-FR"},{"@type":"Organization","@id":"https:\/\/www.webdo.tn\/fr\/#organization","name":"Webdo","alternateName":"Webdo.tn","url":"https:\/\/www.webdo.tn\/fr\/","logo":{"@type":"ImageObject","inLanguage":"fr-FR","@id":"https:\/\/www.webdo.tn\/fr\/#\/schema\/logo\/image\/","url":"https:\/\/www.webdo.tn\/fr\/wp-content\/uploads\/2025\/06\/Webdo-Tunisie_168377.jpg","contentUrl":"https:\/\/www.webdo.tn\/fr\/wp-content\/uploads\/2025\/06\/Webdo-Tunisie_168377.jpg","width":301,"height":301,"caption":"Webdo"},"image":{"@id":"https:\/\/www.webdo.tn\/fr\/#\/schema\/logo\/image\/"},"sameAs":["https:\/\/www.facebook.com\/webdotn","https:\/\/x.com\/webdo_tn"],"description":"Webdo est un m\u00e9dia num\u00e9rique tunisien fond\u00e9 en 2010, sp\u00e9cialis\u00e9 dans l\u2019actualit\u00e9 nationale et internationale, l\u2019\u00e9conomie, la soci\u00e9t\u00e9 et les analyses politiques. Le site s\u2019adresse \u00e0 un large public francophone et couvre l\u2019information tunisienne en temps r\u00e9el.","email":"redac@webdo.tn","legalName":"YNJ SARL","foundingDate":"2010-09-06","numberOfEmployees":{"@type":"QuantitativeValue","minValue":"11","maxValue":"50"}},{"@type":"Person","@id":"https:\/\/www.webdo.tn\/fr\/#\/schema\/person\/c652cd8fc2b1b44412b5ffb48c5a911d","name":"Mohamed Hedi Touati","image":{"@type":"ImageObject","inLanguage":"fr-FR","@id":"https:\/\/secure.gravatar.com\/avatar\/9cfd402c745b7a685f13eed0ea6e59d2144a3c2fc50a3db6fd5ed451f6cddf1a?s=96&d=mm&r=g","url":"https:\/\/secure.gravatar.com\/avatar\/9cfd402c745b7a685f13eed0ea6e59d2144a3c2fc50a3db6fd5ed451f6cddf1a?s=96&d=mm&r=g","contentUrl":"https:\/\/secure.gravatar.com\/avatar\/9cfd402c745b7a685f13eed0ea6e59d2144a3c2fc50a3db6fd5ed451f6cddf1a?s=96&d=mm&r=g","caption":"Mohamed Hedi Touati"},"url":"https:\/\/www.webdo.tn\/fr\/actualite\/author\/mohamed-hedi-touati\/"}]}},"_links":{"self":[{"href":"https:\/\/www.webdo.tn\/fr\/wp-json\/wp\/v2\/posts\/380654","targetHints":{"allow":["GET"]}}],"collection":[{"href":"https:\/\/www.webdo.tn\/fr\/wp-json\/wp\/v2\/posts"}],"about":[{"href":"https:\/\/www.webdo.tn\/fr\/wp-json\/wp\/v2\/types\/post"}],"author":[{"embeddable":true,"href":"https:\/\/www.webdo.tn\/fr\/wp-json\/wp\/v2\/users\/3191"}],"replies":[{"embeddable":true,"href":"https:\/\/www.webdo.tn\/fr\/wp-json\/wp\/v2\/comments?post=380654"}],"version-history":[{"count":0,"href":"https:\/\/www.webdo.tn\/fr\/wp-json\/wp\/v2\/posts\/380654\/revisions"}],"wp:featuredmedia":[{"embeddable":true,"href":"https:\/\/www.webdo.tn\/fr\/wp-json\/wp\/v2\/media\/380655"}],"wp:attachment":[{"href":"https:\/\/www.webdo.tn\/fr\/wp-json\/wp\/v2\/media?parent=380654"}],"wp:term":[{"taxonomy":"category","embeddable":true,"href":"https:\/\/www.webdo.tn\/fr\/wp-json\/wp\/v2\/categories?post=380654"},{"taxonomy":"post_tag","embeddable":true,"href":"https:\/\/www.webdo.tn\/fr\/wp-json\/wp\/v2\/tags?post=380654"}],"curies":[{"name":"wp","href":"https:\/\/api.w.org\/{rel}","templated":true}]}}