{"id":380630,"date":"2025-07-30T12:22:26","date_gmt":"2025-07-30T11:22:26","guid":{"rendered":"https:\/\/www.webdo.tn\/fr\/?p=380630"},"modified":"2025-07-31T08:16:23","modified_gmt":"2025-07-31T07:16:23","slug":"mondiaux-de-natation-ahmed-jaouadi-sacre-champion-du-monde-du-800-m-nage-libre","status":"publish","type":"post","link":"https:\/\/www.webdo.tn\/fr\/actualite\/sport\/mondiaux-de-natation-ahmed-jaouadi-sacre-champion-du-monde-du-800-m-nage-libre\/380630\/","title":{"rendered":"Mondiaux de Natation : Ahmed Jaouadi sacr\u00e9 champion du monde du 800 m NL"},"content":{"rendered":"\n<p><strong>Le nageur tunisien Ahmed Jaouadi a remport\u00e9 la m\u00e9daille d\u2019or du 800 m\u00e8tres nage libre aux <a href=\"https:\/\/www.worldaquatics.com\/competitions\/4725\/world-aquatics-championships-singapore-2025\/results?event=9dcff224-dfd3-4305-b6a6-f9b3d101ec03&amp;unit=finals&amp;disciplines=\">Championnats du monde 2025<\/a>, r\u00e9alisant un temps impressionnant de 7 minutes, 36 secondes et 88 centi\u00e8mes. Une victoire historique pour la Tunisie.<\/strong><\/p>\n\n\n\n<p>Lors des Championnats du monde de natation 2025, le Tunisien Ahmed Jaouadi a d\u00e9croch\u00e9 la m\u00e9daille d\u2019or du 800 m\u00e8tres nage libre, en bouclant la distance en 7:36.88, un chrono exceptionnel qui lui vaut le titre de champion du monde.<\/p>\n\n\n\n<p>Ahmed Jaouadi a r\u00e9alis\u00e9 la 3e meilleure performance de l\u2019histoire, en devan\u00e7ant les Allemands Sven Schwarz (7:39.96) et Lukas Maertens (7:40.19).<\/p>\n\n\n\n<p><\/p>\n\n\n\n<figure class=\"wp-block-image size-large\"><img decoding=\"async\" width=\"1024\" height=\"577\" src=\"https:\/\/www.webdo.tn\/fr\/wp-content\/uploads\/2025\/07\/Ahmed-Jaouadi-1-1024x577.jpg\" alt=\"\" class=\"wp-image-380639\" srcset=\"https:\/\/www.webdo.tn\/fr\/wp-content\/uploads\/2025\/07\/Ahmed-Jaouadi-1-1024x577.jpg 1024w, https:\/\/www.webdo.tn\/fr\/wp-content\/uploads\/2025\/07\/Ahmed-Jaouadi-1-300x169.jpg 300w, https:\/\/www.webdo.tn\/fr\/wp-content\/uploads\/2025\/07\/Ahmed-Jaouadi-1-768x433.jpg 768w, https:\/\/www.webdo.tn\/fr\/wp-content\/uploads\/2025\/07\/Ahmed-Jaouadi-1-1536x866.jpg 1536w, https:\/\/www.webdo.tn\/fr\/wp-content\/uploads\/2025\/07\/Ahmed-Jaouadi-1-750x423.jpg 750w, https:\/\/www.webdo.tn\/fr\/wp-content\/uploads\/2025\/07\/Ahmed-Jaouadi-1-1140x642.jpg 1140w, https:\/\/www.webdo.tn\/fr\/wp-content\/uploads\/2025\/07\/Ahmed-Jaouadi-1.jpg 2048w\" sizes=\"(max-width: 1024px) 100vw, 1024px\" \/><\/figure>\n\n\n\n<p><\/p>\n\n\n\n<p>Sa performance marque un tournant dans l\u2019histoire de la natation tunisienne et le hisse au sommet du podium international. <\/p>\n\n\n\n<p>Ahmed Jaouadi s\u2019\u00e9tait d\u00e9j\u00e0 illustr\u00e9 aux Championnats du monde en petit bassin \u00e0 Budapest en 2024, d\u00e9crochant l\u2019or sur 1500 m et le bronze sur 800 m. Aux Jeux olympiques de Paris 2024, il avait termin\u00e9 4e du 800 m et 6e du 1500 m, confirmant son statut de grand espoir de la natation tunisienne. Il est \u00e9galement engag\u00e9 sur le 1500 m nage libre, pr\u00e9vu le 2 ao\u00fbt.<\/p>\n\n\n\n<p><\/p>\n\n\n\n<iframe src=\"https:\/\/www.facebook.com\/plugins\/video.php?height=476&#038;href=https%3A%2F%2Fwww.facebook.com%2FWorldAquatics1908%2Fvideos%2F1011859960874883%2F&#038;show_text=false&#038;width=267&#038;t=0\" width=\"267\" height=\"476\" style=\"border:none;overflow:hidden\" scrolling=\"no\" frameborder=\"0\" allowfullscreen=\"true\" allow=\"autoplay; clipboard-write; encrypted-media; picture-in-picture; web-share\" allowFullScreen=\"true\"><\/iframe>\n\n\n\n<p><\/p>\n\n\n\n<p><strong>Lire aussi : <\/strong><\/p>\n\n\n\n<ul class=\"wp-block-list\">\n<li><a href=\"https:\/\/www.webdo.tn\/fr\/actualite\/sport\/mondiaux-de-natation-ahmed-jaouadi-domine-les-series-du-800-m-nl-et-file-en-finale\/380511\/\">Mondiaux de natation : Ahmed Jaouadi domine les s\u00e9ries du 800 m NL et file en finale<\/a><\/li>\n\n\n\n<li><a href=\"https:\/\/www.webdo.tn\/fr\/actualite\/sport\/mondiaux-de-natation-ahmed-jaouadi-renonce-au-400m-nl\/380402\/\">Mondiaux de natation : Ahmed Jaouadi renonce au 400m NL<\/a><\/li>\n\n\n\n<li><a href=\"https:\/\/www.webdo.tn\/fr\/actualite\/sport\/mare-nostrum-2025-ahmed-jaouadi-brille-avec-deux-medailles-d-or\/222191\/\">Mare Nostrum 2025 : Ahmed Jaouadi brille avec deux m\u00e9dailles d\u2019or<\/a><\/li>\n\n\n\n<li><a href=\"https:\/\/www.webdo.tn\/fr\/actualite\/sport\/ahmed-jaouadi-illumine-barcelone-deux-medailles-pour-un-retour-triomphal\/222145\/\">Ahmed Jaouadi illumine Barcelone : Deux m\u00e9dailles pour un retour triomphal<\/a><\/li>\n\n\n\n<li><a href=\"https:\/\/www.webdo.tn\/fr\/actualite\/sport\/ahmed-jaouadi-nouveau-prodige-de-la-natation-tunisienne\/218365\/\">Ahmed Jaouadi, nouveau prodige de la natation tunisienne<\/a><\/li>\n<\/ul>\n","protected":false},"excerpt":{"rendered":"<p>Le nageur tunisien Ahmed Jaouadi a remport\u00e9 la m\u00e9daille d\u2019or du 800 m\u00e8tres nage libre aux Championnats du monde 2025, r\u00e9alisant un temps impressionnant de 7 minutes, 36 secondes et 88 centi\u00e8mes. Une victoire historique pour la Tunisie. Lors des Championnats du monde de natation 2025, le Tunisien Ahmed Jaouadi a d\u00e9croch\u00e9 la m\u00e9daille d\u2019or [&hellip;]<\/p>\n","protected":false},"author":3189,"featured_media":380644,"comment_status":"open","ping_status":"open","sticky":false,"template":"","format":"standard","meta":{"footnotes":""},"categories":[2593],"tags":[3253,3252,2608],"class_list":["post-380630","post","type-post","status-publish","format-standard","has-post-thumbnail","hentry","category-sport","tag-ahmed-jaouadi","tag-natation","tag-tunisie"],"yoast_head":"<!-- This site is optimized with the Yoast SEO Premium plugin v27.5 (Yoast SEO v27.5) - https:\/\/yoast.com\/product\/yoast-seo-premium-wordpress\/ -->\n<title>Mondiaux de Natation : Ahmed Jaouadi sacr\u00e9 champion du monde du 800 m NL - webdo<\/title>\n<meta name=\"description\" content=\"D\u00e9couvrez l&#039;incroyable victoire d&#039;Ahmed Jaouadi aux Championnats du monde 2025 en 800 m\u00e8tres nage libre.\" \/>\n<link rel=\"canonical\" href=\"https:\/\/www.webdo.tn\/fr\/actualite\/sport\/mondiaux-de-natation-ahmed-jaouadi-sacre-champion-du-monde-du-800-m-nage-libre\/380630\/\" \/>\n<meta property=\"og:locale\" content=\"fr_FR\" \/>\n<meta property=\"og:type\" content=\"article\" \/>\n<meta property=\"og:title\" content=\"Mondiaux de Natation : Ahmed Jaouadi sacr\u00e9 champion du monde du 800 m NL\" \/>\n<meta property=\"og:description\" content=\"D\u00e9couvrez l&#039;incroyable victoire d&#039;Ahmed Jaouadi aux Championnats du monde 2025 en 800 m\u00e8tres nage libre.\" \/>\n<meta property=\"og:url\" content=\"https:\/\/www.webdo.tn\/fr\/actualite\/sport\/mondiaux-de-natation-ahmed-jaouadi-sacre-champion-du-monde-du-800-m-nage-libre\/380630\/\" \/>\n<meta property=\"og:site_name\" content=\"webdo\" \/>\n<meta property=\"article:publisher\" content=\"https:\/\/www.facebook.com\/webdotn\" \/>\n<meta property=\"article:author\" content=\"https:\/\/www.facebook.com\/youssef.rc.92\" \/>\n<meta property=\"article:published_time\" content=\"2025-07-30T11:22:26+00:00\" \/>\n<meta property=\"article:modified_time\" content=\"2025-07-31T07:16:23+00:00\" \/>\n<meta property=\"og:image\" content=\"https:\/\/www.webdo.tn\/fr\/wp-content\/uploads\/2025\/07\/Ahmed-Jaouadi-2.jpg\" \/>\n\t<meta property=\"og:image:width\" content=\"2495\" \/>\n\t<meta property=\"og:image:height\" content=\"1350\" \/>\n\t<meta property=\"og:image:type\" content=\"image\/jpeg\" \/>\n<meta name=\"author\" content=\"Maher Chaabane\" \/>\n<meta name=\"twitter:card\" content=\"summary_large_image\" \/>\n<meta name=\"twitter:creator\" content=\"@webdo_tn\" \/>\n<meta name=\"twitter:site\" content=\"@webdo_tn\" \/>\n<meta name=\"twitter:label1\" content=\"\u00c9crit par\" \/>\n\t<meta name=\"twitter:data1\" content=\"Maher Chaabane\" \/>\n\t<meta name=\"twitter:label2\" content=\"Dur\u00e9e de lecture estim\u00e9e\" \/>\n\t<meta name=\"twitter:data2\" content=\"2 minutes\" \/>\n<script type=\"application\/ld+json\" class=\"yoast-schema-graph\">{\"@context\":\"https:\\\/\\\/schema.org\",\"@graph\":[{\"@type\":\"NewsArticle\",\"@id\":\"https:\\\/\\\/www.webdo.tn\\\/fr\\\/actualite\\\/sport\\\/mondiaux-de-natation-ahmed-jaouadi-sacre-champion-du-monde-du-800-m-nage-libre\\\/380630\\\/#article\",\"isPartOf\":{\"@id\":\"https:\\\/\\\/www.webdo.tn\\\/fr\\\/actualite\\\/sport\\\/mondiaux-de-natation-ahmed-jaouadi-sacre-champion-du-monde-du-800-m-nage-libre\\\/380630\\\/\"},\"author\":{\"name\":\"Maher Chaabane\",\"@id\":\"https:\\\/\\\/www.webdo.tn\\\/fr\\\/#\\\/schema\\\/person\\\/57c261717927697fcf719ab1058a8003\"},\"headline\":\"Mondiaux de Natation : Ahmed Jaouadi sacr\u00e9 champion du monde du 800 m NL\",\"datePublished\":\"2025-07-30T11:22:26+00:00\",\"dateModified\":\"2025-07-31T07:16:23+00:00\",\"mainEntityOfPage\":{\"@id\":\"https:\\\/\\\/www.webdo.tn\\\/fr\\\/actualite\\\/sport\\\/mondiaux-de-natation-ahmed-jaouadi-sacre-champion-du-monde-du-800-m-nage-libre\\\/380630\\\/\"},\"wordCount\":256,\"commentCount\":0,\"publisher\":{\"@id\":\"https:\\\/\\\/www.webdo.tn\\\/fr\\\/#organization\"},\"image\":{\"@id\":\"https:\\\/\\\/www.webdo.tn\\\/fr\\\/actualite\\\/sport\\\/mondiaux-de-natation-ahmed-jaouadi-sacre-champion-du-monde-du-800-m-nage-libre\\\/380630\\\/#primaryimage\"},\"thumbnailUrl\":\"https:\\\/\\\/www.webdo.tn\\\/fr\\\/wp-content\\\/uploads\\\/2025\\\/07\\\/Ahmed-Jaouadi-2.jpg\",\"keywords\":[\"Ahmed Jaouadi\",\"natation\",\"Tunisie\"],\"articleSection\":[\"Sport\"],\"inLanguage\":\"fr-FR\"},{\"@type\":\"WebPage\",\"@id\":\"https:\\\/\\\/www.webdo.tn\\\/fr\\\/actualite\\\/sport\\\/mondiaux-de-natation-ahmed-jaouadi-sacre-champion-du-monde-du-800-m-nage-libre\\\/380630\\\/\",\"url\":\"https:\\\/\\\/www.webdo.tn\\\/fr\\\/actualite\\\/sport\\\/mondiaux-de-natation-ahmed-jaouadi-sacre-champion-du-monde-du-800-m-nage-libre\\\/380630\\\/\",\"name\":\"Mondiaux de Natation : Ahmed Jaouadi sacr\u00e9 champion du monde du 800 m NL - webdo\",\"isPartOf\":{\"@id\":\"https:\\\/\\\/www.webdo.tn\\\/fr\\\/#website\"},\"primaryImageOfPage\":{\"@id\":\"https:\\\/\\\/www.webdo.tn\\\/fr\\\/actualite\\\/sport\\\/mondiaux-de-natation-ahmed-jaouadi-sacre-champion-du-monde-du-800-m-nage-libre\\\/380630\\\/#primaryimage\"},\"image\":{\"@id\":\"https:\\\/\\\/www.webdo.tn\\\/fr\\\/actualite\\\/sport\\\/mondiaux-de-natation-ahmed-jaouadi-sacre-champion-du-monde-du-800-m-nage-libre\\\/380630\\\/#primaryimage\"},\"thumbnailUrl\":\"https:\\\/\\\/www.webdo.tn\\\/fr\\\/wp-content\\\/uploads\\\/2025\\\/07\\\/Ahmed-Jaouadi-2.jpg\",\"datePublished\":\"2025-07-30T11:22:26+00:00\",\"dateModified\":\"2025-07-31T07:16:23+00:00\",\"description\":\"D\u00e9couvrez l'incroyable victoire d'Ahmed Jaouadi aux Championnats du monde 2025 en 800 m\u00e8tres nage libre.\",\"breadcrumb\":{\"@id\":\"https:\\\/\\\/www.webdo.tn\\\/fr\\\/actualite\\\/sport\\\/mondiaux-de-natation-ahmed-jaouadi-sacre-champion-du-monde-du-800-m-nage-libre\\\/380630\\\/#breadcrumb\"},\"inLanguage\":\"fr-FR\",\"potentialAction\":[{\"@type\":\"ReadAction\",\"target\":[\"https:\\\/\\\/www.webdo.tn\\\/fr\\\/actualite\\\/sport\\\/mondiaux-de-natation-ahmed-jaouadi-sacre-champion-du-monde-du-800-m-nage-libre\\\/380630\\\/\"]}]},{\"@type\":\"ImageObject\",\"inLanguage\":\"fr-FR\",\"@id\":\"https:\\\/\\\/www.webdo.tn\\\/fr\\\/actualite\\\/sport\\\/mondiaux-de-natation-ahmed-jaouadi-sacre-champion-du-monde-du-800-m-nage-libre\\\/380630\\\/#primaryimage\",\"url\":\"https:\\\/\\\/www.webdo.tn\\\/fr\\\/wp-content\\\/uploads\\\/2025\\\/07\\\/Ahmed-Jaouadi-2.jpg\",\"contentUrl\":\"https:\\\/\\\/www.webdo.tn\\\/fr\\\/wp-content\\\/uploads\\\/2025\\\/07\\\/Ahmed-Jaouadi-2.jpg\",\"width\":2495,\"height\":1350,\"caption\":\"Mondiaux de Natation : Ahmed Jaouadi sacr\u00e9 champion du monde du 800 m NL\"},{\"@type\":\"BreadcrumbList\",\"@id\":\"https:\\\/\\\/www.webdo.tn\\\/fr\\\/actualite\\\/sport\\\/mondiaux-de-natation-ahmed-jaouadi-sacre-champion-du-monde-du-800-m-nage-libre\\\/380630\\\/#breadcrumb\",\"itemListElement\":[{\"@type\":\"ListItem\",\"position\":1,\"name\":\"Accueil\",\"item\":\"https:\\\/\\\/www.webdo.tn\\\/fr\\\/\"},{\"@type\":\"ListItem\",\"position\":2,\"name\":\"Mondiaux de Natation : Ahmed Jaouadi sacr\u00e9 champion du monde du 800 m NL\"}]},{\"@type\":\"WebSite\",\"@id\":\"https:\\\/\\\/www.webdo.tn\\\/fr\\\/#website\",\"url\":\"https:\\\/\\\/www.webdo.tn\\\/fr\\\/\",\"name\":\"webdo\",\"description\":\"Tunisie - News en Tunisie et \u00e0 l&#039;international sur Webdo.tn\",\"publisher\":{\"@id\":\"https:\\\/\\\/www.webdo.tn\\\/fr\\\/#organization\"},\"potentialAction\":[{\"@type\":\"SearchAction\",\"target\":{\"@type\":\"EntryPoint\",\"urlTemplate\":\"https:\\\/\\\/www.webdo.tn\\\/fr\\\/?s={search_term_string}\"},\"query-input\":{\"@type\":\"PropertyValueSpecification\",\"valueRequired\":true,\"valueName\":\"search_term_string\"}}],\"inLanguage\":\"fr-FR\"},{\"@type\":\"Organization\",\"@id\":\"https:\\\/\\\/www.webdo.tn\\\/fr\\\/#organization\",\"name\":\"Webdo\",\"alternateName\":\"Webdo.tn\",\"url\":\"https:\\\/\\\/www.webdo.tn\\\/fr\\\/\",\"logo\":{\"@type\":\"ImageObject\",\"inLanguage\":\"fr-FR\",\"@id\":\"https:\\\/\\\/www.webdo.tn\\\/fr\\\/#\\\/schema\\\/logo\\\/image\\\/\",\"url\":\"https:\\\/\\\/www.webdo.tn\\\/fr\\\/wp-content\\\/uploads\\\/2025\\\/06\\\/Webdo-Tunisie_168377.jpg\",\"contentUrl\":\"https:\\\/\\\/www.webdo.tn\\\/fr\\\/wp-content\\\/uploads\\\/2025\\\/06\\\/Webdo-Tunisie_168377.jpg\",\"width\":301,\"height\":301,\"caption\":\"Webdo\"},\"image\":{\"@id\":\"https:\\\/\\\/www.webdo.tn\\\/fr\\\/#\\\/schema\\\/logo\\\/image\\\/\"},\"sameAs\":[\"https:\\\/\\\/www.facebook.com\\\/webdotn\",\"https:\\\/\\\/x.com\\\/webdo_tn\"],\"description\":\"Webdo est un m\u00e9dia num\u00e9rique tunisien fond\u00e9 en 2010, sp\u00e9cialis\u00e9 dans l\u2019actualit\u00e9 nationale et internationale, l\u2019\u00e9conomie, la soci\u00e9t\u00e9 et les analyses politiques. Le site s\u2019adresse \u00e0 un large public francophone et couvre l\u2019information tunisienne en temps r\u00e9el.\",\"email\":\"redac@webdo.tn\",\"legalName\":\"YNJ SARL\",\"foundingDate\":\"2010-09-06\",\"numberOfEmployees\":{\"@type\":\"QuantitativeValue\",\"minValue\":\"11\",\"maxValue\":\"50\"}},{\"@type\":\"Person\",\"@id\":\"https:\\\/\\\/www.webdo.tn\\\/fr\\\/#\\\/schema\\\/person\\\/57c261717927697fcf719ab1058a8003\",\"name\":\"Maher Chaabane\",\"image\":{\"@type\":\"ImageObject\",\"inLanguage\":\"fr-FR\",\"@id\":\"https:\\\/\\\/www.webdo.tn\\\/fr\\\/wp-content\\\/uploads\\\/2026\\\/04\\\/maher-chaabane_avatar_2-96x96.jpg\",\"url\":\"https:\\\/\\\/www.webdo.tn\\\/fr\\\/wp-content\\\/uploads\\\/2026\\\/04\\\/maher-chaabane_avatar_2-96x96.jpg\",\"contentUrl\":\"https:\\\/\\\/www.webdo.tn\\\/fr\\\/wp-content\\\/uploads\\\/2026\\\/04\\\/maher-chaabane_avatar_2-96x96.jpg\",\"caption\":\"Maher Chaabane\"},\"description\":\"Maher Chaabane est journaliste et r\u00e9dacteur en chef de Webdo.tn depuis 2012. Il d\u00e9bute sa carri\u00e8re au sein du groupe Tunis Hebdo en 2000, o\u00f9 il couvre pendant plusieurs ann\u00e9es l\u2019actualit\u00e9 sportive et internationale, avant d\u2019occuper les fonctions de r\u00e9dacteur en chef adjoint. Fort de plus de deux d\u00e9cennies d\u2019exp\u00e9rience dans le journalisme, il supervise aujourd\u2019hui la production \u00e9ditoriale de Webdo et contribue activement \u00e0 la ligne du m\u00e9dia, en particulier sur les sujets d\u2019actualit\u00e9 nationale et internationale. https:\\\/\\\/www.facebook.com\\\/youssef.rc.92\",\"sameAs\":[\"https:\\\/\\\/www.facebook.com\\\/youssef.rc.92\"],\"knowsAbout\":[\"journalisme\",\"actualit\u00e9 internationale\",\"sport\",\"r\u00e9daction\",\"m\u00e9dias\",\"information\"],\"knowsLanguage\":[\"Fran\u00e7ais\",\"Arabe\"],\"jobTitle\":\"R\u00e9dacteur en chef\",\"worksFor\":\"Webdo.tn\",\"url\":\"https:\\\/\\\/www.webdo.tn\\\/fr\\\/actualite\\\/author\\\/maher-chaabane\\\/\"}]}<\/script>\n<!-- \/ Yoast SEO Premium plugin. -->","yoast_head_json":{"title":"Mondiaux de Natation : Ahmed Jaouadi sacr\u00e9 champion du monde du 800 m NL - webdo","description":"D\u00e9couvrez l'incroyable victoire d'Ahmed Jaouadi aux Championnats du monde 2025 en 800 m\u00e8tres nage libre.","canonical":"https:\/\/www.webdo.tn\/fr\/actualite\/sport\/mondiaux-de-natation-ahmed-jaouadi-sacre-champion-du-monde-du-800-m-nage-libre\/380630\/","og_locale":"fr_FR","og_type":"article","og_title":"Mondiaux de Natation : Ahmed Jaouadi sacr\u00e9 champion du monde du 800 m NL","og_description":"D\u00e9couvrez l'incroyable victoire d'Ahmed Jaouadi aux Championnats du monde 2025 en 800 m\u00e8tres nage libre.","og_url":"https:\/\/www.webdo.tn\/fr\/actualite\/sport\/mondiaux-de-natation-ahmed-jaouadi-sacre-champion-du-monde-du-800-m-nage-libre\/380630\/","og_site_name":"webdo","article_publisher":"https:\/\/www.facebook.com\/webdotn","article_author":"https:\/\/www.facebook.com\/youssef.rc.92","article_published_time":"2025-07-30T11:22:26+00:00","article_modified_time":"2025-07-31T07:16:23+00:00","og_image":[{"width":2495,"height":1350,"url":"https:\/\/www.webdo.tn\/fr\/wp-content\/uploads\/2025\/07\/Ahmed-Jaouadi-2.jpg","type":"image\/jpeg"}],"author":"Maher Chaabane","twitter_card":"summary_large_image","twitter_creator":"@webdo_tn","twitter_site":"@webdo_tn","twitter_misc":{"\u00c9crit par":"Maher Chaabane","Dur\u00e9e de lecture estim\u00e9e":"2 minutes"},"schema":{"@context":"https:\/\/schema.org","@graph":[{"@type":"NewsArticle","@id":"https:\/\/www.webdo.tn\/fr\/actualite\/sport\/mondiaux-de-natation-ahmed-jaouadi-sacre-champion-du-monde-du-800-m-nage-libre\/380630\/#article","isPartOf":{"@id":"https:\/\/www.webdo.tn\/fr\/actualite\/sport\/mondiaux-de-natation-ahmed-jaouadi-sacre-champion-du-monde-du-800-m-nage-libre\/380630\/"},"author":{"name":"Maher Chaabane","@id":"https:\/\/www.webdo.tn\/fr\/#\/schema\/person\/57c261717927697fcf719ab1058a8003"},"headline":"Mondiaux de Natation : Ahmed Jaouadi sacr\u00e9 champion du monde du 800 m NL","datePublished":"2025-07-30T11:22:26+00:00","dateModified":"2025-07-31T07:16:23+00:00","mainEntityOfPage":{"@id":"https:\/\/www.webdo.tn\/fr\/actualite\/sport\/mondiaux-de-natation-ahmed-jaouadi-sacre-champion-du-monde-du-800-m-nage-libre\/380630\/"},"wordCount":256,"commentCount":0,"publisher":{"@id":"https:\/\/www.webdo.tn\/fr\/#organization"},"image":{"@id":"https:\/\/www.webdo.tn\/fr\/actualite\/sport\/mondiaux-de-natation-ahmed-jaouadi-sacre-champion-du-monde-du-800-m-nage-libre\/380630\/#primaryimage"},"thumbnailUrl":"https:\/\/www.webdo.tn\/fr\/wp-content\/uploads\/2025\/07\/Ahmed-Jaouadi-2.jpg","keywords":["Ahmed Jaouadi","natation","Tunisie"],"articleSection":["Sport"],"inLanguage":"fr-FR"},{"@type":"WebPage","@id":"https:\/\/www.webdo.tn\/fr\/actualite\/sport\/mondiaux-de-natation-ahmed-jaouadi-sacre-champion-du-monde-du-800-m-nage-libre\/380630\/","url":"https:\/\/www.webdo.tn\/fr\/actualite\/sport\/mondiaux-de-natation-ahmed-jaouadi-sacre-champion-du-monde-du-800-m-nage-libre\/380630\/","name":"Mondiaux de Natation : Ahmed Jaouadi sacr\u00e9 champion du monde du 800 m NL - webdo","isPartOf":{"@id":"https:\/\/www.webdo.tn\/fr\/#website"},"primaryImageOfPage":{"@id":"https:\/\/www.webdo.tn\/fr\/actualite\/sport\/mondiaux-de-natation-ahmed-jaouadi-sacre-champion-du-monde-du-800-m-nage-libre\/380630\/#primaryimage"},"image":{"@id":"https:\/\/www.webdo.tn\/fr\/actualite\/sport\/mondiaux-de-natation-ahmed-jaouadi-sacre-champion-du-monde-du-800-m-nage-libre\/380630\/#primaryimage"},"thumbnailUrl":"https:\/\/www.webdo.tn\/fr\/wp-content\/uploads\/2025\/07\/Ahmed-Jaouadi-2.jpg","datePublished":"2025-07-30T11:22:26+00:00","dateModified":"2025-07-31T07:16:23+00:00","description":"D\u00e9couvrez l'incroyable victoire d'Ahmed Jaouadi aux Championnats du monde 2025 en 800 m\u00e8tres nage libre.","breadcrumb":{"@id":"https:\/\/www.webdo.tn\/fr\/actualite\/sport\/mondiaux-de-natation-ahmed-jaouadi-sacre-champion-du-monde-du-800-m-nage-libre\/380630\/#breadcrumb"},"inLanguage":"fr-FR","potentialAction":[{"@type":"ReadAction","target":["https:\/\/www.webdo.tn\/fr\/actualite\/sport\/mondiaux-de-natation-ahmed-jaouadi-sacre-champion-du-monde-du-800-m-nage-libre\/380630\/"]}]},{"@type":"ImageObject","inLanguage":"fr-FR","@id":"https:\/\/www.webdo.tn\/fr\/actualite\/sport\/mondiaux-de-natation-ahmed-jaouadi-sacre-champion-du-monde-du-800-m-nage-libre\/380630\/#primaryimage","url":"https:\/\/www.webdo.tn\/fr\/wp-content\/uploads\/2025\/07\/Ahmed-Jaouadi-2.jpg","contentUrl":"https:\/\/www.webdo.tn\/fr\/wp-content\/uploads\/2025\/07\/Ahmed-Jaouadi-2.jpg","width":2495,"height":1350,"caption":"Mondiaux de Natation : Ahmed Jaouadi sacr\u00e9 champion du monde du 800 m NL"},{"@type":"BreadcrumbList","@id":"https:\/\/www.webdo.tn\/fr\/actualite\/sport\/mondiaux-de-natation-ahmed-jaouadi-sacre-champion-du-monde-du-800-m-nage-libre\/380630\/#breadcrumb","itemListElement":[{"@type":"ListItem","position":1,"name":"Accueil","item":"https:\/\/www.webdo.tn\/fr\/"},{"@type":"ListItem","position":2,"name":"Mondiaux de Natation : Ahmed Jaouadi sacr\u00e9 champion du monde du 800 m NL"}]},{"@type":"WebSite","@id":"https:\/\/www.webdo.tn\/fr\/#website","url":"https:\/\/www.webdo.tn\/fr\/","name":"webdo","description":"Tunisie - News en Tunisie et \u00e0 l&#039;international sur Webdo.tn","publisher":{"@id":"https:\/\/www.webdo.tn\/fr\/#organization"},"potentialAction":[{"@type":"SearchAction","target":{"@type":"EntryPoint","urlTemplate":"https:\/\/www.webdo.tn\/fr\/?s={search_term_string}"},"query-input":{"@type":"PropertyValueSpecification","valueRequired":true,"valueName":"search_term_string"}}],"inLanguage":"fr-FR"},{"@type":"Organization","@id":"https:\/\/www.webdo.tn\/fr\/#organization","name":"Webdo","alternateName":"Webdo.tn","url":"https:\/\/www.webdo.tn\/fr\/","logo":{"@type":"ImageObject","inLanguage":"fr-FR","@id":"https:\/\/www.webdo.tn\/fr\/#\/schema\/logo\/image\/","url":"https:\/\/www.webdo.tn\/fr\/wp-content\/uploads\/2025\/06\/Webdo-Tunisie_168377.jpg","contentUrl":"https:\/\/www.webdo.tn\/fr\/wp-content\/uploads\/2025\/06\/Webdo-Tunisie_168377.jpg","width":301,"height":301,"caption":"Webdo"},"image":{"@id":"https:\/\/www.webdo.tn\/fr\/#\/schema\/logo\/image\/"},"sameAs":["https:\/\/www.facebook.com\/webdotn","https:\/\/x.com\/webdo_tn"],"description":"Webdo est un m\u00e9dia num\u00e9rique tunisien fond\u00e9 en 2010, sp\u00e9cialis\u00e9 dans l\u2019actualit\u00e9 nationale et internationale, l\u2019\u00e9conomie, la soci\u00e9t\u00e9 et les analyses politiques. Le site s\u2019adresse \u00e0 un large public francophone et couvre l\u2019information tunisienne en temps r\u00e9el.","email":"redac@webdo.tn","legalName":"YNJ SARL","foundingDate":"2010-09-06","numberOfEmployees":{"@type":"QuantitativeValue","minValue":"11","maxValue":"50"}},{"@type":"Person","@id":"https:\/\/www.webdo.tn\/fr\/#\/schema\/person\/57c261717927697fcf719ab1058a8003","name":"Maher Chaabane","image":{"@type":"ImageObject","inLanguage":"fr-FR","@id":"https:\/\/www.webdo.tn\/fr\/wp-content\/uploads\/2026\/04\/maher-chaabane_avatar_2-96x96.jpg","url":"https:\/\/www.webdo.tn\/fr\/wp-content\/uploads\/2026\/04\/maher-chaabane_avatar_2-96x96.jpg","contentUrl":"https:\/\/www.webdo.tn\/fr\/wp-content\/uploads\/2026\/04\/maher-chaabane_avatar_2-96x96.jpg","caption":"Maher Chaabane"},"description":"Maher Chaabane est journaliste et r\u00e9dacteur en chef de Webdo.tn depuis 2012. Il d\u00e9bute sa carri\u00e8re au sein du groupe Tunis Hebdo en 2000, o\u00f9 il couvre pendant plusieurs ann\u00e9es l\u2019actualit\u00e9 sportive et internationale, avant d\u2019occuper les fonctions de r\u00e9dacteur en chef adjoint. Fort de plus de deux d\u00e9cennies d\u2019exp\u00e9rience dans le journalisme, il supervise aujourd\u2019hui la production \u00e9ditoriale de Webdo et contribue activement \u00e0 la ligne du m\u00e9dia, en particulier sur les sujets d\u2019actualit\u00e9 nationale et internationale. https:\/\/www.facebook.com\/youssef.rc.92","sameAs":["https:\/\/www.facebook.com\/youssef.rc.92"],"knowsAbout":["journalisme","actualit\u00e9 internationale","sport","r\u00e9daction","m\u00e9dias","information"],"knowsLanguage":["Fran\u00e7ais","Arabe"],"jobTitle":"R\u00e9dacteur en chef","worksFor":"Webdo.tn","url":"https:\/\/www.webdo.tn\/fr\/actualite\/author\/maher-chaabane\/"}]}},"_links":{"self":[{"href":"https:\/\/www.webdo.tn\/fr\/wp-json\/wp\/v2\/posts\/380630","targetHints":{"allow":["GET"]}}],"collection":[{"href":"https:\/\/www.webdo.tn\/fr\/wp-json\/wp\/v2\/posts"}],"about":[{"href":"https:\/\/www.webdo.tn\/fr\/wp-json\/wp\/v2\/types\/post"}],"author":[{"embeddable":true,"href":"https:\/\/www.webdo.tn\/fr\/wp-json\/wp\/v2\/users\/3189"}],"replies":[{"embeddable":true,"href":"https:\/\/www.webdo.tn\/fr\/wp-json\/wp\/v2\/comments?post=380630"}],"version-history":[{"count":0,"href":"https:\/\/www.webdo.tn\/fr\/wp-json\/wp\/v2\/posts\/380630\/revisions"}],"wp:featuredmedia":[{"embeddable":true,"href":"https:\/\/www.webdo.tn\/fr\/wp-json\/wp\/v2\/media\/380644"}],"wp:attachment":[{"href":"https:\/\/www.webdo.tn\/fr\/wp-json\/wp\/v2\/media?parent=380630"}],"wp:term":[{"taxonomy":"category","embeddable":true,"href":"https:\/\/www.webdo.tn\/fr\/wp-json\/wp\/v2\/categories?post=380630"},{"taxonomy":"post_tag","embeddable":true,"href":"https:\/\/www.webdo.tn\/fr\/wp-json\/wp\/v2\/tags?post=380630"}],"curies":[{"name":"wp","href":"https:\/\/api.w.org\/{rel}","templated":true}]}}