{"id":380571,"date":"2025-07-29T19:43:10","date_gmt":"2025-07-29T18:43:10","guid":{"rendered":"https:\/\/www.webdo.tn\/fr\/?p=380571"},"modified":"2025-07-29T19:43:11","modified_gmt":"2025-07-29T18:43:11","slug":"londres-brandit-la-reconnaissance-de-letat-palestinien-comme-ultimatum-a-israel","status":"publish","type":"post","link":"https:\/\/www.webdo.tn\/fr\/actualite\/international\/londres-brandit-la-reconnaissance-de-letat-palestinien-comme-ultimatum-a-israel\/380571\/","title":{"rendered":"Londres brandit la reconnaissance de l\u2019\u00c9tat palestinien comme ultimatum \u00e0 Isra\u00ebl"},"content":{"rendered":"\n<p><strong><em>Le Royaume-Uni reconna\u00eetra la Palestine en septembre, sauf si l\u2019entit\u00e9 sioniste prend des mesures concr\u00e8tes pour mettre fin \u00e0 la crise \u00e0 Gaza et s\u2019engage sur la voie d\u2019une solution \u00e0 deux \u00c9tats, a averti mardi le Premier ministre Keir Starmer.<\/em><\/strong><\/p>\n\n\n\n<p><strong>Une d\u00e9cision conditionn\u00e9e par la fin du carnage \u00e0 Gaza<\/strong><\/p>\n\n\n\n<p>Le Premier ministre britannique Keir Starmer a annonc\u00e9 mardi \u00e0 son gouvernement que le Royaume-Uni reconna\u00eetra l\u2019\u00c9tat de Palestine en septembre 2025, \u00e0 moins que l\u2019entit\u00e9 sioniste ne remplisse une s\u00e9rie de conditions politiques et humanitaires.<\/p>\n\n\n\n<p>Parmi les exigences&nbsp;: mettre fin \u00e0 la situation \u00ab\u00a0\u00e9pouvantable\u00a0\u00bb dans la bande de Gaza, parvenir \u00e0 un cessez-le-feu, s\u2019engager formellement \u00e0 ne pas annexer la Cisjordanie, et rejoindre un processus de paix cr\u00e9dible en vue d\u2019une solution \u00e0 deux \u00c9tats.<\/p>\n\n\n\n<p>L\u2019annonce a \u00e9t\u00e9 faite lors d\u2019un Conseil minist\u00e9riel exceptionnellement convoqu\u00e9 en pleine pause estivale, signe de l\u2019urgence que Starmer attache au dossier palestinien.<\/p>\n\n\n\n<p><strong>Relancer un processus de paix<\/strong><\/p>\n\n\n\n<p>Downing Street pr\u00e9cise que cette position s\u2019inscrit dans une initiative diplomatique conjointe avec d\u2019autres capitales europ\u00e9ennes. Elle vise \u00e0 relancer un processus de paix moribond et \u00e0 accro\u00eetre l\u2019acheminement d\u2019aide humanitaire \u00e0 Gaza, o\u00f9 la crise s\u2019aggrave de jour en jour.<\/p>\n\n\n\n<p>La reconnaissance de l\u2019\u00c9tat palestinien interviendrait avant l\u2019Assembl\u00e9e g\u00e9n\u00e9rale des Nations unies de septembre, ce qui en ferait un signal politique fort sur la sc\u00e8ne internationale, d\u2019autant que plusieurs autres pays europ\u00e9ens envisagent une d\u00e9marche similaire.<\/p>\n\n\n\n<p><\/p>\n\n\n\n<ul class=\"wp-block-list\">\n<li>Lire aussi : <a href=\"https:\/\/www.webdo.tn\/fr\/actualite\/international\/macron-annonce-que-la-france-reconnaitra-letat-de-palestine-en-septembre\/380322\/\">Macron annonce que la France reconna\u00eetra l\u2019\u00c9tat de Palestine en septembre<\/a><\/li>\n<\/ul>\n","protected":false},"excerpt":{"rendered":"<p>Le Royaume-Uni reconna\u00eetra la Palestine en septembre, sauf si l\u2019entit\u00e9 sioniste prend des mesures concr\u00e8tes pour mettre fin \u00e0 la crise \u00e0 Gaza et s\u2019engage sur la voie d\u2019une solution \u00e0 deux \u00c9tats, a averti mardi le Premier ministre Keir Starmer. Une d\u00e9cision conditionn\u00e9e par la fin du carnage \u00e0 Gaza Le Premier ministre britannique [&hellip;]<\/p>\n","protected":false},"author":3191,"featured_media":380572,"comment_status":"open","ping_status":"open","sticky":false,"template":"","format":"standard","meta":{"footnotes":""},"categories":[2598],"tags":[10191,2689,2636,2688,3900],"class_list":["post-380571","post","type-post","status-publish","format-standard","has-post-thumbnail","hentry","category-international","tag-reconnaissance-etat-palestinien","tag-gaza","tag-israel","tag-palestine","tag-royaume-uni"],"yoast_head":"<!-- This site is optimized with the Yoast SEO Premium plugin v27.5 (Yoast SEO v27.5) - https:\/\/yoast.com\/product\/yoast-seo-premium-wordpress\/ -->\n<title>Londres brandit la reconnaissance de l\u2019\u00c9tat palestinien comme ultimatum \u00e0 Isra\u00ebl - webdo<\/title>\n<meta name=\"description\" content=\"Le Premier ministre britannique annonce que l&#039;\u00c9tat palestinien sera reconnu sous certaines conditions en 2025.\" \/>\n<link rel=\"canonical\" href=\"https:\/\/www.webdo.tn\/fr\/actualite\/international\/londres-brandit-la-reconnaissance-de-letat-palestinien-comme-ultimatum-a-israel\/380571\/\" \/>\n<meta property=\"og:locale\" content=\"fr_FR\" \/>\n<meta property=\"og:type\" content=\"article\" \/>\n<meta property=\"og:title\" content=\"Londres brandit la reconnaissance de l\u2019\u00c9tat palestinien comme ultimatum \u00e0 Isra\u00ebl\" \/>\n<meta property=\"og:description\" content=\"Le Premier ministre britannique annonce que l&#039;\u00c9tat palestinien sera reconnu sous certaines conditions en 2025.\" \/>\n<meta property=\"og:url\" content=\"https:\/\/www.webdo.tn\/fr\/actualite\/international\/londres-brandit-la-reconnaissance-de-letat-palestinien-comme-ultimatum-a-israel\/380571\/\" \/>\n<meta property=\"og:site_name\" content=\"webdo\" \/>\n<meta property=\"article:publisher\" content=\"https:\/\/www.facebook.com\/webdotn\" \/>\n<meta property=\"article:published_time\" content=\"2025-07-29T18:43:10+00:00\" \/>\n<meta property=\"article:modified_time\" content=\"2025-07-29T18:43:11+00:00\" \/>\n<meta property=\"og:image\" content=\"https:\/\/www.webdo.tn\/fr\/wp-content\/uploads\/2025\/07\/Keir-Starmer-scaled.jpg\" \/>\n\t<meta property=\"og:image:width\" content=\"2560\" \/>\n\t<meta property=\"og:image:height\" content=\"1585\" \/>\n\t<meta property=\"og:image:type\" content=\"image\/jpeg\" \/>\n<meta name=\"author\" content=\"Mohamed Hedi Touati\" \/>\n<meta name=\"twitter:card\" content=\"summary_large_image\" \/>\n<meta name=\"twitter:creator\" content=\"@webdo_tn\" \/>\n<meta name=\"twitter:site\" content=\"@webdo_tn\" \/>\n<meta name=\"twitter:label1\" content=\"\u00c9crit par\" \/>\n\t<meta name=\"twitter:data1\" content=\"Mohamed Hedi Touati\" \/>\n\t<meta name=\"twitter:label2\" content=\"Dur\u00e9e de lecture estim\u00e9e\" \/>\n\t<meta name=\"twitter:data2\" content=\"2 minutes\" \/>\n<script type=\"application\/ld+json\" class=\"yoast-schema-graph\">{\"@context\":\"https:\\\/\\\/schema.org\",\"@graph\":[{\"@type\":\"NewsArticle\",\"@id\":\"https:\\\/\\\/www.webdo.tn\\\/fr\\\/actualite\\\/international\\\/londres-brandit-la-reconnaissance-de-letat-palestinien-comme-ultimatum-a-israel\\\/380571\\\/#article\",\"isPartOf\":{\"@id\":\"https:\\\/\\\/www.webdo.tn\\\/fr\\\/actualite\\\/international\\\/londres-brandit-la-reconnaissance-de-letat-palestinien-comme-ultimatum-a-israel\\\/380571\\\/\"},\"author\":{\"name\":\"Mohamed Hedi Touati\",\"@id\":\"https:\\\/\\\/www.webdo.tn\\\/fr\\\/#\\\/schema\\\/person\\\/c652cd8fc2b1b44412b5ffb48c5a911d\"},\"headline\":\"Londres brandit la reconnaissance de l\u2019\u00c9tat palestinien comme ultimatum \u00e0 Isra\u00ebl\",\"datePublished\":\"2025-07-29T18:43:10+00:00\",\"dateModified\":\"2025-07-29T18:43:11+00:00\",\"mainEntityOfPage\":{\"@id\":\"https:\\\/\\\/www.webdo.tn\\\/fr\\\/actualite\\\/international\\\/londres-brandit-la-reconnaissance-de-letat-palestinien-comme-ultimatum-a-israel\\\/380571\\\/\"},\"wordCount\":281,\"commentCount\":0,\"publisher\":{\"@id\":\"https:\\\/\\\/www.webdo.tn\\\/fr\\\/#organization\"},\"image\":{\"@id\":\"https:\\\/\\\/www.webdo.tn\\\/fr\\\/actualite\\\/international\\\/londres-brandit-la-reconnaissance-de-letat-palestinien-comme-ultimatum-a-israel\\\/380571\\\/#primaryimage\"},\"thumbnailUrl\":\"https:\\\/\\\/www.webdo.tn\\\/fr\\\/wp-content\\\/uploads\\\/2025\\\/07\\\/Keir-Starmer-scaled.jpg\",\"keywords\":[\"'Reconnaissance \u00c9tat palestinien'\",\"Gaza\",\"isra\u00ebl\",\"Palestine\",\"royaume-uni\"],\"articleSection\":[\"International\"],\"inLanguage\":\"fr-FR\"},{\"@type\":\"WebPage\",\"@id\":\"https:\\\/\\\/www.webdo.tn\\\/fr\\\/actualite\\\/international\\\/londres-brandit-la-reconnaissance-de-letat-palestinien-comme-ultimatum-a-israel\\\/380571\\\/\",\"url\":\"https:\\\/\\\/www.webdo.tn\\\/fr\\\/actualite\\\/international\\\/londres-brandit-la-reconnaissance-de-letat-palestinien-comme-ultimatum-a-israel\\\/380571\\\/\",\"name\":\"Londres brandit la reconnaissance de l\u2019\u00c9tat palestinien comme ultimatum \u00e0 Isra\u00ebl - webdo\",\"isPartOf\":{\"@id\":\"https:\\\/\\\/www.webdo.tn\\\/fr\\\/#website\"},\"primaryImageOfPage\":{\"@id\":\"https:\\\/\\\/www.webdo.tn\\\/fr\\\/actualite\\\/international\\\/londres-brandit-la-reconnaissance-de-letat-palestinien-comme-ultimatum-a-israel\\\/380571\\\/#primaryimage\"},\"image\":{\"@id\":\"https:\\\/\\\/www.webdo.tn\\\/fr\\\/actualite\\\/international\\\/londres-brandit-la-reconnaissance-de-letat-palestinien-comme-ultimatum-a-israel\\\/380571\\\/#primaryimage\"},\"thumbnailUrl\":\"https:\\\/\\\/www.webdo.tn\\\/fr\\\/wp-content\\\/uploads\\\/2025\\\/07\\\/Keir-Starmer-scaled.jpg\",\"datePublished\":\"2025-07-29T18:43:10+00:00\",\"dateModified\":\"2025-07-29T18:43:11+00:00\",\"description\":\"Le Premier ministre britannique annonce que l'\u00c9tat palestinien sera reconnu sous certaines conditions en 2025.\",\"breadcrumb\":{\"@id\":\"https:\\\/\\\/www.webdo.tn\\\/fr\\\/actualite\\\/international\\\/londres-brandit-la-reconnaissance-de-letat-palestinien-comme-ultimatum-a-israel\\\/380571\\\/#breadcrumb\"},\"inLanguage\":\"fr-FR\",\"potentialAction\":[{\"@type\":\"ReadAction\",\"target\":[\"https:\\\/\\\/www.webdo.tn\\\/fr\\\/actualite\\\/international\\\/londres-brandit-la-reconnaissance-de-letat-palestinien-comme-ultimatum-a-israel\\\/380571\\\/\"]}]},{\"@type\":\"ImageObject\",\"inLanguage\":\"fr-FR\",\"@id\":\"https:\\\/\\\/www.webdo.tn\\\/fr\\\/actualite\\\/international\\\/londres-brandit-la-reconnaissance-de-letat-palestinien-comme-ultimatum-a-israel\\\/380571\\\/#primaryimage\",\"url\":\"https:\\\/\\\/www.webdo.tn\\\/fr\\\/wp-content\\\/uploads\\\/2025\\\/07\\\/Keir-Starmer-scaled.jpg\",\"contentUrl\":\"https:\\\/\\\/www.webdo.tn\\\/fr\\\/wp-content\\\/uploads\\\/2025\\\/07\\\/Keir-Starmer-scaled.jpg\",\"width\":2560,\"height\":1585,\"caption\":\"Le Premier ministre britannique Keir Starmer\"},{\"@type\":\"BreadcrumbList\",\"@id\":\"https:\\\/\\\/www.webdo.tn\\\/fr\\\/actualite\\\/international\\\/londres-brandit-la-reconnaissance-de-letat-palestinien-comme-ultimatum-a-israel\\\/380571\\\/#breadcrumb\",\"itemListElement\":[{\"@type\":\"ListItem\",\"position\":1,\"name\":\"Accueil\",\"item\":\"https:\\\/\\\/www.webdo.tn\\\/fr\\\/\"},{\"@type\":\"ListItem\",\"position\":2,\"name\":\"Londres brandit la reconnaissance de l\u2019\u00c9tat palestinien comme ultimatum \u00e0 Isra\u00ebl\"}]},{\"@type\":\"WebSite\",\"@id\":\"https:\\\/\\\/www.webdo.tn\\\/fr\\\/#website\",\"url\":\"https:\\\/\\\/www.webdo.tn\\\/fr\\\/\",\"name\":\"webdo\",\"description\":\"Tunisie - News en Tunisie et \u00e0 l&#039;international sur Webdo.tn\",\"publisher\":{\"@id\":\"https:\\\/\\\/www.webdo.tn\\\/fr\\\/#organization\"},\"potentialAction\":[{\"@type\":\"SearchAction\",\"target\":{\"@type\":\"EntryPoint\",\"urlTemplate\":\"https:\\\/\\\/www.webdo.tn\\\/fr\\\/?s={search_term_string}\"},\"query-input\":{\"@type\":\"PropertyValueSpecification\",\"valueRequired\":true,\"valueName\":\"search_term_string\"}}],\"inLanguage\":\"fr-FR\"},{\"@type\":\"Organization\",\"@id\":\"https:\\\/\\\/www.webdo.tn\\\/fr\\\/#organization\",\"name\":\"Webdo\",\"alternateName\":\"Webdo.tn\",\"url\":\"https:\\\/\\\/www.webdo.tn\\\/fr\\\/\",\"logo\":{\"@type\":\"ImageObject\",\"inLanguage\":\"fr-FR\",\"@id\":\"https:\\\/\\\/www.webdo.tn\\\/fr\\\/#\\\/schema\\\/logo\\\/image\\\/\",\"url\":\"https:\\\/\\\/www.webdo.tn\\\/fr\\\/wp-content\\\/uploads\\\/2025\\\/06\\\/Webdo-Tunisie_168377.jpg\",\"contentUrl\":\"https:\\\/\\\/www.webdo.tn\\\/fr\\\/wp-content\\\/uploads\\\/2025\\\/06\\\/Webdo-Tunisie_168377.jpg\",\"width\":301,\"height\":301,\"caption\":\"Webdo\"},\"image\":{\"@id\":\"https:\\\/\\\/www.webdo.tn\\\/fr\\\/#\\\/schema\\\/logo\\\/image\\\/\"},\"sameAs\":[\"https:\\\/\\\/www.facebook.com\\\/webdotn\",\"https:\\\/\\\/x.com\\\/webdo_tn\"],\"description\":\"Webdo est un m\u00e9dia num\u00e9rique tunisien fond\u00e9 en 2010, sp\u00e9cialis\u00e9 dans l\u2019actualit\u00e9 nationale et internationale, l\u2019\u00e9conomie, la soci\u00e9t\u00e9 et les analyses politiques. Le site s\u2019adresse \u00e0 un large public francophone et couvre l\u2019information tunisienne en temps r\u00e9el.\",\"email\":\"redac@webdo.tn\",\"legalName\":\"YNJ SARL\",\"foundingDate\":\"2010-09-06\",\"numberOfEmployees\":{\"@type\":\"QuantitativeValue\",\"minValue\":\"11\",\"maxValue\":\"50\"}},{\"@type\":\"Person\",\"@id\":\"https:\\\/\\\/www.webdo.tn\\\/fr\\\/#\\\/schema\\\/person\\\/c652cd8fc2b1b44412b5ffb48c5a911d\",\"name\":\"Mohamed Hedi Touati\",\"image\":{\"@type\":\"ImageObject\",\"inLanguage\":\"fr-FR\",\"@id\":\"https:\\\/\\\/secure.gravatar.com\\\/avatar\\\/9cfd402c745b7a685f13eed0ea6e59d2144a3c2fc50a3db6fd5ed451f6cddf1a?s=96&d=mm&r=g\",\"url\":\"https:\\\/\\\/secure.gravatar.com\\\/avatar\\\/9cfd402c745b7a685f13eed0ea6e59d2144a3c2fc50a3db6fd5ed451f6cddf1a?s=96&d=mm&r=g\",\"contentUrl\":\"https:\\\/\\\/secure.gravatar.com\\\/avatar\\\/9cfd402c745b7a685f13eed0ea6e59d2144a3c2fc50a3db6fd5ed451f6cddf1a?s=96&d=mm&r=g\",\"caption\":\"Mohamed Hedi Touati\"},\"url\":\"https:\\\/\\\/www.webdo.tn\\\/fr\\\/actualite\\\/author\\\/mohamed-hedi-touati\\\/\"}]}<\/script>\n<!-- \/ Yoast SEO Premium plugin. -->","yoast_head_json":{"title":"Londres brandit la reconnaissance de l\u2019\u00c9tat palestinien comme ultimatum \u00e0 Isra\u00ebl - webdo","description":"Le Premier ministre britannique annonce que l'\u00c9tat palestinien sera reconnu sous certaines conditions en 2025.","canonical":"https:\/\/www.webdo.tn\/fr\/actualite\/international\/londres-brandit-la-reconnaissance-de-letat-palestinien-comme-ultimatum-a-israel\/380571\/","og_locale":"fr_FR","og_type":"article","og_title":"Londres brandit la reconnaissance de l\u2019\u00c9tat palestinien comme ultimatum \u00e0 Isra\u00ebl","og_description":"Le Premier ministre britannique annonce que l'\u00c9tat palestinien sera reconnu sous certaines conditions en 2025.","og_url":"https:\/\/www.webdo.tn\/fr\/actualite\/international\/londres-brandit-la-reconnaissance-de-letat-palestinien-comme-ultimatum-a-israel\/380571\/","og_site_name":"webdo","article_publisher":"https:\/\/www.facebook.com\/webdotn","article_published_time":"2025-07-29T18:43:10+00:00","article_modified_time":"2025-07-29T18:43:11+00:00","og_image":[{"width":2560,"height":1585,"url":"https:\/\/www.webdo.tn\/fr\/wp-content\/uploads\/2025\/07\/Keir-Starmer-scaled.jpg","type":"image\/jpeg"}],"author":"Mohamed Hedi Touati","twitter_card":"summary_large_image","twitter_creator":"@webdo_tn","twitter_site":"@webdo_tn","twitter_misc":{"\u00c9crit par":"Mohamed Hedi Touati","Dur\u00e9e de lecture estim\u00e9e":"2 minutes"},"schema":{"@context":"https:\/\/schema.org","@graph":[{"@type":"NewsArticle","@id":"https:\/\/www.webdo.tn\/fr\/actualite\/international\/londres-brandit-la-reconnaissance-de-letat-palestinien-comme-ultimatum-a-israel\/380571\/#article","isPartOf":{"@id":"https:\/\/www.webdo.tn\/fr\/actualite\/international\/londres-brandit-la-reconnaissance-de-letat-palestinien-comme-ultimatum-a-israel\/380571\/"},"author":{"name":"Mohamed Hedi Touati","@id":"https:\/\/www.webdo.tn\/fr\/#\/schema\/person\/c652cd8fc2b1b44412b5ffb48c5a911d"},"headline":"Londres brandit la reconnaissance de l\u2019\u00c9tat palestinien comme ultimatum \u00e0 Isra\u00ebl","datePublished":"2025-07-29T18:43:10+00:00","dateModified":"2025-07-29T18:43:11+00:00","mainEntityOfPage":{"@id":"https:\/\/www.webdo.tn\/fr\/actualite\/international\/londres-brandit-la-reconnaissance-de-letat-palestinien-comme-ultimatum-a-israel\/380571\/"},"wordCount":281,"commentCount":0,"publisher":{"@id":"https:\/\/www.webdo.tn\/fr\/#organization"},"image":{"@id":"https:\/\/www.webdo.tn\/fr\/actualite\/international\/londres-brandit-la-reconnaissance-de-letat-palestinien-comme-ultimatum-a-israel\/380571\/#primaryimage"},"thumbnailUrl":"https:\/\/www.webdo.tn\/fr\/wp-content\/uploads\/2025\/07\/Keir-Starmer-scaled.jpg","keywords":["'Reconnaissance \u00c9tat palestinien'","Gaza","isra\u00ebl","Palestine","royaume-uni"],"articleSection":["International"],"inLanguage":"fr-FR"},{"@type":"WebPage","@id":"https:\/\/www.webdo.tn\/fr\/actualite\/international\/londres-brandit-la-reconnaissance-de-letat-palestinien-comme-ultimatum-a-israel\/380571\/","url":"https:\/\/www.webdo.tn\/fr\/actualite\/international\/londres-brandit-la-reconnaissance-de-letat-palestinien-comme-ultimatum-a-israel\/380571\/","name":"Londres brandit la reconnaissance de l\u2019\u00c9tat palestinien comme ultimatum \u00e0 Isra\u00ebl - webdo","isPartOf":{"@id":"https:\/\/www.webdo.tn\/fr\/#website"},"primaryImageOfPage":{"@id":"https:\/\/www.webdo.tn\/fr\/actualite\/international\/londres-brandit-la-reconnaissance-de-letat-palestinien-comme-ultimatum-a-israel\/380571\/#primaryimage"},"image":{"@id":"https:\/\/www.webdo.tn\/fr\/actualite\/international\/londres-brandit-la-reconnaissance-de-letat-palestinien-comme-ultimatum-a-israel\/380571\/#primaryimage"},"thumbnailUrl":"https:\/\/www.webdo.tn\/fr\/wp-content\/uploads\/2025\/07\/Keir-Starmer-scaled.jpg","datePublished":"2025-07-29T18:43:10+00:00","dateModified":"2025-07-29T18:43:11+00:00","description":"Le Premier ministre britannique annonce que l'\u00c9tat palestinien sera reconnu sous certaines conditions en 2025.","breadcrumb":{"@id":"https:\/\/www.webdo.tn\/fr\/actualite\/international\/londres-brandit-la-reconnaissance-de-letat-palestinien-comme-ultimatum-a-israel\/380571\/#breadcrumb"},"inLanguage":"fr-FR","potentialAction":[{"@type":"ReadAction","target":["https:\/\/www.webdo.tn\/fr\/actualite\/international\/londres-brandit-la-reconnaissance-de-letat-palestinien-comme-ultimatum-a-israel\/380571\/"]}]},{"@type":"ImageObject","inLanguage":"fr-FR","@id":"https:\/\/www.webdo.tn\/fr\/actualite\/international\/londres-brandit-la-reconnaissance-de-letat-palestinien-comme-ultimatum-a-israel\/380571\/#primaryimage","url":"https:\/\/www.webdo.tn\/fr\/wp-content\/uploads\/2025\/07\/Keir-Starmer-scaled.jpg","contentUrl":"https:\/\/www.webdo.tn\/fr\/wp-content\/uploads\/2025\/07\/Keir-Starmer-scaled.jpg","width":2560,"height":1585,"caption":"Le Premier ministre britannique Keir Starmer"},{"@type":"BreadcrumbList","@id":"https:\/\/www.webdo.tn\/fr\/actualite\/international\/londres-brandit-la-reconnaissance-de-letat-palestinien-comme-ultimatum-a-israel\/380571\/#breadcrumb","itemListElement":[{"@type":"ListItem","position":1,"name":"Accueil","item":"https:\/\/www.webdo.tn\/fr\/"},{"@type":"ListItem","position":2,"name":"Londres brandit la reconnaissance de l\u2019\u00c9tat palestinien comme ultimatum \u00e0 Isra\u00ebl"}]},{"@type":"WebSite","@id":"https:\/\/www.webdo.tn\/fr\/#website","url":"https:\/\/www.webdo.tn\/fr\/","name":"webdo","description":"Tunisie - News en Tunisie et \u00e0 l&#039;international sur Webdo.tn","publisher":{"@id":"https:\/\/www.webdo.tn\/fr\/#organization"},"potentialAction":[{"@type":"SearchAction","target":{"@type":"EntryPoint","urlTemplate":"https:\/\/www.webdo.tn\/fr\/?s={search_term_string}"},"query-input":{"@type":"PropertyValueSpecification","valueRequired":true,"valueName":"search_term_string"}}],"inLanguage":"fr-FR"},{"@type":"Organization","@id":"https:\/\/www.webdo.tn\/fr\/#organization","name":"Webdo","alternateName":"Webdo.tn","url":"https:\/\/www.webdo.tn\/fr\/","logo":{"@type":"ImageObject","inLanguage":"fr-FR","@id":"https:\/\/www.webdo.tn\/fr\/#\/schema\/logo\/image\/","url":"https:\/\/www.webdo.tn\/fr\/wp-content\/uploads\/2025\/06\/Webdo-Tunisie_168377.jpg","contentUrl":"https:\/\/www.webdo.tn\/fr\/wp-content\/uploads\/2025\/06\/Webdo-Tunisie_168377.jpg","width":301,"height":301,"caption":"Webdo"},"image":{"@id":"https:\/\/www.webdo.tn\/fr\/#\/schema\/logo\/image\/"},"sameAs":["https:\/\/www.facebook.com\/webdotn","https:\/\/x.com\/webdo_tn"],"description":"Webdo est un m\u00e9dia num\u00e9rique tunisien fond\u00e9 en 2010, sp\u00e9cialis\u00e9 dans l\u2019actualit\u00e9 nationale et internationale, l\u2019\u00e9conomie, la soci\u00e9t\u00e9 et les analyses politiques. Le site s\u2019adresse \u00e0 un large public francophone et couvre l\u2019information tunisienne en temps r\u00e9el.","email":"redac@webdo.tn","legalName":"YNJ SARL","foundingDate":"2010-09-06","numberOfEmployees":{"@type":"QuantitativeValue","minValue":"11","maxValue":"50"}},{"@type":"Person","@id":"https:\/\/www.webdo.tn\/fr\/#\/schema\/person\/c652cd8fc2b1b44412b5ffb48c5a911d","name":"Mohamed Hedi Touati","image":{"@type":"ImageObject","inLanguage":"fr-FR","@id":"https:\/\/secure.gravatar.com\/avatar\/9cfd402c745b7a685f13eed0ea6e59d2144a3c2fc50a3db6fd5ed451f6cddf1a?s=96&d=mm&r=g","url":"https:\/\/secure.gravatar.com\/avatar\/9cfd402c745b7a685f13eed0ea6e59d2144a3c2fc50a3db6fd5ed451f6cddf1a?s=96&d=mm&r=g","contentUrl":"https:\/\/secure.gravatar.com\/avatar\/9cfd402c745b7a685f13eed0ea6e59d2144a3c2fc50a3db6fd5ed451f6cddf1a?s=96&d=mm&r=g","caption":"Mohamed Hedi Touati"},"url":"https:\/\/www.webdo.tn\/fr\/actualite\/author\/mohamed-hedi-touati\/"}]}},"_links":{"self":[{"href":"https:\/\/www.webdo.tn\/fr\/wp-json\/wp\/v2\/posts\/380571","targetHints":{"allow":["GET"]}}],"collection":[{"href":"https:\/\/www.webdo.tn\/fr\/wp-json\/wp\/v2\/posts"}],"about":[{"href":"https:\/\/www.webdo.tn\/fr\/wp-json\/wp\/v2\/types\/post"}],"author":[{"embeddable":true,"href":"https:\/\/www.webdo.tn\/fr\/wp-json\/wp\/v2\/users\/3191"}],"replies":[{"embeddable":true,"href":"https:\/\/www.webdo.tn\/fr\/wp-json\/wp\/v2\/comments?post=380571"}],"version-history":[{"count":0,"href":"https:\/\/www.webdo.tn\/fr\/wp-json\/wp\/v2\/posts\/380571\/revisions"}],"wp:featuredmedia":[{"embeddable":true,"href":"https:\/\/www.webdo.tn\/fr\/wp-json\/wp\/v2\/media\/380572"}],"wp:attachment":[{"href":"https:\/\/www.webdo.tn\/fr\/wp-json\/wp\/v2\/media?parent=380571"}],"wp:term":[{"taxonomy":"category","embeddable":true,"href":"https:\/\/www.webdo.tn\/fr\/wp-json\/wp\/v2\/categories?post=380571"},{"taxonomy":"post_tag","embeddable":true,"href":"https:\/\/www.webdo.tn\/fr\/wp-json\/wp\/v2\/tags?post=380571"}],"curies":[{"name":"wp","href":"https:\/\/api.w.org\/{rel}","templated":true}]}}