{"id":380560,"date":"2025-07-29T14:07:53","date_gmt":"2025-07-29T13:07:53","guid":{"rendered":"https:\/\/www.webdo.tn\/fr\/?p=380560"},"modified":"2025-07-29T18:39:58","modified_gmt":"2025-07-29T17:39:58","slug":"tunisie-greve-generale-dans-le-transport-terrestre-confirmee-a-partir-de-demain","status":"publish","type":"post","link":"https:\/\/www.webdo.tn\/fr\/actualite\/national\/tunisie-greve-generale-dans-le-transport-terrestre-confirmee-a-partir-de-demain\/380560\/","title":{"rendered":"Tunisie : Gr\u00e8ve g\u00e9n\u00e9rale dans le transport terrestre confirm\u00e9e \u00e0 partir de demain"},"content":{"rendered":"\n<p>La F\u00e9d\u00e9ration g\u00e9n\u00e9rale du transport relevant de l\u2019UGTT a confirm\u00e9 ce mardi sa d\u00e9cision de maintenir une gr\u00e8ve g\u00e9n\u00e9rale sectorielle dans le transport terrestre des voyageurs. Pr\u00e9vue sur trois jours \u2013 les 30 et 31 juillet et le 1er ao\u00fbt 2025 \u2013 cette gr\u00e8ve concernera la Soci\u00e9t\u00e9 nationale de transport interurbain (SNTRI), la Soci\u00e9t\u00e9 de transport de Tunis (Transtu), ainsi que l\u2019ensemble des soci\u00e9t\u00e9s r\u00e9gionales de transport public routier.<\/p>\n\n\n\n<p>Dans une d\u00e9claration, le secr\u00e9taire g\u00e9n\u00e9ral de la F\u00e9d\u00e9ration, Wajih Ezzidi, a justifi\u00e9 cette d\u00e9cision par l\u2019\u00e9chec de la s\u00e9ance de n\u00e9gociation tenue ce jour au si\u00e8ge du minist\u00e8re des Affaires sociales. Il a point\u00e9 du doigt \u00ab l\u2019ent\u00eatement \u00bb de la partie gouvernementale et \u00ab l\u2019absence de s\u00e9rieux \u00bb dans le traitement des revendications des agents du secteur.<\/p>\n\n\n\n<p>Cette gr\u00e8ve s\u2019annonce particuli\u00e8rement perturbatrice, au c\u0153ur de la saison estivale, alors que les besoins en transport public s\u2019intensifient dans tout le pays. Le syndicat affirme rester ouvert au dialogue, mais d\u00e9nonce le manque d\u2019engagement concret de la part des autorit\u00e9s, notamment en ce qui concerne les conditions de travail, les salaires et la situation financi\u00e8re des entreprises publiques du secteur. <\/p>\n\n\n\n<p><\/p>\n","protected":false},"excerpt":{"rendered":"<p>La F\u00e9d\u00e9ration g\u00e9n\u00e9rale du transport relevant de l\u2019UGTT a confirm\u00e9 ce mardi sa d\u00e9cision de maintenir une gr\u00e8ve g\u00e9n\u00e9rale sectorielle dans le transport terrestre des voyageurs. Pr\u00e9vue sur trois jours \u2013 les 30 et 31 juillet et le 1er ao\u00fbt 2025 \u2013 cette gr\u00e8ve concernera la Soci\u00e9t\u00e9 nationale de transport interurbain (SNTRI), la Soci\u00e9t\u00e9 de [&hellip;]<\/p>\n","protected":false},"author":3184,"featured_media":369279,"comment_status":"open","ping_status":"open","sticky":false,"template":"","format":"standard","meta":{"footnotes":""},"categories":[44],"tags":[2818,4045,2608],"class_list":["post-380560","post","type-post","status-publish","format-standard","has-post-thumbnail","hentry","category-national","tag-transport","tag-transtu","tag-tunisie"],"yoast_head":"<!-- This site is optimized with the Yoast SEO Premium plugin v27.4 (Yoast SEO v27.4) - https:\/\/yoast.com\/product\/yoast-seo-premium-wordpress\/ -->\n<title>Tunisie : Gr\u00e8ve g\u00e9n\u00e9rale dans le transport terrestre confirm\u00e9e \u00e0 partir de demain - webdo<\/title>\n<meta name=\"description\" content=\"La gr\u00e8ve g\u00e9n\u00e9rale dans le transport est confirm\u00e9e pour les 30 et 31 juillet et le 1er ao\u00fbt 2025. D\u00e9couvrez les d\u00e9tails.\" \/>\n<link rel=\"canonical\" href=\"https:\/\/www.webdo.tn\/fr\/actualite\/national\/tunisie-greve-generale-dans-le-transport-terrestre-confirmee-a-partir-de-demain\/380560\/\" \/>\n<meta property=\"og:locale\" content=\"fr_FR\" \/>\n<meta property=\"og:type\" content=\"article\" \/>\n<meta property=\"og:title\" content=\"Tunisie : Gr\u00e8ve g\u00e9n\u00e9rale dans le transport terrestre confirm\u00e9e \u00e0 partir de demain\" \/>\n<meta property=\"og:description\" content=\"La gr\u00e8ve g\u00e9n\u00e9rale dans le transport est confirm\u00e9e pour les 30 et 31 juillet et le 1er ao\u00fbt 2025. D\u00e9couvrez les d\u00e9tails.\" \/>\n<meta property=\"og:url\" content=\"https:\/\/www.webdo.tn\/fr\/actualite\/national\/tunisie-greve-generale-dans-le-transport-terrestre-confirmee-a-partir-de-demain\/380560\/\" \/>\n<meta property=\"og:site_name\" content=\"webdo\" \/>\n<meta property=\"article:publisher\" content=\"https:\/\/www.facebook.com\/webdotn\" \/>\n<meta property=\"article:published_time\" content=\"2025-07-29T13:07:53+00:00\" \/>\n<meta property=\"article:modified_time\" content=\"2025-07-29T17:39:58+00:00\" \/>\n<meta property=\"og:image\" content=\"https:\/\/www.webdo.tn\/fr\/wp-content\/uploads\/2025\/06\/transtu_138168.jpg\" \/>\n\t<meta property=\"og:image:width\" content=\"624\" \/>\n\t<meta property=\"og:image:height\" content=\"425\" \/>\n\t<meta property=\"og:image:type\" content=\"image\/jpeg\" \/>\n<meta name=\"author\" content=\"Wided Belhaj\" \/>\n<meta name=\"twitter:card\" content=\"summary_large_image\" \/>\n<meta name=\"twitter:creator\" content=\"@webdo_tn\" \/>\n<meta name=\"twitter:site\" content=\"@webdo_tn\" \/>\n<meta name=\"twitter:label1\" content=\"\u00c9crit par\" \/>\n\t<meta name=\"twitter:data1\" content=\"Wided Belhaj\" \/>\n\t<meta name=\"twitter:label2\" content=\"Dur\u00e9e de lecture estim\u00e9e\" \/>\n\t<meta name=\"twitter:data2\" content=\"2 minutes\" \/>\n<script type=\"application\/ld+json\" class=\"yoast-schema-graph\">{\"@context\":\"https:\\\/\\\/schema.org\",\"@graph\":[{\"@type\":\"NewsArticle\",\"@id\":\"https:\\\/\\\/www.webdo.tn\\\/fr\\\/actualite\\\/national\\\/tunisie-greve-generale-dans-le-transport-terrestre-confirmee-a-partir-de-demain\\\/380560\\\/#article\",\"isPartOf\":{\"@id\":\"https:\\\/\\\/www.webdo.tn\\\/fr\\\/actualite\\\/national\\\/tunisie-greve-generale-dans-le-transport-terrestre-confirmee-a-partir-de-demain\\\/380560\\\/\"},\"author\":{\"name\":\"Wided Belhaj\",\"@id\":\"https:\\\/\\\/www.webdo.tn\\\/fr\\\/#\\\/schema\\\/person\\\/b9ecde7a5574cb4fcf4b496ea5fadb15\"},\"headline\":\"Tunisie : Gr\u00e8ve g\u00e9n\u00e9rale dans le transport terrestre confirm\u00e9e \u00e0 partir de demain\",\"datePublished\":\"2025-07-29T13:07:53+00:00\",\"dateModified\":\"2025-07-29T17:39:58+00:00\",\"mainEntityOfPage\":{\"@id\":\"https:\\\/\\\/www.webdo.tn\\\/fr\\\/actualite\\\/national\\\/tunisie-greve-generale-dans-le-transport-terrestre-confirmee-a-partir-de-demain\\\/380560\\\/\"},\"wordCount\":238,\"commentCount\":0,\"publisher\":{\"@id\":\"https:\\\/\\\/www.webdo.tn\\\/fr\\\/#organization\"},\"image\":{\"@id\":\"https:\\\/\\\/www.webdo.tn\\\/fr\\\/actualite\\\/national\\\/tunisie-greve-generale-dans-le-transport-terrestre-confirmee-a-partir-de-demain\\\/380560\\\/#primaryimage\"},\"thumbnailUrl\":\"https:\\\/\\\/www.webdo.tn\\\/fr\\\/wp-content\\\/uploads\\\/2025\\\/06\\\/transtu_138168.jpg\",\"keywords\":[\"Transport\",\"TRANSTU\",\"Tunisie\"],\"articleSection\":[\"National\"],\"inLanguage\":\"fr-FR\"},{\"@type\":\"WebPage\",\"@id\":\"https:\\\/\\\/www.webdo.tn\\\/fr\\\/actualite\\\/national\\\/tunisie-greve-generale-dans-le-transport-terrestre-confirmee-a-partir-de-demain\\\/380560\\\/\",\"url\":\"https:\\\/\\\/www.webdo.tn\\\/fr\\\/actualite\\\/national\\\/tunisie-greve-generale-dans-le-transport-terrestre-confirmee-a-partir-de-demain\\\/380560\\\/\",\"name\":\"Tunisie : Gr\u00e8ve g\u00e9n\u00e9rale dans le transport terrestre confirm\u00e9e \u00e0 partir de demain - webdo\",\"isPartOf\":{\"@id\":\"https:\\\/\\\/www.webdo.tn\\\/fr\\\/#website\"},\"primaryImageOfPage\":{\"@id\":\"https:\\\/\\\/www.webdo.tn\\\/fr\\\/actualite\\\/national\\\/tunisie-greve-generale-dans-le-transport-terrestre-confirmee-a-partir-de-demain\\\/380560\\\/#primaryimage\"},\"image\":{\"@id\":\"https:\\\/\\\/www.webdo.tn\\\/fr\\\/actualite\\\/national\\\/tunisie-greve-generale-dans-le-transport-terrestre-confirmee-a-partir-de-demain\\\/380560\\\/#primaryimage\"},\"thumbnailUrl\":\"https:\\\/\\\/www.webdo.tn\\\/fr\\\/wp-content\\\/uploads\\\/2025\\\/06\\\/transtu_138168.jpg\",\"datePublished\":\"2025-07-29T13:07:53+00:00\",\"dateModified\":\"2025-07-29T17:39:58+00:00\",\"description\":\"La gr\u00e8ve g\u00e9n\u00e9rale dans le transport est confirm\u00e9e pour les 30 et 31 juillet et le 1er ao\u00fbt 2025. D\u00e9couvrez les d\u00e9tails.\",\"breadcrumb\":{\"@id\":\"https:\\\/\\\/www.webdo.tn\\\/fr\\\/actualite\\\/national\\\/tunisie-greve-generale-dans-le-transport-terrestre-confirmee-a-partir-de-demain\\\/380560\\\/#breadcrumb\"},\"inLanguage\":\"fr-FR\",\"potentialAction\":[{\"@type\":\"ReadAction\",\"target\":[\"https:\\\/\\\/www.webdo.tn\\\/fr\\\/actualite\\\/national\\\/tunisie-greve-generale-dans-le-transport-terrestre-confirmee-a-partir-de-demain\\\/380560\\\/\"]}]},{\"@type\":\"ImageObject\",\"inLanguage\":\"fr-FR\",\"@id\":\"https:\\\/\\\/www.webdo.tn\\\/fr\\\/actualite\\\/national\\\/tunisie-greve-generale-dans-le-transport-terrestre-confirmee-a-partir-de-demain\\\/380560\\\/#primaryimage\",\"url\":\"https:\\\/\\\/www.webdo.tn\\\/fr\\\/wp-content\\\/uploads\\\/2025\\\/06\\\/transtu_138168.jpg\",\"contentUrl\":\"https:\\\/\\\/www.webdo.tn\\\/fr\\\/wp-content\\\/uploads\\\/2025\\\/06\\\/transtu_138168.jpg\",\"width\":624,\"height\":425,\"caption\":\"Violence et vandalisme : Les agents de la Transtu en gr\u00e8ve de 2h\"},{\"@type\":\"BreadcrumbList\",\"@id\":\"https:\\\/\\\/www.webdo.tn\\\/fr\\\/actualite\\\/national\\\/tunisie-greve-generale-dans-le-transport-terrestre-confirmee-a-partir-de-demain\\\/380560\\\/#breadcrumb\",\"itemListElement\":[{\"@type\":\"ListItem\",\"position\":1,\"name\":\"Accueil\",\"item\":\"https:\\\/\\\/www.webdo.tn\\\/fr\\\/\"},{\"@type\":\"ListItem\",\"position\":2,\"name\":\"Tunisie : Gr\u00e8ve g\u00e9n\u00e9rale dans le transport terrestre confirm\u00e9e \u00e0 partir de demain\"}]},{\"@type\":\"WebSite\",\"@id\":\"https:\\\/\\\/www.webdo.tn\\\/fr\\\/#website\",\"url\":\"https:\\\/\\\/www.webdo.tn\\\/fr\\\/\",\"name\":\"webdo\",\"description\":\"Tunisie - News en Tunisie et \u00e0 l&#039;international sur Webdo.tn\",\"publisher\":{\"@id\":\"https:\\\/\\\/www.webdo.tn\\\/fr\\\/#organization\"},\"potentialAction\":[{\"@type\":\"SearchAction\",\"target\":{\"@type\":\"EntryPoint\",\"urlTemplate\":\"https:\\\/\\\/www.webdo.tn\\\/fr\\\/?s={search_term_string}\"},\"query-input\":{\"@type\":\"PropertyValueSpecification\",\"valueRequired\":true,\"valueName\":\"search_term_string\"}}],\"inLanguage\":\"fr-FR\"},{\"@type\":\"Organization\",\"@id\":\"https:\\\/\\\/www.webdo.tn\\\/fr\\\/#organization\",\"name\":\"Webdo\",\"alternateName\":\"Webdo.tn\",\"url\":\"https:\\\/\\\/www.webdo.tn\\\/fr\\\/\",\"logo\":{\"@type\":\"ImageObject\",\"inLanguage\":\"fr-FR\",\"@id\":\"https:\\\/\\\/www.webdo.tn\\\/fr\\\/#\\\/schema\\\/logo\\\/image\\\/\",\"url\":\"https:\\\/\\\/www.webdo.tn\\\/fr\\\/wp-content\\\/uploads\\\/2025\\\/06\\\/Webdo-Tunisie_168377.jpg\",\"contentUrl\":\"https:\\\/\\\/www.webdo.tn\\\/fr\\\/wp-content\\\/uploads\\\/2025\\\/06\\\/Webdo-Tunisie_168377.jpg\",\"width\":301,\"height\":301,\"caption\":\"Webdo\"},\"image\":{\"@id\":\"https:\\\/\\\/www.webdo.tn\\\/fr\\\/#\\\/schema\\\/logo\\\/image\\\/\"},\"sameAs\":[\"https:\\\/\\\/www.facebook.com\\\/webdotn\",\"https:\\\/\\\/x.com\\\/webdo_tn\"],\"description\":\"Webdo est un m\u00e9dia num\u00e9rique tunisien fond\u00e9 en 2010, sp\u00e9cialis\u00e9 dans l\u2019actualit\u00e9 nationale et internationale, l\u2019\u00e9conomie, la soci\u00e9t\u00e9 et les analyses politiques. Le site s\u2019adresse \u00e0 un large public francophone et couvre l\u2019information tunisienne en temps r\u00e9el.\",\"email\":\"redac@webdo.tn\",\"legalName\":\"YNJ SARL\",\"foundingDate\":\"2010-09-06\",\"numberOfEmployees\":{\"@type\":\"QuantitativeValue\",\"minValue\":\"11\",\"maxValue\":\"50\"}},{\"@type\":\"Person\",\"@id\":\"https:\\\/\\\/www.webdo.tn\\\/fr\\\/#\\\/schema\\\/person\\\/b9ecde7a5574cb4fcf4b496ea5fadb15\",\"name\":\"Wided Belhaj\",\"image\":{\"@type\":\"ImageObject\",\"inLanguage\":\"fr-FR\",\"@id\":\"https:\\\/\\\/www.webdo.tn\\\/fr\\\/wp-content\\\/uploads\\\/2026\\\/04\\\/wided-belhaj_avatar-96x96.jpg\",\"url\":\"https:\\\/\\\/www.webdo.tn\\\/fr\\\/wp-content\\\/uploads\\\/2026\\\/04\\\/wided-belhaj_avatar-96x96.jpg\",\"contentUrl\":\"https:\\\/\\\/www.webdo.tn\\\/fr\\\/wp-content\\\/uploads\\\/2026\\\/04\\\/wided-belhaj_avatar-96x96.jpg\",\"caption\":\"Wided Belhaj\"},\"description\":\"Wided Belhaj est le pseudonyme \u00e9ditorial utilis\u00e9 par Khalil Jelassi, journaliste, ma\u00eetre-assistant \u00e0 l\u2019Institut de presse et des sciences de l\u2019information (IPSI) et chercheur en sciences de l\u2019information et de la communication. Cette signature est d\u00e9di\u00e9e \u00e0 l\u2019analyse des m\u00e9dias, des pratiques journalistiques et des mutations de l\u2019information \u00e0 l\u2019\u00e8re digitale. \u00c0 travers ses contributions, Wided Belhaj propose une lecture analytique de l\u2019actualit\u00e9, en croisant regard critique et expertise acad\u00e9mique.\",\"knowsAbout\":[\"m\u00e9dias\",\"journalisme\",\"communication\",\"information\",\"transformation num\u00e9rique\",\"analyse des m\u00e9dias\"],\"knowsLanguage\":[\"Fran\u00e7ais\",\"Arabe\"],\"jobTitle\":\"Webdo.tn\",\"worksFor\":\"Journaliste \u2013 Analyse des m\u00e9dias\",\"url\":\"https:\\\/\\\/www.webdo.tn\\\/fr\\\/actualite\\\/author\\\/wided-belhaj\\\/\"}]}<\/script>\n<!-- \/ Yoast SEO Premium plugin. -->","yoast_head_json":{"title":"Tunisie : Gr\u00e8ve g\u00e9n\u00e9rale dans le transport terrestre confirm\u00e9e \u00e0 partir de demain - webdo","description":"La gr\u00e8ve g\u00e9n\u00e9rale dans le transport est confirm\u00e9e pour les 30 et 31 juillet et le 1er ao\u00fbt 2025. D\u00e9couvrez les d\u00e9tails.","canonical":"https:\/\/www.webdo.tn\/fr\/actualite\/national\/tunisie-greve-generale-dans-le-transport-terrestre-confirmee-a-partir-de-demain\/380560\/","og_locale":"fr_FR","og_type":"article","og_title":"Tunisie : Gr\u00e8ve g\u00e9n\u00e9rale dans le transport terrestre confirm\u00e9e \u00e0 partir de demain","og_description":"La gr\u00e8ve g\u00e9n\u00e9rale dans le transport est confirm\u00e9e pour les 30 et 31 juillet et le 1er ao\u00fbt 2025. D\u00e9couvrez les d\u00e9tails.","og_url":"https:\/\/www.webdo.tn\/fr\/actualite\/national\/tunisie-greve-generale-dans-le-transport-terrestre-confirmee-a-partir-de-demain\/380560\/","og_site_name":"webdo","article_publisher":"https:\/\/www.facebook.com\/webdotn","article_published_time":"2025-07-29T13:07:53+00:00","article_modified_time":"2025-07-29T17:39:58+00:00","og_image":[{"width":624,"height":425,"url":"https:\/\/www.webdo.tn\/fr\/wp-content\/uploads\/2025\/06\/transtu_138168.jpg","type":"image\/jpeg"}],"author":"Wided Belhaj","twitter_card":"summary_large_image","twitter_creator":"@webdo_tn","twitter_site":"@webdo_tn","twitter_misc":{"\u00c9crit par":"Wided Belhaj","Dur\u00e9e de lecture estim\u00e9e":"2 minutes"},"schema":{"@context":"https:\/\/schema.org","@graph":[{"@type":"NewsArticle","@id":"https:\/\/www.webdo.tn\/fr\/actualite\/national\/tunisie-greve-generale-dans-le-transport-terrestre-confirmee-a-partir-de-demain\/380560\/#article","isPartOf":{"@id":"https:\/\/www.webdo.tn\/fr\/actualite\/national\/tunisie-greve-generale-dans-le-transport-terrestre-confirmee-a-partir-de-demain\/380560\/"},"author":{"name":"Wided Belhaj","@id":"https:\/\/www.webdo.tn\/fr\/#\/schema\/person\/b9ecde7a5574cb4fcf4b496ea5fadb15"},"headline":"Tunisie : Gr\u00e8ve g\u00e9n\u00e9rale dans le transport terrestre confirm\u00e9e \u00e0 partir de demain","datePublished":"2025-07-29T13:07:53+00:00","dateModified":"2025-07-29T17:39:58+00:00","mainEntityOfPage":{"@id":"https:\/\/www.webdo.tn\/fr\/actualite\/national\/tunisie-greve-generale-dans-le-transport-terrestre-confirmee-a-partir-de-demain\/380560\/"},"wordCount":238,"commentCount":0,"publisher":{"@id":"https:\/\/www.webdo.tn\/fr\/#organization"},"image":{"@id":"https:\/\/www.webdo.tn\/fr\/actualite\/national\/tunisie-greve-generale-dans-le-transport-terrestre-confirmee-a-partir-de-demain\/380560\/#primaryimage"},"thumbnailUrl":"https:\/\/www.webdo.tn\/fr\/wp-content\/uploads\/2025\/06\/transtu_138168.jpg","keywords":["Transport","TRANSTU","Tunisie"],"articleSection":["National"],"inLanguage":"fr-FR"},{"@type":"WebPage","@id":"https:\/\/www.webdo.tn\/fr\/actualite\/national\/tunisie-greve-generale-dans-le-transport-terrestre-confirmee-a-partir-de-demain\/380560\/","url":"https:\/\/www.webdo.tn\/fr\/actualite\/national\/tunisie-greve-generale-dans-le-transport-terrestre-confirmee-a-partir-de-demain\/380560\/","name":"Tunisie : Gr\u00e8ve g\u00e9n\u00e9rale dans le transport terrestre confirm\u00e9e \u00e0 partir de demain - webdo","isPartOf":{"@id":"https:\/\/www.webdo.tn\/fr\/#website"},"primaryImageOfPage":{"@id":"https:\/\/www.webdo.tn\/fr\/actualite\/national\/tunisie-greve-generale-dans-le-transport-terrestre-confirmee-a-partir-de-demain\/380560\/#primaryimage"},"image":{"@id":"https:\/\/www.webdo.tn\/fr\/actualite\/national\/tunisie-greve-generale-dans-le-transport-terrestre-confirmee-a-partir-de-demain\/380560\/#primaryimage"},"thumbnailUrl":"https:\/\/www.webdo.tn\/fr\/wp-content\/uploads\/2025\/06\/transtu_138168.jpg","datePublished":"2025-07-29T13:07:53+00:00","dateModified":"2025-07-29T17:39:58+00:00","description":"La gr\u00e8ve g\u00e9n\u00e9rale dans le transport est confirm\u00e9e pour les 30 et 31 juillet et le 1er ao\u00fbt 2025. D\u00e9couvrez les d\u00e9tails.","breadcrumb":{"@id":"https:\/\/www.webdo.tn\/fr\/actualite\/national\/tunisie-greve-generale-dans-le-transport-terrestre-confirmee-a-partir-de-demain\/380560\/#breadcrumb"},"inLanguage":"fr-FR","potentialAction":[{"@type":"ReadAction","target":["https:\/\/www.webdo.tn\/fr\/actualite\/national\/tunisie-greve-generale-dans-le-transport-terrestre-confirmee-a-partir-de-demain\/380560\/"]}]},{"@type":"ImageObject","inLanguage":"fr-FR","@id":"https:\/\/www.webdo.tn\/fr\/actualite\/national\/tunisie-greve-generale-dans-le-transport-terrestre-confirmee-a-partir-de-demain\/380560\/#primaryimage","url":"https:\/\/www.webdo.tn\/fr\/wp-content\/uploads\/2025\/06\/transtu_138168.jpg","contentUrl":"https:\/\/www.webdo.tn\/fr\/wp-content\/uploads\/2025\/06\/transtu_138168.jpg","width":624,"height":425,"caption":"Violence et vandalisme : Les agents de la Transtu en gr\u00e8ve de 2h"},{"@type":"BreadcrumbList","@id":"https:\/\/www.webdo.tn\/fr\/actualite\/national\/tunisie-greve-generale-dans-le-transport-terrestre-confirmee-a-partir-de-demain\/380560\/#breadcrumb","itemListElement":[{"@type":"ListItem","position":1,"name":"Accueil","item":"https:\/\/www.webdo.tn\/fr\/"},{"@type":"ListItem","position":2,"name":"Tunisie : Gr\u00e8ve g\u00e9n\u00e9rale dans le transport terrestre confirm\u00e9e \u00e0 partir de demain"}]},{"@type":"WebSite","@id":"https:\/\/www.webdo.tn\/fr\/#website","url":"https:\/\/www.webdo.tn\/fr\/","name":"webdo","description":"Tunisie - News en Tunisie et \u00e0 l&#039;international sur Webdo.tn","publisher":{"@id":"https:\/\/www.webdo.tn\/fr\/#organization"},"potentialAction":[{"@type":"SearchAction","target":{"@type":"EntryPoint","urlTemplate":"https:\/\/www.webdo.tn\/fr\/?s={search_term_string}"},"query-input":{"@type":"PropertyValueSpecification","valueRequired":true,"valueName":"search_term_string"}}],"inLanguage":"fr-FR"},{"@type":"Organization","@id":"https:\/\/www.webdo.tn\/fr\/#organization","name":"Webdo","alternateName":"Webdo.tn","url":"https:\/\/www.webdo.tn\/fr\/","logo":{"@type":"ImageObject","inLanguage":"fr-FR","@id":"https:\/\/www.webdo.tn\/fr\/#\/schema\/logo\/image\/","url":"https:\/\/www.webdo.tn\/fr\/wp-content\/uploads\/2025\/06\/Webdo-Tunisie_168377.jpg","contentUrl":"https:\/\/www.webdo.tn\/fr\/wp-content\/uploads\/2025\/06\/Webdo-Tunisie_168377.jpg","width":301,"height":301,"caption":"Webdo"},"image":{"@id":"https:\/\/www.webdo.tn\/fr\/#\/schema\/logo\/image\/"},"sameAs":["https:\/\/www.facebook.com\/webdotn","https:\/\/x.com\/webdo_tn"],"description":"Webdo est un m\u00e9dia num\u00e9rique tunisien fond\u00e9 en 2010, sp\u00e9cialis\u00e9 dans l\u2019actualit\u00e9 nationale et internationale, l\u2019\u00e9conomie, la soci\u00e9t\u00e9 et les analyses politiques. Le site s\u2019adresse \u00e0 un large public francophone et couvre l\u2019information tunisienne en temps r\u00e9el.","email":"redac@webdo.tn","legalName":"YNJ SARL","foundingDate":"2010-09-06","numberOfEmployees":{"@type":"QuantitativeValue","minValue":"11","maxValue":"50"}},{"@type":"Person","@id":"https:\/\/www.webdo.tn\/fr\/#\/schema\/person\/b9ecde7a5574cb4fcf4b496ea5fadb15","name":"Wided Belhaj","image":{"@type":"ImageObject","inLanguage":"fr-FR","@id":"https:\/\/www.webdo.tn\/fr\/wp-content\/uploads\/2026\/04\/wided-belhaj_avatar-96x96.jpg","url":"https:\/\/www.webdo.tn\/fr\/wp-content\/uploads\/2026\/04\/wided-belhaj_avatar-96x96.jpg","contentUrl":"https:\/\/www.webdo.tn\/fr\/wp-content\/uploads\/2026\/04\/wided-belhaj_avatar-96x96.jpg","caption":"Wided Belhaj"},"description":"Wided Belhaj est le pseudonyme \u00e9ditorial utilis\u00e9 par Khalil Jelassi, journaliste, ma\u00eetre-assistant \u00e0 l\u2019Institut de presse et des sciences de l\u2019information (IPSI) et chercheur en sciences de l\u2019information et de la communication. Cette signature est d\u00e9di\u00e9e \u00e0 l\u2019analyse des m\u00e9dias, des pratiques journalistiques et des mutations de l\u2019information \u00e0 l\u2019\u00e8re digitale. \u00c0 travers ses contributions, Wided Belhaj propose une lecture analytique de l\u2019actualit\u00e9, en croisant regard critique et expertise acad\u00e9mique.","knowsAbout":["m\u00e9dias","journalisme","communication","information","transformation num\u00e9rique","analyse des m\u00e9dias"],"knowsLanguage":["Fran\u00e7ais","Arabe"],"jobTitle":"Webdo.tn","worksFor":"Journaliste \u2013 Analyse des m\u00e9dias","url":"https:\/\/www.webdo.tn\/fr\/actualite\/author\/wided-belhaj\/"}]}},"_links":{"self":[{"href":"https:\/\/www.webdo.tn\/fr\/wp-json\/wp\/v2\/posts\/380560","targetHints":{"allow":["GET"]}}],"collection":[{"href":"https:\/\/www.webdo.tn\/fr\/wp-json\/wp\/v2\/posts"}],"about":[{"href":"https:\/\/www.webdo.tn\/fr\/wp-json\/wp\/v2\/types\/post"}],"author":[{"embeddable":true,"href":"https:\/\/www.webdo.tn\/fr\/wp-json\/wp\/v2\/users\/3184"}],"replies":[{"embeddable":true,"href":"https:\/\/www.webdo.tn\/fr\/wp-json\/wp\/v2\/comments?post=380560"}],"version-history":[{"count":0,"href":"https:\/\/www.webdo.tn\/fr\/wp-json\/wp\/v2\/posts\/380560\/revisions"}],"wp:featuredmedia":[{"embeddable":true,"href":"https:\/\/www.webdo.tn\/fr\/wp-json\/wp\/v2\/media\/369279"}],"wp:attachment":[{"href":"https:\/\/www.webdo.tn\/fr\/wp-json\/wp\/v2\/media?parent=380560"}],"wp:term":[{"taxonomy":"category","embeddable":true,"href":"https:\/\/www.webdo.tn\/fr\/wp-json\/wp\/v2\/categories?post=380560"},{"taxonomy":"post_tag","embeddable":true,"href":"https:\/\/www.webdo.tn\/fr\/wp-json\/wp\/v2\/tags?post=380560"}],"curies":[{"name":"wp","href":"https:\/\/api.w.org\/{rel}","templated":true}]}}