{"id":380532,"date":"2025-07-29T11:02:41","date_gmt":"2025-07-29T10:02:41","guid":{"rendered":"https:\/\/www.webdo.tn\/fr\/?p=380532"},"modified":"2025-07-30T08:42:51","modified_gmt":"2025-07-30T07:42:51","slug":"en-tunisie-50-des-voitures-ont-plus-de-15-ans","status":"publish","type":"post","link":"https:\/\/www.webdo.tn\/fr\/actualite\/national\/en-tunisie-50-des-voitures-ont-plus-de-15-ans\/380532\/","title":{"rendered":"En Tunisie, 50% des voitures ont plus de 15 ans !"},"content":{"rendered":"\n<p><\/p>\n\n\n\n<p><strong>En Tunisie, la moiti\u00e9 du parc automobile est compos\u00e9e de v\u00e9hicules \u00e2g\u00e9s de plus de 15 ans. C\u2019est ce qu\u2019a d\u00e9clar\u00e9 ce mardi 29 juillet 2025 Ibrahim Debbache, pr\u00e9sident de la Chambre syndicale des concessionnaires et fabricants d\u2019automobiles.<\/strong><\/p>\n\n\n\n<p>Ce constat alarmant soul\u00e8ve des enjeux \u00e9conomiques, environnementaux et s\u00e9curitaires. Le vieillissement du parc est accentu\u00e9 par l\u2019importation massive de voitures d\u2019occasion, qui accro\u00eet la demande en pi\u00e8ces d\u00e9tach\u00e9es et alourdit le bilan carbone.<\/p>\n\n\n\n<p>Face \u00e0 la flamb\u00e9e des prix des v\u00e9hicules neufs, de nombreux Tunisiens se tournent vers le march\u00e9 parall\u00e8le. Deux circuits y contribuent : les garages informels, d\u2019une part, et le recours au syst\u00e8me FCR (Franchise pour les Tunisiens R\u00e9sidant \u00e0 l\u2019\u00c9tranger), d\u2019autre part. Ce dernier, bien que l\u00e9gal, est souvent d\u00e9tourn\u00e9 de son objectif initial, donnant lieu \u00e0 un v\u00e9ritable march\u00e9 parall\u00e8le.<\/p>\n\n\n\n<p>\u00ab Nous ne sommes pas contre le FCR en tant que tel, mais contre les d\u00e9rives qu\u2019il a engendr\u00e9es \u00bb, a pr\u00e9cis\u00e9 Ibrahim Debbache sur les <a href=\"https:\/\/www.facebook.com\/share\/v\/1FxN5DVqe1\/\">ondes de la radio nationale<\/a>. Car en pratique, ce m\u00e9canisme facilite souvent l\u2019entr\u00e9e de voitures d\u2019occasion sur le march\u00e9 int\u00e9rieur, ce qui freine le renouvellement du parc. <\/p>\n\n\n\n<p>Pour le pr\u00e9sident de la Chambre, il devient urgent de mettre en place une strat\u00e9gie nationale pour favoriser l\u2019acc\u00e8s \u00e0 des v\u00e9hicules r\u00e9cents, moins polluants et plus s\u00fbrs, notamment par la promotion des voitures hybrides et \u00e9lectriques. Un d\u00e9fi d\u2019autant plus grand que le transport public reste structurellement sous-d\u00e9velopp\u00e9.<\/p>\n\n\n\n<p>En 2025, 60 000 v\u00e9hicules devraient \u00eatre import\u00e9s par les 37 concessionnaires agr\u00e9\u00e9s r\u00e9partis sur tout le territoire, dont 10 000 mod\u00e8les dits \u00ab populaires \u00bb. Mais les prix resteront \u00e9lev\u00e9s. Plusieurs facteurs l\u2019expliquent : la d\u00e9pr\u00e9ciation du dinar tunisien entre 2011 et 2018, l\u2019augmentation de 25 % de la taxe sur la consommation, la hausse de la TVA de 17 % \u00e0 19 %, ainsi que l\u2019inflation sur le march\u00e9 automobile international.<\/p>\n\n\n\n<p>Autant d\u2019obstacles qui freinent l\u2019acc\u00e8s \u00e0 des v\u00e9hicules r\u00e9cents\u2026 et qui expliquent, en partie, pourquoi la Tunisie roule encore avec des voitures d\u2019un autre \u00e2ge.<\/p>\n\n\n\n<p><\/p>\n\n\n\n<p><strong>Lire aussi :<\/strong> <a href=\"https:\/\/www.webdo.tn\/fr\/actualite\/national\/voiture-prix-usine-en-tunisie-le-reve-est-sur-la-table\/380433\/\">Voiture \u00ab&nbsp;prix usine&nbsp;\u00bb en Tunisie : Le r\u00eave est sur la table ?<\/a><br><\/p>\n","protected":false},"excerpt":{"rendered":"<p>En Tunisie, la moiti\u00e9 du parc automobile est compos\u00e9e de v\u00e9hicules \u00e2g\u00e9s de plus de 15 ans. C\u2019est ce qu\u2019a d\u00e9clar\u00e9 ce mardi 29 juillet 2025 Ibrahim Debbache, pr\u00e9sident de la Chambre syndicale des concessionnaires et fabricants d\u2019automobiles. Ce constat alarmant soul\u00e8ve des enjeux \u00e9conomiques, environnementaux et s\u00e9curitaires. Le vieillissement du parc est accentu\u00e9 par [&hellip;]<\/p>\n","protected":false},"author":3184,"featured_media":376572,"comment_status":"open","ping_status":"open","sticky":false,"template":"","format":"standard","meta":{"footnotes":""},"categories":[44],"tags":[12338,2608,3386],"class_list":["post-380532","post","type-post","status-publish","format-standard","has-post-thumbnail","hentry","category-national","tag-parc-automobile","tag-tunisie","tag-voitures"],"yoast_head":"<!-- This site is optimized with the Yoast SEO Premium plugin v27.5 (Yoast SEO v27.5) - https:\/\/yoast.com\/product\/yoast-seo-premium-wordpress\/ -->\n<title>En Tunisie, 50% des voitures ont plus de 15 ans ! - webdo<\/title>\n<meta name=\"description\" content=\"D\u00e9couvrez l&#039;\u00e9tat des voitures en Tunisie : une majorit\u00e9 de v\u00e9hicules \u00e2g\u00e9s de plus de 15 ans impactant l&#039;\u00e9conomie et l&#039;environnement.\" \/>\n<link rel=\"canonical\" href=\"https:\/\/www.webdo.tn\/fr\/actualite\/national\/en-tunisie-50-des-voitures-ont-plus-de-15-ans\/380532\/\" \/>\n<meta property=\"og:locale\" content=\"fr_FR\" \/>\n<meta property=\"og:type\" content=\"article\" \/>\n<meta property=\"og:title\" content=\"En Tunisie, 50% des voitures ont plus de 15 ans !\" \/>\n<meta property=\"og:description\" content=\"D\u00e9couvrez l&#039;\u00e9tat des voitures en Tunisie : une majorit\u00e9 de v\u00e9hicules \u00e2g\u00e9s de plus de 15 ans impactant l&#039;\u00e9conomie et l&#039;environnement.\" \/>\n<meta property=\"og:url\" content=\"https:\/\/www.webdo.tn\/fr\/actualite\/national\/en-tunisie-50-des-voitures-ont-plus-de-15-ans\/380532\/\" \/>\n<meta property=\"og:site_name\" content=\"webdo\" \/>\n<meta property=\"article:publisher\" content=\"https:\/\/www.facebook.com\/webdotn\" \/>\n<meta property=\"article:published_time\" content=\"2025-07-29T10:02:41+00:00\" \/>\n<meta property=\"article:modified_time\" content=\"2025-07-30T07:42:51+00:00\" \/>\n<meta property=\"og:image\" content=\"https:\/\/www.webdo.tn\/fr\/wp-content\/uploads\/2019\/06\/embouteillage.jpg\" \/>\n\t<meta property=\"og:image:width\" content=\"620\" \/>\n\t<meta property=\"og:image:height\" content=\"347\" \/>\n\t<meta property=\"og:image:type\" content=\"image\/jpeg\" \/>\n<meta name=\"author\" content=\"Wided Belhaj\" \/>\n<meta name=\"twitter:card\" content=\"summary_large_image\" \/>\n<meta name=\"twitter:creator\" content=\"@webdo_tn\" \/>\n<meta name=\"twitter:site\" content=\"@webdo_tn\" \/>\n<meta name=\"twitter:label1\" content=\"\u00c9crit par\" \/>\n\t<meta name=\"twitter:data1\" content=\"Wided Belhaj\" \/>\n\t<meta name=\"twitter:label2\" content=\"Dur\u00e9e de lecture estim\u00e9e\" \/>\n\t<meta name=\"twitter:data2\" content=\"1 minute\" \/>\n<script type=\"application\/ld+json\" class=\"yoast-schema-graph\">{\"@context\":\"https:\\\/\\\/schema.org\",\"@graph\":[{\"@type\":\"NewsArticle\",\"@id\":\"https:\\\/\\\/www.webdo.tn\\\/fr\\\/actualite\\\/national\\\/en-tunisie-50-des-voitures-ont-plus-de-15-ans\\\/380532\\\/#article\",\"isPartOf\":{\"@id\":\"https:\\\/\\\/www.webdo.tn\\\/fr\\\/actualite\\\/national\\\/en-tunisie-50-des-voitures-ont-plus-de-15-ans\\\/380532\\\/\"},\"author\":{\"name\":\"Wided Belhaj\",\"@id\":\"https:\\\/\\\/www.webdo.tn\\\/fr\\\/#\\\/schema\\\/person\\\/b9ecde7a5574cb4fcf4b496ea5fadb15\"},\"headline\":\"En Tunisie, 50% des voitures ont plus de 15 ans !\",\"datePublished\":\"2025-07-29T10:02:41+00:00\",\"dateModified\":\"2025-07-30T07:42:51+00:00\",\"mainEntityOfPage\":{\"@id\":\"https:\\\/\\\/www.webdo.tn\\\/fr\\\/actualite\\\/national\\\/en-tunisie-50-des-voitures-ont-plus-de-15-ans\\\/380532\\\/\"},\"wordCount\":393,\"commentCount\":0,\"publisher\":{\"@id\":\"https:\\\/\\\/www.webdo.tn\\\/fr\\\/#organization\"},\"image\":{\"@id\":\"https:\\\/\\\/www.webdo.tn\\\/fr\\\/actualite\\\/national\\\/en-tunisie-50-des-voitures-ont-plus-de-15-ans\\\/380532\\\/#primaryimage\"},\"thumbnailUrl\":\"https:\\\/\\\/www.webdo.tn\\\/fr\\\/wp-content\\\/uploads\\\/2019\\\/06\\\/embouteillage.jpg\",\"keywords\":[\"Parc automobile\",\"Tunisie\",\"voitures\"],\"articleSection\":[\"National\"],\"inLanguage\":\"fr-FR\"},{\"@type\":\"WebPage\",\"@id\":\"https:\\\/\\\/www.webdo.tn\\\/fr\\\/actualite\\\/national\\\/en-tunisie-50-des-voitures-ont-plus-de-15-ans\\\/380532\\\/\",\"url\":\"https:\\\/\\\/www.webdo.tn\\\/fr\\\/actualite\\\/national\\\/en-tunisie-50-des-voitures-ont-plus-de-15-ans\\\/380532\\\/\",\"name\":\"En Tunisie, 50% des voitures ont plus de 15 ans ! - webdo\",\"isPartOf\":{\"@id\":\"https:\\\/\\\/www.webdo.tn\\\/fr\\\/#website\"},\"primaryImageOfPage\":{\"@id\":\"https:\\\/\\\/www.webdo.tn\\\/fr\\\/actualite\\\/national\\\/en-tunisie-50-des-voitures-ont-plus-de-15-ans\\\/380532\\\/#primaryimage\"},\"image\":{\"@id\":\"https:\\\/\\\/www.webdo.tn\\\/fr\\\/actualite\\\/national\\\/en-tunisie-50-des-voitures-ont-plus-de-15-ans\\\/380532\\\/#primaryimage\"},\"thumbnailUrl\":\"https:\\\/\\\/www.webdo.tn\\\/fr\\\/wp-content\\\/uploads\\\/2019\\\/06\\\/embouteillage.jpg\",\"datePublished\":\"2025-07-29T10:02:41+00:00\",\"dateModified\":\"2025-07-30T07:42:51+00:00\",\"description\":\"D\u00e9couvrez l'\u00e9tat des voitures en Tunisie : une majorit\u00e9 de v\u00e9hicules \u00e2g\u00e9s de plus de 15 ans impactant l'\u00e9conomie et l'environnement.\",\"breadcrumb\":{\"@id\":\"https:\\\/\\\/www.webdo.tn\\\/fr\\\/actualite\\\/national\\\/en-tunisie-50-des-voitures-ont-plus-de-15-ans\\\/380532\\\/#breadcrumb\"},\"inLanguage\":\"fr-FR\",\"potentialAction\":[{\"@type\":\"ReadAction\",\"target\":[\"https:\\\/\\\/www.webdo.tn\\\/fr\\\/actualite\\\/national\\\/en-tunisie-50-des-voitures-ont-plus-de-15-ans\\\/380532\\\/\"]}]},{\"@type\":\"ImageObject\",\"inLanguage\":\"fr-FR\",\"@id\":\"https:\\\/\\\/www.webdo.tn\\\/fr\\\/actualite\\\/national\\\/en-tunisie-50-des-voitures-ont-plus-de-15-ans\\\/380532\\\/#primaryimage\",\"url\":\"https:\\\/\\\/www.webdo.tn\\\/fr\\\/wp-content\\\/uploads\\\/2019\\\/06\\\/embouteillage.jpg\",\"contentUrl\":\"https:\\\/\\\/www.webdo.tn\\\/fr\\\/wp-content\\\/uploads\\\/2019\\\/06\\\/embouteillage.jpg\",\"width\":620,\"height\":347,\"caption\":\"Chaque mois, le Tunisien d\u00e9pense en moyenne 400 dinars pour sa voiture !\"},{\"@type\":\"BreadcrumbList\",\"@id\":\"https:\\\/\\\/www.webdo.tn\\\/fr\\\/actualite\\\/national\\\/en-tunisie-50-des-voitures-ont-plus-de-15-ans\\\/380532\\\/#breadcrumb\",\"itemListElement\":[{\"@type\":\"ListItem\",\"position\":1,\"name\":\"Accueil\",\"item\":\"https:\\\/\\\/www.webdo.tn\\\/fr\\\/\"},{\"@type\":\"ListItem\",\"position\":2,\"name\":\"En Tunisie, 50% des voitures ont plus de 15 ans !\"}]},{\"@type\":\"WebSite\",\"@id\":\"https:\\\/\\\/www.webdo.tn\\\/fr\\\/#website\",\"url\":\"https:\\\/\\\/www.webdo.tn\\\/fr\\\/\",\"name\":\"webdo\",\"description\":\"Tunisie - News en Tunisie et \u00e0 l&#039;international sur Webdo.tn\",\"publisher\":{\"@id\":\"https:\\\/\\\/www.webdo.tn\\\/fr\\\/#organization\"},\"potentialAction\":[{\"@type\":\"SearchAction\",\"target\":{\"@type\":\"EntryPoint\",\"urlTemplate\":\"https:\\\/\\\/www.webdo.tn\\\/fr\\\/?s={search_term_string}\"},\"query-input\":{\"@type\":\"PropertyValueSpecification\",\"valueRequired\":true,\"valueName\":\"search_term_string\"}}],\"inLanguage\":\"fr-FR\"},{\"@type\":\"Organization\",\"@id\":\"https:\\\/\\\/www.webdo.tn\\\/fr\\\/#organization\",\"name\":\"Webdo\",\"alternateName\":\"Webdo.tn\",\"url\":\"https:\\\/\\\/www.webdo.tn\\\/fr\\\/\",\"logo\":{\"@type\":\"ImageObject\",\"inLanguage\":\"fr-FR\",\"@id\":\"https:\\\/\\\/www.webdo.tn\\\/fr\\\/#\\\/schema\\\/logo\\\/image\\\/\",\"url\":\"https:\\\/\\\/www.webdo.tn\\\/fr\\\/wp-content\\\/uploads\\\/2025\\\/06\\\/Webdo-Tunisie_168377.jpg\",\"contentUrl\":\"https:\\\/\\\/www.webdo.tn\\\/fr\\\/wp-content\\\/uploads\\\/2025\\\/06\\\/Webdo-Tunisie_168377.jpg\",\"width\":301,\"height\":301,\"caption\":\"Webdo\"},\"image\":{\"@id\":\"https:\\\/\\\/www.webdo.tn\\\/fr\\\/#\\\/schema\\\/logo\\\/image\\\/\"},\"sameAs\":[\"https:\\\/\\\/www.facebook.com\\\/webdotn\",\"https:\\\/\\\/x.com\\\/webdo_tn\"],\"description\":\"Webdo est un m\u00e9dia num\u00e9rique tunisien fond\u00e9 en 2010, sp\u00e9cialis\u00e9 dans l\u2019actualit\u00e9 nationale et internationale, l\u2019\u00e9conomie, la soci\u00e9t\u00e9 et les analyses politiques. Le site s\u2019adresse \u00e0 un large public francophone et couvre l\u2019information tunisienne en temps r\u00e9el.\",\"email\":\"redac@webdo.tn\",\"legalName\":\"YNJ SARL\",\"foundingDate\":\"2010-09-06\",\"numberOfEmployees\":{\"@type\":\"QuantitativeValue\",\"minValue\":\"11\",\"maxValue\":\"50\"}},{\"@type\":\"Person\",\"@id\":\"https:\\\/\\\/www.webdo.tn\\\/fr\\\/#\\\/schema\\\/person\\\/b9ecde7a5574cb4fcf4b496ea5fadb15\",\"name\":\"Wided Belhaj\",\"image\":{\"@type\":\"ImageObject\",\"inLanguage\":\"fr-FR\",\"@id\":\"https:\\\/\\\/www.webdo.tn\\\/fr\\\/wp-content\\\/uploads\\\/2026\\\/04\\\/wided-belhaj_avatar-96x96.jpg\",\"url\":\"https:\\\/\\\/www.webdo.tn\\\/fr\\\/wp-content\\\/uploads\\\/2026\\\/04\\\/wided-belhaj_avatar-96x96.jpg\",\"contentUrl\":\"https:\\\/\\\/www.webdo.tn\\\/fr\\\/wp-content\\\/uploads\\\/2026\\\/04\\\/wided-belhaj_avatar-96x96.jpg\",\"caption\":\"Wided Belhaj\"},\"description\":\"Wided Belhaj est le pseudonyme \u00e9ditorial utilis\u00e9 par Khalil Jelassi, journaliste, ma\u00eetre-assistant \u00e0 l\u2019Institut de presse et des sciences de l\u2019information (IPSI) et chercheur en sciences de l\u2019information et de la communication. Cette signature est d\u00e9di\u00e9e \u00e0 l\u2019analyse des m\u00e9dias, des pratiques journalistiques et des mutations de l\u2019information \u00e0 l\u2019\u00e8re digitale. \u00c0 travers ses contributions, Wided Belhaj propose une lecture analytique de l\u2019actualit\u00e9, en croisant regard critique et expertise acad\u00e9mique.\",\"knowsAbout\":[\"m\u00e9dias\",\"journalisme\",\"communication\",\"information\",\"transformation num\u00e9rique\",\"analyse des m\u00e9dias\"],\"knowsLanguage\":[\"Fran\u00e7ais\",\"Arabe\"],\"jobTitle\":\"Webdo.tn\",\"worksFor\":\"Journaliste \u2013 Analyse des m\u00e9dias\",\"url\":\"https:\\\/\\\/www.webdo.tn\\\/fr\\\/actualite\\\/author\\\/wided-belhaj\\\/\"}]}<\/script>\n<!-- \/ Yoast SEO Premium plugin. -->","yoast_head_json":{"title":"En Tunisie, 50% des voitures ont plus de 15 ans ! - webdo","description":"D\u00e9couvrez l'\u00e9tat des voitures en Tunisie : une majorit\u00e9 de v\u00e9hicules \u00e2g\u00e9s de plus de 15 ans impactant l'\u00e9conomie et l'environnement.","canonical":"https:\/\/www.webdo.tn\/fr\/actualite\/national\/en-tunisie-50-des-voitures-ont-plus-de-15-ans\/380532\/","og_locale":"fr_FR","og_type":"article","og_title":"En Tunisie, 50% des voitures ont plus de 15 ans !","og_description":"D\u00e9couvrez l'\u00e9tat des voitures en Tunisie : une majorit\u00e9 de v\u00e9hicules \u00e2g\u00e9s de plus de 15 ans impactant l'\u00e9conomie et l'environnement.","og_url":"https:\/\/www.webdo.tn\/fr\/actualite\/national\/en-tunisie-50-des-voitures-ont-plus-de-15-ans\/380532\/","og_site_name":"webdo","article_publisher":"https:\/\/www.facebook.com\/webdotn","article_published_time":"2025-07-29T10:02:41+00:00","article_modified_time":"2025-07-30T07:42:51+00:00","og_image":[{"width":620,"height":347,"url":"https:\/\/www.webdo.tn\/fr\/wp-content\/uploads\/2019\/06\/embouteillage.jpg","type":"image\/jpeg"}],"author":"Wided Belhaj","twitter_card":"summary_large_image","twitter_creator":"@webdo_tn","twitter_site":"@webdo_tn","twitter_misc":{"\u00c9crit par":"Wided Belhaj","Dur\u00e9e de lecture estim\u00e9e":"1 minute"},"schema":{"@context":"https:\/\/schema.org","@graph":[{"@type":"NewsArticle","@id":"https:\/\/www.webdo.tn\/fr\/actualite\/national\/en-tunisie-50-des-voitures-ont-plus-de-15-ans\/380532\/#article","isPartOf":{"@id":"https:\/\/www.webdo.tn\/fr\/actualite\/national\/en-tunisie-50-des-voitures-ont-plus-de-15-ans\/380532\/"},"author":{"name":"Wided Belhaj","@id":"https:\/\/www.webdo.tn\/fr\/#\/schema\/person\/b9ecde7a5574cb4fcf4b496ea5fadb15"},"headline":"En Tunisie, 50% des voitures ont plus de 15 ans !","datePublished":"2025-07-29T10:02:41+00:00","dateModified":"2025-07-30T07:42:51+00:00","mainEntityOfPage":{"@id":"https:\/\/www.webdo.tn\/fr\/actualite\/national\/en-tunisie-50-des-voitures-ont-plus-de-15-ans\/380532\/"},"wordCount":393,"commentCount":0,"publisher":{"@id":"https:\/\/www.webdo.tn\/fr\/#organization"},"image":{"@id":"https:\/\/www.webdo.tn\/fr\/actualite\/national\/en-tunisie-50-des-voitures-ont-plus-de-15-ans\/380532\/#primaryimage"},"thumbnailUrl":"https:\/\/www.webdo.tn\/fr\/wp-content\/uploads\/2019\/06\/embouteillage.jpg","keywords":["Parc automobile","Tunisie","voitures"],"articleSection":["National"],"inLanguage":"fr-FR"},{"@type":"WebPage","@id":"https:\/\/www.webdo.tn\/fr\/actualite\/national\/en-tunisie-50-des-voitures-ont-plus-de-15-ans\/380532\/","url":"https:\/\/www.webdo.tn\/fr\/actualite\/national\/en-tunisie-50-des-voitures-ont-plus-de-15-ans\/380532\/","name":"En Tunisie, 50% des voitures ont plus de 15 ans ! - webdo","isPartOf":{"@id":"https:\/\/www.webdo.tn\/fr\/#website"},"primaryImageOfPage":{"@id":"https:\/\/www.webdo.tn\/fr\/actualite\/national\/en-tunisie-50-des-voitures-ont-plus-de-15-ans\/380532\/#primaryimage"},"image":{"@id":"https:\/\/www.webdo.tn\/fr\/actualite\/national\/en-tunisie-50-des-voitures-ont-plus-de-15-ans\/380532\/#primaryimage"},"thumbnailUrl":"https:\/\/www.webdo.tn\/fr\/wp-content\/uploads\/2019\/06\/embouteillage.jpg","datePublished":"2025-07-29T10:02:41+00:00","dateModified":"2025-07-30T07:42:51+00:00","description":"D\u00e9couvrez l'\u00e9tat des voitures en Tunisie : une majorit\u00e9 de v\u00e9hicules \u00e2g\u00e9s de plus de 15 ans impactant l'\u00e9conomie et l'environnement.","breadcrumb":{"@id":"https:\/\/www.webdo.tn\/fr\/actualite\/national\/en-tunisie-50-des-voitures-ont-plus-de-15-ans\/380532\/#breadcrumb"},"inLanguage":"fr-FR","potentialAction":[{"@type":"ReadAction","target":["https:\/\/www.webdo.tn\/fr\/actualite\/national\/en-tunisie-50-des-voitures-ont-plus-de-15-ans\/380532\/"]}]},{"@type":"ImageObject","inLanguage":"fr-FR","@id":"https:\/\/www.webdo.tn\/fr\/actualite\/national\/en-tunisie-50-des-voitures-ont-plus-de-15-ans\/380532\/#primaryimage","url":"https:\/\/www.webdo.tn\/fr\/wp-content\/uploads\/2019\/06\/embouteillage.jpg","contentUrl":"https:\/\/www.webdo.tn\/fr\/wp-content\/uploads\/2019\/06\/embouteillage.jpg","width":620,"height":347,"caption":"Chaque mois, le Tunisien d\u00e9pense en moyenne 400 dinars pour sa voiture !"},{"@type":"BreadcrumbList","@id":"https:\/\/www.webdo.tn\/fr\/actualite\/national\/en-tunisie-50-des-voitures-ont-plus-de-15-ans\/380532\/#breadcrumb","itemListElement":[{"@type":"ListItem","position":1,"name":"Accueil","item":"https:\/\/www.webdo.tn\/fr\/"},{"@type":"ListItem","position":2,"name":"En Tunisie, 50% des voitures ont plus de 15 ans !"}]},{"@type":"WebSite","@id":"https:\/\/www.webdo.tn\/fr\/#website","url":"https:\/\/www.webdo.tn\/fr\/","name":"webdo","description":"Tunisie - News en Tunisie et \u00e0 l&#039;international sur Webdo.tn","publisher":{"@id":"https:\/\/www.webdo.tn\/fr\/#organization"},"potentialAction":[{"@type":"SearchAction","target":{"@type":"EntryPoint","urlTemplate":"https:\/\/www.webdo.tn\/fr\/?s={search_term_string}"},"query-input":{"@type":"PropertyValueSpecification","valueRequired":true,"valueName":"search_term_string"}}],"inLanguage":"fr-FR"},{"@type":"Organization","@id":"https:\/\/www.webdo.tn\/fr\/#organization","name":"Webdo","alternateName":"Webdo.tn","url":"https:\/\/www.webdo.tn\/fr\/","logo":{"@type":"ImageObject","inLanguage":"fr-FR","@id":"https:\/\/www.webdo.tn\/fr\/#\/schema\/logo\/image\/","url":"https:\/\/www.webdo.tn\/fr\/wp-content\/uploads\/2025\/06\/Webdo-Tunisie_168377.jpg","contentUrl":"https:\/\/www.webdo.tn\/fr\/wp-content\/uploads\/2025\/06\/Webdo-Tunisie_168377.jpg","width":301,"height":301,"caption":"Webdo"},"image":{"@id":"https:\/\/www.webdo.tn\/fr\/#\/schema\/logo\/image\/"},"sameAs":["https:\/\/www.facebook.com\/webdotn","https:\/\/x.com\/webdo_tn"],"description":"Webdo est un m\u00e9dia num\u00e9rique tunisien fond\u00e9 en 2010, sp\u00e9cialis\u00e9 dans l\u2019actualit\u00e9 nationale et internationale, l\u2019\u00e9conomie, la soci\u00e9t\u00e9 et les analyses politiques. Le site s\u2019adresse \u00e0 un large public francophone et couvre l\u2019information tunisienne en temps r\u00e9el.","email":"redac@webdo.tn","legalName":"YNJ SARL","foundingDate":"2010-09-06","numberOfEmployees":{"@type":"QuantitativeValue","minValue":"11","maxValue":"50"}},{"@type":"Person","@id":"https:\/\/www.webdo.tn\/fr\/#\/schema\/person\/b9ecde7a5574cb4fcf4b496ea5fadb15","name":"Wided Belhaj","image":{"@type":"ImageObject","inLanguage":"fr-FR","@id":"https:\/\/www.webdo.tn\/fr\/wp-content\/uploads\/2026\/04\/wided-belhaj_avatar-96x96.jpg","url":"https:\/\/www.webdo.tn\/fr\/wp-content\/uploads\/2026\/04\/wided-belhaj_avatar-96x96.jpg","contentUrl":"https:\/\/www.webdo.tn\/fr\/wp-content\/uploads\/2026\/04\/wided-belhaj_avatar-96x96.jpg","caption":"Wided Belhaj"},"description":"Wided Belhaj est le pseudonyme \u00e9ditorial utilis\u00e9 par Khalil Jelassi, journaliste, ma\u00eetre-assistant \u00e0 l\u2019Institut de presse et des sciences de l\u2019information (IPSI) et chercheur en sciences de l\u2019information et de la communication. Cette signature est d\u00e9di\u00e9e \u00e0 l\u2019analyse des m\u00e9dias, des pratiques journalistiques et des mutations de l\u2019information \u00e0 l\u2019\u00e8re digitale. \u00c0 travers ses contributions, Wided Belhaj propose une lecture analytique de l\u2019actualit\u00e9, en croisant regard critique et expertise acad\u00e9mique.","knowsAbout":["m\u00e9dias","journalisme","communication","information","transformation num\u00e9rique","analyse des m\u00e9dias"],"knowsLanguage":["Fran\u00e7ais","Arabe"],"jobTitle":"Webdo.tn","worksFor":"Journaliste \u2013 Analyse des m\u00e9dias","url":"https:\/\/www.webdo.tn\/fr\/actualite\/author\/wided-belhaj\/"}]}},"_links":{"self":[{"href":"https:\/\/www.webdo.tn\/fr\/wp-json\/wp\/v2\/posts\/380532","targetHints":{"allow":["GET"]}}],"collection":[{"href":"https:\/\/www.webdo.tn\/fr\/wp-json\/wp\/v2\/posts"}],"about":[{"href":"https:\/\/www.webdo.tn\/fr\/wp-json\/wp\/v2\/types\/post"}],"author":[{"embeddable":true,"href":"https:\/\/www.webdo.tn\/fr\/wp-json\/wp\/v2\/users\/3184"}],"replies":[{"embeddable":true,"href":"https:\/\/www.webdo.tn\/fr\/wp-json\/wp\/v2\/comments?post=380532"}],"version-history":[{"count":0,"href":"https:\/\/www.webdo.tn\/fr\/wp-json\/wp\/v2\/posts\/380532\/revisions"}],"wp:featuredmedia":[{"embeddable":true,"href":"https:\/\/www.webdo.tn\/fr\/wp-json\/wp\/v2\/media\/376572"}],"wp:attachment":[{"href":"https:\/\/www.webdo.tn\/fr\/wp-json\/wp\/v2\/media?parent=380532"}],"wp:term":[{"taxonomy":"category","embeddable":true,"href":"https:\/\/www.webdo.tn\/fr\/wp-json\/wp\/v2\/categories?post=380532"},{"taxonomy":"post_tag","embeddable":true,"href":"https:\/\/www.webdo.tn\/fr\/wp-json\/wp\/v2\/tags?post=380532"}],"curies":[{"name":"wp","href":"https:\/\/api.w.org\/{rel}","templated":true}]}}