{"id":380511,"date":"2025-07-29T08:32:06","date_gmt":"2025-07-29T07:32:06","guid":{"rendered":"https:\/\/www.webdo.tn\/fr\/?p=380511"},"modified":"2025-07-29T19:01:18","modified_gmt":"2025-07-29T18:01:18","slug":"mondiaux-de-natation-ahmed-jaouadi-domine-les-series-du-800-m-nl-et-file-en-finale","status":"publish","type":"post","link":"https:\/\/www.webdo.tn\/fr\/actualite\/sport\/mondiaux-de-natation-ahmed-jaouadi-domine-les-series-du-800-m-nl-et-file-en-finale\/380511\/","title":{"rendered":"Mondiaux de natation : Ahmed Jaouadi domine les s\u00e9ries du 800 m NL et file en finale"},"content":{"rendered":"\n<p>Le nageur tunisien s\u2019est qualifi\u00e9 ce mardi 29 juillet pour la finale du 800 m\u00e8tres nage libre, en signant le meilleur temps des s\u00e9ries aux Championnats du monde \u00e0 Singapour. Il nagera pour une m\u00e9daille ce mercredi \u00e0 12h02 (HT).<\/p>\n\n\n\n<p><strong>Une performance \u00e9clatante en s\u00e9ries<\/strong><\/p>\n\n\n\n<p>Ahmed Jaouadi, 20 ans, a r\u00e9alis\u00e9 une prestation impressionnante lors des s\u00e9ries du 800 m\u00e8tres nage libre, disput\u00e9es mardi matin \u00e0 Singapour. Avec un chrono de 7\u201941\u2019\u201958, il signe un nouveau record personnel et prend la premi\u00e8re place du classement g\u00e9n\u00e9ral.<\/p>\n\n\n\n<p>Il devance l\u2019Australien Samuel Short (7\u201942\u2019\u201922) et l\u2019Allemand Sven Schwarz (7\u201943\u2019\u201960). Gr\u00e2ce \u00e0 ce temps de r\u00e9f\u00e9rence, Jaouadi s\u2019impose comme l\u2019un des favoris pour la finale pr\u00e9vue mercredi \u00e0 12h02 (heure tunisienne).<\/p>\n\n\n\n<p><\/p>\n\n\n<div class=\"wp-block-image\">\n<figure class=\"aligncenter size-large\"><img decoding=\"async\" width=\"1024\" height=\"536\" src=\"https:\/\/www.webdo.tn\/fr\/wp-content\/uploads\/2025\/07\/524671250_1350095967126120_1648436868517972507_n-1024x536.jpg\" alt=\"\" class=\"wp-image-380512\" srcset=\"https:\/\/www.webdo.tn\/fr\/wp-content\/uploads\/2025\/07\/524671250_1350095967126120_1648436868517972507_n-1024x536.jpg 1024w, https:\/\/www.webdo.tn\/fr\/wp-content\/uploads\/2025\/07\/524671250_1350095967126120_1648436868517972507_n-300x157.jpg 300w, https:\/\/www.webdo.tn\/fr\/wp-content\/uploads\/2025\/07\/524671250_1350095967126120_1648436868517972507_n-768x402.jpg 768w, https:\/\/www.webdo.tn\/fr\/wp-content\/uploads\/2025\/07\/524671250_1350095967126120_1648436868517972507_n-750x392.jpg 750w, https:\/\/www.webdo.tn\/fr\/wp-content\/uploads\/2025\/07\/524671250_1350095967126120_1648436868517972507_n-1140x597.jpg 1140w, https:\/\/www.webdo.tn\/fr\/wp-content\/uploads\/2025\/07\/524671250_1350095967126120_1648436868517972507_n.jpg 1376w\" sizes=\"(max-width: 1024px) 100vw, 1024px\" \/><\/figure>\n<\/div>\n\n\n<p><\/p>\n\n\n\n<p><strong>Une mont\u00e9e en puissance attendue<\/strong><\/p>\n\n\n\n<p>La performance de Jaouadi confirme sa progression constante depuis deux ans. La presse sp\u00e9cialis\u00e9e salue son sens de la course et sa gestion strat\u00e9gique des s\u00e9ries.<\/p>\n\n\n\n<p>Ahmed Jaouadi s\u2019\u00e9tait d\u00e9j\u00e0 illustr\u00e9 aux Championnats du monde en petit bassin \u00e0 Budapest en 2024, d\u00e9crochant l\u2019or sur 1500 m et le bronze sur 800 m. Aux Jeux olympiques de Paris 2024, il avait termin\u00e9 4e du 800 m et 6e du 1500 m, confirmant son statut de grand espoir de la natation tunisienne. Il est \u00e9galement engag\u00e9 sur le 1500 m nage libre, pr\u00e9vu le 2 ao\u00fbt.<\/p>\n\n\n\n<p><\/p>\n\n\n\n<p><strong>Lire aussi :<\/strong><\/p>\n\n\n\n<ul class=\"wp-block-list\">\n<li><a href=\"https:\/\/www.webdo.tn\/fr\/actualite\/sport\/mondiaux-de-natation-ahmed-jaouadi-renonce-au-400m-nl\/380402\/\">Mondiaux de natation : Ahmed Jaouadi renonce au 400m NL<\/a><\/li>\n\n\n\n<li><a href=\"https:\/\/www.webdo.tn\/fr\/actualite\/sport\/mondiaux-de-natation-quatre-nageurs-tunisiens-iront-a-singapour\/378706\/\">Mondiaux de natation\u00a0: Quatre nageurs tunisiens iront \u00e0 Singapour<\/a><\/li>\n\n\n\n<li><a href=\"https:\/\/www.webdo.tn\/fr\/actualite\/sport\/ahmed-jaouadi-nouveau-prodige-de-la-natation-tunisienne\/218365\/\">Ahmed Jaouadi, nouveau prodige de la natation tunisienne<\/a><\/li>\n<\/ul>\n","protected":false},"excerpt":{"rendered":"<p>Le nageur tunisien s\u2019est qualifi\u00e9 ce mardi 29 juillet pour la finale du 800 m\u00e8tres nage libre, en signant le meilleur temps des s\u00e9ries aux Championnats du monde \u00e0 Singapour. Il nagera pour une m\u00e9daille ce mercredi \u00e0 12h02 (HT). Une performance \u00e9clatante en s\u00e9ries Ahmed Jaouadi, 20 ans, a r\u00e9alis\u00e9 une prestation impressionnante lors [&hellip;]<\/p>\n","protected":false},"author":3189,"featured_media":380513,"comment_status":"open","ping_status":"open","sticky":false,"template":"","format":"standard","meta":{"footnotes":""},"categories":[2593],"tags":[3253,12336,2608],"class_list":["post-380511","post","type-post","status-publish","format-standard","has-post-thumbnail","hentry","category-sport","tag-ahmed-jaouadi","tag-mondiaux-de-natation","tag-tunisie"],"yoast_head":"<!-- This site is optimized with the Yoast SEO Premium plugin v27.4 (Yoast SEO v27.5) - https:\/\/yoast.com\/product\/yoast-seo-premium-wordpress\/ -->\n<title>Mondiaux de natation : Ahmed Jaouadi domine les s\u00e9ries du 800 m NL et file en finale - webdo<\/title>\n<meta name=\"description\" content=\"Ahmed Jaouadi brille aux Championnats du monde de natation en se qualifiant pour la finale du 800 m\u00e8tres nage libre.\" \/>\n<link rel=\"canonical\" href=\"https:\/\/www.webdo.tn\/fr\/actualite\/sport\/mondiaux-de-natation-ahmed-jaouadi-domine-les-series-du-800-m-nl-et-file-en-finale\/380511\/\" \/>\n<meta property=\"og:locale\" content=\"fr_FR\" \/>\n<meta property=\"og:type\" content=\"article\" \/>\n<meta property=\"og:title\" content=\"Mondiaux de natation : Ahmed Jaouadi domine les s\u00e9ries du 800 m NL et file en finale\" \/>\n<meta property=\"og:description\" content=\"Ahmed Jaouadi brille aux Championnats du monde de natation en se qualifiant pour la finale du 800 m\u00e8tres nage libre.\" \/>\n<meta property=\"og:url\" content=\"https:\/\/www.webdo.tn\/fr\/actualite\/sport\/mondiaux-de-natation-ahmed-jaouadi-domine-les-series-du-800-m-nl-et-file-en-finale\/380511\/\" \/>\n<meta property=\"og:site_name\" content=\"webdo\" \/>\n<meta property=\"article:publisher\" content=\"https:\/\/www.facebook.com\/webdotn\" \/>\n<meta property=\"article:author\" content=\"https:\/\/www.facebook.com\/youssef.rc.92\" \/>\n<meta property=\"article:published_time\" content=\"2025-07-29T07:32:06+00:00\" \/>\n<meta property=\"article:modified_time\" content=\"2025-07-29T18:01:18+00:00\" \/>\n<meta property=\"og:image\" content=\"https:\/\/www.webdo.tn\/fr\/wp-content\/uploads\/2025\/07\/Ahmed-Jaouadi.jpg\" \/>\n\t<meta property=\"og:image:width\" content=\"900\" \/>\n\t<meta property=\"og:image:height\" content=\"600\" \/>\n\t<meta property=\"og:image:type\" content=\"image\/jpeg\" \/>\n<meta name=\"author\" content=\"Maher Chaabane\" \/>\n<meta name=\"twitter:card\" content=\"summary_large_image\" \/>\n<meta name=\"twitter:creator\" content=\"@webdo_tn\" \/>\n<meta name=\"twitter:site\" content=\"@webdo_tn\" \/>\n<meta name=\"twitter:label1\" content=\"\u00c9crit par\" \/>\n\t<meta name=\"twitter:data1\" content=\"Maher Chaabane\" \/>\n\t<meta name=\"twitter:label2\" content=\"Dur\u00e9e de lecture estim\u00e9e\" \/>\n\t<meta name=\"twitter:data2\" content=\"2 minutes\" \/>\n<script type=\"application\/ld+json\" class=\"yoast-schema-graph\">{\"@context\":\"https:\\\/\\\/schema.org\",\"@graph\":[{\"@type\":\"NewsArticle\",\"@id\":\"https:\\\/\\\/www.webdo.tn\\\/fr\\\/actualite\\\/sport\\\/mondiaux-de-natation-ahmed-jaouadi-domine-les-series-du-800-m-nl-et-file-en-finale\\\/380511\\\/#article\",\"isPartOf\":{\"@id\":\"https:\\\/\\\/www.webdo.tn\\\/fr\\\/actualite\\\/sport\\\/mondiaux-de-natation-ahmed-jaouadi-domine-les-series-du-800-m-nl-et-file-en-finale\\\/380511\\\/\"},\"author\":{\"name\":\"Maher Chaabane\",\"@id\":\"https:\\\/\\\/www.webdo.tn\\\/fr\\\/#\\\/schema\\\/person\\\/57c261717927697fcf719ab1058a8003\"},\"headline\":\"Mondiaux de natation : Ahmed Jaouadi domine les s\u00e9ries du 800 m NL et file en finale\",\"datePublished\":\"2025-07-29T07:32:06+00:00\",\"dateModified\":\"2025-07-29T18:01:18+00:00\",\"mainEntityOfPage\":{\"@id\":\"https:\\\/\\\/www.webdo.tn\\\/fr\\\/actualite\\\/sport\\\/mondiaux-de-natation-ahmed-jaouadi-domine-les-series-du-800-m-nl-et-file-en-finale\\\/380511\\\/\"},\"wordCount\":271,\"commentCount\":0,\"publisher\":{\"@id\":\"https:\\\/\\\/www.webdo.tn\\\/fr\\\/#organization\"},\"image\":{\"@id\":\"https:\\\/\\\/www.webdo.tn\\\/fr\\\/actualite\\\/sport\\\/mondiaux-de-natation-ahmed-jaouadi-domine-les-series-du-800-m-nl-et-file-en-finale\\\/380511\\\/#primaryimage\"},\"thumbnailUrl\":\"https:\\\/\\\/www.webdo.tn\\\/fr\\\/wp-content\\\/uploads\\\/2025\\\/07\\\/Ahmed-Jaouadi.jpg\",\"keywords\":[\"Ahmed Jaouadi\",\"mondiaux de natation\",\"Tunisie\"],\"articleSection\":[\"Sport\"],\"inLanguage\":\"fr-FR\"},{\"@type\":\"WebPage\",\"@id\":\"https:\\\/\\\/www.webdo.tn\\\/fr\\\/actualite\\\/sport\\\/mondiaux-de-natation-ahmed-jaouadi-domine-les-series-du-800-m-nl-et-file-en-finale\\\/380511\\\/\",\"url\":\"https:\\\/\\\/www.webdo.tn\\\/fr\\\/actualite\\\/sport\\\/mondiaux-de-natation-ahmed-jaouadi-domine-les-series-du-800-m-nl-et-file-en-finale\\\/380511\\\/\",\"name\":\"Mondiaux de natation : Ahmed Jaouadi domine les s\u00e9ries du 800 m NL et file en finale - webdo\",\"isPartOf\":{\"@id\":\"https:\\\/\\\/www.webdo.tn\\\/fr\\\/#website\"},\"primaryImageOfPage\":{\"@id\":\"https:\\\/\\\/www.webdo.tn\\\/fr\\\/actualite\\\/sport\\\/mondiaux-de-natation-ahmed-jaouadi-domine-les-series-du-800-m-nl-et-file-en-finale\\\/380511\\\/#primaryimage\"},\"image\":{\"@id\":\"https:\\\/\\\/www.webdo.tn\\\/fr\\\/actualite\\\/sport\\\/mondiaux-de-natation-ahmed-jaouadi-domine-les-series-du-800-m-nl-et-file-en-finale\\\/380511\\\/#primaryimage\"},\"thumbnailUrl\":\"https:\\\/\\\/www.webdo.tn\\\/fr\\\/wp-content\\\/uploads\\\/2025\\\/07\\\/Ahmed-Jaouadi.jpg\",\"datePublished\":\"2025-07-29T07:32:06+00:00\",\"dateModified\":\"2025-07-29T18:01:18+00:00\",\"description\":\"Ahmed Jaouadi brille aux Championnats du monde de natation en se qualifiant pour la finale du 800 m\u00e8tres nage libre.\",\"breadcrumb\":{\"@id\":\"https:\\\/\\\/www.webdo.tn\\\/fr\\\/actualite\\\/sport\\\/mondiaux-de-natation-ahmed-jaouadi-domine-les-series-du-800-m-nl-et-file-en-finale\\\/380511\\\/#breadcrumb\"},\"inLanguage\":\"fr-FR\",\"potentialAction\":[{\"@type\":\"ReadAction\",\"target\":[\"https:\\\/\\\/www.webdo.tn\\\/fr\\\/actualite\\\/sport\\\/mondiaux-de-natation-ahmed-jaouadi-domine-les-series-du-800-m-nl-et-file-en-finale\\\/380511\\\/\"]}]},{\"@type\":\"ImageObject\",\"inLanguage\":\"fr-FR\",\"@id\":\"https:\\\/\\\/www.webdo.tn\\\/fr\\\/actualite\\\/sport\\\/mondiaux-de-natation-ahmed-jaouadi-domine-les-series-du-800-m-nl-et-file-en-finale\\\/380511\\\/#primaryimage\",\"url\":\"https:\\\/\\\/www.webdo.tn\\\/fr\\\/wp-content\\\/uploads\\\/2025\\\/07\\\/Ahmed-Jaouadi.jpg\",\"contentUrl\":\"https:\\\/\\\/www.webdo.tn\\\/fr\\\/wp-content\\\/uploads\\\/2025\\\/07\\\/Ahmed-Jaouadi.jpg\",\"width\":900,\"height\":600,\"caption\":\"Mondiaux de natation : Ahmed Jaouadi domine les s\u00e9ries du 800 m NL et file en finale\"},{\"@type\":\"BreadcrumbList\",\"@id\":\"https:\\\/\\\/www.webdo.tn\\\/fr\\\/actualite\\\/sport\\\/mondiaux-de-natation-ahmed-jaouadi-domine-les-series-du-800-m-nl-et-file-en-finale\\\/380511\\\/#breadcrumb\",\"itemListElement\":[{\"@type\":\"ListItem\",\"position\":1,\"name\":\"Accueil\",\"item\":\"https:\\\/\\\/www.webdo.tn\\\/fr\\\/\"},{\"@type\":\"ListItem\",\"position\":2,\"name\":\"Mondiaux de natation : Ahmed Jaouadi domine les s\u00e9ries du 800 m NL et file en finale\"}]},{\"@type\":\"WebSite\",\"@id\":\"https:\\\/\\\/www.webdo.tn\\\/fr\\\/#website\",\"url\":\"https:\\\/\\\/www.webdo.tn\\\/fr\\\/\",\"name\":\"webdo\",\"description\":\"Tunisie - News en Tunisie et \u00e0 l&#039;international sur Webdo.tn\",\"publisher\":{\"@id\":\"https:\\\/\\\/www.webdo.tn\\\/fr\\\/#organization\"},\"potentialAction\":[{\"@type\":\"SearchAction\",\"target\":{\"@type\":\"EntryPoint\",\"urlTemplate\":\"https:\\\/\\\/www.webdo.tn\\\/fr\\\/?s={search_term_string}\"},\"query-input\":{\"@type\":\"PropertyValueSpecification\",\"valueRequired\":true,\"valueName\":\"search_term_string\"}}],\"inLanguage\":\"fr-FR\"},{\"@type\":\"Organization\",\"@id\":\"https:\\\/\\\/www.webdo.tn\\\/fr\\\/#organization\",\"name\":\"Webdo\",\"alternateName\":\"Webdo.tn\",\"url\":\"https:\\\/\\\/www.webdo.tn\\\/fr\\\/\",\"logo\":{\"@type\":\"ImageObject\",\"inLanguage\":\"fr-FR\",\"@id\":\"https:\\\/\\\/www.webdo.tn\\\/fr\\\/#\\\/schema\\\/logo\\\/image\\\/\",\"url\":\"https:\\\/\\\/www.webdo.tn\\\/fr\\\/wp-content\\\/uploads\\\/2025\\\/06\\\/Webdo-Tunisie_168377.jpg\",\"contentUrl\":\"https:\\\/\\\/www.webdo.tn\\\/fr\\\/wp-content\\\/uploads\\\/2025\\\/06\\\/Webdo-Tunisie_168377.jpg\",\"width\":301,\"height\":301,\"caption\":\"Webdo\"},\"image\":{\"@id\":\"https:\\\/\\\/www.webdo.tn\\\/fr\\\/#\\\/schema\\\/logo\\\/image\\\/\"},\"sameAs\":[\"https:\\\/\\\/www.facebook.com\\\/webdotn\",\"https:\\\/\\\/x.com\\\/webdo_tn\"],\"description\":\"Webdo est un m\u00e9dia num\u00e9rique tunisien fond\u00e9 en 2010, sp\u00e9cialis\u00e9 dans l\u2019actualit\u00e9 nationale et internationale, l\u2019\u00e9conomie, la soci\u00e9t\u00e9 et les analyses politiques. Le site s\u2019adresse \u00e0 un large public francophone et couvre l\u2019information tunisienne en temps r\u00e9el.\",\"email\":\"redac@webdo.tn\",\"legalName\":\"YNJ SARL\",\"foundingDate\":\"2010-09-06\",\"numberOfEmployees\":{\"@type\":\"QuantitativeValue\",\"minValue\":\"11\",\"maxValue\":\"50\"}},{\"@type\":\"Person\",\"@id\":\"https:\\\/\\\/www.webdo.tn\\\/fr\\\/#\\\/schema\\\/person\\\/57c261717927697fcf719ab1058a8003\",\"name\":\"Maher Chaabane\",\"image\":{\"@type\":\"ImageObject\",\"inLanguage\":\"fr-FR\",\"@id\":\"https:\\\/\\\/www.webdo.tn\\\/fr\\\/wp-content\\\/uploads\\\/2026\\\/04\\\/maher-chaabane_avatar_2-96x96.jpg\",\"url\":\"https:\\\/\\\/www.webdo.tn\\\/fr\\\/wp-content\\\/uploads\\\/2026\\\/04\\\/maher-chaabane_avatar_2-96x96.jpg\",\"contentUrl\":\"https:\\\/\\\/www.webdo.tn\\\/fr\\\/wp-content\\\/uploads\\\/2026\\\/04\\\/maher-chaabane_avatar_2-96x96.jpg\",\"caption\":\"Maher Chaabane\"},\"description\":\"Maher Chaabane est journaliste et r\u00e9dacteur en chef de Webdo.tn depuis 2012. Il d\u00e9bute sa carri\u00e8re au sein du groupe Tunis Hebdo en 2000, o\u00f9 il couvre pendant plusieurs ann\u00e9es l\u2019actualit\u00e9 sportive et internationale, avant d\u2019occuper les fonctions de r\u00e9dacteur en chef adjoint. Fort de plus de deux d\u00e9cennies d\u2019exp\u00e9rience dans le journalisme, il supervise aujourd\u2019hui la production \u00e9ditoriale de Webdo et contribue activement \u00e0 la ligne du m\u00e9dia, en particulier sur les sujets d\u2019actualit\u00e9 nationale et internationale. https:\\\/\\\/www.facebook.com\\\/youssef.rc.92\",\"sameAs\":[\"https:\\\/\\\/www.facebook.com\\\/youssef.rc.92\"],\"knowsAbout\":[\"journalisme\",\"actualit\u00e9 internationale\",\"sport\",\"r\u00e9daction\",\"m\u00e9dias\",\"information\"],\"knowsLanguage\":[\"Fran\u00e7ais\",\"Arabe\"],\"jobTitle\":\"R\u00e9dacteur en chef\",\"worksFor\":\"Webdo.tn\",\"url\":\"https:\\\/\\\/www.webdo.tn\\\/fr\\\/actualite\\\/author\\\/maher-chaabane\\\/\"}]}<\/script>\n<!-- \/ Yoast SEO Premium plugin. -->","yoast_head_json":{"title":"Mondiaux de natation : Ahmed Jaouadi domine les s\u00e9ries du 800 m NL et file en finale - webdo","description":"Ahmed Jaouadi brille aux Championnats du monde de natation en se qualifiant pour la finale du 800 m\u00e8tres nage libre.","canonical":"https:\/\/www.webdo.tn\/fr\/actualite\/sport\/mondiaux-de-natation-ahmed-jaouadi-domine-les-series-du-800-m-nl-et-file-en-finale\/380511\/","og_locale":"fr_FR","og_type":"article","og_title":"Mondiaux de natation : Ahmed Jaouadi domine les s\u00e9ries du 800 m NL et file en finale","og_description":"Ahmed Jaouadi brille aux Championnats du monde de natation en se qualifiant pour la finale du 800 m\u00e8tres nage libre.","og_url":"https:\/\/www.webdo.tn\/fr\/actualite\/sport\/mondiaux-de-natation-ahmed-jaouadi-domine-les-series-du-800-m-nl-et-file-en-finale\/380511\/","og_site_name":"webdo","article_publisher":"https:\/\/www.facebook.com\/webdotn","article_author":"https:\/\/www.facebook.com\/youssef.rc.92","article_published_time":"2025-07-29T07:32:06+00:00","article_modified_time":"2025-07-29T18:01:18+00:00","og_image":[{"width":900,"height":600,"url":"https:\/\/www.webdo.tn\/fr\/wp-content\/uploads\/2025\/07\/Ahmed-Jaouadi.jpg","type":"image\/jpeg"}],"author":"Maher Chaabane","twitter_card":"summary_large_image","twitter_creator":"@webdo_tn","twitter_site":"@webdo_tn","twitter_misc":{"\u00c9crit par":"Maher Chaabane","Dur\u00e9e de lecture estim\u00e9e":"2 minutes"},"schema":{"@context":"https:\/\/schema.org","@graph":[{"@type":"NewsArticle","@id":"https:\/\/www.webdo.tn\/fr\/actualite\/sport\/mondiaux-de-natation-ahmed-jaouadi-domine-les-series-du-800-m-nl-et-file-en-finale\/380511\/#article","isPartOf":{"@id":"https:\/\/www.webdo.tn\/fr\/actualite\/sport\/mondiaux-de-natation-ahmed-jaouadi-domine-les-series-du-800-m-nl-et-file-en-finale\/380511\/"},"author":{"name":"Maher Chaabane","@id":"https:\/\/www.webdo.tn\/fr\/#\/schema\/person\/57c261717927697fcf719ab1058a8003"},"headline":"Mondiaux de natation : Ahmed Jaouadi domine les s\u00e9ries du 800 m NL et file en finale","datePublished":"2025-07-29T07:32:06+00:00","dateModified":"2025-07-29T18:01:18+00:00","mainEntityOfPage":{"@id":"https:\/\/www.webdo.tn\/fr\/actualite\/sport\/mondiaux-de-natation-ahmed-jaouadi-domine-les-series-du-800-m-nl-et-file-en-finale\/380511\/"},"wordCount":271,"commentCount":0,"publisher":{"@id":"https:\/\/www.webdo.tn\/fr\/#organization"},"image":{"@id":"https:\/\/www.webdo.tn\/fr\/actualite\/sport\/mondiaux-de-natation-ahmed-jaouadi-domine-les-series-du-800-m-nl-et-file-en-finale\/380511\/#primaryimage"},"thumbnailUrl":"https:\/\/www.webdo.tn\/fr\/wp-content\/uploads\/2025\/07\/Ahmed-Jaouadi.jpg","keywords":["Ahmed Jaouadi","mondiaux de natation","Tunisie"],"articleSection":["Sport"],"inLanguage":"fr-FR"},{"@type":"WebPage","@id":"https:\/\/www.webdo.tn\/fr\/actualite\/sport\/mondiaux-de-natation-ahmed-jaouadi-domine-les-series-du-800-m-nl-et-file-en-finale\/380511\/","url":"https:\/\/www.webdo.tn\/fr\/actualite\/sport\/mondiaux-de-natation-ahmed-jaouadi-domine-les-series-du-800-m-nl-et-file-en-finale\/380511\/","name":"Mondiaux de natation : Ahmed Jaouadi domine les s\u00e9ries du 800 m NL et file en finale - webdo","isPartOf":{"@id":"https:\/\/www.webdo.tn\/fr\/#website"},"primaryImageOfPage":{"@id":"https:\/\/www.webdo.tn\/fr\/actualite\/sport\/mondiaux-de-natation-ahmed-jaouadi-domine-les-series-du-800-m-nl-et-file-en-finale\/380511\/#primaryimage"},"image":{"@id":"https:\/\/www.webdo.tn\/fr\/actualite\/sport\/mondiaux-de-natation-ahmed-jaouadi-domine-les-series-du-800-m-nl-et-file-en-finale\/380511\/#primaryimage"},"thumbnailUrl":"https:\/\/www.webdo.tn\/fr\/wp-content\/uploads\/2025\/07\/Ahmed-Jaouadi.jpg","datePublished":"2025-07-29T07:32:06+00:00","dateModified":"2025-07-29T18:01:18+00:00","description":"Ahmed Jaouadi brille aux Championnats du monde de natation en se qualifiant pour la finale du 800 m\u00e8tres nage libre.","breadcrumb":{"@id":"https:\/\/www.webdo.tn\/fr\/actualite\/sport\/mondiaux-de-natation-ahmed-jaouadi-domine-les-series-du-800-m-nl-et-file-en-finale\/380511\/#breadcrumb"},"inLanguage":"fr-FR","potentialAction":[{"@type":"ReadAction","target":["https:\/\/www.webdo.tn\/fr\/actualite\/sport\/mondiaux-de-natation-ahmed-jaouadi-domine-les-series-du-800-m-nl-et-file-en-finale\/380511\/"]}]},{"@type":"ImageObject","inLanguage":"fr-FR","@id":"https:\/\/www.webdo.tn\/fr\/actualite\/sport\/mondiaux-de-natation-ahmed-jaouadi-domine-les-series-du-800-m-nl-et-file-en-finale\/380511\/#primaryimage","url":"https:\/\/www.webdo.tn\/fr\/wp-content\/uploads\/2025\/07\/Ahmed-Jaouadi.jpg","contentUrl":"https:\/\/www.webdo.tn\/fr\/wp-content\/uploads\/2025\/07\/Ahmed-Jaouadi.jpg","width":900,"height":600,"caption":"Mondiaux de natation : Ahmed Jaouadi domine les s\u00e9ries du 800 m NL et file en finale"},{"@type":"BreadcrumbList","@id":"https:\/\/www.webdo.tn\/fr\/actualite\/sport\/mondiaux-de-natation-ahmed-jaouadi-domine-les-series-du-800-m-nl-et-file-en-finale\/380511\/#breadcrumb","itemListElement":[{"@type":"ListItem","position":1,"name":"Accueil","item":"https:\/\/www.webdo.tn\/fr\/"},{"@type":"ListItem","position":2,"name":"Mondiaux de natation : Ahmed Jaouadi domine les s\u00e9ries du 800 m NL et file en finale"}]},{"@type":"WebSite","@id":"https:\/\/www.webdo.tn\/fr\/#website","url":"https:\/\/www.webdo.tn\/fr\/","name":"webdo","description":"Tunisie - News en Tunisie et \u00e0 l&#039;international sur Webdo.tn","publisher":{"@id":"https:\/\/www.webdo.tn\/fr\/#organization"},"potentialAction":[{"@type":"SearchAction","target":{"@type":"EntryPoint","urlTemplate":"https:\/\/www.webdo.tn\/fr\/?s={search_term_string}"},"query-input":{"@type":"PropertyValueSpecification","valueRequired":true,"valueName":"search_term_string"}}],"inLanguage":"fr-FR"},{"@type":"Organization","@id":"https:\/\/www.webdo.tn\/fr\/#organization","name":"Webdo","alternateName":"Webdo.tn","url":"https:\/\/www.webdo.tn\/fr\/","logo":{"@type":"ImageObject","inLanguage":"fr-FR","@id":"https:\/\/www.webdo.tn\/fr\/#\/schema\/logo\/image\/","url":"https:\/\/www.webdo.tn\/fr\/wp-content\/uploads\/2025\/06\/Webdo-Tunisie_168377.jpg","contentUrl":"https:\/\/www.webdo.tn\/fr\/wp-content\/uploads\/2025\/06\/Webdo-Tunisie_168377.jpg","width":301,"height":301,"caption":"Webdo"},"image":{"@id":"https:\/\/www.webdo.tn\/fr\/#\/schema\/logo\/image\/"},"sameAs":["https:\/\/www.facebook.com\/webdotn","https:\/\/x.com\/webdo_tn"],"description":"Webdo est un m\u00e9dia num\u00e9rique tunisien fond\u00e9 en 2010, sp\u00e9cialis\u00e9 dans l\u2019actualit\u00e9 nationale et internationale, l\u2019\u00e9conomie, la soci\u00e9t\u00e9 et les analyses politiques. Le site s\u2019adresse \u00e0 un large public francophone et couvre l\u2019information tunisienne en temps r\u00e9el.","email":"redac@webdo.tn","legalName":"YNJ SARL","foundingDate":"2010-09-06","numberOfEmployees":{"@type":"QuantitativeValue","minValue":"11","maxValue":"50"}},{"@type":"Person","@id":"https:\/\/www.webdo.tn\/fr\/#\/schema\/person\/57c261717927697fcf719ab1058a8003","name":"Maher Chaabane","image":{"@type":"ImageObject","inLanguage":"fr-FR","@id":"https:\/\/www.webdo.tn\/fr\/wp-content\/uploads\/2026\/04\/maher-chaabane_avatar_2-96x96.jpg","url":"https:\/\/www.webdo.tn\/fr\/wp-content\/uploads\/2026\/04\/maher-chaabane_avatar_2-96x96.jpg","contentUrl":"https:\/\/www.webdo.tn\/fr\/wp-content\/uploads\/2026\/04\/maher-chaabane_avatar_2-96x96.jpg","caption":"Maher Chaabane"},"description":"Maher Chaabane est journaliste et r\u00e9dacteur en chef de Webdo.tn depuis 2012. Il d\u00e9bute sa carri\u00e8re au sein du groupe Tunis Hebdo en 2000, o\u00f9 il couvre pendant plusieurs ann\u00e9es l\u2019actualit\u00e9 sportive et internationale, avant d\u2019occuper les fonctions de r\u00e9dacteur en chef adjoint. Fort de plus de deux d\u00e9cennies d\u2019exp\u00e9rience dans le journalisme, il supervise aujourd\u2019hui la production \u00e9ditoriale de Webdo et contribue activement \u00e0 la ligne du m\u00e9dia, en particulier sur les sujets d\u2019actualit\u00e9 nationale et internationale. https:\/\/www.facebook.com\/youssef.rc.92","sameAs":["https:\/\/www.facebook.com\/youssef.rc.92"],"knowsAbout":["journalisme","actualit\u00e9 internationale","sport","r\u00e9daction","m\u00e9dias","information"],"knowsLanguage":["Fran\u00e7ais","Arabe"],"jobTitle":"R\u00e9dacteur en chef","worksFor":"Webdo.tn","url":"https:\/\/www.webdo.tn\/fr\/actualite\/author\/maher-chaabane\/"}]}},"_links":{"self":[{"href":"https:\/\/www.webdo.tn\/fr\/wp-json\/wp\/v2\/posts\/380511","targetHints":{"allow":["GET"]}}],"collection":[{"href":"https:\/\/www.webdo.tn\/fr\/wp-json\/wp\/v2\/posts"}],"about":[{"href":"https:\/\/www.webdo.tn\/fr\/wp-json\/wp\/v2\/types\/post"}],"author":[{"embeddable":true,"href":"https:\/\/www.webdo.tn\/fr\/wp-json\/wp\/v2\/users\/3189"}],"replies":[{"embeddable":true,"href":"https:\/\/www.webdo.tn\/fr\/wp-json\/wp\/v2\/comments?post=380511"}],"version-history":[{"count":0,"href":"https:\/\/www.webdo.tn\/fr\/wp-json\/wp\/v2\/posts\/380511\/revisions"}],"wp:featuredmedia":[{"embeddable":true,"href":"https:\/\/www.webdo.tn\/fr\/wp-json\/wp\/v2\/media\/380513"}],"wp:attachment":[{"href":"https:\/\/www.webdo.tn\/fr\/wp-json\/wp\/v2\/media?parent=380511"}],"wp:term":[{"taxonomy":"category","embeddable":true,"href":"https:\/\/www.webdo.tn\/fr\/wp-json\/wp\/v2\/categories?post=380511"},{"taxonomy":"post_tag","embeddable":true,"href":"https:\/\/www.webdo.tn\/fr\/wp-json\/wp\/v2\/tags?post=380511"}],"curies":[{"name":"wp","href":"https:\/\/api.w.org\/{rel}","templated":true}]}}