{"id":380498,"date":"2025-07-29T07:20:32","date_gmt":"2025-07-29T06:20:32","guid":{"rendered":"https:\/\/www.webdo.tn\/fr\/?p=380498"},"modified":"2025-07-29T11:20:22","modified_gmt":"2025-07-29T10:20:22","slug":"tunisie-kais-saied-fustige-ceux-qui-restent-passifs-comme-dans-une-salle-dattente","status":"publish","type":"post","link":"https:\/\/www.webdo.tn\/fr\/actualite\/national\/tunisie-kais-saied-fustige-ceux-qui-restent-passifs-comme-dans-une-salle-dattente\/380498\/","title":{"rendered":"Tunisie : Kais Saied fustige \u00ab\u00a0ceux qui restent passifs, comme dans une salle d\u2019attente\u00a0\u00bb"},"content":{"rendered":"\n<p><strong>Lors d\u2019une rencontre tenue ce lundi 28 juillet 2025 au Palais de Carthage avec la cheffe du gouvernement, Sarah Za\u00e2frani Zenzri, le pr\u00e9sident de la R\u00e9publique, Ka\u00efs Sa\u00efed, a exprim\u00e9 son inqui\u00e9tude face \u00e0 la d\u00e9gradation de plusieurs services publics et \u00e0 la multiplication de comportements anormaux affectant la vie quotidienne des citoyens.<\/strong><\/p>\n\n\n\n<p>Le chef de l\u2019\u00c9tat a point\u00e9 du doigt les coupures r\u00e9currentes d\u2019eau et d\u2019\u00e9lectricit\u00e9, l\u2019accumulation des d\u00e9chets dans de nombreuses r\u00e9gions, les atteintes au domaine public et \u00e0 l\u2019environnement ainsi que le blocage de nombreux projets. Selon lui, ces dysfonctionnements ne sont pas le fruit du hasard mais sont orchestr\u00e9s par des r\u00e9seaux agissant dans l\u2019ombre pour nuire aux citoyens au profit de lobbies influents.<\/p>\n\n\n\n<p>Dans un communiqu\u00e9 publi\u00e9 sur la page officielle de la Pr\u00e9sidence, Ka\u00efs Sa\u00efed a rappel\u00e9 que l\u2019\u00c9tat tunisien dispose des moyens juridiques n\u00e9cessaires pour faire respecter la loi et poursuivre quiconque tenterait de perturber le fonctionnement normal de l\u2019administration publique.<\/p>\n\n\n\n<p>Le pr\u00e9sident s\u2019est \u00e9galement inform\u00e9 de l\u2019avancement du processus de restructuration de plusieurs institutions publiques, soulignant l\u2019importance de pr\u00e9server les finances de l\u2019\u00c9tat et d\u2019ouvrir de nouvelles perspectives aux jeunes. Il a insist\u00e9 sur la n\u00e9cessit\u00e9 de privil\u00e9gier, dans toute d\u00e9signation ou nomination, les crit\u00e8res de patriotisme, de d\u00e9vouement et de lutte. \u00ab Ceux qui restent passifs, comme dans une salle d\u2019attente, ou qui h\u00e9sitent entre deux camps, n\u2019ont pas leur place dans l\u2019appareil de l\u2019\u00c9tat tunisien \u00bb, a-t-il conclu.<\/p>\n","protected":false},"excerpt":{"rendered":"<p>Lors d\u2019une rencontre tenue ce lundi 28 juillet 2025 au Palais de Carthage avec la cheffe du gouvernement, Sarah Za\u00e2frani Zenzri, le pr\u00e9sident de la R\u00e9publique, Ka\u00efs Sa\u00efed, a exprim\u00e9 son inqui\u00e9tude face \u00e0 la d\u00e9gradation de plusieurs services publics et \u00e0 la multiplication de comportements anormaux affectant la vie quotidienne des citoyens. Le chef [&hellip;]<\/p>\n","protected":false},"author":3184,"featured_media":380499,"comment_status":"open","ping_status":"open","sticky":false,"template":"","format":"standard","meta":{"footnotes":""},"categories":[44],"tags":[2614,2608],"class_list":["post-380498","post","type-post","status-publish","format-standard","has-post-thumbnail","hentry","category-national","tag-kais-saied","tag-tunisie"],"yoast_head":"<!-- This site is optimized with the Yoast SEO Premium plugin v27.4 (Yoast SEO v27.5) - https:\/\/yoast.com\/product\/yoast-seo-premium-wordpress\/ -->\n<title>Tunisie : Kais Saied fustige &quot;ceux qui restent passifs, comme dans une salle d\u2019attente&quot; - webdo<\/title>\n<meta name=\"description\" content=\"Ka\u00efs Sa\u00efed exprime son inqui\u00e9tude concernant la d\u00e9gradation des services publics lors d&#039;une r\u00e9union au Palais de Carthage.\" \/>\n<link rel=\"canonical\" href=\"https:\/\/www.webdo.tn\/fr\/actualite\/national\/tunisie-kais-saied-fustige-ceux-qui-restent-passifs-comme-dans-une-salle-dattente\/380498\/\" \/>\n<meta property=\"og:locale\" content=\"fr_FR\" \/>\n<meta property=\"og:type\" content=\"article\" \/>\n<meta property=\"og:title\" content=\"Tunisie : Kais Saied fustige &quot;ceux qui restent passifs, comme dans une salle d\u2019attente&quot;\" \/>\n<meta property=\"og:description\" content=\"Ka\u00efs Sa\u00efed exprime son inqui\u00e9tude concernant la d\u00e9gradation des services publics lors d&#039;une r\u00e9union au Palais de Carthage.\" \/>\n<meta property=\"og:url\" content=\"https:\/\/www.webdo.tn\/fr\/actualite\/national\/tunisie-kais-saied-fustige-ceux-qui-restent-passifs-comme-dans-une-salle-dattente\/380498\/\" \/>\n<meta property=\"og:site_name\" content=\"webdo\" \/>\n<meta property=\"article:publisher\" content=\"https:\/\/www.facebook.com\/webdotn\" \/>\n<meta property=\"article:published_time\" content=\"2025-07-29T06:20:32+00:00\" \/>\n<meta property=\"article:modified_time\" content=\"2025-07-29T10:20:22+00:00\" \/>\n<meta property=\"og:image\" content=\"https:\/\/www.webdo.tn\/fr\/wp-content\/uploads\/2025\/07\/1753739770.png\" \/>\n\t<meta property=\"og:image:width\" content=\"800\" \/>\n\t<meta property=\"og:image:height\" content=\"450\" \/>\n\t<meta property=\"og:image:type\" content=\"image\/png\" \/>\n<meta name=\"author\" content=\"Wided Belhaj\" \/>\n<meta name=\"twitter:card\" content=\"summary_large_image\" \/>\n<meta name=\"twitter:creator\" content=\"@webdo_tn\" \/>\n<meta name=\"twitter:site\" content=\"@webdo_tn\" \/>\n<meta name=\"twitter:label1\" content=\"\u00c9crit par\" \/>\n\t<meta name=\"twitter:data1\" content=\"Wided Belhaj\" \/>\n\t<meta name=\"twitter:label2\" content=\"Dur\u00e9e de lecture estim\u00e9e\" \/>\n\t<meta name=\"twitter:data2\" content=\"2 minutes\" \/>\n<script type=\"application\/ld+json\" class=\"yoast-schema-graph\">{\"@context\":\"https:\\\/\\\/schema.org\",\"@graph\":[{\"@type\":\"NewsArticle\",\"@id\":\"https:\\\/\\\/www.webdo.tn\\\/fr\\\/actualite\\\/national\\\/tunisie-kais-saied-fustige-ceux-qui-restent-passifs-comme-dans-une-salle-dattente\\\/380498\\\/#article\",\"isPartOf\":{\"@id\":\"https:\\\/\\\/www.webdo.tn\\\/fr\\\/actualite\\\/national\\\/tunisie-kais-saied-fustige-ceux-qui-restent-passifs-comme-dans-une-salle-dattente\\\/380498\\\/\"},\"author\":{\"name\":\"Wided Belhaj\",\"@id\":\"https:\\\/\\\/www.webdo.tn\\\/fr\\\/#\\\/schema\\\/person\\\/b9ecde7a5574cb4fcf4b496ea5fadb15\"},\"headline\":\"Tunisie : Kais Saied fustige \u00ab\u00a0ceux qui restent passifs, comme dans une salle d\u2019attente\u00a0\u00bb\",\"datePublished\":\"2025-07-29T06:20:32+00:00\",\"dateModified\":\"2025-07-29T10:20:22+00:00\",\"mainEntityOfPage\":{\"@id\":\"https:\\\/\\\/www.webdo.tn\\\/fr\\\/actualite\\\/national\\\/tunisie-kais-saied-fustige-ceux-qui-restent-passifs-comme-dans-une-salle-dattente\\\/380498\\\/\"},\"wordCount\":287,\"commentCount\":0,\"publisher\":{\"@id\":\"https:\\\/\\\/www.webdo.tn\\\/fr\\\/#organization\"},\"image\":{\"@id\":\"https:\\\/\\\/www.webdo.tn\\\/fr\\\/actualite\\\/national\\\/tunisie-kais-saied-fustige-ceux-qui-restent-passifs-comme-dans-une-salle-dattente\\\/380498\\\/#primaryimage\"},\"thumbnailUrl\":\"https:\\\/\\\/www.webdo.tn\\\/fr\\\/wp-content\\\/uploads\\\/2025\\\/07\\\/1753739770.png\",\"keywords\":[\"Kais Saied\",\"Tunisie\"],\"articleSection\":[\"National\"],\"inLanguage\":\"fr-FR\"},{\"@type\":\"WebPage\",\"@id\":\"https:\\\/\\\/www.webdo.tn\\\/fr\\\/actualite\\\/national\\\/tunisie-kais-saied-fustige-ceux-qui-restent-passifs-comme-dans-une-salle-dattente\\\/380498\\\/\",\"url\":\"https:\\\/\\\/www.webdo.tn\\\/fr\\\/actualite\\\/national\\\/tunisie-kais-saied-fustige-ceux-qui-restent-passifs-comme-dans-une-salle-dattente\\\/380498\\\/\",\"name\":\"Tunisie : Kais Saied fustige \\\"ceux qui restent passifs, comme dans une salle d\u2019attente\\\" - webdo\",\"isPartOf\":{\"@id\":\"https:\\\/\\\/www.webdo.tn\\\/fr\\\/#website\"},\"primaryImageOfPage\":{\"@id\":\"https:\\\/\\\/www.webdo.tn\\\/fr\\\/actualite\\\/national\\\/tunisie-kais-saied-fustige-ceux-qui-restent-passifs-comme-dans-une-salle-dattente\\\/380498\\\/#primaryimage\"},\"image\":{\"@id\":\"https:\\\/\\\/www.webdo.tn\\\/fr\\\/actualite\\\/national\\\/tunisie-kais-saied-fustige-ceux-qui-restent-passifs-comme-dans-une-salle-dattente\\\/380498\\\/#primaryimage\"},\"thumbnailUrl\":\"https:\\\/\\\/www.webdo.tn\\\/fr\\\/wp-content\\\/uploads\\\/2025\\\/07\\\/1753739770.png\",\"datePublished\":\"2025-07-29T06:20:32+00:00\",\"dateModified\":\"2025-07-29T10:20:22+00:00\",\"description\":\"Ka\u00efs Sa\u00efed exprime son inqui\u00e9tude concernant la d\u00e9gradation des services publics lors d'une r\u00e9union au Palais de Carthage.\",\"breadcrumb\":{\"@id\":\"https:\\\/\\\/www.webdo.tn\\\/fr\\\/actualite\\\/national\\\/tunisie-kais-saied-fustige-ceux-qui-restent-passifs-comme-dans-une-salle-dattente\\\/380498\\\/#breadcrumb\"},\"inLanguage\":\"fr-FR\",\"potentialAction\":[{\"@type\":\"ReadAction\",\"target\":[\"https:\\\/\\\/www.webdo.tn\\\/fr\\\/actualite\\\/national\\\/tunisie-kais-saied-fustige-ceux-qui-restent-passifs-comme-dans-une-salle-dattente\\\/380498\\\/\"]}]},{\"@type\":\"ImageObject\",\"inLanguage\":\"fr-FR\",\"@id\":\"https:\\\/\\\/www.webdo.tn\\\/fr\\\/actualite\\\/national\\\/tunisie-kais-saied-fustige-ceux-qui-restent-passifs-comme-dans-une-salle-dattente\\\/380498\\\/#primaryimage\",\"url\":\"https:\\\/\\\/www.webdo.tn\\\/fr\\\/wp-content\\\/uploads\\\/2025\\\/07\\\/1753739770.png\",\"contentUrl\":\"https:\\\/\\\/www.webdo.tn\\\/fr\\\/wp-content\\\/uploads\\\/2025\\\/07\\\/1753739770.png\",\"width\":800,\"height\":450},{\"@type\":\"BreadcrumbList\",\"@id\":\"https:\\\/\\\/www.webdo.tn\\\/fr\\\/actualite\\\/national\\\/tunisie-kais-saied-fustige-ceux-qui-restent-passifs-comme-dans-une-salle-dattente\\\/380498\\\/#breadcrumb\",\"itemListElement\":[{\"@type\":\"ListItem\",\"position\":1,\"name\":\"Accueil\",\"item\":\"https:\\\/\\\/www.webdo.tn\\\/fr\\\/\"},{\"@type\":\"ListItem\",\"position\":2,\"name\":\"Tunisie : Kais Saied fustige \u00ab\u00a0ceux qui restent passifs, comme dans une salle d\u2019attente\u00a0\u00bb\"}]},{\"@type\":\"WebSite\",\"@id\":\"https:\\\/\\\/www.webdo.tn\\\/fr\\\/#website\",\"url\":\"https:\\\/\\\/www.webdo.tn\\\/fr\\\/\",\"name\":\"webdo\",\"description\":\"Tunisie - News en Tunisie et \u00e0 l&#039;international sur Webdo.tn\",\"publisher\":{\"@id\":\"https:\\\/\\\/www.webdo.tn\\\/fr\\\/#organization\"},\"potentialAction\":[{\"@type\":\"SearchAction\",\"target\":{\"@type\":\"EntryPoint\",\"urlTemplate\":\"https:\\\/\\\/www.webdo.tn\\\/fr\\\/?s={search_term_string}\"},\"query-input\":{\"@type\":\"PropertyValueSpecification\",\"valueRequired\":true,\"valueName\":\"search_term_string\"}}],\"inLanguage\":\"fr-FR\"},{\"@type\":\"Organization\",\"@id\":\"https:\\\/\\\/www.webdo.tn\\\/fr\\\/#organization\",\"name\":\"Webdo\",\"alternateName\":\"Webdo.tn\",\"url\":\"https:\\\/\\\/www.webdo.tn\\\/fr\\\/\",\"logo\":{\"@type\":\"ImageObject\",\"inLanguage\":\"fr-FR\",\"@id\":\"https:\\\/\\\/www.webdo.tn\\\/fr\\\/#\\\/schema\\\/logo\\\/image\\\/\",\"url\":\"https:\\\/\\\/www.webdo.tn\\\/fr\\\/wp-content\\\/uploads\\\/2025\\\/06\\\/Webdo-Tunisie_168377.jpg\",\"contentUrl\":\"https:\\\/\\\/www.webdo.tn\\\/fr\\\/wp-content\\\/uploads\\\/2025\\\/06\\\/Webdo-Tunisie_168377.jpg\",\"width\":301,\"height\":301,\"caption\":\"Webdo\"},\"image\":{\"@id\":\"https:\\\/\\\/www.webdo.tn\\\/fr\\\/#\\\/schema\\\/logo\\\/image\\\/\"},\"sameAs\":[\"https:\\\/\\\/www.facebook.com\\\/webdotn\",\"https:\\\/\\\/x.com\\\/webdo_tn\"],\"description\":\"Webdo est un m\u00e9dia num\u00e9rique tunisien fond\u00e9 en 2010, sp\u00e9cialis\u00e9 dans l\u2019actualit\u00e9 nationale et internationale, l\u2019\u00e9conomie, la soci\u00e9t\u00e9 et les analyses politiques. Le site s\u2019adresse \u00e0 un large public francophone et couvre l\u2019information tunisienne en temps r\u00e9el.\",\"email\":\"redac@webdo.tn\",\"legalName\":\"YNJ SARL\",\"foundingDate\":\"2010-09-06\",\"numberOfEmployees\":{\"@type\":\"QuantitativeValue\",\"minValue\":\"11\",\"maxValue\":\"50\"}},{\"@type\":\"Person\",\"@id\":\"https:\\\/\\\/www.webdo.tn\\\/fr\\\/#\\\/schema\\\/person\\\/b9ecde7a5574cb4fcf4b496ea5fadb15\",\"name\":\"Wided Belhaj\",\"image\":{\"@type\":\"ImageObject\",\"inLanguage\":\"fr-FR\",\"@id\":\"https:\\\/\\\/www.webdo.tn\\\/fr\\\/wp-content\\\/uploads\\\/2026\\\/04\\\/wided-belhaj_avatar-96x96.jpg\",\"url\":\"https:\\\/\\\/www.webdo.tn\\\/fr\\\/wp-content\\\/uploads\\\/2026\\\/04\\\/wided-belhaj_avatar-96x96.jpg\",\"contentUrl\":\"https:\\\/\\\/www.webdo.tn\\\/fr\\\/wp-content\\\/uploads\\\/2026\\\/04\\\/wided-belhaj_avatar-96x96.jpg\",\"caption\":\"Wided Belhaj\"},\"description\":\"Wided Belhaj est le pseudonyme \u00e9ditorial utilis\u00e9 par Khalil Jelassi, journaliste, ma\u00eetre-assistant \u00e0 l\u2019Institut de presse et des sciences de l\u2019information (IPSI) et chercheur en sciences de l\u2019information et de la communication. Cette signature est d\u00e9di\u00e9e \u00e0 l\u2019analyse des m\u00e9dias, des pratiques journalistiques et des mutations de l\u2019information \u00e0 l\u2019\u00e8re digitale. \u00c0 travers ses contributions, Wided Belhaj propose une lecture analytique de l\u2019actualit\u00e9, en croisant regard critique et expertise acad\u00e9mique.\",\"knowsAbout\":[\"m\u00e9dias\",\"journalisme\",\"communication\",\"information\",\"transformation num\u00e9rique\",\"analyse des m\u00e9dias\"],\"knowsLanguage\":[\"Fran\u00e7ais\",\"Arabe\"],\"jobTitle\":\"Webdo.tn\",\"worksFor\":\"Journaliste \u2013 Analyse des m\u00e9dias\",\"url\":\"https:\\\/\\\/www.webdo.tn\\\/fr\\\/actualite\\\/author\\\/wided-belhaj\\\/\"}]}<\/script>\n<!-- \/ Yoast SEO Premium plugin. -->","yoast_head_json":{"title":"Tunisie : Kais Saied fustige \"ceux qui restent passifs, comme dans une salle d\u2019attente\" - webdo","description":"Ka\u00efs Sa\u00efed exprime son inqui\u00e9tude concernant la d\u00e9gradation des services publics lors d'une r\u00e9union au Palais de Carthage.","canonical":"https:\/\/www.webdo.tn\/fr\/actualite\/national\/tunisie-kais-saied-fustige-ceux-qui-restent-passifs-comme-dans-une-salle-dattente\/380498\/","og_locale":"fr_FR","og_type":"article","og_title":"Tunisie : Kais Saied fustige \"ceux qui restent passifs, comme dans une salle d\u2019attente\"","og_description":"Ka\u00efs Sa\u00efed exprime son inqui\u00e9tude concernant la d\u00e9gradation des services publics lors d'une r\u00e9union au Palais de Carthage.","og_url":"https:\/\/www.webdo.tn\/fr\/actualite\/national\/tunisie-kais-saied-fustige-ceux-qui-restent-passifs-comme-dans-une-salle-dattente\/380498\/","og_site_name":"webdo","article_publisher":"https:\/\/www.facebook.com\/webdotn","article_published_time":"2025-07-29T06:20:32+00:00","article_modified_time":"2025-07-29T10:20:22+00:00","og_image":[{"width":800,"height":450,"url":"https:\/\/www.webdo.tn\/fr\/wp-content\/uploads\/2025\/07\/1753739770.png","type":"image\/png"}],"author":"Wided Belhaj","twitter_card":"summary_large_image","twitter_creator":"@webdo_tn","twitter_site":"@webdo_tn","twitter_misc":{"\u00c9crit par":"Wided Belhaj","Dur\u00e9e de lecture estim\u00e9e":"2 minutes"},"schema":{"@context":"https:\/\/schema.org","@graph":[{"@type":"NewsArticle","@id":"https:\/\/www.webdo.tn\/fr\/actualite\/national\/tunisie-kais-saied-fustige-ceux-qui-restent-passifs-comme-dans-une-salle-dattente\/380498\/#article","isPartOf":{"@id":"https:\/\/www.webdo.tn\/fr\/actualite\/national\/tunisie-kais-saied-fustige-ceux-qui-restent-passifs-comme-dans-une-salle-dattente\/380498\/"},"author":{"name":"Wided Belhaj","@id":"https:\/\/www.webdo.tn\/fr\/#\/schema\/person\/b9ecde7a5574cb4fcf4b496ea5fadb15"},"headline":"Tunisie : Kais Saied fustige \u00ab\u00a0ceux qui restent passifs, comme dans une salle d\u2019attente\u00a0\u00bb","datePublished":"2025-07-29T06:20:32+00:00","dateModified":"2025-07-29T10:20:22+00:00","mainEntityOfPage":{"@id":"https:\/\/www.webdo.tn\/fr\/actualite\/national\/tunisie-kais-saied-fustige-ceux-qui-restent-passifs-comme-dans-une-salle-dattente\/380498\/"},"wordCount":287,"commentCount":0,"publisher":{"@id":"https:\/\/www.webdo.tn\/fr\/#organization"},"image":{"@id":"https:\/\/www.webdo.tn\/fr\/actualite\/national\/tunisie-kais-saied-fustige-ceux-qui-restent-passifs-comme-dans-une-salle-dattente\/380498\/#primaryimage"},"thumbnailUrl":"https:\/\/www.webdo.tn\/fr\/wp-content\/uploads\/2025\/07\/1753739770.png","keywords":["Kais Saied","Tunisie"],"articleSection":["National"],"inLanguage":"fr-FR"},{"@type":"WebPage","@id":"https:\/\/www.webdo.tn\/fr\/actualite\/national\/tunisie-kais-saied-fustige-ceux-qui-restent-passifs-comme-dans-une-salle-dattente\/380498\/","url":"https:\/\/www.webdo.tn\/fr\/actualite\/national\/tunisie-kais-saied-fustige-ceux-qui-restent-passifs-comme-dans-une-salle-dattente\/380498\/","name":"Tunisie : Kais Saied fustige \"ceux qui restent passifs, comme dans une salle d\u2019attente\" - webdo","isPartOf":{"@id":"https:\/\/www.webdo.tn\/fr\/#website"},"primaryImageOfPage":{"@id":"https:\/\/www.webdo.tn\/fr\/actualite\/national\/tunisie-kais-saied-fustige-ceux-qui-restent-passifs-comme-dans-une-salle-dattente\/380498\/#primaryimage"},"image":{"@id":"https:\/\/www.webdo.tn\/fr\/actualite\/national\/tunisie-kais-saied-fustige-ceux-qui-restent-passifs-comme-dans-une-salle-dattente\/380498\/#primaryimage"},"thumbnailUrl":"https:\/\/www.webdo.tn\/fr\/wp-content\/uploads\/2025\/07\/1753739770.png","datePublished":"2025-07-29T06:20:32+00:00","dateModified":"2025-07-29T10:20:22+00:00","description":"Ka\u00efs Sa\u00efed exprime son inqui\u00e9tude concernant la d\u00e9gradation des services publics lors d'une r\u00e9union au Palais de Carthage.","breadcrumb":{"@id":"https:\/\/www.webdo.tn\/fr\/actualite\/national\/tunisie-kais-saied-fustige-ceux-qui-restent-passifs-comme-dans-une-salle-dattente\/380498\/#breadcrumb"},"inLanguage":"fr-FR","potentialAction":[{"@type":"ReadAction","target":["https:\/\/www.webdo.tn\/fr\/actualite\/national\/tunisie-kais-saied-fustige-ceux-qui-restent-passifs-comme-dans-une-salle-dattente\/380498\/"]}]},{"@type":"ImageObject","inLanguage":"fr-FR","@id":"https:\/\/www.webdo.tn\/fr\/actualite\/national\/tunisie-kais-saied-fustige-ceux-qui-restent-passifs-comme-dans-une-salle-dattente\/380498\/#primaryimage","url":"https:\/\/www.webdo.tn\/fr\/wp-content\/uploads\/2025\/07\/1753739770.png","contentUrl":"https:\/\/www.webdo.tn\/fr\/wp-content\/uploads\/2025\/07\/1753739770.png","width":800,"height":450},{"@type":"BreadcrumbList","@id":"https:\/\/www.webdo.tn\/fr\/actualite\/national\/tunisie-kais-saied-fustige-ceux-qui-restent-passifs-comme-dans-une-salle-dattente\/380498\/#breadcrumb","itemListElement":[{"@type":"ListItem","position":1,"name":"Accueil","item":"https:\/\/www.webdo.tn\/fr\/"},{"@type":"ListItem","position":2,"name":"Tunisie : Kais Saied fustige \u00ab\u00a0ceux qui restent passifs, comme dans une salle d\u2019attente\u00a0\u00bb"}]},{"@type":"WebSite","@id":"https:\/\/www.webdo.tn\/fr\/#website","url":"https:\/\/www.webdo.tn\/fr\/","name":"webdo","description":"Tunisie - News en Tunisie et \u00e0 l&#039;international sur Webdo.tn","publisher":{"@id":"https:\/\/www.webdo.tn\/fr\/#organization"},"potentialAction":[{"@type":"SearchAction","target":{"@type":"EntryPoint","urlTemplate":"https:\/\/www.webdo.tn\/fr\/?s={search_term_string}"},"query-input":{"@type":"PropertyValueSpecification","valueRequired":true,"valueName":"search_term_string"}}],"inLanguage":"fr-FR"},{"@type":"Organization","@id":"https:\/\/www.webdo.tn\/fr\/#organization","name":"Webdo","alternateName":"Webdo.tn","url":"https:\/\/www.webdo.tn\/fr\/","logo":{"@type":"ImageObject","inLanguage":"fr-FR","@id":"https:\/\/www.webdo.tn\/fr\/#\/schema\/logo\/image\/","url":"https:\/\/www.webdo.tn\/fr\/wp-content\/uploads\/2025\/06\/Webdo-Tunisie_168377.jpg","contentUrl":"https:\/\/www.webdo.tn\/fr\/wp-content\/uploads\/2025\/06\/Webdo-Tunisie_168377.jpg","width":301,"height":301,"caption":"Webdo"},"image":{"@id":"https:\/\/www.webdo.tn\/fr\/#\/schema\/logo\/image\/"},"sameAs":["https:\/\/www.facebook.com\/webdotn","https:\/\/x.com\/webdo_tn"],"description":"Webdo est un m\u00e9dia num\u00e9rique tunisien fond\u00e9 en 2010, sp\u00e9cialis\u00e9 dans l\u2019actualit\u00e9 nationale et internationale, l\u2019\u00e9conomie, la soci\u00e9t\u00e9 et les analyses politiques. Le site s\u2019adresse \u00e0 un large public francophone et couvre l\u2019information tunisienne en temps r\u00e9el.","email":"redac@webdo.tn","legalName":"YNJ SARL","foundingDate":"2010-09-06","numberOfEmployees":{"@type":"QuantitativeValue","minValue":"11","maxValue":"50"}},{"@type":"Person","@id":"https:\/\/www.webdo.tn\/fr\/#\/schema\/person\/b9ecde7a5574cb4fcf4b496ea5fadb15","name":"Wided Belhaj","image":{"@type":"ImageObject","inLanguage":"fr-FR","@id":"https:\/\/www.webdo.tn\/fr\/wp-content\/uploads\/2026\/04\/wided-belhaj_avatar-96x96.jpg","url":"https:\/\/www.webdo.tn\/fr\/wp-content\/uploads\/2026\/04\/wided-belhaj_avatar-96x96.jpg","contentUrl":"https:\/\/www.webdo.tn\/fr\/wp-content\/uploads\/2026\/04\/wided-belhaj_avatar-96x96.jpg","caption":"Wided Belhaj"},"description":"Wided Belhaj est le pseudonyme \u00e9ditorial utilis\u00e9 par Khalil Jelassi, journaliste, ma\u00eetre-assistant \u00e0 l\u2019Institut de presse et des sciences de l\u2019information (IPSI) et chercheur en sciences de l\u2019information et de la communication. Cette signature est d\u00e9di\u00e9e \u00e0 l\u2019analyse des m\u00e9dias, des pratiques journalistiques et des mutations de l\u2019information \u00e0 l\u2019\u00e8re digitale. \u00c0 travers ses contributions, Wided Belhaj propose une lecture analytique de l\u2019actualit\u00e9, en croisant regard critique et expertise acad\u00e9mique.","knowsAbout":["m\u00e9dias","journalisme","communication","information","transformation num\u00e9rique","analyse des m\u00e9dias"],"knowsLanguage":["Fran\u00e7ais","Arabe"],"jobTitle":"Webdo.tn","worksFor":"Journaliste \u2013 Analyse des m\u00e9dias","url":"https:\/\/www.webdo.tn\/fr\/actualite\/author\/wided-belhaj\/"}]}},"_links":{"self":[{"href":"https:\/\/www.webdo.tn\/fr\/wp-json\/wp\/v2\/posts\/380498","targetHints":{"allow":["GET"]}}],"collection":[{"href":"https:\/\/www.webdo.tn\/fr\/wp-json\/wp\/v2\/posts"}],"about":[{"href":"https:\/\/www.webdo.tn\/fr\/wp-json\/wp\/v2\/types\/post"}],"author":[{"embeddable":true,"href":"https:\/\/www.webdo.tn\/fr\/wp-json\/wp\/v2\/users\/3184"}],"replies":[{"embeddable":true,"href":"https:\/\/www.webdo.tn\/fr\/wp-json\/wp\/v2\/comments?post=380498"}],"version-history":[{"count":0,"href":"https:\/\/www.webdo.tn\/fr\/wp-json\/wp\/v2\/posts\/380498\/revisions"}],"wp:featuredmedia":[{"embeddable":true,"href":"https:\/\/www.webdo.tn\/fr\/wp-json\/wp\/v2\/media\/380499"}],"wp:attachment":[{"href":"https:\/\/www.webdo.tn\/fr\/wp-json\/wp\/v2\/media?parent=380498"}],"wp:term":[{"taxonomy":"category","embeddable":true,"href":"https:\/\/www.webdo.tn\/fr\/wp-json\/wp\/v2\/categories?post=380498"},{"taxonomy":"post_tag","embeddable":true,"href":"https:\/\/www.webdo.tn\/fr\/wp-json\/wp\/v2\/tags?post=380498"}],"curies":[{"name":"wp","href":"https:\/\/api.w.org\/{rel}","templated":true}]}}