{"id":380486,"date":"2025-07-28T19:30:51","date_gmt":"2025-07-28T18:30:51","guid":{"rendered":"https:\/\/www.webdo.tn\/fr\/?p=380486"},"modified":"2025-07-29T08:07:43","modified_gmt":"2025-07-29T07:07:43","slug":"trump-promet-des-centres-alimentaires-a-gaza-faut-il-le-croire","status":"publish","type":"post","link":"https:\/\/www.webdo.tn\/fr\/actualite\/international\/trump-promet-des-centres-alimentaires-a-gaza-faut-il-le-croire\/380486\/","title":{"rendered":"Trump promet des centres alimentaires \u00e0 Gaza : faut-il le croire ?"},"content":{"rendered":"\n<p><strong>Donald Trump a annonc\u00e9 ce lundi 28 juillet que les \u00c9tats-Unis allaient \u00e9tablir des centres de distribution alimentaire \u00e0 Gaza, \u00e9voquant une \u00ab famine r\u00e9elle \u00bb dans le territoire palestinien. Une d\u00e9claration spectaculaire, mais qui soul\u00e8ve une question essentielle : faut-il vraiment le croire ?<\/strong><\/p>\n\n\n\n<h3 class=\"wp-block-heading\" id=\"h-une-promesse-soudaine-sans-details\">Une promesse soudaine, sans d\u00e9tails<\/h3>\n\n\n\n<p>Depuis l\u2019\u00c9cosse, o\u00f9 il rencontrait le Premier ministre britannique Keir Starmer, Trump a d\u00e9clar\u00e9 que ces centres seraient \u00ab accessibles librement, sans cl\u00f4tures ni restrictions \u00bb. Il dit avoir \u00e9t\u00e9 profond\u00e9ment touch\u00e9 par les images d\u2019enfants affam\u00e9s. \u00ab Certains vivent une famine r\u00e9elle \u00bb, a-t-il d\u00e9clar\u00e9.<\/p>\n\n\n\n<p>Mais l\u2019annonce reste vague. Aucun calendrier n\u2019a \u00e9t\u00e9 donn\u00e9. Aucun d\u00e9tail logistique ou partenaire n\u2019a \u00e9t\u00e9 mentionn\u00e9. La coordination avec Isra\u00ebl, pourtant indispensable, n\u2019a pas \u00e9t\u00e9 \u00e9voqu\u00e9e non plus.<\/p>\n\n\n\n<h3 class=\"wp-block-heading\" id=\"h-un-terrain-mine-par-la-guerre-et-la-famine\">Un terrain min\u00e9 par la guerre et la famine<\/h3>\n\n\n\n<p>Dimanche, Isra\u00ebl a annonc\u00e9 une \u00ab pause tactique \u00bb dans certaines zones de Gaza. L\u2019objectif : permettre le passage de l\u2019aide humanitaire. Ce m\u00eame jour, 120 camions venus d\u2019\u00c9gypte ont pu entrer dans l\u2019enclave. L\u2019aide a \u00e9t\u00e9 distribu\u00e9e par l\u2019ONU et d&rsquo;autres organisations.<\/p>\n\n\n\n<p>Malgr\u00e9 cette tr\u00eave partielle, les frappes isra\u00e9liennes se poursuivent ailleurs. Au moins 54 Palestiniens ont \u00e9t\u00e9 tu\u00e9s dimanche, selon la D\u00e9fense civile. \u00c0 al-Mawasi, une frappe a caus\u00e9 la mort de cinq personnes, dont une femme enceinte. Le b\u00e9b\u00e9 a \u00e9t\u00e9 sauv\u00e9 par c\u00e9sarienne.<\/p>\n\n\n\n<h3 class=\"wp-block-heading\" id=\"h-un-president-sous-pression-des-intentions-floues\">Un pr\u00e9sident sous pression, des intentions floues<\/h3>\n\n\n\n<p>Trump peut-il vraiment tenir sa promesse ? L\u2019ancien pr\u00e9sident a souvent fait des annonces spectaculaires sans suite. Lors de son mandat pr\u00e9c\u00e9dent, il avait d\u00e9j\u00e0 promis la paix au Moyen-Orient, sans aboutir.<\/p>\n\n\n\n<p>Le pr\u00e9sident \u00e9gyptien Abdel Fattah al-Sissi l\u2019a appel\u00e9 \u00e0 intervenir, estimant qu\u2019il pouvait \u00ab faire cesser la guerre \u00bb. Pourtant, malgr\u00e9 les efforts des \u00c9tats-Unis, de l\u2019\u00c9gypte et du Qatar, la m\u00e9diation reste au point mort. Le cessez-le-feu, que Trump juge \u00ab possible \u00bb, para\u00eet toujours hors d\u2019atteinte.<\/p>\n\n\n\n<p>Deux ONG isra\u00e9liennes, B\u2019Tselem et Physicians for Human Rights, accusent leur gouvernement de \u00ab g\u00e9nocide \u00bb \u00e0 Gaza, ce que rejette fermement l\u2019ex\u00e9cutif de Netanyahu.<\/p>\n\n\n\n<p>L\u2019ONU souligne que 500 camions par jour sont n\u00e9cessaires pour Gaza, mais des milliers restent bloqu\u00e9s en Jordanie et en \u00c9gypte, faute d\u2019autorisation d\u2019Isra\u00ebl.<\/p>\n\n\n\n<h3 class=\"wp-block-heading\" id=\"h-une-parole-qui-engage-ou-une-simple-posture\">Une parole qui engage ou une simple posture ?<\/h3>\n\n\n\n<p>Donald Trump dit vouloir \u00ab nourrir les enfants \u00bb de Gaza. L\u2019intention est louable, mais les moyens restent flous. Le pr\u00e9sident am\u00e9ricain peut-il r\u00e9ellement contourner le blocus isra\u00e9lien ? Peut-il organiser la mise en place de centres d\u2019aide sans n\u00e9gociations concr\u00e8tes sur le terrain ? Et surtout, cette annonce marque-t-elle le d\u00e9but d\u2019une v\u00e9ritable implication humanitaire ou s\u2019agit-il, une fois de plus, d\u2019un coup de communication ?<\/p>\n\n\n\n<p>Face \u00e0 l\u2019ampleur de la crise, les habitants de Gaza attendent des actes, pas des d\u00e9clarations. Et en l\u2019absence de preuves tangibles, la promesse de Trump reste, pour l\u2019instant, une parole suspendue. <\/p>\n\n\n\n<p><\/p>\n","protected":false},"excerpt":{"rendered":"<p>Donald Trump a annonc\u00e9 ce lundi 28 juillet que les \u00c9tats-Unis allaient \u00e9tablir des centres de distribution alimentaire \u00e0 Gaza, \u00e9voquant une \u00ab famine r\u00e9elle \u00bb dans le territoire palestinien. Une d\u00e9claration spectaculaire, mais qui soul\u00e8ve une question essentielle : faut-il vraiment le croire ? Une promesse soudaine, sans d\u00e9tails Depuis l\u2019\u00c9cosse, o\u00f9 il rencontrait [&hellip;]<\/p>\n","protected":false},"author":4782,"featured_media":380490,"comment_status":"open","ping_status":"open","sticky":false,"template":"","format":"standard","meta":{"footnotes":""},"categories":[2598],"tags":[5281,12331,2916,2689],"class_list":["post-380486","post","type-post","status-publish","format-standard","has-post-thumbnail","hentry","category-international","tag-aide-humanitaire","tag-centres-alimentaires","tag-donald-trump","tag-gaza"],"yoast_head":"<!-- This site is optimized with the Yoast SEO Premium plugin v27.5 (Yoast SEO v27.5) - https:\/\/yoast.com\/product\/yoast-seo-premium-wordpress\/ -->\n<title>Trump promet des centres alimentaires \u00e0 Gaza : faut-il le croire ? - webdo<\/title>\n<meta name=\"description\" content=\"L&#039;annonce des centres alimentaires Gaza par Trump soul\u00e8ve des interrogations importantes. S&#039;agit-il d&#039;une promesse concr\u00e8te ?\" \/>\n<link rel=\"canonical\" href=\"https:\/\/www.webdo.tn\/fr\/actualite\/international\/trump-promet-des-centres-alimentaires-a-gaza-faut-il-le-croire\/380486\/\" \/>\n<meta property=\"og:locale\" content=\"fr_FR\" \/>\n<meta property=\"og:type\" content=\"article\" \/>\n<meta property=\"og:title\" content=\"Trump promet des centres alimentaires \u00e0 Gaza : faut-il le croire ?\" \/>\n<meta property=\"og:description\" content=\"L&#039;annonce des centres alimentaires Gaza par Trump soul\u00e8ve des interrogations importantes. S&#039;agit-il d&#039;une promesse concr\u00e8te ?\" \/>\n<meta property=\"og:url\" content=\"https:\/\/www.webdo.tn\/fr\/actualite\/international\/trump-promet-des-centres-alimentaires-a-gaza-faut-il-le-croire\/380486\/\" \/>\n<meta property=\"og:site_name\" content=\"webdo\" \/>\n<meta property=\"article:publisher\" content=\"https:\/\/www.facebook.com\/webdotn\" \/>\n<meta property=\"article:published_time\" content=\"2025-07-28T18:30:51+00:00\" \/>\n<meta property=\"article:modified_time\" content=\"2025-07-29T07:07:43+00:00\" \/>\n<meta property=\"og:image\" content=\"https:\/\/www.webdo.tn\/fr\/wp-content\/uploads\/2025\/07\/453968937356da8721a6defaultlarge_1024.jpg\" \/>\n\t<meta property=\"og:image:width\" content=\"1024\" \/>\n\t<meta property=\"og:image:height\" content=\"683\" \/>\n\t<meta property=\"og:image:type\" content=\"image\/jpeg\" \/>\n<meta name=\"author\" content=\"Mohamed Fethi\" \/>\n<meta name=\"twitter:card\" content=\"summary_large_image\" \/>\n<meta name=\"twitter:creator\" content=\"@webdo_tn\" \/>\n<meta name=\"twitter:site\" content=\"@webdo_tn\" \/>\n<meta name=\"twitter:label1\" content=\"\u00c9crit par\" \/>\n\t<meta name=\"twitter:data1\" content=\"Mohamed Fethi\" \/>\n\t<meta name=\"twitter:label2\" content=\"Dur\u00e9e de lecture estim\u00e9e\" \/>\n\t<meta name=\"twitter:data2\" content=\"3 minutes\" \/>\n<script type=\"application\/ld+json\" class=\"yoast-schema-graph\">{\"@context\":\"https:\\\/\\\/schema.org\",\"@graph\":[{\"@type\":\"NewsArticle\",\"@id\":\"https:\\\/\\\/www.webdo.tn\\\/fr\\\/actualite\\\/international\\\/trump-promet-des-centres-alimentaires-a-gaza-faut-il-le-croire\\\/380486\\\/#article\",\"isPartOf\":{\"@id\":\"https:\\\/\\\/www.webdo.tn\\\/fr\\\/actualite\\\/international\\\/trump-promet-des-centres-alimentaires-a-gaza-faut-il-le-croire\\\/380486\\\/\"},\"author\":{\"name\":\"Mohamed Fethi\",\"@id\":\"https:\\\/\\\/www.webdo.tn\\\/fr\\\/#\\\/schema\\\/person\\\/16a4857e77dfc0b610c4c2cadffc9ac4\"},\"headline\":\"Trump promet des centres alimentaires \u00e0 Gaza : faut-il le croire ?\",\"datePublished\":\"2025-07-28T18:30:51+00:00\",\"dateModified\":\"2025-07-29T07:07:43+00:00\",\"mainEntityOfPage\":{\"@id\":\"https:\\\/\\\/www.webdo.tn\\\/fr\\\/actualite\\\/international\\\/trump-promet-des-centres-alimentaires-a-gaza-faut-il-le-croire\\\/380486\\\/\"},\"wordCount\":517,\"commentCount\":0,\"publisher\":{\"@id\":\"https:\\\/\\\/www.webdo.tn\\\/fr\\\/#organization\"},\"image\":{\"@id\":\"https:\\\/\\\/www.webdo.tn\\\/fr\\\/actualite\\\/international\\\/trump-promet-des-centres-alimentaires-a-gaza-faut-il-le-croire\\\/380486\\\/#primaryimage\"},\"thumbnailUrl\":\"https:\\\/\\\/www.webdo.tn\\\/fr\\\/wp-content\\\/uploads\\\/2025\\\/07\\\/453968937356da8721a6defaultlarge_1024.jpg\",\"keywords\":[\"aide humanitaire\",\"Centres alimentaires\",\"Donald Trump\",\"Gaza\"],\"articleSection\":[\"International\"],\"inLanguage\":\"fr-FR\"},{\"@type\":\"WebPage\",\"@id\":\"https:\\\/\\\/www.webdo.tn\\\/fr\\\/actualite\\\/international\\\/trump-promet-des-centres-alimentaires-a-gaza-faut-il-le-croire\\\/380486\\\/\",\"url\":\"https:\\\/\\\/www.webdo.tn\\\/fr\\\/actualite\\\/international\\\/trump-promet-des-centres-alimentaires-a-gaza-faut-il-le-croire\\\/380486\\\/\",\"name\":\"Trump promet des centres alimentaires \u00e0 Gaza : faut-il le croire ? - webdo\",\"isPartOf\":{\"@id\":\"https:\\\/\\\/www.webdo.tn\\\/fr\\\/#website\"},\"primaryImageOfPage\":{\"@id\":\"https:\\\/\\\/www.webdo.tn\\\/fr\\\/actualite\\\/international\\\/trump-promet-des-centres-alimentaires-a-gaza-faut-il-le-croire\\\/380486\\\/#primaryimage\"},\"image\":{\"@id\":\"https:\\\/\\\/www.webdo.tn\\\/fr\\\/actualite\\\/international\\\/trump-promet-des-centres-alimentaires-a-gaza-faut-il-le-croire\\\/380486\\\/#primaryimage\"},\"thumbnailUrl\":\"https:\\\/\\\/www.webdo.tn\\\/fr\\\/wp-content\\\/uploads\\\/2025\\\/07\\\/453968937356da8721a6defaultlarge_1024.jpg\",\"datePublished\":\"2025-07-28T18:30:51+00:00\",\"dateModified\":\"2025-07-29T07:07:43+00:00\",\"description\":\"L'annonce des centres alimentaires Gaza par Trump soul\u00e8ve des interrogations importantes. S'agit-il d'une promesse concr\u00e8te ?\",\"breadcrumb\":{\"@id\":\"https:\\\/\\\/www.webdo.tn\\\/fr\\\/actualite\\\/international\\\/trump-promet-des-centres-alimentaires-a-gaza-faut-il-le-croire\\\/380486\\\/#breadcrumb\"},\"inLanguage\":\"fr-FR\",\"potentialAction\":[{\"@type\":\"ReadAction\",\"target\":[\"https:\\\/\\\/www.webdo.tn\\\/fr\\\/actualite\\\/international\\\/trump-promet-des-centres-alimentaires-a-gaza-faut-il-le-croire\\\/380486\\\/\"]}]},{\"@type\":\"ImageObject\",\"inLanguage\":\"fr-FR\",\"@id\":\"https:\\\/\\\/www.webdo.tn\\\/fr\\\/actualite\\\/international\\\/trump-promet-des-centres-alimentaires-a-gaza-faut-il-le-croire\\\/380486\\\/#primaryimage\",\"url\":\"https:\\\/\\\/www.webdo.tn\\\/fr\\\/wp-content\\\/uploads\\\/2025\\\/07\\\/453968937356da8721a6defaultlarge_1024.jpg\",\"contentUrl\":\"https:\\\/\\\/www.webdo.tn\\\/fr\\\/wp-content\\\/uploads\\\/2025\\\/07\\\/453968937356da8721a6defaultlarge_1024.jpg\",\"width\":1024,\"height\":683},{\"@type\":\"BreadcrumbList\",\"@id\":\"https:\\\/\\\/www.webdo.tn\\\/fr\\\/actualite\\\/international\\\/trump-promet-des-centres-alimentaires-a-gaza-faut-il-le-croire\\\/380486\\\/#breadcrumb\",\"itemListElement\":[{\"@type\":\"ListItem\",\"position\":1,\"name\":\"Accueil\",\"item\":\"https:\\\/\\\/www.webdo.tn\\\/fr\\\/\"},{\"@type\":\"ListItem\",\"position\":2,\"name\":\"Trump promet des centres alimentaires \u00e0 Gaza : faut-il le croire ?\"}]},{\"@type\":\"WebSite\",\"@id\":\"https:\\\/\\\/www.webdo.tn\\\/fr\\\/#website\",\"url\":\"https:\\\/\\\/www.webdo.tn\\\/fr\\\/\",\"name\":\"webdo\",\"description\":\"Tunisie - News en Tunisie et \u00e0 l&#039;international sur Webdo.tn\",\"publisher\":{\"@id\":\"https:\\\/\\\/www.webdo.tn\\\/fr\\\/#organization\"},\"potentialAction\":[{\"@type\":\"SearchAction\",\"target\":{\"@type\":\"EntryPoint\",\"urlTemplate\":\"https:\\\/\\\/www.webdo.tn\\\/fr\\\/?s={search_term_string}\"},\"query-input\":{\"@type\":\"PropertyValueSpecification\",\"valueRequired\":true,\"valueName\":\"search_term_string\"}}],\"inLanguage\":\"fr-FR\"},{\"@type\":\"Organization\",\"@id\":\"https:\\\/\\\/www.webdo.tn\\\/fr\\\/#organization\",\"name\":\"Webdo\",\"alternateName\":\"Webdo.tn\",\"url\":\"https:\\\/\\\/www.webdo.tn\\\/fr\\\/\",\"logo\":{\"@type\":\"ImageObject\",\"inLanguage\":\"fr-FR\",\"@id\":\"https:\\\/\\\/www.webdo.tn\\\/fr\\\/#\\\/schema\\\/logo\\\/image\\\/\",\"url\":\"https:\\\/\\\/www.webdo.tn\\\/fr\\\/wp-content\\\/uploads\\\/2025\\\/06\\\/Webdo-Tunisie_168377.jpg\",\"contentUrl\":\"https:\\\/\\\/www.webdo.tn\\\/fr\\\/wp-content\\\/uploads\\\/2025\\\/06\\\/Webdo-Tunisie_168377.jpg\",\"width\":301,\"height\":301,\"caption\":\"Webdo\"},\"image\":{\"@id\":\"https:\\\/\\\/www.webdo.tn\\\/fr\\\/#\\\/schema\\\/logo\\\/image\\\/\"},\"sameAs\":[\"https:\\\/\\\/www.facebook.com\\\/webdotn\",\"https:\\\/\\\/x.com\\\/webdo_tn\"],\"description\":\"Webdo est un m\u00e9dia num\u00e9rique tunisien fond\u00e9 en 2010, sp\u00e9cialis\u00e9 dans l\u2019actualit\u00e9 nationale et internationale, l\u2019\u00e9conomie, la soci\u00e9t\u00e9 et les analyses politiques. Le site s\u2019adresse \u00e0 un large public francophone et couvre l\u2019information tunisienne en temps r\u00e9el.\",\"email\":\"redac@webdo.tn\",\"legalName\":\"YNJ SARL\",\"foundingDate\":\"2010-09-06\",\"numberOfEmployees\":{\"@type\":\"QuantitativeValue\",\"minValue\":\"11\",\"maxValue\":\"50\"}},{\"@type\":\"Person\",\"@id\":\"https:\\\/\\\/www.webdo.tn\\\/fr\\\/#\\\/schema\\\/person\\\/16a4857e77dfc0b610c4c2cadffc9ac4\",\"name\":\"Mohamed Fethi\",\"image\":{\"@type\":\"ImageObject\",\"inLanguage\":\"fr-FR\",\"@id\":\"https:\\\/\\\/www.webdo.tn\\\/fr\\\/wp-content\\\/uploads\\\/2026\\\/04\\\/mohamed-fethi_avatar_1-96x96.jpg\",\"url\":\"https:\\\/\\\/www.webdo.tn\\\/fr\\\/wp-content\\\/uploads\\\/2026\\\/04\\\/mohamed-fethi_avatar_1-96x96.jpg\",\"contentUrl\":\"https:\\\/\\\/www.webdo.tn\\\/fr\\\/wp-content\\\/uploads\\\/2026\\\/04\\\/mohamed-fethi_avatar_1-96x96.jpg\",\"caption\":\"Mohamed Fethi\"},\"description\":\"Signature \u00e9ditoriale de Maher Chaabane Mohamed Fethi est le pseudonyme \u00e9ditorial de Maher Chaabane, r\u00e9dacteur en chef de Webdo.tn depuis 2012. Cette signature est d\u00e9di\u00e9e au traitement intensif de l'actualit\u00e9 nationale et internationale en temps r\u00e9el. S'appuyant sur les deux d\u00e9cennies d'expertise journalistique de Maher Chaabane \u2014 d\u00e9but\u00e9e au sein du groupe Tunis Hebdo en 2000 \u2014 Mohamed Fethi assure une veille rigoureuse sur les enjeux politiques, \u00e9conomiques et sportifs. Sa mission est de garantir une information structur\u00e9e, fluide et fid\u00e8le aux standards de la r\u00e9daction. Pour consulter le parcours complet du r\u00e9dacteur en chef, visitez le profil officiel de Maher Chaabane.\",\"knowsAbout\":[\"actualit\u00e9\",\"journalisme\",\"information\",\"politique\",\"sport\",\"m\u00e9dias\",\"actualit\u00e9 internationale\"],\"knowsLanguage\":[\"Fran\u00e7ais\",\"Arabe\"],\"jobTitle\":\"Journaliste \u2013 R\u00e9daction Webdo\",\"worksFor\":\"Webdo.tn\",\"url\":\"https:\\\/\\\/www.webdo.tn\\\/fr\\\/actualite\\\/author\\\/mohamed-fethi\\\/\"}]}<\/script>\n<!-- \/ Yoast SEO Premium plugin. -->","yoast_head_json":{"title":"Trump promet des centres alimentaires \u00e0 Gaza : faut-il le croire ? - webdo","description":"L'annonce des centres alimentaires Gaza par Trump soul\u00e8ve des interrogations importantes. S'agit-il d'une promesse concr\u00e8te ?","canonical":"https:\/\/www.webdo.tn\/fr\/actualite\/international\/trump-promet-des-centres-alimentaires-a-gaza-faut-il-le-croire\/380486\/","og_locale":"fr_FR","og_type":"article","og_title":"Trump promet des centres alimentaires \u00e0 Gaza : faut-il le croire ?","og_description":"L'annonce des centres alimentaires Gaza par Trump soul\u00e8ve des interrogations importantes. S'agit-il d'une promesse concr\u00e8te ?","og_url":"https:\/\/www.webdo.tn\/fr\/actualite\/international\/trump-promet-des-centres-alimentaires-a-gaza-faut-il-le-croire\/380486\/","og_site_name":"webdo","article_publisher":"https:\/\/www.facebook.com\/webdotn","article_published_time":"2025-07-28T18:30:51+00:00","article_modified_time":"2025-07-29T07:07:43+00:00","og_image":[{"width":1024,"height":683,"url":"https:\/\/www.webdo.tn\/fr\/wp-content\/uploads\/2025\/07\/453968937356da8721a6defaultlarge_1024.jpg","type":"image\/jpeg"}],"author":"Mohamed Fethi","twitter_card":"summary_large_image","twitter_creator":"@webdo_tn","twitter_site":"@webdo_tn","twitter_misc":{"\u00c9crit par":"Mohamed Fethi","Dur\u00e9e de lecture estim\u00e9e":"3 minutes"},"schema":{"@context":"https:\/\/schema.org","@graph":[{"@type":"NewsArticle","@id":"https:\/\/www.webdo.tn\/fr\/actualite\/international\/trump-promet-des-centres-alimentaires-a-gaza-faut-il-le-croire\/380486\/#article","isPartOf":{"@id":"https:\/\/www.webdo.tn\/fr\/actualite\/international\/trump-promet-des-centres-alimentaires-a-gaza-faut-il-le-croire\/380486\/"},"author":{"name":"Mohamed Fethi","@id":"https:\/\/www.webdo.tn\/fr\/#\/schema\/person\/16a4857e77dfc0b610c4c2cadffc9ac4"},"headline":"Trump promet des centres alimentaires \u00e0 Gaza : faut-il le croire ?","datePublished":"2025-07-28T18:30:51+00:00","dateModified":"2025-07-29T07:07:43+00:00","mainEntityOfPage":{"@id":"https:\/\/www.webdo.tn\/fr\/actualite\/international\/trump-promet-des-centres-alimentaires-a-gaza-faut-il-le-croire\/380486\/"},"wordCount":517,"commentCount":0,"publisher":{"@id":"https:\/\/www.webdo.tn\/fr\/#organization"},"image":{"@id":"https:\/\/www.webdo.tn\/fr\/actualite\/international\/trump-promet-des-centres-alimentaires-a-gaza-faut-il-le-croire\/380486\/#primaryimage"},"thumbnailUrl":"https:\/\/www.webdo.tn\/fr\/wp-content\/uploads\/2025\/07\/453968937356da8721a6defaultlarge_1024.jpg","keywords":["aide humanitaire","Centres alimentaires","Donald Trump","Gaza"],"articleSection":["International"],"inLanguage":"fr-FR"},{"@type":"WebPage","@id":"https:\/\/www.webdo.tn\/fr\/actualite\/international\/trump-promet-des-centres-alimentaires-a-gaza-faut-il-le-croire\/380486\/","url":"https:\/\/www.webdo.tn\/fr\/actualite\/international\/trump-promet-des-centres-alimentaires-a-gaza-faut-il-le-croire\/380486\/","name":"Trump promet des centres alimentaires \u00e0 Gaza : faut-il le croire ? - webdo","isPartOf":{"@id":"https:\/\/www.webdo.tn\/fr\/#website"},"primaryImageOfPage":{"@id":"https:\/\/www.webdo.tn\/fr\/actualite\/international\/trump-promet-des-centres-alimentaires-a-gaza-faut-il-le-croire\/380486\/#primaryimage"},"image":{"@id":"https:\/\/www.webdo.tn\/fr\/actualite\/international\/trump-promet-des-centres-alimentaires-a-gaza-faut-il-le-croire\/380486\/#primaryimage"},"thumbnailUrl":"https:\/\/www.webdo.tn\/fr\/wp-content\/uploads\/2025\/07\/453968937356da8721a6defaultlarge_1024.jpg","datePublished":"2025-07-28T18:30:51+00:00","dateModified":"2025-07-29T07:07:43+00:00","description":"L'annonce des centres alimentaires Gaza par Trump soul\u00e8ve des interrogations importantes. S'agit-il d'une promesse concr\u00e8te ?","breadcrumb":{"@id":"https:\/\/www.webdo.tn\/fr\/actualite\/international\/trump-promet-des-centres-alimentaires-a-gaza-faut-il-le-croire\/380486\/#breadcrumb"},"inLanguage":"fr-FR","potentialAction":[{"@type":"ReadAction","target":["https:\/\/www.webdo.tn\/fr\/actualite\/international\/trump-promet-des-centres-alimentaires-a-gaza-faut-il-le-croire\/380486\/"]}]},{"@type":"ImageObject","inLanguage":"fr-FR","@id":"https:\/\/www.webdo.tn\/fr\/actualite\/international\/trump-promet-des-centres-alimentaires-a-gaza-faut-il-le-croire\/380486\/#primaryimage","url":"https:\/\/www.webdo.tn\/fr\/wp-content\/uploads\/2025\/07\/453968937356da8721a6defaultlarge_1024.jpg","contentUrl":"https:\/\/www.webdo.tn\/fr\/wp-content\/uploads\/2025\/07\/453968937356da8721a6defaultlarge_1024.jpg","width":1024,"height":683},{"@type":"BreadcrumbList","@id":"https:\/\/www.webdo.tn\/fr\/actualite\/international\/trump-promet-des-centres-alimentaires-a-gaza-faut-il-le-croire\/380486\/#breadcrumb","itemListElement":[{"@type":"ListItem","position":1,"name":"Accueil","item":"https:\/\/www.webdo.tn\/fr\/"},{"@type":"ListItem","position":2,"name":"Trump promet des centres alimentaires \u00e0 Gaza : faut-il le croire ?"}]},{"@type":"WebSite","@id":"https:\/\/www.webdo.tn\/fr\/#website","url":"https:\/\/www.webdo.tn\/fr\/","name":"webdo","description":"Tunisie - News en Tunisie et \u00e0 l&#039;international sur Webdo.tn","publisher":{"@id":"https:\/\/www.webdo.tn\/fr\/#organization"},"potentialAction":[{"@type":"SearchAction","target":{"@type":"EntryPoint","urlTemplate":"https:\/\/www.webdo.tn\/fr\/?s={search_term_string}"},"query-input":{"@type":"PropertyValueSpecification","valueRequired":true,"valueName":"search_term_string"}}],"inLanguage":"fr-FR"},{"@type":"Organization","@id":"https:\/\/www.webdo.tn\/fr\/#organization","name":"Webdo","alternateName":"Webdo.tn","url":"https:\/\/www.webdo.tn\/fr\/","logo":{"@type":"ImageObject","inLanguage":"fr-FR","@id":"https:\/\/www.webdo.tn\/fr\/#\/schema\/logo\/image\/","url":"https:\/\/www.webdo.tn\/fr\/wp-content\/uploads\/2025\/06\/Webdo-Tunisie_168377.jpg","contentUrl":"https:\/\/www.webdo.tn\/fr\/wp-content\/uploads\/2025\/06\/Webdo-Tunisie_168377.jpg","width":301,"height":301,"caption":"Webdo"},"image":{"@id":"https:\/\/www.webdo.tn\/fr\/#\/schema\/logo\/image\/"},"sameAs":["https:\/\/www.facebook.com\/webdotn","https:\/\/x.com\/webdo_tn"],"description":"Webdo est un m\u00e9dia num\u00e9rique tunisien fond\u00e9 en 2010, sp\u00e9cialis\u00e9 dans l\u2019actualit\u00e9 nationale et internationale, l\u2019\u00e9conomie, la soci\u00e9t\u00e9 et les analyses politiques. Le site s\u2019adresse \u00e0 un large public francophone et couvre l\u2019information tunisienne en temps r\u00e9el.","email":"redac@webdo.tn","legalName":"YNJ SARL","foundingDate":"2010-09-06","numberOfEmployees":{"@type":"QuantitativeValue","minValue":"11","maxValue":"50"}},{"@type":"Person","@id":"https:\/\/www.webdo.tn\/fr\/#\/schema\/person\/16a4857e77dfc0b610c4c2cadffc9ac4","name":"Mohamed Fethi","image":{"@type":"ImageObject","inLanguage":"fr-FR","@id":"https:\/\/www.webdo.tn\/fr\/wp-content\/uploads\/2026\/04\/mohamed-fethi_avatar_1-96x96.jpg","url":"https:\/\/www.webdo.tn\/fr\/wp-content\/uploads\/2026\/04\/mohamed-fethi_avatar_1-96x96.jpg","contentUrl":"https:\/\/www.webdo.tn\/fr\/wp-content\/uploads\/2026\/04\/mohamed-fethi_avatar_1-96x96.jpg","caption":"Mohamed Fethi"},"description":"Signature \u00e9ditoriale de Maher Chaabane Mohamed Fethi est le pseudonyme \u00e9ditorial de Maher Chaabane, r\u00e9dacteur en chef de Webdo.tn depuis 2012. Cette signature est d\u00e9di\u00e9e au traitement intensif de l'actualit\u00e9 nationale et internationale en temps r\u00e9el. S'appuyant sur les deux d\u00e9cennies d'expertise journalistique de Maher Chaabane \u2014 d\u00e9but\u00e9e au sein du groupe Tunis Hebdo en 2000 \u2014 Mohamed Fethi assure une veille rigoureuse sur les enjeux politiques, \u00e9conomiques et sportifs. Sa mission est de garantir une information structur\u00e9e, fluide et fid\u00e8le aux standards de la r\u00e9daction. Pour consulter le parcours complet du r\u00e9dacteur en chef, visitez le profil officiel de Maher Chaabane.","knowsAbout":["actualit\u00e9","journalisme","information","politique","sport","m\u00e9dias","actualit\u00e9 internationale"],"knowsLanguage":["Fran\u00e7ais","Arabe"],"jobTitle":"Journaliste \u2013 R\u00e9daction Webdo","worksFor":"Webdo.tn","url":"https:\/\/www.webdo.tn\/fr\/actualite\/author\/mohamed-fethi\/"}]}},"_links":{"self":[{"href":"https:\/\/www.webdo.tn\/fr\/wp-json\/wp\/v2\/posts\/380486","targetHints":{"allow":["GET"]}}],"collection":[{"href":"https:\/\/www.webdo.tn\/fr\/wp-json\/wp\/v2\/posts"}],"about":[{"href":"https:\/\/www.webdo.tn\/fr\/wp-json\/wp\/v2\/types\/post"}],"author":[{"embeddable":true,"href":"https:\/\/www.webdo.tn\/fr\/wp-json\/wp\/v2\/users\/4782"}],"replies":[{"embeddable":true,"href":"https:\/\/www.webdo.tn\/fr\/wp-json\/wp\/v2\/comments?post=380486"}],"version-history":[{"count":0,"href":"https:\/\/www.webdo.tn\/fr\/wp-json\/wp\/v2\/posts\/380486\/revisions"}],"wp:featuredmedia":[{"embeddable":true,"href":"https:\/\/www.webdo.tn\/fr\/wp-json\/wp\/v2\/media\/380490"}],"wp:attachment":[{"href":"https:\/\/www.webdo.tn\/fr\/wp-json\/wp\/v2\/media?parent=380486"}],"wp:term":[{"taxonomy":"category","embeddable":true,"href":"https:\/\/www.webdo.tn\/fr\/wp-json\/wp\/v2\/categories?post=380486"},{"taxonomy":"post_tag","embeddable":true,"href":"https:\/\/www.webdo.tn\/fr\/wp-json\/wp\/v2\/tags?post=380486"}],"curies":[{"name":"wp","href":"https:\/\/api.w.org\/{rel}","templated":true}]}}