{"id":380481,"date":"2025-07-28T17:57:33","date_gmt":"2025-07-28T16:57:33","guid":{"rendered":"https:\/\/www.webdo.tn\/fr\/?p=380481"},"modified":"2025-07-29T08:08:42","modified_gmt":"2025-07-29T07:08:42","slug":"greve-du-transport-terrestre-maintenue-du-30-juillet-au-1er-aout","status":"publish","type":"post","link":"https:\/\/www.webdo.tn\/fr\/actualite\/national\/greve-du-transport-terrestre-maintenue-du-30-juillet-au-1er-aout\/380481\/","title":{"rendered":"Gr\u00e8ve du transport terrestre maintenue du 30 juillet au 1er ao\u00fbt"},"content":{"rendered":"\n<p><strong>La F\u00e9d\u00e9ration g\u00e9n\u00e9rale du transport, rattach\u00e9e \u00e0 l\u2019Union g\u00e9n\u00e9rale tunisienne du travail (UGTT), a confirm\u00e9 la tenue d\u2019une gr\u00e8ve dans le secteur du transport terrestre. Le mouvement aura lieu les 30 et 31 juillet ainsi que le 1er ao\u00fbt 2025. Il vise \u00e0 d\u00e9noncer la d\u00e9t\u00e9rioration des conditions de travail et l&rsquo;absence de garanties minimales de s\u00e9curit\u00e9.<\/strong><\/p>\n\n\n\n<p>Dans une publication en date du 28 juillet, Ghassen Ksibi, charg\u00e9 de communication de l\u2019UGTT, a annonc\u00e9 l\u2019\u00e9chec des n\u00e9gociations avec le gouvernement. Selon lui, les repr\u00e9sentants de l&rsquo;\u00c9tat ont rejet\u00e9 toutes les revendications syndicales lors de la r\u00e9union tenue le m\u00eame jour.<\/p>\n\n\n\n<p>La F\u00e9d\u00e9ration alerte sur la v\u00e9tust\u00e9 des \u00e9quipements, l&rsquo;absence de tenues de travail, le manque de pr\u00e9vention et les conditions climatiques difficiles. Elle mentionne aussi des agressions verbales et physiques subies par les agents pendant leur service.<\/p>\n\n\n\n<p>Le syndicat critique \u00e9galement la gestion du dossier par les autorit\u00e9s. Il reproche au minist\u00e8re d\u2019avoir exig\u00e9 les listes nominatives de r\u00e9quisition avant m\u00eame la r\u00e9union de n\u00e9gociation. Pour la F\u00e9d\u00e9ration, cette d\u00e9marche nuit au dialogue social et ne constitue pas une solution acceptable.<\/p>\n\n\n\n<p>En l&rsquo;absence de r\u00e9ponse satisfaisante de la part du gouvernement, la gr\u00e8ve sera maintenue. La F\u00e9d\u00e9ration affirme que les travailleurs continueront \u00e0 se mobiliser pour faire valoir leurs droits.<\/p>\n\n\n\n<p><\/p>\n","protected":false},"excerpt":{"rendered":"<p>La F\u00e9d\u00e9ration g\u00e9n\u00e9rale du transport, rattach\u00e9e \u00e0 l\u2019Union g\u00e9n\u00e9rale tunisienne du travail (UGTT), a confirm\u00e9 la tenue d\u2019une gr\u00e8ve dans le secteur du transport terrestre. Le mouvement aura lieu les 30 et 31 juillet ainsi que le 1er ao\u00fbt 2025. Il vise \u00e0 d\u00e9noncer la d\u00e9t\u00e9rioration des conditions de travail et l&rsquo;absence de garanties minimales [&hellip;]<\/p>\n","protected":false},"author":4782,"featured_media":348954,"comment_status":"open","ping_status":"open","sticky":false,"template":"","format":"standard","meta":{"footnotes":""},"categories":[44],"tags":[2647,2818,2640,2608],"class_list":["post-380481","post","type-post","status-publish","format-standard","has-post-thumbnail","hentry","category-national","tag-greve","tag-transport","tag-tunis","tag-tunisie"],"yoast_head":"<!-- This site is optimized with the Yoast SEO Premium plugin v27.4 (Yoast SEO v27.5) - https:\/\/yoast.com\/product\/yoast-seo-premium-wordpress\/ -->\n<title>Gr\u00e8ve du transport terrestre maintenue du 30 juillet au 1er ao\u00fbt - webdo<\/title>\n<meta name=\"description\" content=\"Gr\u00e8ve transport terrestre : Les revendications li\u00e9es \u00e0 la s\u00e9curit\u00e9 et aux conditions de travail seront au c\u0153ur des manifestations de 2025.\" \/>\n<link rel=\"canonical\" href=\"https:\/\/www.webdo.tn\/fr\/actualite\/national\/greve-du-transport-terrestre-maintenue-du-30-juillet-au-1er-aout\/380481\/\" \/>\n<meta property=\"og:locale\" content=\"fr_FR\" \/>\n<meta property=\"og:type\" content=\"article\" \/>\n<meta property=\"og:title\" content=\"Gr\u00e8ve du transport terrestre maintenue du 30 juillet au 1er ao\u00fbt\" \/>\n<meta property=\"og:description\" content=\"Gr\u00e8ve transport terrestre : Les revendications li\u00e9es \u00e0 la s\u00e9curit\u00e9 et aux conditions de travail seront au c\u0153ur des manifestations de 2025.\" \/>\n<meta property=\"og:url\" content=\"https:\/\/www.webdo.tn\/fr\/actualite\/national\/greve-du-transport-terrestre-maintenue-du-30-juillet-au-1er-aout\/380481\/\" \/>\n<meta property=\"og:site_name\" content=\"webdo\" \/>\n<meta property=\"article:publisher\" content=\"https:\/\/www.facebook.com\/webdotn\" \/>\n<meta property=\"article:published_time\" content=\"2025-07-28T16:57:33+00:00\" \/>\n<meta property=\"article:modified_time\" content=\"2025-07-29T07:08:42+00:00\" \/>\n<meta property=\"og:image\" content=\"https:\/\/www.webdo.tn\/fr\/wp-content\/uploads\/2022\/09\/transtu.jpg\" \/>\n\t<meta property=\"og:image:width\" content=\"680\" \/>\n\t<meta property=\"og:image:height\" content=\"400\" \/>\n\t<meta property=\"og:image:type\" content=\"image\/jpeg\" \/>\n<meta name=\"author\" content=\"Mohamed Fethi\" \/>\n<meta name=\"twitter:card\" content=\"summary_large_image\" \/>\n<meta name=\"twitter:creator\" content=\"@webdo_tn\" \/>\n<meta name=\"twitter:site\" content=\"@webdo_tn\" \/>\n<meta name=\"twitter:label1\" content=\"\u00c9crit par\" \/>\n\t<meta name=\"twitter:data1\" content=\"Mohamed Fethi\" \/>\n\t<meta name=\"twitter:label2\" content=\"Dur\u00e9e de lecture estim\u00e9e\" \/>\n\t<meta name=\"twitter:data2\" content=\"2 minutes\" \/>\n<script type=\"application\/ld+json\" class=\"yoast-schema-graph\">{\"@context\":\"https:\\\/\\\/schema.org\",\"@graph\":[{\"@type\":\"NewsArticle\",\"@id\":\"https:\\\/\\\/www.webdo.tn\\\/fr\\\/actualite\\\/national\\\/greve-du-transport-terrestre-maintenue-du-30-juillet-au-1er-aout\\\/380481\\\/#article\",\"isPartOf\":{\"@id\":\"https:\\\/\\\/www.webdo.tn\\\/fr\\\/actualite\\\/national\\\/greve-du-transport-terrestre-maintenue-du-30-juillet-au-1er-aout\\\/380481\\\/\"},\"author\":{\"name\":\"Mohamed Fethi\",\"@id\":\"https:\\\/\\\/www.webdo.tn\\\/fr\\\/#\\\/schema\\\/person\\\/16a4857e77dfc0b610c4c2cadffc9ac4\"},\"headline\":\"Gr\u00e8ve du transport terrestre maintenue du 30 juillet au 1er ao\u00fbt\",\"datePublished\":\"2025-07-28T16:57:33+00:00\",\"dateModified\":\"2025-07-29T07:08:42+00:00\",\"mainEntityOfPage\":{\"@id\":\"https:\\\/\\\/www.webdo.tn\\\/fr\\\/actualite\\\/national\\\/greve-du-transport-terrestre-maintenue-du-30-juillet-au-1er-aout\\\/380481\\\/\"},\"wordCount\":258,\"commentCount\":0,\"publisher\":{\"@id\":\"https:\\\/\\\/www.webdo.tn\\\/fr\\\/#organization\"},\"image\":{\"@id\":\"https:\\\/\\\/www.webdo.tn\\\/fr\\\/actualite\\\/national\\\/greve-du-transport-terrestre-maintenue-du-30-juillet-au-1er-aout\\\/380481\\\/#primaryimage\"},\"thumbnailUrl\":\"https:\\\/\\\/www.webdo.tn\\\/fr\\\/wp-content\\\/uploads\\\/2022\\\/09\\\/transtu.jpg\",\"keywords\":[\"Gr\u00e8ve\",\"Transport\",\"Tunis\",\"Tunisie\"],\"articleSection\":[\"National\"],\"inLanguage\":\"fr-FR\"},{\"@type\":\"WebPage\",\"@id\":\"https:\\\/\\\/www.webdo.tn\\\/fr\\\/actualite\\\/national\\\/greve-du-transport-terrestre-maintenue-du-30-juillet-au-1er-aout\\\/380481\\\/\",\"url\":\"https:\\\/\\\/www.webdo.tn\\\/fr\\\/actualite\\\/national\\\/greve-du-transport-terrestre-maintenue-du-30-juillet-au-1er-aout\\\/380481\\\/\",\"name\":\"Gr\u00e8ve du transport terrestre maintenue du 30 juillet au 1er ao\u00fbt - webdo\",\"isPartOf\":{\"@id\":\"https:\\\/\\\/www.webdo.tn\\\/fr\\\/#website\"},\"primaryImageOfPage\":{\"@id\":\"https:\\\/\\\/www.webdo.tn\\\/fr\\\/actualite\\\/national\\\/greve-du-transport-terrestre-maintenue-du-30-juillet-au-1er-aout\\\/380481\\\/#primaryimage\"},\"image\":{\"@id\":\"https:\\\/\\\/www.webdo.tn\\\/fr\\\/actualite\\\/national\\\/greve-du-transport-terrestre-maintenue-du-30-juillet-au-1er-aout\\\/380481\\\/#primaryimage\"},\"thumbnailUrl\":\"https:\\\/\\\/www.webdo.tn\\\/fr\\\/wp-content\\\/uploads\\\/2022\\\/09\\\/transtu.jpg\",\"datePublished\":\"2025-07-28T16:57:33+00:00\",\"dateModified\":\"2025-07-29T07:08:42+00:00\",\"description\":\"Gr\u00e8ve transport terrestre : Les revendications li\u00e9es \u00e0 la s\u00e9curit\u00e9 et aux conditions de travail seront au c\u0153ur des manifestations de 2025.\",\"breadcrumb\":{\"@id\":\"https:\\\/\\\/www.webdo.tn\\\/fr\\\/actualite\\\/national\\\/greve-du-transport-terrestre-maintenue-du-30-juillet-au-1er-aout\\\/380481\\\/#breadcrumb\"},\"inLanguage\":\"fr-FR\",\"potentialAction\":[{\"@type\":\"ReadAction\",\"target\":[\"https:\\\/\\\/www.webdo.tn\\\/fr\\\/actualite\\\/national\\\/greve-du-transport-terrestre-maintenue-du-30-juillet-au-1er-aout\\\/380481\\\/\"]}]},{\"@type\":\"ImageObject\",\"inLanguage\":\"fr-FR\",\"@id\":\"https:\\\/\\\/www.webdo.tn\\\/fr\\\/actualite\\\/national\\\/greve-du-transport-terrestre-maintenue-du-30-juillet-au-1er-aout\\\/380481\\\/#primaryimage\",\"url\":\"https:\\\/\\\/www.webdo.tn\\\/fr\\\/wp-content\\\/uploads\\\/2022\\\/09\\\/transtu.jpg\",\"contentUrl\":\"https:\\\/\\\/www.webdo.tn\\\/fr\\\/wp-content\\\/uploads\\\/2022\\\/09\\\/transtu.jpg\",\"width\":680,\"height\":400,\"caption\":\"Tunisie \u2013 F\u00e9d\u00e9ration du transport : \u00ab La Transtu ne dispose que de 350 bus et de 27 rames de m\u00e9tro ! \u00bb\"},{\"@type\":\"BreadcrumbList\",\"@id\":\"https:\\\/\\\/www.webdo.tn\\\/fr\\\/actualite\\\/national\\\/greve-du-transport-terrestre-maintenue-du-30-juillet-au-1er-aout\\\/380481\\\/#breadcrumb\",\"itemListElement\":[{\"@type\":\"ListItem\",\"position\":1,\"name\":\"Accueil\",\"item\":\"https:\\\/\\\/www.webdo.tn\\\/fr\\\/\"},{\"@type\":\"ListItem\",\"position\":2,\"name\":\"Gr\u00e8ve du transport terrestre maintenue du 30 juillet au 1er ao\u00fbt\"}]},{\"@type\":\"WebSite\",\"@id\":\"https:\\\/\\\/www.webdo.tn\\\/fr\\\/#website\",\"url\":\"https:\\\/\\\/www.webdo.tn\\\/fr\\\/\",\"name\":\"webdo\",\"description\":\"Tunisie - News en Tunisie et \u00e0 l&#039;international sur Webdo.tn\",\"publisher\":{\"@id\":\"https:\\\/\\\/www.webdo.tn\\\/fr\\\/#organization\"},\"potentialAction\":[{\"@type\":\"SearchAction\",\"target\":{\"@type\":\"EntryPoint\",\"urlTemplate\":\"https:\\\/\\\/www.webdo.tn\\\/fr\\\/?s={search_term_string}\"},\"query-input\":{\"@type\":\"PropertyValueSpecification\",\"valueRequired\":true,\"valueName\":\"search_term_string\"}}],\"inLanguage\":\"fr-FR\"},{\"@type\":\"Organization\",\"@id\":\"https:\\\/\\\/www.webdo.tn\\\/fr\\\/#organization\",\"name\":\"Webdo\",\"alternateName\":\"Webdo.tn\",\"url\":\"https:\\\/\\\/www.webdo.tn\\\/fr\\\/\",\"logo\":{\"@type\":\"ImageObject\",\"inLanguage\":\"fr-FR\",\"@id\":\"https:\\\/\\\/www.webdo.tn\\\/fr\\\/#\\\/schema\\\/logo\\\/image\\\/\",\"url\":\"https:\\\/\\\/www.webdo.tn\\\/fr\\\/wp-content\\\/uploads\\\/2025\\\/06\\\/Webdo-Tunisie_168377.jpg\",\"contentUrl\":\"https:\\\/\\\/www.webdo.tn\\\/fr\\\/wp-content\\\/uploads\\\/2025\\\/06\\\/Webdo-Tunisie_168377.jpg\",\"width\":301,\"height\":301,\"caption\":\"Webdo\"},\"image\":{\"@id\":\"https:\\\/\\\/www.webdo.tn\\\/fr\\\/#\\\/schema\\\/logo\\\/image\\\/\"},\"sameAs\":[\"https:\\\/\\\/www.facebook.com\\\/webdotn\",\"https:\\\/\\\/x.com\\\/webdo_tn\"],\"description\":\"Webdo est un m\u00e9dia num\u00e9rique tunisien fond\u00e9 en 2010, sp\u00e9cialis\u00e9 dans l\u2019actualit\u00e9 nationale et internationale, l\u2019\u00e9conomie, la soci\u00e9t\u00e9 et les analyses politiques. Le site s\u2019adresse \u00e0 un large public francophone et couvre l\u2019information tunisienne en temps r\u00e9el.\",\"email\":\"redac@webdo.tn\",\"legalName\":\"YNJ SARL\",\"foundingDate\":\"2010-09-06\",\"numberOfEmployees\":{\"@type\":\"QuantitativeValue\",\"minValue\":\"11\",\"maxValue\":\"50\"}},{\"@type\":\"Person\",\"@id\":\"https:\\\/\\\/www.webdo.tn\\\/fr\\\/#\\\/schema\\\/person\\\/16a4857e77dfc0b610c4c2cadffc9ac4\",\"name\":\"Mohamed Fethi\",\"image\":{\"@type\":\"ImageObject\",\"inLanguage\":\"fr-FR\",\"@id\":\"https:\\\/\\\/www.webdo.tn\\\/fr\\\/wp-content\\\/uploads\\\/2026\\\/04\\\/mohamed-fethi_avatar_1-96x96.jpg\",\"url\":\"https:\\\/\\\/www.webdo.tn\\\/fr\\\/wp-content\\\/uploads\\\/2026\\\/04\\\/mohamed-fethi_avatar_1-96x96.jpg\",\"contentUrl\":\"https:\\\/\\\/www.webdo.tn\\\/fr\\\/wp-content\\\/uploads\\\/2026\\\/04\\\/mohamed-fethi_avatar_1-96x96.jpg\",\"caption\":\"Mohamed Fethi\"},\"description\":\"Signature \u00e9ditoriale de Maher Chaabane Mohamed Fethi est le pseudonyme \u00e9ditorial de Maher Chaabane, r\u00e9dacteur en chef de Webdo.tn depuis 2012. Cette signature est d\u00e9di\u00e9e au traitement intensif de l'actualit\u00e9 nationale et internationale en temps r\u00e9el. S'appuyant sur les deux d\u00e9cennies d'expertise journalistique de Maher Chaabane \u2014 d\u00e9but\u00e9e au sein du groupe Tunis Hebdo en 2000 \u2014 Mohamed Fethi assure une veille rigoureuse sur les enjeux politiques, \u00e9conomiques et sportifs. Sa mission est de garantir une information structur\u00e9e, fluide et fid\u00e8le aux standards de la r\u00e9daction. Pour consulter le parcours complet du r\u00e9dacteur en chef, visitez le profil officiel de Maher Chaabane.\",\"knowsAbout\":[\"actualit\u00e9\",\"journalisme\",\"information\",\"politique\",\"sport\",\"m\u00e9dias\",\"actualit\u00e9 internationale\"],\"knowsLanguage\":[\"Fran\u00e7ais\",\"Arabe\"],\"jobTitle\":\"Journaliste \u2013 R\u00e9daction Webdo\",\"worksFor\":\"Webdo.tn\",\"url\":\"https:\\\/\\\/www.webdo.tn\\\/fr\\\/actualite\\\/author\\\/mohamed-fethi\\\/\"}]}<\/script>\n<!-- \/ Yoast SEO Premium plugin. -->","yoast_head_json":{"title":"Gr\u00e8ve du transport terrestre maintenue du 30 juillet au 1er ao\u00fbt - webdo","description":"Gr\u00e8ve transport terrestre : Les revendications li\u00e9es \u00e0 la s\u00e9curit\u00e9 et aux conditions de travail seront au c\u0153ur des manifestations de 2025.","canonical":"https:\/\/www.webdo.tn\/fr\/actualite\/national\/greve-du-transport-terrestre-maintenue-du-30-juillet-au-1er-aout\/380481\/","og_locale":"fr_FR","og_type":"article","og_title":"Gr\u00e8ve du transport terrestre maintenue du 30 juillet au 1er ao\u00fbt","og_description":"Gr\u00e8ve transport terrestre : Les revendications li\u00e9es \u00e0 la s\u00e9curit\u00e9 et aux conditions de travail seront au c\u0153ur des manifestations de 2025.","og_url":"https:\/\/www.webdo.tn\/fr\/actualite\/national\/greve-du-transport-terrestre-maintenue-du-30-juillet-au-1er-aout\/380481\/","og_site_name":"webdo","article_publisher":"https:\/\/www.facebook.com\/webdotn","article_published_time":"2025-07-28T16:57:33+00:00","article_modified_time":"2025-07-29T07:08:42+00:00","og_image":[{"width":680,"height":400,"url":"https:\/\/www.webdo.tn\/fr\/wp-content\/uploads\/2022\/09\/transtu.jpg","type":"image\/jpeg"}],"author":"Mohamed Fethi","twitter_card":"summary_large_image","twitter_creator":"@webdo_tn","twitter_site":"@webdo_tn","twitter_misc":{"\u00c9crit par":"Mohamed Fethi","Dur\u00e9e de lecture estim\u00e9e":"2 minutes"},"schema":{"@context":"https:\/\/schema.org","@graph":[{"@type":"NewsArticle","@id":"https:\/\/www.webdo.tn\/fr\/actualite\/national\/greve-du-transport-terrestre-maintenue-du-30-juillet-au-1er-aout\/380481\/#article","isPartOf":{"@id":"https:\/\/www.webdo.tn\/fr\/actualite\/national\/greve-du-transport-terrestre-maintenue-du-30-juillet-au-1er-aout\/380481\/"},"author":{"name":"Mohamed Fethi","@id":"https:\/\/www.webdo.tn\/fr\/#\/schema\/person\/16a4857e77dfc0b610c4c2cadffc9ac4"},"headline":"Gr\u00e8ve du transport terrestre maintenue du 30 juillet au 1er ao\u00fbt","datePublished":"2025-07-28T16:57:33+00:00","dateModified":"2025-07-29T07:08:42+00:00","mainEntityOfPage":{"@id":"https:\/\/www.webdo.tn\/fr\/actualite\/national\/greve-du-transport-terrestre-maintenue-du-30-juillet-au-1er-aout\/380481\/"},"wordCount":258,"commentCount":0,"publisher":{"@id":"https:\/\/www.webdo.tn\/fr\/#organization"},"image":{"@id":"https:\/\/www.webdo.tn\/fr\/actualite\/national\/greve-du-transport-terrestre-maintenue-du-30-juillet-au-1er-aout\/380481\/#primaryimage"},"thumbnailUrl":"https:\/\/www.webdo.tn\/fr\/wp-content\/uploads\/2022\/09\/transtu.jpg","keywords":["Gr\u00e8ve","Transport","Tunis","Tunisie"],"articleSection":["National"],"inLanguage":"fr-FR"},{"@type":"WebPage","@id":"https:\/\/www.webdo.tn\/fr\/actualite\/national\/greve-du-transport-terrestre-maintenue-du-30-juillet-au-1er-aout\/380481\/","url":"https:\/\/www.webdo.tn\/fr\/actualite\/national\/greve-du-transport-terrestre-maintenue-du-30-juillet-au-1er-aout\/380481\/","name":"Gr\u00e8ve du transport terrestre maintenue du 30 juillet au 1er ao\u00fbt - webdo","isPartOf":{"@id":"https:\/\/www.webdo.tn\/fr\/#website"},"primaryImageOfPage":{"@id":"https:\/\/www.webdo.tn\/fr\/actualite\/national\/greve-du-transport-terrestre-maintenue-du-30-juillet-au-1er-aout\/380481\/#primaryimage"},"image":{"@id":"https:\/\/www.webdo.tn\/fr\/actualite\/national\/greve-du-transport-terrestre-maintenue-du-30-juillet-au-1er-aout\/380481\/#primaryimage"},"thumbnailUrl":"https:\/\/www.webdo.tn\/fr\/wp-content\/uploads\/2022\/09\/transtu.jpg","datePublished":"2025-07-28T16:57:33+00:00","dateModified":"2025-07-29T07:08:42+00:00","description":"Gr\u00e8ve transport terrestre : Les revendications li\u00e9es \u00e0 la s\u00e9curit\u00e9 et aux conditions de travail seront au c\u0153ur des manifestations de 2025.","breadcrumb":{"@id":"https:\/\/www.webdo.tn\/fr\/actualite\/national\/greve-du-transport-terrestre-maintenue-du-30-juillet-au-1er-aout\/380481\/#breadcrumb"},"inLanguage":"fr-FR","potentialAction":[{"@type":"ReadAction","target":["https:\/\/www.webdo.tn\/fr\/actualite\/national\/greve-du-transport-terrestre-maintenue-du-30-juillet-au-1er-aout\/380481\/"]}]},{"@type":"ImageObject","inLanguage":"fr-FR","@id":"https:\/\/www.webdo.tn\/fr\/actualite\/national\/greve-du-transport-terrestre-maintenue-du-30-juillet-au-1er-aout\/380481\/#primaryimage","url":"https:\/\/www.webdo.tn\/fr\/wp-content\/uploads\/2022\/09\/transtu.jpg","contentUrl":"https:\/\/www.webdo.tn\/fr\/wp-content\/uploads\/2022\/09\/transtu.jpg","width":680,"height":400,"caption":"Tunisie \u2013 F\u00e9d\u00e9ration du transport : \u00ab La Transtu ne dispose que de 350 bus et de 27 rames de m\u00e9tro ! \u00bb"},{"@type":"BreadcrumbList","@id":"https:\/\/www.webdo.tn\/fr\/actualite\/national\/greve-du-transport-terrestre-maintenue-du-30-juillet-au-1er-aout\/380481\/#breadcrumb","itemListElement":[{"@type":"ListItem","position":1,"name":"Accueil","item":"https:\/\/www.webdo.tn\/fr\/"},{"@type":"ListItem","position":2,"name":"Gr\u00e8ve du transport terrestre maintenue du 30 juillet au 1er ao\u00fbt"}]},{"@type":"WebSite","@id":"https:\/\/www.webdo.tn\/fr\/#website","url":"https:\/\/www.webdo.tn\/fr\/","name":"webdo","description":"Tunisie - News en Tunisie et \u00e0 l&#039;international sur Webdo.tn","publisher":{"@id":"https:\/\/www.webdo.tn\/fr\/#organization"},"potentialAction":[{"@type":"SearchAction","target":{"@type":"EntryPoint","urlTemplate":"https:\/\/www.webdo.tn\/fr\/?s={search_term_string}"},"query-input":{"@type":"PropertyValueSpecification","valueRequired":true,"valueName":"search_term_string"}}],"inLanguage":"fr-FR"},{"@type":"Organization","@id":"https:\/\/www.webdo.tn\/fr\/#organization","name":"Webdo","alternateName":"Webdo.tn","url":"https:\/\/www.webdo.tn\/fr\/","logo":{"@type":"ImageObject","inLanguage":"fr-FR","@id":"https:\/\/www.webdo.tn\/fr\/#\/schema\/logo\/image\/","url":"https:\/\/www.webdo.tn\/fr\/wp-content\/uploads\/2025\/06\/Webdo-Tunisie_168377.jpg","contentUrl":"https:\/\/www.webdo.tn\/fr\/wp-content\/uploads\/2025\/06\/Webdo-Tunisie_168377.jpg","width":301,"height":301,"caption":"Webdo"},"image":{"@id":"https:\/\/www.webdo.tn\/fr\/#\/schema\/logo\/image\/"},"sameAs":["https:\/\/www.facebook.com\/webdotn","https:\/\/x.com\/webdo_tn"],"description":"Webdo est un m\u00e9dia num\u00e9rique tunisien fond\u00e9 en 2010, sp\u00e9cialis\u00e9 dans l\u2019actualit\u00e9 nationale et internationale, l\u2019\u00e9conomie, la soci\u00e9t\u00e9 et les analyses politiques. Le site s\u2019adresse \u00e0 un large public francophone et couvre l\u2019information tunisienne en temps r\u00e9el.","email":"redac@webdo.tn","legalName":"YNJ SARL","foundingDate":"2010-09-06","numberOfEmployees":{"@type":"QuantitativeValue","minValue":"11","maxValue":"50"}},{"@type":"Person","@id":"https:\/\/www.webdo.tn\/fr\/#\/schema\/person\/16a4857e77dfc0b610c4c2cadffc9ac4","name":"Mohamed Fethi","image":{"@type":"ImageObject","inLanguage":"fr-FR","@id":"https:\/\/www.webdo.tn\/fr\/wp-content\/uploads\/2026\/04\/mohamed-fethi_avatar_1-96x96.jpg","url":"https:\/\/www.webdo.tn\/fr\/wp-content\/uploads\/2026\/04\/mohamed-fethi_avatar_1-96x96.jpg","contentUrl":"https:\/\/www.webdo.tn\/fr\/wp-content\/uploads\/2026\/04\/mohamed-fethi_avatar_1-96x96.jpg","caption":"Mohamed Fethi"},"description":"Signature \u00e9ditoriale de Maher Chaabane Mohamed Fethi est le pseudonyme \u00e9ditorial de Maher Chaabane, r\u00e9dacteur en chef de Webdo.tn depuis 2012. Cette signature est d\u00e9di\u00e9e au traitement intensif de l'actualit\u00e9 nationale et internationale en temps r\u00e9el. S'appuyant sur les deux d\u00e9cennies d'expertise journalistique de Maher Chaabane \u2014 d\u00e9but\u00e9e au sein du groupe Tunis Hebdo en 2000 \u2014 Mohamed Fethi assure une veille rigoureuse sur les enjeux politiques, \u00e9conomiques et sportifs. Sa mission est de garantir une information structur\u00e9e, fluide et fid\u00e8le aux standards de la r\u00e9daction. Pour consulter le parcours complet du r\u00e9dacteur en chef, visitez le profil officiel de Maher Chaabane.","knowsAbout":["actualit\u00e9","journalisme","information","politique","sport","m\u00e9dias","actualit\u00e9 internationale"],"knowsLanguage":["Fran\u00e7ais","Arabe"],"jobTitle":"Journaliste \u2013 R\u00e9daction Webdo","worksFor":"Webdo.tn","url":"https:\/\/www.webdo.tn\/fr\/actualite\/author\/mohamed-fethi\/"}]}},"_links":{"self":[{"href":"https:\/\/www.webdo.tn\/fr\/wp-json\/wp\/v2\/posts\/380481","targetHints":{"allow":["GET"]}}],"collection":[{"href":"https:\/\/www.webdo.tn\/fr\/wp-json\/wp\/v2\/posts"}],"about":[{"href":"https:\/\/www.webdo.tn\/fr\/wp-json\/wp\/v2\/types\/post"}],"author":[{"embeddable":true,"href":"https:\/\/www.webdo.tn\/fr\/wp-json\/wp\/v2\/users\/4782"}],"replies":[{"embeddable":true,"href":"https:\/\/www.webdo.tn\/fr\/wp-json\/wp\/v2\/comments?post=380481"}],"version-history":[{"count":0,"href":"https:\/\/www.webdo.tn\/fr\/wp-json\/wp\/v2\/posts\/380481\/revisions"}],"wp:featuredmedia":[{"embeddable":true,"href":"https:\/\/www.webdo.tn\/fr\/wp-json\/wp\/v2\/media\/348954"}],"wp:attachment":[{"href":"https:\/\/www.webdo.tn\/fr\/wp-json\/wp\/v2\/media?parent=380481"}],"wp:term":[{"taxonomy":"category","embeddable":true,"href":"https:\/\/www.webdo.tn\/fr\/wp-json\/wp\/v2\/categories?post=380481"},{"taxonomy":"post_tag","embeddable":true,"href":"https:\/\/www.webdo.tn\/fr\/wp-json\/wp\/v2\/tags?post=380481"}],"curies":[{"name":"wp","href":"https:\/\/api.w.org\/{rel}","templated":true}]}}