{"id":380448,"date":"2025-07-28T10:49:02","date_gmt":"2025-07-28T09:49:02","guid":{"rendered":"https:\/\/www.webdo.tn\/fr\/?p=380448"},"modified":"2025-07-28T13:14:19","modified_gmt":"2025-07-28T12:14:19","slug":"karate-championnat-dafrique-2025-la-tunisie-decroche-6-medailles-dont-2-en-or","status":"publish","type":"post","link":"https:\/\/www.webdo.tn\/fr\/actualite\/sport\/karate-championnat-dafrique-2025-la-tunisie-decroche-6-medailles-dont-2-en-or\/380448\/","title":{"rendered":"Karat\u00e9 &#8211; Championnat d\u2019Afrique 2025 : La Tunisie d\u00e9croche 6 m\u00e9dailles dont 2 en or"},"content":{"rendered":"\n<p><strong><em>La s\u00e9lection tunisienne de karat\u00e9 brille au Championnat d\u2019Afrique des seniors \u00e0 Abuja, remportant deux titres continentaux gr\u00e2ce \u00e0 Wafa Majhoub et Mohamed Ayat.<\/em><\/strong><\/p>\n\n\n\n<p>Du 22 au 27 juillet 2025, la capitale nig\u00e9riane Abuja a accueilli le Championnat d\u2019Afrique de karat\u00e9 (seniors hommes et dames). La Tunisie y a remport\u00e9 six m\u00e9dailles : 2 en or, 1 en argent et 3 en bronze, confirmant sa place parmi les meilleures nations africaines dans cette discipline.<\/p>\n\n\n\n<p><strong>Wafa Majhoub et Mohamed Ayat en or<\/strong><\/p>\n\n\n\n<p>Les deux titres continentaux ont \u00e9t\u00e9 obtenus par Wafa Majhoub en -61 kg, apr\u00e8s une finale haletante remport\u00e9e face \u00e0 l\u2019\u00c9gyptienne Norsine Ali (7-6)&nbsp;; et Mohamed Ayat en -60 kg, qui s\u2019est impos\u00e9 en finale contre l\u2019\u00c9gyptien Ali Zied El Gharib (2-1).<\/p>\n\n\n\n<p>Cette moisson de m\u00e9dailles confirme le potentiel du karat\u00e9 tunisien. Les performances de Mahjoub et Ayat, en particulier, soulignent la progression technique des athl\u00e8tes tunisiens face \u00e0 de redoutables adversaires \u00e9gyptiens, souvent dominateurs sur la sc\u00e8ne continentale.<\/p>\n\n\n\n<p><strong>L\u2019argent pour Israa Beta\u00efeb<\/strong><\/p>\n\n\n\n<p>Outre les m\u00e9dailles d\u2019or, la Tunisie a d\u00e9croch\u00e9 l\u2019argent avec Israa Beta\u00efeb en -68 kg, battue en finale par l\u2019\u00c9gyptienne Mona Shaabane (1-4).<\/p>\n\n\n\n<p>Rayane Ghazouani (-84 kg), Ahmed Rayane Tlili (-75 kg), et Tasnim Sayed (-68 kg), quant \u00e0 eux, ont d\u00e9croch\u00e9 le bronze lors de cette \u00e9dition de 2025.<\/p>\n\n\n\n<p><\/p>\n\n\n\n<ul class=\"wp-block-list\">\n<li>Lire aussi : <a href=\"https:\/\/www.webdo.tn\/fr\/actualite\/sport\/lina-une-jeune-tunisienne-sacree-championne-us-en-karate\/175864\/\">Lina, une jeune tunisienne, sacr\u00e9e Championne US en karat\u00e9<\/a><\/li>\n<\/ul>\n","protected":false},"excerpt":{"rendered":"<p>La s\u00e9lection tunisienne de karat\u00e9 brille au Championnat d\u2019Afrique des seniors \u00e0 Abuja, remportant deux titres continentaux gr\u00e2ce \u00e0 Wafa Majhoub et Mohamed Ayat. Du 22 au 27 juillet 2025, la capitale nig\u00e9riane Abuja a accueilli le Championnat d\u2019Afrique de karat\u00e9 (seniors hommes et dames). La Tunisie y a remport\u00e9 six m\u00e9dailles : 2 en [&hellip;]<\/p>\n","protected":false},"author":3191,"featured_media":380449,"comment_status":"open","ping_status":"open","sticky":false,"template":"","format":"standard","meta":{"footnotes":""},"categories":[2593],"tags":[8403,12326,5807,5540,3518,2608],"class_list":["post-380448","post","type-post","status-publish","format-standard","has-post-thumbnail","hentry","category-sport","tag-championnat-dafrique","tag-karate","tag-medaille-dargent","tag-medaille-dor","tag-medaille-de-bronze","tag-tunisie"],"yoast_head":"<!-- This site is optimized with the Yoast SEO Premium plugin v27.5 (Yoast SEO v27.5) - https:\/\/yoast.com\/product\/yoast-seo-premium-wordpress\/ -->\n<title>Karat\u00e9 - Championnat d\u2019Afrique 2025 : La Tunisie d\u00e9croche 6 m\u00e9dailles dont 2 en or - webdo<\/title>\n<meta name=\"description\" content=\"La Tunisie d\u00e9croche 6 m\u00e9dailles dont 2 en or au Championnat d&#039;Afrique de karat\u00e9, renfor\u00e7ant son rang parmi les meilleures nations africaines.\" \/>\n<link rel=\"canonical\" href=\"https:\/\/www.webdo.tn\/fr\/actualite\/sport\/karate-championnat-dafrique-2025-la-tunisie-decroche-6-medailles-dont-2-en-or\/380448\/\" \/>\n<meta property=\"og:locale\" content=\"fr_FR\" \/>\n<meta property=\"og:type\" content=\"article\" \/>\n<meta property=\"og:title\" content=\"Karat\u00e9 - Championnat d\u2019Afrique 2025 : La Tunisie d\u00e9croche 6 m\u00e9dailles dont 2 en or\" \/>\n<meta property=\"og:description\" content=\"La Tunisie d\u00e9croche 6 m\u00e9dailles dont 2 en or au Championnat d&#039;Afrique de karat\u00e9, renfor\u00e7ant son rang parmi les meilleures nations africaines.\" \/>\n<meta property=\"og:url\" content=\"https:\/\/www.webdo.tn\/fr\/actualite\/sport\/karate-championnat-dafrique-2025-la-tunisie-decroche-6-medailles-dont-2-en-or\/380448\/\" \/>\n<meta property=\"og:site_name\" content=\"webdo\" \/>\n<meta property=\"article:publisher\" content=\"https:\/\/www.facebook.com\/webdotn\" \/>\n<meta property=\"article:published_time\" content=\"2025-07-28T09:49:02+00:00\" \/>\n<meta property=\"article:modified_time\" content=\"2025-07-28T12:14:19+00:00\" \/>\n<meta property=\"og:image\" content=\"https:\/\/www.webdo.tn\/fr\/wp-content\/uploads\/2025\/07\/524558815_122201000756268889_6502702485532624703_n.jpg\" \/>\n\t<meta property=\"og:image:width\" content=\"1440\" \/>\n\t<meta property=\"og:image:height\" content=\"924\" \/>\n\t<meta property=\"og:image:type\" content=\"image\/jpeg\" \/>\n<meta name=\"author\" content=\"Mohamed Hedi Touati\" \/>\n<meta name=\"twitter:card\" content=\"summary_large_image\" \/>\n<meta name=\"twitter:creator\" content=\"@webdo_tn\" \/>\n<meta name=\"twitter:site\" content=\"@webdo_tn\" \/>\n<meta name=\"twitter:label1\" content=\"\u00c9crit par\" \/>\n\t<meta name=\"twitter:data1\" content=\"Mohamed Hedi Touati\" \/>\n\t<meta name=\"twitter:label2\" content=\"Dur\u00e9e de lecture estim\u00e9e\" \/>\n\t<meta name=\"twitter:data2\" content=\"2 minutes\" \/>\n<script type=\"application\/ld+json\" class=\"yoast-schema-graph\">{\"@context\":\"https:\\\/\\\/schema.org\",\"@graph\":[{\"@type\":\"NewsArticle\",\"@id\":\"https:\\\/\\\/www.webdo.tn\\\/fr\\\/actualite\\\/sport\\\/karate-championnat-dafrique-2025-la-tunisie-decroche-6-medailles-dont-2-en-or\\\/380448\\\/#article\",\"isPartOf\":{\"@id\":\"https:\\\/\\\/www.webdo.tn\\\/fr\\\/actualite\\\/sport\\\/karate-championnat-dafrique-2025-la-tunisie-decroche-6-medailles-dont-2-en-or\\\/380448\\\/\"},\"author\":{\"name\":\"Mohamed Hedi Touati\",\"@id\":\"https:\\\/\\\/www.webdo.tn\\\/fr\\\/#\\\/schema\\\/person\\\/c652cd8fc2b1b44412b5ffb48c5a911d\"},\"headline\":\"Karat\u00e9 &#8211; Championnat d\u2019Afrique 2025 : La Tunisie d\u00e9croche 6 m\u00e9dailles dont 2 en or\",\"datePublished\":\"2025-07-28T09:49:02+00:00\",\"dateModified\":\"2025-07-28T12:14:19+00:00\",\"mainEntityOfPage\":{\"@id\":\"https:\\\/\\\/www.webdo.tn\\\/fr\\\/actualite\\\/sport\\\/karate-championnat-dafrique-2025-la-tunisie-decroche-6-medailles-dont-2-en-or\\\/380448\\\/\"},\"wordCount\":251,\"commentCount\":0,\"publisher\":{\"@id\":\"https:\\\/\\\/www.webdo.tn\\\/fr\\\/#organization\"},\"image\":{\"@id\":\"https:\\\/\\\/www.webdo.tn\\\/fr\\\/actualite\\\/sport\\\/karate-championnat-dafrique-2025-la-tunisie-decroche-6-medailles-dont-2-en-or\\\/380448\\\/#primaryimage\"},\"thumbnailUrl\":\"https:\\\/\\\/www.webdo.tn\\\/fr\\\/wp-content\\\/uploads\\\/2025\\\/07\\\/524558815_122201000756268889_6502702485532624703_n.jpg\",\"keywords\":[\"championnat d'afrique\",\"karat\u00e9\",\"m\u00e9daille d'argent\",\"m\u00e9daille d'or\",\"m\u00e9daille de bronze\",\"Tunisie\"],\"articleSection\":[\"Sport\"],\"inLanguage\":\"fr-FR\"},{\"@type\":\"WebPage\",\"@id\":\"https:\\\/\\\/www.webdo.tn\\\/fr\\\/actualite\\\/sport\\\/karate-championnat-dafrique-2025-la-tunisie-decroche-6-medailles-dont-2-en-or\\\/380448\\\/\",\"url\":\"https:\\\/\\\/www.webdo.tn\\\/fr\\\/actualite\\\/sport\\\/karate-championnat-dafrique-2025-la-tunisie-decroche-6-medailles-dont-2-en-or\\\/380448\\\/\",\"name\":\"Karat\u00e9 - Championnat d\u2019Afrique 2025 : La Tunisie d\u00e9croche 6 m\u00e9dailles dont 2 en or - webdo\",\"isPartOf\":{\"@id\":\"https:\\\/\\\/www.webdo.tn\\\/fr\\\/#website\"},\"primaryImageOfPage\":{\"@id\":\"https:\\\/\\\/www.webdo.tn\\\/fr\\\/actualite\\\/sport\\\/karate-championnat-dafrique-2025-la-tunisie-decroche-6-medailles-dont-2-en-or\\\/380448\\\/#primaryimage\"},\"image\":{\"@id\":\"https:\\\/\\\/www.webdo.tn\\\/fr\\\/actualite\\\/sport\\\/karate-championnat-dafrique-2025-la-tunisie-decroche-6-medailles-dont-2-en-or\\\/380448\\\/#primaryimage\"},\"thumbnailUrl\":\"https:\\\/\\\/www.webdo.tn\\\/fr\\\/wp-content\\\/uploads\\\/2025\\\/07\\\/524558815_122201000756268889_6502702485532624703_n.jpg\",\"datePublished\":\"2025-07-28T09:49:02+00:00\",\"dateModified\":\"2025-07-28T12:14:19+00:00\",\"description\":\"La Tunisie d\u00e9croche 6 m\u00e9dailles dont 2 en or au Championnat d'Afrique de karat\u00e9, renfor\u00e7ant son rang parmi les meilleures nations africaines.\",\"breadcrumb\":{\"@id\":\"https:\\\/\\\/www.webdo.tn\\\/fr\\\/actualite\\\/sport\\\/karate-championnat-dafrique-2025-la-tunisie-decroche-6-medailles-dont-2-en-or\\\/380448\\\/#breadcrumb\"},\"inLanguage\":\"fr-FR\",\"potentialAction\":[{\"@type\":\"ReadAction\",\"target\":[\"https:\\\/\\\/www.webdo.tn\\\/fr\\\/actualite\\\/sport\\\/karate-championnat-dafrique-2025-la-tunisie-decroche-6-medailles-dont-2-en-or\\\/380448\\\/\"]}]},{\"@type\":\"ImageObject\",\"inLanguage\":\"fr-FR\",\"@id\":\"https:\\\/\\\/www.webdo.tn\\\/fr\\\/actualite\\\/sport\\\/karate-championnat-dafrique-2025-la-tunisie-decroche-6-medailles-dont-2-en-or\\\/380448\\\/#primaryimage\",\"url\":\"https:\\\/\\\/www.webdo.tn\\\/fr\\\/wp-content\\\/uploads\\\/2025\\\/07\\\/524558815_122201000756268889_6502702485532624703_n.jpg\",\"contentUrl\":\"https:\\\/\\\/www.webdo.tn\\\/fr\\\/wp-content\\\/uploads\\\/2025\\\/07\\\/524558815_122201000756268889_6502702485532624703_n.jpg\",\"width\":1440,\"height\":924,\"caption\":\"Wafa Mahjoub, championne d'Afrique\"},{\"@type\":\"BreadcrumbList\",\"@id\":\"https:\\\/\\\/www.webdo.tn\\\/fr\\\/actualite\\\/sport\\\/karate-championnat-dafrique-2025-la-tunisie-decroche-6-medailles-dont-2-en-or\\\/380448\\\/#breadcrumb\",\"itemListElement\":[{\"@type\":\"ListItem\",\"position\":1,\"name\":\"Accueil\",\"item\":\"https:\\\/\\\/www.webdo.tn\\\/fr\\\/\"},{\"@type\":\"ListItem\",\"position\":2,\"name\":\"Karat\u00e9 &#8211; Championnat d\u2019Afrique 2025 : La Tunisie d\u00e9croche 6 m\u00e9dailles dont 2 en or\"}]},{\"@type\":\"WebSite\",\"@id\":\"https:\\\/\\\/www.webdo.tn\\\/fr\\\/#website\",\"url\":\"https:\\\/\\\/www.webdo.tn\\\/fr\\\/\",\"name\":\"webdo\",\"description\":\"Tunisie - News en Tunisie et \u00e0 l&#039;international sur Webdo.tn\",\"publisher\":{\"@id\":\"https:\\\/\\\/www.webdo.tn\\\/fr\\\/#organization\"},\"potentialAction\":[{\"@type\":\"SearchAction\",\"target\":{\"@type\":\"EntryPoint\",\"urlTemplate\":\"https:\\\/\\\/www.webdo.tn\\\/fr\\\/?s={search_term_string}\"},\"query-input\":{\"@type\":\"PropertyValueSpecification\",\"valueRequired\":true,\"valueName\":\"search_term_string\"}}],\"inLanguage\":\"fr-FR\"},{\"@type\":\"Organization\",\"@id\":\"https:\\\/\\\/www.webdo.tn\\\/fr\\\/#organization\",\"name\":\"Webdo\",\"alternateName\":\"Webdo.tn\",\"url\":\"https:\\\/\\\/www.webdo.tn\\\/fr\\\/\",\"logo\":{\"@type\":\"ImageObject\",\"inLanguage\":\"fr-FR\",\"@id\":\"https:\\\/\\\/www.webdo.tn\\\/fr\\\/#\\\/schema\\\/logo\\\/image\\\/\",\"url\":\"https:\\\/\\\/www.webdo.tn\\\/fr\\\/wp-content\\\/uploads\\\/2025\\\/06\\\/Webdo-Tunisie_168377.jpg\",\"contentUrl\":\"https:\\\/\\\/www.webdo.tn\\\/fr\\\/wp-content\\\/uploads\\\/2025\\\/06\\\/Webdo-Tunisie_168377.jpg\",\"width\":301,\"height\":301,\"caption\":\"Webdo\"},\"image\":{\"@id\":\"https:\\\/\\\/www.webdo.tn\\\/fr\\\/#\\\/schema\\\/logo\\\/image\\\/\"},\"sameAs\":[\"https:\\\/\\\/www.facebook.com\\\/webdotn\",\"https:\\\/\\\/x.com\\\/webdo_tn\"],\"description\":\"Webdo est un m\u00e9dia num\u00e9rique tunisien fond\u00e9 en 2010, sp\u00e9cialis\u00e9 dans l\u2019actualit\u00e9 nationale et internationale, l\u2019\u00e9conomie, la soci\u00e9t\u00e9 et les analyses politiques. Le site s\u2019adresse \u00e0 un large public francophone et couvre l\u2019information tunisienne en temps r\u00e9el.\",\"email\":\"redac@webdo.tn\",\"legalName\":\"YNJ SARL\",\"foundingDate\":\"2010-09-06\",\"numberOfEmployees\":{\"@type\":\"QuantitativeValue\",\"minValue\":\"11\",\"maxValue\":\"50\"}},{\"@type\":\"Person\",\"@id\":\"https:\\\/\\\/www.webdo.tn\\\/fr\\\/#\\\/schema\\\/person\\\/c652cd8fc2b1b44412b5ffb48c5a911d\",\"name\":\"Mohamed Hedi Touati\",\"image\":{\"@type\":\"ImageObject\",\"inLanguage\":\"fr-FR\",\"@id\":\"https:\\\/\\\/secure.gravatar.com\\\/avatar\\\/9cfd402c745b7a685f13eed0ea6e59d2144a3c2fc50a3db6fd5ed451f6cddf1a?s=96&d=mm&r=g\",\"url\":\"https:\\\/\\\/secure.gravatar.com\\\/avatar\\\/9cfd402c745b7a685f13eed0ea6e59d2144a3c2fc50a3db6fd5ed451f6cddf1a?s=96&d=mm&r=g\",\"contentUrl\":\"https:\\\/\\\/secure.gravatar.com\\\/avatar\\\/9cfd402c745b7a685f13eed0ea6e59d2144a3c2fc50a3db6fd5ed451f6cddf1a?s=96&d=mm&r=g\",\"caption\":\"Mohamed Hedi Touati\"},\"url\":\"https:\\\/\\\/www.webdo.tn\\\/fr\\\/actualite\\\/author\\\/mohamed-hedi-touati\\\/\"}]}<\/script>\n<!-- \/ Yoast SEO Premium plugin. -->","yoast_head_json":{"title":"Karat\u00e9 - Championnat d\u2019Afrique 2025 : La Tunisie d\u00e9croche 6 m\u00e9dailles dont 2 en or - webdo","description":"La Tunisie d\u00e9croche 6 m\u00e9dailles dont 2 en or au Championnat d'Afrique de karat\u00e9, renfor\u00e7ant son rang parmi les meilleures nations africaines.","canonical":"https:\/\/www.webdo.tn\/fr\/actualite\/sport\/karate-championnat-dafrique-2025-la-tunisie-decroche-6-medailles-dont-2-en-or\/380448\/","og_locale":"fr_FR","og_type":"article","og_title":"Karat\u00e9 - Championnat d\u2019Afrique 2025 : La Tunisie d\u00e9croche 6 m\u00e9dailles dont 2 en or","og_description":"La Tunisie d\u00e9croche 6 m\u00e9dailles dont 2 en or au Championnat d'Afrique de karat\u00e9, renfor\u00e7ant son rang parmi les meilleures nations africaines.","og_url":"https:\/\/www.webdo.tn\/fr\/actualite\/sport\/karate-championnat-dafrique-2025-la-tunisie-decroche-6-medailles-dont-2-en-or\/380448\/","og_site_name":"webdo","article_publisher":"https:\/\/www.facebook.com\/webdotn","article_published_time":"2025-07-28T09:49:02+00:00","article_modified_time":"2025-07-28T12:14:19+00:00","og_image":[{"width":1440,"height":924,"url":"https:\/\/www.webdo.tn\/fr\/wp-content\/uploads\/2025\/07\/524558815_122201000756268889_6502702485532624703_n.jpg","type":"image\/jpeg"}],"author":"Mohamed Hedi Touati","twitter_card":"summary_large_image","twitter_creator":"@webdo_tn","twitter_site":"@webdo_tn","twitter_misc":{"\u00c9crit par":"Mohamed Hedi Touati","Dur\u00e9e de lecture estim\u00e9e":"2 minutes"},"schema":{"@context":"https:\/\/schema.org","@graph":[{"@type":"NewsArticle","@id":"https:\/\/www.webdo.tn\/fr\/actualite\/sport\/karate-championnat-dafrique-2025-la-tunisie-decroche-6-medailles-dont-2-en-or\/380448\/#article","isPartOf":{"@id":"https:\/\/www.webdo.tn\/fr\/actualite\/sport\/karate-championnat-dafrique-2025-la-tunisie-decroche-6-medailles-dont-2-en-or\/380448\/"},"author":{"name":"Mohamed Hedi Touati","@id":"https:\/\/www.webdo.tn\/fr\/#\/schema\/person\/c652cd8fc2b1b44412b5ffb48c5a911d"},"headline":"Karat\u00e9 &#8211; Championnat d\u2019Afrique 2025 : La Tunisie d\u00e9croche 6 m\u00e9dailles dont 2 en or","datePublished":"2025-07-28T09:49:02+00:00","dateModified":"2025-07-28T12:14:19+00:00","mainEntityOfPage":{"@id":"https:\/\/www.webdo.tn\/fr\/actualite\/sport\/karate-championnat-dafrique-2025-la-tunisie-decroche-6-medailles-dont-2-en-or\/380448\/"},"wordCount":251,"commentCount":0,"publisher":{"@id":"https:\/\/www.webdo.tn\/fr\/#organization"},"image":{"@id":"https:\/\/www.webdo.tn\/fr\/actualite\/sport\/karate-championnat-dafrique-2025-la-tunisie-decroche-6-medailles-dont-2-en-or\/380448\/#primaryimage"},"thumbnailUrl":"https:\/\/www.webdo.tn\/fr\/wp-content\/uploads\/2025\/07\/524558815_122201000756268889_6502702485532624703_n.jpg","keywords":["championnat d'afrique","karat\u00e9","m\u00e9daille d'argent","m\u00e9daille d'or","m\u00e9daille de bronze","Tunisie"],"articleSection":["Sport"],"inLanguage":"fr-FR"},{"@type":"WebPage","@id":"https:\/\/www.webdo.tn\/fr\/actualite\/sport\/karate-championnat-dafrique-2025-la-tunisie-decroche-6-medailles-dont-2-en-or\/380448\/","url":"https:\/\/www.webdo.tn\/fr\/actualite\/sport\/karate-championnat-dafrique-2025-la-tunisie-decroche-6-medailles-dont-2-en-or\/380448\/","name":"Karat\u00e9 - Championnat d\u2019Afrique 2025 : La Tunisie d\u00e9croche 6 m\u00e9dailles dont 2 en or - webdo","isPartOf":{"@id":"https:\/\/www.webdo.tn\/fr\/#website"},"primaryImageOfPage":{"@id":"https:\/\/www.webdo.tn\/fr\/actualite\/sport\/karate-championnat-dafrique-2025-la-tunisie-decroche-6-medailles-dont-2-en-or\/380448\/#primaryimage"},"image":{"@id":"https:\/\/www.webdo.tn\/fr\/actualite\/sport\/karate-championnat-dafrique-2025-la-tunisie-decroche-6-medailles-dont-2-en-or\/380448\/#primaryimage"},"thumbnailUrl":"https:\/\/www.webdo.tn\/fr\/wp-content\/uploads\/2025\/07\/524558815_122201000756268889_6502702485532624703_n.jpg","datePublished":"2025-07-28T09:49:02+00:00","dateModified":"2025-07-28T12:14:19+00:00","description":"La Tunisie d\u00e9croche 6 m\u00e9dailles dont 2 en or au Championnat d'Afrique de karat\u00e9, renfor\u00e7ant son rang parmi les meilleures nations africaines.","breadcrumb":{"@id":"https:\/\/www.webdo.tn\/fr\/actualite\/sport\/karate-championnat-dafrique-2025-la-tunisie-decroche-6-medailles-dont-2-en-or\/380448\/#breadcrumb"},"inLanguage":"fr-FR","potentialAction":[{"@type":"ReadAction","target":["https:\/\/www.webdo.tn\/fr\/actualite\/sport\/karate-championnat-dafrique-2025-la-tunisie-decroche-6-medailles-dont-2-en-or\/380448\/"]}]},{"@type":"ImageObject","inLanguage":"fr-FR","@id":"https:\/\/www.webdo.tn\/fr\/actualite\/sport\/karate-championnat-dafrique-2025-la-tunisie-decroche-6-medailles-dont-2-en-or\/380448\/#primaryimage","url":"https:\/\/www.webdo.tn\/fr\/wp-content\/uploads\/2025\/07\/524558815_122201000756268889_6502702485532624703_n.jpg","contentUrl":"https:\/\/www.webdo.tn\/fr\/wp-content\/uploads\/2025\/07\/524558815_122201000756268889_6502702485532624703_n.jpg","width":1440,"height":924,"caption":"Wafa Mahjoub, championne d'Afrique"},{"@type":"BreadcrumbList","@id":"https:\/\/www.webdo.tn\/fr\/actualite\/sport\/karate-championnat-dafrique-2025-la-tunisie-decroche-6-medailles-dont-2-en-or\/380448\/#breadcrumb","itemListElement":[{"@type":"ListItem","position":1,"name":"Accueil","item":"https:\/\/www.webdo.tn\/fr\/"},{"@type":"ListItem","position":2,"name":"Karat\u00e9 &#8211; Championnat d\u2019Afrique 2025 : La Tunisie d\u00e9croche 6 m\u00e9dailles dont 2 en or"}]},{"@type":"WebSite","@id":"https:\/\/www.webdo.tn\/fr\/#website","url":"https:\/\/www.webdo.tn\/fr\/","name":"webdo","description":"Tunisie - News en Tunisie et \u00e0 l&#039;international sur Webdo.tn","publisher":{"@id":"https:\/\/www.webdo.tn\/fr\/#organization"},"potentialAction":[{"@type":"SearchAction","target":{"@type":"EntryPoint","urlTemplate":"https:\/\/www.webdo.tn\/fr\/?s={search_term_string}"},"query-input":{"@type":"PropertyValueSpecification","valueRequired":true,"valueName":"search_term_string"}}],"inLanguage":"fr-FR"},{"@type":"Organization","@id":"https:\/\/www.webdo.tn\/fr\/#organization","name":"Webdo","alternateName":"Webdo.tn","url":"https:\/\/www.webdo.tn\/fr\/","logo":{"@type":"ImageObject","inLanguage":"fr-FR","@id":"https:\/\/www.webdo.tn\/fr\/#\/schema\/logo\/image\/","url":"https:\/\/www.webdo.tn\/fr\/wp-content\/uploads\/2025\/06\/Webdo-Tunisie_168377.jpg","contentUrl":"https:\/\/www.webdo.tn\/fr\/wp-content\/uploads\/2025\/06\/Webdo-Tunisie_168377.jpg","width":301,"height":301,"caption":"Webdo"},"image":{"@id":"https:\/\/www.webdo.tn\/fr\/#\/schema\/logo\/image\/"},"sameAs":["https:\/\/www.facebook.com\/webdotn","https:\/\/x.com\/webdo_tn"],"description":"Webdo est un m\u00e9dia num\u00e9rique tunisien fond\u00e9 en 2010, sp\u00e9cialis\u00e9 dans l\u2019actualit\u00e9 nationale et internationale, l\u2019\u00e9conomie, la soci\u00e9t\u00e9 et les analyses politiques. Le site s\u2019adresse \u00e0 un large public francophone et couvre l\u2019information tunisienne en temps r\u00e9el.","email":"redac@webdo.tn","legalName":"YNJ SARL","foundingDate":"2010-09-06","numberOfEmployees":{"@type":"QuantitativeValue","minValue":"11","maxValue":"50"}},{"@type":"Person","@id":"https:\/\/www.webdo.tn\/fr\/#\/schema\/person\/c652cd8fc2b1b44412b5ffb48c5a911d","name":"Mohamed Hedi Touati","image":{"@type":"ImageObject","inLanguage":"fr-FR","@id":"https:\/\/secure.gravatar.com\/avatar\/9cfd402c745b7a685f13eed0ea6e59d2144a3c2fc50a3db6fd5ed451f6cddf1a?s=96&d=mm&r=g","url":"https:\/\/secure.gravatar.com\/avatar\/9cfd402c745b7a685f13eed0ea6e59d2144a3c2fc50a3db6fd5ed451f6cddf1a?s=96&d=mm&r=g","contentUrl":"https:\/\/secure.gravatar.com\/avatar\/9cfd402c745b7a685f13eed0ea6e59d2144a3c2fc50a3db6fd5ed451f6cddf1a?s=96&d=mm&r=g","caption":"Mohamed Hedi Touati"},"url":"https:\/\/www.webdo.tn\/fr\/actualite\/author\/mohamed-hedi-touati\/"}]}},"_links":{"self":[{"href":"https:\/\/www.webdo.tn\/fr\/wp-json\/wp\/v2\/posts\/380448","targetHints":{"allow":["GET"]}}],"collection":[{"href":"https:\/\/www.webdo.tn\/fr\/wp-json\/wp\/v2\/posts"}],"about":[{"href":"https:\/\/www.webdo.tn\/fr\/wp-json\/wp\/v2\/types\/post"}],"author":[{"embeddable":true,"href":"https:\/\/www.webdo.tn\/fr\/wp-json\/wp\/v2\/users\/3191"}],"replies":[{"embeddable":true,"href":"https:\/\/www.webdo.tn\/fr\/wp-json\/wp\/v2\/comments?post=380448"}],"version-history":[{"count":0,"href":"https:\/\/www.webdo.tn\/fr\/wp-json\/wp\/v2\/posts\/380448\/revisions"}],"wp:featuredmedia":[{"embeddable":true,"href":"https:\/\/www.webdo.tn\/fr\/wp-json\/wp\/v2\/media\/380449"}],"wp:attachment":[{"href":"https:\/\/www.webdo.tn\/fr\/wp-json\/wp\/v2\/media?parent=380448"}],"wp:term":[{"taxonomy":"category","embeddable":true,"href":"https:\/\/www.webdo.tn\/fr\/wp-json\/wp\/v2\/categories?post=380448"},{"taxonomy":"post_tag","embeddable":true,"href":"https:\/\/www.webdo.tn\/fr\/wp-json\/wp\/v2\/tags?post=380448"}],"curies":[{"name":"wp","href":"https:\/\/api.w.org\/{rel}","templated":true}]}}