{"id":380446,"date":"2025-07-28T10:58:43","date_gmt":"2025-07-28T09:58:43","guid":{"rendered":"https:\/\/www.webdo.tn\/fr\/?p=380446"},"modified":"2025-07-28T11:08:46","modified_gmt":"2025-07-28T10:08:46","slug":"pourquoi-les-retraites-italiens-quittent-le-portugal-pour-hammamet","status":"publish","type":"post","link":"https:\/\/www.webdo.tn\/fr\/actualite\/national\/pourquoi-les-retraites-italiens-quittent-le-portugal-pour-hammamet\/380446\/","title":{"rendered":"Pourquoi les retrait\u00e9s italiens quittent le Portugal pour Hammamet"},"content":{"rendered":"\n<p><strong>Face \u00e0 la fin du r\u00e9gime portugais et \u00e0 la hausse du co\u00fbt de la vie, Hammamet s\u00e9duit une nouvelle g\u00e9n\u00e9ration de retrait\u00e9s italiens autonomes et bien dot\u00e9s.<\/strong><\/p>\n\n\n\n<p>Ils sont discrets, mais bien l\u00e0. Plus d\u2019un millier de retrait\u00e9s italiens ont choisi, entre 2019 et 2023, de <strong>transf\u00e9rer leur r\u00e9sidence fiscale en Tunisie<\/strong>, selon un rapport de l\u2019INPS publi\u00e9 hier par <em><a href=\"https:\/\/www.corriere.it\/economia\/pensioni\/25_luglio_26\/aumentano-i-pensionati-all-estero-soprattutto-maschi-dalla-spagna-alla-tunisia-cosa-cercano-e-dove-7001f5ae-e6c9-4365-a040-d17e6c166xlk.shtml?refresh_ce\" target=\"_blank\" rel=\"noreferrer noopener\">Corriere della Sera<\/a><\/em>. Une migration silencieuse, mais r\u00e9v\u00e9latrice, dans un paysage post-retraite europ\u00e9en en recomposition.<\/p>\n\n\n\n<p>Le profil de ces migrants de l\u2019\u00e2ge m\u00fbr a chang\u00e9 : plus jeunes, majoritairement des hommes (61 % en 2023), anciens fonctionnaires ou cadres, ils partent non plus pour des raisons familiales ou historiques, mais <strong>par arbitrage \u00e9conomique et climatique<\/strong>. La Tunisie, et plus particuli\u00e8rement Hammamet, coche plusieurs cases : <strong>co\u00fbt de la vie mod\u00e9r\u00e9, climat stable, proximit\u00e9 g\u00e9ographique et fiscalit\u00e9 avantageuse<\/strong>.<\/p>\n\n\n\n<p>Depuis la suppression du r\u00e9gime portugais en 2024, la Tunisie a gagn\u00e9 en attractivit\u00e9. \u00c0 Hammamet, <strong>pr\u00e8s de 4 000 retrait\u00e9s italiens<\/strong> vivraient d\u00e9sormais \u00e0 l\u2019ann\u00e9e, selon des estimations crois\u00e9es, repr\u00e9sentant une part non n\u00e9gligeable des quelque 6 000 Italiens pr\u00e9sents dans la ville.<\/p>\n\n\n\n<p>L\u2019impact est visible mais mesur\u00e9. Pas de \u201cLittle Italy\u201d ferm\u00e9e sur elle-m\u00eame : les retrait\u00e9s italiens s\u2019int\u00e8grent, r\u00e9novent des maisons anciennes, fr\u00e9quentent m\u00e9decins priv\u00e9s, commerces de proximit\u00e9, ou clubs bilingues. La fiscalit\u00e9 tunisienne, quant \u00e0 elle, reste avantageuse : <strong>80 % des pensions exon\u00e9r\u00e9es<\/strong>, imposition effective pouvant descendre \u00e0 <strong>5 %<\/strong> dans certains cas.<\/p>\n\n\n\n<p>Pour la Tunisie, cette pr\u00e9sence est source de <strong>devises stables<\/strong>, dans un contexte o\u00f9 l\u2019euro reste pr\u00e9cieux. Mais le pays ne semble pas encore structurer de politique claire d\u2019accueil. Contrairement au Maroc, aucune agence nationale ne supervise ce flux, ni n\u2019anticipe ses effets secondaires sur le logement ou les services de sant\u00e9.<\/p>\n\n\n\n<p>Si Hammamet n\u2019est pas (encore) la nouvelle capitale des retrait\u00e9s europ\u00e9ens, elle en incarne les pr\u00e9mices. <strong>Une g\u00e9ographie douce du vieillissement<\/strong>, port\u00e9e par des choix individuels, des ajustements fiscaux, et une mer qui reste \u00e0 port\u00e9e de regard.<\/p>\n\n\n\n<p><strong>A lire aussi:<\/strong> <a href=\"https:\/\/www.webdo.tn\/fr\/actualite\/national\/les-retraites-italiens-a-hammamet-un-exil-fiscal-devenu-realite\/378475\/\">Les retrait\u00e9s italiens \u00e0 Hammamet : Un exil fiscal devenu r\u00e9alit\u00e9<\/a><\/p>\n","protected":false},"excerpt":{"rendered":"<p>Face \u00e0 la fin du r\u00e9gime portugais et \u00e0 la hausse du co\u00fbt de la vie, Hammamet s\u00e9duit une nouvelle g\u00e9n\u00e9ration de retrait\u00e9s italiens autonomes et bien dot\u00e9s. Ils sont discrets, mais bien l\u00e0. Plus d\u2019un millier de retrait\u00e9s italiens ont choisi, entre 2019 et 2023, de transf\u00e9rer leur r\u00e9sidence fiscale en Tunisie, selon un [&hellip;]<\/p>\n","protected":false},"author":4779,"featured_media":380457,"comment_status":"open","ping_status":"open","sticky":false,"template":"","format":"standard","meta":{"footnotes":""},"categories":[44],"tags":[3607,2660,6245,2608],"class_list":["post-380446","post","type-post","status-publish","format-standard","has-post-thumbnail","hentry","category-national","tag-hammamet","tag-italie","tag-retraite","tag-tunisie"],"yoast_head":"<!-- This site is optimized with the Yoast SEO Premium plugin v27.4 (Yoast SEO v27.5) - https:\/\/yoast.com\/product\/yoast-seo-premium-wordpress\/ -->\n<title>Pourquoi les retrait\u00e9s italiens quittent le Portugal pour Hammamet - webdo<\/title>\n<meta name=\"description\" content=\"D\u00e9couvrez pourquoi de nombreux retrait\u00e9s italiens choisissent Hammamet : co\u00fbt de la vie mod\u00e9r\u00e9 et climat agr\u00e9able les attirent.\" \/>\n<link rel=\"canonical\" href=\"https:\/\/www.webdo.tn\/fr\/actualite\/national\/pourquoi-les-retraites-italiens-quittent-le-portugal-pour-hammamet\/380446\/\" \/>\n<meta property=\"og:locale\" content=\"fr_FR\" \/>\n<meta property=\"og:type\" content=\"article\" \/>\n<meta property=\"og:title\" content=\"Pourquoi les retrait\u00e9s italiens quittent le Portugal pour Hammamet\" \/>\n<meta property=\"og:description\" content=\"D\u00e9couvrez pourquoi de nombreux retrait\u00e9s italiens choisissent Hammamet : co\u00fbt de la vie mod\u00e9r\u00e9 et climat agr\u00e9able les attirent.\" \/>\n<meta property=\"og:url\" content=\"https:\/\/www.webdo.tn\/fr\/actualite\/national\/pourquoi-les-retraites-italiens-quittent-le-portugal-pour-hammamet\/380446\/\" \/>\n<meta property=\"og:site_name\" content=\"webdo\" \/>\n<meta property=\"article:publisher\" content=\"https:\/\/www.facebook.com\/webdotn\" \/>\n<meta property=\"article:published_time\" content=\"2025-07-28T09:58:43+00:00\" \/>\n<meta property=\"article:modified_time\" content=\"2025-07-28T10:08:46+00:00\" \/>\n<meta property=\"og:image\" content=\"https:\/\/www.webdo.tn\/fr\/wp-content\/uploads\/2025\/07\/retraites.jpg\" \/>\n\t<meta property=\"og:image:width\" content=\"960\" \/>\n\t<meta property=\"og:image:height\" content=\"540\" \/>\n\t<meta property=\"og:image:type\" content=\"image\/jpeg\" \/>\n<meta name=\"author\" content=\"Firas Ben Abdeltif\" \/>\n<meta name=\"twitter:card\" content=\"summary_large_image\" \/>\n<meta name=\"twitter:creator\" content=\"@webdo_tn\" \/>\n<meta name=\"twitter:site\" content=\"@webdo_tn\" \/>\n<meta name=\"twitter:label1\" content=\"\u00c9crit par\" \/>\n\t<meta name=\"twitter:data1\" content=\"Firas Ben Abdeltif\" \/>\n\t<meta name=\"twitter:label2\" content=\"Dur\u00e9e de lecture estim\u00e9e\" \/>\n\t<meta name=\"twitter:data2\" content=\"2 minutes\" \/>\n<script type=\"application\/ld+json\" class=\"yoast-schema-graph\">{\"@context\":\"https:\\\/\\\/schema.org\",\"@graph\":[{\"@type\":\"NewsArticle\",\"@id\":\"https:\\\/\\\/www.webdo.tn\\\/fr\\\/actualite\\\/national\\\/pourquoi-les-retraites-italiens-quittent-le-portugal-pour-hammamet\\\/380446\\\/#article\",\"isPartOf\":{\"@id\":\"https:\\\/\\\/www.webdo.tn\\\/fr\\\/actualite\\\/national\\\/pourquoi-les-retraites-italiens-quittent-le-portugal-pour-hammamet\\\/380446\\\/\"},\"author\":{\"name\":\"Firas Ben Abdeltif\",\"@id\":\"https:\\\/\\\/www.webdo.tn\\\/fr\\\/#\\\/schema\\\/person\\\/19664196c9bfdcda126f3c27709f7d11\"},\"headline\":\"Pourquoi les retrait\u00e9s italiens quittent le Portugal pour Hammamet\",\"datePublished\":\"2025-07-28T09:58:43+00:00\",\"dateModified\":\"2025-07-28T10:08:46+00:00\",\"mainEntityOfPage\":{\"@id\":\"https:\\\/\\\/www.webdo.tn\\\/fr\\\/actualite\\\/national\\\/pourquoi-les-retraites-italiens-quittent-le-portugal-pour-hammamet\\\/380446\\\/\"},\"wordCount\":380,\"commentCount\":0,\"publisher\":{\"@id\":\"https:\\\/\\\/www.webdo.tn\\\/fr\\\/#organization\"},\"image\":{\"@id\":\"https:\\\/\\\/www.webdo.tn\\\/fr\\\/actualite\\\/national\\\/pourquoi-les-retraites-italiens-quittent-le-portugal-pour-hammamet\\\/380446\\\/#primaryimage\"},\"thumbnailUrl\":\"https:\\\/\\\/www.webdo.tn\\\/fr\\\/wp-content\\\/uploads\\\/2025\\\/07\\\/retraites.jpg\",\"keywords\":[\"hammamet\",\"Italie\",\"retraite\",\"Tunisie\"],\"articleSection\":[\"National\"],\"inLanguage\":\"fr-FR\"},{\"@type\":\"WebPage\",\"@id\":\"https:\\\/\\\/www.webdo.tn\\\/fr\\\/actualite\\\/national\\\/pourquoi-les-retraites-italiens-quittent-le-portugal-pour-hammamet\\\/380446\\\/\",\"url\":\"https:\\\/\\\/www.webdo.tn\\\/fr\\\/actualite\\\/national\\\/pourquoi-les-retraites-italiens-quittent-le-portugal-pour-hammamet\\\/380446\\\/\",\"name\":\"Pourquoi les retrait\u00e9s italiens quittent le Portugal pour Hammamet - webdo\",\"isPartOf\":{\"@id\":\"https:\\\/\\\/www.webdo.tn\\\/fr\\\/#website\"},\"primaryImageOfPage\":{\"@id\":\"https:\\\/\\\/www.webdo.tn\\\/fr\\\/actualite\\\/national\\\/pourquoi-les-retraites-italiens-quittent-le-portugal-pour-hammamet\\\/380446\\\/#primaryimage\"},\"image\":{\"@id\":\"https:\\\/\\\/www.webdo.tn\\\/fr\\\/actualite\\\/national\\\/pourquoi-les-retraites-italiens-quittent-le-portugal-pour-hammamet\\\/380446\\\/#primaryimage\"},\"thumbnailUrl\":\"https:\\\/\\\/www.webdo.tn\\\/fr\\\/wp-content\\\/uploads\\\/2025\\\/07\\\/retraites.jpg\",\"datePublished\":\"2025-07-28T09:58:43+00:00\",\"dateModified\":\"2025-07-28T10:08:46+00:00\",\"description\":\"D\u00e9couvrez pourquoi de nombreux retrait\u00e9s italiens choisissent Hammamet : co\u00fbt de la vie mod\u00e9r\u00e9 et climat agr\u00e9able les attirent.\",\"breadcrumb\":{\"@id\":\"https:\\\/\\\/www.webdo.tn\\\/fr\\\/actualite\\\/national\\\/pourquoi-les-retraites-italiens-quittent-le-portugal-pour-hammamet\\\/380446\\\/#breadcrumb\"},\"inLanguage\":\"fr-FR\",\"potentialAction\":[{\"@type\":\"ReadAction\",\"target\":[\"https:\\\/\\\/www.webdo.tn\\\/fr\\\/actualite\\\/national\\\/pourquoi-les-retraites-italiens-quittent-le-portugal-pour-hammamet\\\/380446\\\/\"]}]},{\"@type\":\"ImageObject\",\"inLanguage\":\"fr-FR\",\"@id\":\"https:\\\/\\\/www.webdo.tn\\\/fr\\\/actualite\\\/national\\\/pourquoi-les-retraites-italiens-quittent-le-portugal-pour-hammamet\\\/380446\\\/#primaryimage\",\"url\":\"https:\\\/\\\/www.webdo.tn\\\/fr\\\/wp-content\\\/uploads\\\/2025\\\/07\\\/retraites.jpg\",\"contentUrl\":\"https:\\\/\\\/www.webdo.tn\\\/fr\\\/wp-content\\\/uploads\\\/2025\\\/07\\\/retraites.jpg\",\"width\":960,\"height\":540},{\"@type\":\"BreadcrumbList\",\"@id\":\"https:\\\/\\\/www.webdo.tn\\\/fr\\\/actualite\\\/national\\\/pourquoi-les-retraites-italiens-quittent-le-portugal-pour-hammamet\\\/380446\\\/#breadcrumb\",\"itemListElement\":[{\"@type\":\"ListItem\",\"position\":1,\"name\":\"Accueil\",\"item\":\"https:\\\/\\\/www.webdo.tn\\\/fr\\\/\"},{\"@type\":\"ListItem\",\"position\":2,\"name\":\"Pourquoi les retrait\u00e9s italiens quittent le Portugal pour Hammamet\"}]},{\"@type\":\"WebSite\",\"@id\":\"https:\\\/\\\/www.webdo.tn\\\/fr\\\/#website\",\"url\":\"https:\\\/\\\/www.webdo.tn\\\/fr\\\/\",\"name\":\"webdo\",\"description\":\"Tunisie - News en Tunisie et \u00e0 l&#039;international sur Webdo.tn\",\"publisher\":{\"@id\":\"https:\\\/\\\/www.webdo.tn\\\/fr\\\/#organization\"},\"potentialAction\":[{\"@type\":\"SearchAction\",\"target\":{\"@type\":\"EntryPoint\",\"urlTemplate\":\"https:\\\/\\\/www.webdo.tn\\\/fr\\\/?s={search_term_string}\"},\"query-input\":{\"@type\":\"PropertyValueSpecification\",\"valueRequired\":true,\"valueName\":\"search_term_string\"}}],\"inLanguage\":\"fr-FR\"},{\"@type\":\"Organization\",\"@id\":\"https:\\\/\\\/www.webdo.tn\\\/fr\\\/#organization\",\"name\":\"Webdo\",\"alternateName\":\"Webdo.tn\",\"url\":\"https:\\\/\\\/www.webdo.tn\\\/fr\\\/\",\"logo\":{\"@type\":\"ImageObject\",\"inLanguage\":\"fr-FR\",\"@id\":\"https:\\\/\\\/www.webdo.tn\\\/fr\\\/#\\\/schema\\\/logo\\\/image\\\/\",\"url\":\"https:\\\/\\\/www.webdo.tn\\\/fr\\\/wp-content\\\/uploads\\\/2025\\\/06\\\/Webdo-Tunisie_168377.jpg\",\"contentUrl\":\"https:\\\/\\\/www.webdo.tn\\\/fr\\\/wp-content\\\/uploads\\\/2025\\\/06\\\/Webdo-Tunisie_168377.jpg\",\"width\":301,\"height\":301,\"caption\":\"Webdo\"},\"image\":{\"@id\":\"https:\\\/\\\/www.webdo.tn\\\/fr\\\/#\\\/schema\\\/logo\\\/image\\\/\"},\"sameAs\":[\"https:\\\/\\\/www.facebook.com\\\/webdotn\",\"https:\\\/\\\/x.com\\\/webdo_tn\"],\"description\":\"Webdo est un m\u00e9dia num\u00e9rique tunisien fond\u00e9 en 2010, sp\u00e9cialis\u00e9 dans l\u2019actualit\u00e9 nationale et internationale, l\u2019\u00e9conomie, la soci\u00e9t\u00e9 et les analyses politiques. Le site s\u2019adresse \u00e0 un large public francophone et couvre l\u2019information tunisienne en temps r\u00e9el.\",\"email\":\"redac@webdo.tn\",\"legalName\":\"YNJ SARL\",\"foundingDate\":\"2010-09-06\",\"numberOfEmployees\":{\"@type\":\"QuantitativeValue\",\"minValue\":\"11\",\"maxValue\":\"50\"}},{\"@type\":\"Person\",\"@id\":\"https:\\\/\\\/www.webdo.tn\\\/fr\\\/#\\\/schema\\\/person\\\/19664196c9bfdcda126f3c27709f7d11\",\"name\":\"Firas Ben Abdeltif\",\"image\":{\"@type\":\"ImageObject\",\"inLanguage\":\"fr-FR\",\"@id\":\"https:\\\/\\\/secure.gravatar.com\\\/avatar\\\/161a347d40df098a084778c52ed133dbd85f14df003867067c5948081241ec55?s=96&d=mm&r=g\",\"url\":\"https:\\\/\\\/secure.gravatar.com\\\/avatar\\\/161a347d40df098a084778c52ed133dbd85f14df003867067c5948081241ec55?s=96&d=mm&r=g\",\"contentUrl\":\"https:\\\/\\\/secure.gravatar.com\\\/avatar\\\/161a347d40df098a084778c52ed133dbd85f14df003867067c5948081241ec55?s=96&d=mm&r=g\",\"caption\":\"Firas Ben Abdeltif\"},\"url\":\"https:\\\/\\\/www.webdo.tn\\\/fr\\\/actualite\\\/author\\\/firas-ben-abdeltif\\\/\"}]}<\/script>\n<!-- \/ Yoast SEO Premium plugin. -->","yoast_head_json":{"title":"Pourquoi les retrait\u00e9s italiens quittent le Portugal pour Hammamet - webdo","description":"D\u00e9couvrez pourquoi de nombreux retrait\u00e9s italiens choisissent Hammamet : co\u00fbt de la vie mod\u00e9r\u00e9 et climat agr\u00e9able les attirent.","canonical":"https:\/\/www.webdo.tn\/fr\/actualite\/national\/pourquoi-les-retraites-italiens-quittent-le-portugal-pour-hammamet\/380446\/","og_locale":"fr_FR","og_type":"article","og_title":"Pourquoi les retrait\u00e9s italiens quittent le Portugal pour Hammamet","og_description":"D\u00e9couvrez pourquoi de nombreux retrait\u00e9s italiens choisissent Hammamet : co\u00fbt de la vie mod\u00e9r\u00e9 et climat agr\u00e9able les attirent.","og_url":"https:\/\/www.webdo.tn\/fr\/actualite\/national\/pourquoi-les-retraites-italiens-quittent-le-portugal-pour-hammamet\/380446\/","og_site_name":"webdo","article_publisher":"https:\/\/www.facebook.com\/webdotn","article_published_time":"2025-07-28T09:58:43+00:00","article_modified_time":"2025-07-28T10:08:46+00:00","og_image":[{"width":960,"height":540,"url":"https:\/\/www.webdo.tn\/fr\/wp-content\/uploads\/2025\/07\/retraites.jpg","type":"image\/jpeg"}],"author":"Firas Ben Abdeltif","twitter_card":"summary_large_image","twitter_creator":"@webdo_tn","twitter_site":"@webdo_tn","twitter_misc":{"\u00c9crit par":"Firas Ben Abdeltif","Dur\u00e9e de lecture estim\u00e9e":"2 minutes"},"schema":{"@context":"https:\/\/schema.org","@graph":[{"@type":"NewsArticle","@id":"https:\/\/www.webdo.tn\/fr\/actualite\/national\/pourquoi-les-retraites-italiens-quittent-le-portugal-pour-hammamet\/380446\/#article","isPartOf":{"@id":"https:\/\/www.webdo.tn\/fr\/actualite\/national\/pourquoi-les-retraites-italiens-quittent-le-portugal-pour-hammamet\/380446\/"},"author":{"name":"Firas Ben Abdeltif","@id":"https:\/\/www.webdo.tn\/fr\/#\/schema\/person\/19664196c9bfdcda126f3c27709f7d11"},"headline":"Pourquoi les retrait\u00e9s italiens quittent le Portugal pour Hammamet","datePublished":"2025-07-28T09:58:43+00:00","dateModified":"2025-07-28T10:08:46+00:00","mainEntityOfPage":{"@id":"https:\/\/www.webdo.tn\/fr\/actualite\/national\/pourquoi-les-retraites-italiens-quittent-le-portugal-pour-hammamet\/380446\/"},"wordCount":380,"commentCount":0,"publisher":{"@id":"https:\/\/www.webdo.tn\/fr\/#organization"},"image":{"@id":"https:\/\/www.webdo.tn\/fr\/actualite\/national\/pourquoi-les-retraites-italiens-quittent-le-portugal-pour-hammamet\/380446\/#primaryimage"},"thumbnailUrl":"https:\/\/www.webdo.tn\/fr\/wp-content\/uploads\/2025\/07\/retraites.jpg","keywords":["hammamet","Italie","retraite","Tunisie"],"articleSection":["National"],"inLanguage":"fr-FR"},{"@type":"WebPage","@id":"https:\/\/www.webdo.tn\/fr\/actualite\/national\/pourquoi-les-retraites-italiens-quittent-le-portugal-pour-hammamet\/380446\/","url":"https:\/\/www.webdo.tn\/fr\/actualite\/national\/pourquoi-les-retraites-italiens-quittent-le-portugal-pour-hammamet\/380446\/","name":"Pourquoi les retrait\u00e9s italiens quittent le Portugal pour Hammamet - webdo","isPartOf":{"@id":"https:\/\/www.webdo.tn\/fr\/#website"},"primaryImageOfPage":{"@id":"https:\/\/www.webdo.tn\/fr\/actualite\/national\/pourquoi-les-retraites-italiens-quittent-le-portugal-pour-hammamet\/380446\/#primaryimage"},"image":{"@id":"https:\/\/www.webdo.tn\/fr\/actualite\/national\/pourquoi-les-retraites-italiens-quittent-le-portugal-pour-hammamet\/380446\/#primaryimage"},"thumbnailUrl":"https:\/\/www.webdo.tn\/fr\/wp-content\/uploads\/2025\/07\/retraites.jpg","datePublished":"2025-07-28T09:58:43+00:00","dateModified":"2025-07-28T10:08:46+00:00","description":"D\u00e9couvrez pourquoi de nombreux retrait\u00e9s italiens choisissent Hammamet : co\u00fbt de la vie mod\u00e9r\u00e9 et climat agr\u00e9able les attirent.","breadcrumb":{"@id":"https:\/\/www.webdo.tn\/fr\/actualite\/national\/pourquoi-les-retraites-italiens-quittent-le-portugal-pour-hammamet\/380446\/#breadcrumb"},"inLanguage":"fr-FR","potentialAction":[{"@type":"ReadAction","target":["https:\/\/www.webdo.tn\/fr\/actualite\/national\/pourquoi-les-retraites-italiens-quittent-le-portugal-pour-hammamet\/380446\/"]}]},{"@type":"ImageObject","inLanguage":"fr-FR","@id":"https:\/\/www.webdo.tn\/fr\/actualite\/national\/pourquoi-les-retraites-italiens-quittent-le-portugal-pour-hammamet\/380446\/#primaryimage","url":"https:\/\/www.webdo.tn\/fr\/wp-content\/uploads\/2025\/07\/retraites.jpg","contentUrl":"https:\/\/www.webdo.tn\/fr\/wp-content\/uploads\/2025\/07\/retraites.jpg","width":960,"height":540},{"@type":"BreadcrumbList","@id":"https:\/\/www.webdo.tn\/fr\/actualite\/national\/pourquoi-les-retraites-italiens-quittent-le-portugal-pour-hammamet\/380446\/#breadcrumb","itemListElement":[{"@type":"ListItem","position":1,"name":"Accueil","item":"https:\/\/www.webdo.tn\/fr\/"},{"@type":"ListItem","position":2,"name":"Pourquoi les retrait\u00e9s italiens quittent le Portugal pour Hammamet"}]},{"@type":"WebSite","@id":"https:\/\/www.webdo.tn\/fr\/#website","url":"https:\/\/www.webdo.tn\/fr\/","name":"webdo","description":"Tunisie - News en Tunisie et \u00e0 l&#039;international sur Webdo.tn","publisher":{"@id":"https:\/\/www.webdo.tn\/fr\/#organization"},"potentialAction":[{"@type":"SearchAction","target":{"@type":"EntryPoint","urlTemplate":"https:\/\/www.webdo.tn\/fr\/?s={search_term_string}"},"query-input":{"@type":"PropertyValueSpecification","valueRequired":true,"valueName":"search_term_string"}}],"inLanguage":"fr-FR"},{"@type":"Organization","@id":"https:\/\/www.webdo.tn\/fr\/#organization","name":"Webdo","alternateName":"Webdo.tn","url":"https:\/\/www.webdo.tn\/fr\/","logo":{"@type":"ImageObject","inLanguage":"fr-FR","@id":"https:\/\/www.webdo.tn\/fr\/#\/schema\/logo\/image\/","url":"https:\/\/www.webdo.tn\/fr\/wp-content\/uploads\/2025\/06\/Webdo-Tunisie_168377.jpg","contentUrl":"https:\/\/www.webdo.tn\/fr\/wp-content\/uploads\/2025\/06\/Webdo-Tunisie_168377.jpg","width":301,"height":301,"caption":"Webdo"},"image":{"@id":"https:\/\/www.webdo.tn\/fr\/#\/schema\/logo\/image\/"},"sameAs":["https:\/\/www.facebook.com\/webdotn","https:\/\/x.com\/webdo_tn"],"description":"Webdo est un m\u00e9dia num\u00e9rique tunisien fond\u00e9 en 2010, sp\u00e9cialis\u00e9 dans l\u2019actualit\u00e9 nationale et internationale, l\u2019\u00e9conomie, la soci\u00e9t\u00e9 et les analyses politiques. Le site s\u2019adresse \u00e0 un large public francophone et couvre l\u2019information tunisienne en temps r\u00e9el.","email":"redac@webdo.tn","legalName":"YNJ SARL","foundingDate":"2010-09-06","numberOfEmployees":{"@type":"QuantitativeValue","minValue":"11","maxValue":"50"}},{"@type":"Person","@id":"https:\/\/www.webdo.tn\/fr\/#\/schema\/person\/19664196c9bfdcda126f3c27709f7d11","name":"Firas Ben Abdeltif","image":{"@type":"ImageObject","inLanguage":"fr-FR","@id":"https:\/\/secure.gravatar.com\/avatar\/161a347d40df098a084778c52ed133dbd85f14df003867067c5948081241ec55?s=96&d=mm&r=g","url":"https:\/\/secure.gravatar.com\/avatar\/161a347d40df098a084778c52ed133dbd85f14df003867067c5948081241ec55?s=96&d=mm&r=g","contentUrl":"https:\/\/secure.gravatar.com\/avatar\/161a347d40df098a084778c52ed133dbd85f14df003867067c5948081241ec55?s=96&d=mm&r=g","caption":"Firas Ben Abdeltif"},"url":"https:\/\/www.webdo.tn\/fr\/actualite\/author\/firas-ben-abdeltif\/"}]}},"_links":{"self":[{"href":"https:\/\/www.webdo.tn\/fr\/wp-json\/wp\/v2\/posts\/380446","targetHints":{"allow":["GET"]}}],"collection":[{"href":"https:\/\/www.webdo.tn\/fr\/wp-json\/wp\/v2\/posts"}],"about":[{"href":"https:\/\/www.webdo.tn\/fr\/wp-json\/wp\/v2\/types\/post"}],"author":[{"embeddable":true,"href":"https:\/\/www.webdo.tn\/fr\/wp-json\/wp\/v2\/users\/4779"}],"replies":[{"embeddable":true,"href":"https:\/\/www.webdo.tn\/fr\/wp-json\/wp\/v2\/comments?post=380446"}],"version-history":[{"count":0,"href":"https:\/\/www.webdo.tn\/fr\/wp-json\/wp\/v2\/posts\/380446\/revisions"}],"wp:featuredmedia":[{"embeddable":true,"href":"https:\/\/www.webdo.tn\/fr\/wp-json\/wp\/v2\/media\/380457"}],"wp:attachment":[{"href":"https:\/\/www.webdo.tn\/fr\/wp-json\/wp\/v2\/media?parent=380446"}],"wp:term":[{"taxonomy":"category","embeddable":true,"href":"https:\/\/www.webdo.tn\/fr\/wp-json\/wp\/v2\/categories?post=380446"},{"taxonomy":"post_tag","embeddable":true,"href":"https:\/\/www.webdo.tn\/fr\/wp-json\/wp\/v2\/tags?post=380446"}],"curies":[{"name":"wp","href":"https:\/\/api.w.org\/{rel}","templated":true}]}}