{"id":380430,"date":"2025-07-28T08:57:23","date_gmt":"2025-07-28T07:57:23","guid":{"rendered":"https:\/\/www.webdo.tn\/fr\/?p=380430"},"modified":"2025-07-28T08:57:24","modified_gmt":"2025-07-28T07:57:24","slug":"tunisie-meteo-chaleur-en-progression-et-vents-forts-sur-les-cotes","status":"publish","type":"post","link":"https:\/\/www.webdo.tn\/fr\/actualite\/national\/tunisie-meteo-chaleur-en-progression-et-vents-forts-sur-les-cotes\/380430\/","title":{"rendered":"Tunisie &#8211; M\u00e9t\u00e9o : Chaleur en progression et vents forts sur les c\u00f4tes"},"content":{"rendered":"\n<p>Le temps sera globalement clair \u00e0 peu nuageux sur l\u2019ensemble du pays, selon les pr\u00e9visions de l\u2019Institut National de la M\u00e9t\u00e9orologie. Le vent soufflera du nord-ouest sur le Centre et le Sud, et de l\u2019est sur le reste du pays.<\/p>\n\n\n\n<p>Il sera particuli\u00e8rement fort pr\u00e8s des c\u00f4tes, avec des rafales d\u00e9passant localement les 60 km\/h. \u00c0 l\u2019int\u00e9rieur du pays, il restera faible \u00e0 mod\u00e9r\u00e9 dans la journ\u00e9e, avant de se renforcer en soir\u00e9e, notamment sur les hauteurs et dans les r\u00e9gions du Sud.<\/p>\n\n\n\n<p>La mer sera tr\u00e8s agit\u00e9e, voire houleuse par endroits dans le Nord, agit\u00e9e ailleurs, et moutonneuse dans le Golfe de Gab\u00e8s.<\/p>\n\n\n\n<p>C\u00f4t\u00e9 temp\u00e9ratures, elles seront en hausse. Les maximales varieront entre 30 et 35\u00b0C sur les hauteurs, le Sud et les zones c\u00f4ti\u00e8res, et atteindront entre 36 et 39\u00b0C dans les autres r\u00e9gions.<\/p>\n\n\n\n<p><\/p>\n\n\n\n<iframe src=\"https:\/\/www.facebook.com\/plugins\/post.php?href=https%3A%2F%2Fwww.facebook.com%2FInstitut.National.Meteorologie%2Fposts%2Fpfbid02Y9W1xCYtQrXSp6DvRyYVGh9VJ1XSWiLdPyqmHSLQXWC5sMc7AfSyQevq7ZxzuRRbl&#038;show_text=true&#038;width=500\" width=\"500\" height=\"408\" style=\"border:none;overflow:hidden\" scrolling=\"no\" frameborder=\"0\" allowfullscreen=\"true\" allow=\"autoplay; clipboard-write; encrypted-media; picture-in-picture; web-share\"><\/iframe>\n","protected":false},"excerpt":{"rendered":"<p>Le temps sera globalement clair \u00e0 peu nuageux sur l\u2019ensemble du pays, selon les pr\u00e9visions de l\u2019Institut National de la M\u00e9t\u00e9orologie. Le vent soufflera du nord-ouest sur le Centre et le Sud, et de l\u2019est sur le reste du pays. Il sera particuli\u00e8rement fort pr\u00e8s des c\u00f4tes, avec des rafales d\u00e9passant localement les 60 km\/h. [&hellip;]<\/p>\n","protected":false},"author":3191,"featured_media":366131,"comment_status":"open","ping_status":"open","sticky":false,"template":"","format":"standard","meta":{"footnotes":""},"categories":[44],"tags":[3319,2670,2608,3363],"class_list":["post-380430","post","type-post","status-publish","format-standard","has-post-thumbnail","hentry","category-national","tag-chaleur","tag-meteo","tag-tunisie","tag-vent"],"yoast_head":"<!-- This site is optimized with the Yoast SEO Premium plugin v27.4 (Yoast SEO v27.5) - https:\/\/yoast.com\/product\/yoast-seo-premium-wordpress\/ -->\n<title>Tunisie - M\u00e9t\u00e9o : Chaleur en progression et vents forts sur les c\u00f4tes - webdo<\/title>\n<meta name=\"description\" content=\"D\u00e9couvrez la chaleur en progression \u00e0 travers le pays, avec des temp\u00e9ratures atteignant 39\u00b0C dans certaines r\u00e9gions.\" \/>\n<link rel=\"canonical\" href=\"https:\/\/www.webdo.tn\/fr\/actualite\/national\/tunisie-meteo-chaleur-en-progression-et-vents-forts-sur-les-cotes\/380430\/\" \/>\n<meta property=\"og:locale\" content=\"fr_FR\" \/>\n<meta property=\"og:type\" content=\"article\" \/>\n<meta property=\"og:title\" content=\"Tunisie - M\u00e9t\u00e9o : Chaleur en progression et vents forts sur les c\u00f4tes\" \/>\n<meta property=\"og:description\" content=\"D\u00e9couvrez la chaleur en progression \u00e0 travers le pays, avec des temp\u00e9ratures atteignant 39\u00b0C dans certaines r\u00e9gions.\" \/>\n<meta property=\"og:url\" content=\"https:\/\/www.webdo.tn\/fr\/actualite\/national\/tunisie-meteo-chaleur-en-progression-et-vents-forts-sur-les-cotes\/380430\/\" \/>\n<meta property=\"og:site_name\" content=\"webdo\" \/>\n<meta property=\"article:publisher\" content=\"https:\/\/www.facebook.com\/webdotn\" \/>\n<meta property=\"article:published_time\" content=\"2025-07-28T07:57:23+00:00\" \/>\n<meta property=\"article:modified_time\" content=\"2025-07-28T07:57:24+00:00\" \/>\n<meta property=\"og:image\" content=\"https:\/\/www.webdo.tn\/fr\/wp-content\/uploads\/2025\/05\/56dc59f6ee64baa003c8d26f61878712.webp\" \/>\n\t<meta property=\"og:image:width\" content=\"563\" \/>\n\t<meta property=\"og:image:height\" content=\"300\" \/>\n\t<meta property=\"og:image:type\" content=\"image\/webp\" \/>\n<meta name=\"author\" content=\"Mohamed Hedi Touati\" \/>\n<meta name=\"twitter:card\" content=\"summary_large_image\" \/>\n<meta name=\"twitter:creator\" content=\"@webdo_tn\" \/>\n<meta name=\"twitter:site\" content=\"@webdo_tn\" \/>\n<meta name=\"twitter:label1\" content=\"\u00c9crit par\" \/>\n\t<meta name=\"twitter:data1\" content=\"Mohamed Hedi Touati\" \/>\n\t<meta name=\"twitter:label2\" content=\"Dur\u00e9e de lecture estim\u00e9e\" \/>\n\t<meta name=\"twitter:data2\" content=\"1 minute\" \/>\n<script type=\"application\/ld+json\" class=\"yoast-schema-graph\">{\"@context\":\"https:\\\/\\\/schema.org\",\"@graph\":[{\"@type\":\"NewsArticle\",\"@id\":\"https:\\\/\\\/www.webdo.tn\\\/fr\\\/actualite\\\/national\\\/tunisie-meteo-chaleur-en-progression-et-vents-forts-sur-les-cotes\\\/380430\\\/#article\",\"isPartOf\":{\"@id\":\"https:\\\/\\\/www.webdo.tn\\\/fr\\\/actualite\\\/national\\\/tunisie-meteo-chaleur-en-progression-et-vents-forts-sur-les-cotes\\\/380430\\\/\"},\"author\":{\"name\":\"Mohamed Hedi Touati\",\"@id\":\"https:\\\/\\\/www.webdo.tn\\\/fr\\\/#\\\/schema\\\/person\\\/c652cd8fc2b1b44412b5ffb48c5a911d\"},\"headline\":\"Tunisie &#8211; M\u00e9t\u00e9o : Chaleur en progression et vents forts sur les c\u00f4tes\",\"datePublished\":\"2025-07-28T07:57:23+00:00\",\"dateModified\":\"2025-07-28T07:57:24+00:00\",\"mainEntityOfPage\":{\"@id\":\"https:\\\/\\\/www.webdo.tn\\\/fr\\\/actualite\\\/national\\\/tunisie-meteo-chaleur-en-progression-et-vents-forts-sur-les-cotes\\\/380430\\\/\"},\"wordCount\":171,\"commentCount\":0,\"publisher\":{\"@id\":\"https:\\\/\\\/www.webdo.tn\\\/fr\\\/#organization\"},\"image\":{\"@id\":\"https:\\\/\\\/www.webdo.tn\\\/fr\\\/actualite\\\/national\\\/tunisie-meteo-chaleur-en-progression-et-vents-forts-sur-les-cotes\\\/380430\\\/#primaryimage\"},\"thumbnailUrl\":\"https:\\\/\\\/www.webdo.tn\\\/fr\\\/wp-content\\\/uploads\\\/2025\\\/05\\\/56dc59f6ee64baa003c8d26f61878712.webp\",\"keywords\":[\"chaleur\",\"m\u00e9t\u00e9o\",\"Tunisie\",\"Vent\"],\"articleSection\":[\"National\"],\"inLanguage\":\"fr-FR\"},{\"@type\":\"WebPage\",\"@id\":\"https:\\\/\\\/www.webdo.tn\\\/fr\\\/actualite\\\/national\\\/tunisie-meteo-chaleur-en-progression-et-vents-forts-sur-les-cotes\\\/380430\\\/\",\"url\":\"https:\\\/\\\/www.webdo.tn\\\/fr\\\/actualite\\\/national\\\/tunisie-meteo-chaleur-en-progression-et-vents-forts-sur-les-cotes\\\/380430\\\/\",\"name\":\"Tunisie - M\u00e9t\u00e9o : Chaleur en progression et vents forts sur les c\u00f4tes - webdo\",\"isPartOf\":{\"@id\":\"https:\\\/\\\/www.webdo.tn\\\/fr\\\/#website\"},\"primaryImageOfPage\":{\"@id\":\"https:\\\/\\\/www.webdo.tn\\\/fr\\\/actualite\\\/national\\\/tunisie-meteo-chaleur-en-progression-et-vents-forts-sur-les-cotes\\\/380430\\\/#primaryimage\"},\"image\":{\"@id\":\"https:\\\/\\\/www.webdo.tn\\\/fr\\\/actualite\\\/national\\\/tunisie-meteo-chaleur-en-progression-et-vents-forts-sur-les-cotes\\\/380430\\\/#primaryimage\"},\"thumbnailUrl\":\"https:\\\/\\\/www.webdo.tn\\\/fr\\\/wp-content\\\/uploads\\\/2025\\\/05\\\/56dc59f6ee64baa003c8d26f61878712.webp\",\"datePublished\":\"2025-07-28T07:57:23+00:00\",\"dateModified\":\"2025-07-28T07:57:24+00:00\",\"description\":\"D\u00e9couvrez la chaleur en progression \u00e0 travers le pays, avec des temp\u00e9ratures atteignant 39\u00b0C dans certaines r\u00e9gions.\",\"breadcrumb\":{\"@id\":\"https:\\\/\\\/www.webdo.tn\\\/fr\\\/actualite\\\/national\\\/tunisie-meteo-chaleur-en-progression-et-vents-forts-sur-les-cotes\\\/380430\\\/#breadcrumb\"},\"inLanguage\":\"fr-FR\",\"potentialAction\":[{\"@type\":\"ReadAction\",\"target\":[\"https:\\\/\\\/www.webdo.tn\\\/fr\\\/actualite\\\/national\\\/tunisie-meteo-chaleur-en-progression-et-vents-forts-sur-les-cotes\\\/380430\\\/\"]}]},{\"@type\":\"ImageObject\",\"inLanguage\":\"fr-FR\",\"@id\":\"https:\\\/\\\/www.webdo.tn\\\/fr\\\/actualite\\\/national\\\/tunisie-meteo-chaleur-en-progression-et-vents-forts-sur-les-cotes\\\/380430\\\/#primaryimage\",\"url\":\"https:\\\/\\\/www.webdo.tn\\\/fr\\\/wp-content\\\/uploads\\\/2025\\\/05\\\/56dc59f6ee64baa003c8d26f61878712.webp\",\"contentUrl\":\"https:\\\/\\\/www.webdo.tn\\\/fr\\\/wp-content\\\/uploads\\\/2025\\\/05\\\/56dc59f6ee64baa003c8d26f61878712.webp\",\"width\":563,\"height\":300,\"caption\":\"Tunisie - M\u00e9t\u00e9o : Baisse des temp\u00e9ratures et orages attendus\"},{\"@type\":\"BreadcrumbList\",\"@id\":\"https:\\\/\\\/www.webdo.tn\\\/fr\\\/actualite\\\/national\\\/tunisie-meteo-chaleur-en-progression-et-vents-forts-sur-les-cotes\\\/380430\\\/#breadcrumb\",\"itemListElement\":[{\"@type\":\"ListItem\",\"position\":1,\"name\":\"Accueil\",\"item\":\"https:\\\/\\\/www.webdo.tn\\\/fr\\\/\"},{\"@type\":\"ListItem\",\"position\":2,\"name\":\"Tunisie &#8211; M\u00e9t\u00e9o : Chaleur en progression et vents forts sur les c\u00f4tes\"}]},{\"@type\":\"WebSite\",\"@id\":\"https:\\\/\\\/www.webdo.tn\\\/fr\\\/#website\",\"url\":\"https:\\\/\\\/www.webdo.tn\\\/fr\\\/\",\"name\":\"webdo\",\"description\":\"Tunisie - News en Tunisie et \u00e0 l&#039;international sur Webdo.tn\",\"publisher\":{\"@id\":\"https:\\\/\\\/www.webdo.tn\\\/fr\\\/#organization\"},\"potentialAction\":[{\"@type\":\"SearchAction\",\"target\":{\"@type\":\"EntryPoint\",\"urlTemplate\":\"https:\\\/\\\/www.webdo.tn\\\/fr\\\/?s={search_term_string}\"},\"query-input\":{\"@type\":\"PropertyValueSpecification\",\"valueRequired\":true,\"valueName\":\"search_term_string\"}}],\"inLanguage\":\"fr-FR\"},{\"@type\":\"Organization\",\"@id\":\"https:\\\/\\\/www.webdo.tn\\\/fr\\\/#organization\",\"name\":\"Webdo\",\"alternateName\":\"Webdo.tn\",\"url\":\"https:\\\/\\\/www.webdo.tn\\\/fr\\\/\",\"logo\":{\"@type\":\"ImageObject\",\"inLanguage\":\"fr-FR\",\"@id\":\"https:\\\/\\\/www.webdo.tn\\\/fr\\\/#\\\/schema\\\/logo\\\/image\\\/\",\"url\":\"https:\\\/\\\/www.webdo.tn\\\/fr\\\/wp-content\\\/uploads\\\/2025\\\/06\\\/Webdo-Tunisie_168377.jpg\",\"contentUrl\":\"https:\\\/\\\/www.webdo.tn\\\/fr\\\/wp-content\\\/uploads\\\/2025\\\/06\\\/Webdo-Tunisie_168377.jpg\",\"width\":301,\"height\":301,\"caption\":\"Webdo\"},\"image\":{\"@id\":\"https:\\\/\\\/www.webdo.tn\\\/fr\\\/#\\\/schema\\\/logo\\\/image\\\/\"},\"sameAs\":[\"https:\\\/\\\/www.facebook.com\\\/webdotn\",\"https:\\\/\\\/x.com\\\/webdo_tn\"],\"description\":\"Webdo est un m\u00e9dia num\u00e9rique tunisien fond\u00e9 en 2010, sp\u00e9cialis\u00e9 dans l\u2019actualit\u00e9 nationale et internationale, l\u2019\u00e9conomie, la soci\u00e9t\u00e9 et les analyses politiques. Le site s\u2019adresse \u00e0 un large public francophone et couvre l\u2019information tunisienne en temps r\u00e9el.\",\"email\":\"redac@webdo.tn\",\"legalName\":\"YNJ SARL\",\"foundingDate\":\"2010-09-06\",\"numberOfEmployees\":{\"@type\":\"QuantitativeValue\",\"minValue\":\"11\",\"maxValue\":\"50\"}},{\"@type\":\"Person\",\"@id\":\"https:\\\/\\\/www.webdo.tn\\\/fr\\\/#\\\/schema\\\/person\\\/c652cd8fc2b1b44412b5ffb48c5a911d\",\"name\":\"Mohamed Hedi Touati\",\"image\":{\"@type\":\"ImageObject\",\"inLanguage\":\"fr-FR\",\"@id\":\"https:\\\/\\\/secure.gravatar.com\\\/avatar\\\/9cfd402c745b7a685f13eed0ea6e59d2144a3c2fc50a3db6fd5ed451f6cddf1a?s=96&d=mm&r=g\",\"url\":\"https:\\\/\\\/secure.gravatar.com\\\/avatar\\\/9cfd402c745b7a685f13eed0ea6e59d2144a3c2fc50a3db6fd5ed451f6cddf1a?s=96&d=mm&r=g\",\"contentUrl\":\"https:\\\/\\\/secure.gravatar.com\\\/avatar\\\/9cfd402c745b7a685f13eed0ea6e59d2144a3c2fc50a3db6fd5ed451f6cddf1a?s=96&d=mm&r=g\",\"caption\":\"Mohamed Hedi Touati\"},\"url\":\"https:\\\/\\\/www.webdo.tn\\\/fr\\\/actualite\\\/author\\\/mohamed-hedi-touati\\\/\"}]}<\/script>\n<!-- \/ Yoast SEO Premium plugin. -->","yoast_head_json":{"title":"Tunisie - M\u00e9t\u00e9o : Chaleur en progression et vents forts sur les c\u00f4tes - webdo","description":"D\u00e9couvrez la chaleur en progression \u00e0 travers le pays, avec des temp\u00e9ratures atteignant 39\u00b0C dans certaines r\u00e9gions.","canonical":"https:\/\/www.webdo.tn\/fr\/actualite\/national\/tunisie-meteo-chaleur-en-progression-et-vents-forts-sur-les-cotes\/380430\/","og_locale":"fr_FR","og_type":"article","og_title":"Tunisie - M\u00e9t\u00e9o : Chaleur en progression et vents forts sur les c\u00f4tes","og_description":"D\u00e9couvrez la chaleur en progression \u00e0 travers le pays, avec des temp\u00e9ratures atteignant 39\u00b0C dans certaines r\u00e9gions.","og_url":"https:\/\/www.webdo.tn\/fr\/actualite\/national\/tunisie-meteo-chaleur-en-progression-et-vents-forts-sur-les-cotes\/380430\/","og_site_name":"webdo","article_publisher":"https:\/\/www.facebook.com\/webdotn","article_published_time":"2025-07-28T07:57:23+00:00","article_modified_time":"2025-07-28T07:57:24+00:00","og_image":[{"width":563,"height":300,"url":"https:\/\/www.webdo.tn\/fr\/wp-content\/uploads\/2025\/05\/56dc59f6ee64baa003c8d26f61878712.webp","type":"image\/webp"}],"author":"Mohamed Hedi Touati","twitter_card":"summary_large_image","twitter_creator":"@webdo_tn","twitter_site":"@webdo_tn","twitter_misc":{"\u00c9crit par":"Mohamed Hedi Touati","Dur\u00e9e de lecture estim\u00e9e":"1 minute"},"schema":{"@context":"https:\/\/schema.org","@graph":[{"@type":"NewsArticle","@id":"https:\/\/www.webdo.tn\/fr\/actualite\/national\/tunisie-meteo-chaleur-en-progression-et-vents-forts-sur-les-cotes\/380430\/#article","isPartOf":{"@id":"https:\/\/www.webdo.tn\/fr\/actualite\/national\/tunisie-meteo-chaleur-en-progression-et-vents-forts-sur-les-cotes\/380430\/"},"author":{"name":"Mohamed Hedi Touati","@id":"https:\/\/www.webdo.tn\/fr\/#\/schema\/person\/c652cd8fc2b1b44412b5ffb48c5a911d"},"headline":"Tunisie &#8211; M\u00e9t\u00e9o : Chaleur en progression et vents forts sur les c\u00f4tes","datePublished":"2025-07-28T07:57:23+00:00","dateModified":"2025-07-28T07:57:24+00:00","mainEntityOfPage":{"@id":"https:\/\/www.webdo.tn\/fr\/actualite\/national\/tunisie-meteo-chaleur-en-progression-et-vents-forts-sur-les-cotes\/380430\/"},"wordCount":171,"commentCount":0,"publisher":{"@id":"https:\/\/www.webdo.tn\/fr\/#organization"},"image":{"@id":"https:\/\/www.webdo.tn\/fr\/actualite\/national\/tunisie-meteo-chaleur-en-progression-et-vents-forts-sur-les-cotes\/380430\/#primaryimage"},"thumbnailUrl":"https:\/\/www.webdo.tn\/fr\/wp-content\/uploads\/2025\/05\/56dc59f6ee64baa003c8d26f61878712.webp","keywords":["chaleur","m\u00e9t\u00e9o","Tunisie","Vent"],"articleSection":["National"],"inLanguage":"fr-FR"},{"@type":"WebPage","@id":"https:\/\/www.webdo.tn\/fr\/actualite\/national\/tunisie-meteo-chaleur-en-progression-et-vents-forts-sur-les-cotes\/380430\/","url":"https:\/\/www.webdo.tn\/fr\/actualite\/national\/tunisie-meteo-chaleur-en-progression-et-vents-forts-sur-les-cotes\/380430\/","name":"Tunisie - M\u00e9t\u00e9o : Chaleur en progression et vents forts sur les c\u00f4tes - webdo","isPartOf":{"@id":"https:\/\/www.webdo.tn\/fr\/#website"},"primaryImageOfPage":{"@id":"https:\/\/www.webdo.tn\/fr\/actualite\/national\/tunisie-meteo-chaleur-en-progression-et-vents-forts-sur-les-cotes\/380430\/#primaryimage"},"image":{"@id":"https:\/\/www.webdo.tn\/fr\/actualite\/national\/tunisie-meteo-chaleur-en-progression-et-vents-forts-sur-les-cotes\/380430\/#primaryimage"},"thumbnailUrl":"https:\/\/www.webdo.tn\/fr\/wp-content\/uploads\/2025\/05\/56dc59f6ee64baa003c8d26f61878712.webp","datePublished":"2025-07-28T07:57:23+00:00","dateModified":"2025-07-28T07:57:24+00:00","description":"D\u00e9couvrez la chaleur en progression \u00e0 travers le pays, avec des temp\u00e9ratures atteignant 39\u00b0C dans certaines r\u00e9gions.","breadcrumb":{"@id":"https:\/\/www.webdo.tn\/fr\/actualite\/national\/tunisie-meteo-chaleur-en-progression-et-vents-forts-sur-les-cotes\/380430\/#breadcrumb"},"inLanguage":"fr-FR","potentialAction":[{"@type":"ReadAction","target":["https:\/\/www.webdo.tn\/fr\/actualite\/national\/tunisie-meteo-chaleur-en-progression-et-vents-forts-sur-les-cotes\/380430\/"]}]},{"@type":"ImageObject","inLanguage":"fr-FR","@id":"https:\/\/www.webdo.tn\/fr\/actualite\/national\/tunisie-meteo-chaleur-en-progression-et-vents-forts-sur-les-cotes\/380430\/#primaryimage","url":"https:\/\/www.webdo.tn\/fr\/wp-content\/uploads\/2025\/05\/56dc59f6ee64baa003c8d26f61878712.webp","contentUrl":"https:\/\/www.webdo.tn\/fr\/wp-content\/uploads\/2025\/05\/56dc59f6ee64baa003c8d26f61878712.webp","width":563,"height":300,"caption":"Tunisie - M\u00e9t\u00e9o : Baisse des temp\u00e9ratures et orages attendus"},{"@type":"BreadcrumbList","@id":"https:\/\/www.webdo.tn\/fr\/actualite\/national\/tunisie-meteo-chaleur-en-progression-et-vents-forts-sur-les-cotes\/380430\/#breadcrumb","itemListElement":[{"@type":"ListItem","position":1,"name":"Accueil","item":"https:\/\/www.webdo.tn\/fr\/"},{"@type":"ListItem","position":2,"name":"Tunisie &#8211; M\u00e9t\u00e9o : Chaleur en progression et vents forts sur les c\u00f4tes"}]},{"@type":"WebSite","@id":"https:\/\/www.webdo.tn\/fr\/#website","url":"https:\/\/www.webdo.tn\/fr\/","name":"webdo","description":"Tunisie - News en Tunisie et \u00e0 l&#039;international sur Webdo.tn","publisher":{"@id":"https:\/\/www.webdo.tn\/fr\/#organization"},"potentialAction":[{"@type":"SearchAction","target":{"@type":"EntryPoint","urlTemplate":"https:\/\/www.webdo.tn\/fr\/?s={search_term_string}"},"query-input":{"@type":"PropertyValueSpecification","valueRequired":true,"valueName":"search_term_string"}}],"inLanguage":"fr-FR"},{"@type":"Organization","@id":"https:\/\/www.webdo.tn\/fr\/#organization","name":"Webdo","alternateName":"Webdo.tn","url":"https:\/\/www.webdo.tn\/fr\/","logo":{"@type":"ImageObject","inLanguage":"fr-FR","@id":"https:\/\/www.webdo.tn\/fr\/#\/schema\/logo\/image\/","url":"https:\/\/www.webdo.tn\/fr\/wp-content\/uploads\/2025\/06\/Webdo-Tunisie_168377.jpg","contentUrl":"https:\/\/www.webdo.tn\/fr\/wp-content\/uploads\/2025\/06\/Webdo-Tunisie_168377.jpg","width":301,"height":301,"caption":"Webdo"},"image":{"@id":"https:\/\/www.webdo.tn\/fr\/#\/schema\/logo\/image\/"},"sameAs":["https:\/\/www.facebook.com\/webdotn","https:\/\/x.com\/webdo_tn"],"description":"Webdo est un m\u00e9dia num\u00e9rique tunisien fond\u00e9 en 2010, sp\u00e9cialis\u00e9 dans l\u2019actualit\u00e9 nationale et internationale, l\u2019\u00e9conomie, la soci\u00e9t\u00e9 et les analyses politiques. Le site s\u2019adresse \u00e0 un large public francophone et couvre l\u2019information tunisienne en temps r\u00e9el.","email":"redac@webdo.tn","legalName":"YNJ SARL","foundingDate":"2010-09-06","numberOfEmployees":{"@type":"QuantitativeValue","minValue":"11","maxValue":"50"}},{"@type":"Person","@id":"https:\/\/www.webdo.tn\/fr\/#\/schema\/person\/c652cd8fc2b1b44412b5ffb48c5a911d","name":"Mohamed Hedi Touati","image":{"@type":"ImageObject","inLanguage":"fr-FR","@id":"https:\/\/secure.gravatar.com\/avatar\/9cfd402c745b7a685f13eed0ea6e59d2144a3c2fc50a3db6fd5ed451f6cddf1a?s=96&d=mm&r=g","url":"https:\/\/secure.gravatar.com\/avatar\/9cfd402c745b7a685f13eed0ea6e59d2144a3c2fc50a3db6fd5ed451f6cddf1a?s=96&d=mm&r=g","contentUrl":"https:\/\/secure.gravatar.com\/avatar\/9cfd402c745b7a685f13eed0ea6e59d2144a3c2fc50a3db6fd5ed451f6cddf1a?s=96&d=mm&r=g","caption":"Mohamed Hedi Touati"},"url":"https:\/\/www.webdo.tn\/fr\/actualite\/author\/mohamed-hedi-touati\/"}]}},"_links":{"self":[{"href":"https:\/\/www.webdo.tn\/fr\/wp-json\/wp\/v2\/posts\/380430","targetHints":{"allow":["GET"]}}],"collection":[{"href":"https:\/\/www.webdo.tn\/fr\/wp-json\/wp\/v2\/posts"}],"about":[{"href":"https:\/\/www.webdo.tn\/fr\/wp-json\/wp\/v2\/types\/post"}],"author":[{"embeddable":true,"href":"https:\/\/www.webdo.tn\/fr\/wp-json\/wp\/v2\/users\/3191"}],"replies":[{"embeddable":true,"href":"https:\/\/www.webdo.tn\/fr\/wp-json\/wp\/v2\/comments?post=380430"}],"version-history":[{"count":0,"href":"https:\/\/www.webdo.tn\/fr\/wp-json\/wp\/v2\/posts\/380430\/revisions"}],"wp:featuredmedia":[{"embeddable":true,"href":"https:\/\/www.webdo.tn\/fr\/wp-json\/wp\/v2\/media\/366131"}],"wp:attachment":[{"href":"https:\/\/www.webdo.tn\/fr\/wp-json\/wp\/v2\/media?parent=380430"}],"wp:term":[{"taxonomy":"category","embeddable":true,"href":"https:\/\/www.webdo.tn\/fr\/wp-json\/wp\/v2\/categories?post=380430"},{"taxonomy":"post_tag","embeddable":true,"href":"https:\/\/www.webdo.tn\/fr\/wp-json\/wp\/v2\/tags?post=380430"}],"curies":[{"name":"wp","href":"https:\/\/api.w.org\/{rel}","templated":true}]}}