{"id":380423,"date":"2025-07-28T08:24:05","date_gmt":"2025-07-28T07:24:05","guid":{"rendered":"https:\/\/www.webdo.tn\/fr\/?p=380423"},"modified":"2025-07-28T11:47:42","modified_gmt":"2025-07-28T10:47:42","slug":"arraisonnement-du-navire-handala-mobilisation-pour-la-liberation-de-hatem-laaouini","status":"publish","type":"post","link":"https:\/\/www.webdo.tn\/fr\/actualite\/international\/arraisonnement-du-navire-handala-mobilisation-pour-la-liberation-de-hatem-laaouini\/380423\/","title":{"rendered":"Arraisonnement du navire Handala : mobilisation pour la lib\u00e9ration de Hatem La\u00e2ouini"},"content":{"rendered":"\n<p><strong><em>Un militant tunisien retenu par Isra\u00ebl apr\u00e8s l&rsquo;interception du navire Handala suscite l&rsquo;indignation de la soci\u00e9t\u00e9 civile. Refusant le rapatriement, Hatem La\u00e2ouini devient le symbole d\u2019une r\u00e9sistance solidaire envers Gaza.<\/em><\/strong><\/p>\n\n\n\n<p>Le Forum tunisien pour les droits \u00e9conomiques et sociaux (FTDES) a appel\u00e9 dimanche 27 juillet 2025 les autorit\u00e9s tunisiennes \u00e0 une \u00ab intervention imm\u00e9diate et s\u00e9rieuse \u00bb pour garantir la s\u00e9curit\u00e9 du citoyen tunisien Hatem La\u00e2ouini, arr\u00eat\u00e9 par les forces isra\u00e9liennes apr\u00e8s l\u2019arraisonnement du navire Handala.<\/p>\n\n\n\n<p><strong>21 militants civils enlev\u00e9s<\/strong><\/p>\n\n\n\n<p>Ce bateau transportait 21 militants civils, politiques et syndicaux de divers pays, dans le cadre d\u2019une mission humanitaire visant \u00e0 briser le blocus de Gaza. Il a \u00e9t\u00e9 intercept\u00e9 par l\u2019arm\u00e9e isra\u00e9lienne, qui a proc\u00e9d\u00e9 \u00e0 l\u2019enl\u00e8vement de tous les passagers.<\/p>\n\n\n\n<p>Selon Wael Naouar, repr\u00e9sentant de la Coordination de l\u2019action commune pour la Palestine, La\u00e2ouini a cat\u00e9goriquement refus\u00e9 de signer un ordre de \u00ab rapatriement volontaire \u00bb ou le proc\u00e8s-verbal l\u2019accusant de franchissement ill\u00e9gal des fronti\u00e8res isra\u00e9liennes. Il pourrait, avec d\u2019autres militants, \u00eatre pr\u00e9sent\u00e9 devant un tribunal avant expulsion.<\/p>\n\n\n\n<p><strong>Mobilisation nationale<\/strong><\/p>\n\n\n\n<p>Le FTDES a condamn\u00e9 un \u00ab nouveau crime de l\u2019entit\u00e9 sioniste \u00bb et a tenu l\u2019occupant isra\u00e9lien pour enti\u00e8rement responsable de l\u2019int\u00e9grit\u00e9 physique des militants d\u00e9tenus. Le Forum a \u00e9galement salu\u00e9 l&rsquo;engagement de La\u00e2ouini, qualifiant son action d&rsquo;exemple de r\u00e9sistance civile face aux crimes de guerre perp\u00e9tr\u00e9s \u00e0 Gaza.<\/p>\n\n\n\n<p>Parall\u00e8lement, Wael Naouar a appel\u00e9 \u00e0 une mobilisation nationale, encourageant les citoyens tunisiens \u00e0 rejoindre le sit-in entam\u00e9 samedi soir devant l\u2019ambassade des \u00c9tats-Unis \u00e0 Tunis. Les revendications incluent la lib\u00e9ration des d\u00e9tenus, la rupture des relations diplomatiques et s\u00e9curitaires avec les \u00c9tats-Unis, ainsi que la fin imm\u00e9diate de la guerre \u00e0 Gaza.<\/p>\n\n\n\n<p><strong>Briser le blocus de Gaza<\/strong><\/p>\n\n\n\n<p>Le navire Handala s\u2019inscrit dans une longue s\u00e9rie d\u2019initiatives internationales visant \u00e0 briser le blocus impos\u00e9 par Isra\u00ebl sur la bande de Gaza. Ces missions, souvent pacifiques et humanitaires, se heurtent r\u00e9guli\u00e8rement \u00e0 des interventions militaires, consid\u00e9r\u00e9es par leurs initiateurs comme des actes de piraterie.<\/p>\n\n\n\n<p>La participation de Hatem La\u00e2ouini, militant tunisien engag\u00e9 dans la cause palestinienne, a raviv\u00e9 l\u2019attention nationale sur la situation \u00e0 Gaza et sur les formes de solidarit\u00e9 possibles.<\/p>\n\n\n\n<p><\/p>\n\n\n\n<iframe src=\"https:\/\/www.facebook.com\/plugins\/video.php?height=476&#038;href=https%3A%2F%2Fwww.facebook.com%2FFree.tn.bloggers45%2Fvideos%2F1317610209868258%2F&#038;show_text=false&#038;width=267&#038;t=0\" width=\"267\" height=\"476\" style=\"border:none;overflow:hidden\" scrolling=\"no\" frameborder=\"0\" allowfullscreen=\"true\" allow=\"autoplay; clipboard-write; encrypted-media; picture-in-picture; web-share\" allowFullScreen=\"true\"><\/iframe>\n\n\n\n<p><\/p>\n\n\n\n<ul class=\"wp-block-list\">\n<li>Lire aussi : <a href=\"https:\/\/www.webdo.tn\/fr\/actualite\/international\/gaza-laustralie-accuse-lentite-sioniste-de-violer-le-droit-international\/380419\/\">Gaza : L\u2019Australie accuse l\u2019entit\u00e9 sioniste de violer le droit international<\/a><\/li>\n<\/ul>\n","protected":false},"excerpt":{"rendered":"<p>Un militant tunisien retenu par Isra\u00ebl apr\u00e8s l&rsquo;interception du navire Handala suscite l&rsquo;indignation de la soci\u00e9t\u00e9 civile. Refusant le rapatriement, Hatem La\u00e2ouini devient le symbole d\u2019une r\u00e9sistance solidaire envers Gaza. Le Forum tunisien pour les droits \u00e9conomiques et sociaux (FTDES) a appel\u00e9 dimanche 27 juillet 2025 les autorit\u00e9s tunisiennes \u00e0 une \u00ab intervention imm\u00e9diate et [&hellip;]<\/p>\n","protected":false},"author":3191,"featured_media":380424,"comment_status":"open","ping_status":"open","sticky":false,"template":"","format":"standard","meta":{"footnotes":""},"categories":[2598],"tags":[2689,2600,12323,2636,12322],"class_list":["post-380423","post","type-post","status-publish","format-standard","has-post-thumbnail","hentry","category-international","tag-gaza","tag-guerre","tag-hatem-laaouini","tag-israel","tag-navire-handala"],"yoast_head":"<!-- This site is optimized with the Yoast SEO Premium plugin v27.4 (Yoast SEO v27.5) - https:\/\/yoast.com\/product\/yoast-seo-premium-wordpress\/ -->\n<title>Arraisonnement du navire Handala : mobilisation pour la lib\u00e9ration de Hatem La\u00e2ouini - webdo<\/title>\n<meta name=\"description\" content=\"Comprenez les implications de l&#039;arraisonnement du navire Handala pour les droits de l&#039;homme et la solidarit\u00e9 internationale.\" \/>\n<link rel=\"canonical\" href=\"https:\/\/www.webdo.tn\/fr\/actualite\/international\/arraisonnement-du-navire-handala-mobilisation-pour-la-liberation-de-hatem-laaouini\/380423\/\" \/>\n<meta property=\"og:locale\" content=\"fr_FR\" \/>\n<meta property=\"og:type\" content=\"article\" \/>\n<meta property=\"og:title\" content=\"Arraisonnement du navire Handala : mobilisation pour la lib\u00e9ration de Hatem La\u00e2ouini\" \/>\n<meta property=\"og:description\" content=\"Comprenez les implications de l&#039;arraisonnement du navire Handala pour les droits de l&#039;homme et la solidarit\u00e9 internationale.\" \/>\n<meta property=\"og:url\" content=\"https:\/\/www.webdo.tn\/fr\/actualite\/international\/arraisonnement-du-navire-handala-mobilisation-pour-la-liberation-de-hatem-laaouini\/380423\/\" \/>\n<meta property=\"og:site_name\" content=\"webdo\" \/>\n<meta property=\"article:publisher\" content=\"https:\/\/www.facebook.com\/webdotn\" \/>\n<meta property=\"article:published_time\" content=\"2025-07-28T07:24:05+00:00\" \/>\n<meta property=\"article:modified_time\" content=\"2025-07-28T10:47:42+00:00\" \/>\n<meta property=\"og:image\" content=\"https:\/\/www.webdo.tn\/fr\/wp-content\/uploads\/2025\/07\/preview.jpeg\" \/>\n\t<meta property=\"og:image:width\" content=\"827\" \/>\n\t<meta property=\"og:image:height\" content=\"455\" \/>\n\t<meta property=\"og:image:type\" content=\"image\/jpeg\" \/>\n<meta name=\"author\" content=\"Mohamed Hedi Touati\" \/>\n<meta name=\"twitter:card\" content=\"summary_large_image\" \/>\n<meta name=\"twitter:creator\" content=\"@webdo_tn\" \/>\n<meta name=\"twitter:site\" content=\"@webdo_tn\" \/>\n<meta name=\"twitter:label1\" content=\"\u00c9crit par\" \/>\n\t<meta name=\"twitter:data1\" content=\"Mohamed Hedi Touati\" \/>\n\t<meta name=\"twitter:label2\" content=\"Dur\u00e9e de lecture estim\u00e9e\" \/>\n\t<meta name=\"twitter:data2\" content=\"3 minutes\" \/>\n<script type=\"application\/ld+json\" class=\"yoast-schema-graph\">{\"@context\":\"https:\\\/\\\/schema.org\",\"@graph\":[{\"@type\":\"NewsArticle\",\"@id\":\"https:\\\/\\\/www.webdo.tn\\\/fr\\\/actualite\\\/international\\\/arraisonnement-du-navire-handala-mobilisation-pour-la-liberation-de-hatem-laaouini\\\/380423\\\/#article\",\"isPartOf\":{\"@id\":\"https:\\\/\\\/www.webdo.tn\\\/fr\\\/actualite\\\/international\\\/arraisonnement-du-navire-handala-mobilisation-pour-la-liberation-de-hatem-laaouini\\\/380423\\\/\"},\"author\":{\"name\":\"Mohamed Hedi Touati\",\"@id\":\"https:\\\/\\\/www.webdo.tn\\\/fr\\\/#\\\/schema\\\/person\\\/c652cd8fc2b1b44412b5ffb48c5a911d\"},\"headline\":\"Arraisonnement du navire Handala : mobilisation pour la lib\u00e9ration de Hatem La\u00e2ouini\",\"datePublished\":\"2025-07-28T07:24:05+00:00\",\"dateModified\":\"2025-07-28T10:47:42+00:00\",\"mainEntityOfPage\":{\"@id\":\"https:\\\/\\\/www.webdo.tn\\\/fr\\\/actualite\\\/international\\\/arraisonnement-du-navire-handala-mobilisation-pour-la-liberation-de-hatem-laaouini\\\/380423\\\/\"},\"wordCount\":422,\"commentCount\":0,\"publisher\":{\"@id\":\"https:\\\/\\\/www.webdo.tn\\\/fr\\\/#organization\"},\"image\":{\"@id\":\"https:\\\/\\\/www.webdo.tn\\\/fr\\\/actualite\\\/international\\\/arraisonnement-du-navire-handala-mobilisation-pour-la-liberation-de-hatem-laaouini\\\/380423\\\/#primaryimage\"},\"thumbnailUrl\":\"https:\\\/\\\/www.webdo.tn\\\/fr\\\/wp-content\\\/uploads\\\/2025\\\/07\\\/preview.jpeg\",\"keywords\":[\"Gaza\",\"guerre\",\"Hatem La\u00e2ouini\",\"isra\u00ebl\",\"navire Handala\"],\"articleSection\":[\"International\"],\"inLanguage\":\"fr-FR\"},{\"@type\":\"WebPage\",\"@id\":\"https:\\\/\\\/www.webdo.tn\\\/fr\\\/actualite\\\/international\\\/arraisonnement-du-navire-handala-mobilisation-pour-la-liberation-de-hatem-laaouini\\\/380423\\\/\",\"url\":\"https:\\\/\\\/www.webdo.tn\\\/fr\\\/actualite\\\/international\\\/arraisonnement-du-navire-handala-mobilisation-pour-la-liberation-de-hatem-laaouini\\\/380423\\\/\",\"name\":\"Arraisonnement du navire Handala : mobilisation pour la lib\u00e9ration de Hatem La\u00e2ouini - webdo\",\"isPartOf\":{\"@id\":\"https:\\\/\\\/www.webdo.tn\\\/fr\\\/#website\"},\"primaryImageOfPage\":{\"@id\":\"https:\\\/\\\/www.webdo.tn\\\/fr\\\/actualite\\\/international\\\/arraisonnement-du-navire-handala-mobilisation-pour-la-liberation-de-hatem-laaouini\\\/380423\\\/#primaryimage\"},\"image\":{\"@id\":\"https:\\\/\\\/www.webdo.tn\\\/fr\\\/actualite\\\/international\\\/arraisonnement-du-navire-handala-mobilisation-pour-la-liberation-de-hatem-laaouini\\\/380423\\\/#primaryimage\"},\"thumbnailUrl\":\"https:\\\/\\\/www.webdo.tn\\\/fr\\\/wp-content\\\/uploads\\\/2025\\\/07\\\/preview.jpeg\",\"datePublished\":\"2025-07-28T07:24:05+00:00\",\"dateModified\":\"2025-07-28T10:47:42+00:00\",\"description\":\"Comprenez les implications de l'arraisonnement du navire Handala pour les droits de l'homme et la solidarit\u00e9 internationale.\",\"breadcrumb\":{\"@id\":\"https:\\\/\\\/www.webdo.tn\\\/fr\\\/actualite\\\/international\\\/arraisonnement-du-navire-handala-mobilisation-pour-la-liberation-de-hatem-laaouini\\\/380423\\\/#breadcrumb\"},\"inLanguage\":\"fr-FR\",\"potentialAction\":[{\"@type\":\"ReadAction\",\"target\":[\"https:\\\/\\\/www.webdo.tn\\\/fr\\\/actualite\\\/international\\\/arraisonnement-du-navire-handala-mobilisation-pour-la-liberation-de-hatem-laaouini\\\/380423\\\/\"]}]},{\"@type\":\"ImageObject\",\"inLanguage\":\"fr-FR\",\"@id\":\"https:\\\/\\\/www.webdo.tn\\\/fr\\\/actualite\\\/international\\\/arraisonnement-du-navire-handala-mobilisation-pour-la-liberation-de-hatem-laaouini\\\/380423\\\/#primaryimage\",\"url\":\"https:\\\/\\\/www.webdo.tn\\\/fr\\\/wp-content\\\/uploads\\\/2025\\\/07\\\/preview.jpeg\",\"contentUrl\":\"https:\\\/\\\/www.webdo.tn\\\/fr\\\/wp-content\\\/uploads\\\/2025\\\/07\\\/preview.jpeg\",\"width\":827,\"height\":455,\"caption\":\"Lib\u00e9ration de Hatem La\u00e2ouini : Le militant tunisien est arriv\u00e9 en Jordanie\"},{\"@type\":\"BreadcrumbList\",\"@id\":\"https:\\\/\\\/www.webdo.tn\\\/fr\\\/actualite\\\/international\\\/arraisonnement-du-navire-handala-mobilisation-pour-la-liberation-de-hatem-laaouini\\\/380423\\\/#breadcrumb\",\"itemListElement\":[{\"@type\":\"ListItem\",\"position\":1,\"name\":\"Accueil\",\"item\":\"https:\\\/\\\/www.webdo.tn\\\/fr\\\/\"},{\"@type\":\"ListItem\",\"position\":2,\"name\":\"Arraisonnement du navire Handala : mobilisation pour la lib\u00e9ration de Hatem La\u00e2ouini\"}]},{\"@type\":\"WebSite\",\"@id\":\"https:\\\/\\\/www.webdo.tn\\\/fr\\\/#website\",\"url\":\"https:\\\/\\\/www.webdo.tn\\\/fr\\\/\",\"name\":\"webdo\",\"description\":\"Tunisie - News en Tunisie et \u00e0 l&#039;international sur Webdo.tn\",\"publisher\":{\"@id\":\"https:\\\/\\\/www.webdo.tn\\\/fr\\\/#organization\"},\"potentialAction\":[{\"@type\":\"SearchAction\",\"target\":{\"@type\":\"EntryPoint\",\"urlTemplate\":\"https:\\\/\\\/www.webdo.tn\\\/fr\\\/?s={search_term_string}\"},\"query-input\":{\"@type\":\"PropertyValueSpecification\",\"valueRequired\":true,\"valueName\":\"search_term_string\"}}],\"inLanguage\":\"fr-FR\"},{\"@type\":\"Organization\",\"@id\":\"https:\\\/\\\/www.webdo.tn\\\/fr\\\/#organization\",\"name\":\"Webdo\",\"alternateName\":\"Webdo.tn\",\"url\":\"https:\\\/\\\/www.webdo.tn\\\/fr\\\/\",\"logo\":{\"@type\":\"ImageObject\",\"inLanguage\":\"fr-FR\",\"@id\":\"https:\\\/\\\/www.webdo.tn\\\/fr\\\/#\\\/schema\\\/logo\\\/image\\\/\",\"url\":\"https:\\\/\\\/www.webdo.tn\\\/fr\\\/wp-content\\\/uploads\\\/2025\\\/06\\\/Webdo-Tunisie_168377.jpg\",\"contentUrl\":\"https:\\\/\\\/www.webdo.tn\\\/fr\\\/wp-content\\\/uploads\\\/2025\\\/06\\\/Webdo-Tunisie_168377.jpg\",\"width\":301,\"height\":301,\"caption\":\"Webdo\"},\"image\":{\"@id\":\"https:\\\/\\\/www.webdo.tn\\\/fr\\\/#\\\/schema\\\/logo\\\/image\\\/\"},\"sameAs\":[\"https:\\\/\\\/www.facebook.com\\\/webdotn\",\"https:\\\/\\\/x.com\\\/webdo_tn\"],\"description\":\"Webdo est un m\u00e9dia num\u00e9rique tunisien fond\u00e9 en 2010, sp\u00e9cialis\u00e9 dans l\u2019actualit\u00e9 nationale et internationale, l\u2019\u00e9conomie, la soci\u00e9t\u00e9 et les analyses politiques. Le site s\u2019adresse \u00e0 un large public francophone et couvre l\u2019information tunisienne en temps r\u00e9el.\",\"email\":\"redac@webdo.tn\",\"legalName\":\"YNJ SARL\",\"foundingDate\":\"2010-09-06\",\"numberOfEmployees\":{\"@type\":\"QuantitativeValue\",\"minValue\":\"11\",\"maxValue\":\"50\"}},{\"@type\":\"Person\",\"@id\":\"https:\\\/\\\/www.webdo.tn\\\/fr\\\/#\\\/schema\\\/person\\\/c652cd8fc2b1b44412b5ffb48c5a911d\",\"name\":\"Mohamed Hedi Touati\",\"image\":{\"@type\":\"ImageObject\",\"inLanguage\":\"fr-FR\",\"@id\":\"https:\\\/\\\/secure.gravatar.com\\\/avatar\\\/9cfd402c745b7a685f13eed0ea6e59d2144a3c2fc50a3db6fd5ed451f6cddf1a?s=96&d=mm&r=g\",\"url\":\"https:\\\/\\\/secure.gravatar.com\\\/avatar\\\/9cfd402c745b7a685f13eed0ea6e59d2144a3c2fc50a3db6fd5ed451f6cddf1a?s=96&d=mm&r=g\",\"contentUrl\":\"https:\\\/\\\/secure.gravatar.com\\\/avatar\\\/9cfd402c745b7a685f13eed0ea6e59d2144a3c2fc50a3db6fd5ed451f6cddf1a?s=96&d=mm&r=g\",\"caption\":\"Mohamed Hedi Touati\"},\"url\":\"https:\\\/\\\/www.webdo.tn\\\/fr\\\/actualite\\\/author\\\/mohamed-hedi-touati\\\/\"}]}<\/script>\n<!-- \/ Yoast SEO Premium plugin. -->","yoast_head_json":{"title":"Arraisonnement du navire Handala : mobilisation pour la lib\u00e9ration de Hatem La\u00e2ouini - webdo","description":"Comprenez les implications de l'arraisonnement du navire Handala pour les droits de l'homme et la solidarit\u00e9 internationale.","canonical":"https:\/\/www.webdo.tn\/fr\/actualite\/international\/arraisonnement-du-navire-handala-mobilisation-pour-la-liberation-de-hatem-laaouini\/380423\/","og_locale":"fr_FR","og_type":"article","og_title":"Arraisonnement du navire Handala : mobilisation pour la lib\u00e9ration de Hatem La\u00e2ouini","og_description":"Comprenez les implications de l'arraisonnement du navire Handala pour les droits de l'homme et la solidarit\u00e9 internationale.","og_url":"https:\/\/www.webdo.tn\/fr\/actualite\/international\/arraisonnement-du-navire-handala-mobilisation-pour-la-liberation-de-hatem-laaouini\/380423\/","og_site_name":"webdo","article_publisher":"https:\/\/www.facebook.com\/webdotn","article_published_time":"2025-07-28T07:24:05+00:00","article_modified_time":"2025-07-28T10:47:42+00:00","og_image":[{"width":827,"height":455,"url":"https:\/\/www.webdo.tn\/fr\/wp-content\/uploads\/2025\/07\/preview.jpeg","type":"image\/jpeg"}],"author":"Mohamed Hedi Touati","twitter_card":"summary_large_image","twitter_creator":"@webdo_tn","twitter_site":"@webdo_tn","twitter_misc":{"\u00c9crit par":"Mohamed Hedi Touati","Dur\u00e9e de lecture estim\u00e9e":"3 minutes"},"schema":{"@context":"https:\/\/schema.org","@graph":[{"@type":"NewsArticle","@id":"https:\/\/www.webdo.tn\/fr\/actualite\/international\/arraisonnement-du-navire-handala-mobilisation-pour-la-liberation-de-hatem-laaouini\/380423\/#article","isPartOf":{"@id":"https:\/\/www.webdo.tn\/fr\/actualite\/international\/arraisonnement-du-navire-handala-mobilisation-pour-la-liberation-de-hatem-laaouini\/380423\/"},"author":{"name":"Mohamed Hedi Touati","@id":"https:\/\/www.webdo.tn\/fr\/#\/schema\/person\/c652cd8fc2b1b44412b5ffb48c5a911d"},"headline":"Arraisonnement du navire Handala : mobilisation pour la lib\u00e9ration de Hatem La\u00e2ouini","datePublished":"2025-07-28T07:24:05+00:00","dateModified":"2025-07-28T10:47:42+00:00","mainEntityOfPage":{"@id":"https:\/\/www.webdo.tn\/fr\/actualite\/international\/arraisonnement-du-navire-handala-mobilisation-pour-la-liberation-de-hatem-laaouini\/380423\/"},"wordCount":422,"commentCount":0,"publisher":{"@id":"https:\/\/www.webdo.tn\/fr\/#organization"},"image":{"@id":"https:\/\/www.webdo.tn\/fr\/actualite\/international\/arraisonnement-du-navire-handala-mobilisation-pour-la-liberation-de-hatem-laaouini\/380423\/#primaryimage"},"thumbnailUrl":"https:\/\/www.webdo.tn\/fr\/wp-content\/uploads\/2025\/07\/preview.jpeg","keywords":["Gaza","guerre","Hatem La\u00e2ouini","isra\u00ebl","navire Handala"],"articleSection":["International"],"inLanguage":"fr-FR"},{"@type":"WebPage","@id":"https:\/\/www.webdo.tn\/fr\/actualite\/international\/arraisonnement-du-navire-handala-mobilisation-pour-la-liberation-de-hatem-laaouini\/380423\/","url":"https:\/\/www.webdo.tn\/fr\/actualite\/international\/arraisonnement-du-navire-handala-mobilisation-pour-la-liberation-de-hatem-laaouini\/380423\/","name":"Arraisonnement du navire Handala : mobilisation pour la lib\u00e9ration de Hatem La\u00e2ouini - webdo","isPartOf":{"@id":"https:\/\/www.webdo.tn\/fr\/#website"},"primaryImageOfPage":{"@id":"https:\/\/www.webdo.tn\/fr\/actualite\/international\/arraisonnement-du-navire-handala-mobilisation-pour-la-liberation-de-hatem-laaouini\/380423\/#primaryimage"},"image":{"@id":"https:\/\/www.webdo.tn\/fr\/actualite\/international\/arraisonnement-du-navire-handala-mobilisation-pour-la-liberation-de-hatem-laaouini\/380423\/#primaryimage"},"thumbnailUrl":"https:\/\/www.webdo.tn\/fr\/wp-content\/uploads\/2025\/07\/preview.jpeg","datePublished":"2025-07-28T07:24:05+00:00","dateModified":"2025-07-28T10:47:42+00:00","description":"Comprenez les implications de l'arraisonnement du navire Handala pour les droits de l'homme et la solidarit\u00e9 internationale.","breadcrumb":{"@id":"https:\/\/www.webdo.tn\/fr\/actualite\/international\/arraisonnement-du-navire-handala-mobilisation-pour-la-liberation-de-hatem-laaouini\/380423\/#breadcrumb"},"inLanguage":"fr-FR","potentialAction":[{"@type":"ReadAction","target":["https:\/\/www.webdo.tn\/fr\/actualite\/international\/arraisonnement-du-navire-handala-mobilisation-pour-la-liberation-de-hatem-laaouini\/380423\/"]}]},{"@type":"ImageObject","inLanguage":"fr-FR","@id":"https:\/\/www.webdo.tn\/fr\/actualite\/international\/arraisonnement-du-navire-handala-mobilisation-pour-la-liberation-de-hatem-laaouini\/380423\/#primaryimage","url":"https:\/\/www.webdo.tn\/fr\/wp-content\/uploads\/2025\/07\/preview.jpeg","contentUrl":"https:\/\/www.webdo.tn\/fr\/wp-content\/uploads\/2025\/07\/preview.jpeg","width":827,"height":455,"caption":"Lib\u00e9ration de Hatem La\u00e2ouini : Le militant tunisien est arriv\u00e9 en Jordanie"},{"@type":"BreadcrumbList","@id":"https:\/\/www.webdo.tn\/fr\/actualite\/international\/arraisonnement-du-navire-handala-mobilisation-pour-la-liberation-de-hatem-laaouini\/380423\/#breadcrumb","itemListElement":[{"@type":"ListItem","position":1,"name":"Accueil","item":"https:\/\/www.webdo.tn\/fr\/"},{"@type":"ListItem","position":2,"name":"Arraisonnement du navire Handala : mobilisation pour la lib\u00e9ration de Hatem La\u00e2ouini"}]},{"@type":"WebSite","@id":"https:\/\/www.webdo.tn\/fr\/#website","url":"https:\/\/www.webdo.tn\/fr\/","name":"webdo","description":"Tunisie - News en Tunisie et \u00e0 l&#039;international sur Webdo.tn","publisher":{"@id":"https:\/\/www.webdo.tn\/fr\/#organization"},"potentialAction":[{"@type":"SearchAction","target":{"@type":"EntryPoint","urlTemplate":"https:\/\/www.webdo.tn\/fr\/?s={search_term_string}"},"query-input":{"@type":"PropertyValueSpecification","valueRequired":true,"valueName":"search_term_string"}}],"inLanguage":"fr-FR"},{"@type":"Organization","@id":"https:\/\/www.webdo.tn\/fr\/#organization","name":"Webdo","alternateName":"Webdo.tn","url":"https:\/\/www.webdo.tn\/fr\/","logo":{"@type":"ImageObject","inLanguage":"fr-FR","@id":"https:\/\/www.webdo.tn\/fr\/#\/schema\/logo\/image\/","url":"https:\/\/www.webdo.tn\/fr\/wp-content\/uploads\/2025\/06\/Webdo-Tunisie_168377.jpg","contentUrl":"https:\/\/www.webdo.tn\/fr\/wp-content\/uploads\/2025\/06\/Webdo-Tunisie_168377.jpg","width":301,"height":301,"caption":"Webdo"},"image":{"@id":"https:\/\/www.webdo.tn\/fr\/#\/schema\/logo\/image\/"},"sameAs":["https:\/\/www.facebook.com\/webdotn","https:\/\/x.com\/webdo_tn"],"description":"Webdo est un m\u00e9dia num\u00e9rique tunisien fond\u00e9 en 2010, sp\u00e9cialis\u00e9 dans l\u2019actualit\u00e9 nationale et internationale, l\u2019\u00e9conomie, la soci\u00e9t\u00e9 et les analyses politiques. Le site s\u2019adresse \u00e0 un large public francophone et couvre l\u2019information tunisienne en temps r\u00e9el.","email":"redac@webdo.tn","legalName":"YNJ SARL","foundingDate":"2010-09-06","numberOfEmployees":{"@type":"QuantitativeValue","minValue":"11","maxValue":"50"}},{"@type":"Person","@id":"https:\/\/www.webdo.tn\/fr\/#\/schema\/person\/c652cd8fc2b1b44412b5ffb48c5a911d","name":"Mohamed Hedi Touati","image":{"@type":"ImageObject","inLanguage":"fr-FR","@id":"https:\/\/secure.gravatar.com\/avatar\/9cfd402c745b7a685f13eed0ea6e59d2144a3c2fc50a3db6fd5ed451f6cddf1a?s=96&d=mm&r=g","url":"https:\/\/secure.gravatar.com\/avatar\/9cfd402c745b7a685f13eed0ea6e59d2144a3c2fc50a3db6fd5ed451f6cddf1a?s=96&d=mm&r=g","contentUrl":"https:\/\/secure.gravatar.com\/avatar\/9cfd402c745b7a685f13eed0ea6e59d2144a3c2fc50a3db6fd5ed451f6cddf1a?s=96&d=mm&r=g","caption":"Mohamed Hedi Touati"},"url":"https:\/\/www.webdo.tn\/fr\/actualite\/author\/mohamed-hedi-touati\/"}]}},"_links":{"self":[{"href":"https:\/\/www.webdo.tn\/fr\/wp-json\/wp\/v2\/posts\/380423","targetHints":{"allow":["GET"]}}],"collection":[{"href":"https:\/\/www.webdo.tn\/fr\/wp-json\/wp\/v2\/posts"}],"about":[{"href":"https:\/\/www.webdo.tn\/fr\/wp-json\/wp\/v2\/types\/post"}],"author":[{"embeddable":true,"href":"https:\/\/www.webdo.tn\/fr\/wp-json\/wp\/v2\/users\/3191"}],"replies":[{"embeddable":true,"href":"https:\/\/www.webdo.tn\/fr\/wp-json\/wp\/v2\/comments?post=380423"}],"version-history":[{"count":0,"href":"https:\/\/www.webdo.tn\/fr\/wp-json\/wp\/v2\/posts\/380423\/revisions"}],"wp:featuredmedia":[{"embeddable":true,"href":"https:\/\/www.webdo.tn\/fr\/wp-json\/wp\/v2\/media\/380424"}],"wp:attachment":[{"href":"https:\/\/www.webdo.tn\/fr\/wp-json\/wp\/v2\/media?parent=380423"}],"wp:term":[{"taxonomy":"category","embeddable":true,"href":"https:\/\/www.webdo.tn\/fr\/wp-json\/wp\/v2\/categories?post=380423"},{"taxonomy":"post_tag","embeddable":true,"href":"https:\/\/www.webdo.tn\/fr\/wp-json\/wp\/v2\/tags?post=380423"}],"curies":[{"name":"wp","href":"https:\/\/api.w.org\/{rel}","templated":true}]}}