{"id":380419,"date":"2025-07-27T14:29:10","date_gmt":"2025-07-27T13:29:10","guid":{"rendered":"https:\/\/www.webdo.tn\/fr\/?p=380419"},"modified":"2025-07-27T14:31:55","modified_gmt":"2025-07-27T13:31:55","slug":"gaza-laustralie-accuse-lentite-sioniste-de-violer-le-droit-international","status":"publish","type":"post","link":"https:\/\/www.webdo.tn\/fr\/actualite\/international\/gaza-laustralie-accuse-lentite-sioniste-de-violer-le-droit-international\/380419\/","title":{"rendered":"Gaza : L\u2019Australie accuse l\u2019entit\u00e9 sioniste de violer le droit international"},"content":{"rendered":"\n<p><strong>Le Premier ministre australien a condamn\u00e9 ce dimanche les blocages de l\u2019aide humanitaire \u00e0 Gaza, y voyant une violation flagrante du droit international. Pendant ce temps, 13 Palestiniens, dont deux enfants, ont \u00e9t\u00e9 tu\u00e9s par des tirs de l\u2019occupation alors qu\u2019ils attendaient l\u2019aide alimentaire.<\/strong><\/p>\n\n\n\n<p>Anthony Albanese, Premier ministre australien, a d\u00e9nonc\u00e9 dimanche, dans une interview accord\u00e9e \u00e0 ABC News, les entraves impos\u00e9es \u00e0 l\u2019acheminement de l\u2019aide \u00e0 Gaza par l\u2019entit\u00e9 sioniste. Il a qualifi\u00e9 ces actes de violations claires du droit international.<\/p>\n\n\n\n<p><strong>13 Palestiniens, dont deux enfants tu\u00e9s<\/strong><\/p>\n\n\n\n<p>\u00ab Il est tout \u00e0 fait clair que le fait d\u2019emp\u00eacher la livraison de nourriture constitue une violation du droit international, de la moralit\u00e9 et de l\u2019humanit\u00e9 d\u00e9cente \u00bb, a-t-il d\u00e9clar\u00e9. Vendredi d\u00e9j\u00e0, il avait alert\u00e9 sur une situation qui \u00ab a d\u00e9pass\u00e9 les pires craintes du monde \u00bb, rappelant que des enfants meurent de faim \u00e0 Gaza.<\/p>\n\n\n\n<p>Sur le terrain, au moins 13 Palestiniens, dont deux enfants, ont \u00e9t\u00e9 tu\u00e9s dimanche par des tirs sionistes alors qu\u2019ils attendaient de l\u2019aide dans diff\u00e9rentes zones de la bande de Gaza, selon l\u2019agence palestinienne Wafa. Six d\u2019entre eux ont p\u00e9ri pr\u00e8s d\u2019un centre de distribution \u00e0 Khan Youn\u00e8s, six autres au nord de Rafah, et un autre au centre de la bande.<\/p>\n\n\n\n<p><strong>Anthony Albanese rejette toute tentative de d\u00e9placement forc\u00e9<\/strong><\/p>\n\n\n\n<p>Dans son appel \u00e0 l\u2019entit\u00e9 sioniste, le Premier ministre australien a exhort\u00e9 Tel-Aviv \u00e0 respecter le droit international et \u00e0 permettre aux Nations unies et aux ONG d&rsquo;agir sans entrave. Il a \u00e9galement rejet\u00e9 toute tentative de d\u00e9placement forc\u00e9 et permanent de la population palestinienne.<\/p>\n\n\n\n<p>Depuis le 7 octobre 2023, la bande de Gaza subit une agression qualifi\u00e9e de g\u00e9nocidaire par de nombreuses ONG. Selon le minist\u00e8re palestinien de la Sant\u00e9, 59.821 Palestiniens sont tomb\u00e9s en martyrs, majoritairement des femmes et des enfants, et 144.851 ont \u00e9t\u00e9 bless\u00e9s. Le nombre r\u00e9el de victimes pourrait \u00eatre plus \u00e9lev\u00e9, de nombreux corps \u00e9tant encore sous les d\u00e9combres ou dans les rues.<\/p>\n\n\n\n<p>Parmi ces victimes, 1.132 Palestiniens ont \u00e9t\u00e9 tu\u00e9s et 7.521 bless\u00e9s alors qu\u2019ils attendaient une aide humanitaire, selon les autorit\u00e9s sanitaires.<\/p>\n\n\n\n<p><\/p>\n\n\n\n<iframe width=\"560\" height=\"315\" src=\"https:\/\/www.youtube.com\/embed\/5ZhO209PPvM?si=REpm19J1gAxdcLX6\" title=\"YouTube video player\" frameborder=\"0\" allow=\"accelerometer; autoplay; clipboard-write; encrypted-media; gyroscope; picture-in-picture; web-share\" referrerpolicy=\"strict-origin-when-cross-origin\" allowfullscreen><\/iframe>\n\n\n\n<p><\/p>\n\n\n\n<ul class=\"wp-block-list\">\n<li>Lire aussi : <a href=\"https:\/\/www.webdo.tn\/fr\/actualite\/international\/treve-a-gaza-trump-affirme-que-le-hamas-prefere-mourir\/380383\/\">Tr\u00eave \u00e0 Gaza : Trump affirme que le Hamas \u00ab\u00a0pr\u00e9f\u00e8re mourir\u00a0\u00bb<\/a><\/li>\n<\/ul>\n","protected":false},"excerpt":{"rendered":"<p>Le Premier ministre australien a condamn\u00e9 ce dimanche les blocages de l\u2019aide humanitaire \u00e0 Gaza, y voyant une violation flagrante du droit international. Pendant ce temps, 13 Palestiniens, dont deux enfants, ont \u00e9t\u00e9 tu\u00e9s par des tirs de l\u2019occupation alors qu\u2019ils attendaient l\u2019aide alimentaire. Anthony Albanese, Premier ministre australien, a d\u00e9nonc\u00e9 dimanche, dans une interview [&hellip;]<\/p>\n","protected":false},"author":3191,"featured_media":380420,"comment_status":"open","ping_status":"open","sticky":false,"template":"","format":"standard","meta":{"footnotes":""},"categories":[2598],"tags":[12321,4499,9781,2689,2600,2688],"class_list":["post-380419","post","type-post","status-publish","format-standard","has-post-thumbnail","hentry","category-international","tag-anthony-albanese","tag-australie","tag-entite-sioniste","tag-gaza","tag-guerre","tag-palestine"],"yoast_head":"<!-- This site is optimized with the Yoast SEO Premium plugin v27.4 (Yoast SEO v27.5) - https:\/\/yoast.com\/product\/yoast-seo-premium-wordpress\/ -->\n<title>Gaza : L\u2019Australie accuse l\u2019entit\u00e9 sioniste de violer le droit international - webdo<\/title>\n<meta name=\"description\" content=\"Le Premier ministre australien condamne les blocages d&#039;aide \u00e0 Gaza, soulignant des violations du droit international.\" \/>\n<link rel=\"canonical\" href=\"https:\/\/www.webdo.tn\/fr\/actualite\/international\/gaza-laustralie-accuse-lentite-sioniste-de-violer-le-droit-international\/380419\/\" \/>\n<meta property=\"og:locale\" content=\"fr_FR\" \/>\n<meta property=\"og:type\" content=\"article\" \/>\n<meta property=\"og:title\" content=\"Gaza : L\u2019Australie accuse l\u2019entit\u00e9 sioniste de violer le droit international\" \/>\n<meta property=\"og:description\" content=\"Le Premier ministre australien condamne les blocages d&#039;aide \u00e0 Gaza, soulignant des violations du droit international.\" \/>\n<meta property=\"og:url\" content=\"https:\/\/www.webdo.tn\/fr\/actualite\/international\/gaza-laustralie-accuse-lentite-sioniste-de-violer-le-droit-international\/380419\/\" \/>\n<meta property=\"og:site_name\" content=\"webdo\" \/>\n<meta property=\"article:publisher\" content=\"https:\/\/www.facebook.com\/webdotn\" \/>\n<meta property=\"article:published_time\" content=\"2025-07-27T13:29:10+00:00\" \/>\n<meta property=\"article:modified_time\" content=\"2025-07-27T13:31:55+00:00\" \/>\n<meta property=\"og:image\" content=\"https:\/\/www.webdo.tn\/fr\/wp-content\/uploads\/2025\/07\/Albanese.jpg\" \/>\n\t<meta property=\"og:image:width\" content=\"634\" \/>\n\t<meta property=\"og:image:height\" content=\"407\" \/>\n\t<meta property=\"og:image:type\" content=\"image\/jpeg\" \/>\n<meta name=\"author\" content=\"Mohamed Hedi Touati\" \/>\n<meta name=\"twitter:card\" content=\"summary_large_image\" \/>\n<meta name=\"twitter:creator\" content=\"@webdo_tn\" \/>\n<meta name=\"twitter:site\" content=\"@webdo_tn\" \/>\n<meta name=\"twitter:label1\" content=\"\u00c9crit par\" \/>\n\t<meta name=\"twitter:data1\" content=\"Mohamed Hedi Touati\" \/>\n\t<meta name=\"twitter:label2\" content=\"Dur\u00e9e de lecture estim\u00e9e\" \/>\n\t<meta name=\"twitter:data2\" content=\"3 minutes\" \/>\n<script type=\"application\/ld+json\" class=\"yoast-schema-graph\">{\"@context\":\"https:\\\/\\\/schema.org\",\"@graph\":[{\"@type\":\"NewsArticle\",\"@id\":\"https:\\\/\\\/www.webdo.tn\\\/fr\\\/actualite\\\/international\\\/gaza-laustralie-accuse-lentite-sioniste-de-violer-le-droit-international\\\/380419\\\/#article\",\"isPartOf\":{\"@id\":\"https:\\\/\\\/www.webdo.tn\\\/fr\\\/actualite\\\/international\\\/gaza-laustralie-accuse-lentite-sioniste-de-violer-le-droit-international\\\/380419\\\/\"},\"author\":{\"name\":\"Mohamed Hedi Touati\",\"@id\":\"https:\\\/\\\/www.webdo.tn\\\/fr\\\/#\\\/schema\\\/person\\\/c652cd8fc2b1b44412b5ffb48c5a911d\"},\"headline\":\"Gaza : L\u2019Australie accuse l\u2019entit\u00e9 sioniste de violer le droit international\",\"datePublished\":\"2025-07-27T13:29:10+00:00\",\"dateModified\":\"2025-07-27T13:31:55+00:00\",\"mainEntityOfPage\":{\"@id\":\"https:\\\/\\\/www.webdo.tn\\\/fr\\\/actualite\\\/international\\\/gaza-laustralie-accuse-lentite-sioniste-de-violer-le-droit-international\\\/380419\\\/\"},\"wordCount\":393,\"commentCount\":0,\"publisher\":{\"@id\":\"https:\\\/\\\/www.webdo.tn\\\/fr\\\/#organization\"},\"image\":{\"@id\":\"https:\\\/\\\/www.webdo.tn\\\/fr\\\/actualite\\\/international\\\/gaza-laustralie-accuse-lentite-sioniste-de-violer-le-droit-international\\\/380419\\\/#primaryimage\"},\"thumbnailUrl\":\"https:\\\/\\\/www.webdo.tn\\\/fr\\\/wp-content\\\/uploads\\\/2025\\\/07\\\/Albanese.jpg\",\"keywords\":[\"Anthony Albanese\",\"Australie\",\"entit\u00e9 sioniste\",\"Gaza\",\"guerre\",\"Palestine\"],\"articleSection\":[\"International\"],\"inLanguage\":\"fr-FR\"},{\"@type\":\"WebPage\",\"@id\":\"https:\\\/\\\/www.webdo.tn\\\/fr\\\/actualite\\\/international\\\/gaza-laustralie-accuse-lentite-sioniste-de-violer-le-droit-international\\\/380419\\\/\",\"url\":\"https:\\\/\\\/www.webdo.tn\\\/fr\\\/actualite\\\/international\\\/gaza-laustralie-accuse-lentite-sioniste-de-violer-le-droit-international\\\/380419\\\/\",\"name\":\"Gaza : L\u2019Australie accuse l\u2019entit\u00e9 sioniste de violer le droit international - webdo\",\"isPartOf\":{\"@id\":\"https:\\\/\\\/www.webdo.tn\\\/fr\\\/#website\"},\"primaryImageOfPage\":{\"@id\":\"https:\\\/\\\/www.webdo.tn\\\/fr\\\/actualite\\\/international\\\/gaza-laustralie-accuse-lentite-sioniste-de-violer-le-droit-international\\\/380419\\\/#primaryimage\"},\"image\":{\"@id\":\"https:\\\/\\\/www.webdo.tn\\\/fr\\\/actualite\\\/international\\\/gaza-laustralie-accuse-lentite-sioniste-de-violer-le-droit-international\\\/380419\\\/#primaryimage\"},\"thumbnailUrl\":\"https:\\\/\\\/www.webdo.tn\\\/fr\\\/wp-content\\\/uploads\\\/2025\\\/07\\\/Albanese.jpg\",\"datePublished\":\"2025-07-27T13:29:10+00:00\",\"dateModified\":\"2025-07-27T13:31:55+00:00\",\"description\":\"Le Premier ministre australien condamne les blocages d'aide \u00e0 Gaza, soulignant des violations du droit international.\",\"breadcrumb\":{\"@id\":\"https:\\\/\\\/www.webdo.tn\\\/fr\\\/actualite\\\/international\\\/gaza-laustralie-accuse-lentite-sioniste-de-violer-le-droit-international\\\/380419\\\/#breadcrumb\"},\"inLanguage\":\"fr-FR\",\"potentialAction\":[{\"@type\":\"ReadAction\",\"target\":[\"https:\\\/\\\/www.webdo.tn\\\/fr\\\/actualite\\\/international\\\/gaza-laustralie-accuse-lentite-sioniste-de-violer-le-droit-international\\\/380419\\\/\"]}]},{\"@type\":\"ImageObject\",\"inLanguage\":\"fr-FR\",\"@id\":\"https:\\\/\\\/www.webdo.tn\\\/fr\\\/actualite\\\/international\\\/gaza-laustralie-accuse-lentite-sioniste-de-violer-le-droit-international\\\/380419\\\/#primaryimage\",\"url\":\"https:\\\/\\\/www.webdo.tn\\\/fr\\\/wp-content\\\/uploads\\\/2025\\\/07\\\/Albanese.jpg\",\"contentUrl\":\"https:\\\/\\\/www.webdo.tn\\\/fr\\\/wp-content\\\/uploads\\\/2025\\\/07\\\/Albanese.jpg\",\"width\":634,\"height\":407,\"caption\":\"Gaza : L\u2019Australie accuse l\u2019entit\u00e9 sioniste de violer le droit international\"},{\"@type\":\"BreadcrumbList\",\"@id\":\"https:\\\/\\\/www.webdo.tn\\\/fr\\\/actualite\\\/international\\\/gaza-laustralie-accuse-lentite-sioniste-de-violer-le-droit-international\\\/380419\\\/#breadcrumb\",\"itemListElement\":[{\"@type\":\"ListItem\",\"position\":1,\"name\":\"Accueil\",\"item\":\"https:\\\/\\\/www.webdo.tn\\\/fr\\\/\"},{\"@type\":\"ListItem\",\"position\":2,\"name\":\"Gaza : L\u2019Australie accuse l\u2019entit\u00e9 sioniste de violer le droit international\"}]},{\"@type\":\"WebSite\",\"@id\":\"https:\\\/\\\/www.webdo.tn\\\/fr\\\/#website\",\"url\":\"https:\\\/\\\/www.webdo.tn\\\/fr\\\/\",\"name\":\"webdo\",\"description\":\"Tunisie - News en Tunisie et \u00e0 l&#039;international sur Webdo.tn\",\"publisher\":{\"@id\":\"https:\\\/\\\/www.webdo.tn\\\/fr\\\/#organization\"},\"potentialAction\":[{\"@type\":\"SearchAction\",\"target\":{\"@type\":\"EntryPoint\",\"urlTemplate\":\"https:\\\/\\\/www.webdo.tn\\\/fr\\\/?s={search_term_string}\"},\"query-input\":{\"@type\":\"PropertyValueSpecification\",\"valueRequired\":true,\"valueName\":\"search_term_string\"}}],\"inLanguage\":\"fr-FR\"},{\"@type\":\"Organization\",\"@id\":\"https:\\\/\\\/www.webdo.tn\\\/fr\\\/#organization\",\"name\":\"Webdo\",\"alternateName\":\"Webdo.tn\",\"url\":\"https:\\\/\\\/www.webdo.tn\\\/fr\\\/\",\"logo\":{\"@type\":\"ImageObject\",\"inLanguage\":\"fr-FR\",\"@id\":\"https:\\\/\\\/www.webdo.tn\\\/fr\\\/#\\\/schema\\\/logo\\\/image\\\/\",\"url\":\"https:\\\/\\\/www.webdo.tn\\\/fr\\\/wp-content\\\/uploads\\\/2025\\\/06\\\/Webdo-Tunisie_168377.jpg\",\"contentUrl\":\"https:\\\/\\\/www.webdo.tn\\\/fr\\\/wp-content\\\/uploads\\\/2025\\\/06\\\/Webdo-Tunisie_168377.jpg\",\"width\":301,\"height\":301,\"caption\":\"Webdo\"},\"image\":{\"@id\":\"https:\\\/\\\/www.webdo.tn\\\/fr\\\/#\\\/schema\\\/logo\\\/image\\\/\"},\"sameAs\":[\"https:\\\/\\\/www.facebook.com\\\/webdotn\",\"https:\\\/\\\/x.com\\\/webdo_tn\"],\"description\":\"Webdo est un m\u00e9dia num\u00e9rique tunisien fond\u00e9 en 2010, sp\u00e9cialis\u00e9 dans l\u2019actualit\u00e9 nationale et internationale, l\u2019\u00e9conomie, la soci\u00e9t\u00e9 et les analyses politiques. Le site s\u2019adresse \u00e0 un large public francophone et couvre l\u2019information tunisienne en temps r\u00e9el.\",\"email\":\"redac@webdo.tn\",\"legalName\":\"YNJ SARL\",\"foundingDate\":\"2010-09-06\",\"numberOfEmployees\":{\"@type\":\"QuantitativeValue\",\"minValue\":\"11\",\"maxValue\":\"50\"}},{\"@type\":\"Person\",\"@id\":\"https:\\\/\\\/www.webdo.tn\\\/fr\\\/#\\\/schema\\\/person\\\/c652cd8fc2b1b44412b5ffb48c5a911d\",\"name\":\"Mohamed Hedi Touati\",\"image\":{\"@type\":\"ImageObject\",\"inLanguage\":\"fr-FR\",\"@id\":\"https:\\\/\\\/secure.gravatar.com\\\/avatar\\\/9cfd402c745b7a685f13eed0ea6e59d2144a3c2fc50a3db6fd5ed451f6cddf1a?s=96&d=mm&r=g\",\"url\":\"https:\\\/\\\/secure.gravatar.com\\\/avatar\\\/9cfd402c745b7a685f13eed0ea6e59d2144a3c2fc50a3db6fd5ed451f6cddf1a?s=96&d=mm&r=g\",\"contentUrl\":\"https:\\\/\\\/secure.gravatar.com\\\/avatar\\\/9cfd402c745b7a685f13eed0ea6e59d2144a3c2fc50a3db6fd5ed451f6cddf1a?s=96&d=mm&r=g\",\"caption\":\"Mohamed Hedi Touati\"},\"url\":\"https:\\\/\\\/www.webdo.tn\\\/fr\\\/actualite\\\/author\\\/mohamed-hedi-touati\\\/\"}]}<\/script>\n<!-- \/ Yoast SEO Premium plugin. -->","yoast_head_json":{"title":"Gaza : L\u2019Australie accuse l\u2019entit\u00e9 sioniste de violer le droit international - webdo","description":"Le Premier ministre australien condamne les blocages d'aide \u00e0 Gaza, soulignant des violations du droit international.","canonical":"https:\/\/www.webdo.tn\/fr\/actualite\/international\/gaza-laustralie-accuse-lentite-sioniste-de-violer-le-droit-international\/380419\/","og_locale":"fr_FR","og_type":"article","og_title":"Gaza : L\u2019Australie accuse l\u2019entit\u00e9 sioniste de violer le droit international","og_description":"Le Premier ministre australien condamne les blocages d'aide \u00e0 Gaza, soulignant des violations du droit international.","og_url":"https:\/\/www.webdo.tn\/fr\/actualite\/international\/gaza-laustralie-accuse-lentite-sioniste-de-violer-le-droit-international\/380419\/","og_site_name":"webdo","article_publisher":"https:\/\/www.facebook.com\/webdotn","article_published_time":"2025-07-27T13:29:10+00:00","article_modified_time":"2025-07-27T13:31:55+00:00","og_image":[{"width":634,"height":407,"url":"https:\/\/www.webdo.tn\/fr\/wp-content\/uploads\/2025\/07\/Albanese.jpg","type":"image\/jpeg"}],"author":"Mohamed Hedi Touati","twitter_card":"summary_large_image","twitter_creator":"@webdo_tn","twitter_site":"@webdo_tn","twitter_misc":{"\u00c9crit par":"Mohamed Hedi Touati","Dur\u00e9e de lecture estim\u00e9e":"3 minutes"},"schema":{"@context":"https:\/\/schema.org","@graph":[{"@type":"NewsArticle","@id":"https:\/\/www.webdo.tn\/fr\/actualite\/international\/gaza-laustralie-accuse-lentite-sioniste-de-violer-le-droit-international\/380419\/#article","isPartOf":{"@id":"https:\/\/www.webdo.tn\/fr\/actualite\/international\/gaza-laustralie-accuse-lentite-sioniste-de-violer-le-droit-international\/380419\/"},"author":{"name":"Mohamed Hedi Touati","@id":"https:\/\/www.webdo.tn\/fr\/#\/schema\/person\/c652cd8fc2b1b44412b5ffb48c5a911d"},"headline":"Gaza : L\u2019Australie accuse l\u2019entit\u00e9 sioniste de violer le droit international","datePublished":"2025-07-27T13:29:10+00:00","dateModified":"2025-07-27T13:31:55+00:00","mainEntityOfPage":{"@id":"https:\/\/www.webdo.tn\/fr\/actualite\/international\/gaza-laustralie-accuse-lentite-sioniste-de-violer-le-droit-international\/380419\/"},"wordCount":393,"commentCount":0,"publisher":{"@id":"https:\/\/www.webdo.tn\/fr\/#organization"},"image":{"@id":"https:\/\/www.webdo.tn\/fr\/actualite\/international\/gaza-laustralie-accuse-lentite-sioniste-de-violer-le-droit-international\/380419\/#primaryimage"},"thumbnailUrl":"https:\/\/www.webdo.tn\/fr\/wp-content\/uploads\/2025\/07\/Albanese.jpg","keywords":["Anthony Albanese","Australie","entit\u00e9 sioniste","Gaza","guerre","Palestine"],"articleSection":["International"],"inLanguage":"fr-FR"},{"@type":"WebPage","@id":"https:\/\/www.webdo.tn\/fr\/actualite\/international\/gaza-laustralie-accuse-lentite-sioniste-de-violer-le-droit-international\/380419\/","url":"https:\/\/www.webdo.tn\/fr\/actualite\/international\/gaza-laustralie-accuse-lentite-sioniste-de-violer-le-droit-international\/380419\/","name":"Gaza : L\u2019Australie accuse l\u2019entit\u00e9 sioniste de violer le droit international - webdo","isPartOf":{"@id":"https:\/\/www.webdo.tn\/fr\/#website"},"primaryImageOfPage":{"@id":"https:\/\/www.webdo.tn\/fr\/actualite\/international\/gaza-laustralie-accuse-lentite-sioniste-de-violer-le-droit-international\/380419\/#primaryimage"},"image":{"@id":"https:\/\/www.webdo.tn\/fr\/actualite\/international\/gaza-laustralie-accuse-lentite-sioniste-de-violer-le-droit-international\/380419\/#primaryimage"},"thumbnailUrl":"https:\/\/www.webdo.tn\/fr\/wp-content\/uploads\/2025\/07\/Albanese.jpg","datePublished":"2025-07-27T13:29:10+00:00","dateModified":"2025-07-27T13:31:55+00:00","description":"Le Premier ministre australien condamne les blocages d'aide \u00e0 Gaza, soulignant des violations du droit international.","breadcrumb":{"@id":"https:\/\/www.webdo.tn\/fr\/actualite\/international\/gaza-laustralie-accuse-lentite-sioniste-de-violer-le-droit-international\/380419\/#breadcrumb"},"inLanguage":"fr-FR","potentialAction":[{"@type":"ReadAction","target":["https:\/\/www.webdo.tn\/fr\/actualite\/international\/gaza-laustralie-accuse-lentite-sioniste-de-violer-le-droit-international\/380419\/"]}]},{"@type":"ImageObject","inLanguage":"fr-FR","@id":"https:\/\/www.webdo.tn\/fr\/actualite\/international\/gaza-laustralie-accuse-lentite-sioniste-de-violer-le-droit-international\/380419\/#primaryimage","url":"https:\/\/www.webdo.tn\/fr\/wp-content\/uploads\/2025\/07\/Albanese.jpg","contentUrl":"https:\/\/www.webdo.tn\/fr\/wp-content\/uploads\/2025\/07\/Albanese.jpg","width":634,"height":407,"caption":"Gaza : L\u2019Australie accuse l\u2019entit\u00e9 sioniste de violer le droit international"},{"@type":"BreadcrumbList","@id":"https:\/\/www.webdo.tn\/fr\/actualite\/international\/gaza-laustralie-accuse-lentite-sioniste-de-violer-le-droit-international\/380419\/#breadcrumb","itemListElement":[{"@type":"ListItem","position":1,"name":"Accueil","item":"https:\/\/www.webdo.tn\/fr\/"},{"@type":"ListItem","position":2,"name":"Gaza : L\u2019Australie accuse l\u2019entit\u00e9 sioniste de violer le droit international"}]},{"@type":"WebSite","@id":"https:\/\/www.webdo.tn\/fr\/#website","url":"https:\/\/www.webdo.tn\/fr\/","name":"webdo","description":"Tunisie - News en Tunisie et \u00e0 l&#039;international sur Webdo.tn","publisher":{"@id":"https:\/\/www.webdo.tn\/fr\/#organization"},"potentialAction":[{"@type":"SearchAction","target":{"@type":"EntryPoint","urlTemplate":"https:\/\/www.webdo.tn\/fr\/?s={search_term_string}"},"query-input":{"@type":"PropertyValueSpecification","valueRequired":true,"valueName":"search_term_string"}}],"inLanguage":"fr-FR"},{"@type":"Organization","@id":"https:\/\/www.webdo.tn\/fr\/#organization","name":"Webdo","alternateName":"Webdo.tn","url":"https:\/\/www.webdo.tn\/fr\/","logo":{"@type":"ImageObject","inLanguage":"fr-FR","@id":"https:\/\/www.webdo.tn\/fr\/#\/schema\/logo\/image\/","url":"https:\/\/www.webdo.tn\/fr\/wp-content\/uploads\/2025\/06\/Webdo-Tunisie_168377.jpg","contentUrl":"https:\/\/www.webdo.tn\/fr\/wp-content\/uploads\/2025\/06\/Webdo-Tunisie_168377.jpg","width":301,"height":301,"caption":"Webdo"},"image":{"@id":"https:\/\/www.webdo.tn\/fr\/#\/schema\/logo\/image\/"},"sameAs":["https:\/\/www.facebook.com\/webdotn","https:\/\/x.com\/webdo_tn"],"description":"Webdo est un m\u00e9dia num\u00e9rique tunisien fond\u00e9 en 2010, sp\u00e9cialis\u00e9 dans l\u2019actualit\u00e9 nationale et internationale, l\u2019\u00e9conomie, la soci\u00e9t\u00e9 et les analyses politiques. Le site s\u2019adresse \u00e0 un large public francophone et couvre l\u2019information tunisienne en temps r\u00e9el.","email":"redac@webdo.tn","legalName":"YNJ SARL","foundingDate":"2010-09-06","numberOfEmployees":{"@type":"QuantitativeValue","minValue":"11","maxValue":"50"}},{"@type":"Person","@id":"https:\/\/www.webdo.tn\/fr\/#\/schema\/person\/c652cd8fc2b1b44412b5ffb48c5a911d","name":"Mohamed Hedi Touati","image":{"@type":"ImageObject","inLanguage":"fr-FR","@id":"https:\/\/secure.gravatar.com\/avatar\/9cfd402c745b7a685f13eed0ea6e59d2144a3c2fc50a3db6fd5ed451f6cddf1a?s=96&d=mm&r=g","url":"https:\/\/secure.gravatar.com\/avatar\/9cfd402c745b7a685f13eed0ea6e59d2144a3c2fc50a3db6fd5ed451f6cddf1a?s=96&d=mm&r=g","contentUrl":"https:\/\/secure.gravatar.com\/avatar\/9cfd402c745b7a685f13eed0ea6e59d2144a3c2fc50a3db6fd5ed451f6cddf1a?s=96&d=mm&r=g","caption":"Mohamed Hedi Touati"},"url":"https:\/\/www.webdo.tn\/fr\/actualite\/author\/mohamed-hedi-touati\/"}]}},"_links":{"self":[{"href":"https:\/\/www.webdo.tn\/fr\/wp-json\/wp\/v2\/posts\/380419","targetHints":{"allow":["GET"]}}],"collection":[{"href":"https:\/\/www.webdo.tn\/fr\/wp-json\/wp\/v2\/posts"}],"about":[{"href":"https:\/\/www.webdo.tn\/fr\/wp-json\/wp\/v2\/types\/post"}],"author":[{"embeddable":true,"href":"https:\/\/www.webdo.tn\/fr\/wp-json\/wp\/v2\/users\/3191"}],"replies":[{"embeddable":true,"href":"https:\/\/www.webdo.tn\/fr\/wp-json\/wp\/v2\/comments?post=380419"}],"version-history":[{"count":0,"href":"https:\/\/www.webdo.tn\/fr\/wp-json\/wp\/v2\/posts\/380419\/revisions"}],"wp:featuredmedia":[{"embeddable":true,"href":"https:\/\/www.webdo.tn\/fr\/wp-json\/wp\/v2\/media\/380420"}],"wp:attachment":[{"href":"https:\/\/www.webdo.tn\/fr\/wp-json\/wp\/v2\/media?parent=380419"}],"wp:term":[{"taxonomy":"category","embeddable":true,"href":"https:\/\/www.webdo.tn\/fr\/wp-json\/wp\/v2\/categories?post=380419"},{"taxonomy":"post_tag","embeddable":true,"href":"https:\/\/www.webdo.tn\/fr\/wp-json\/wp\/v2\/tags?post=380419"}],"curies":[{"name":"wp","href":"https:\/\/api.w.org\/{rel}","templated":true}]}}