{"id":380416,"date":"2025-07-27T14:06:17","date_gmt":"2025-07-27T13:06:17","guid":{"rendered":"https:\/\/www.webdo.tn\/fr\/?p=380416"},"modified":"2025-07-28T08:27:22","modified_gmt":"2025-07-28T07:27:22","slug":"tunisie-baignade-interdite-sur-fond-de-vents-violents-deux-morts-et-un-disparu","status":"publish","type":"post","link":"https:\/\/www.webdo.tn\/fr\/actualite\/national\/tunisie-baignade-interdite-sur-fond-de-vents-violents-deux-morts-et-un-disparu\/380416\/","title":{"rendered":"Tunisie : Baignade interdite sur fond de vents violents, deux morts et un disparu"},"content":{"rendered":"\n<p><strong>Face aux vents violents qui soufflent ce dimanche 27 juillet sur les c\u00f4tes tunisiennes, la Protection civile appelle \u00e0 la plus grande vigilance. Deux noyades ont \u00e9t\u00e9 recens\u00e9es et une personne est toujours port\u00e9e disparue. La mer reste tr\u00e8s agit\u00e9e sur la majorit\u00e9 du littoral.<\/strong><\/p>\n\n\n\n<p>La Protection civile a lanc\u00e9 une alerte ce dimanche via son porte-parole, appelant les citoyens \u00e0 \u00e9viter la baignade, en particulier lorsque le drapeau rouge est hiss\u00e9 ou en pr\u00e9sence de vents forts. Elle invite \u00e9galement \u00e0 composer le 198 pour toute situation d\u2019urgence.<\/p>\n\n\n\n<p><strong>Mise en garde<\/strong><\/p>\n\n\n\n<p>Cette mise en garde intervient alors que les conditions m\u00e9t\u00e9orologiques se d\u00e9gradent sur l\u2019ensemble du littoral tunisien. Dans son bulletin du jour, l\u2019Institut National de la M\u00e9t\u00e9orologie (INM) pr\u00e9voit des vents forts \u00e0 tr\u00e8s forts pr\u00e8s des c\u00f4tes, accompagn\u00e9s de tourbillons locaux de sable, ainsi qu\u2019une mer moutonneuse au Golfe de Gab\u00e8s et tr\u00e8s agit\u00e9e \u00e0 localement houleuse ailleurs.<\/p>\n\n\n\n<p>L\u2019Observatoire tunisien de la m\u00e9t\u00e9o et du climat a appuy\u00e9 cette alerte, soulignant le danger particulier repr\u00e9sent\u00e9 par la baignade pr\u00e8s des brise-lames. Ces structures rocheuses peuvent pi\u00e9ger les baigneurs sous l\u2019effet des grandes vagues g\u00e9n\u00e9r\u00e9es par les vents violents. L\u2019observatoire appelle \u00e0 une extr\u00eame vigilance sur toutes les plages tunisiennes.<\/p>\n\n\n\n<p><strong>Deux morts<\/strong><\/p>\n\n\n\n<p>Selon les donn\u00e9es communiqu\u00e9es par cet observatoire, au moins deux personnes sont mortes par noyade durant les derni\u00e8res 24 heures, et une autre est port\u00e9e disparue, en plus de plusieurs interventions de sauvetage.<\/p>\n\n\n\n<p>Ces drames illustrent la n\u00e9cessit\u00e9 de respecter les consignes de s\u00e9curit\u00e9 en p\u00e9riode de mer agit\u00e9e, souvent ignor\u00e9es malgr\u00e9 les avertissements r\u00e9p\u00e9t\u00e9s.<\/p>\n\n\n\n<p><\/p>\n\n\n\n<iframe src=\"https:\/\/www.facebook.com\/plugins\/video.php?height=276&#038;href=https%3A%2F%2Fwww.facebook.com%2F100057689262621%2Fvideos%2F1089522189793016%2F&#038;show_text=false&#038;width=560&#038;t=0\" width=\"560\" height=\"276\" style=\"border:none;overflow:hidden\" scrolling=\"no\" frameborder=\"0\" allowfullscreen=\"true\" allow=\"autoplay; clipboard-write; encrypted-media; picture-in-picture; web-share\" allowFullScreen=\"true\"><\/iframe>\n\n\n\n<p><\/p>\n\n\n\n<ul class=\"wp-block-list\">\n<li>Lire aussi : <a href=\"https:\/\/www.webdo.tn\/fr\/actualite\/national\/tunisie-meteo-mer-tres-agitee-et-orages-locaux-attendus\/380405\/\">Tunisie \u2013 M\u00e9t\u00e9o : Mer tr\u00e8s agit\u00e9e et orages locaux attendus<\/a><\/li>\n<\/ul>\n","protected":false},"excerpt":{"rendered":"<p>Face aux vents violents qui soufflent ce dimanche 27 juillet sur les c\u00f4tes tunisiennes, la Protection civile appelle \u00e0 la plus grande vigilance. Deux noyades ont \u00e9t\u00e9 recens\u00e9es et une personne est toujours port\u00e9e disparue. La mer reste tr\u00e8s agit\u00e9e sur la majorit\u00e9 du littoral. La Protection civile a lanc\u00e9 une alerte ce dimanche via [&hellip;]<\/p>\n","protected":false},"author":3191,"featured_media":380417,"comment_status":"open","ping_status":"open","sticky":false,"template":"","format":"standard","meta":{"footnotes":""},"categories":[44],"tags":[8310,2670,3208,3088,2608],"class_list":["post-380416","post","type-post","status-publish","format-standard","has-post-thumbnail","hentry","category-national","tag-baignade-interdite","tag-meteo","tag-morts","tag-protection-civile","tag-tunisie"],"yoast_head":"<!-- This site is optimized with the Yoast SEO Premium plugin v27.5 (Yoast SEO v27.5) - https:\/\/yoast.com\/product\/yoast-seo-premium-wordpress\/ -->\n<title>Tunisie : Baignade interdite sur fond de vents violents, deux morts et un disparu - webdo<\/title>\n<meta name=\"description\" content=\"La Protection civile avertit: baignade interdite sur le littoral tunisien en raison de dangereux vents et d&#039;une mer agit\u00e9e.\" \/>\n<link rel=\"canonical\" href=\"https:\/\/www.webdo.tn\/fr\/actualite\/national\/tunisie-baignade-interdite-sur-fond-de-vents-violents-deux-morts-et-un-disparu\/380416\/\" \/>\n<meta property=\"og:locale\" content=\"fr_FR\" \/>\n<meta property=\"og:type\" content=\"article\" \/>\n<meta property=\"og:title\" content=\"Tunisie : Baignade interdite sur fond de vents violents, deux morts et un disparu\" \/>\n<meta property=\"og:description\" content=\"La Protection civile avertit: baignade interdite sur le littoral tunisien en raison de dangereux vents et d&#039;une mer agit\u00e9e.\" \/>\n<meta property=\"og:url\" content=\"https:\/\/www.webdo.tn\/fr\/actualite\/national\/tunisie-baignade-interdite-sur-fond-de-vents-violents-deux-morts-et-un-disparu\/380416\/\" \/>\n<meta property=\"og:site_name\" content=\"webdo\" \/>\n<meta property=\"article:publisher\" content=\"https:\/\/www.facebook.com\/webdotn\" \/>\n<meta property=\"article:published_time\" content=\"2025-07-27T13:06:17+00:00\" \/>\n<meta property=\"article:modified_time\" content=\"2025-07-28T07:27:22+00:00\" \/>\n<meta property=\"og:image\" content=\"https:\/\/www.webdo.tn\/fr\/wp-content\/uploads\/2025\/07\/plage-drapeau-touge.jpg\" \/>\n\t<meta property=\"og:image:width\" content=\"680\" \/>\n\t<meta property=\"og:image:height\" content=\"400\" \/>\n\t<meta property=\"og:image:type\" content=\"image\/jpeg\" \/>\n<meta name=\"author\" content=\"Mohamed Hedi Touati\" \/>\n<meta name=\"twitter:card\" content=\"summary_large_image\" \/>\n<meta name=\"twitter:creator\" content=\"@webdo_tn\" \/>\n<meta name=\"twitter:site\" content=\"@webdo_tn\" \/>\n<meta name=\"twitter:label1\" content=\"\u00c9crit par\" \/>\n\t<meta name=\"twitter:data1\" content=\"Mohamed Hedi Touati\" \/>\n\t<meta name=\"twitter:label2\" content=\"Dur\u00e9e de lecture estim\u00e9e\" \/>\n\t<meta name=\"twitter:data2\" content=\"2 minutes\" \/>\n<script type=\"application\/ld+json\" class=\"yoast-schema-graph\">{\"@context\":\"https:\\\/\\\/schema.org\",\"@graph\":[{\"@type\":\"NewsArticle\",\"@id\":\"https:\\\/\\\/www.webdo.tn\\\/fr\\\/actualite\\\/national\\\/tunisie-baignade-interdite-sur-fond-de-vents-violents-deux-morts-et-un-disparu\\\/380416\\\/#article\",\"isPartOf\":{\"@id\":\"https:\\\/\\\/www.webdo.tn\\\/fr\\\/actualite\\\/national\\\/tunisie-baignade-interdite-sur-fond-de-vents-violents-deux-morts-et-un-disparu\\\/380416\\\/\"},\"author\":{\"name\":\"Mohamed Hedi Touati\",\"@id\":\"https:\\\/\\\/www.webdo.tn\\\/fr\\\/#\\\/schema\\\/person\\\/c652cd8fc2b1b44412b5ffb48c5a911d\"},\"headline\":\"Tunisie : Baignade interdite sur fond de vents violents, deux morts et un disparu\",\"datePublished\":\"2025-07-27T13:06:17+00:00\",\"dateModified\":\"2025-07-28T07:27:22+00:00\",\"mainEntityOfPage\":{\"@id\":\"https:\\\/\\\/www.webdo.tn\\\/fr\\\/actualite\\\/national\\\/tunisie-baignade-interdite-sur-fond-de-vents-violents-deux-morts-et-un-disparu\\\/380416\\\/\"},\"wordCount\":325,\"commentCount\":0,\"publisher\":{\"@id\":\"https:\\\/\\\/www.webdo.tn\\\/fr\\\/#organization\"},\"image\":{\"@id\":\"https:\\\/\\\/www.webdo.tn\\\/fr\\\/actualite\\\/national\\\/tunisie-baignade-interdite-sur-fond-de-vents-violents-deux-morts-et-un-disparu\\\/380416\\\/#primaryimage\"},\"thumbnailUrl\":\"https:\\\/\\\/www.webdo.tn\\\/fr\\\/wp-content\\\/uploads\\\/2025\\\/07\\\/plage-drapeau-touge.jpg\",\"keywords\":[\"baignade interdite\",\"m\u00e9t\u00e9o\",\"morts\",\"protection civile\",\"Tunisie\"],\"articleSection\":[\"National\"],\"inLanguage\":\"fr-FR\"},{\"@type\":\"WebPage\",\"@id\":\"https:\\\/\\\/www.webdo.tn\\\/fr\\\/actualite\\\/national\\\/tunisie-baignade-interdite-sur-fond-de-vents-violents-deux-morts-et-un-disparu\\\/380416\\\/\",\"url\":\"https:\\\/\\\/www.webdo.tn\\\/fr\\\/actualite\\\/national\\\/tunisie-baignade-interdite-sur-fond-de-vents-violents-deux-morts-et-un-disparu\\\/380416\\\/\",\"name\":\"Tunisie : Baignade interdite sur fond de vents violents, deux morts et un disparu - webdo\",\"isPartOf\":{\"@id\":\"https:\\\/\\\/www.webdo.tn\\\/fr\\\/#website\"},\"primaryImageOfPage\":{\"@id\":\"https:\\\/\\\/www.webdo.tn\\\/fr\\\/actualite\\\/national\\\/tunisie-baignade-interdite-sur-fond-de-vents-violents-deux-morts-et-un-disparu\\\/380416\\\/#primaryimage\"},\"image\":{\"@id\":\"https:\\\/\\\/www.webdo.tn\\\/fr\\\/actualite\\\/national\\\/tunisie-baignade-interdite-sur-fond-de-vents-violents-deux-morts-et-un-disparu\\\/380416\\\/#primaryimage\"},\"thumbnailUrl\":\"https:\\\/\\\/www.webdo.tn\\\/fr\\\/wp-content\\\/uploads\\\/2025\\\/07\\\/plage-drapeau-touge.jpg\",\"datePublished\":\"2025-07-27T13:06:17+00:00\",\"dateModified\":\"2025-07-28T07:27:22+00:00\",\"description\":\"La Protection civile avertit: baignade interdite sur le littoral tunisien en raison de dangereux vents et d'une mer agit\u00e9e.\",\"breadcrumb\":{\"@id\":\"https:\\\/\\\/www.webdo.tn\\\/fr\\\/actualite\\\/national\\\/tunisie-baignade-interdite-sur-fond-de-vents-violents-deux-morts-et-un-disparu\\\/380416\\\/#breadcrumb\"},\"inLanguage\":\"fr-FR\",\"potentialAction\":[{\"@type\":\"ReadAction\",\"target\":[\"https:\\\/\\\/www.webdo.tn\\\/fr\\\/actualite\\\/national\\\/tunisie-baignade-interdite-sur-fond-de-vents-violents-deux-morts-et-un-disparu\\\/380416\\\/\"]}]},{\"@type\":\"ImageObject\",\"inLanguage\":\"fr-FR\",\"@id\":\"https:\\\/\\\/www.webdo.tn\\\/fr\\\/actualite\\\/national\\\/tunisie-baignade-interdite-sur-fond-de-vents-violents-deux-morts-et-un-disparu\\\/380416\\\/#primaryimage\",\"url\":\"https:\\\/\\\/www.webdo.tn\\\/fr\\\/wp-content\\\/uploads\\\/2025\\\/07\\\/plage-drapeau-touge.jpg\",\"contentUrl\":\"https:\\\/\\\/www.webdo.tn\\\/fr\\\/wp-content\\\/uploads\\\/2025\\\/07\\\/plage-drapeau-touge.jpg\",\"width\":680,\"height\":400,\"caption\":\"Tunisie : Baignade interdite sur fond de vents violents, deux morts et un disparu\"},{\"@type\":\"BreadcrumbList\",\"@id\":\"https:\\\/\\\/www.webdo.tn\\\/fr\\\/actualite\\\/national\\\/tunisie-baignade-interdite-sur-fond-de-vents-violents-deux-morts-et-un-disparu\\\/380416\\\/#breadcrumb\",\"itemListElement\":[{\"@type\":\"ListItem\",\"position\":1,\"name\":\"Accueil\",\"item\":\"https:\\\/\\\/www.webdo.tn\\\/fr\\\/\"},{\"@type\":\"ListItem\",\"position\":2,\"name\":\"Tunisie : Baignade interdite sur fond de vents violents, deux morts et un disparu\"}]},{\"@type\":\"WebSite\",\"@id\":\"https:\\\/\\\/www.webdo.tn\\\/fr\\\/#website\",\"url\":\"https:\\\/\\\/www.webdo.tn\\\/fr\\\/\",\"name\":\"webdo\",\"description\":\"Tunisie - News en Tunisie et \u00e0 l&#039;international sur Webdo.tn\",\"publisher\":{\"@id\":\"https:\\\/\\\/www.webdo.tn\\\/fr\\\/#organization\"},\"potentialAction\":[{\"@type\":\"SearchAction\",\"target\":{\"@type\":\"EntryPoint\",\"urlTemplate\":\"https:\\\/\\\/www.webdo.tn\\\/fr\\\/?s={search_term_string}\"},\"query-input\":{\"@type\":\"PropertyValueSpecification\",\"valueRequired\":true,\"valueName\":\"search_term_string\"}}],\"inLanguage\":\"fr-FR\"},{\"@type\":\"Organization\",\"@id\":\"https:\\\/\\\/www.webdo.tn\\\/fr\\\/#organization\",\"name\":\"Webdo\",\"alternateName\":\"Webdo.tn\",\"url\":\"https:\\\/\\\/www.webdo.tn\\\/fr\\\/\",\"logo\":{\"@type\":\"ImageObject\",\"inLanguage\":\"fr-FR\",\"@id\":\"https:\\\/\\\/www.webdo.tn\\\/fr\\\/#\\\/schema\\\/logo\\\/image\\\/\",\"url\":\"https:\\\/\\\/www.webdo.tn\\\/fr\\\/wp-content\\\/uploads\\\/2025\\\/06\\\/Webdo-Tunisie_168377.jpg\",\"contentUrl\":\"https:\\\/\\\/www.webdo.tn\\\/fr\\\/wp-content\\\/uploads\\\/2025\\\/06\\\/Webdo-Tunisie_168377.jpg\",\"width\":301,\"height\":301,\"caption\":\"Webdo\"},\"image\":{\"@id\":\"https:\\\/\\\/www.webdo.tn\\\/fr\\\/#\\\/schema\\\/logo\\\/image\\\/\"},\"sameAs\":[\"https:\\\/\\\/www.facebook.com\\\/webdotn\",\"https:\\\/\\\/x.com\\\/webdo_tn\"],\"description\":\"Webdo est un m\u00e9dia num\u00e9rique tunisien fond\u00e9 en 2010, sp\u00e9cialis\u00e9 dans l\u2019actualit\u00e9 nationale et internationale, l\u2019\u00e9conomie, la soci\u00e9t\u00e9 et les analyses politiques. Le site s\u2019adresse \u00e0 un large public francophone et couvre l\u2019information tunisienne en temps r\u00e9el.\",\"email\":\"redac@webdo.tn\",\"legalName\":\"YNJ SARL\",\"foundingDate\":\"2010-09-06\",\"numberOfEmployees\":{\"@type\":\"QuantitativeValue\",\"minValue\":\"11\",\"maxValue\":\"50\"}},{\"@type\":\"Person\",\"@id\":\"https:\\\/\\\/www.webdo.tn\\\/fr\\\/#\\\/schema\\\/person\\\/c652cd8fc2b1b44412b5ffb48c5a911d\",\"name\":\"Mohamed Hedi Touati\",\"image\":{\"@type\":\"ImageObject\",\"inLanguage\":\"fr-FR\",\"@id\":\"https:\\\/\\\/secure.gravatar.com\\\/avatar\\\/9cfd402c745b7a685f13eed0ea6e59d2144a3c2fc50a3db6fd5ed451f6cddf1a?s=96&d=mm&r=g\",\"url\":\"https:\\\/\\\/secure.gravatar.com\\\/avatar\\\/9cfd402c745b7a685f13eed0ea6e59d2144a3c2fc50a3db6fd5ed451f6cddf1a?s=96&d=mm&r=g\",\"contentUrl\":\"https:\\\/\\\/secure.gravatar.com\\\/avatar\\\/9cfd402c745b7a685f13eed0ea6e59d2144a3c2fc50a3db6fd5ed451f6cddf1a?s=96&d=mm&r=g\",\"caption\":\"Mohamed Hedi Touati\"},\"url\":\"https:\\\/\\\/www.webdo.tn\\\/fr\\\/actualite\\\/author\\\/mohamed-hedi-touati\\\/\"}]}<\/script>\n<!-- \/ Yoast SEO Premium plugin. -->","yoast_head_json":{"title":"Tunisie : Baignade interdite sur fond de vents violents, deux morts et un disparu - webdo","description":"La Protection civile avertit: baignade interdite sur le littoral tunisien en raison de dangereux vents et d'une mer agit\u00e9e.","canonical":"https:\/\/www.webdo.tn\/fr\/actualite\/national\/tunisie-baignade-interdite-sur-fond-de-vents-violents-deux-morts-et-un-disparu\/380416\/","og_locale":"fr_FR","og_type":"article","og_title":"Tunisie : Baignade interdite sur fond de vents violents, deux morts et un disparu","og_description":"La Protection civile avertit: baignade interdite sur le littoral tunisien en raison de dangereux vents et d'une mer agit\u00e9e.","og_url":"https:\/\/www.webdo.tn\/fr\/actualite\/national\/tunisie-baignade-interdite-sur-fond-de-vents-violents-deux-morts-et-un-disparu\/380416\/","og_site_name":"webdo","article_publisher":"https:\/\/www.facebook.com\/webdotn","article_published_time":"2025-07-27T13:06:17+00:00","article_modified_time":"2025-07-28T07:27:22+00:00","og_image":[{"width":680,"height":400,"url":"https:\/\/www.webdo.tn\/fr\/wp-content\/uploads\/2025\/07\/plage-drapeau-touge.jpg","type":"image\/jpeg"}],"author":"Mohamed Hedi Touati","twitter_card":"summary_large_image","twitter_creator":"@webdo_tn","twitter_site":"@webdo_tn","twitter_misc":{"\u00c9crit par":"Mohamed Hedi Touati","Dur\u00e9e de lecture estim\u00e9e":"2 minutes"},"schema":{"@context":"https:\/\/schema.org","@graph":[{"@type":"NewsArticle","@id":"https:\/\/www.webdo.tn\/fr\/actualite\/national\/tunisie-baignade-interdite-sur-fond-de-vents-violents-deux-morts-et-un-disparu\/380416\/#article","isPartOf":{"@id":"https:\/\/www.webdo.tn\/fr\/actualite\/national\/tunisie-baignade-interdite-sur-fond-de-vents-violents-deux-morts-et-un-disparu\/380416\/"},"author":{"name":"Mohamed Hedi Touati","@id":"https:\/\/www.webdo.tn\/fr\/#\/schema\/person\/c652cd8fc2b1b44412b5ffb48c5a911d"},"headline":"Tunisie : Baignade interdite sur fond de vents violents, deux morts et un disparu","datePublished":"2025-07-27T13:06:17+00:00","dateModified":"2025-07-28T07:27:22+00:00","mainEntityOfPage":{"@id":"https:\/\/www.webdo.tn\/fr\/actualite\/national\/tunisie-baignade-interdite-sur-fond-de-vents-violents-deux-morts-et-un-disparu\/380416\/"},"wordCount":325,"commentCount":0,"publisher":{"@id":"https:\/\/www.webdo.tn\/fr\/#organization"},"image":{"@id":"https:\/\/www.webdo.tn\/fr\/actualite\/national\/tunisie-baignade-interdite-sur-fond-de-vents-violents-deux-morts-et-un-disparu\/380416\/#primaryimage"},"thumbnailUrl":"https:\/\/www.webdo.tn\/fr\/wp-content\/uploads\/2025\/07\/plage-drapeau-touge.jpg","keywords":["baignade interdite","m\u00e9t\u00e9o","morts","protection civile","Tunisie"],"articleSection":["National"],"inLanguage":"fr-FR"},{"@type":"WebPage","@id":"https:\/\/www.webdo.tn\/fr\/actualite\/national\/tunisie-baignade-interdite-sur-fond-de-vents-violents-deux-morts-et-un-disparu\/380416\/","url":"https:\/\/www.webdo.tn\/fr\/actualite\/national\/tunisie-baignade-interdite-sur-fond-de-vents-violents-deux-morts-et-un-disparu\/380416\/","name":"Tunisie : Baignade interdite sur fond de vents violents, deux morts et un disparu - webdo","isPartOf":{"@id":"https:\/\/www.webdo.tn\/fr\/#website"},"primaryImageOfPage":{"@id":"https:\/\/www.webdo.tn\/fr\/actualite\/national\/tunisie-baignade-interdite-sur-fond-de-vents-violents-deux-morts-et-un-disparu\/380416\/#primaryimage"},"image":{"@id":"https:\/\/www.webdo.tn\/fr\/actualite\/national\/tunisie-baignade-interdite-sur-fond-de-vents-violents-deux-morts-et-un-disparu\/380416\/#primaryimage"},"thumbnailUrl":"https:\/\/www.webdo.tn\/fr\/wp-content\/uploads\/2025\/07\/plage-drapeau-touge.jpg","datePublished":"2025-07-27T13:06:17+00:00","dateModified":"2025-07-28T07:27:22+00:00","description":"La Protection civile avertit: baignade interdite sur le littoral tunisien en raison de dangereux vents et d'une mer agit\u00e9e.","breadcrumb":{"@id":"https:\/\/www.webdo.tn\/fr\/actualite\/national\/tunisie-baignade-interdite-sur-fond-de-vents-violents-deux-morts-et-un-disparu\/380416\/#breadcrumb"},"inLanguage":"fr-FR","potentialAction":[{"@type":"ReadAction","target":["https:\/\/www.webdo.tn\/fr\/actualite\/national\/tunisie-baignade-interdite-sur-fond-de-vents-violents-deux-morts-et-un-disparu\/380416\/"]}]},{"@type":"ImageObject","inLanguage":"fr-FR","@id":"https:\/\/www.webdo.tn\/fr\/actualite\/national\/tunisie-baignade-interdite-sur-fond-de-vents-violents-deux-morts-et-un-disparu\/380416\/#primaryimage","url":"https:\/\/www.webdo.tn\/fr\/wp-content\/uploads\/2025\/07\/plage-drapeau-touge.jpg","contentUrl":"https:\/\/www.webdo.tn\/fr\/wp-content\/uploads\/2025\/07\/plage-drapeau-touge.jpg","width":680,"height":400,"caption":"Tunisie : Baignade interdite sur fond de vents violents, deux morts et un disparu"},{"@type":"BreadcrumbList","@id":"https:\/\/www.webdo.tn\/fr\/actualite\/national\/tunisie-baignade-interdite-sur-fond-de-vents-violents-deux-morts-et-un-disparu\/380416\/#breadcrumb","itemListElement":[{"@type":"ListItem","position":1,"name":"Accueil","item":"https:\/\/www.webdo.tn\/fr\/"},{"@type":"ListItem","position":2,"name":"Tunisie : Baignade interdite sur fond de vents violents, deux morts et un disparu"}]},{"@type":"WebSite","@id":"https:\/\/www.webdo.tn\/fr\/#website","url":"https:\/\/www.webdo.tn\/fr\/","name":"webdo","description":"Tunisie - News en Tunisie et \u00e0 l&#039;international sur Webdo.tn","publisher":{"@id":"https:\/\/www.webdo.tn\/fr\/#organization"},"potentialAction":[{"@type":"SearchAction","target":{"@type":"EntryPoint","urlTemplate":"https:\/\/www.webdo.tn\/fr\/?s={search_term_string}"},"query-input":{"@type":"PropertyValueSpecification","valueRequired":true,"valueName":"search_term_string"}}],"inLanguage":"fr-FR"},{"@type":"Organization","@id":"https:\/\/www.webdo.tn\/fr\/#organization","name":"Webdo","alternateName":"Webdo.tn","url":"https:\/\/www.webdo.tn\/fr\/","logo":{"@type":"ImageObject","inLanguage":"fr-FR","@id":"https:\/\/www.webdo.tn\/fr\/#\/schema\/logo\/image\/","url":"https:\/\/www.webdo.tn\/fr\/wp-content\/uploads\/2025\/06\/Webdo-Tunisie_168377.jpg","contentUrl":"https:\/\/www.webdo.tn\/fr\/wp-content\/uploads\/2025\/06\/Webdo-Tunisie_168377.jpg","width":301,"height":301,"caption":"Webdo"},"image":{"@id":"https:\/\/www.webdo.tn\/fr\/#\/schema\/logo\/image\/"},"sameAs":["https:\/\/www.facebook.com\/webdotn","https:\/\/x.com\/webdo_tn"],"description":"Webdo est un m\u00e9dia num\u00e9rique tunisien fond\u00e9 en 2010, sp\u00e9cialis\u00e9 dans l\u2019actualit\u00e9 nationale et internationale, l\u2019\u00e9conomie, la soci\u00e9t\u00e9 et les analyses politiques. Le site s\u2019adresse \u00e0 un large public francophone et couvre l\u2019information tunisienne en temps r\u00e9el.","email":"redac@webdo.tn","legalName":"YNJ SARL","foundingDate":"2010-09-06","numberOfEmployees":{"@type":"QuantitativeValue","minValue":"11","maxValue":"50"}},{"@type":"Person","@id":"https:\/\/www.webdo.tn\/fr\/#\/schema\/person\/c652cd8fc2b1b44412b5ffb48c5a911d","name":"Mohamed Hedi Touati","image":{"@type":"ImageObject","inLanguage":"fr-FR","@id":"https:\/\/secure.gravatar.com\/avatar\/9cfd402c745b7a685f13eed0ea6e59d2144a3c2fc50a3db6fd5ed451f6cddf1a?s=96&d=mm&r=g","url":"https:\/\/secure.gravatar.com\/avatar\/9cfd402c745b7a685f13eed0ea6e59d2144a3c2fc50a3db6fd5ed451f6cddf1a?s=96&d=mm&r=g","contentUrl":"https:\/\/secure.gravatar.com\/avatar\/9cfd402c745b7a685f13eed0ea6e59d2144a3c2fc50a3db6fd5ed451f6cddf1a?s=96&d=mm&r=g","caption":"Mohamed Hedi Touati"},"url":"https:\/\/www.webdo.tn\/fr\/actualite\/author\/mohamed-hedi-touati\/"}]}},"_links":{"self":[{"href":"https:\/\/www.webdo.tn\/fr\/wp-json\/wp\/v2\/posts\/380416","targetHints":{"allow":["GET"]}}],"collection":[{"href":"https:\/\/www.webdo.tn\/fr\/wp-json\/wp\/v2\/posts"}],"about":[{"href":"https:\/\/www.webdo.tn\/fr\/wp-json\/wp\/v2\/types\/post"}],"author":[{"embeddable":true,"href":"https:\/\/www.webdo.tn\/fr\/wp-json\/wp\/v2\/users\/3191"}],"replies":[{"embeddable":true,"href":"https:\/\/www.webdo.tn\/fr\/wp-json\/wp\/v2\/comments?post=380416"}],"version-history":[{"count":0,"href":"https:\/\/www.webdo.tn\/fr\/wp-json\/wp\/v2\/posts\/380416\/revisions"}],"wp:featuredmedia":[{"embeddable":true,"href":"https:\/\/www.webdo.tn\/fr\/wp-json\/wp\/v2\/media\/380417"}],"wp:attachment":[{"href":"https:\/\/www.webdo.tn\/fr\/wp-json\/wp\/v2\/media?parent=380416"}],"wp:term":[{"taxonomy":"category","embeddable":true,"href":"https:\/\/www.webdo.tn\/fr\/wp-json\/wp\/v2\/categories?post=380416"},{"taxonomy":"post_tag","embeddable":true,"href":"https:\/\/www.webdo.tn\/fr\/wp-json\/wp\/v2\/tags?post=380416"}],"curies":[{"name":"wp","href":"https:\/\/api.w.org\/{rel}","templated":true}]}}