{"id":380402,"date":"2025-07-27T10:03:39","date_gmt":"2025-07-27T09:03:39","guid":{"rendered":"https:\/\/www.webdo.tn\/fr\/?p=380402"},"modified":"2025-07-28T09:48:38","modified_gmt":"2025-07-28T08:48:38","slug":"mondiaux-de-natation-ahmed-jaouadi-renonce-au-400m-nl","status":"publish","type":"post","link":"https:\/\/www.webdo.tn\/fr\/actualite\/sport\/mondiaux-de-natation-ahmed-jaouadi-renonce-au-400m-nl\/380402\/","title":{"rendered":"Mondiaux de natation : Ahmed Jaouadi renonce au 400m NL"},"content":{"rendered":"\n<p><strong>Le nageur tunisien Ahmed Jaouadi a d\u00e9cid\u00e9 de faire l\u2019impasse sur le 400m nage libre aux Championnats du monde des sports aquatiques \u00e0 Singapour. Une d\u00e9cision strat\u00e9gique pour se focaliser sur ses \u00e9preuves de pr\u00e9dilection : le 800m et le 1500m NL.<\/strong><\/p>\n\n\n\n<p><strong>Jaouadi en lice le 29 juillet<\/strong><\/p>\n\n\n\n<p>Initialement inscrit pour disputer les qualifications du 400m NL le 27 juillet, Ahmed Jaouadi ne prendra finalement pas part \u00e0 cette course. Le directeur technique national de la F\u00e9d\u00e9ration tunisienne de natation (FTN), Seif Fehri, a pr\u00e9cis\u00e9 samedi \u00e0 l\u2019agence TAP que cette d\u00e9cision avait \u00e9t\u00e9 prise d\u2019un commun accord entre le nageur et le staff technique, afin d\u2019optimiser ses performances sur des distances plus longues.<\/p>\n\n\n\n<p>Jaouadi participera aux s\u00e9ries du 800m NL le 29 juillet \u00e0 4h16 (heure tunisienne), en visant une place en finale pr\u00e9vue le 30 juillet \u00e0 12h02. Il encha\u00eenera avec les s\u00e9ries du 1500m NL le 2 ao\u00fbt \u00e0 5h10, avec une \u00e9ventuelle finale programm\u00e9e le 3 ao\u00fbt \u00e0 12h29.<\/p>\n\n\n\n<p><strong>Un choix strat\u00e9gique<\/strong><\/p>\n\n\n\n<p>La d\u00e9cision est salu\u00e9e comme un choix strat\u00e9gique visant \u00e0 maximiser les chances du nageur tunisien dans ses sp\u00e9cialit\u00e9s, m\u00eame si elle prive la Tunisie d\u2019un repr\u00e9sentant au 400m. Le staff national mise clairement sur les longues distances.<\/p>\n\n\n\n<p>Les Championnats du monde des sports aquatiques se tiennent \u00e0 Singapour du 11 juillet au 3 ao\u00fbt et r\u00e9unissent six disciplines majeures. La d\u00e9l\u00e9gation tunisienne est compos\u00e9e, outre Ahmed Jaouadi, de Mohamed Yassine Ben Abbes (100m et 200m dos, 400m 4 nages), Belhassen Ben Miled (200m papillon) et Jamila Boulkab\u00e8che (800m NL).<\/p>\n\n\n\n<p><\/p>\n\n\n\n<ul class=\"wp-block-list\">\n<li>Lire aussi : <a href=\"https:\/\/www.webdo.tn\/fr\/actualite\/sport\/mondiaux-de-natation-quatre-nageurs-tunisiens-iront-a-singapour\/378706\/\">Mondiaux de natation\u00a0: Quatre nageurs tunisiens iront \u00e0 Singapour<\/a><\/li>\n<\/ul>\n","protected":false},"excerpt":{"rendered":"<p>Le nageur tunisien Ahmed Jaouadi a d\u00e9cid\u00e9 de faire l\u2019impasse sur le 400m nage libre aux Championnats du monde des sports aquatiques \u00e0 Singapour. Une d\u00e9cision strat\u00e9gique pour se focaliser sur ses \u00e9preuves de pr\u00e9dilection : le 800m et le 1500m NL. Jaouadi en lice le 29 juillet Initialement inscrit pour disputer les qualifications du [&hellip;]<\/p>\n","protected":false},"author":3191,"featured_media":380403,"comment_status":"open","ping_status":"open","sticky":false,"template":"","format":"standard","meta":{"footnotes":""},"categories":[2593],"tags":[3253,12074,3252,2608],"class_list":["post-380402","post","type-post","status-publish","format-standard","has-post-thumbnail","hentry","category-sport","tag-ahmed-jaouadi","tag-mondiaux-2","tag-natation","tag-tunisie"],"yoast_head":"<!-- This site is optimized with the Yoast SEO Premium plugin v27.5 (Yoast SEO v27.5) - https:\/\/yoast.com\/product\/yoast-seo-premium-wordpress\/ -->\n<title>Mondiaux de natation : Ahmed Jaouadi renonce au 400m NL - webdo<\/title>\n<meta name=\"description\" content=\"Ahmed Jaouadi renonce au 400m NL pour se concentrer sur le 800m et le 1500m. D\u00e9couvrez les raisons de cette d\u00e9cision.\" \/>\n<link rel=\"canonical\" href=\"https:\/\/www.webdo.tn\/fr\/actualite\/sport\/mondiaux-de-natation-ahmed-jaouadi-renonce-au-400m-nl\/380402\/\" \/>\n<meta property=\"og:locale\" content=\"fr_FR\" \/>\n<meta property=\"og:type\" content=\"article\" \/>\n<meta property=\"og:title\" content=\"Mondiaux de natation : Ahmed Jaouadi renonce au 400m NL\" \/>\n<meta property=\"og:description\" content=\"Ahmed Jaouadi renonce au 400m NL pour se concentrer sur le 800m et le 1500m. D\u00e9couvrez les raisons de cette d\u00e9cision.\" \/>\n<meta property=\"og:url\" content=\"https:\/\/www.webdo.tn\/fr\/actualite\/sport\/mondiaux-de-natation-ahmed-jaouadi-renonce-au-400m-nl\/380402\/\" \/>\n<meta property=\"og:site_name\" content=\"webdo\" \/>\n<meta property=\"article:publisher\" content=\"https:\/\/www.facebook.com\/webdotn\" \/>\n<meta property=\"article:published_time\" content=\"2025-07-27T09:03:39+00:00\" \/>\n<meta property=\"article:modified_time\" content=\"2025-07-28T08:48:38+00:00\" \/>\n<meta property=\"og:image\" content=\"https:\/\/www.webdo.tn\/fr\/wp-content\/uploads\/2025\/07\/Ahmed_Jaouadi_2.jpg\" \/>\n\t<meta property=\"og:image:width\" content=\"1070\" \/>\n\t<meta property=\"og:image:height\" content=\"610\" \/>\n\t<meta property=\"og:image:type\" content=\"image\/jpeg\" \/>\n<meta name=\"author\" content=\"Mohamed Hedi Touati\" \/>\n<meta name=\"twitter:card\" content=\"summary_large_image\" \/>\n<meta name=\"twitter:creator\" content=\"@webdo_tn\" \/>\n<meta name=\"twitter:site\" content=\"@webdo_tn\" \/>\n<meta name=\"twitter:label1\" content=\"\u00c9crit par\" \/>\n\t<meta name=\"twitter:data1\" content=\"Mohamed Hedi Touati\" \/>\n\t<meta name=\"twitter:label2\" content=\"Dur\u00e9e de lecture estim\u00e9e\" \/>\n\t<meta name=\"twitter:data2\" content=\"2 minutes\" \/>\n<script type=\"application\/ld+json\" class=\"yoast-schema-graph\">{\"@context\":\"https:\\\/\\\/schema.org\",\"@graph\":[{\"@type\":\"NewsArticle\",\"@id\":\"https:\\\/\\\/www.webdo.tn\\\/fr\\\/actualite\\\/sport\\\/mondiaux-de-natation-ahmed-jaouadi-renonce-au-400m-nl\\\/380402\\\/#article\",\"isPartOf\":{\"@id\":\"https:\\\/\\\/www.webdo.tn\\\/fr\\\/actualite\\\/sport\\\/mondiaux-de-natation-ahmed-jaouadi-renonce-au-400m-nl\\\/380402\\\/\"},\"author\":{\"name\":\"Mohamed Hedi Touati\",\"@id\":\"https:\\\/\\\/www.webdo.tn\\\/fr\\\/#\\\/schema\\\/person\\\/c652cd8fc2b1b44412b5ffb48c5a911d\"},\"headline\":\"Mondiaux de natation : Ahmed Jaouadi renonce au 400m NL\",\"datePublished\":\"2025-07-27T09:03:39+00:00\",\"dateModified\":\"2025-07-28T08:48:38+00:00\",\"mainEntityOfPage\":{\"@id\":\"https:\\\/\\\/www.webdo.tn\\\/fr\\\/actualite\\\/sport\\\/mondiaux-de-natation-ahmed-jaouadi-renonce-au-400m-nl\\\/380402\\\/\"},\"wordCount\":290,\"commentCount\":0,\"publisher\":{\"@id\":\"https:\\\/\\\/www.webdo.tn\\\/fr\\\/#organization\"},\"image\":{\"@id\":\"https:\\\/\\\/www.webdo.tn\\\/fr\\\/actualite\\\/sport\\\/mondiaux-de-natation-ahmed-jaouadi-renonce-au-400m-nl\\\/380402\\\/#primaryimage\"},\"thumbnailUrl\":\"https:\\\/\\\/www.webdo.tn\\\/fr\\\/wp-content\\\/uploads\\\/2025\\\/07\\\/Ahmed_Jaouadi_2.jpg\",\"keywords\":[\"Ahmed Jaouadi\",\"mondiaux\",\"natation\",\"Tunisie\"],\"articleSection\":[\"Sport\"],\"inLanguage\":\"fr-FR\"},{\"@type\":\"WebPage\",\"@id\":\"https:\\\/\\\/www.webdo.tn\\\/fr\\\/actualite\\\/sport\\\/mondiaux-de-natation-ahmed-jaouadi-renonce-au-400m-nl\\\/380402\\\/\",\"url\":\"https:\\\/\\\/www.webdo.tn\\\/fr\\\/actualite\\\/sport\\\/mondiaux-de-natation-ahmed-jaouadi-renonce-au-400m-nl\\\/380402\\\/\",\"name\":\"Mondiaux de natation : Ahmed Jaouadi renonce au 400m NL - webdo\",\"isPartOf\":{\"@id\":\"https:\\\/\\\/www.webdo.tn\\\/fr\\\/#website\"},\"primaryImageOfPage\":{\"@id\":\"https:\\\/\\\/www.webdo.tn\\\/fr\\\/actualite\\\/sport\\\/mondiaux-de-natation-ahmed-jaouadi-renonce-au-400m-nl\\\/380402\\\/#primaryimage\"},\"image\":{\"@id\":\"https:\\\/\\\/www.webdo.tn\\\/fr\\\/actualite\\\/sport\\\/mondiaux-de-natation-ahmed-jaouadi-renonce-au-400m-nl\\\/380402\\\/#primaryimage\"},\"thumbnailUrl\":\"https:\\\/\\\/www.webdo.tn\\\/fr\\\/wp-content\\\/uploads\\\/2025\\\/07\\\/Ahmed_Jaouadi_2.jpg\",\"datePublished\":\"2025-07-27T09:03:39+00:00\",\"dateModified\":\"2025-07-28T08:48:38+00:00\",\"description\":\"Ahmed Jaouadi renonce au 400m NL pour se concentrer sur le 800m et le 1500m. D\u00e9couvrez les raisons de cette d\u00e9cision.\",\"breadcrumb\":{\"@id\":\"https:\\\/\\\/www.webdo.tn\\\/fr\\\/actualite\\\/sport\\\/mondiaux-de-natation-ahmed-jaouadi-renonce-au-400m-nl\\\/380402\\\/#breadcrumb\"},\"inLanguage\":\"fr-FR\",\"potentialAction\":[{\"@type\":\"ReadAction\",\"target\":[\"https:\\\/\\\/www.webdo.tn\\\/fr\\\/actualite\\\/sport\\\/mondiaux-de-natation-ahmed-jaouadi-renonce-au-400m-nl\\\/380402\\\/\"]}]},{\"@type\":\"ImageObject\",\"inLanguage\":\"fr-FR\",\"@id\":\"https:\\\/\\\/www.webdo.tn\\\/fr\\\/actualite\\\/sport\\\/mondiaux-de-natation-ahmed-jaouadi-renonce-au-400m-nl\\\/380402\\\/#primaryimage\",\"url\":\"https:\\\/\\\/www.webdo.tn\\\/fr\\\/wp-content\\\/uploads\\\/2025\\\/07\\\/Ahmed_Jaouadi_2.jpg\",\"contentUrl\":\"https:\\\/\\\/www.webdo.tn\\\/fr\\\/wp-content\\\/uploads\\\/2025\\\/07\\\/Ahmed_Jaouadi_2.jpg\",\"width\":1070,\"height\":610,\"caption\":\"Mondiaux de natation : Ahmed Jaouadi renonce au 400m NL\"},{\"@type\":\"BreadcrumbList\",\"@id\":\"https:\\\/\\\/www.webdo.tn\\\/fr\\\/actualite\\\/sport\\\/mondiaux-de-natation-ahmed-jaouadi-renonce-au-400m-nl\\\/380402\\\/#breadcrumb\",\"itemListElement\":[{\"@type\":\"ListItem\",\"position\":1,\"name\":\"Accueil\",\"item\":\"https:\\\/\\\/www.webdo.tn\\\/fr\\\/\"},{\"@type\":\"ListItem\",\"position\":2,\"name\":\"Mondiaux de natation : Ahmed Jaouadi renonce au 400m NL\"}]},{\"@type\":\"WebSite\",\"@id\":\"https:\\\/\\\/www.webdo.tn\\\/fr\\\/#website\",\"url\":\"https:\\\/\\\/www.webdo.tn\\\/fr\\\/\",\"name\":\"webdo\",\"description\":\"Tunisie - News en Tunisie et \u00e0 l&#039;international sur Webdo.tn\",\"publisher\":{\"@id\":\"https:\\\/\\\/www.webdo.tn\\\/fr\\\/#organization\"},\"potentialAction\":[{\"@type\":\"SearchAction\",\"target\":{\"@type\":\"EntryPoint\",\"urlTemplate\":\"https:\\\/\\\/www.webdo.tn\\\/fr\\\/?s={search_term_string}\"},\"query-input\":{\"@type\":\"PropertyValueSpecification\",\"valueRequired\":true,\"valueName\":\"search_term_string\"}}],\"inLanguage\":\"fr-FR\"},{\"@type\":\"Organization\",\"@id\":\"https:\\\/\\\/www.webdo.tn\\\/fr\\\/#organization\",\"name\":\"Webdo\",\"alternateName\":\"Webdo.tn\",\"url\":\"https:\\\/\\\/www.webdo.tn\\\/fr\\\/\",\"logo\":{\"@type\":\"ImageObject\",\"inLanguage\":\"fr-FR\",\"@id\":\"https:\\\/\\\/www.webdo.tn\\\/fr\\\/#\\\/schema\\\/logo\\\/image\\\/\",\"url\":\"https:\\\/\\\/www.webdo.tn\\\/fr\\\/wp-content\\\/uploads\\\/2025\\\/06\\\/Webdo-Tunisie_168377.jpg\",\"contentUrl\":\"https:\\\/\\\/www.webdo.tn\\\/fr\\\/wp-content\\\/uploads\\\/2025\\\/06\\\/Webdo-Tunisie_168377.jpg\",\"width\":301,\"height\":301,\"caption\":\"Webdo\"},\"image\":{\"@id\":\"https:\\\/\\\/www.webdo.tn\\\/fr\\\/#\\\/schema\\\/logo\\\/image\\\/\"},\"sameAs\":[\"https:\\\/\\\/www.facebook.com\\\/webdotn\",\"https:\\\/\\\/x.com\\\/webdo_tn\"],\"description\":\"Webdo est un m\u00e9dia num\u00e9rique tunisien fond\u00e9 en 2010, sp\u00e9cialis\u00e9 dans l\u2019actualit\u00e9 nationale et internationale, l\u2019\u00e9conomie, la soci\u00e9t\u00e9 et les analyses politiques. Le site s\u2019adresse \u00e0 un large public francophone et couvre l\u2019information tunisienne en temps r\u00e9el.\",\"email\":\"redac@webdo.tn\",\"legalName\":\"YNJ SARL\",\"foundingDate\":\"2010-09-06\",\"numberOfEmployees\":{\"@type\":\"QuantitativeValue\",\"minValue\":\"11\",\"maxValue\":\"50\"}},{\"@type\":\"Person\",\"@id\":\"https:\\\/\\\/www.webdo.tn\\\/fr\\\/#\\\/schema\\\/person\\\/c652cd8fc2b1b44412b5ffb48c5a911d\",\"name\":\"Mohamed Hedi Touati\",\"image\":{\"@type\":\"ImageObject\",\"inLanguage\":\"fr-FR\",\"@id\":\"https:\\\/\\\/secure.gravatar.com\\\/avatar\\\/9cfd402c745b7a685f13eed0ea6e59d2144a3c2fc50a3db6fd5ed451f6cddf1a?s=96&d=mm&r=g\",\"url\":\"https:\\\/\\\/secure.gravatar.com\\\/avatar\\\/9cfd402c745b7a685f13eed0ea6e59d2144a3c2fc50a3db6fd5ed451f6cddf1a?s=96&d=mm&r=g\",\"contentUrl\":\"https:\\\/\\\/secure.gravatar.com\\\/avatar\\\/9cfd402c745b7a685f13eed0ea6e59d2144a3c2fc50a3db6fd5ed451f6cddf1a?s=96&d=mm&r=g\",\"caption\":\"Mohamed Hedi Touati\"},\"url\":\"https:\\\/\\\/www.webdo.tn\\\/fr\\\/actualite\\\/author\\\/mohamed-hedi-touati\\\/\"}]}<\/script>\n<!-- \/ Yoast SEO Premium plugin. -->","yoast_head_json":{"title":"Mondiaux de natation : Ahmed Jaouadi renonce au 400m NL - webdo","description":"Ahmed Jaouadi renonce au 400m NL pour se concentrer sur le 800m et le 1500m. D\u00e9couvrez les raisons de cette d\u00e9cision.","canonical":"https:\/\/www.webdo.tn\/fr\/actualite\/sport\/mondiaux-de-natation-ahmed-jaouadi-renonce-au-400m-nl\/380402\/","og_locale":"fr_FR","og_type":"article","og_title":"Mondiaux de natation : Ahmed Jaouadi renonce au 400m NL","og_description":"Ahmed Jaouadi renonce au 400m NL pour se concentrer sur le 800m et le 1500m. D\u00e9couvrez les raisons de cette d\u00e9cision.","og_url":"https:\/\/www.webdo.tn\/fr\/actualite\/sport\/mondiaux-de-natation-ahmed-jaouadi-renonce-au-400m-nl\/380402\/","og_site_name":"webdo","article_publisher":"https:\/\/www.facebook.com\/webdotn","article_published_time":"2025-07-27T09:03:39+00:00","article_modified_time":"2025-07-28T08:48:38+00:00","og_image":[{"width":1070,"height":610,"url":"https:\/\/www.webdo.tn\/fr\/wp-content\/uploads\/2025\/07\/Ahmed_Jaouadi_2.jpg","type":"image\/jpeg"}],"author":"Mohamed Hedi Touati","twitter_card":"summary_large_image","twitter_creator":"@webdo_tn","twitter_site":"@webdo_tn","twitter_misc":{"\u00c9crit par":"Mohamed Hedi Touati","Dur\u00e9e de lecture estim\u00e9e":"2 minutes"},"schema":{"@context":"https:\/\/schema.org","@graph":[{"@type":"NewsArticle","@id":"https:\/\/www.webdo.tn\/fr\/actualite\/sport\/mondiaux-de-natation-ahmed-jaouadi-renonce-au-400m-nl\/380402\/#article","isPartOf":{"@id":"https:\/\/www.webdo.tn\/fr\/actualite\/sport\/mondiaux-de-natation-ahmed-jaouadi-renonce-au-400m-nl\/380402\/"},"author":{"name":"Mohamed Hedi Touati","@id":"https:\/\/www.webdo.tn\/fr\/#\/schema\/person\/c652cd8fc2b1b44412b5ffb48c5a911d"},"headline":"Mondiaux de natation : Ahmed Jaouadi renonce au 400m NL","datePublished":"2025-07-27T09:03:39+00:00","dateModified":"2025-07-28T08:48:38+00:00","mainEntityOfPage":{"@id":"https:\/\/www.webdo.tn\/fr\/actualite\/sport\/mondiaux-de-natation-ahmed-jaouadi-renonce-au-400m-nl\/380402\/"},"wordCount":290,"commentCount":0,"publisher":{"@id":"https:\/\/www.webdo.tn\/fr\/#organization"},"image":{"@id":"https:\/\/www.webdo.tn\/fr\/actualite\/sport\/mondiaux-de-natation-ahmed-jaouadi-renonce-au-400m-nl\/380402\/#primaryimage"},"thumbnailUrl":"https:\/\/www.webdo.tn\/fr\/wp-content\/uploads\/2025\/07\/Ahmed_Jaouadi_2.jpg","keywords":["Ahmed Jaouadi","mondiaux","natation","Tunisie"],"articleSection":["Sport"],"inLanguage":"fr-FR"},{"@type":"WebPage","@id":"https:\/\/www.webdo.tn\/fr\/actualite\/sport\/mondiaux-de-natation-ahmed-jaouadi-renonce-au-400m-nl\/380402\/","url":"https:\/\/www.webdo.tn\/fr\/actualite\/sport\/mondiaux-de-natation-ahmed-jaouadi-renonce-au-400m-nl\/380402\/","name":"Mondiaux de natation : Ahmed Jaouadi renonce au 400m NL - webdo","isPartOf":{"@id":"https:\/\/www.webdo.tn\/fr\/#website"},"primaryImageOfPage":{"@id":"https:\/\/www.webdo.tn\/fr\/actualite\/sport\/mondiaux-de-natation-ahmed-jaouadi-renonce-au-400m-nl\/380402\/#primaryimage"},"image":{"@id":"https:\/\/www.webdo.tn\/fr\/actualite\/sport\/mondiaux-de-natation-ahmed-jaouadi-renonce-au-400m-nl\/380402\/#primaryimage"},"thumbnailUrl":"https:\/\/www.webdo.tn\/fr\/wp-content\/uploads\/2025\/07\/Ahmed_Jaouadi_2.jpg","datePublished":"2025-07-27T09:03:39+00:00","dateModified":"2025-07-28T08:48:38+00:00","description":"Ahmed Jaouadi renonce au 400m NL pour se concentrer sur le 800m et le 1500m. D\u00e9couvrez les raisons de cette d\u00e9cision.","breadcrumb":{"@id":"https:\/\/www.webdo.tn\/fr\/actualite\/sport\/mondiaux-de-natation-ahmed-jaouadi-renonce-au-400m-nl\/380402\/#breadcrumb"},"inLanguage":"fr-FR","potentialAction":[{"@type":"ReadAction","target":["https:\/\/www.webdo.tn\/fr\/actualite\/sport\/mondiaux-de-natation-ahmed-jaouadi-renonce-au-400m-nl\/380402\/"]}]},{"@type":"ImageObject","inLanguage":"fr-FR","@id":"https:\/\/www.webdo.tn\/fr\/actualite\/sport\/mondiaux-de-natation-ahmed-jaouadi-renonce-au-400m-nl\/380402\/#primaryimage","url":"https:\/\/www.webdo.tn\/fr\/wp-content\/uploads\/2025\/07\/Ahmed_Jaouadi_2.jpg","contentUrl":"https:\/\/www.webdo.tn\/fr\/wp-content\/uploads\/2025\/07\/Ahmed_Jaouadi_2.jpg","width":1070,"height":610,"caption":"Mondiaux de natation : Ahmed Jaouadi renonce au 400m NL"},{"@type":"BreadcrumbList","@id":"https:\/\/www.webdo.tn\/fr\/actualite\/sport\/mondiaux-de-natation-ahmed-jaouadi-renonce-au-400m-nl\/380402\/#breadcrumb","itemListElement":[{"@type":"ListItem","position":1,"name":"Accueil","item":"https:\/\/www.webdo.tn\/fr\/"},{"@type":"ListItem","position":2,"name":"Mondiaux de natation : Ahmed Jaouadi renonce au 400m NL"}]},{"@type":"WebSite","@id":"https:\/\/www.webdo.tn\/fr\/#website","url":"https:\/\/www.webdo.tn\/fr\/","name":"webdo","description":"Tunisie - News en Tunisie et \u00e0 l&#039;international sur Webdo.tn","publisher":{"@id":"https:\/\/www.webdo.tn\/fr\/#organization"},"potentialAction":[{"@type":"SearchAction","target":{"@type":"EntryPoint","urlTemplate":"https:\/\/www.webdo.tn\/fr\/?s={search_term_string}"},"query-input":{"@type":"PropertyValueSpecification","valueRequired":true,"valueName":"search_term_string"}}],"inLanguage":"fr-FR"},{"@type":"Organization","@id":"https:\/\/www.webdo.tn\/fr\/#organization","name":"Webdo","alternateName":"Webdo.tn","url":"https:\/\/www.webdo.tn\/fr\/","logo":{"@type":"ImageObject","inLanguage":"fr-FR","@id":"https:\/\/www.webdo.tn\/fr\/#\/schema\/logo\/image\/","url":"https:\/\/www.webdo.tn\/fr\/wp-content\/uploads\/2025\/06\/Webdo-Tunisie_168377.jpg","contentUrl":"https:\/\/www.webdo.tn\/fr\/wp-content\/uploads\/2025\/06\/Webdo-Tunisie_168377.jpg","width":301,"height":301,"caption":"Webdo"},"image":{"@id":"https:\/\/www.webdo.tn\/fr\/#\/schema\/logo\/image\/"},"sameAs":["https:\/\/www.facebook.com\/webdotn","https:\/\/x.com\/webdo_tn"],"description":"Webdo est un m\u00e9dia num\u00e9rique tunisien fond\u00e9 en 2010, sp\u00e9cialis\u00e9 dans l\u2019actualit\u00e9 nationale et internationale, l\u2019\u00e9conomie, la soci\u00e9t\u00e9 et les analyses politiques. Le site s\u2019adresse \u00e0 un large public francophone et couvre l\u2019information tunisienne en temps r\u00e9el.","email":"redac@webdo.tn","legalName":"YNJ SARL","foundingDate":"2010-09-06","numberOfEmployees":{"@type":"QuantitativeValue","minValue":"11","maxValue":"50"}},{"@type":"Person","@id":"https:\/\/www.webdo.tn\/fr\/#\/schema\/person\/c652cd8fc2b1b44412b5ffb48c5a911d","name":"Mohamed Hedi Touati","image":{"@type":"ImageObject","inLanguage":"fr-FR","@id":"https:\/\/secure.gravatar.com\/avatar\/9cfd402c745b7a685f13eed0ea6e59d2144a3c2fc50a3db6fd5ed451f6cddf1a?s=96&d=mm&r=g","url":"https:\/\/secure.gravatar.com\/avatar\/9cfd402c745b7a685f13eed0ea6e59d2144a3c2fc50a3db6fd5ed451f6cddf1a?s=96&d=mm&r=g","contentUrl":"https:\/\/secure.gravatar.com\/avatar\/9cfd402c745b7a685f13eed0ea6e59d2144a3c2fc50a3db6fd5ed451f6cddf1a?s=96&d=mm&r=g","caption":"Mohamed Hedi Touati"},"url":"https:\/\/www.webdo.tn\/fr\/actualite\/author\/mohamed-hedi-touati\/"}]}},"_links":{"self":[{"href":"https:\/\/www.webdo.tn\/fr\/wp-json\/wp\/v2\/posts\/380402","targetHints":{"allow":["GET"]}}],"collection":[{"href":"https:\/\/www.webdo.tn\/fr\/wp-json\/wp\/v2\/posts"}],"about":[{"href":"https:\/\/www.webdo.tn\/fr\/wp-json\/wp\/v2\/types\/post"}],"author":[{"embeddable":true,"href":"https:\/\/www.webdo.tn\/fr\/wp-json\/wp\/v2\/users\/3191"}],"replies":[{"embeddable":true,"href":"https:\/\/www.webdo.tn\/fr\/wp-json\/wp\/v2\/comments?post=380402"}],"version-history":[{"count":0,"href":"https:\/\/www.webdo.tn\/fr\/wp-json\/wp\/v2\/posts\/380402\/revisions"}],"wp:featuredmedia":[{"embeddable":true,"href":"https:\/\/www.webdo.tn\/fr\/wp-json\/wp\/v2\/media\/380403"}],"wp:attachment":[{"href":"https:\/\/www.webdo.tn\/fr\/wp-json\/wp\/v2\/media?parent=380402"}],"wp:term":[{"taxonomy":"category","embeddable":true,"href":"https:\/\/www.webdo.tn\/fr\/wp-json\/wp\/v2\/categories?post=380402"},{"taxonomy":"post_tag","embeddable":true,"href":"https:\/\/www.webdo.tn\/fr\/wp-json\/wp\/v2\/tags?post=380402"}],"curies":[{"name":"wp","href":"https:\/\/api.w.org\/{rel}","templated":true}]}}