{"id":380359,"date":"2025-07-25T13:16:02","date_gmt":"2025-07-25T12:16:02","guid":{"rendered":"https:\/\/www.webdo.tn\/fr\/?p=380359"},"modified":"2025-07-27T09:54:10","modified_gmt":"2025-07-27T08:54:10","slug":"tunisie-le-marche-automobile-depasse-les-42-000-ventes-au-premier-semestre-2025","status":"publish","type":"post","link":"https:\/\/www.webdo.tn\/fr\/actualite\/national\/tunisie-le-marche-automobile-depasse-les-42-000-ventes-au-premier-semestre-2025\/380359\/","title":{"rendered":"Tunisie : le march\u00e9 automobile d\u00e9passe les 42 000 ventes au premier semestre 2025"},"content":{"rendered":"\n<p><strong>Le march\u00e9 automobile tunisien affiche une nette progression depuis le d\u00e9but de l\u2019ann\u00e9e. Selon les chiffres de la Chambre nationale des agents et fabricants de voitures, 42 367 v\u00e9hicules ont \u00e9t\u00e9 vendus entre janvier et juin 2025. En comparaison, 35 181 voitures avaient trouv\u00e9 preneur sur la m\u00eame p\u00e9riode en 2024. <\/strong><\/p>\n\n\n\n<h3 class=\"wp-block-heading\" id=\"h-le-secteur-officiel-progresse-le-marche-parallele-explose\">Le secteur officiel progresse, le march\u00e9 parall\u00e8le explose<\/h3>\n\n\n\n<p>Les concessionnaires agr\u00e9\u00e9s ont vendu 30 089 voitures, soit une hausse de 13 % par rapport \u00e0 l\u2019an dernier. Cette am\u00e9lioration confirme la reprise d\u2019un march\u00e9 qui reste sensible aux conditions \u00e9conomiques.<br>De son c\u00f4t\u00e9, le secteur parall\u00e8le enregistre une croissance impressionnante. Il a \u00e9coul\u00e9 12 278 v\u00e9hicules en six mois, contre 8 692 un an plus t\u00f4t. Cela repr\u00e9sente une progression de 41 %.<br>Ce segment inclut notamment les voitures import\u00e9es dans le cadre du r\u00e9gime douanier \u00ab FCR \u00bb, r\u00e9serv\u00e9 aux Tunisiens r\u00e9sidant \u00e0 l\u2019\u00e9tranger, ainsi que celles vendues dans des points de vente non agr\u00e9\u00e9s.<\/p>\n\n\n\n<h3 class=\"wp-block-heading\" id=\"h-les-marques-asiatiques-en-tete-des-ventes\">Les marques asiatiques en t\u00eate des ventes<\/h3>\n\n\n\n<p>Parall\u00e8lement \u00e0 cette progression g\u00e9n\u00e9rale, certaines marques se distinguent nettement. Les constructeurs asiatiques occupent les quatre premi\u00e8res places du classement des ventes. Leur succ\u00e8s s\u2019explique par des prix comp\u00e9titifs, une fiabilit\u00e9 reconnue et un bon maillage du service apr\u00e8s-vente.<br>Cette domination s\u2019\u00e9tend \u00e9galement aux voitures dites \u00ab populaires \u00bb, qui continuent d\u2019attirer les m\u00e9nages modestes.<\/p>\n\n\n\n<h3 class=\"wp-block-heading\" id=\"h-les-voitures-populaires-gagnent-du-terrain\">Les voitures populaires gagnent du terrain<\/h3>\n\n\n\n<p>La demande pour les voitures populaires a fortement augment\u00e9 au cours du premier semestre. Au total, 5 056 unit\u00e9s ont \u00e9t\u00e9 vendues, contre 3 191 en 2024 sur la m\u00eame p\u00e9riode. Ce segment reste partag\u00e9 entre sept marques, majoritairement asiatiques.<br>Les mod\u00e8les les plus accessibles co\u00fbtent autour de 28 900 dinars, tandis que les plus chers atteignent 35 400 dinars. Ce positionnement tarifaire en fait une solution privil\u00e9gi\u00e9e pour de nombreux Tunisiens.<\/p>\n\n\n\n<hr class=\"wp-block-separator has-alpha-channel-opacity\"\/>\n\n\n\n<p><\/p>\n","protected":false},"excerpt":{"rendered":"<p>Le march\u00e9 automobile tunisien affiche une nette progression depuis le d\u00e9but de l\u2019ann\u00e9e. Selon les chiffres de la Chambre nationale des agents et fabricants de voitures, 42 367 v\u00e9hicules ont \u00e9t\u00e9 vendus entre janvier et juin 2025. En comparaison, 35 181 voitures avaient trouv\u00e9 preneur sur la m\u00eame p\u00e9riode en 2024. Le secteur officiel progresse, [&hellip;]<\/p>\n","protected":false},"author":4782,"featured_media":310584,"comment_status":"open","ping_status":"open","sticky":false,"template":"","format":"standard","meta":{"footnotes":""},"categories":[44],"tags":[2841,3854,2608],"class_list":["post-380359","post","type-post","status-publish","format-standard","has-post-thumbnail","hentry","category-national","tag-automobile","tag-croissance","tag-tunisie"],"yoast_head":"<!-- This site is optimized with the Yoast SEO Premium plugin v27.4 (Yoast SEO v27.5) - https:\/\/yoast.com\/product\/yoast-seo-premium-wordpress\/ -->\n<title>Tunisie : le march\u00e9 automobile d\u00e9passe les 42 000 ventes au premier semestre 2025 - webdo<\/title>\n<meta name=\"description\" content=\"Le march\u00e9 automobile tunisien conna\u00eet une progression impressionnante en 2025. Explorez les chiffres et les tendances actuelles.\" \/>\n<link rel=\"canonical\" href=\"https:\/\/www.webdo.tn\/fr\/actualite\/national\/tunisie-le-marche-automobile-depasse-les-42-000-ventes-au-premier-semestre-2025\/380359\/\" \/>\n<meta property=\"og:locale\" content=\"fr_FR\" \/>\n<meta property=\"og:type\" content=\"article\" \/>\n<meta property=\"og:title\" content=\"Tunisie : le march\u00e9 automobile d\u00e9passe les 42 000 ventes au premier semestre 2025\" \/>\n<meta property=\"og:description\" content=\"Le march\u00e9 automobile tunisien conna\u00eet une progression impressionnante en 2025. Explorez les chiffres et les tendances actuelles.\" \/>\n<meta property=\"og:url\" content=\"https:\/\/www.webdo.tn\/fr\/actualite\/national\/tunisie-le-marche-automobile-depasse-les-42-000-ventes-au-premier-semestre-2025\/380359\/\" \/>\n<meta property=\"og:site_name\" content=\"webdo\" \/>\n<meta property=\"article:publisher\" content=\"https:\/\/www.facebook.com\/webdotn\" \/>\n<meta property=\"article:published_time\" content=\"2025-07-25T12:16:02+00:00\" \/>\n<meta property=\"article:modified_time\" content=\"2025-07-27T08:54:10+00:00\" \/>\n<meta property=\"og:image\" content=\"https:\/\/www.webdo.tn\/fr\/wp-content\/uploads\/2017\/04\/Automobile-1.jpg\" \/>\n\t<meta property=\"og:image:width\" content=\"655\" \/>\n\t<meta property=\"og:image:height\" content=\"320\" \/>\n\t<meta property=\"og:image:type\" content=\"image\/jpeg\" \/>\n<meta name=\"author\" content=\"Mohamed Fethi\" \/>\n<meta name=\"twitter:card\" content=\"summary_large_image\" \/>\n<meta name=\"twitter:creator\" content=\"@webdo_tn\" \/>\n<meta name=\"twitter:site\" content=\"@webdo_tn\" \/>\n<meta name=\"twitter:label1\" content=\"\u00c9crit par\" \/>\n\t<meta name=\"twitter:data1\" content=\"Mohamed Fethi\" \/>\n\t<meta name=\"twitter:label2\" content=\"Dur\u00e9e de lecture estim\u00e9e\" \/>\n\t<meta name=\"twitter:data2\" content=\"2 minutes\" \/>\n<script type=\"application\/ld+json\" class=\"yoast-schema-graph\">{\"@context\":\"https:\\\/\\\/schema.org\",\"@graph\":[{\"@type\":\"NewsArticle\",\"@id\":\"https:\\\/\\\/www.webdo.tn\\\/fr\\\/actualite\\\/national\\\/tunisie-le-marche-automobile-depasse-les-42-000-ventes-au-premier-semestre-2025\\\/380359\\\/#article\",\"isPartOf\":{\"@id\":\"https:\\\/\\\/www.webdo.tn\\\/fr\\\/actualite\\\/national\\\/tunisie-le-marche-automobile-depasse-les-42-000-ventes-au-premier-semestre-2025\\\/380359\\\/\"},\"author\":{\"name\":\"Mohamed Fethi\",\"@id\":\"https:\\\/\\\/www.webdo.tn\\\/fr\\\/#\\\/schema\\\/person\\\/16a4857e77dfc0b610c4c2cadffc9ac4\"},\"headline\":\"Tunisie : le march\u00e9 automobile d\u00e9passe les 42 000 ventes au premier semestre 2025\",\"datePublished\":\"2025-07-25T12:16:02+00:00\",\"dateModified\":\"2025-07-27T08:54:10+00:00\",\"mainEntityOfPage\":{\"@id\":\"https:\\\/\\\/www.webdo.tn\\\/fr\\\/actualite\\\/national\\\/tunisie-le-marche-automobile-depasse-les-42-000-ventes-au-premier-semestre-2025\\\/380359\\\/\"},\"wordCount\":317,\"commentCount\":0,\"publisher\":{\"@id\":\"https:\\\/\\\/www.webdo.tn\\\/fr\\\/#organization\"},\"image\":{\"@id\":\"https:\\\/\\\/www.webdo.tn\\\/fr\\\/actualite\\\/national\\\/tunisie-le-marche-automobile-depasse-les-42-000-ventes-au-premier-semestre-2025\\\/380359\\\/#primaryimage\"},\"thumbnailUrl\":\"https:\\\/\\\/www.webdo.tn\\\/fr\\\/wp-content\\\/uploads\\\/2017\\\/04\\\/Automobile-1.jpg\",\"keywords\":[\"Automobile\",\"Croissance\",\"Tunisie\"],\"articleSection\":[\"National\"],\"inLanguage\":\"fr-FR\"},{\"@type\":\"WebPage\",\"@id\":\"https:\\\/\\\/www.webdo.tn\\\/fr\\\/actualite\\\/national\\\/tunisie-le-marche-automobile-depasse-les-42-000-ventes-au-premier-semestre-2025\\\/380359\\\/\",\"url\":\"https:\\\/\\\/www.webdo.tn\\\/fr\\\/actualite\\\/national\\\/tunisie-le-marche-automobile-depasse-les-42-000-ventes-au-premier-semestre-2025\\\/380359\\\/\",\"name\":\"Tunisie : le march\u00e9 automobile d\u00e9passe les 42 000 ventes au premier semestre 2025 - webdo\",\"isPartOf\":{\"@id\":\"https:\\\/\\\/www.webdo.tn\\\/fr\\\/#website\"},\"primaryImageOfPage\":{\"@id\":\"https:\\\/\\\/www.webdo.tn\\\/fr\\\/actualite\\\/national\\\/tunisie-le-marche-automobile-depasse-les-42-000-ventes-au-premier-semestre-2025\\\/380359\\\/#primaryimage\"},\"image\":{\"@id\":\"https:\\\/\\\/www.webdo.tn\\\/fr\\\/actualite\\\/national\\\/tunisie-le-marche-automobile-depasse-les-42-000-ventes-au-premier-semestre-2025\\\/380359\\\/#primaryimage\"},\"thumbnailUrl\":\"https:\\\/\\\/www.webdo.tn\\\/fr\\\/wp-content\\\/uploads\\\/2017\\\/04\\\/Automobile-1.jpg\",\"datePublished\":\"2025-07-25T12:16:02+00:00\",\"dateModified\":\"2025-07-27T08:54:10+00:00\",\"description\":\"Le march\u00e9 automobile tunisien conna\u00eet une progression impressionnante en 2025. Explorez les chiffres et les tendances actuelles.\",\"breadcrumb\":{\"@id\":\"https:\\\/\\\/www.webdo.tn\\\/fr\\\/actualite\\\/national\\\/tunisie-le-marche-automobile-depasse-les-42-000-ventes-au-premier-semestre-2025\\\/380359\\\/#breadcrumb\"},\"inLanguage\":\"fr-FR\",\"potentialAction\":[{\"@type\":\"ReadAction\",\"target\":[\"https:\\\/\\\/www.webdo.tn\\\/fr\\\/actualite\\\/national\\\/tunisie-le-marche-automobile-depasse-les-42-000-ventes-au-premier-semestre-2025\\\/380359\\\/\"]}]},{\"@type\":\"ImageObject\",\"inLanguage\":\"fr-FR\",\"@id\":\"https:\\\/\\\/www.webdo.tn\\\/fr\\\/actualite\\\/national\\\/tunisie-le-marche-automobile-depasse-les-42-000-ventes-au-premier-semestre-2025\\\/380359\\\/#primaryimage\",\"url\":\"https:\\\/\\\/www.webdo.tn\\\/fr\\\/wp-content\\\/uploads\\\/2017\\\/04\\\/Automobile-1.jpg\",\"contentUrl\":\"https:\\\/\\\/www.webdo.tn\\\/fr\\\/wp-content\\\/uploads\\\/2017\\\/04\\\/Automobile-1.jpg\",\"width\":655,\"height\":320,\"caption\":\"Yazaki, Mercedes... Des constructeurs automobiles font leur comeback en Tunisie\"},{\"@type\":\"BreadcrumbList\",\"@id\":\"https:\\\/\\\/www.webdo.tn\\\/fr\\\/actualite\\\/national\\\/tunisie-le-marche-automobile-depasse-les-42-000-ventes-au-premier-semestre-2025\\\/380359\\\/#breadcrumb\",\"itemListElement\":[{\"@type\":\"ListItem\",\"position\":1,\"name\":\"Accueil\",\"item\":\"https:\\\/\\\/www.webdo.tn\\\/fr\\\/\"},{\"@type\":\"ListItem\",\"position\":2,\"name\":\"Tunisie : le march\u00e9 automobile d\u00e9passe les 42 000 ventes au premier semestre 2025\"}]},{\"@type\":\"WebSite\",\"@id\":\"https:\\\/\\\/www.webdo.tn\\\/fr\\\/#website\",\"url\":\"https:\\\/\\\/www.webdo.tn\\\/fr\\\/\",\"name\":\"webdo\",\"description\":\"Tunisie - News en Tunisie et \u00e0 l&#039;international sur Webdo.tn\",\"publisher\":{\"@id\":\"https:\\\/\\\/www.webdo.tn\\\/fr\\\/#organization\"},\"potentialAction\":[{\"@type\":\"SearchAction\",\"target\":{\"@type\":\"EntryPoint\",\"urlTemplate\":\"https:\\\/\\\/www.webdo.tn\\\/fr\\\/?s={search_term_string}\"},\"query-input\":{\"@type\":\"PropertyValueSpecification\",\"valueRequired\":true,\"valueName\":\"search_term_string\"}}],\"inLanguage\":\"fr-FR\"},{\"@type\":\"Organization\",\"@id\":\"https:\\\/\\\/www.webdo.tn\\\/fr\\\/#organization\",\"name\":\"Webdo\",\"alternateName\":\"Webdo.tn\",\"url\":\"https:\\\/\\\/www.webdo.tn\\\/fr\\\/\",\"logo\":{\"@type\":\"ImageObject\",\"inLanguage\":\"fr-FR\",\"@id\":\"https:\\\/\\\/www.webdo.tn\\\/fr\\\/#\\\/schema\\\/logo\\\/image\\\/\",\"url\":\"https:\\\/\\\/www.webdo.tn\\\/fr\\\/wp-content\\\/uploads\\\/2025\\\/06\\\/Webdo-Tunisie_168377.jpg\",\"contentUrl\":\"https:\\\/\\\/www.webdo.tn\\\/fr\\\/wp-content\\\/uploads\\\/2025\\\/06\\\/Webdo-Tunisie_168377.jpg\",\"width\":301,\"height\":301,\"caption\":\"Webdo\"},\"image\":{\"@id\":\"https:\\\/\\\/www.webdo.tn\\\/fr\\\/#\\\/schema\\\/logo\\\/image\\\/\"},\"sameAs\":[\"https:\\\/\\\/www.facebook.com\\\/webdotn\",\"https:\\\/\\\/x.com\\\/webdo_tn\"],\"description\":\"Webdo est un m\u00e9dia num\u00e9rique tunisien fond\u00e9 en 2010, sp\u00e9cialis\u00e9 dans l\u2019actualit\u00e9 nationale et internationale, l\u2019\u00e9conomie, la soci\u00e9t\u00e9 et les analyses politiques. Le site s\u2019adresse \u00e0 un large public francophone et couvre l\u2019information tunisienne en temps r\u00e9el.\",\"email\":\"redac@webdo.tn\",\"legalName\":\"YNJ SARL\",\"foundingDate\":\"2010-09-06\",\"numberOfEmployees\":{\"@type\":\"QuantitativeValue\",\"minValue\":\"11\",\"maxValue\":\"50\"}},{\"@type\":\"Person\",\"@id\":\"https:\\\/\\\/www.webdo.tn\\\/fr\\\/#\\\/schema\\\/person\\\/16a4857e77dfc0b610c4c2cadffc9ac4\",\"name\":\"Mohamed Fethi\",\"image\":{\"@type\":\"ImageObject\",\"inLanguage\":\"fr-FR\",\"@id\":\"https:\\\/\\\/www.webdo.tn\\\/fr\\\/wp-content\\\/uploads\\\/2026\\\/04\\\/mohamed-fethi_avatar_1-96x96.jpg\",\"url\":\"https:\\\/\\\/www.webdo.tn\\\/fr\\\/wp-content\\\/uploads\\\/2026\\\/04\\\/mohamed-fethi_avatar_1-96x96.jpg\",\"contentUrl\":\"https:\\\/\\\/www.webdo.tn\\\/fr\\\/wp-content\\\/uploads\\\/2026\\\/04\\\/mohamed-fethi_avatar_1-96x96.jpg\",\"caption\":\"Mohamed Fethi\"},\"description\":\"Signature \u00e9ditoriale de Maher Chaabane Mohamed Fethi est le pseudonyme \u00e9ditorial de Maher Chaabane, r\u00e9dacteur en chef de Webdo.tn depuis 2012. Cette signature est d\u00e9di\u00e9e au traitement intensif de l'actualit\u00e9 nationale et internationale en temps r\u00e9el. S'appuyant sur les deux d\u00e9cennies d'expertise journalistique de Maher Chaabane \u2014 d\u00e9but\u00e9e au sein du groupe Tunis Hebdo en 2000 \u2014 Mohamed Fethi assure une veille rigoureuse sur les enjeux politiques, \u00e9conomiques et sportifs. Sa mission est de garantir une information structur\u00e9e, fluide et fid\u00e8le aux standards de la r\u00e9daction. Pour consulter le parcours complet du r\u00e9dacteur en chef, visitez le profil officiel de Maher Chaabane.\",\"knowsAbout\":[\"actualit\u00e9\",\"journalisme\",\"information\",\"politique\",\"sport\",\"m\u00e9dias\",\"actualit\u00e9 internationale\"],\"knowsLanguage\":[\"Fran\u00e7ais\",\"Arabe\"],\"jobTitle\":\"Journaliste \u2013 R\u00e9daction Webdo\",\"worksFor\":\"Webdo.tn\",\"url\":\"https:\\\/\\\/www.webdo.tn\\\/fr\\\/actualite\\\/author\\\/mohamed-fethi\\\/\"}]}<\/script>\n<!-- \/ Yoast SEO Premium plugin. -->","yoast_head_json":{"title":"Tunisie : le march\u00e9 automobile d\u00e9passe les 42 000 ventes au premier semestre 2025 - webdo","description":"Le march\u00e9 automobile tunisien conna\u00eet une progression impressionnante en 2025. Explorez les chiffres et les tendances actuelles.","canonical":"https:\/\/www.webdo.tn\/fr\/actualite\/national\/tunisie-le-marche-automobile-depasse-les-42-000-ventes-au-premier-semestre-2025\/380359\/","og_locale":"fr_FR","og_type":"article","og_title":"Tunisie : le march\u00e9 automobile d\u00e9passe les 42 000 ventes au premier semestre 2025","og_description":"Le march\u00e9 automobile tunisien conna\u00eet une progression impressionnante en 2025. Explorez les chiffres et les tendances actuelles.","og_url":"https:\/\/www.webdo.tn\/fr\/actualite\/national\/tunisie-le-marche-automobile-depasse-les-42-000-ventes-au-premier-semestre-2025\/380359\/","og_site_name":"webdo","article_publisher":"https:\/\/www.facebook.com\/webdotn","article_published_time":"2025-07-25T12:16:02+00:00","article_modified_time":"2025-07-27T08:54:10+00:00","og_image":[{"width":655,"height":320,"url":"https:\/\/www.webdo.tn\/fr\/wp-content\/uploads\/2017\/04\/Automobile-1.jpg","type":"image\/jpeg"}],"author":"Mohamed Fethi","twitter_card":"summary_large_image","twitter_creator":"@webdo_tn","twitter_site":"@webdo_tn","twitter_misc":{"\u00c9crit par":"Mohamed Fethi","Dur\u00e9e de lecture estim\u00e9e":"2 minutes"},"schema":{"@context":"https:\/\/schema.org","@graph":[{"@type":"NewsArticle","@id":"https:\/\/www.webdo.tn\/fr\/actualite\/national\/tunisie-le-marche-automobile-depasse-les-42-000-ventes-au-premier-semestre-2025\/380359\/#article","isPartOf":{"@id":"https:\/\/www.webdo.tn\/fr\/actualite\/national\/tunisie-le-marche-automobile-depasse-les-42-000-ventes-au-premier-semestre-2025\/380359\/"},"author":{"name":"Mohamed Fethi","@id":"https:\/\/www.webdo.tn\/fr\/#\/schema\/person\/16a4857e77dfc0b610c4c2cadffc9ac4"},"headline":"Tunisie : le march\u00e9 automobile d\u00e9passe les 42 000 ventes au premier semestre 2025","datePublished":"2025-07-25T12:16:02+00:00","dateModified":"2025-07-27T08:54:10+00:00","mainEntityOfPage":{"@id":"https:\/\/www.webdo.tn\/fr\/actualite\/national\/tunisie-le-marche-automobile-depasse-les-42-000-ventes-au-premier-semestre-2025\/380359\/"},"wordCount":317,"commentCount":0,"publisher":{"@id":"https:\/\/www.webdo.tn\/fr\/#organization"},"image":{"@id":"https:\/\/www.webdo.tn\/fr\/actualite\/national\/tunisie-le-marche-automobile-depasse-les-42-000-ventes-au-premier-semestre-2025\/380359\/#primaryimage"},"thumbnailUrl":"https:\/\/www.webdo.tn\/fr\/wp-content\/uploads\/2017\/04\/Automobile-1.jpg","keywords":["Automobile","Croissance","Tunisie"],"articleSection":["National"],"inLanguage":"fr-FR"},{"@type":"WebPage","@id":"https:\/\/www.webdo.tn\/fr\/actualite\/national\/tunisie-le-marche-automobile-depasse-les-42-000-ventes-au-premier-semestre-2025\/380359\/","url":"https:\/\/www.webdo.tn\/fr\/actualite\/national\/tunisie-le-marche-automobile-depasse-les-42-000-ventes-au-premier-semestre-2025\/380359\/","name":"Tunisie : le march\u00e9 automobile d\u00e9passe les 42 000 ventes au premier semestre 2025 - webdo","isPartOf":{"@id":"https:\/\/www.webdo.tn\/fr\/#website"},"primaryImageOfPage":{"@id":"https:\/\/www.webdo.tn\/fr\/actualite\/national\/tunisie-le-marche-automobile-depasse-les-42-000-ventes-au-premier-semestre-2025\/380359\/#primaryimage"},"image":{"@id":"https:\/\/www.webdo.tn\/fr\/actualite\/national\/tunisie-le-marche-automobile-depasse-les-42-000-ventes-au-premier-semestre-2025\/380359\/#primaryimage"},"thumbnailUrl":"https:\/\/www.webdo.tn\/fr\/wp-content\/uploads\/2017\/04\/Automobile-1.jpg","datePublished":"2025-07-25T12:16:02+00:00","dateModified":"2025-07-27T08:54:10+00:00","description":"Le march\u00e9 automobile tunisien conna\u00eet une progression impressionnante en 2025. Explorez les chiffres et les tendances actuelles.","breadcrumb":{"@id":"https:\/\/www.webdo.tn\/fr\/actualite\/national\/tunisie-le-marche-automobile-depasse-les-42-000-ventes-au-premier-semestre-2025\/380359\/#breadcrumb"},"inLanguage":"fr-FR","potentialAction":[{"@type":"ReadAction","target":["https:\/\/www.webdo.tn\/fr\/actualite\/national\/tunisie-le-marche-automobile-depasse-les-42-000-ventes-au-premier-semestre-2025\/380359\/"]}]},{"@type":"ImageObject","inLanguage":"fr-FR","@id":"https:\/\/www.webdo.tn\/fr\/actualite\/national\/tunisie-le-marche-automobile-depasse-les-42-000-ventes-au-premier-semestre-2025\/380359\/#primaryimage","url":"https:\/\/www.webdo.tn\/fr\/wp-content\/uploads\/2017\/04\/Automobile-1.jpg","contentUrl":"https:\/\/www.webdo.tn\/fr\/wp-content\/uploads\/2017\/04\/Automobile-1.jpg","width":655,"height":320,"caption":"Yazaki, Mercedes... Des constructeurs automobiles font leur comeback en Tunisie"},{"@type":"BreadcrumbList","@id":"https:\/\/www.webdo.tn\/fr\/actualite\/national\/tunisie-le-marche-automobile-depasse-les-42-000-ventes-au-premier-semestre-2025\/380359\/#breadcrumb","itemListElement":[{"@type":"ListItem","position":1,"name":"Accueil","item":"https:\/\/www.webdo.tn\/fr\/"},{"@type":"ListItem","position":2,"name":"Tunisie : le march\u00e9 automobile d\u00e9passe les 42 000 ventes au premier semestre 2025"}]},{"@type":"WebSite","@id":"https:\/\/www.webdo.tn\/fr\/#website","url":"https:\/\/www.webdo.tn\/fr\/","name":"webdo","description":"Tunisie - News en Tunisie et \u00e0 l&#039;international sur Webdo.tn","publisher":{"@id":"https:\/\/www.webdo.tn\/fr\/#organization"},"potentialAction":[{"@type":"SearchAction","target":{"@type":"EntryPoint","urlTemplate":"https:\/\/www.webdo.tn\/fr\/?s={search_term_string}"},"query-input":{"@type":"PropertyValueSpecification","valueRequired":true,"valueName":"search_term_string"}}],"inLanguage":"fr-FR"},{"@type":"Organization","@id":"https:\/\/www.webdo.tn\/fr\/#organization","name":"Webdo","alternateName":"Webdo.tn","url":"https:\/\/www.webdo.tn\/fr\/","logo":{"@type":"ImageObject","inLanguage":"fr-FR","@id":"https:\/\/www.webdo.tn\/fr\/#\/schema\/logo\/image\/","url":"https:\/\/www.webdo.tn\/fr\/wp-content\/uploads\/2025\/06\/Webdo-Tunisie_168377.jpg","contentUrl":"https:\/\/www.webdo.tn\/fr\/wp-content\/uploads\/2025\/06\/Webdo-Tunisie_168377.jpg","width":301,"height":301,"caption":"Webdo"},"image":{"@id":"https:\/\/www.webdo.tn\/fr\/#\/schema\/logo\/image\/"},"sameAs":["https:\/\/www.facebook.com\/webdotn","https:\/\/x.com\/webdo_tn"],"description":"Webdo est un m\u00e9dia num\u00e9rique tunisien fond\u00e9 en 2010, sp\u00e9cialis\u00e9 dans l\u2019actualit\u00e9 nationale et internationale, l\u2019\u00e9conomie, la soci\u00e9t\u00e9 et les analyses politiques. Le site s\u2019adresse \u00e0 un large public francophone et couvre l\u2019information tunisienne en temps r\u00e9el.","email":"redac@webdo.tn","legalName":"YNJ SARL","foundingDate":"2010-09-06","numberOfEmployees":{"@type":"QuantitativeValue","minValue":"11","maxValue":"50"}},{"@type":"Person","@id":"https:\/\/www.webdo.tn\/fr\/#\/schema\/person\/16a4857e77dfc0b610c4c2cadffc9ac4","name":"Mohamed Fethi","image":{"@type":"ImageObject","inLanguage":"fr-FR","@id":"https:\/\/www.webdo.tn\/fr\/wp-content\/uploads\/2026\/04\/mohamed-fethi_avatar_1-96x96.jpg","url":"https:\/\/www.webdo.tn\/fr\/wp-content\/uploads\/2026\/04\/mohamed-fethi_avatar_1-96x96.jpg","contentUrl":"https:\/\/www.webdo.tn\/fr\/wp-content\/uploads\/2026\/04\/mohamed-fethi_avatar_1-96x96.jpg","caption":"Mohamed Fethi"},"description":"Signature \u00e9ditoriale de Maher Chaabane Mohamed Fethi est le pseudonyme \u00e9ditorial de Maher Chaabane, r\u00e9dacteur en chef de Webdo.tn depuis 2012. Cette signature est d\u00e9di\u00e9e au traitement intensif de l'actualit\u00e9 nationale et internationale en temps r\u00e9el. S'appuyant sur les deux d\u00e9cennies d'expertise journalistique de Maher Chaabane \u2014 d\u00e9but\u00e9e au sein du groupe Tunis Hebdo en 2000 \u2014 Mohamed Fethi assure une veille rigoureuse sur les enjeux politiques, \u00e9conomiques et sportifs. Sa mission est de garantir une information structur\u00e9e, fluide et fid\u00e8le aux standards de la r\u00e9daction. Pour consulter le parcours complet du r\u00e9dacteur en chef, visitez le profil officiel de Maher Chaabane.","knowsAbout":["actualit\u00e9","journalisme","information","politique","sport","m\u00e9dias","actualit\u00e9 internationale"],"knowsLanguage":["Fran\u00e7ais","Arabe"],"jobTitle":"Journaliste \u2013 R\u00e9daction Webdo","worksFor":"Webdo.tn","url":"https:\/\/www.webdo.tn\/fr\/actualite\/author\/mohamed-fethi\/"}]}},"_links":{"self":[{"href":"https:\/\/www.webdo.tn\/fr\/wp-json\/wp\/v2\/posts\/380359","targetHints":{"allow":["GET"]}}],"collection":[{"href":"https:\/\/www.webdo.tn\/fr\/wp-json\/wp\/v2\/posts"}],"about":[{"href":"https:\/\/www.webdo.tn\/fr\/wp-json\/wp\/v2\/types\/post"}],"author":[{"embeddable":true,"href":"https:\/\/www.webdo.tn\/fr\/wp-json\/wp\/v2\/users\/4782"}],"replies":[{"embeddable":true,"href":"https:\/\/www.webdo.tn\/fr\/wp-json\/wp\/v2\/comments?post=380359"}],"version-history":[{"count":0,"href":"https:\/\/www.webdo.tn\/fr\/wp-json\/wp\/v2\/posts\/380359\/revisions"}],"wp:featuredmedia":[{"embeddable":true,"href":"https:\/\/www.webdo.tn\/fr\/wp-json\/wp\/v2\/media\/310584"}],"wp:attachment":[{"href":"https:\/\/www.webdo.tn\/fr\/wp-json\/wp\/v2\/media?parent=380359"}],"wp:term":[{"taxonomy":"category","embeddable":true,"href":"https:\/\/www.webdo.tn\/fr\/wp-json\/wp\/v2\/categories?post=380359"},{"taxonomy":"post_tag","embeddable":true,"href":"https:\/\/www.webdo.tn\/fr\/wp-json\/wp\/v2\/tags?post=380359"}],"curies":[{"name":"wp","href":"https:\/\/api.w.org\/{rel}","templated":true}]}}