{"id":380342,"date":"2025-07-25T10:16:57","date_gmt":"2025-07-25T09:16:57","guid":{"rendered":"https:\/\/www.webdo.tn\/fr\/?p=380342"},"modified":"2025-07-27T09:53:46","modified_gmt":"2025-07-27T08:53:46","slug":"le-temps-se-gate-15-gouvernorats-en-alerte-ce-vendredi","status":"publish","type":"post","link":"https:\/\/www.webdo.tn\/fr\/actualite\/national\/le-temps-se-gate-15-gouvernorats-en-alerte-ce-vendredi\/380342\/","title":{"rendered":"Le temps se g\u00e2te : 15 gouvernorats en alerte ce vendredi"},"content":{"rendered":"\n<p><strong>Ce vendredi 25 juillet 2025, la m\u00e9t\u00e9o se d\u00e9grade fortement sur une quinzaine de gouvernorats. Sobhi Ben Ahmed, ing\u00e9nieur \u00e0 l\u2019Institut national de la m\u00e9t\u00e9orologie, a pr\u00e9venu sur Mosa\u00efque FM que des vents violents, des orages et une mer agit\u00e9e sont \u00e0 pr\u00e9voir. Cette situation est due \u00e0 un basculement des courants d\u2019air, qui provoquera un temps instable jusqu\u2019\u00e0 la fin du week-end.<\/strong><\/p>\n\n\n\n<p>Selon l&rsquo;ing\u00e9nieur, des vents tr\u00e8s forts souffleront d\u00e8s la matin\u00e9e, avec des rafales pouvant franchir les 100 km\/h. Ces coups de vent seront accompagn\u00e9s d\u2019averses \u00e9parses, notamment sur les r\u00e9gions ouest du nord et du centre. Certaines zones de l\u2019est seront aussi concern\u00e9es. \u00c0 partir de midi, les temp\u00e9ratures grimperont dans la majorit\u00e9 des r\u00e9gions.<\/p>\n\n\n\n<p>Le basculement des courants d\u2019air vers le nord favorisera la formation d\u2019orages. Ceux-ci d\u00e9buteront au nord, touchant d\u2019abord Tabarka et Bizerte, avant de gagner Tunis, la r\u00e9gion du Sahel, puis certaines zones du sud.<\/p>\n\n\n\n<p>En mer, la prudence est \u00e9galement de mise. \u00c0 partir de 11h, la mer deviendra agit\u00e9e au large de Tabarka, Bizerte, Tunis et Hammamet. Elle passera ensuite \u00e0 un \u00e9tat tr\u00e8s perturb\u00e9 en fin de journ\u00e9e, rendant la navigation dangereuse.<\/p>\n\n\n\n<p>D\u00e8s samedi, la situation conna\u00eetra un net changement. Les temp\u00e9ratures chuteront d\u2019environ 10 degr\u00e9s, atteignant entre 26 et 28 \u00b0C dans le nord et sur les c\u00f4tes. Les vents resteront soutenus, et la mer demeurera fortement agit\u00e9e. Les baignades seront ainsi d\u00e9conseill\u00e9es, voire interdites, durant tout le week-end.<\/p>\n","protected":false},"excerpt":{"rendered":"<p>Ce vendredi 25 juillet 2025, la m\u00e9t\u00e9o se d\u00e9grade fortement sur une quinzaine de gouvernorats. Sobhi Ben Ahmed, ing\u00e9nieur \u00e0 l\u2019Institut national de la m\u00e9t\u00e9orologie, a pr\u00e9venu sur Mosa\u00efque FM que des vents violents, des orages et une mer agit\u00e9e sont \u00e0 pr\u00e9voir. Cette situation est due \u00e0 un basculement des courants d\u2019air, qui provoquera [&hellip;]<\/p>\n","protected":false},"author":4782,"featured_media":380343,"comment_status":"open","ping_status":"open","sticky":false,"template":"","format":"standard","meta":{"footnotes":""},"categories":[44],"tags":[8310,2670,7344,2608,4671],"class_list":["post-380342","post","type-post","status-publish","format-standard","has-post-thumbnail","hentry","category-national","tag-baignade-interdite","tag-meteo","tag-rafale","tag-tunisie","tag-vents"],"yoast_head":"<!-- This site is optimized with the Yoast SEO Premium plugin v27.5 (Yoast SEO v27.5) - https:\/\/yoast.com\/product\/yoast-seo-premium-wordpress\/ -->\n<title>Le temps se g\u00e2te : 15 gouvernorats en alerte ce vendredi - webdo<\/title>\n<meta name=\"description\" content=\"D\u00e9couvrez l&#039;alerte m\u00e9t\u00e9o vents violents pour le 25 juillet 2025, avec des rafales d\u00e9passant 100 km\/h dans plusieurs r\u00e9gions.\" \/>\n<link rel=\"canonical\" href=\"https:\/\/www.webdo.tn\/fr\/actualite\/national\/le-temps-se-gate-15-gouvernorats-en-alerte-ce-vendredi\/380342\/\" \/>\n<meta property=\"og:locale\" content=\"fr_FR\" \/>\n<meta property=\"og:type\" content=\"article\" \/>\n<meta property=\"og:title\" content=\"Le temps se g\u00e2te : 15 gouvernorats en alerte ce vendredi\" \/>\n<meta property=\"og:description\" content=\"D\u00e9couvrez l&#039;alerte m\u00e9t\u00e9o vents violents pour le 25 juillet 2025, avec des rafales d\u00e9passant 100 km\/h dans plusieurs r\u00e9gions.\" \/>\n<meta property=\"og:url\" content=\"https:\/\/www.webdo.tn\/fr\/actualite\/national\/le-temps-se-gate-15-gouvernorats-en-alerte-ce-vendredi\/380342\/\" \/>\n<meta property=\"og:site_name\" content=\"webdo\" \/>\n<meta property=\"article:publisher\" content=\"https:\/\/www.facebook.com\/webdotn\" \/>\n<meta property=\"article:published_time\" content=\"2025-07-25T09:16:57+00:00\" \/>\n<meta property=\"article:modified_time\" content=\"2025-07-27T08:53:46+00:00\" \/>\n<meta property=\"og:image\" content=\"https:\/\/www.webdo.tn\/fr\/wp-content\/uploads\/2025\/07\/adobestock-16832305-scaled.jpeg\" \/>\n\t<meta property=\"og:image:width\" content=\"2560\" \/>\n\t<meta property=\"og:image:height\" content=\"1707\" \/>\n\t<meta property=\"og:image:type\" content=\"image\/jpeg\" \/>\n<meta name=\"author\" content=\"Mohamed Fethi\" \/>\n<meta name=\"twitter:card\" content=\"summary_large_image\" \/>\n<meta name=\"twitter:creator\" content=\"@webdo_tn\" \/>\n<meta name=\"twitter:site\" content=\"@webdo_tn\" \/>\n<meta name=\"twitter:label1\" content=\"\u00c9crit par\" \/>\n\t<meta name=\"twitter:data1\" content=\"Mohamed Fethi\" \/>\n\t<meta name=\"twitter:label2\" content=\"Dur\u00e9e de lecture estim\u00e9e\" \/>\n\t<meta name=\"twitter:data2\" content=\"2 minutes\" \/>\n<script type=\"application\/ld+json\" class=\"yoast-schema-graph\">{\"@context\":\"https:\\\/\\\/schema.org\",\"@graph\":[{\"@type\":\"NewsArticle\",\"@id\":\"https:\\\/\\\/www.webdo.tn\\\/fr\\\/actualite\\\/national\\\/le-temps-se-gate-15-gouvernorats-en-alerte-ce-vendredi\\\/380342\\\/#article\",\"isPartOf\":{\"@id\":\"https:\\\/\\\/www.webdo.tn\\\/fr\\\/actualite\\\/national\\\/le-temps-se-gate-15-gouvernorats-en-alerte-ce-vendredi\\\/380342\\\/\"},\"author\":{\"name\":\"Mohamed Fethi\",\"@id\":\"https:\\\/\\\/www.webdo.tn\\\/fr\\\/#\\\/schema\\\/person\\\/16a4857e77dfc0b610c4c2cadffc9ac4\"},\"headline\":\"Le temps se g\u00e2te : 15 gouvernorats en alerte ce vendredi\",\"datePublished\":\"2025-07-25T09:16:57+00:00\",\"dateModified\":\"2025-07-27T08:53:46+00:00\",\"mainEntityOfPage\":{\"@id\":\"https:\\\/\\\/www.webdo.tn\\\/fr\\\/actualite\\\/national\\\/le-temps-se-gate-15-gouvernorats-en-alerte-ce-vendredi\\\/380342\\\/\"},\"wordCount\":280,\"commentCount\":0,\"publisher\":{\"@id\":\"https:\\\/\\\/www.webdo.tn\\\/fr\\\/#organization\"},\"image\":{\"@id\":\"https:\\\/\\\/www.webdo.tn\\\/fr\\\/actualite\\\/national\\\/le-temps-se-gate-15-gouvernorats-en-alerte-ce-vendredi\\\/380342\\\/#primaryimage\"},\"thumbnailUrl\":\"https:\\\/\\\/www.webdo.tn\\\/fr\\\/wp-content\\\/uploads\\\/2025\\\/07\\\/adobestock-16832305-scaled.jpeg\",\"keywords\":[\"baignade interdite\",\"m\u00e9t\u00e9o\",\"rafale\",\"Tunisie\",\"Vents\"],\"articleSection\":[\"National\"],\"inLanguage\":\"fr-FR\"},{\"@type\":\"WebPage\",\"@id\":\"https:\\\/\\\/www.webdo.tn\\\/fr\\\/actualite\\\/national\\\/le-temps-se-gate-15-gouvernorats-en-alerte-ce-vendredi\\\/380342\\\/\",\"url\":\"https:\\\/\\\/www.webdo.tn\\\/fr\\\/actualite\\\/national\\\/le-temps-se-gate-15-gouvernorats-en-alerte-ce-vendredi\\\/380342\\\/\",\"name\":\"Le temps se g\u00e2te : 15 gouvernorats en alerte ce vendredi - webdo\",\"isPartOf\":{\"@id\":\"https:\\\/\\\/www.webdo.tn\\\/fr\\\/#website\"},\"primaryImageOfPage\":{\"@id\":\"https:\\\/\\\/www.webdo.tn\\\/fr\\\/actualite\\\/national\\\/le-temps-se-gate-15-gouvernorats-en-alerte-ce-vendredi\\\/380342\\\/#primaryimage\"},\"image\":{\"@id\":\"https:\\\/\\\/www.webdo.tn\\\/fr\\\/actualite\\\/national\\\/le-temps-se-gate-15-gouvernorats-en-alerte-ce-vendredi\\\/380342\\\/#primaryimage\"},\"thumbnailUrl\":\"https:\\\/\\\/www.webdo.tn\\\/fr\\\/wp-content\\\/uploads\\\/2025\\\/07\\\/adobestock-16832305-scaled.jpeg\",\"datePublished\":\"2025-07-25T09:16:57+00:00\",\"dateModified\":\"2025-07-27T08:53:46+00:00\",\"description\":\"D\u00e9couvrez l'alerte m\u00e9t\u00e9o vents violents pour le 25 juillet 2025, avec des rafales d\u00e9passant 100 km\\\/h dans plusieurs r\u00e9gions.\",\"breadcrumb\":{\"@id\":\"https:\\\/\\\/www.webdo.tn\\\/fr\\\/actualite\\\/national\\\/le-temps-se-gate-15-gouvernorats-en-alerte-ce-vendredi\\\/380342\\\/#breadcrumb\"},\"inLanguage\":\"fr-FR\",\"potentialAction\":[{\"@type\":\"ReadAction\",\"target\":[\"https:\\\/\\\/www.webdo.tn\\\/fr\\\/actualite\\\/national\\\/le-temps-se-gate-15-gouvernorats-en-alerte-ce-vendredi\\\/380342\\\/\"]}]},{\"@type\":\"ImageObject\",\"inLanguage\":\"fr-FR\",\"@id\":\"https:\\\/\\\/www.webdo.tn\\\/fr\\\/actualite\\\/national\\\/le-temps-se-gate-15-gouvernorats-en-alerte-ce-vendredi\\\/380342\\\/#primaryimage\",\"url\":\"https:\\\/\\\/www.webdo.tn\\\/fr\\\/wp-content\\\/uploads\\\/2025\\\/07\\\/adobestock-16832305-scaled.jpeg\",\"contentUrl\":\"https:\\\/\\\/www.webdo.tn\\\/fr\\\/wp-content\\\/uploads\\\/2025\\\/07\\\/adobestock-16832305-scaled.jpeg\",\"width\":2560,\"height\":1707},{\"@type\":\"BreadcrumbList\",\"@id\":\"https:\\\/\\\/www.webdo.tn\\\/fr\\\/actualite\\\/national\\\/le-temps-se-gate-15-gouvernorats-en-alerte-ce-vendredi\\\/380342\\\/#breadcrumb\",\"itemListElement\":[{\"@type\":\"ListItem\",\"position\":1,\"name\":\"Accueil\",\"item\":\"https:\\\/\\\/www.webdo.tn\\\/fr\\\/\"},{\"@type\":\"ListItem\",\"position\":2,\"name\":\"Le temps se g\u00e2te : 15 gouvernorats en alerte ce vendredi\"}]},{\"@type\":\"WebSite\",\"@id\":\"https:\\\/\\\/www.webdo.tn\\\/fr\\\/#website\",\"url\":\"https:\\\/\\\/www.webdo.tn\\\/fr\\\/\",\"name\":\"webdo\",\"description\":\"Tunisie - News en Tunisie et \u00e0 l&#039;international sur Webdo.tn\",\"publisher\":{\"@id\":\"https:\\\/\\\/www.webdo.tn\\\/fr\\\/#organization\"},\"potentialAction\":[{\"@type\":\"SearchAction\",\"target\":{\"@type\":\"EntryPoint\",\"urlTemplate\":\"https:\\\/\\\/www.webdo.tn\\\/fr\\\/?s={search_term_string}\"},\"query-input\":{\"@type\":\"PropertyValueSpecification\",\"valueRequired\":true,\"valueName\":\"search_term_string\"}}],\"inLanguage\":\"fr-FR\"},{\"@type\":\"Organization\",\"@id\":\"https:\\\/\\\/www.webdo.tn\\\/fr\\\/#organization\",\"name\":\"Webdo\",\"alternateName\":\"Webdo.tn\",\"url\":\"https:\\\/\\\/www.webdo.tn\\\/fr\\\/\",\"logo\":{\"@type\":\"ImageObject\",\"inLanguage\":\"fr-FR\",\"@id\":\"https:\\\/\\\/www.webdo.tn\\\/fr\\\/#\\\/schema\\\/logo\\\/image\\\/\",\"url\":\"https:\\\/\\\/www.webdo.tn\\\/fr\\\/wp-content\\\/uploads\\\/2025\\\/06\\\/Webdo-Tunisie_168377.jpg\",\"contentUrl\":\"https:\\\/\\\/www.webdo.tn\\\/fr\\\/wp-content\\\/uploads\\\/2025\\\/06\\\/Webdo-Tunisie_168377.jpg\",\"width\":301,\"height\":301,\"caption\":\"Webdo\"},\"image\":{\"@id\":\"https:\\\/\\\/www.webdo.tn\\\/fr\\\/#\\\/schema\\\/logo\\\/image\\\/\"},\"sameAs\":[\"https:\\\/\\\/www.facebook.com\\\/webdotn\",\"https:\\\/\\\/x.com\\\/webdo_tn\"],\"description\":\"Webdo est un m\u00e9dia num\u00e9rique tunisien fond\u00e9 en 2010, sp\u00e9cialis\u00e9 dans l\u2019actualit\u00e9 nationale et internationale, l\u2019\u00e9conomie, la soci\u00e9t\u00e9 et les analyses politiques. Le site s\u2019adresse \u00e0 un large public francophone et couvre l\u2019information tunisienne en temps r\u00e9el.\",\"email\":\"redac@webdo.tn\",\"legalName\":\"YNJ SARL\",\"foundingDate\":\"2010-09-06\",\"numberOfEmployees\":{\"@type\":\"QuantitativeValue\",\"minValue\":\"11\",\"maxValue\":\"50\"}},{\"@type\":\"Person\",\"@id\":\"https:\\\/\\\/www.webdo.tn\\\/fr\\\/#\\\/schema\\\/person\\\/16a4857e77dfc0b610c4c2cadffc9ac4\",\"name\":\"Mohamed Fethi\",\"image\":{\"@type\":\"ImageObject\",\"inLanguage\":\"fr-FR\",\"@id\":\"https:\\\/\\\/www.webdo.tn\\\/fr\\\/wp-content\\\/uploads\\\/2026\\\/04\\\/mohamed-fethi_avatar_1-96x96.jpg\",\"url\":\"https:\\\/\\\/www.webdo.tn\\\/fr\\\/wp-content\\\/uploads\\\/2026\\\/04\\\/mohamed-fethi_avatar_1-96x96.jpg\",\"contentUrl\":\"https:\\\/\\\/www.webdo.tn\\\/fr\\\/wp-content\\\/uploads\\\/2026\\\/04\\\/mohamed-fethi_avatar_1-96x96.jpg\",\"caption\":\"Mohamed Fethi\"},\"description\":\"Signature \u00e9ditoriale de Maher Chaabane Mohamed Fethi est le pseudonyme \u00e9ditorial de Maher Chaabane, r\u00e9dacteur en chef de Webdo.tn depuis 2012. Cette signature est d\u00e9di\u00e9e au traitement intensif de l'actualit\u00e9 nationale et internationale en temps r\u00e9el. S'appuyant sur les deux d\u00e9cennies d'expertise journalistique de Maher Chaabane \u2014 d\u00e9but\u00e9e au sein du groupe Tunis Hebdo en 2000 \u2014 Mohamed Fethi assure une veille rigoureuse sur les enjeux politiques, \u00e9conomiques et sportifs. Sa mission est de garantir une information structur\u00e9e, fluide et fid\u00e8le aux standards de la r\u00e9daction. Pour consulter le parcours complet du r\u00e9dacteur en chef, visitez le profil officiel de Maher Chaabane.\",\"knowsAbout\":[\"actualit\u00e9\",\"journalisme\",\"information\",\"politique\",\"sport\",\"m\u00e9dias\",\"actualit\u00e9 internationale\"],\"knowsLanguage\":[\"Fran\u00e7ais\",\"Arabe\"],\"jobTitle\":\"Journaliste \u2013 R\u00e9daction Webdo\",\"worksFor\":\"Webdo.tn\",\"url\":\"https:\\\/\\\/www.webdo.tn\\\/fr\\\/actualite\\\/author\\\/mohamed-fethi\\\/\"}]}<\/script>\n<!-- \/ Yoast SEO Premium plugin. -->","yoast_head_json":{"title":"Le temps se g\u00e2te : 15 gouvernorats en alerte ce vendredi - webdo","description":"D\u00e9couvrez l'alerte m\u00e9t\u00e9o vents violents pour le 25 juillet 2025, avec des rafales d\u00e9passant 100 km\/h dans plusieurs r\u00e9gions.","canonical":"https:\/\/www.webdo.tn\/fr\/actualite\/national\/le-temps-se-gate-15-gouvernorats-en-alerte-ce-vendredi\/380342\/","og_locale":"fr_FR","og_type":"article","og_title":"Le temps se g\u00e2te : 15 gouvernorats en alerte ce vendredi","og_description":"D\u00e9couvrez l'alerte m\u00e9t\u00e9o vents violents pour le 25 juillet 2025, avec des rafales d\u00e9passant 100 km\/h dans plusieurs r\u00e9gions.","og_url":"https:\/\/www.webdo.tn\/fr\/actualite\/national\/le-temps-se-gate-15-gouvernorats-en-alerte-ce-vendredi\/380342\/","og_site_name":"webdo","article_publisher":"https:\/\/www.facebook.com\/webdotn","article_published_time":"2025-07-25T09:16:57+00:00","article_modified_time":"2025-07-27T08:53:46+00:00","og_image":[{"width":2560,"height":1707,"url":"https:\/\/www.webdo.tn\/fr\/wp-content\/uploads\/2025\/07\/adobestock-16832305-scaled.jpeg","type":"image\/jpeg"}],"author":"Mohamed Fethi","twitter_card":"summary_large_image","twitter_creator":"@webdo_tn","twitter_site":"@webdo_tn","twitter_misc":{"\u00c9crit par":"Mohamed Fethi","Dur\u00e9e de lecture estim\u00e9e":"2 minutes"},"schema":{"@context":"https:\/\/schema.org","@graph":[{"@type":"NewsArticle","@id":"https:\/\/www.webdo.tn\/fr\/actualite\/national\/le-temps-se-gate-15-gouvernorats-en-alerte-ce-vendredi\/380342\/#article","isPartOf":{"@id":"https:\/\/www.webdo.tn\/fr\/actualite\/national\/le-temps-se-gate-15-gouvernorats-en-alerte-ce-vendredi\/380342\/"},"author":{"name":"Mohamed Fethi","@id":"https:\/\/www.webdo.tn\/fr\/#\/schema\/person\/16a4857e77dfc0b610c4c2cadffc9ac4"},"headline":"Le temps se g\u00e2te : 15 gouvernorats en alerte ce vendredi","datePublished":"2025-07-25T09:16:57+00:00","dateModified":"2025-07-27T08:53:46+00:00","mainEntityOfPage":{"@id":"https:\/\/www.webdo.tn\/fr\/actualite\/national\/le-temps-se-gate-15-gouvernorats-en-alerte-ce-vendredi\/380342\/"},"wordCount":280,"commentCount":0,"publisher":{"@id":"https:\/\/www.webdo.tn\/fr\/#organization"},"image":{"@id":"https:\/\/www.webdo.tn\/fr\/actualite\/national\/le-temps-se-gate-15-gouvernorats-en-alerte-ce-vendredi\/380342\/#primaryimage"},"thumbnailUrl":"https:\/\/www.webdo.tn\/fr\/wp-content\/uploads\/2025\/07\/adobestock-16832305-scaled.jpeg","keywords":["baignade interdite","m\u00e9t\u00e9o","rafale","Tunisie","Vents"],"articleSection":["National"],"inLanguage":"fr-FR"},{"@type":"WebPage","@id":"https:\/\/www.webdo.tn\/fr\/actualite\/national\/le-temps-se-gate-15-gouvernorats-en-alerte-ce-vendredi\/380342\/","url":"https:\/\/www.webdo.tn\/fr\/actualite\/national\/le-temps-se-gate-15-gouvernorats-en-alerte-ce-vendredi\/380342\/","name":"Le temps se g\u00e2te : 15 gouvernorats en alerte ce vendredi - webdo","isPartOf":{"@id":"https:\/\/www.webdo.tn\/fr\/#website"},"primaryImageOfPage":{"@id":"https:\/\/www.webdo.tn\/fr\/actualite\/national\/le-temps-se-gate-15-gouvernorats-en-alerte-ce-vendredi\/380342\/#primaryimage"},"image":{"@id":"https:\/\/www.webdo.tn\/fr\/actualite\/national\/le-temps-se-gate-15-gouvernorats-en-alerte-ce-vendredi\/380342\/#primaryimage"},"thumbnailUrl":"https:\/\/www.webdo.tn\/fr\/wp-content\/uploads\/2025\/07\/adobestock-16832305-scaled.jpeg","datePublished":"2025-07-25T09:16:57+00:00","dateModified":"2025-07-27T08:53:46+00:00","description":"D\u00e9couvrez l'alerte m\u00e9t\u00e9o vents violents pour le 25 juillet 2025, avec des rafales d\u00e9passant 100 km\/h dans plusieurs r\u00e9gions.","breadcrumb":{"@id":"https:\/\/www.webdo.tn\/fr\/actualite\/national\/le-temps-se-gate-15-gouvernorats-en-alerte-ce-vendredi\/380342\/#breadcrumb"},"inLanguage":"fr-FR","potentialAction":[{"@type":"ReadAction","target":["https:\/\/www.webdo.tn\/fr\/actualite\/national\/le-temps-se-gate-15-gouvernorats-en-alerte-ce-vendredi\/380342\/"]}]},{"@type":"ImageObject","inLanguage":"fr-FR","@id":"https:\/\/www.webdo.tn\/fr\/actualite\/national\/le-temps-se-gate-15-gouvernorats-en-alerte-ce-vendredi\/380342\/#primaryimage","url":"https:\/\/www.webdo.tn\/fr\/wp-content\/uploads\/2025\/07\/adobestock-16832305-scaled.jpeg","contentUrl":"https:\/\/www.webdo.tn\/fr\/wp-content\/uploads\/2025\/07\/adobestock-16832305-scaled.jpeg","width":2560,"height":1707},{"@type":"BreadcrumbList","@id":"https:\/\/www.webdo.tn\/fr\/actualite\/national\/le-temps-se-gate-15-gouvernorats-en-alerte-ce-vendredi\/380342\/#breadcrumb","itemListElement":[{"@type":"ListItem","position":1,"name":"Accueil","item":"https:\/\/www.webdo.tn\/fr\/"},{"@type":"ListItem","position":2,"name":"Le temps se g\u00e2te : 15 gouvernorats en alerte ce vendredi"}]},{"@type":"WebSite","@id":"https:\/\/www.webdo.tn\/fr\/#website","url":"https:\/\/www.webdo.tn\/fr\/","name":"webdo","description":"Tunisie - News en Tunisie et \u00e0 l&#039;international sur Webdo.tn","publisher":{"@id":"https:\/\/www.webdo.tn\/fr\/#organization"},"potentialAction":[{"@type":"SearchAction","target":{"@type":"EntryPoint","urlTemplate":"https:\/\/www.webdo.tn\/fr\/?s={search_term_string}"},"query-input":{"@type":"PropertyValueSpecification","valueRequired":true,"valueName":"search_term_string"}}],"inLanguage":"fr-FR"},{"@type":"Organization","@id":"https:\/\/www.webdo.tn\/fr\/#organization","name":"Webdo","alternateName":"Webdo.tn","url":"https:\/\/www.webdo.tn\/fr\/","logo":{"@type":"ImageObject","inLanguage":"fr-FR","@id":"https:\/\/www.webdo.tn\/fr\/#\/schema\/logo\/image\/","url":"https:\/\/www.webdo.tn\/fr\/wp-content\/uploads\/2025\/06\/Webdo-Tunisie_168377.jpg","contentUrl":"https:\/\/www.webdo.tn\/fr\/wp-content\/uploads\/2025\/06\/Webdo-Tunisie_168377.jpg","width":301,"height":301,"caption":"Webdo"},"image":{"@id":"https:\/\/www.webdo.tn\/fr\/#\/schema\/logo\/image\/"},"sameAs":["https:\/\/www.facebook.com\/webdotn","https:\/\/x.com\/webdo_tn"],"description":"Webdo est un m\u00e9dia num\u00e9rique tunisien fond\u00e9 en 2010, sp\u00e9cialis\u00e9 dans l\u2019actualit\u00e9 nationale et internationale, l\u2019\u00e9conomie, la soci\u00e9t\u00e9 et les analyses politiques. Le site s\u2019adresse \u00e0 un large public francophone et couvre l\u2019information tunisienne en temps r\u00e9el.","email":"redac@webdo.tn","legalName":"YNJ SARL","foundingDate":"2010-09-06","numberOfEmployees":{"@type":"QuantitativeValue","minValue":"11","maxValue":"50"}},{"@type":"Person","@id":"https:\/\/www.webdo.tn\/fr\/#\/schema\/person\/16a4857e77dfc0b610c4c2cadffc9ac4","name":"Mohamed Fethi","image":{"@type":"ImageObject","inLanguage":"fr-FR","@id":"https:\/\/www.webdo.tn\/fr\/wp-content\/uploads\/2026\/04\/mohamed-fethi_avatar_1-96x96.jpg","url":"https:\/\/www.webdo.tn\/fr\/wp-content\/uploads\/2026\/04\/mohamed-fethi_avatar_1-96x96.jpg","contentUrl":"https:\/\/www.webdo.tn\/fr\/wp-content\/uploads\/2026\/04\/mohamed-fethi_avatar_1-96x96.jpg","caption":"Mohamed Fethi"},"description":"Signature \u00e9ditoriale de Maher Chaabane Mohamed Fethi est le pseudonyme \u00e9ditorial de Maher Chaabane, r\u00e9dacteur en chef de Webdo.tn depuis 2012. Cette signature est d\u00e9di\u00e9e au traitement intensif de l'actualit\u00e9 nationale et internationale en temps r\u00e9el. S'appuyant sur les deux d\u00e9cennies d'expertise journalistique de Maher Chaabane \u2014 d\u00e9but\u00e9e au sein du groupe Tunis Hebdo en 2000 \u2014 Mohamed Fethi assure une veille rigoureuse sur les enjeux politiques, \u00e9conomiques et sportifs. Sa mission est de garantir une information structur\u00e9e, fluide et fid\u00e8le aux standards de la r\u00e9daction. Pour consulter le parcours complet du r\u00e9dacteur en chef, visitez le profil officiel de Maher Chaabane.","knowsAbout":["actualit\u00e9","journalisme","information","politique","sport","m\u00e9dias","actualit\u00e9 internationale"],"knowsLanguage":["Fran\u00e7ais","Arabe"],"jobTitle":"Journaliste \u2013 R\u00e9daction Webdo","worksFor":"Webdo.tn","url":"https:\/\/www.webdo.tn\/fr\/actualite\/author\/mohamed-fethi\/"}]}},"_links":{"self":[{"href":"https:\/\/www.webdo.tn\/fr\/wp-json\/wp\/v2\/posts\/380342","targetHints":{"allow":["GET"]}}],"collection":[{"href":"https:\/\/www.webdo.tn\/fr\/wp-json\/wp\/v2\/posts"}],"about":[{"href":"https:\/\/www.webdo.tn\/fr\/wp-json\/wp\/v2\/types\/post"}],"author":[{"embeddable":true,"href":"https:\/\/www.webdo.tn\/fr\/wp-json\/wp\/v2\/users\/4782"}],"replies":[{"embeddable":true,"href":"https:\/\/www.webdo.tn\/fr\/wp-json\/wp\/v2\/comments?post=380342"}],"version-history":[{"count":0,"href":"https:\/\/www.webdo.tn\/fr\/wp-json\/wp\/v2\/posts\/380342\/revisions"}],"wp:featuredmedia":[{"embeddable":true,"href":"https:\/\/www.webdo.tn\/fr\/wp-json\/wp\/v2\/media\/380343"}],"wp:attachment":[{"href":"https:\/\/www.webdo.tn\/fr\/wp-json\/wp\/v2\/media?parent=380342"}],"wp:term":[{"taxonomy":"category","embeddable":true,"href":"https:\/\/www.webdo.tn\/fr\/wp-json\/wp\/v2\/categories?post=380342"},{"taxonomy":"post_tag","embeddable":true,"href":"https:\/\/www.webdo.tn\/fr\/wp-json\/wp\/v2\/tags?post=380342"}],"curies":[{"name":"wp","href":"https:\/\/api.w.org\/{rel}","templated":true}]}}