{"id":380285,"date":"2025-07-24T11:58:58","date_gmt":"2025-07-24T10:58:58","guid":{"rendered":"https:\/\/www.webdo.tn\/fr\/?p=380285"},"modified":"2025-07-25T14:31:13","modified_gmt":"2025-07-25T13:31:13","slug":"tunisie-un-plan-pour-integrer-plus-de-1300-bus-dans-le-transport-public","status":"publish","type":"post","link":"https:\/\/www.webdo.tn\/fr\/actualite\/national\/tunisie-un-plan-pour-integrer-plus-de-1300-bus-dans-le-transport-public\/380285\/","title":{"rendered":"Tunisie : Un plan pour int\u00e9grer plus de 1300 bus dans le transport public"},"content":{"rendered":"\n<p><strong><em>Un conseil minist\u00e9riel restreint s\u2019est tenu mercredi 23 juillet au Palais du gouvernement sous la pr\u00e9sidence de la cheffe du gouvernement, Sarra Za\u00e2frani Zenzri, pour faire le point sur la situation du transport public et annoncer une s\u00e9rie de mesures urgentes et strat\u00e9giques. L\u2019objectif affich\u00e9 : reconstruire une v\u00e9ritable politique nationale du transport apr\u00e8s des d\u00e9cennies de d\u00e9gradation.<\/em><\/strong><\/p>\n\n\n\n<p>Le conseil minist\u00e9riel a \u00e9t\u00e9 enti\u00e8rement consacr\u00e9 \u00e0 la refondation du transport public, notamment le transport terrestre, qui conna\u00eet une d\u00e9gradation avanc\u00e9e \u00e0 l\u2019\u00e9chelle nationale, l\u2019objectif \u00e9tant de moderniser le service public du transport et \u00e0 en am\u00e9liorer les performances afin d\u2019all\u00e9ger les difficult\u00e9s rencontr\u00e9es par les citoyens dans leurs d\u00e9placements.<\/p>\n\n\n\n<p>Le conseil a examin\u00e9 les calendriers d\u2019arriv\u00e9e de plusieurs lots de bus en provenance de diff\u00e9rents pays en attendant une r\u00e9forme plus globale de ce secteur vital, pratiquement d\u00e9mantel\u00e9 dans plusieurs r\u00e9gions du pays.<\/p>\n\n\n\n<p><strong>Renouveler le parc roulant<\/strong><\/p>\n\n\n\n<p>La cheffe du gouvernement a notamment soulign\u00e9 que la r\u00e9forme du secteur du transport, toutes fili\u00e8res confondues \u2013 et en particulier du transport terrestre \u2013, ne se limitera pas \u00e0 l\u2019importation de bus ou de rames de m\u00e9tro, mais ob\u00e9ira \u00e0 une strat\u00e9gie globale de reconstruction. Dans cette optique, une vision claire de planification \u00e0 long terme sera mise en place avec l\u2019allocation des budgets n\u00e9cessaires \u00e0 l\u2019investissement dans ce secteur.<\/p>\n\n\n\n<p>Sarra Za\u00e2frani Zenzri a affirm\u00e9 que la strat\u00e9gie de l\u2019\u00c9tat consiste \u00e0 reconstruire le syst\u00e8me de transport public sur des bases solides, \u00e0 renouveler le parc roulant et \u00e0 am\u00e9liorer les services du service public de transport. \u00c0 court terme, des solutions urgentes seront mises en \u0153uvre pour all\u00e9ger les difficult\u00e9s de mobilit\u00e9 des citoyens sur tout le territoire national, parall\u00e8lement aux investissements n\u00e9cessaires pour renouveler un parc de bus et de m\u00e9tros vieillissant.<\/p>\n\n\n\n<p><strong>Vers l\u2019int\u00e9gration de plus de 1300 bus dans le r\u00e9seau public<\/strong><\/p>\n\n\n\n<p>Le conseil a pass\u00e9 en revue les principales mesures urgentes d\u00e9j\u00e0 adopt\u00e9es pour renforcer le parc de transport public terrestre comme l\u2019achat de <strong>300 bus neufs en provenance de Chine<\/strong>, livr\u00e9s les 17 juin et 12 juillet 2025 ; la signature d\u2019un <strong>contrat pour l\u2019acquisition de 418 bus<\/strong> dans le cadre d\u2019un appel d\u2019offres international ; la signature prochaine, en septembre 2025, d\u2019un accord pour l\u2019importation de <strong>200 bus suisses op\u00e9rationnels<\/strong>\u00a0 ; le lancement d\u2019un appel d\u2019offres pour l\u2019acquisition de 35 rames de m\u00e9tro ; et l\u2019autorisation, au cours de ce conseil, de l\u2019achat de <strong>397 bus suppl\u00e9mentaires provenant d\u2019Arabie saoudite.<\/strong><\/p>\n\n\n\n<p>Ces acquisitions seront r\u00e9parties sur l\u2019ensemble du territoire, selon des crit\u00e8res de priorit\u00e9, notamment pour d\u00e9senclaver les zones isol\u00e9es et r\u00e9duire les souffrances li\u00e9es aux transports quotidiens.<\/p>\n\n\n\n<p><strong>Reconstruire un syst\u00e8me de transport public fiable<\/strong><\/p>\n\n\n\n<p>La cheffe du gouvernement a insist\u00e9 sur le fait que cette dynamique ne se limitera pas \u00e0 des importations ponctuelles. Elle a affirm\u00e9 que l\u2019\u00c9tat s\u2019engage dans une strat\u00e9gie de long terme visant \u00e0 reconstruire un syst\u00e8me de transport public fiable, efficace et durable, moderniser le parc roulant selon des normes internationales, investir dans le transport ferroviaire, identifi\u00e9 comme une priorit\u00e9, et adapter l\u2019offre aux \u00e9volutions d\u00e9mographiques et \u00e0 l\u2019urbanisation rapide.<\/p>\n\n\n\n<p>Le transport public en Tunisie souffre de d\u00e9cennies de sous-investissement, de gestion d\u00e9ficiente et de v\u00e9tust\u00e9 des \u00e9quipements. Ce constat alarmant est aggrav\u00e9 par l\u2019explosion des besoins en mobilit\u00e9, notamment dans les grandes agglom\u00e9rations et les r\u00e9gions rurales.<\/p>\n\n\n\n<p>Le gouvernement affirme d\u00e9sormais vouloir rompre avec les politiques pass\u00e9es et amorcer une r\u00e9forme profonde, o\u00f9 le transport devient un levier de justice sociale et de croissance \u00e9conomique.<\/p>\n\n\n\n<p><\/p>\n\n\n\n<iframe src=\"https:\/\/www.facebook.com\/plugins\/post.php?href=https%3A%2F%2Fwww.facebook.com%2FPresidencedugouvernementtunisien%2Fposts%2Fpfbid0tZ7s5m4xKCvmRYejDvYLoFUThpvRq38rYD5KHKrHwQtsgpRr7TxKwikRPnHzigmcl&#038;show_text=true&#038;width=500\" width=\"500\" height=\"250\" style=\"border:none;overflow:hidden\" scrolling=\"no\" frameborder=\"0\" allowfullscreen=\"true\" allow=\"autoplay; clipboard-write; encrypted-media; picture-in-picture; web-share\"><\/iframe>\n\n\n\n<p><\/p>\n\n\n\n<p><strong>Lire aussi :<\/strong><\/p>\n\n\n\n<ul class=\"wp-block-list\">\n<li><a href=\"https:\/\/www.webdo.tn\/fr\/actualite\/edito\/tunisie-arrivee-de-bus-chinois-un-evenement-celebre-comme-un-mariage\/379606\/\">Tunisie : Arriv\u00e9e de bus chinois, un \u00e9v\u00e8nement c\u00e9l\u00e9br\u00e9 comme un mariage !<\/a><\/li>\n\n\n\n<li><a href=\"https:\/\/www.webdo.tn\/fr\/actualite\/national\/grand-tunis-augmentation-de-bus-et-metro-renforce-avant-la-rentree-2025\/379584\/\">Grand Tunis : augmentation de bus et m\u00e9tro renforc\u00e9 avant la rentr\u00e9e 2025<\/a><\/li>\n\n\n\n<li><a href=\"https:\/\/www.webdo.tn\/fr\/actualite\/national\/tunisie-la-transtu-receptionne-un-lot-de-85-bus-adaptes-francais\/378392\/\">Tunisie&nbsp;: La Transtu r\u00e9ceptionne un lot de 85 bus adapt\u00e9s fran\u00e7ais<\/a><\/li>\n\n\n\n<li><a href=\"https:\/\/www.webdo.tn\/fr\/actualite\/national\/tunisie-reception-de-109-bus-chinois-neufs-au-port-de-la-goulette\/377770\/\">Tunisie : R\u00e9ception de 109 bus chinois neufs au port de La Goulette<\/a><\/li>\n\n\n\n<li><a href=\"https:\/\/www.webdo.tn\/fr\/actualite\/national\/tunisie-transport-scolaire-418-bus-chinois-pour-soulager-les-regions\/377027\/\">Transport en Tunisie : 418 bus chinois pour \u00e9coles, r\u00e9gions et villes<\/a><\/li>\n<\/ul>\n","protected":false},"excerpt":{"rendered":"<p>Un conseil minist\u00e9riel restreint s\u2019est tenu mercredi 23 juillet au Palais du gouvernement sous la pr\u00e9sidence de la cheffe du gouvernement, Sarra Za\u00e2frani Zenzri, pour faire le point sur la situation du transport public et annoncer une s\u00e9rie de mesures urgentes et strat\u00e9giques. L\u2019objectif affich\u00e9 : reconstruire une v\u00e9ritable politique nationale du transport apr\u00e8s des [&hellip;]<\/p>\n","protected":false},"author":3191,"featured_media":379586,"comment_status":"open","ping_status":"open","sticky":false,"template":"","format":"standard","meta":{"footnotes":""},"categories":[44],"tags":[10645,3556,3863,2608],"class_list":["post-380285","post","type-post","status-publish","format-standard","has-post-thumbnail","hentry","category-national","tag-transport-terrestre","tag-sarra-zaafrani-zenzri","tag-transport-public","tag-tunisie"],"yoast_head":"<!-- This site is optimized with the Yoast SEO Premium plugin v27.5 (Yoast SEO v27.5) - https:\/\/yoast.com\/product\/yoast-seo-premium-wordpress\/ -->\n<title>Tunisie : Un plan pour int\u00e9grer plus de 1300 bus dans le transport public - webdo<\/title>\n<meta name=\"description\" content=\"D\u00e9couvrez le plan ambitieux pour int\u00e9grer plus de 1300 bus dans le transport public en Tunisie et moderniser ce secteur vital.\" \/>\n<link rel=\"canonical\" href=\"https:\/\/www.webdo.tn\/fr\/actualite\/national\/tunisie-un-plan-pour-integrer-plus-de-1300-bus-dans-le-transport-public\/380285\/\" \/>\n<meta property=\"og:locale\" content=\"fr_FR\" \/>\n<meta property=\"og:type\" content=\"article\" \/>\n<meta property=\"og:title\" content=\"Tunisie : Un plan pour int\u00e9grer plus de 1300 bus dans le transport public\" \/>\n<meta property=\"og:description\" content=\"D\u00e9couvrez le plan ambitieux pour int\u00e9grer plus de 1300 bus dans le transport public en Tunisie et moderniser ce secteur vital.\" \/>\n<meta property=\"og:url\" content=\"https:\/\/www.webdo.tn\/fr\/actualite\/national\/tunisie-un-plan-pour-integrer-plus-de-1300-bus-dans-le-transport-public\/380285\/\" \/>\n<meta property=\"og:site_name\" content=\"webdo\" \/>\n<meta property=\"article:publisher\" content=\"https:\/\/www.facebook.com\/webdotn\" \/>\n<meta property=\"article:published_time\" content=\"2025-07-24T10:58:58+00:00\" \/>\n<meta property=\"article:modified_time\" content=\"2025-07-25T13:31:13+00:00\" \/>\n<meta property=\"og:image\" content=\"https:\/\/www.webdo.tn\/fr\/wp-content\/uploads\/2025\/07\/189-Bus-chinois.jpg\" \/>\n\t<meta property=\"og:image:width\" content=\"1200\" \/>\n\t<meta property=\"og:image:height\" content=\"630\" \/>\n\t<meta property=\"og:image:type\" content=\"image\/jpeg\" \/>\n<meta name=\"author\" content=\"Mohamed Hedi Touati\" \/>\n<meta name=\"twitter:card\" content=\"summary_large_image\" \/>\n<meta name=\"twitter:creator\" content=\"@webdo_tn\" \/>\n<meta name=\"twitter:site\" content=\"@webdo_tn\" \/>\n<meta name=\"twitter:label1\" content=\"\u00c9crit par\" \/>\n\t<meta name=\"twitter:data1\" content=\"Mohamed Hedi Touati\" \/>\n\t<meta name=\"twitter:label2\" content=\"Dur\u00e9e de lecture estim\u00e9e\" \/>\n\t<meta name=\"twitter:data2\" content=\"4 minutes\" \/>\n<script type=\"application\/ld+json\" class=\"yoast-schema-graph\">{\"@context\":\"https:\\\/\\\/schema.org\",\"@graph\":[{\"@type\":\"NewsArticle\",\"@id\":\"https:\\\/\\\/www.webdo.tn\\\/fr\\\/actualite\\\/national\\\/tunisie-un-plan-pour-integrer-plus-de-1300-bus-dans-le-transport-public\\\/380285\\\/#article\",\"isPartOf\":{\"@id\":\"https:\\\/\\\/www.webdo.tn\\\/fr\\\/actualite\\\/national\\\/tunisie-un-plan-pour-integrer-plus-de-1300-bus-dans-le-transport-public\\\/380285\\\/\"},\"author\":{\"name\":\"Mohamed Hedi Touati\",\"@id\":\"https:\\\/\\\/www.webdo.tn\\\/fr\\\/#\\\/schema\\\/person\\\/c652cd8fc2b1b44412b5ffb48c5a911d\"},\"headline\":\"Tunisie : Un plan pour int\u00e9grer plus de 1300 bus dans le transport public\",\"datePublished\":\"2025-07-24T10:58:58+00:00\",\"dateModified\":\"2025-07-25T13:31:13+00:00\",\"mainEntityOfPage\":{\"@id\":\"https:\\\/\\\/www.webdo.tn\\\/fr\\\/actualite\\\/national\\\/tunisie-un-plan-pour-integrer-plus-de-1300-bus-dans-le-transport-public\\\/380285\\\/\"},\"wordCount\":718,\"commentCount\":0,\"publisher\":{\"@id\":\"https:\\\/\\\/www.webdo.tn\\\/fr\\\/#organization\"},\"image\":{\"@id\":\"https:\\\/\\\/www.webdo.tn\\\/fr\\\/actualite\\\/national\\\/tunisie-un-plan-pour-integrer-plus-de-1300-bus-dans-le-transport-public\\\/380285\\\/#primaryimage\"},\"thumbnailUrl\":\"https:\\\/\\\/www.webdo.tn\\\/fr\\\/wp-content\\\/uploads\\\/2025\\\/07\\\/189-Bus-chinois.jpg\",\"keywords\":[\"'transport terrestre']\",\"Sarra Za\u00e2frani Zenzri\",\"transport public\",\"Tunisie\"],\"articleSection\":[\"National\"],\"inLanguage\":\"fr-FR\"},{\"@type\":\"WebPage\",\"@id\":\"https:\\\/\\\/www.webdo.tn\\\/fr\\\/actualite\\\/national\\\/tunisie-un-plan-pour-integrer-plus-de-1300-bus-dans-le-transport-public\\\/380285\\\/\",\"url\":\"https:\\\/\\\/www.webdo.tn\\\/fr\\\/actualite\\\/national\\\/tunisie-un-plan-pour-integrer-plus-de-1300-bus-dans-le-transport-public\\\/380285\\\/\",\"name\":\"Tunisie : Un plan pour int\u00e9grer plus de 1300 bus dans le transport public - webdo\",\"isPartOf\":{\"@id\":\"https:\\\/\\\/www.webdo.tn\\\/fr\\\/#website\"},\"primaryImageOfPage\":{\"@id\":\"https:\\\/\\\/www.webdo.tn\\\/fr\\\/actualite\\\/national\\\/tunisie-un-plan-pour-integrer-plus-de-1300-bus-dans-le-transport-public\\\/380285\\\/#primaryimage\"},\"image\":{\"@id\":\"https:\\\/\\\/www.webdo.tn\\\/fr\\\/actualite\\\/national\\\/tunisie-un-plan-pour-integrer-plus-de-1300-bus-dans-le-transport-public\\\/380285\\\/#primaryimage\"},\"thumbnailUrl\":\"https:\\\/\\\/www.webdo.tn\\\/fr\\\/wp-content\\\/uploads\\\/2025\\\/07\\\/189-Bus-chinois.jpg\",\"datePublished\":\"2025-07-24T10:58:58+00:00\",\"dateModified\":\"2025-07-25T13:31:13+00:00\",\"description\":\"D\u00e9couvrez le plan ambitieux pour int\u00e9grer plus de 1300 bus dans le transport public en Tunisie et moderniser ce secteur vital.\",\"breadcrumb\":{\"@id\":\"https:\\\/\\\/www.webdo.tn\\\/fr\\\/actualite\\\/national\\\/tunisie-un-plan-pour-integrer-plus-de-1300-bus-dans-le-transport-public\\\/380285\\\/#breadcrumb\"},\"inLanguage\":\"fr-FR\",\"potentialAction\":[{\"@type\":\"ReadAction\",\"target\":[\"https:\\\/\\\/www.webdo.tn\\\/fr\\\/actualite\\\/national\\\/tunisie-un-plan-pour-integrer-plus-de-1300-bus-dans-le-transport-public\\\/380285\\\/\"]}]},{\"@type\":\"ImageObject\",\"inLanguage\":\"fr-FR\",\"@id\":\"https:\\\/\\\/www.webdo.tn\\\/fr\\\/actualite\\\/national\\\/tunisie-un-plan-pour-integrer-plus-de-1300-bus-dans-le-transport-public\\\/380285\\\/#primaryimage\",\"url\":\"https:\\\/\\\/www.webdo.tn\\\/fr\\\/wp-content\\\/uploads\\\/2025\\\/07\\\/189-Bus-chinois.jpg\",\"contentUrl\":\"https:\\\/\\\/www.webdo.tn\\\/fr\\\/wp-content\\\/uploads\\\/2025\\\/07\\\/189-Bus-chinois.jpg\",\"width\":1200,\"height\":630,\"caption\":\"Le budget du minist\u00e8re des Transports en hausse de 17,7%, cap sur la modernisation du r\u00e9seau\"},{\"@type\":\"BreadcrumbList\",\"@id\":\"https:\\\/\\\/www.webdo.tn\\\/fr\\\/actualite\\\/national\\\/tunisie-un-plan-pour-integrer-plus-de-1300-bus-dans-le-transport-public\\\/380285\\\/#breadcrumb\",\"itemListElement\":[{\"@type\":\"ListItem\",\"position\":1,\"name\":\"Accueil\",\"item\":\"https:\\\/\\\/www.webdo.tn\\\/fr\\\/\"},{\"@type\":\"ListItem\",\"position\":2,\"name\":\"Tunisie : Un plan pour int\u00e9grer plus de 1300 bus dans le transport public\"}]},{\"@type\":\"WebSite\",\"@id\":\"https:\\\/\\\/www.webdo.tn\\\/fr\\\/#website\",\"url\":\"https:\\\/\\\/www.webdo.tn\\\/fr\\\/\",\"name\":\"webdo\",\"description\":\"Tunisie - News en Tunisie et \u00e0 l&#039;international sur Webdo.tn\",\"publisher\":{\"@id\":\"https:\\\/\\\/www.webdo.tn\\\/fr\\\/#organization\"},\"potentialAction\":[{\"@type\":\"SearchAction\",\"target\":{\"@type\":\"EntryPoint\",\"urlTemplate\":\"https:\\\/\\\/www.webdo.tn\\\/fr\\\/?s={search_term_string}\"},\"query-input\":{\"@type\":\"PropertyValueSpecification\",\"valueRequired\":true,\"valueName\":\"search_term_string\"}}],\"inLanguage\":\"fr-FR\"},{\"@type\":\"Organization\",\"@id\":\"https:\\\/\\\/www.webdo.tn\\\/fr\\\/#organization\",\"name\":\"Webdo\",\"alternateName\":\"Webdo.tn\",\"url\":\"https:\\\/\\\/www.webdo.tn\\\/fr\\\/\",\"logo\":{\"@type\":\"ImageObject\",\"inLanguage\":\"fr-FR\",\"@id\":\"https:\\\/\\\/www.webdo.tn\\\/fr\\\/#\\\/schema\\\/logo\\\/image\\\/\",\"url\":\"https:\\\/\\\/www.webdo.tn\\\/fr\\\/wp-content\\\/uploads\\\/2025\\\/06\\\/Webdo-Tunisie_168377.jpg\",\"contentUrl\":\"https:\\\/\\\/www.webdo.tn\\\/fr\\\/wp-content\\\/uploads\\\/2025\\\/06\\\/Webdo-Tunisie_168377.jpg\",\"width\":301,\"height\":301,\"caption\":\"Webdo\"},\"image\":{\"@id\":\"https:\\\/\\\/www.webdo.tn\\\/fr\\\/#\\\/schema\\\/logo\\\/image\\\/\"},\"sameAs\":[\"https:\\\/\\\/www.facebook.com\\\/webdotn\",\"https:\\\/\\\/x.com\\\/webdo_tn\"],\"description\":\"Webdo est un m\u00e9dia num\u00e9rique tunisien fond\u00e9 en 2010, sp\u00e9cialis\u00e9 dans l\u2019actualit\u00e9 nationale et internationale, l\u2019\u00e9conomie, la soci\u00e9t\u00e9 et les analyses politiques. Le site s\u2019adresse \u00e0 un large public francophone et couvre l\u2019information tunisienne en temps r\u00e9el.\",\"email\":\"redac@webdo.tn\",\"legalName\":\"YNJ SARL\",\"foundingDate\":\"2010-09-06\",\"numberOfEmployees\":{\"@type\":\"QuantitativeValue\",\"minValue\":\"11\",\"maxValue\":\"50\"}},{\"@type\":\"Person\",\"@id\":\"https:\\\/\\\/www.webdo.tn\\\/fr\\\/#\\\/schema\\\/person\\\/c652cd8fc2b1b44412b5ffb48c5a911d\",\"name\":\"Mohamed Hedi Touati\",\"image\":{\"@type\":\"ImageObject\",\"inLanguage\":\"fr-FR\",\"@id\":\"https:\\\/\\\/secure.gravatar.com\\\/avatar\\\/9cfd402c745b7a685f13eed0ea6e59d2144a3c2fc50a3db6fd5ed451f6cddf1a?s=96&d=mm&r=g\",\"url\":\"https:\\\/\\\/secure.gravatar.com\\\/avatar\\\/9cfd402c745b7a685f13eed0ea6e59d2144a3c2fc50a3db6fd5ed451f6cddf1a?s=96&d=mm&r=g\",\"contentUrl\":\"https:\\\/\\\/secure.gravatar.com\\\/avatar\\\/9cfd402c745b7a685f13eed0ea6e59d2144a3c2fc50a3db6fd5ed451f6cddf1a?s=96&d=mm&r=g\",\"caption\":\"Mohamed Hedi Touati\"},\"url\":\"https:\\\/\\\/www.webdo.tn\\\/fr\\\/actualite\\\/author\\\/mohamed-hedi-touati\\\/\"}]}<\/script>\n<!-- \/ Yoast SEO Premium plugin. -->","yoast_head_json":{"title":"Tunisie : Un plan pour int\u00e9grer plus de 1300 bus dans le transport public - webdo","description":"D\u00e9couvrez le plan ambitieux pour int\u00e9grer plus de 1300 bus dans le transport public en Tunisie et moderniser ce secteur vital.","canonical":"https:\/\/www.webdo.tn\/fr\/actualite\/national\/tunisie-un-plan-pour-integrer-plus-de-1300-bus-dans-le-transport-public\/380285\/","og_locale":"fr_FR","og_type":"article","og_title":"Tunisie : Un plan pour int\u00e9grer plus de 1300 bus dans le transport public","og_description":"D\u00e9couvrez le plan ambitieux pour int\u00e9grer plus de 1300 bus dans le transport public en Tunisie et moderniser ce secteur vital.","og_url":"https:\/\/www.webdo.tn\/fr\/actualite\/national\/tunisie-un-plan-pour-integrer-plus-de-1300-bus-dans-le-transport-public\/380285\/","og_site_name":"webdo","article_publisher":"https:\/\/www.facebook.com\/webdotn","article_published_time":"2025-07-24T10:58:58+00:00","article_modified_time":"2025-07-25T13:31:13+00:00","og_image":[{"width":1200,"height":630,"url":"https:\/\/www.webdo.tn\/fr\/wp-content\/uploads\/2025\/07\/189-Bus-chinois.jpg","type":"image\/jpeg"}],"author":"Mohamed Hedi Touati","twitter_card":"summary_large_image","twitter_creator":"@webdo_tn","twitter_site":"@webdo_tn","twitter_misc":{"\u00c9crit par":"Mohamed Hedi Touati","Dur\u00e9e de lecture estim\u00e9e":"4 minutes"},"schema":{"@context":"https:\/\/schema.org","@graph":[{"@type":"NewsArticle","@id":"https:\/\/www.webdo.tn\/fr\/actualite\/national\/tunisie-un-plan-pour-integrer-plus-de-1300-bus-dans-le-transport-public\/380285\/#article","isPartOf":{"@id":"https:\/\/www.webdo.tn\/fr\/actualite\/national\/tunisie-un-plan-pour-integrer-plus-de-1300-bus-dans-le-transport-public\/380285\/"},"author":{"name":"Mohamed Hedi Touati","@id":"https:\/\/www.webdo.tn\/fr\/#\/schema\/person\/c652cd8fc2b1b44412b5ffb48c5a911d"},"headline":"Tunisie : Un plan pour int\u00e9grer plus de 1300 bus dans le transport public","datePublished":"2025-07-24T10:58:58+00:00","dateModified":"2025-07-25T13:31:13+00:00","mainEntityOfPage":{"@id":"https:\/\/www.webdo.tn\/fr\/actualite\/national\/tunisie-un-plan-pour-integrer-plus-de-1300-bus-dans-le-transport-public\/380285\/"},"wordCount":718,"commentCount":0,"publisher":{"@id":"https:\/\/www.webdo.tn\/fr\/#organization"},"image":{"@id":"https:\/\/www.webdo.tn\/fr\/actualite\/national\/tunisie-un-plan-pour-integrer-plus-de-1300-bus-dans-le-transport-public\/380285\/#primaryimage"},"thumbnailUrl":"https:\/\/www.webdo.tn\/fr\/wp-content\/uploads\/2025\/07\/189-Bus-chinois.jpg","keywords":["'transport terrestre']","Sarra Za\u00e2frani Zenzri","transport public","Tunisie"],"articleSection":["National"],"inLanguage":"fr-FR"},{"@type":"WebPage","@id":"https:\/\/www.webdo.tn\/fr\/actualite\/national\/tunisie-un-plan-pour-integrer-plus-de-1300-bus-dans-le-transport-public\/380285\/","url":"https:\/\/www.webdo.tn\/fr\/actualite\/national\/tunisie-un-plan-pour-integrer-plus-de-1300-bus-dans-le-transport-public\/380285\/","name":"Tunisie : Un plan pour int\u00e9grer plus de 1300 bus dans le transport public - webdo","isPartOf":{"@id":"https:\/\/www.webdo.tn\/fr\/#website"},"primaryImageOfPage":{"@id":"https:\/\/www.webdo.tn\/fr\/actualite\/national\/tunisie-un-plan-pour-integrer-plus-de-1300-bus-dans-le-transport-public\/380285\/#primaryimage"},"image":{"@id":"https:\/\/www.webdo.tn\/fr\/actualite\/national\/tunisie-un-plan-pour-integrer-plus-de-1300-bus-dans-le-transport-public\/380285\/#primaryimage"},"thumbnailUrl":"https:\/\/www.webdo.tn\/fr\/wp-content\/uploads\/2025\/07\/189-Bus-chinois.jpg","datePublished":"2025-07-24T10:58:58+00:00","dateModified":"2025-07-25T13:31:13+00:00","description":"D\u00e9couvrez le plan ambitieux pour int\u00e9grer plus de 1300 bus dans le transport public en Tunisie et moderniser ce secteur vital.","breadcrumb":{"@id":"https:\/\/www.webdo.tn\/fr\/actualite\/national\/tunisie-un-plan-pour-integrer-plus-de-1300-bus-dans-le-transport-public\/380285\/#breadcrumb"},"inLanguage":"fr-FR","potentialAction":[{"@type":"ReadAction","target":["https:\/\/www.webdo.tn\/fr\/actualite\/national\/tunisie-un-plan-pour-integrer-plus-de-1300-bus-dans-le-transport-public\/380285\/"]}]},{"@type":"ImageObject","inLanguage":"fr-FR","@id":"https:\/\/www.webdo.tn\/fr\/actualite\/national\/tunisie-un-plan-pour-integrer-plus-de-1300-bus-dans-le-transport-public\/380285\/#primaryimage","url":"https:\/\/www.webdo.tn\/fr\/wp-content\/uploads\/2025\/07\/189-Bus-chinois.jpg","contentUrl":"https:\/\/www.webdo.tn\/fr\/wp-content\/uploads\/2025\/07\/189-Bus-chinois.jpg","width":1200,"height":630,"caption":"Le budget du minist\u00e8re des Transports en hausse de 17,7%, cap sur la modernisation du r\u00e9seau"},{"@type":"BreadcrumbList","@id":"https:\/\/www.webdo.tn\/fr\/actualite\/national\/tunisie-un-plan-pour-integrer-plus-de-1300-bus-dans-le-transport-public\/380285\/#breadcrumb","itemListElement":[{"@type":"ListItem","position":1,"name":"Accueil","item":"https:\/\/www.webdo.tn\/fr\/"},{"@type":"ListItem","position":2,"name":"Tunisie : Un plan pour int\u00e9grer plus de 1300 bus dans le transport public"}]},{"@type":"WebSite","@id":"https:\/\/www.webdo.tn\/fr\/#website","url":"https:\/\/www.webdo.tn\/fr\/","name":"webdo","description":"Tunisie - News en Tunisie et \u00e0 l&#039;international sur Webdo.tn","publisher":{"@id":"https:\/\/www.webdo.tn\/fr\/#organization"},"potentialAction":[{"@type":"SearchAction","target":{"@type":"EntryPoint","urlTemplate":"https:\/\/www.webdo.tn\/fr\/?s={search_term_string}"},"query-input":{"@type":"PropertyValueSpecification","valueRequired":true,"valueName":"search_term_string"}}],"inLanguage":"fr-FR"},{"@type":"Organization","@id":"https:\/\/www.webdo.tn\/fr\/#organization","name":"Webdo","alternateName":"Webdo.tn","url":"https:\/\/www.webdo.tn\/fr\/","logo":{"@type":"ImageObject","inLanguage":"fr-FR","@id":"https:\/\/www.webdo.tn\/fr\/#\/schema\/logo\/image\/","url":"https:\/\/www.webdo.tn\/fr\/wp-content\/uploads\/2025\/06\/Webdo-Tunisie_168377.jpg","contentUrl":"https:\/\/www.webdo.tn\/fr\/wp-content\/uploads\/2025\/06\/Webdo-Tunisie_168377.jpg","width":301,"height":301,"caption":"Webdo"},"image":{"@id":"https:\/\/www.webdo.tn\/fr\/#\/schema\/logo\/image\/"},"sameAs":["https:\/\/www.facebook.com\/webdotn","https:\/\/x.com\/webdo_tn"],"description":"Webdo est un m\u00e9dia num\u00e9rique tunisien fond\u00e9 en 2010, sp\u00e9cialis\u00e9 dans l\u2019actualit\u00e9 nationale et internationale, l\u2019\u00e9conomie, la soci\u00e9t\u00e9 et les analyses politiques. Le site s\u2019adresse \u00e0 un large public francophone et couvre l\u2019information tunisienne en temps r\u00e9el.","email":"redac@webdo.tn","legalName":"YNJ SARL","foundingDate":"2010-09-06","numberOfEmployees":{"@type":"QuantitativeValue","minValue":"11","maxValue":"50"}},{"@type":"Person","@id":"https:\/\/www.webdo.tn\/fr\/#\/schema\/person\/c652cd8fc2b1b44412b5ffb48c5a911d","name":"Mohamed Hedi Touati","image":{"@type":"ImageObject","inLanguage":"fr-FR","@id":"https:\/\/secure.gravatar.com\/avatar\/9cfd402c745b7a685f13eed0ea6e59d2144a3c2fc50a3db6fd5ed451f6cddf1a?s=96&d=mm&r=g","url":"https:\/\/secure.gravatar.com\/avatar\/9cfd402c745b7a685f13eed0ea6e59d2144a3c2fc50a3db6fd5ed451f6cddf1a?s=96&d=mm&r=g","contentUrl":"https:\/\/secure.gravatar.com\/avatar\/9cfd402c745b7a685f13eed0ea6e59d2144a3c2fc50a3db6fd5ed451f6cddf1a?s=96&d=mm&r=g","caption":"Mohamed Hedi Touati"},"url":"https:\/\/www.webdo.tn\/fr\/actualite\/author\/mohamed-hedi-touati\/"}]}},"_links":{"self":[{"href":"https:\/\/www.webdo.tn\/fr\/wp-json\/wp\/v2\/posts\/380285","targetHints":{"allow":["GET"]}}],"collection":[{"href":"https:\/\/www.webdo.tn\/fr\/wp-json\/wp\/v2\/posts"}],"about":[{"href":"https:\/\/www.webdo.tn\/fr\/wp-json\/wp\/v2\/types\/post"}],"author":[{"embeddable":true,"href":"https:\/\/www.webdo.tn\/fr\/wp-json\/wp\/v2\/users\/3191"}],"replies":[{"embeddable":true,"href":"https:\/\/www.webdo.tn\/fr\/wp-json\/wp\/v2\/comments?post=380285"}],"version-history":[{"count":0,"href":"https:\/\/www.webdo.tn\/fr\/wp-json\/wp\/v2\/posts\/380285\/revisions"}],"wp:featuredmedia":[{"embeddable":true,"href":"https:\/\/www.webdo.tn\/fr\/wp-json\/wp\/v2\/media\/379586"}],"wp:attachment":[{"href":"https:\/\/www.webdo.tn\/fr\/wp-json\/wp\/v2\/media?parent=380285"}],"wp:term":[{"taxonomy":"category","embeddable":true,"href":"https:\/\/www.webdo.tn\/fr\/wp-json\/wp\/v2\/categories?post=380285"},{"taxonomy":"post_tag","embeddable":true,"href":"https:\/\/www.webdo.tn\/fr\/wp-json\/wp\/v2\/tags?post=380285"}],"curies":[{"name":"wp","href":"https:\/\/api.w.org\/{rel}","templated":true}]}}