{"id":380268,"date":"2025-07-24T09:49:53","date_gmt":"2025-07-24T08:49:53","guid":{"rendered":"https:\/\/www.webdo.tn\/fr\/?p=380268"},"modified":"2025-07-24T12:40:41","modified_gmt":"2025-07-24T11:40:41","slug":"canicule-en-tunisie-le-ministere-de-lagriculture-lance-deux-alertes","status":"publish","type":"post","link":"https:\/\/www.webdo.tn\/fr\/actualite\/national\/canicule-en-tunisie-le-ministere-de-lagriculture-lance-deux-alertes\/380268\/","title":{"rendered":"Canicule en Tunisie : Le minist\u00e8re de l\u2019Agriculture lance deux alertes"},"content":{"rendered":"\n<p><strong><em>Face \u00e0 la poursuite de la vague de chaleur exceptionnelle et aux risques m\u00e9t\u00e9orologiques annonc\u00e9s, le minist\u00e8re de l\u2019Agriculture a publi\u00e9 deux communiqu\u00e9s d\u2019alerte, visant \u00e0 prot\u00e9ger \u00e0 la fois les r\u00e9coltes c\u00e9r\u00e9ali\u00e8res et les productions animales.<\/em><\/strong><\/p>\n\n\n\n<p>Mercredi soir, le minist\u00e8re de l\u2019Agriculture, des Ressources hydrauliques et de la P\u00eache a appel\u00e9, dans un premier communiqu\u00e9, qui s\u2019adresse aux soci\u00e9t\u00e9s de collecte des c\u00e9r\u00e9ales, \u00e0 renforcer les mesures de pr\u00e9caution pour pr\u00e9server les stocks, notamment ceux entrepos\u00e9s \u00e0 l\u2019air libre.<\/p>\n\n\n\n<p><strong> Pr\u00e9server les stocks de c\u00e9r\u00e9ales<\/strong><\/p>\n\n\n\n<p>Selon les pr\u00e9visions de l\u2019INM, des cellules orageuses accompagn\u00e9es de pluies \u00e9parses sont attendues l\u2019apr\u00e8s-midi sur les r\u00e9gions ouest du nord et du centre.<\/p>\n\n\n\n<p>Le minist\u00e8re demande \u00e9galement aux d\u00e9l\u00e9gations r\u00e9gionales au d\u00e9veloppement agricole et aux offices r\u00e9gionaux des c\u00e9r\u00e9ales de suivre l\u2019\u00e9tat de pr\u00e9paration des centres de collecte et d&rsquo;assurer un accompagnement technique appropri\u00e9.<\/p>\n\n\n\n<p><strong>Prot\u00e9ger le cheptel et des produits agricoles d\u2019origine animale<\/strong><\/p>\n\n\n\n<p>Le deuxi\u00e8me communiqu\u00e9, en lien avec la vague de chaleur exceptionnelle, vise la protection du cheptel et des produits agricoles d\u2019origine animale. Il s\u2019adresse aux agriculteurs, \u00e9leveurs et autres professionnels du secteur, en les incitant \u00e0 une vigilance maximale face aux risques accrus.<\/p>\n\n\n\n<p>Des mesures pr\u00e9ventives sont recommand\u00e9es pour r\u00e9duire l\u2019impact thermique, tant au niveau de l\u2019\u00e9levage que du transport, tout en insistant sur le respect du bien-\u00eatre animal.<\/p>\n\n\n\n<p>Le minist\u00e8re a \u00e9galement rappel\u00e9 l\u2019importance de respecter strictement la cha\u00eene du froid pour les produits p\u00e9rissables (lait, viande, \u0153ufs, poissons), depuis la production jusqu\u2019\u00e0 la consommation.<\/p>\n\n\n\n<p><strong>Vigilance accrue<\/strong><\/p>\n\n\n\n<p>Les deux communiqu\u00e9s s\u2019inscrivent dans une volont\u00e9 de pr\u00e9servation des productions agricoles et animales, essentielles en p\u00e9riode estivale. En p\u00e9riode de r\u00e9colte et de pic de production, le moindre al\u00e9a climatique peut engendrer d\u2019importantes pertes.<\/p>\n\n\n\n<p>La Tunisie est confront\u00e9e \u00e0 une canicule prolong\u00e9e, accentuant les pressions sur les secteurs agricole et pastoral. Le pays conna\u00eet \u00e9galement une saison de moisson sensible, o\u00f9 la moindre humidit\u00e9 ou la chaleur excessive peuvent compromettre les r\u00e9coltes ou mettre en danger les animaux.<\/p>\n\n\n\n<p>Le gouvernement avait d\u00e9j\u00e0 \u00e9mis des consignes similaires les ann\u00e9es pr\u00e9c\u00e9dentes, mais le minist\u00e8re insiste cette fois sur une vigilance accrue, compte tenu des conditions extr\u00eames et de la r\u00e9p\u00e9tition des vagues de chaleur.<\/p>\n\n\n\n<p><\/p>\n\n\n\n<iframe src=\"https:\/\/www.facebook.com\/plugins\/post.php?href=https%3A%2F%2Fwww.facebook.com%2Fuic.agrinet%2Fposts%2Fpfbid02QDHf5DYCuX61i3CPWHoighiUBwgDR6qCKx4gMUokWdQ3SCkFPjACL2wJtjyz4LjVl&#038;show_text=true&#038;width=500\" width=\"500\" height=\"513\" style=\"border:none;overflow:hidden\" scrolling=\"no\" frameborder=\"0\" allowfullscreen=\"true\" allow=\"autoplay; clipboard-write; encrypted-media; picture-in-picture; web-share\"><\/iframe>\n\n\n\n<p><\/p>\n\n\n\n<ul class=\"wp-block-list\">\n<li>Lire aussi : <a href=\"https:\/\/www.webdo.tn\/fr\/actualite\/national\/vague-de-chaleur-en-tunisie-jusqua-48c-attendus-dici-vendredi\/380240\/\">Vague de chaleur en Tunisie : Jusqu\u2019\u00e0 48\u00b0C attendus d\u2019ici vendredi<\/a><\/li>\n<\/ul>\n","protected":false},"excerpt":{"rendered":"<p>Face \u00e0 la poursuite de la vague de chaleur exceptionnelle et aux risques m\u00e9t\u00e9orologiques annonc\u00e9s, le minist\u00e8re de l\u2019Agriculture a publi\u00e9 deux communiqu\u00e9s d\u2019alerte, visant \u00e0 prot\u00e9ger \u00e0 la fois les r\u00e9coltes c\u00e9r\u00e9ali\u00e8res et les productions animales. Mercredi soir, le minist\u00e8re de l\u2019Agriculture, des Ressources hydrauliques et de la P\u00eache a appel\u00e9, dans un premier [&hellip;]<\/p>\n","protected":false},"author":3191,"featured_media":380270,"comment_status":"open","ping_status":"open","sticky":false,"template":"","format":"standard","meta":{"footnotes":""},"categories":[44],"tags":[5695,5930,11808,2608],"class_list":["post-380268","post","type-post","status-publish","format-standard","has-post-thumbnail","hentry","category-national","tag-alerte","tag-canicule","tag-recolte-cerealiere","tag-tunisie"],"yoast_head":"<!-- This site is optimized with the Yoast SEO Premium plugin v27.4 (Yoast SEO v27.5) - https:\/\/yoast.com\/product\/yoast-seo-premium-wordpress\/ -->\n<title>Canicule en Tunisie : Le minist\u00e8re de l\u2019Agriculture lance deux alertes - webdo<\/title>\n<meta name=\"description\" content=\"Face \u00e0 la canicule en Tunisie, le minist\u00e8re de l\u2019Agriculture donne des conseils pour prot\u00e9ger les r\u00e9coltes et assurer la s\u00e9curit\u00e9 alimentaire.\" \/>\n<link rel=\"canonical\" href=\"https:\/\/www.webdo.tn\/fr\/actualite\/national\/canicule-en-tunisie-le-ministere-de-lagriculture-lance-deux-alertes\/380268\/\" \/>\n<meta property=\"og:locale\" content=\"fr_FR\" \/>\n<meta property=\"og:type\" content=\"article\" \/>\n<meta property=\"og:title\" content=\"Canicule en Tunisie : Le minist\u00e8re de l\u2019Agriculture lance deux alertes\" \/>\n<meta property=\"og:description\" content=\"Face \u00e0 la canicule en Tunisie, le minist\u00e8re de l\u2019Agriculture donne des conseils pour prot\u00e9ger les r\u00e9coltes et assurer la s\u00e9curit\u00e9 alimentaire.\" \/>\n<meta property=\"og:url\" content=\"https:\/\/www.webdo.tn\/fr\/actualite\/national\/canicule-en-tunisie-le-ministere-de-lagriculture-lance-deux-alertes\/380268\/\" \/>\n<meta property=\"og:site_name\" content=\"webdo\" \/>\n<meta property=\"article:publisher\" content=\"https:\/\/www.facebook.com\/webdotn\" \/>\n<meta property=\"article:published_time\" content=\"2025-07-24T08:49:53+00:00\" \/>\n<meta property=\"article:modified_time\" content=\"2025-07-24T11:40:41+00:00\" \/>\n<meta property=\"og:image\" content=\"https:\/\/www.webdo.tn\/fr\/wp-content\/uploads\/2025\/07\/514366752_1028044026162684_3778562899148959917_n.jpg\" \/>\n\t<meta property=\"og:image:width\" content=\"1280\" \/>\n\t<meta property=\"og:image:height\" content=\"853\" \/>\n\t<meta property=\"og:image:type\" content=\"image\/jpeg\" \/>\n<meta name=\"author\" content=\"Mohamed Hedi Touati\" \/>\n<meta name=\"twitter:card\" content=\"summary_large_image\" \/>\n<meta name=\"twitter:creator\" content=\"@webdo_tn\" \/>\n<meta name=\"twitter:site\" content=\"@webdo_tn\" \/>\n<meta name=\"twitter:label1\" content=\"\u00c9crit par\" \/>\n\t<meta name=\"twitter:data1\" content=\"Mohamed Hedi Touati\" \/>\n\t<meta name=\"twitter:label2\" content=\"Dur\u00e9e de lecture estim\u00e9e\" \/>\n\t<meta name=\"twitter:data2\" content=\"3 minutes\" \/>\n<script type=\"application\/ld+json\" class=\"yoast-schema-graph\">{\"@context\":\"https:\\\/\\\/schema.org\",\"@graph\":[{\"@type\":\"NewsArticle\",\"@id\":\"https:\\\/\\\/www.webdo.tn\\\/fr\\\/actualite\\\/national\\\/canicule-en-tunisie-le-ministere-de-lagriculture-lance-deux-alertes\\\/380268\\\/#article\",\"isPartOf\":{\"@id\":\"https:\\\/\\\/www.webdo.tn\\\/fr\\\/actualite\\\/national\\\/canicule-en-tunisie-le-ministere-de-lagriculture-lance-deux-alertes\\\/380268\\\/\"},\"author\":{\"name\":\"Mohamed Hedi Touati\",\"@id\":\"https:\\\/\\\/www.webdo.tn\\\/fr\\\/#\\\/schema\\\/person\\\/c652cd8fc2b1b44412b5ffb48c5a911d\"},\"headline\":\"Canicule en Tunisie : Le minist\u00e8re de l\u2019Agriculture lance deux alertes\",\"datePublished\":\"2025-07-24T08:49:53+00:00\",\"dateModified\":\"2025-07-24T11:40:41+00:00\",\"mainEntityOfPage\":{\"@id\":\"https:\\\/\\\/www.webdo.tn\\\/fr\\\/actualite\\\/national\\\/canicule-en-tunisie-le-ministere-de-lagriculture-lance-deux-alertes\\\/380268\\\/\"},\"wordCount\":457,\"commentCount\":0,\"publisher\":{\"@id\":\"https:\\\/\\\/www.webdo.tn\\\/fr\\\/#organization\"},\"image\":{\"@id\":\"https:\\\/\\\/www.webdo.tn\\\/fr\\\/actualite\\\/national\\\/canicule-en-tunisie-le-ministere-de-lagriculture-lance-deux-alertes\\\/380268\\\/#primaryimage\"},\"thumbnailUrl\":\"https:\\\/\\\/www.webdo.tn\\\/fr\\\/wp-content\\\/uploads\\\/2025\\\/07\\\/514366752_1028044026162684_3778562899148959917_n.jpg\",\"keywords\":[\"alerte\",\"Canicule\",\"r\u00e9colte c\u00e9r\u00e9ali\u00e8re\",\"Tunisie\"],\"articleSection\":[\"National\"],\"inLanguage\":\"fr-FR\"},{\"@type\":\"WebPage\",\"@id\":\"https:\\\/\\\/www.webdo.tn\\\/fr\\\/actualite\\\/national\\\/canicule-en-tunisie-le-ministere-de-lagriculture-lance-deux-alertes\\\/380268\\\/\",\"url\":\"https:\\\/\\\/www.webdo.tn\\\/fr\\\/actualite\\\/national\\\/canicule-en-tunisie-le-ministere-de-lagriculture-lance-deux-alertes\\\/380268\\\/\",\"name\":\"Canicule en Tunisie : Le minist\u00e8re de l\u2019Agriculture lance deux alertes - webdo\",\"isPartOf\":{\"@id\":\"https:\\\/\\\/www.webdo.tn\\\/fr\\\/#website\"},\"primaryImageOfPage\":{\"@id\":\"https:\\\/\\\/www.webdo.tn\\\/fr\\\/actualite\\\/national\\\/canicule-en-tunisie-le-ministere-de-lagriculture-lance-deux-alertes\\\/380268\\\/#primaryimage\"},\"image\":{\"@id\":\"https:\\\/\\\/www.webdo.tn\\\/fr\\\/actualite\\\/national\\\/canicule-en-tunisie-le-ministere-de-lagriculture-lance-deux-alertes\\\/380268\\\/#primaryimage\"},\"thumbnailUrl\":\"https:\\\/\\\/www.webdo.tn\\\/fr\\\/wp-content\\\/uploads\\\/2025\\\/07\\\/514366752_1028044026162684_3778562899148959917_n.jpg\",\"datePublished\":\"2025-07-24T08:49:53+00:00\",\"dateModified\":\"2025-07-24T11:40:41+00:00\",\"description\":\"Face \u00e0 la canicule en Tunisie, le minist\u00e8re de l\u2019Agriculture donne des conseils pour prot\u00e9ger les r\u00e9coltes et assurer la s\u00e9curit\u00e9 alimentaire.\",\"breadcrumb\":{\"@id\":\"https:\\\/\\\/www.webdo.tn\\\/fr\\\/actualite\\\/national\\\/canicule-en-tunisie-le-ministere-de-lagriculture-lance-deux-alertes\\\/380268\\\/#breadcrumb\"},\"inLanguage\":\"fr-FR\",\"potentialAction\":[{\"@type\":\"ReadAction\",\"target\":[\"https:\\\/\\\/www.webdo.tn\\\/fr\\\/actualite\\\/national\\\/canicule-en-tunisie-le-ministere-de-lagriculture-lance-deux-alertes\\\/380268\\\/\"]}]},{\"@type\":\"ImageObject\",\"inLanguage\":\"fr-FR\",\"@id\":\"https:\\\/\\\/www.webdo.tn\\\/fr\\\/actualite\\\/national\\\/canicule-en-tunisie-le-ministere-de-lagriculture-lance-deux-alertes\\\/380268\\\/#primaryimage\",\"url\":\"https:\\\/\\\/www.webdo.tn\\\/fr\\\/wp-content\\\/uploads\\\/2025\\\/07\\\/514366752_1028044026162684_3778562899148959917_n.jpg\",\"contentUrl\":\"https:\\\/\\\/www.webdo.tn\\\/fr\\\/wp-content\\\/uploads\\\/2025\\\/07\\\/514366752_1028044026162684_3778562899148959917_n.jpg\",\"width\":1280,\"height\":853,\"caption\":\"Canicule en Tunisie : Le minist\u00e8re de l\u2019Agriculture lance deux alertes\"},{\"@type\":\"BreadcrumbList\",\"@id\":\"https:\\\/\\\/www.webdo.tn\\\/fr\\\/actualite\\\/national\\\/canicule-en-tunisie-le-ministere-de-lagriculture-lance-deux-alertes\\\/380268\\\/#breadcrumb\",\"itemListElement\":[{\"@type\":\"ListItem\",\"position\":1,\"name\":\"Accueil\",\"item\":\"https:\\\/\\\/www.webdo.tn\\\/fr\\\/\"},{\"@type\":\"ListItem\",\"position\":2,\"name\":\"Canicule en Tunisie : Le minist\u00e8re de l\u2019Agriculture lance deux alertes\"}]},{\"@type\":\"WebSite\",\"@id\":\"https:\\\/\\\/www.webdo.tn\\\/fr\\\/#website\",\"url\":\"https:\\\/\\\/www.webdo.tn\\\/fr\\\/\",\"name\":\"webdo\",\"description\":\"Tunisie - News en Tunisie et \u00e0 l&#039;international sur Webdo.tn\",\"publisher\":{\"@id\":\"https:\\\/\\\/www.webdo.tn\\\/fr\\\/#organization\"},\"potentialAction\":[{\"@type\":\"SearchAction\",\"target\":{\"@type\":\"EntryPoint\",\"urlTemplate\":\"https:\\\/\\\/www.webdo.tn\\\/fr\\\/?s={search_term_string}\"},\"query-input\":{\"@type\":\"PropertyValueSpecification\",\"valueRequired\":true,\"valueName\":\"search_term_string\"}}],\"inLanguage\":\"fr-FR\"},{\"@type\":\"Organization\",\"@id\":\"https:\\\/\\\/www.webdo.tn\\\/fr\\\/#organization\",\"name\":\"Webdo\",\"alternateName\":\"Webdo.tn\",\"url\":\"https:\\\/\\\/www.webdo.tn\\\/fr\\\/\",\"logo\":{\"@type\":\"ImageObject\",\"inLanguage\":\"fr-FR\",\"@id\":\"https:\\\/\\\/www.webdo.tn\\\/fr\\\/#\\\/schema\\\/logo\\\/image\\\/\",\"url\":\"https:\\\/\\\/www.webdo.tn\\\/fr\\\/wp-content\\\/uploads\\\/2025\\\/06\\\/Webdo-Tunisie_168377.jpg\",\"contentUrl\":\"https:\\\/\\\/www.webdo.tn\\\/fr\\\/wp-content\\\/uploads\\\/2025\\\/06\\\/Webdo-Tunisie_168377.jpg\",\"width\":301,\"height\":301,\"caption\":\"Webdo\"},\"image\":{\"@id\":\"https:\\\/\\\/www.webdo.tn\\\/fr\\\/#\\\/schema\\\/logo\\\/image\\\/\"},\"sameAs\":[\"https:\\\/\\\/www.facebook.com\\\/webdotn\",\"https:\\\/\\\/x.com\\\/webdo_tn\"],\"description\":\"Webdo est un m\u00e9dia num\u00e9rique tunisien fond\u00e9 en 2010, sp\u00e9cialis\u00e9 dans l\u2019actualit\u00e9 nationale et internationale, l\u2019\u00e9conomie, la soci\u00e9t\u00e9 et les analyses politiques. Le site s\u2019adresse \u00e0 un large public francophone et couvre l\u2019information tunisienne en temps r\u00e9el.\",\"email\":\"redac@webdo.tn\",\"legalName\":\"YNJ SARL\",\"foundingDate\":\"2010-09-06\",\"numberOfEmployees\":{\"@type\":\"QuantitativeValue\",\"minValue\":\"11\",\"maxValue\":\"50\"}},{\"@type\":\"Person\",\"@id\":\"https:\\\/\\\/www.webdo.tn\\\/fr\\\/#\\\/schema\\\/person\\\/c652cd8fc2b1b44412b5ffb48c5a911d\",\"name\":\"Mohamed Hedi Touati\",\"image\":{\"@type\":\"ImageObject\",\"inLanguage\":\"fr-FR\",\"@id\":\"https:\\\/\\\/secure.gravatar.com\\\/avatar\\\/9cfd402c745b7a685f13eed0ea6e59d2144a3c2fc50a3db6fd5ed451f6cddf1a?s=96&d=mm&r=g\",\"url\":\"https:\\\/\\\/secure.gravatar.com\\\/avatar\\\/9cfd402c745b7a685f13eed0ea6e59d2144a3c2fc50a3db6fd5ed451f6cddf1a?s=96&d=mm&r=g\",\"contentUrl\":\"https:\\\/\\\/secure.gravatar.com\\\/avatar\\\/9cfd402c745b7a685f13eed0ea6e59d2144a3c2fc50a3db6fd5ed451f6cddf1a?s=96&d=mm&r=g\",\"caption\":\"Mohamed Hedi Touati\"},\"url\":\"https:\\\/\\\/www.webdo.tn\\\/fr\\\/actualite\\\/author\\\/mohamed-hedi-touati\\\/\"}]}<\/script>\n<!-- \/ Yoast SEO Premium plugin. -->","yoast_head_json":{"title":"Canicule en Tunisie : Le minist\u00e8re de l\u2019Agriculture lance deux alertes - webdo","description":"Face \u00e0 la canicule en Tunisie, le minist\u00e8re de l\u2019Agriculture donne des conseils pour prot\u00e9ger les r\u00e9coltes et assurer la s\u00e9curit\u00e9 alimentaire.","canonical":"https:\/\/www.webdo.tn\/fr\/actualite\/national\/canicule-en-tunisie-le-ministere-de-lagriculture-lance-deux-alertes\/380268\/","og_locale":"fr_FR","og_type":"article","og_title":"Canicule en Tunisie : Le minist\u00e8re de l\u2019Agriculture lance deux alertes","og_description":"Face \u00e0 la canicule en Tunisie, le minist\u00e8re de l\u2019Agriculture donne des conseils pour prot\u00e9ger les r\u00e9coltes et assurer la s\u00e9curit\u00e9 alimentaire.","og_url":"https:\/\/www.webdo.tn\/fr\/actualite\/national\/canicule-en-tunisie-le-ministere-de-lagriculture-lance-deux-alertes\/380268\/","og_site_name":"webdo","article_publisher":"https:\/\/www.facebook.com\/webdotn","article_published_time":"2025-07-24T08:49:53+00:00","article_modified_time":"2025-07-24T11:40:41+00:00","og_image":[{"width":1280,"height":853,"url":"https:\/\/www.webdo.tn\/fr\/wp-content\/uploads\/2025\/07\/514366752_1028044026162684_3778562899148959917_n.jpg","type":"image\/jpeg"}],"author":"Mohamed Hedi Touati","twitter_card":"summary_large_image","twitter_creator":"@webdo_tn","twitter_site":"@webdo_tn","twitter_misc":{"\u00c9crit par":"Mohamed Hedi Touati","Dur\u00e9e de lecture estim\u00e9e":"3 minutes"},"schema":{"@context":"https:\/\/schema.org","@graph":[{"@type":"NewsArticle","@id":"https:\/\/www.webdo.tn\/fr\/actualite\/national\/canicule-en-tunisie-le-ministere-de-lagriculture-lance-deux-alertes\/380268\/#article","isPartOf":{"@id":"https:\/\/www.webdo.tn\/fr\/actualite\/national\/canicule-en-tunisie-le-ministere-de-lagriculture-lance-deux-alertes\/380268\/"},"author":{"name":"Mohamed Hedi Touati","@id":"https:\/\/www.webdo.tn\/fr\/#\/schema\/person\/c652cd8fc2b1b44412b5ffb48c5a911d"},"headline":"Canicule en Tunisie : Le minist\u00e8re de l\u2019Agriculture lance deux alertes","datePublished":"2025-07-24T08:49:53+00:00","dateModified":"2025-07-24T11:40:41+00:00","mainEntityOfPage":{"@id":"https:\/\/www.webdo.tn\/fr\/actualite\/national\/canicule-en-tunisie-le-ministere-de-lagriculture-lance-deux-alertes\/380268\/"},"wordCount":457,"commentCount":0,"publisher":{"@id":"https:\/\/www.webdo.tn\/fr\/#organization"},"image":{"@id":"https:\/\/www.webdo.tn\/fr\/actualite\/national\/canicule-en-tunisie-le-ministere-de-lagriculture-lance-deux-alertes\/380268\/#primaryimage"},"thumbnailUrl":"https:\/\/www.webdo.tn\/fr\/wp-content\/uploads\/2025\/07\/514366752_1028044026162684_3778562899148959917_n.jpg","keywords":["alerte","Canicule","r\u00e9colte c\u00e9r\u00e9ali\u00e8re","Tunisie"],"articleSection":["National"],"inLanguage":"fr-FR"},{"@type":"WebPage","@id":"https:\/\/www.webdo.tn\/fr\/actualite\/national\/canicule-en-tunisie-le-ministere-de-lagriculture-lance-deux-alertes\/380268\/","url":"https:\/\/www.webdo.tn\/fr\/actualite\/national\/canicule-en-tunisie-le-ministere-de-lagriculture-lance-deux-alertes\/380268\/","name":"Canicule en Tunisie : Le minist\u00e8re de l\u2019Agriculture lance deux alertes - webdo","isPartOf":{"@id":"https:\/\/www.webdo.tn\/fr\/#website"},"primaryImageOfPage":{"@id":"https:\/\/www.webdo.tn\/fr\/actualite\/national\/canicule-en-tunisie-le-ministere-de-lagriculture-lance-deux-alertes\/380268\/#primaryimage"},"image":{"@id":"https:\/\/www.webdo.tn\/fr\/actualite\/national\/canicule-en-tunisie-le-ministere-de-lagriculture-lance-deux-alertes\/380268\/#primaryimage"},"thumbnailUrl":"https:\/\/www.webdo.tn\/fr\/wp-content\/uploads\/2025\/07\/514366752_1028044026162684_3778562899148959917_n.jpg","datePublished":"2025-07-24T08:49:53+00:00","dateModified":"2025-07-24T11:40:41+00:00","description":"Face \u00e0 la canicule en Tunisie, le minist\u00e8re de l\u2019Agriculture donne des conseils pour prot\u00e9ger les r\u00e9coltes et assurer la s\u00e9curit\u00e9 alimentaire.","breadcrumb":{"@id":"https:\/\/www.webdo.tn\/fr\/actualite\/national\/canicule-en-tunisie-le-ministere-de-lagriculture-lance-deux-alertes\/380268\/#breadcrumb"},"inLanguage":"fr-FR","potentialAction":[{"@type":"ReadAction","target":["https:\/\/www.webdo.tn\/fr\/actualite\/national\/canicule-en-tunisie-le-ministere-de-lagriculture-lance-deux-alertes\/380268\/"]}]},{"@type":"ImageObject","inLanguage":"fr-FR","@id":"https:\/\/www.webdo.tn\/fr\/actualite\/national\/canicule-en-tunisie-le-ministere-de-lagriculture-lance-deux-alertes\/380268\/#primaryimage","url":"https:\/\/www.webdo.tn\/fr\/wp-content\/uploads\/2025\/07\/514366752_1028044026162684_3778562899148959917_n.jpg","contentUrl":"https:\/\/www.webdo.tn\/fr\/wp-content\/uploads\/2025\/07\/514366752_1028044026162684_3778562899148959917_n.jpg","width":1280,"height":853,"caption":"Canicule en Tunisie : Le minist\u00e8re de l\u2019Agriculture lance deux alertes"},{"@type":"BreadcrumbList","@id":"https:\/\/www.webdo.tn\/fr\/actualite\/national\/canicule-en-tunisie-le-ministere-de-lagriculture-lance-deux-alertes\/380268\/#breadcrumb","itemListElement":[{"@type":"ListItem","position":1,"name":"Accueil","item":"https:\/\/www.webdo.tn\/fr\/"},{"@type":"ListItem","position":2,"name":"Canicule en Tunisie : Le minist\u00e8re de l\u2019Agriculture lance deux alertes"}]},{"@type":"WebSite","@id":"https:\/\/www.webdo.tn\/fr\/#website","url":"https:\/\/www.webdo.tn\/fr\/","name":"webdo","description":"Tunisie - News en Tunisie et \u00e0 l&#039;international sur Webdo.tn","publisher":{"@id":"https:\/\/www.webdo.tn\/fr\/#organization"},"potentialAction":[{"@type":"SearchAction","target":{"@type":"EntryPoint","urlTemplate":"https:\/\/www.webdo.tn\/fr\/?s={search_term_string}"},"query-input":{"@type":"PropertyValueSpecification","valueRequired":true,"valueName":"search_term_string"}}],"inLanguage":"fr-FR"},{"@type":"Organization","@id":"https:\/\/www.webdo.tn\/fr\/#organization","name":"Webdo","alternateName":"Webdo.tn","url":"https:\/\/www.webdo.tn\/fr\/","logo":{"@type":"ImageObject","inLanguage":"fr-FR","@id":"https:\/\/www.webdo.tn\/fr\/#\/schema\/logo\/image\/","url":"https:\/\/www.webdo.tn\/fr\/wp-content\/uploads\/2025\/06\/Webdo-Tunisie_168377.jpg","contentUrl":"https:\/\/www.webdo.tn\/fr\/wp-content\/uploads\/2025\/06\/Webdo-Tunisie_168377.jpg","width":301,"height":301,"caption":"Webdo"},"image":{"@id":"https:\/\/www.webdo.tn\/fr\/#\/schema\/logo\/image\/"},"sameAs":["https:\/\/www.facebook.com\/webdotn","https:\/\/x.com\/webdo_tn"],"description":"Webdo est un m\u00e9dia num\u00e9rique tunisien fond\u00e9 en 2010, sp\u00e9cialis\u00e9 dans l\u2019actualit\u00e9 nationale et internationale, l\u2019\u00e9conomie, la soci\u00e9t\u00e9 et les analyses politiques. Le site s\u2019adresse \u00e0 un large public francophone et couvre l\u2019information tunisienne en temps r\u00e9el.","email":"redac@webdo.tn","legalName":"YNJ SARL","foundingDate":"2010-09-06","numberOfEmployees":{"@type":"QuantitativeValue","minValue":"11","maxValue":"50"}},{"@type":"Person","@id":"https:\/\/www.webdo.tn\/fr\/#\/schema\/person\/c652cd8fc2b1b44412b5ffb48c5a911d","name":"Mohamed Hedi Touati","image":{"@type":"ImageObject","inLanguage":"fr-FR","@id":"https:\/\/secure.gravatar.com\/avatar\/9cfd402c745b7a685f13eed0ea6e59d2144a3c2fc50a3db6fd5ed451f6cddf1a?s=96&d=mm&r=g","url":"https:\/\/secure.gravatar.com\/avatar\/9cfd402c745b7a685f13eed0ea6e59d2144a3c2fc50a3db6fd5ed451f6cddf1a?s=96&d=mm&r=g","contentUrl":"https:\/\/secure.gravatar.com\/avatar\/9cfd402c745b7a685f13eed0ea6e59d2144a3c2fc50a3db6fd5ed451f6cddf1a?s=96&d=mm&r=g","caption":"Mohamed Hedi Touati"},"url":"https:\/\/www.webdo.tn\/fr\/actualite\/author\/mohamed-hedi-touati\/"}]}},"_links":{"self":[{"href":"https:\/\/www.webdo.tn\/fr\/wp-json\/wp\/v2\/posts\/380268","targetHints":{"allow":["GET"]}}],"collection":[{"href":"https:\/\/www.webdo.tn\/fr\/wp-json\/wp\/v2\/posts"}],"about":[{"href":"https:\/\/www.webdo.tn\/fr\/wp-json\/wp\/v2\/types\/post"}],"author":[{"embeddable":true,"href":"https:\/\/www.webdo.tn\/fr\/wp-json\/wp\/v2\/users\/3191"}],"replies":[{"embeddable":true,"href":"https:\/\/www.webdo.tn\/fr\/wp-json\/wp\/v2\/comments?post=380268"}],"version-history":[{"count":0,"href":"https:\/\/www.webdo.tn\/fr\/wp-json\/wp\/v2\/posts\/380268\/revisions"}],"wp:featuredmedia":[{"embeddable":true,"href":"https:\/\/www.webdo.tn\/fr\/wp-json\/wp\/v2\/media\/380270"}],"wp:attachment":[{"href":"https:\/\/www.webdo.tn\/fr\/wp-json\/wp\/v2\/media?parent=380268"}],"wp:term":[{"taxonomy":"category","embeddable":true,"href":"https:\/\/www.webdo.tn\/fr\/wp-json\/wp\/v2\/categories?post=380268"},{"taxonomy":"post_tag","embeddable":true,"href":"https:\/\/www.webdo.tn\/fr\/wp-json\/wp\/v2\/tags?post=380268"}],"curies":[{"name":"wp","href":"https:\/\/api.w.org\/{rel}","templated":true}]}}