{"id":380261,"date":"2025-07-24T08:43:28","date_gmt":"2025-07-24T07:43:28","guid":{"rendered":"https:\/\/www.webdo.tn\/fr\/?p=380261"},"modified":"2025-07-24T12:03:33","modified_gmt":"2025-07-24T11:03:33","slug":"gaza-53-palestiniens-tues-en-24-heures-sous-les-frappes-sionistes","status":"publish","type":"post","link":"https:\/\/www.webdo.tn\/fr\/actualite\/international\/gaza-53-palestiniens-tues-en-24-heures-sous-les-frappes-sionistes\/380261\/","title":{"rendered":"Gaza : 53 Palestiniens tu\u00e9s en 24 heures sous les frappes sionistes"},"content":{"rendered":"\n<p><strong><em>L&rsquo;arm\u00e9e isra\u00e9lienne a intensifi\u00e9 ses frappes et tirs sur la bande de Gaza, faisant au moins 53 morts palestiniens en une seule journ\u00e9e, dont des enfants, selon l&rsquo;agence Wafa. Les attaques ont vis\u00e9 civils, d\u00e9plac\u00e9s et zones r\u00e9sidentielles dans diff\u00e9rentes r\u00e9gions de l\u2019enclave.<\/em><\/strong><\/p>\n\n\n\n<p>Selon les informations diffus\u00e9es par l\u2019agence de presse officielle Wafa jeudi 24 juillet, les forces d\u2019occupation isra\u00e9liennes ont tu\u00e9 53 Palestiniens mercredi dans plusieurs r\u00e9gions de Gaza.<\/p>\n\n\n\n<p>A Beit Lahia, cinq civils ont \u00e9t\u00e9 tu\u00e9s par un tir d\u2019artillerie alors qu\u2019ils attendaient de l\u2019aide humanitaire. A Nuseirat huit Palestiniens ont trouv\u00e9 la mort dans une frappe visant un rassemblement de civils dans la rue Al-Ishrin. A Al-Mawasi, une frappe sur une tente de d\u00e9plac\u00e9s a fait un mort et plus de dix bless\u00e9s. A Tel Al-Hawa, une frappe a tu\u00e9 sept civils, dont cinq enfants. A Al-Shati, une fillette a \u00e9t\u00e9 tu\u00e9e et 11 autres personnes bless\u00e9es, en majorit\u00e9 des enfants, dans un parc abritant des d\u00e9plac\u00e9s. A Deir al-Balah, les corps de 12 personnes ont \u00e9t\u00e9 retrouv\u00e9s apr\u00e8s le repli de l\u2019arm\u00e9e isra\u00e9lienne. A Rafah, deux civils ont \u00e9t\u00e9 tu\u00e9s alors qu\u2019ils attendaient de l\u2019aide humanitaire. A Bani Suheila, \u00e0 l\u2019est de Khan Youn\u00e8s, deux frappes ont tu\u00e9 quatre civils.<\/p>\n\n\n\n<p>Des ambulances ont aussi \u00e9t\u00e9 cibl\u00e9es : un secouriste a \u00e9t\u00e9 gri\u00e8vement bless\u00e9 par un drone \u00e0 Gaza-Nord. Les tirs et bombardements ont touch\u00e9 \u00e9galement Al-Tuffah, Al-Zeitoun, Al-Daraj, Al-Zawaida et Al-Bureij, tuant ou blessant de nombreuses personnes.<\/p>\n\n\n\n<p>Depuis le 7 octobre 2023, la bande de Gaza est le th\u00e9\u00e2tre d\u2019une guerre que de nombreux observateurs qualifient d\u2019extermination. Selon les autorit\u00e9s locales de Gaza, cette offensive a fait plus de 202 000 martyrs et bless\u00e9s, dont une majorit\u00e9 de femmes et d\u2019enfants, ainsi que plus de 9 000 disparus. La famine, due au blocus et aux restrictions impos\u00e9es, a \u00e9galement caus\u00e9 de nombreuses morts.<\/p>\n","protected":false},"excerpt":{"rendered":"<p>L&rsquo;arm\u00e9e isra\u00e9lienne a intensifi\u00e9 ses frappes et tirs sur la bande de Gaza, faisant au moins 53 morts palestiniens en une seule journ\u00e9e, dont des enfants, selon l&rsquo;agence Wafa. Les attaques ont vis\u00e9 civils, d\u00e9plac\u00e9s et zones r\u00e9sidentielles dans diff\u00e9rentes r\u00e9gions de l\u2019enclave. Selon les informations diffus\u00e9es par l\u2019agence de presse officielle Wafa jeudi 24 [&hellip;]<\/p>\n","protected":false},"author":3191,"featured_media":380262,"comment_status":"open","ping_status":"open","sticky":false,"template":"","format":"standard","meta":{"footnotes":""},"categories":[2598],"tags":[2689,2600,4472,2688],"class_list":["post-380261","post","type-post","status-publish","format-standard","has-post-thumbnail","hentry","category-international","tag-gaza","tag-guerre","tag-martyrs","tag-palestine"],"yoast_head":"<!-- This site is optimized with the Yoast SEO Premium plugin v27.5 (Yoast SEO v27.5) - https:\/\/yoast.com\/product\/yoast-seo-premium-wordpress\/ -->\n<title>Gaza : 53 Palestiniens tu\u00e9s en 24 heures sous les frappes sionistes - webdo<\/title>\n<meta name=\"description\" content=\"L&#039;arm\u00e9e isra\u00e9lienne intensifie ses frappes sur Gaza, causant des pertes civiles tragiques, dont des enfants.\" \/>\n<link rel=\"canonical\" href=\"https:\/\/www.webdo.tn\/fr\/actualite\/international\/gaza-53-palestiniens-tues-en-24-heures-sous-les-frappes-sionistes\/380261\/\" \/>\n<meta property=\"og:locale\" content=\"fr_FR\" \/>\n<meta property=\"og:type\" content=\"article\" \/>\n<meta property=\"og:title\" content=\"Gaza : 53 Palestiniens tu\u00e9s en 24 heures sous les frappes sionistes\" \/>\n<meta property=\"og:description\" content=\"L&#039;arm\u00e9e isra\u00e9lienne intensifie ses frappes sur Gaza, causant des pertes civiles tragiques, dont des enfants.\" \/>\n<meta property=\"og:url\" content=\"https:\/\/www.webdo.tn\/fr\/actualite\/international\/gaza-53-palestiniens-tues-en-24-heures-sous-les-frappes-sionistes\/380261\/\" \/>\n<meta property=\"og:site_name\" content=\"webdo\" \/>\n<meta property=\"article:publisher\" content=\"https:\/\/www.facebook.com\/webdotn\" \/>\n<meta property=\"article:published_time\" content=\"2025-07-24T07:43:28+00:00\" \/>\n<meta property=\"article:modified_time\" content=\"2025-07-24T11:03:33+00:00\" \/>\n<meta property=\"og:image\" content=\"https:\/\/www.webdo.tn\/fr\/wp-content\/uploads\/2025\/07\/Gaza-3.jpg\" \/>\n\t<meta property=\"og:image:width\" content=\"1440\" \/>\n\t<meta property=\"og:image:height\" content=\"960\" \/>\n\t<meta property=\"og:image:type\" content=\"image\/jpeg\" \/>\n<meta name=\"author\" content=\"Mohamed Hedi Touati\" \/>\n<meta name=\"twitter:card\" content=\"summary_large_image\" \/>\n<meta name=\"twitter:creator\" content=\"@webdo_tn\" \/>\n<meta name=\"twitter:site\" content=\"@webdo_tn\" \/>\n<meta name=\"twitter:label1\" content=\"\u00c9crit par\" \/>\n\t<meta name=\"twitter:data1\" content=\"Mohamed Hedi Touati\" \/>\n\t<meta name=\"twitter:label2\" content=\"Dur\u00e9e de lecture estim\u00e9e\" \/>\n\t<meta name=\"twitter:data2\" content=\"2 minutes\" \/>\n<script type=\"application\/ld+json\" class=\"yoast-schema-graph\">{\"@context\":\"https:\\\/\\\/schema.org\",\"@graph\":[{\"@type\":\"NewsArticle\",\"@id\":\"https:\\\/\\\/www.webdo.tn\\\/fr\\\/actualite\\\/international\\\/gaza-53-palestiniens-tues-en-24-heures-sous-les-frappes-sionistes\\\/380261\\\/#article\",\"isPartOf\":{\"@id\":\"https:\\\/\\\/www.webdo.tn\\\/fr\\\/actualite\\\/international\\\/gaza-53-palestiniens-tues-en-24-heures-sous-les-frappes-sionistes\\\/380261\\\/\"},\"author\":{\"name\":\"Mohamed Hedi Touati\",\"@id\":\"https:\\\/\\\/www.webdo.tn\\\/fr\\\/#\\\/schema\\\/person\\\/c652cd8fc2b1b44412b5ffb48c5a911d\"},\"headline\":\"Gaza : 53 Palestiniens tu\u00e9s en 24 heures sous les frappes sionistes\",\"datePublished\":\"2025-07-24T07:43:28+00:00\",\"dateModified\":\"2025-07-24T11:03:33+00:00\",\"mainEntityOfPage\":{\"@id\":\"https:\\\/\\\/www.webdo.tn\\\/fr\\\/actualite\\\/international\\\/gaza-53-palestiniens-tues-en-24-heures-sous-les-frappes-sionistes\\\/380261\\\/\"},\"wordCount\":349,\"commentCount\":0,\"publisher\":{\"@id\":\"https:\\\/\\\/www.webdo.tn\\\/fr\\\/#organization\"},\"image\":{\"@id\":\"https:\\\/\\\/www.webdo.tn\\\/fr\\\/actualite\\\/international\\\/gaza-53-palestiniens-tues-en-24-heures-sous-les-frappes-sionistes\\\/380261\\\/#primaryimage\"},\"thumbnailUrl\":\"https:\\\/\\\/www.webdo.tn\\\/fr\\\/wp-content\\\/uploads\\\/2025\\\/07\\\/Gaza-3.jpg\",\"keywords\":[\"Gaza\",\"guerre\",\"Martyrs\",\"Palestine\"],\"articleSection\":[\"International\"],\"inLanguage\":\"fr-FR\"},{\"@type\":\"WebPage\",\"@id\":\"https:\\\/\\\/www.webdo.tn\\\/fr\\\/actualite\\\/international\\\/gaza-53-palestiniens-tues-en-24-heures-sous-les-frappes-sionistes\\\/380261\\\/\",\"url\":\"https:\\\/\\\/www.webdo.tn\\\/fr\\\/actualite\\\/international\\\/gaza-53-palestiniens-tues-en-24-heures-sous-les-frappes-sionistes\\\/380261\\\/\",\"name\":\"Gaza : 53 Palestiniens tu\u00e9s en 24 heures sous les frappes sionistes - webdo\",\"isPartOf\":{\"@id\":\"https:\\\/\\\/www.webdo.tn\\\/fr\\\/#website\"},\"primaryImageOfPage\":{\"@id\":\"https:\\\/\\\/www.webdo.tn\\\/fr\\\/actualite\\\/international\\\/gaza-53-palestiniens-tues-en-24-heures-sous-les-frappes-sionistes\\\/380261\\\/#primaryimage\"},\"image\":{\"@id\":\"https:\\\/\\\/www.webdo.tn\\\/fr\\\/actualite\\\/international\\\/gaza-53-palestiniens-tues-en-24-heures-sous-les-frappes-sionistes\\\/380261\\\/#primaryimage\"},\"thumbnailUrl\":\"https:\\\/\\\/www.webdo.tn\\\/fr\\\/wp-content\\\/uploads\\\/2025\\\/07\\\/Gaza-3.jpg\",\"datePublished\":\"2025-07-24T07:43:28+00:00\",\"dateModified\":\"2025-07-24T11:03:33+00:00\",\"description\":\"L'arm\u00e9e isra\u00e9lienne intensifie ses frappes sur Gaza, causant des pertes civiles tragiques, dont des enfants.\",\"breadcrumb\":{\"@id\":\"https:\\\/\\\/www.webdo.tn\\\/fr\\\/actualite\\\/international\\\/gaza-53-palestiniens-tues-en-24-heures-sous-les-frappes-sionistes\\\/380261\\\/#breadcrumb\"},\"inLanguage\":\"fr-FR\",\"potentialAction\":[{\"@type\":\"ReadAction\",\"target\":[\"https:\\\/\\\/www.webdo.tn\\\/fr\\\/actualite\\\/international\\\/gaza-53-palestiniens-tues-en-24-heures-sous-les-frappes-sionistes\\\/380261\\\/\"]}]},{\"@type\":\"ImageObject\",\"inLanguage\":\"fr-FR\",\"@id\":\"https:\\\/\\\/www.webdo.tn\\\/fr\\\/actualite\\\/international\\\/gaza-53-palestiniens-tues-en-24-heures-sous-les-frappes-sionistes\\\/380261\\\/#primaryimage\",\"url\":\"https:\\\/\\\/www.webdo.tn\\\/fr\\\/wp-content\\\/uploads\\\/2025\\\/07\\\/Gaza-3.jpg\",\"contentUrl\":\"https:\\\/\\\/www.webdo.tn\\\/fr\\\/wp-content\\\/uploads\\\/2025\\\/07\\\/Gaza-3.jpg\",\"width\":1440,\"height\":960,\"caption\":\"Gaza : 53 Palestiniens tu\u00e9s en 24 heures sous les frappes sionistes\"},{\"@type\":\"BreadcrumbList\",\"@id\":\"https:\\\/\\\/www.webdo.tn\\\/fr\\\/actualite\\\/international\\\/gaza-53-palestiniens-tues-en-24-heures-sous-les-frappes-sionistes\\\/380261\\\/#breadcrumb\",\"itemListElement\":[{\"@type\":\"ListItem\",\"position\":1,\"name\":\"Accueil\",\"item\":\"https:\\\/\\\/www.webdo.tn\\\/fr\\\/\"},{\"@type\":\"ListItem\",\"position\":2,\"name\":\"Gaza : 53 Palestiniens tu\u00e9s en 24 heures sous les frappes sionistes\"}]},{\"@type\":\"WebSite\",\"@id\":\"https:\\\/\\\/www.webdo.tn\\\/fr\\\/#website\",\"url\":\"https:\\\/\\\/www.webdo.tn\\\/fr\\\/\",\"name\":\"webdo\",\"description\":\"Tunisie - News en Tunisie et \u00e0 l&#039;international sur Webdo.tn\",\"publisher\":{\"@id\":\"https:\\\/\\\/www.webdo.tn\\\/fr\\\/#organization\"},\"potentialAction\":[{\"@type\":\"SearchAction\",\"target\":{\"@type\":\"EntryPoint\",\"urlTemplate\":\"https:\\\/\\\/www.webdo.tn\\\/fr\\\/?s={search_term_string}\"},\"query-input\":{\"@type\":\"PropertyValueSpecification\",\"valueRequired\":true,\"valueName\":\"search_term_string\"}}],\"inLanguage\":\"fr-FR\"},{\"@type\":\"Organization\",\"@id\":\"https:\\\/\\\/www.webdo.tn\\\/fr\\\/#organization\",\"name\":\"Webdo\",\"alternateName\":\"Webdo.tn\",\"url\":\"https:\\\/\\\/www.webdo.tn\\\/fr\\\/\",\"logo\":{\"@type\":\"ImageObject\",\"inLanguage\":\"fr-FR\",\"@id\":\"https:\\\/\\\/www.webdo.tn\\\/fr\\\/#\\\/schema\\\/logo\\\/image\\\/\",\"url\":\"https:\\\/\\\/www.webdo.tn\\\/fr\\\/wp-content\\\/uploads\\\/2025\\\/06\\\/Webdo-Tunisie_168377.jpg\",\"contentUrl\":\"https:\\\/\\\/www.webdo.tn\\\/fr\\\/wp-content\\\/uploads\\\/2025\\\/06\\\/Webdo-Tunisie_168377.jpg\",\"width\":301,\"height\":301,\"caption\":\"Webdo\"},\"image\":{\"@id\":\"https:\\\/\\\/www.webdo.tn\\\/fr\\\/#\\\/schema\\\/logo\\\/image\\\/\"},\"sameAs\":[\"https:\\\/\\\/www.facebook.com\\\/webdotn\",\"https:\\\/\\\/x.com\\\/webdo_tn\"],\"description\":\"Webdo est un m\u00e9dia num\u00e9rique tunisien fond\u00e9 en 2010, sp\u00e9cialis\u00e9 dans l\u2019actualit\u00e9 nationale et internationale, l\u2019\u00e9conomie, la soci\u00e9t\u00e9 et les analyses politiques. Le site s\u2019adresse \u00e0 un large public francophone et couvre l\u2019information tunisienne en temps r\u00e9el.\",\"email\":\"redac@webdo.tn\",\"legalName\":\"YNJ SARL\",\"foundingDate\":\"2010-09-06\",\"numberOfEmployees\":{\"@type\":\"QuantitativeValue\",\"minValue\":\"11\",\"maxValue\":\"50\"}},{\"@type\":\"Person\",\"@id\":\"https:\\\/\\\/www.webdo.tn\\\/fr\\\/#\\\/schema\\\/person\\\/c652cd8fc2b1b44412b5ffb48c5a911d\",\"name\":\"Mohamed Hedi Touati\",\"image\":{\"@type\":\"ImageObject\",\"inLanguage\":\"fr-FR\",\"@id\":\"https:\\\/\\\/secure.gravatar.com\\\/avatar\\\/9cfd402c745b7a685f13eed0ea6e59d2144a3c2fc50a3db6fd5ed451f6cddf1a?s=96&d=mm&r=g\",\"url\":\"https:\\\/\\\/secure.gravatar.com\\\/avatar\\\/9cfd402c745b7a685f13eed0ea6e59d2144a3c2fc50a3db6fd5ed451f6cddf1a?s=96&d=mm&r=g\",\"contentUrl\":\"https:\\\/\\\/secure.gravatar.com\\\/avatar\\\/9cfd402c745b7a685f13eed0ea6e59d2144a3c2fc50a3db6fd5ed451f6cddf1a?s=96&d=mm&r=g\",\"caption\":\"Mohamed Hedi Touati\"},\"url\":\"https:\\\/\\\/www.webdo.tn\\\/fr\\\/actualite\\\/author\\\/mohamed-hedi-touati\\\/\"}]}<\/script>\n<!-- \/ Yoast SEO Premium plugin. -->","yoast_head_json":{"title":"Gaza : 53 Palestiniens tu\u00e9s en 24 heures sous les frappes sionistes - webdo","description":"L'arm\u00e9e isra\u00e9lienne intensifie ses frappes sur Gaza, causant des pertes civiles tragiques, dont des enfants.","canonical":"https:\/\/www.webdo.tn\/fr\/actualite\/international\/gaza-53-palestiniens-tues-en-24-heures-sous-les-frappes-sionistes\/380261\/","og_locale":"fr_FR","og_type":"article","og_title":"Gaza : 53 Palestiniens tu\u00e9s en 24 heures sous les frappes sionistes","og_description":"L'arm\u00e9e isra\u00e9lienne intensifie ses frappes sur Gaza, causant des pertes civiles tragiques, dont des enfants.","og_url":"https:\/\/www.webdo.tn\/fr\/actualite\/international\/gaza-53-palestiniens-tues-en-24-heures-sous-les-frappes-sionistes\/380261\/","og_site_name":"webdo","article_publisher":"https:\/\/www.facebook.com\/webdotn","article_published_time":"2025-07-24T07:43:28+00:00","article_modified_time":"2025-07-24T11:03:33+00:00","og_image":[{"width":1440,"height":960,"url":"https:\/\/www.webdo.tn\/fr\/wp-content\/uploads\/2025\/07\/Gaza-3.jpg","type":"image\/jpeg"}],"author":"Mohamed Hedi Touati","twitter_card":"summary_large_image","twitter_creator":"@webdo_tn","twitter_site":"@webdo_tn","twitter_misc":{"\u00c9crit par":"Mohamed Hedi Touati","Dur\u00e9e de lecture estim\u00e9e":"2 minutes"},"schema":{"@context":"https:\/\/schema.org","@graph":[{"@type":"NewsArticle","@id":"https:\/\/www.webdo.tn\/fr\/actualite\/international\/gaza-53-palestiniens-tues-en-24-heures-sous-les-frappes-sionistes\/380261\/#article","isPartOf":{"@id":"https:\/\/www.webdo.tn\/fr\/actualite\/international\/gaza-53-palestiniens-tues-en-24-heures-sous-les-frappes-sionistes\/380261\/"},"author":{"name":"Mohamed Hedi Touati","@id":"https:\/\/www.webdo.tn\/fr\/#\/schema\/person\/c652cd8fc2b1b44412b5ffb48c5a911d"},"headline":"Gaza : 53 Palestiniens tu\u00e9s en 24 heures sous les frappes sionistes","datePublished":"2025-07-24T07:43:28+00:00","dateModified":"2025-07-24T11:03:33+00:00","mainEntityOfPage":{"@id":"https:\/\/www.webdo.tn\/fr\/actualite\/international\/gaza-53-palestiniens-tues-en-24-heures-sous-les-frappes-sionistes\/380261\/"},"wordCount":349,"commentCount":0,"publisher":{"@id":"https:\/\/www.webdo.tn\/fr\/#organization"},"image":{"@id":"https:\/\/www.webdo.tn\/fr\/actualite\/international\/gaza-53-palestiniens-tues-en-24-heures-sous-les-frappes-sionistes\/380261\/#primaryimage"},"thumbnailUrl":"https:\/\/www.webdo.tn\/fr\/wp-content\/uploads\/2025\/07\/Gaza-3.jpg","keywords":["Gaza","guerre","Martyrs","Palestine"],"articleSection":["International"],"inLanguage":"fr-FR"},{"@type":"WebPage","@id":"https:\/\/www.webdo.tn\/fr\/actualite\/international\/gaza-53-palestiniens-tues-en-24-heures-sous-les-frappes-sionistes\/380261\/","url":"https:\/\/www.webdo.tn\/fr\/actualite\/international\/gaza-53-palestiniens-tues-en-24-heures-sous-les-frappes-sionistes\/380261\/","name":"Gaza : 53 Palestiniens tu\u00e9s en 24 heures sous les frappes sionistes - webdo","isPartOf":{"@id":"https:\/\/www.webdo.tn\/fr\/#website"},"primaryImageOfPage":{"@id":"https:\/\/www.webdo.tn\/fr\/actualite\/international\/gaza-53-palestiniens-tues-en-24-heures-sous-les-frappes-sionistes\/380261\/#primaryimage"},"image":{"@id":"https:\/\/www.webdo.tn\/fr\/actualite\/international\/gaza-53-palestiniens-tues-en-24-heures-sous-les-frappes-sionistes\/380261\/#primaryimage"},"thumbnailUrl":"https:\/\/www.webdo.tn\/fr\/wp-content\/uploads\/2025\/07\/Gaza-3.jpg","datePublished":"2025-07-24T07:43:28+00:00","dateModified":"2025-07-24T11:03:33+00:00","description":"L'arm\u00e9e isra\u00e9lienne intensifie ses frappes sur Gaza, causant des pertes civiles tragiques, dont des enfants.","breadcrumb":{"@id":"https:\/\/www.webdo.tn\/fr\/actualite\/international\/gaza-53-palestiniens-tues-en-24-heures-sous-les-frappes-sionistes\/380261\/#breadcrumb"},"inLanguage":"fr-FR","potentialAction":[{"@type":"ReadAction","target":["https:\/\/www.webdo.tn\/fr\/actualite\/international\/gaza-53-palestiniens-tues-en-24-heures-sous-les-frappes-sionistes\/380261\/"]}]},{"@type":"ImageObject","inLanguage":"fr-FR","@id":"https:\/\/www.webdo.tn\/fr\/actualite\/international\/gaza-53-palestiniens-tues-en-24-heures-sous-les-frappes-sionistes\/380261\/#primaryimage","url":"https:\/\/www.webdo.tn\/fr\/wp-content\/uploads\/2025\/07\/Gaza-3.jpg","contentUrl":"https:\/\/www.webdo.tn\/fr\/wp-content\/uploads\/2025\/07\/Gaza-3.jpg","width":1440,"height":960,"caption":"Gaza : 53 Palestiniens tu\u00e9s en 24 heures sous les frappes sionistes"},{"@type":"BreadcrumbList","@id":"https:\/\/www.webdo.tn\/fr\/actualite\/international\/gaza-53-palestiniens-tues-en-24-heures-sous-les-frappes-sionistes\/380261\/#breadcrumb","itemListElement":[{"@type":"ListItem","position":1,"name":"Accueil","item":"https:\/\/www.webdo.tn\/fr\/"},{"@type":"ListItem","position":2,"name":"Gaza : 53 Palestiniens tu\u00e9s en 24 heures sous les frappes sionistes"}]},{"@type":"WebSite","@id":"https:\/\/www.webdo.tn\/fr\/#website","url":"https:\/\/www.webdo.tn\/fr\/","name":"webdo","description":"Tunisie - News en Tunisie et \u00e0 l&#039;international sur Webdo.tn","publisher":{"@id":"https:\/\/www.webdo.tn\/fr\/#organization"},"potentialAction":[{"@type":"SearchAction","target":{"@type":"EntryPoint","urlTemplate":"https:\/\/www.webdo.tn\/fr\/?s={search_term_string}"},"query-input":{"@type":"PropertyValueSpecification","valueRequired":true,"valueName":"search_term_string"}}],"inLanguage":"fr-FR"},{"@type":"Organization","@id":"https:\/\/www.webdo.tn\/fr\/#organization","name":"Webdo","alternateName":"Webdo.tn","url":"https:\/\/www.webdo.tn\/fr\/","logo":{"@type":"ImageObject","inLanguage":"fr-FR","@id":"https:\/\/www.webdo.tn\/fr\/#\/schema\/logo\/image\/","url":"https:\/\/www.webdo.tn\/fr\/wp-content\/uploads\/2025\/06\/Webdo-Tunisie_168377.jpg","contentUrl":"https:\/\/www.webdo.tn\/fr\/wp-content\/uploads\/2025\/06\/Webdo-Tunisie_168377.jpg","width":301,"height":301,"caption":"Webdo"},"image":{"@id":"https:\/\/www.webdo.tn\/fr\/#\/schema\/logo\/image\/"},"sameAs":["https:\/\/www.facebook.com\/webdotn","https:\/\/x.com\/webdo_tn"],"description":"Webdo est un m\u00e9dia num\u00e9rique tunisien fond\u00e9 en 2010, sp\u00e9cialis\u00e9 dans l\u2019actualit\u00e9 nationale et internationale, l\u2019\u00e9conomie, la soci\u00e9t\u00e9 et les analyses politiques. Le site s\u2019adresse \u00e0 un large public francophone et couvre l\u2019information tunisienne en temps r\u00e9el.","email":"redac@webdo.tn","legalName":"YNJ SARL","foundingDate":"2010-09-06","numberOfEmployees":{"@type":"QuantitativeValue","minValue":"11","maxValue":"50"}},{"@type":"Person","@id":"https:\/\/www.webdo.tn\/fr\/#\/schema\/person\/c652cd8fc2b1b44412b5ffb48c5a911d","name":"Mohamed Hedi Touati","image":{"@type":"ImageObject","inLanguage":"fr-FR","@id":"https:\/\/secure.gravatar.com\/avatar\/9cfd402c745b7a685f13eed0ea6e59d2144a3c2fc50a3db6fd5ed451f6cddf1a?s=96&d=mm&r=g","url":"https:\/\/secure.gravatar.com\/avatar\/9cfd402c745b7a685f13eed0ea6e59d2144a3c2fc50a3db6fd5ed451f6cddf1a?s=96&d=mm&r=g","contentUrl":"https:\/\/secure.gravatar.com\/avatar\/9cfd402c745b7a685f13eed0ea6e59d2144a3c2fc50a3db6fd5ed451f6cddf1a?s=96&d=mm&r=g","caption":"Mohamed Hedi Touati"},"url":"https:\/\/www.webdo.tn\/fr\/actualite\/author\/mohamed-hedi-touati\/"}]}},"_links":{"self":[{"href":"https:\/\/www.webdo.tn\/fr\/wp-json\/wp\/v2\/posts\/380261","targetHints":{"allow":["GET"]}}],"collection":[{"href":"https:\/\/www.webdo.tn\/fr\/wp-json\/wp\/v2\/posts"}],"about":[{"href":"https:\/\/www.webdo.tn\/fr\/wp-json\/wp\/v2\/types\/post"}],"author":[{"embeddable":true,"href":"https:\/\/www.webdo.tn\/fr\/wp-json\/wp\/v2\/users\/3191"}],"replies":[{"embeddable":true,"href":"https:\/\/www.webdo.tn\/fr\/wp-json\/wp\/v2\/comments?post=380261"}],"version-history":[{"count":0,"href":"https:\/\/www.webdo.tn\/fr\/wp-json\/wp\/v2\/posts\/380261\/revisions"}],"wp:featuredmedia":[{"embeddable":true,"href":"https:\/\/www.webdo.tn\/fr\/wp-json\/wp\/v2\/media\/380262"}],"wp:attachment":[{"href":"https:\/\/www.webdo.tn\/fr\/wp-json\/wp\/v2\/media?parent=380261"}],"wp:term":[{"taxonomy":"category","embeddable":true,"href":"https:\/\/www.webdo.tn\/fr\/wp-json\/wp\/v2\/categories?post=380261"},{"taxonomy":"post_tag","embeddable":true,"href":"https:\/\/www.webdo.tn\/fr\/wp-json\/wp\/v2\/tags?post=380261"}],"curies":[{"name":"wp","href":"https:\/\/api.w.org\/{rel}","templated":true}]}}