{"id":380240,"date":"2025-07-23T13:36:53","date_gmt":"2025-07-23T12:36:53","guid":{"rendered":"https:\/\/www.webdo.tn\/fr\/?p=380240"},"modified":"2025-07-24T13:15:23","modified_gmt":"2025-07-24T12:15:23","slug":"vague-de-chaleur-en-tunisie-jusqua-48c-attendus-dici-vendredi","status":"publish","type":"post","link":"https:\/\/www.webdo.tn\/fr\/actualite\/national\/vague-de-chaleur-en-tunisie-jusqua-48c-attendus-dici-vendredi\/380240\/","title":{"rendered":"Vague de chaleur en Tunisie : Jusqu\u2019\u00e0 48\u00b0C attendus d\u2019ici vendredi"},"content":{"rendered":"\n<p><strong><em>L\u2019Institut National de la M\u00e9t\u00e9orologie (INM) alerte sur l\u2019importante vague de chaleur qui frappe la Tunisie et ce, jusqu\u2019\u00e0 vendredi 25 juillet 2025. Le thermom\u00e8tre devrait d\u00e9passer les 45\u00b0C dans plusieurs r\u00e9gions, avec des pics \u00e0 48\u00b0C. Des orages localis\u00e9s et des vents forts viendront compliquer la situation dans certaines zones.<\/em><\/strong><\/p>\n\n\n\n<p>Dans un bulletin de suivi publi\u00e9 ce mercredi 23 juillet, l\u2019INM avertit que la chaleur s\u2019intensifiera sur l\u2019ensemble du territoire tunisien au cours des trois prochains jours.<\/p>\n\n\n\n<p><strong>42\u00b0C \u00e0 Tunis, 48\u00b0C \u00e0 K\u00e9bili\u2026<\/strong><\/p>\n\n\n\n<p>Les temp\u00e9ratures maximales pr\u00e9vues atteindront, mercredi : 46\u00b0C \u00e0 Tozeur et K\u00e9bili, 45\u00b0C \u00e0 Kairouan et Jendouba, 44\u00b0C \u00e0 Sidi Bouzid, 43\u00b0C \u00e0 Gafsa, Tataouine, le Kef et B\u00e9ja.<\/p>\n\n\n\n<p>Jeudi, jusqu\u2019\u00e0 47\u00b0C sont attendus dans plusieurs r\u00e9gions du sud et du centre, dont M\u00e9denine, Kairouan, Tataouine, avec 45\u00b0C \u00e0 Jendouba et la Manouba, 44\u00b0C \u00e0 Gab\u00e8s, Gafsa et B\u00e9ja.<\/p>\n\n\n\n<p>Vendredi, 48\u00b0C sont attendus \u00e0 K\u00e9bili, 47\u00b0C \u00e0 Kairouan, Tozeur et M\u00e9denine, 45\u00b0C \u00e0 Sidi Bouzid et Gafsa, 43\u00b0C \u00e0 Sousse, 42\u00b0C \u00e0 Tunis, Monastir et Zaghouan.<\/p>\n\n\n\n<p>L\u2019apr\u00e8s-midi, des cellules orageuses avec pluies et vents forts sont attendues, notamment sur les hauteurs de l\u2019Ouest. Ces ph\u00e9nom\u00e8nes pourraient aggraver les risques d\u2019incendies ou de coupures \u00e9lectriques.<\/p>\n\n\n\n<p><strong>Recommandations<\/strong><\/p>\n\n\n\n<p>Dans ce contexte caniculaire, les citoyens sont appel\u00e9s \u00e0 limiter les d\u00e9placements pendant les heures les plus chaudes, \u00e0 s\u2019hydrater r\u00e9guli\u00e8rement et \u00e0 \u00e9viter les expositions prolong\u00e9es au soleil.<\/p>\n\n\n\n<p>L\u2019INM avertit que cette situation repr\u00e9sente en effet un risque accru pour la sant\u00e9, notamment pour les personnes \u00e2g\u00e9es, celles atteintes de maladies chroniques ou troubles mentaux, les individus sous traitement m\u00e9dical r\u00e9gulier, les personnes isol\u00e9es, les sportifs et travailleurs en plein air, expos\u00e9s \u00e0 des risques de d\u00e9shydratation ou coup de chaleur.<\/p>\n\n\n\n<p>Il recommande notamment de boire de l\u2019eau r\u00e9guli\u00e8rement, maintenir une alimentation \u00e9quilibr\u00e9e, rafra\u00eechir le corps plusieurs fois par jour, \u00e9viter de sortir entre midi et 16h, porter un chapeau en cas de sortie, se prot\u00e9ger les yeux avec des lunettes de soleil, etc.<\/p>\n\n\n\n<p><\/p>\n\n\n<div class=\"wp-block-image\">\n<figure class=\"aligncenter size-large\"><img decoding=\"async\" width=\"724\" height=\"1024\" src=\"https:\/\/www.webdo.tn\/fr\/wp-content\/uploads\/2025\/07\/522666722_1188943103277354_721931855852980921_n-724x1024.jpg\" alt=\"\" class=\"wp-image-380241\" srcset=\"https:\/\/www.webdo.tn\/fr\/wp-content\/uploads\/2025\/07\/522666722_1188943103277354_721931855852980921_n-724x1024.jpg 724w, https:\/\/www.webdo.tn\/fr\/wp-content\/uploads\/2025\/07\/522666722_1188943103277354_721931855852980921_n-212x300.jpg 212w, https:\/\/www.webdo.tn\/fr\/wp-content\/uploads\/2025\/07\/522666722_1188943103277354_721931855852980921_n-768x1086.jpg 768w, https:\/\/www.webdo.tn\/fr\/wp-content\/uploads\/2025\/07\/522666722_1188943103277354_721931855852980921_n-1086x1536.jpg 1086w, https:\/\/www.webdo.tn\/fr\/wp-content\/uploads\/2025\/07\/522666722_1188943103277354_721931855852980921_n-750x1061.jpg 750w, https:\/\/www.webdo.tn\/fr\/wp-content\/uploads\/2025\/07\/522666722_1188943103277354_721931855852980921_n-1140x1612.jpg 1140w, https:\/\/www.webdo.tn\/fr\/wp-content\/uploads\/2025\/07\/522666722_1188943103277354_721931855852980921_n.jpg 1448w\" sizes=\"(max-width: 724px) 100vw, 724px\" \/><\/figure>\n<\/div>\n\n\n<p><\/p>\n\n\n\n<p><strong>R\u00e9chauffement climatique<\/strong><\/p>\n\n\n\n<p>Lundi dernier, la Tunisie a franchi un seuil critique de chaleur. Selon les relev\u00e9s officiels de l\u2019Institut national de la m\u00e9t\u00e9orologie (INM), la ville de Kairouan a enregistr\u00e9 une temp\u00e9rature exceptionnelle de 48\u202f\u00b0C, \u00e9tablissant ainsi un record pour cet \u00e9t\u00e9.<\/p>\n\n\n\n<p>Cette vague de chaleur, qui s\u2019inscrit dans un contexte de r\u00e9chauffement climatique global, a touch\u00e9 la quasi-totalit\u00e9 des r\u00e9gions du pays, avec des temp\u00e9ratures anormalement \u00e9lev\u00e9es par rapport aux moyennes saisonni\u00e8res.<\/p>\n\n\n\n<p>Cette vague de chaleur est due \u00e0 un puissant courant d\u2019air chaud venant du Sahara, commun\u00e9ment appel\u00e9 \u00ab chergui \u00bb, qui souffle sur l\u2019int\u00e9rieur du pays et accentue les temp\u00e9ratures ressenties. Selon l\u2019INM, les temp\u00e9ratures observ\u00e9es sont sup\u00e9rieures de 7 \u00e0 11 degr\u00e9s par rapport aux normales saisonni\u00e8res.<\/p>\n\n\n\n<p>Ce ph\u00e9nom\u00e8ne extr\u00eame n\u2019est pas isol\u00e9. Ces derni\u00e8res ann\u00e9es, la Tunisie enregistre une recrudescence de journ\u00e9es caniculaires d\u00e9passant les 45\u202f\u00b0C, en particulier dans les zones int\u00e9rieures. L\u2019\u00e9t\u00e9 2024 avait d\u00e9j\u00e0 enregistr\u00e9 des records historiques dans le sud du pays. En 2023, K\u00e9bili avait atteint 50,2\u00b0C, un record national.<\/p>\n\n\n\n<p>Lire aussi :<\/p>\n\n\n\n<ul class=\"wp-block-list\">\n<li><a href=\"https:\/\/www.webdo.tn\/fr\/actualite\/national\/48-c-a-kairouan-la-tunisie-a-connu-lun-des-jours-les-plus-chauds-de-son-histoire\/380127\/\">48\u202f\u00b0C \u00e0 Kairouan : La Tunisie a connu l\u2019un des jours les plus chauds de son histoire<\/a><\/li>\n\n\n\n<li><a href=\"https:\/\/www.webdo.tn\/fr\/actualite\/national\/tunisie-alerte-canicule-trois-gouvernorats-places-en-vigilance-orange\/380179\/\">Tunisie \u2013 Alerte canicule : Trois gouvernorats plac\u00e9s en vigilance orange<\/a><\/li>\n<\/ul>\n\n\n\n<p><\/p>\n\n\n\n<iframe src=\"https:\/\/www.facebook.com\/plugins\/post.php?href=https%3A%2F%2Fwww.facebook.com%2FInstitut.National.Meteorologie%2Fposts%2Fpfbid0L5npckfWarGLcAsbmfp9uCympjcpYVk8MZYr3G56ETT93jf53eVgAKhYE4aSd5AWl&#038;show_text=true&#038;width=500\" width=\"500\" height=\"498\" style=\"border:none;overflow:hidden\" scrolling=\"no\" frameborder=\"0\" allowfullscreen=\"true\" allow=\"autoplay; clipboard-write; encrypted-media; picture-in-picture; web-share\"><\/iframe>\n","protected":false},"excerpt":{"rendered":"<p>L\u2019Institut National de la M\u00e9t\u00e9orologie (INM) alerte sur l\u2019importante vague de chaleur qui frappe la Tunisie et ce, jusqu\u2019\u00e0 vendredi 25 juillet 2025. Le thermom\u00e8tre devrait d\u00e9passer les 45\u00b0C dans plusieurs r\u00e9gions, avec des pics \u00e0 48\u00b0C. Des orages localis\u00e9s et des vents forts viendront compliquer la situation dans certaines zones. Dans un bulletin de [&hellip;]<\/p>\n","protected":false},"author":3191,"featured_media":380242,"comment_status":"open","ping_status":"open","sticky":false,"template":"","format":"standard","meta":{"footnotes":""},"categories":[44],"tags":[5930,2670,2672,2608,12300],"class_list":["post-380240","post","type-post","status-publish","format-standard","has-post-thumbnail","hentry","category-national","tag-canicule","tag-meteo","tag-temperatures","tag-tunisie","tag-vague-de-chaleur"],"yoast_head":"<!-- This site is optimized with the Yoast SEO Premium plugin v27.4 (Yoast SEO v27.5) - https:\/\/yoast.com\/product\/yoast-seo-premium-wordpress\/ -->\n<title>Vague de chaleur en Tunisie : Jusqu\u2019\u00e0 48\u00b0C attendus d\u2019ici vendredi - webdo<\/title>\n<meta name=\"description\" content=\"Informez-vous sur la vague de chaleur en Tunisie. Les temp\u00e9ratures atteindront des niveaux alarmants jusqu&#039;\u00e0 48\u00b0C.\" \/>\n<link rel=\"canonical\" href=\"https:\/\/www.webdo.tn\/fr\/actualite\/national\/vague-de-chaleur-en-tunisie-jusqua-48c-attendus-dici-vendredi\/380240\/\" \/>\n<meta property=\"og:locale\" content=\"fr_FR\" \/>\n<meta property=\"og:type\" content=\"article\" \/>\n<meta property=\"og:title\" content=\"Vague de chaleur en Tunisie : Jusqu\u2019\u00e0 48\u00b0C attendus d\u2019ici vendredi\" \/>\n<meta property=\"og:description\" content=\"Informez-vous sur la vague de chaleur en Tunisie. Les temp\u00e9ratures atteindront des niveaux alarmants jusqu&#039;\u00e0 48\u00b0C.\" \/>\n<meta property=\"og:url\" content=\"https:\/\/www.webdo.tn\/fr\/actualite\/national\/vague-de-chaleur-en-tunisie-jusqua-48c-attendus-dici-vendredi\/380240\/\" \/>\n<meta property=\"og:site_name\" content=\"webdo\" \/>\n<meta property=\"article:publisher\" content=\"https:\/\/www.facebook.com\/webdotn\" \/>\n<meta property=\"article:published_time\" content=\"2025-07-23T12:36:53+00:00\" \/>\n<meta property=\"article:modified_time\" content=\"2025-07-24T12:15:23+00:00\" \/>\n<meta property=\"og:image\" content=\"https:\/\/www.webdo.tn\/fr\/wp-content\/uploads\/2025\/07\/meteo-chaud.jpg\" \/>\n\t<meta property=\"og:image:width\" content=\"680\" \/>\n\t<meta property=\"og:image:height\" content=\"400\" \/>\n\t<meta property=\"og:image:type\" content=\"image\/jpeg\" \/>\n<meta name=\"author\" content=\"Mohamed Hedi Touati\" \/>\n<meta name=\"twitter:card\" content=\"summary_large_image\" \/>\n<meta name=\"twitter:creator\" content=\"@webdo_tn\" \/>\n<meta name=\"twitter:site\" content=\"@webdo_tn\" \/>\n<meta name=\"twitter:label1\" content=\"\u00c9crit par\" \/>\n\t<meta name=\"twitter:data1\" content=\"Mohamed Hedi Touati\" \/>\n\t<meta name=\"twitter:label2\" content=\"Dur\u00e9e de lecture estim\u00e9e\" \/>\n\t<meta name=\"twitter:data2\" content=\"4 minutes\" \/>\n<script type=\"application\/ld+json\" class=\"yoast-schema-graph\">{\"@context\":\"https:\\\/\\\/schema.org\",\"@graph\":[{\"@type\":\"NewsArticle\",\"@id\":\"https:\\\/\\\/www.webdo.tn\\\/fr\\\/actualite\\\/national\\\/vague-de-chaleur-en-tunisie-jusqua-48c-attendus-dici-vendredi\\\/380240\\\/#article\",\"isPartOf\":{\"@id\":\"https:\\\/\\\/www.webdo.tn\\\/fr\\\/actualite\\\/national\\\/vague-de-chaleur-en-tunisie-jusqua-48c-attendus-dici-vendredi\\\/380240\\\/\"},\"author\":{\"name\":\"Mohamed Hedi Touati\",\"@id\":\"https:\\\/\\\/www.webdo.tn\\\/fr\\\/#\\\/schema\\\/person\\\/c652cd8fc2b1b44412b5ffb48c5a911d\"},\"headline\":\"Vague de chaleur en Tunisie : Jusqu\u2019\u00e0 48\u00b0C attendus d\u2019ici vendredi\",\"datePublished\":\"2025-07-23T12:36:53+00:00\",\"dateModified\":\"2025-07-24T12:15:23+00:00\",\"mainEntityOfPage\":{\"@id\":\"https:\\\/\\\/www.webdo.tn\\\/fr\\\/actualite\\\/national\\\/vague-de-chaleur-en-tunisie-jusqua-48c-attendus-dici-vendredi\\\/380240\\\/\"},\"wordCount\":585,\"commentCount\":0,\"publisher\":{\"@id\":\"https:\\\/\\\/www.webdo.tn\\\/fr\\\/#organization\"},\"image\":{\"@id\":\"https:\\\/\\\/www.webdo.tn\\\/fr\\\/actualite\\\/national\\\/vague-de-chaleur-en-tunisie-jusqua-48c-attendus-dici-vendredi\\\/380240\\\/#primaryimage\"},\"thumbnailUrl\":\"https:\\\/\\\/www.webdo.tn\\\/fr\\\/wp-content\\\/uploads\\\/2025\\\/07\\\/meteo-chaud.jpg\",\"keywords\":[\"Canicule\",\"m\u00e9t\u00e9o\",\"temp\u00e9ratures\",\"Tunisie\",\"vague de chaleur\"],\"articleSection\":[\"National\"],\"inLanguage\":\"fr-FR\"},{\"@type\":\"WebPage\",\"@id\":\"https:\\\/\\\/www.webdo.tn\\\/fr\\\/actualite\\\/national\\\/vague-de-chaleur-en-tunisie-jusqua-48c-attendus-dici-vendredi\\\/380240\\\/\",\"url\":\"https:\\\/\\\/www.webdo.tn\\\/fr\\\/actualite\\\/national\\\/vague-de-chaleur-en-tunisie-jusqua-48c-attendus-dici-vendredi\\\/380240\\\/\",\"name\":\"Vague de chaleur en Tunisie : Jusqu\u2019\u00e0 48\u00b0C attendus d\u2019ici vendredi - webdo\",\"isPartOf\":{\"@id\":\"https:\\\/\\\/www.webdo.tn\\\/fr\\\/#website\"},\"primaryImageOfPage\":{\"@id\":\"https:\\\/\\\/www.webdo.tn\\\/fr\\\/actualite\\\/national\\\/vague-de-chaleur-en-tunisie-jusqua-48c-attendus-dici-vendredi\\\/380240\\\/#primaryimage\"},\"image\":{\"@id\":\"https:\\\/\\\/www.webdo.tn\\\/fr\\\/actualite\\\/national\\\/vague-de-chaleur-en-tunisie-jusqua-48c-attendus-dici-vendredi\\\/380240\\\/#primaryimage\"},\"thumbnailUrl\":\"https:\\\/\\\/www.webdo.tn\\\/fr\\\/wp-content\\\/uploads\\\/2025\\\/07\\\/meteo-chaud.jpg\",\"datePublished\":\"2025-07-23T12:36:53+00:00\",\"dateModified\":\"2025-07-24T12:15:23+00:00\",\"description\":\"Informez-vous sur la vague de chaleur en Tunisie. Les temp\u00e9ratures atteindront des niveaux alarmants jusqu'\u00e0 48\u00b0C.\",\"breadcrumb\":{\"@id\":\"https:\\\/\\\/www.webdo.tn\\\/fr\\\/actualite\\\/national\\\/vague-de-chaleur-en-tunisie-jusqua-48c-attendus-dici-vendredi\\\/380240\\\/#breadcrumb\"},\"inLanguage\":\"fr-FR\",\"potentialAction\":[{\"@type\":\"ReadAction\",\"target\":[\"https:\\\/\\\/www.webdo.tn\\\/fr\\\/actualite\\\/national\\\/vague-de-chaleur-en-tunisie-jusqua-48c-attendus-dici-vendredi\\\/380240\\\/\"]}]},{\"@type\":\"ImageObject\",\"inLanguage\":\"fr-FR\",\"@id\":\"https:\\\/\\\/www.webdo.tn\\\/fr\\\/actualite\\\/national\\\/vague-de-chaleur-en-tunisie-jusqua-48c-attendus-dici-vendredi\\\/380240\\\/#primaryimage\",\"url\":\"https:\\\/\\\/www.webdo.tn\\\/fr\\\/wp-content\\\/uploads\\\/2025\\\/07\\\/meteo-chaud.jpg\",\"contentUrl\":\"https:\\\/\\\/www.webdo.tn\\\/fr\\\/wp-content\\\/uploads\\\/2025\\\/07\\\/meteo-chaud.jpg\",\"width\":680,\"height\":400,\"caption\":\"Vague de chaleur en Tunisie : Jusqu\u2019\u00e0 48\u00b0C attendus d\u2019ici vendredi\"},{\"@type\":\"BreadcrumbList\",\"@id\":\"https:\\\/\\\/www.webdo.tn\\\/fr\\\/actualite\\\/national\\\/vague-de-chaleur-en-tunisie-jusqua-48c-attendus-dici-vendredi\\\/380240\\\/#breadcrumb\",\"itemListElement\":[{\"@type\":\"ListItem\",\"position\":1,\"name\":\"Accueil\",\"item\":\"https:\\\/\\\/www.webdo.tn\\\/fr\\\/\"},{\"@type\":\"ListItem\",\"position\":2,\"name\":\"Vague de chaleur en Tunisie : Jusqu\u2019\u00e0 48\u00b0C attendus d\u2019ici vendredi\"}]},{\"@type\":\"WebSite\",\"@id\":\"https:\\\/\\\/www.webdo.tn\\\/fr\\\/#website\",\"url\":\"https:\\\/\\\/www.webdo.tn\\\/fr\\\/\",\"name\":\"webdo\",\"description\":\"Tunisie - News en Tunisie et \u00e0 l&#039;international sur Webdo.tn\",\"publisher\":{\"@id\":\"https:\\\/\\\/www.webdo.tn\\\/fr\\\/#organization\"},\"potentialAction\":[{\"@type\":\"SearchAction\",\"target\":{\"@type\":\"EntryPoint\",\"urlTemplate\":\"https:\\\/\\\/www.webdo.tn\\\/fr\\\/?s={search_term_string}\"},\"query-input\":{\"@type\":\"PropertyValueSpecification\",\"valueRequired\":true,\"valueName\":\"search_term_string\"}}],\"inLanguage\":\"fr-FR\"},{\"@type\":\"Organization\",\"@id\":\"https:\\\/\\\/www.webdo.tn\\\/fr\\\/#organization\",\"name\":\"Webdo\",\"alternateName\":\"Webdo.tn\",\"url\":\"https:\\\/\\\/www.webdo.tn\\\/fr\\\/\",\"logo\":{\"@type\":\"ImageObject\",\"inLanguage\":\"fr-FR\",\"@id\":\"https:\\\/\\\/www.webdo.tn\\\/fr\\\/#\\\/schema\\\/logo\\\/image\\\/\",\"url\":\"https:\\\/\\\/www.webdo.tn\\\/fr\\\/wp-content\\\/uploads\\\/2025\\\/06\\\/Webdo-Tunisie_168377.jpg\",\"contentUrl\":\"https:\\\/\\\/www.webdo.tn\\\/fr\\\/wp-content\\\/uploads\\\/2025\\\/06\\\/Webdo-Tunisie_168377.jpg\",\"width\":301,\"height\":301,\"caption\":\"Webdo\"},\"image\":{\"@id\":\"https:\\\/\\\/www.webdo.tn\\\/fr\\\/#\\\/schema\\\/logo\\\/image\\\/\"},\"sameAs\":[\"https:\\\/\\\/www.facebook.com\\\/webdotn\",\"https:\\\/\\\/x.com\\\/webdo_tn\"],\"description\":\"Webdo est un m\u00e9dia num\u00e9rique tunisien fond\u00e9 en 2010, sp\u00e9cialis\u00e9 dans l\u2019actualit\u00e9 nationale et internationale, l\u2019\u00e9conomie, la soci\u00e9t\u00e9 et les analyses politiques. Le site s\u2019adresse \u00e0 un large public francophone et couvre l\u2019information tunisienne en temps r\u00e9el.\",\"email\":\"redac@webdo.tn\",\"legalName\":\"YNJ SARL\",\"foundingDate\":\"2010-09-06\",\"numberOfEmployees\":{\"@type\":\"QuantitativeValue\",\"minValue\":\"11\",\"maxValue\":\"50\"}},{\"@type\":\"Person\",\"@id\":\"https:\\\/\\\/www.webdo.tn\\\/fr\\\/#\\\/schema\\\/person\\\/c652cd8fc2b1b44412b5ffb48c5a911d\",\"name\":\"Mohamed Hedi Touati\",\"image\":{\"@type\":\"ImageObject\",\"inLanguage\":\"fr-FR\",\"@id\":\"https:\\\/\\\/secure.gravatar.com\\\/avatar\\\/9cfd402c745b7a685f13eed0ea6e59d2144a3c2fc50a3db6fd5ed451f6cddf1a?s=96&d=mm&r=g\",\"url\":\"https:\\\/\\\/secure.gravatar.com\\\/avatar\\\/9cfd402c745b7a685f13eed0ea6e59d2144a3c2fc50a3db6fd5ed451f6cddf1a?s=96&d=mm&r=g\",\"contentUrl\":\"https:\\\/\\\/secure.gravatar.com\\\/avatar\\\/9cfd402c745b7a685f13eed0ea6e59d2144a3c2fc50a3db6fd5ed451f6cddf1a?s=96&d=mm&r=g\",\"caption\":\"Mohamed Hedi Touati\"},\"url\":\"https:\\\/\\\/www.webdo.tn\\\/fr\\\/actualite\\\/author\\\/mohamed-hedi-touati\\\/\"}]}<\/script>\n<!-- \/ Yoast SEO Premium plugin. -->","yoast_head_json":{"title":"Vague de chaleur en Tunisie : Jusqu\u2019\u00e0 48\u00b0C attendus d\u2019ici vendredi - webdo","description":"Informez-vous sur la vague de chaleur en Tunisie. Les temp\u00e9ratures atteindront des niveaux alarmants jusqu'\u00e0 48\u00b0C.","canonical":"https:\/\/www.webdo.tn\/fr\/actualite\/national\/vague-de-chaleur-en-tunisie-jusqua-48c-attendus-dici-vendredi\/380240\/","og_locale":"fr_FR","og_type":"article","og_title":"Vague de chaleur en Tunisie : Jusqu\u2019\u00e0 48\u00b0C attendus d\u2019ici vendredi","og_description":"Informez-vous sur la vague de chaleur en Tunisie. Les temp\u00e9ratures atteindront des niveaux alarmants jusqu'\u00e0 48\u00b0C.","og_url":"https:\/\/www.webdo.tn\/fr\/actualite\/national\/vague-de-chaleur-en-tunisie-jusqua-48c-attendus-dici-vendredi\/380240\/","og_site_name":"webdo","article_publisher":"https:\/\/www.facebook.com\/webdotn","article_published_time":"2025-07-23T12:36:53+00:00","article_modified_time":"2025-07-24T12:15:23+00:00","og_image":[{"width":680,"height":400,"url":"https:\/\/www.webdo.tn\/fr\/wp-content\/uploads\/2025\/07\/meteo-chaud.jpg","type":"image\/jpeg"}],"author":"Mohamed Hedi Touati","twitter_card":"summary_large_image","twitter_creator":"@webdo_tn","twitter_site":"@webdo_tn","twitter_misc":{"\u00c9crit par":"Mohamed Hedi Touati","Dur\u00e9e de lecture estim\u00e9e":"4 minutes"},"schema":{"@context":"https:\/\/schema.org","@graph":[{"@type":"NewsArticle","@id":"https:\/\/www.webdo.tn\/fr\/actualite\/national\/vague-de-chaleur-en-tunisie-jusqua-48c-attendus-dici-vendredi\/380240\/#article","isPartOf":{"@id":"https:\/\/www.webdo.tn\/fr\/actualite\/national\/vague-de-chaleur-en-tunisie-jusqua-48c-attendus-dici-vendredi\/380240\/"},"author":{"name":"Mohamed Hedi Touati","@id":"https:\/\/www.webdo.tn\/fr\/#\/schema\/person\/c652cd8fc2b1b44412b5ffb48c5a911d"},"headline":"Vague de chaleur en Tunisie : Jusqu\u2019\u00e0 48\u00b0C attendus d\u2019ici vendredi","datePublished":"2025-07-23T12:36:53+00:00","dateModified":"2025-07-24T12:15:23+00:00","mainEntityOfPage":{"@id":"https:\/\/www.webdo.tn\/fr\/actualite\/national\/vague-de-chaleur-en-tunisie-jusqua-48c-attendus-dici-vendredi\/380240\/"},"wordCount":585,"commentCount":0,"publisher":{"@id":"https:\/\/www.webdo.tn\/fr\/#organization"},"image":{"@id":"https:\/\/www.webdo.tn\/fr\/actualite\/national\/vague-de-chaleur-en-tunisie-jusqua-48c-attendus-dici-vendredi\/380240\/#primaryimage"},"thumbnailUrl":"https:\/\/www.webdo.tn\/fr\/wp-content\/uploads\/2025\/07\/meteo-chaud.jpg","keywords":["Canicule","m\u00e9t\u00e9o","temp\u00e9ratures","Tunisie","vague de chaleur"],"articleSection":["National"],"inLanguage":"fr-FR"},{"@type":"WebPage","@id":"https:\/\/www.webdo.tn\/fr\/actualite\/national\/vague-de-chaleur-en-tunisie-jusqua-48c-attendus-dici-vendredi\/380240\/","url":"https:\/\/www.webdo.tn\/fr\/actualite\/national\/vague-de-chaleur-en-tunisie-jusqua-48c-attendus-dici-vendredi\/380240\/","name":"Vague de chaleur en Tunisie : Jusqu\u2019\u00e0 48\u00b0C attendus d\u2019ici vendredi - webdo","isPartOf":{"@id":"https:\/\/www.webdo.tn\/fr\/#website"},"primaryImageOfPage":{"@id":"https:\/\/www.webdo.tn\/fr\/actualite\/national\/vague-de-chaleur-en-tunisie-jusqua-48c-attendus-dici-vendredi\/380240\/#primaryimage"},"image":{"@id":"https:\/\/www.webdo.tn\/fr\/actualite\/national\/vague-de-chaleur-en-tunisie-jusqua-48c-attendus-dici-vendredi\/380240\/#primaryimage"},"thumbnailUrl":"https:\/\/www.webdo.tn\/fr\/wp-content\/uploads\/2025\/07\/meteo-chaud.jpg","datePublished":"2025-07-23T12:36:53+00:00","dateModified":"2025-07-24T12:15:23+00:00","description":"Informez-vous sur la vague de chaleur en Tunisie. Les temp\u00e9ratures atteindront des niveaux alarmants jusqu'\u00e0 48\u00b0C.","breadcrumb":{"@id":"https:\/\/www.webdo.tn\/fr\/actualite\/national\/vague-de-chaleur-en-tunisie-jusqua-48c-attendus-dici-vendredi\/380240\/#breadcrumb"},"inLanguage":"fr-FR","potentialAction":[{"@type":"ReadAction","target":["https:\/\/www.webdo.tn\/fr\/actualite\/national\/vague-de-chaleur-en-tunisie-jusqua-48c-attendus-dici-vendredi\/380240\/"]}]},{"@type":"ImageObject","inLanguage":"fr-FR","@id":"https:\/\/www.webdo.tn\/fr\/actualite\/national\/vague-de-chaleur-en-tunisie-jusqua-48c-attendus-dici-vendredi\/380240\/#primaryimage","url":"https:\/\/www.webdo.tn\/fr\/wp-content\/uploads\/2025\/07\/meteo-chaud.jpg","contentUrl":"https:\/\/www.webdo.tn\/fr\/wp-content\/uploads\/2025\/07\/meteo-chaud.jpg","width":680,"height":400,"caption":"Vague de chaleur en Tunisie : Jusqu\u2019\u00e0 48\u00b0C attendus d\u2019ici vendredi"},{"@type":"BreadcrumbList","@id":"https:\/\/www.webdo.tn\/fr\/actualite\/national\/vague-de-chaleur-en-tunisie-jusqua-48c-attendus-dici-vendredi\/380240\/#breadcrumb","itemListElement":[{"@type":"ListItem","position":1,"name":"Accueil","item":"https:\/\/www.webdo.tn\/fr\/"},{"@type":"ListItem","position":2,"name":"Vague de chaleur en Tunisie : Jusqu\u2019\u00e0 48\u00b0C attendus d\u2019ici vendredi"}]},{"@type":"WebSite","@id":"https:\/\/www.webdo.tn\/fr\/#website","url":"https:\/\/www.webdo.tn\/fr\/","name":"webdo","description":"Tunisie - News en Tunisie et \u00e0 l&#039;international sur Webdo.tn","publisher":{"@id":"https:\/\/www.webdo.tn\/fr\/#organization"},"potentialAction":[{"@type":"SearchAction","target":{"@type":"EntryPoint","urlTemplate":"https:\/\/www.webdo.tn\/fr\/?s={search_term_string}"},"query-input":{"@type":"PropertyValueSpecification","valueRequired":true,"valueName":"search_term_string"}}],"inLanguage":"fr-FR"},{"@type":"Organization","@id":"https:\/\/www.webdo.tn\/fr\/#organization","name":"Webdo","alternateName":"Webdo.tn","url":"https:\/\/www.webdo.tn\/fr\/","logo":{"@type":"ImageObject","inLanguage":"fr-FR","@id":"https:\/\/www.webdo.tn\/fr\/#\/schema\/logo\/image\/","url":"https:\/\/www.webdo.tn\/fr\/wp-content\/uploads\/2025\/06\/Webdo-Tunisie_168377.jpg","contentUrl":"https:\/\/www.webdo.tn\/fr\/wp-content\/uploads\/2025\/06\/Webdo-Tunisie_168377.jpg","width":301,"height":301,"caption":"Webdo"},"image":{"@id":"https:\/\/www.webdo.tn\/fr\/#\/schema\/logo\/image\/"},"sameAs":["https:\/\/www.facebook.com\/webdotn","https:\/\/x.com\/webdo_tn"],"description":"Webdo est un m\u00e9dia num\u00e9rique tunisien fond\u00e9 en 2010, sp\u00e9cialis\u00e9 dans l\u2019actualit\u00e9 nationale et internationale, l\u2019\u00e9conomie, la soci\u00e9t\u00e9 et les analyses politiques. Le site s\u2019adresse \u00e0 un large public francophone et couvre l\u2019information tunisienne en temps r\u00e9el.","email":"redac@webdo.tn","legalName":"YNJ SARL","foundingDate":"2010-09-06","numberOfEmployees":{"@type":"QuantitativeValue","minValue":"11","maxValue":"50"}},{"@type":"Person","@id":"https:\/\/www.webdo.tn\/fr\/#\/schema\/person\/c652cd8fc2b1b44412b5ffb48c5a911d","name":"Mohamed Hedi Touati","image":{"@type":"ImageObject","inLanguage":"fr-FR","@id":"https:\/\/secure.gravatar.com\/avatar\/9cfd402c745b7a685f13eed0ea6e59d2144a3c2fc50a3db6fd5ed451f6cddf1a?s=96&d=mm&r=g","url":"https:\/\/secure.gravatar.com\/avatar\/9cfd402c745b7a685f13eed0ea6e59d2144a3c2fc50a3db6fd5ed451f6cddf1a?s=96&d=mm&r=g","contentUrl":"https:\/\/secure.gravatar.com\/avatar\/9cfd402c745b7a685f13eed0ea6e59d2144a3c2fc50a3db6fd5ed451f6cddf1a?s=96&d=mm&r=g","caption":"Mohamed Hedi Touati"},"url":"https:\/\/www.webdo.tn\/fr\/actualite\/author\/mohamed-hedi-touati\/"}]}},"_links":{"self":[{"href":"https:\/\/www.webdo.tn\/fr\/wp-json\/wp\/v2\/posts\/380240","targetHints":{"allow":["GET"]}}],"collection":[{"href":"https:\/\/www.webdo.tn\/fr\/wp-json\/wp\/v2\/posts"}],"about":[{"href":"https:\/\/www.webdo.tn\/fr\/wp-json\/wp\/v2\/types\/post"}],"author":[{"embeddable":true,"href":"https:\/\/www.webdo.tn\/fr\/wp-json\/wp\/v2\/users\/3191"}],"replies":[{"embeddable":true,"href":"https:\/\/www.webdo.tn\/fr\/wp-json\/wp\/v2\/comments?post=380240"}],"version-history":[{"count":0,"href":"https:\/\/www.webdo.tn\/fr\/wp-json\/wp\/v2\/posts\/380240\/revisions"}],"wp:featuredmedia":[{"embeddable":true,"href":"https:\/\/www.webdo.tn\/fr\/wp-json\/wp\/v2\/media\/380242"}],"wp:attachment":[{"href":"https:\/\/www.webdo.tn\/fr\/wp-json\/wp\/v2\/media?parent=380240"}],"wp:term":[{"taxonomy":"category","embeddable":true,"href":"https:\/\/www.webdo.tn\/fr\/wp-json\/wp\/v2\/categories?post=380240"},{"taxonomy":"post_tag","embeddable":true,"href":"https:\/\/www.webdo.tn\/fr\/wp-json\/wp\/v2\/tags?post=380240"}],"curies":[{"name":"wp","href":"https:\/\/api.w.org\/{rel}","templated":true}]}}