{"id":380205,"date":"2025-07-23T08:51:58","date_gmt":"2025-07-23T07:51:58","guid":{"rendered":"https:\/\/www.webdo.tn\/fr\/?p=380205"},"modified":"2025-07-23T09:11:03","modified_gmt":"2025-07-23T08:11:03","slug":"tunisie-reajustement-des-prix-de-certains-medicaments","status":"publish","type":"post","link":"https:\/\/www.webdo.tn\/fr\/actualite\/national\/tunisie-reajustement-des-prix-de-certains-medicaments\/380205\/","title":{"rendered":"Tunisie : R\u00e9ajustement des prix de certains m\u00e9dicaments"},"content":{"rendered":"\n<p>Une r\u00e9cente mise \u00e0 jour des prix des m\u00e9dicaments en Tunisie suscite de nombreuses interrogations. En effet, environ 60 % des produits figurant dans une nouvelle liste publi\u00e9e vendredi dernier ont vu leurs prix augmenter, tandis que 40 % ont enregistr\u00e9 une baisse, selon les d\u00e9clarations de Molka Moudir, vice-pr\u00e9sidente du Syndicat tunisien des pharmaciens d\u2019officine.<\/p>\n\n\n\n<p>Intervenant sur les ondes de Jawhara FM, elle a pr\u00e9cis\u00e9 que ces modifications tarifaires se font sans pr\u00e9avis, m\u00eame pour les pharmaciens. Seule la Pharmacie centrale est l\u00e9galement habilit\u00e9e \u00e0 fixer et \u00e0 mettre \u00e0 jour les prix des m\u00e9dicaments.<\/p>\n\n\n\n<p>Elle a ajout\u00e9 que les m\u00e9dicaments concern\u00e9s par cette r\u00e9vision tarifaire sont, pour beaucoup, des produits qui ne sont plus import\u00e9s depuis environ un an, car des alternatives g\u00e9n\u00e9riques fabriqu\u00e9es localement, tout aussi efficaces et de qualit\u00e9 \u00e9quivalente, ont \u00e9t\u00e9 mises sur le march\u00e9. Cette d\u00e9marche s\u2019inscrit dans une politique de soutien \u00e0 l\u2019industrie pharmaceutique nationale et de r\u00e9duction des co\u00fbts d\u2019importation.<\/p>\n\n\n\n<p>La vice-pr\u00e9sidente a \u00e9galement insist\u00e9 sur la n\u00e9cessit\u00e9 de renforcer la confiance des citoyens dans les m\u00e9dicaments g\u00e9n\u00e9riques. \u00ab Les plus grandes puissances pharmaceutiques du monde misent largement sur les g\u00e9n\u00e9riques, en raison de leur faible co\u00fbt et de leur efficacit\u00e9 scientifiquement prouv\u00e9e \u00bb, a-t-elle d\u00e9clar\u00e9.<\/p>\n\n\n\n<p>Elle a invit\u00e9 les citoyens \u00e0 consulter leur pharmacien pour toute question concernant l\u2019\u00e9volution des prix ou la disponibilit\u00e9 des m\u00e9dicaments. La responsable a pr\u00e9cis\u00e9 que la liste mise \u00e0 jour est consultable librement sur le site web de la Pharmacie centrale, rappelant que \u00ab chaque citoyen a le droit d\u2019acc\u00e9der aux d\u00e9tails concernant les hausses ou les baisses des prix via les publications officielles \u00bb.<\/p>\n","protected":false},"excerpt":{"rendered":"<p>Une r\u00e9cente mise \u00e0 jour des prix des m\u00e9dicaments en Tunisie suscite de nombreuses interrogations. En effet, environ 60 % des produits figurant dans une nouvelle liste publi\u00e9e vendredi dernier ont vu leurs prix augmenter, tandis que 40 % ont enregistr\u00e9 une baisse, selon les d\u00e9clarations de Molka Moudir, vice-pr\u00e9sidente du Syndicat tunisien des pharmaciens [&hellip;]<\/p>\n","protected":false},"author":3184,"featured_media":375880,"comment_status":"open","ping_status":"open","sticky":false,"template":"","format":"standard","meta":{"footnotes":""},"categories":[44],"tags":[3479,3480,2609,2608],"class_list":["post-380205","post","type-post","status-publish","format-standard","has-post-thumbnail","hentry","category-national","tag-medicaments","tag-pct","tag-prix","tag-tunisie"],"yoast_head":"<!-- This site is optimized with the Yoast SEO Premium plugin v27.4 (Yoast SEO v27.5) - https:\/\/yoast.com\/product\/yoast-seo-premium-wordpress\/ -->\n<title>Tunisie : R\u00e9ajustement des prix de certains m\u00e9dicaments - webdo<\/title>\n<meta name=\"description\" content=\"D\u00e9couvrez les nouvelles tendances des prix des m\u00e9dicaments en Tunisie, avec des augmentations et des baisses significatives.\" \/>\n<link rel=\"canonical\" href=\"https:\/\/www.webdo.tn\/fr\/actualite\/national\/tunisie-reajustement-des-prix-de-certains-medicaments\/380205\/\" \/>\n<meta property=\"og:locale\" content=\"fr_FR\" \/>\n<meta property=\"og:type\" content=\"article\" \/>\n<meta property=\"og:title\" content=\"Tunisie : R\u00e9ajustement des prix de certains m\u00e9dicaments\" \/>\n<meta property=\"og:description\" content=\"D\u00e9couvrez les nouvelles tendances des prix des m\u00e9dicaments en Tunisie, avec des augmentations et des baisses significatives.\" \/>\n<meta property=\"og:url\" content=\"https:\/\/www.webdo.tn\/fr\/actualite\/national\/tunisie-reajustement-des-prix-de-certains-medicaments\/380205\/\" \/>\n<meta property=\"og:site_name\" content=\"webdo\" \/>\n<meta property=\"article:publisher\" content=\"https:\/\/www.facebook.com\/webdotn\" \/>\n<meta property=\"article:published_time\" content=\"2025-07-23T07:51:58+00:00\" \/>\n<meta property=\"article:modified_time\" content=\"2025-07-23T08:11:03+00:00\" \/>\n<meta property=\"og:image\" content=\"https:\/\/www.webdo.tn\/fr\/wp-content\/uploads\/2025\/06\/medicaments_156762.jpg\" \/>\n\t<meta property=\"og:image:width\" content=\"648\" \/>\n\t<meta property=\"og:image:height\" content=\"415\" \/>\n\t<meta property=\"og:image:type\" content=\"image\/jpeg\" \/>\n<meta name=\"author\" content=\"Wided Belhaj\" \/>\n<meta name=\"twitter:card\" content=\"summary_large_image\" \/>\n<meta name=\"twitter:creator\" content=\"@webdo_tn\" \/>\n<meta name=\"twitter:site\" content=\"@webdo_tn\" \/>\n<meta name=\"twitter:label1\" content=\"\u00c9crit par\" \/>\n\t<meta name=\"twitter:data1\" content=\"Wided Belhaj\" \/>\n\t<meta name=\"twitter:label2\" content=\"Dur\u00e9e de lecture estim\u00e9e\" \/>\n\t<meta name=\"twitter:data2\" content=\"2 minutes\" \/>\n<script type=\"application\/ld+json\" class=\"yoast-schema-graph\">{\"@context\":\"https:\\\/\\\/schema.org\",\"@graph\":[{\"@type\":\"NewsArticle\",\"@id\":\"https:\\\/\\\/www.webdo.tn\\\/fr\\\/actualite\\\/national\\\/tunisie-reajustement-des-prix-de-certains-medicaments\\\/380205\\\/#article\",\"isPartOf\":{\"@id\":\"https:\\\/\\\/www.webdo.tn\\\/fr\\\/actualite\\\/national\\\/tunisie-reajustement-des-prix-de-certains-medicaments\\\/380205\\\/\"},\"author\":{\"name\":\"Wided Belhaj\",\"@id\":\"https:\\\/\\\/www.webdo.tn\\\/fr\\\/#\\\/schema\\\/person\\\/b9ecde7a5574cb4fcf4b496ea5fadb15\"},\"headline\":\"Tunisie : R\u00e9ajustement des prix de certains m\u00e9dicaments\",\"datePublished\":\"2025-07-23T07:51:58+00:00\",\"dateModified\":\"2025-07-23T08:11:03+00:00\",\"mainEntityOfPage\":{\"@id\":\"https:\\\/\\\/www.webdo.tn\\\/fr\\\/actualite\\\/national\\\/tunisie-reajustement-des-prix-de-certains-medicaments\\\/380205\\\/\"},\"wordCount\":305,\"commentCount\":0,\"publisher\":{\"@id\":\"https:\\\/\\\/www.webdo.tn\\\/fr\\\/#organization\"},\"image\":{\"@id\":\"https:\\\/\\\/www.webdo.tn\\\/fr\\\/actualite\\\/national\\\/tunisie-reajustement-des-prix-de-certains-medicaments\\\/380205\\\/#primaryimage\"},\"thumbnailUrl\":\"https:\\\/\\\/www.webdo.tn\\\/fr\\\/wp-content\\\/uploads\\\/2025\\\/06\\\/medicaments_156762.jpg\",\"keywords\":[\"m\u00e9dicaments\",\"PCT\",\"prix\",\"Tunisie\"],\"articleSection\":[\"National\"],\"inLanguage\":\"fr-FR\"},{\"@type\":\"WebPage\",\"@id\":\"https:\\\/\\\/www.webdo.tn\\\/fr\\\/actualite\\\/national\\\/tunisie-reajustement-des-prix-de-certains-medicaments\\\/380205\\\/\",\"url\":\"https:\\\/\\\/www.webdo.tn\\\/fr\\\/actualite\\\/national\\\/tunisie-reajustement-des-prix-de-certains-medicaments\\\/380205\\\/\",\"name\":\"Tunisie : R\u00e9ajustement des prix de certains m\u00e9dicaments - webdo\",\"isPartOf\":{\"@id\":\"https:\\\/\\\/www.webdo.tn\\\/fr\\\/#website\"},\"primaryImageOfPage\":{\"@id\":\"https:\\\/\\\/www.webdo.tn\\\/fr\\\/actualite\\\/national\\\/tunisie-reajustement-des-prix-de-certains-medicaments\\\/380205\\\/#primaryimage\"},\"image\":{\"@id\":\"https:\\\/\\\/www.webdo.tn\\\/fr\\\/actualite\\\/national\\\/tunisie-reajustement-des-prix-de-certains-medicaments\\\/380205\\\/#primaryimage\"},\"thumbnailUrl\":\"https:\\\/\\\/www.webdo.tn\\\/fr\\\/wp-content\\\/uploads\\\/2025\\\/06\\\/medicaments_156762.jpg\",\"datePublished\":\"2025-07-23T07:51:58+00:00\",\"dateModified\":\"2025-07-23T08:11:03+00:00\",\"description\":\"D\u00e9couvrez les nouvelles tendances des prix des m\u00e9dicaments en Tunisie, avec des augmentations et des baisses significatives.\",\"breadcrumb\":{\"@id\":\"https:\\\/\\\/www.webdo.tn\\\/fr\\\/actualite\\\/national\\\/tunisie-reajustement-des-prix-de-certains-medicaments\\\/380205\\\/#breadcrumb\"},\"inLanguage\":\"fr-FR\",\"potentialAction\":[{\"@type\":\"ReadAction\",\"target\":[\"https:\\\/\\\/www.webdo.tn\\\/fr\\\/actualite\\\/national\\\/tunisie-reajustement-des-prix-de-certains-medicaments\\\/380205\\\/\"]}]},{\"@type\":\"ImageObject\",\"inLanguage\":\"fr-FR\",\"@id\":\"https:\\\/\\\/www.webdo.tn\\\/fr\\\/actualite\\\/national\\\/tunisie-reajustement-des-prix-de-certains-medicaments\\\/380205\\\/#primaryimage\",\"url\":\"https:\\\/\\\/www.webdo.tn\\\/fr\\\/wp-content\\\/uploads\\\/2025\\\/06\\\/medicaments_156762.jpg\",\"contentUrl\":\"https:\\\/\\\/www.webdo.tn\\\/fr\\\/wp-content\\\/uploads\\\/2025\\\/06\\\/medicaments_156762.jpg\",\"width\":648,\"height\":415,\"caption\":\"Tunisie : 2500 m\u00e9dicaments concern\u00e9s par l'augmentation des prix\"},{\"@type\":\"BreadcrumbList\",\"@id\":\"https:\\\/\\\/www.webdo.tn\\\/fr\\\/actualite\\\/national\\\/tunisie-reajustement-des-prix-de-certains-medicaments\\\/380205\\\/#breadcrumb\",\"itemListElement\":[{\"@type\":\"ListItem\",\"position\":1,\"name\":\"Accueil\",\"item\":\"https:\\\/\\\/www.webdo.tn\\\/fr\\\/\"},{\"@type\":\"ListItem\",\"position\":2,\"name\":\"Tunisie : R\u00e9ajustement des prix de certains m\u00e9dicaments\"}]},{\"@type\":\"WebSite\",\"@id\":\"https:\\\/\\\/www.webdo.tn\\\/fr\\\/#website\",\"url\":\"https:\\\/\\\/www.webdo.tn\\\/fr\\\/\",\"name\":\"webdo\",\"description\":\"Tunisie - News en Tunisie et \u00e0 l&#039;international sur Webdo.tn\",\"publisher\":{\"@id\":\"https:\\\/\\\/www.webdo.tn\\\/fr\\\/#organization\"},\"potentialAction\":[{\"@type\":\"SearchAction\",\"target\":{\"@type\":\"EntryPoint\",\"urlTemplate\":\"https:\\\/\\\/www.webdo.tn\\\/fr\\\/?s={search_term_string}\"},\"query-input\":{\"@type\":\"PropertyValueSpecification\",\"valueRequired\":true,\"valueName\":\"search_term_string\"}}],\"inLanguage\":\"fr-FR\"},{\"@type\":\"Organization\",\"@id\":\"https:\\\/\\\/www.webdo.tn\\\/fr\\\/#organization\",\"name\":\"Webdo\",\"alternateName\":\"Webdo.tn\",\"url\":\"https:\\\/\\\/www.webdo.tn\\\/fr\\\/\",\"logo\":{\"@type\":\"ImageObject\",\"inLanguage\":\"fr-FR\",\"@id\":\"https:\\\/\\\/www.webdo.tn\\\/fr\\\/#\\\/schema\\\/logo\\\/image\\\/\",\"url\":\"https:\\\/\\\/www.webdo.tn\\\/fr\\\/wp-content\\\/uploads\\\/2025\\\/06\\\/Webdo-Tunisie_168377.jpg\",\"contentUrl\":\"https:\\\/\\\/www.webdo.tn\\\/fr\\\/wp-content\\\/uploads\\\/2025\\\/06\\\/Webdo-Tunisie_168377.jpg\",\"width\":301,\"height\":301,\"caption\":\"Webdo\"},\"image\":{\"@id\":\"https:\\\/\\\/www.webdo.tn\\\/fr\\\/#\\\/schema\\\/logo\\\/image\\\/\"},\"sameAs\":[\"https:\\\/\\\/www.facebook.com\\\/webdotn\",\"https:\\\/\\\/x.com\\\/webdo_tn\"],\"description\":\"Webdo est un m\u00e9dia num\u00e9rique tunisien fond\u00e9 en 2010, sp\u00e9cialis\u00e9 dans l\u2019actualit\u00e9 nationale et internationale, l\u2019\u00e9conomie, la soci\u00e9t\u00e9 et les analyses politiques. Le site s\u2019adresse \u00e0 un large public francophone et couvre l\u2019information tunisienne en temps r\u00e9el.\",\"email\":\"redac@webdo.tn\",\"legalName\":\"YNJ SARL\",\"foundingDate\":\"2010-09-06\",\"numberOfEmployees\":{\"@type\":\"QuantitativeValue\",\"minValue\":\"11\",\"maxValue\":\"50\"}},{\"@type\":\"Person\",\"@id\":\"https:\\\/\\\/www.webdo.tn\\\/fr\\\/#\\\/schema\\\/person\\\/b9ecde7a5574cb4fcf4b496ea5fadb15\",\"name\":\"Wided Belhaj\",\"image\":{\"@type\":\"ImageObject\",\"inLanguage\":\"fr-FR\",\"@id\":\"https:\\\/\\\/www.webdo.tn\\\/fr\\\/wp-content\\\/uploads\\\/2026\\\/04\\\/wided-belhaj_avatar-96x96.jpg\",\"url\":\"https:\\\/\\\/www.webdo.tn\\\/fr\\\/wp-content\\\/uploads\\\/2026\\\/04\\\/wided-belhaj_avatar-96x96.jpg\",\"contentUrl\":\"https:\\\/\\\/www.webdo.tn\\\/fr\\\/wp-content\\\/uploads\\\/2026\\\/04\\\/wided-belhaj_avatar-96x96.jpg\",\"caption\":\"Wided Belhaj\"},\"description\":\"Wided Belhaj est le pseudonyme \u00e9ditorial utilis\u00e9 par Khalil Jelassi, journaliste, ma\u00eetre-assistant \u00e0 l\u2019Institut de presse et des sciences de l\u2019information (IPSI) et chercheur en sciences de l\u2019information et de la communication. Cette signature est d\u00e9di\u00e9e \u00e0 l\u2019analyse des m\u00e9dias, des pratiques journalistiques et des mutations de l\u2019information \u00e0 l\u2019\u00e8re digitale. \u00c0 travers ses contributions, Wided Belhaj propose une lecture analytique de l\u2019actualit\u00e9, en croisant regard critique et expertise acad\u00e9mique.\",\"knowsAbout\":[\"m\u00e9dias\",\"journalisme\",\"communication\",\"information\",\"transformation num\u00e9rique\",\"analyse des m\u00e9dias\"],\"knowsLanguage\":[\"Fran\u00e7ais\",\"Arabe\"],\"jobTitle\":\"Webdo.tn\",\"worksFor\":\"Journaliste \u2013 Analyse des m\u00e9dias\",\"url\":\"https:\\\/\\\/www.webdo.tn\\\/fr\\\/actualite\\\/author\\\/wided-belhaj\\\/\"}]}<\/script>\n<!-- \/ Yoast SEO Premium plugin. -->","yoast_head_json":{"title":"Tunisie : R\u00e9ajustement des prix de certains m\u00e9dicaments - webdo","description":"D\u00e9couvrez les nouvelles tendances des prix des m\u00e9dicaments en Tunisie, avec des augmentations et des baisses significatives.","canonical":"https:\/\/www.webdo.tn\/fr\/actualite\/national\/tunisie-reajustement-des-prix-de-certains-medicaments\/380205\/","og_locale":"fr_FR","og_type":"article","og_title":"Tunisie : R\u00e9ajustement des prix de certains m\u00e9dicaments","og_description":"D\u00e9couvrez les nouvelles tendances des prix des m\u00e9dicaments en Tunisie, avec des augmentations et des baisses significatives.","og_url":"https:\/\/www.webdo.tn\/fr\/actualite\/national\/tunisie-reajustement-des-prix-de-certains-medicaments\/380205\/","og_site_name":"webdo","article_publisher":"https:\/\/www.facebook.com\/webdotn","article_published_time":"2025-07-23T07:51:58+00:00","article_modified_time":"2025-07-23T08:11:03+00:00","og_image":[{"width":648,"height":415,"url":"https:\/\/www.webdo.tn\/fr\/wp-content\/uploads\/2025\/06\/medicaments_156762.jpg","type":"image\/jpeg"}],"author":"Wided Belhaj","twitter_card":"summary_large_image","twitter_creator":"@webdo_tn","twitter_site":"@webdo_tn","twitter_misc":{"\u00c9crit par":"Wided Belhaj","Dur\u00e9e de lecture estim\u00e9e":"2 minutes"},"schema":{"@context":"https:\/\/schema.org","@graph":[{"@type":"NewsArticle","@id":"https:\/\/www.webdo.tn\/fr\/actualite\/national\/tunisie-reajustement-des-prix-de-certains-medicaments\/380205\/#article","isPartOf":{"@id":"https:\/\/www.webdo.tn\/fr\/actualite\/national\/tunisie-reajustement-des-prix-de-certains-medicaments\/380205\/"},"author":{"name":"Wided Belhaj","@id":"https:\/\/www.webdo.tn\/fr\/#\/schema\/person\/b9ecde7a5574cb4fcf4b496ea5fadb15"},"headline":"Tunisie : R\u00e9ajustement des prix de certains m\u00e9dicaments","datePublished":"2025-07-23T07:51:58+00:00","dateModified":"2025-07-23T08:11:03+00:00","mainEntityOfPage":{"@id":"https:\/\/www.webdo.tn\/fr\/actualite\/national\/tunisie-reajustement-des-prix-de-certains-medicaments\/380205\/"},"wordCount":305,"commentCount":0,"publisher":{"@id":"https:\/\/www.webdo.tn\/fr\/#organization"},"image":{"@id":"https:\/\/www.webdo.tn\/fr\/actualite\/national\/tunisie-reajustement-des-prix-de-certains-medicaments\/380205\/#primaryimage"},"thumbnailUrl":"https:\/\/www.webdo.tn\/fr\/wp-content\/uploads\/2025\/06\/medicaments_156762.jpg","keywords":["m\u00e9dicaments","PCT","prix","Tunisie"],"articleSection":["National"],"inLanguage":"fr-FR"},{"@type":"WebPage","@id":"https:\/\/www.webdo.tn\/fr\/actualite\/national\/tunisie-reajustement-des-prix-de-certains-medicaments\/380205\/","url":"https:\/\/www.webdo.tn\/fr\/actualite\/national\/tunisie-reajustement-des-prix-de-certains-medicaments\/380205\/","name":"Tunisie : R\u00e9ajustement des prix de certains m\u00e9dicaments - webdo","isPartOf":{"@id":"https:\/\/www.webdo.tn\/fr\/#website"},"primaryImageOfPage":{"@id":"https:\/\/www.webdo.tn\/fr\/actualite\/national\/tunisie-reajustement-des-prix-de-certains-medicaments\/380205\/#primaryimage"},"image":{"@id":"https:\/\/www.webdo.tn\/fr\/actualite\/national\/tunisie-reajustement-des-prix-de-certains-medicaments\/380205\/#primaryimage"},"thumbnailUrl":"https:\/\/www.webdo.tn\/fr\/wp-content\/uploads\/2025\/06\/medicaments_156762.jpg","datePublished":"2025-07-23T07:51:58+00:00","dateModified":"2025-07-23T08:11:03+00:00","description":"D\u00e9couvrez les nouvelles tendances des prix des m\u00e9dicaments en Tunisie, avec des augmentations et des baisses significatives.","breadcrumb":{"@id":"https:\/\/www.webdo.tn\/fr\/actualite\/national\/tunisie-reajustement-des-prix-de-certains-medicaments\/380205\/#breadcrumb"},"inLanguage":"fr-FR","potentialAction":[{"@type":"ReadAction","target":["https:\/\/www.webdo.tn\/fr\/actualite\/national\/tunisie-reajustement-des-prix-de-certains-medicaments\/380205\/"]}]},{"@type":"ImageObject","inLanguage":"fr-FR","@id":"https:\/\/www.webdo.tn\/fr\/actualite\/national\/tunisie-reajustement-des-prix-de-certains-medicaments\/380205\/#primaryimage","url":"https:\/\/www.webdo.tn\/fr\/wp-content\/uploads\/2025\/06\/medicaments_156762.jpg","contentUrl":"https:\/\/www.webdo.tn\/fr\/wp-content\/uploads\/2025\/06\/medicaments_156762.jpg","width":648,"height":415,"caption":"Tunisie : 2500 m\u00e9dicaments concern\u00e9s par l'augmentation des prix"},{"@type":"BreadcrumbList","@id":"https:\/\/www.webdo.tn\/fr\/actualite\/national\/tunisie-reajustement-des-prix-de-certains-medicaments\/380205\/#breadcrumb","itemListElement":[{"@type":"ListItem","position":1,"name":"Accueil","item":"https:\/\/www.webdo.tn\/fr\/"},{"@type":"ListItem","position":2,"name":"Tunisie : R\u00e9ajustement des prix de certains m\u00e9dicaments"}]},{"@type":"WebSite","@id":"https:\/\/www.webdo.tn\/fr\/#website","url":"https:\/\/www.webdo.tn\/fr\/","name":"webdo","description":"Tunisie - News en Tunisie et \u00e0 l&#039;international sur Webdo.tn","publisher":{"@id":"https:\/\/www.webdo.tn\/fr\/#organization"},"potentialAction":[{"@type":"SearchAction","target":{"@type":"EntryPoint","urlTemplate":"https:\/\/www.webdo.tn\/fr\/?s={search_term_string}"},"query-input":{"@type":"PropertyValueSpecification","valueRequired":true,"valueName":"search_term_string"}}],"inLanguage":"fr-FR"},{"@type":"Organization","@id":"https:\/\/www.webdo.tn\/fr\/#organization","name":"Webdo","alternateName":"Webdo.tn","url":"https:\/\/www.webdo.tn\/fr\/","logo":{"@type":"ImageObject","inLanguage":"fr-FR","@id":"https:\/\/www.webdo.tn\/fr\/#\/schema\/logo\/image\/","url":"https:\/\/www.webdo.tn\/fr\/wp-content\/uploads\/2025\/06\/Webdo-Tunisie_168377.jpg","contentUrl":"https:\/\/www.webdo.tn\/fr\/wp-content\/uploads\/2025\/06\/Webdo-Tunisie_168377.jpg","width":301,"height":301,"caption":"Webdo"},"image":{"@id":"https:\/\/www.webdo.tn\/fr\/#\/schema\/logo\/image\/"},"sameAs":["https:\/\/www.facebook.com\/webdotn","https:\/\/x.com\/webdo_tn"],"description":"Webdo est un m\u00e9dia num\u00e9rique tunisien fond\u00e9 en 2010, sp\u00e9cialis\u00e9 dans l\u2019actualit\u00e9 nationale et internationale, l\u2019\u00e9conomie, la soci\u00e9t\u00e9 et les analyses politiques. Le site s\u2019adresse \u00e0 un large public francophone et couvre l\u2019information tunisienne en temps r\u00e9el.","email":"redac@webdo.tn","legalName":"YNJ SARL","foundingDate":"2010-09-06","numberOfEmployees":{"@type":"QuantitativeValue","minValue":"11","maxValue":"50"}},{"@type":"Person","@id":"https:\/\/www.webdo.tn\/fr\/#\/schema\/person\/b9ecde7a5574cb4fcf4b496ea5fadb15","name":"Wided Belhaj","image":{"@type":"ImageObject","inLanguage":"fr-FR","@id":"https:\/\/www.webdo.tn\/fr\/wp-content\/uploads\/2026\/04\/wided-belhaj_avatar-96x96.jpg","url":"https:\/\/www.webdo.tn\/fr\/wp-content\/uploads\/2026\/04\/wided-belhaj_avatar-96x96.jpg","contentUrl":"https:\/\/www.webdo.tn\/fr\/wp-content\/uploads\/2026\/04\/wided-belhaj_avatar-96x96.jpg","caption":"Wided Belhaj"},"description":"Wided Belhaj est le pseudonyme \u00e9ditorial utilis\u00e9 par Khalil Jelassi, journaliste, ma\u00eetre-assistant \u00e0 l\u2019Institut de presse et des sciences de l\u2019information (IPSI) et chercheur en sciences de l\u2019information et de la communication. Cette signature est d\u00e9di\u00e9e \u00e0 l\u2019analyse des m\u00e9dias, des pratiques journalistiques et des mutations de l\u2019information \u00e0 l\u2019\u00e8re digitale. \u00c0 travers ses contributions, Wided Belhaj propose une lecture analytique de l\u2019actualit\u00e9, en croisant regard critique et expertise acad\u00e9mique.","knowsAbout":["m\u00e9dias","journalisme","communication","information","transformation num\u00e9rique","analyse des m\u00e9dias"],"knowsLanguage":["Fran\u00e7ais","Arabe"],"jobTitle":"Webdo.tn","worksFor":"Journaliste \u2013 Analyse des m\u00e9dias","url":"https:\/\/www.webdo.tn\/fr\/actualite\/author\/wided-belhaj\/"}]}},"_links":{"self":[{"href":"https:\/\/www.webdo.tn\/fr\/wp-json\/wp\/v2\/posts\/380205","targetHints":{"allow":["GET"]}}],"collection":[{"href":"https:\/\/www.webdo.tn\/fr\/wp-json\/wp\/v2\/posts"}],"about":[{"href":"https:\/\/www.webdo.tn\/fr\/wp-json\/wp\/v2\/types\/post"}],"author":[{"embeddable":true,"href":"https:\/\/www.webdo.tn\/fr\/wp-json\/wp\/v2\/users\/3184"}],"replies":[{"embeddable":true,"href":"https:\/\/www.webdo.tn\/fr\/wp-json\/wp\/v2\/comments?post=380205"}],"version-history":[{"count":0,"href":"https:\/\/www.webdo.tn\/fr\/wp-json\/wp\/v2\/posts\/380205\/revisions"}],"wp:featuredmedia":[{"embeddable":true,"href":"https:\/\/www.webdo.tn\/fr\/wp-json\/wp\/v2\/media\/375880"}],"wp:attachment":[{"href":"https:\/\/www.webdo.tn\/fr\/wp-json\/wp\/v2\/media?parent=380205"}],"wp:term":[{"taxonomy":"category","embeddable":true,"href":"https:\/\/www.webdo.tn\/fr\/wp-json\/wp\/v2\/categories?post=380205"},{"taxonomy":"post_tag","embeddable":true,"href":"https:\/\/www.webdo.tn\/fr\/wp-json\/wp\/v2\/tags?post=380205"}],"curies":[{"name":"wp","href":"https:\/\/api.w.org\/{rel}","templated":true}]}}