{"id":380203,"date":"2025-07-23T07:37:17","date_gmt":"2025-07-23T06:37:17","guid":{"rendered":"https:\/\/www.webdo.tn\/fr\/?p=380203"},"modified":"2025-07-23T12:46:05","modified_gmt":"2025-07-23T11:46:05","slug":"a-djerba-un-hotelier-sinquiete-de-la-baisse-du-pouvoir-dachat-des-touristes","status":"publish","type":"post","link":"https:\/\/www.webdo.tn\/fr\/actualite\/national\/a-djerba-un-hotelier-sinquiete-de-la-baisse-du-pouvoir-dachat-des-touristes\/380203\/","title":{"rendered":"\u00c0 Djerba, un h\u00f4telier s&rsquo;inqui\u00e8te de la baisse du pouvoir d\u2019achat des touristes"},"content":{"rendered":"\n<p><em><strong>La saison touristique bat son plein \u00e0 Djerba, avec des indicateurs en nette am\u00e9lioration, mais certains d\u00e9fis structurels continuent de peser sur les professionnels du secteur. C\u2019est ce qu\u2019a tenu \u00e0 rappeler Haithem Jbeniani, un h\u00f4telier de l\u2019\u00eele, r\u00e9agissant \u00e0 une vague d\u2019interpr\u00e9tations erron\u00e9es de ses propos publi\u00e9s r\u00e9cemment sur les r\u00e9seaux sociaux.<\/strong><\/em><\/p>\n\n\n\n<p>Dans une mise au point claire, il affirme que \u00ab la situation touristique \u00e0 Djerba se d\u00e9roule normalement, avec m\u00eame une hausse notable du nombre de nuit\u00e9es \u00bb. Il pr\u00e9cise que les \u00e9tablissements h\u00f4teliers fonctionnent \u00e0 pleine capacit\u00e9 et que l\u2019approvisionnement en denr\u00e9es alimentaires et en marchandises est fluide. Sur le plan s\u00e9curitaire, l\u2019\u00eele semble avoir tourn\u00e9 une page : \u00ab Le contexte est apais\u00e9, apr\u00e8s une lutte efficace contre les formes d\u2019extr\u00e9misme qui ont, \u00e0 une \u00e9poque, vis\u00e9 m\u00eame des institutions touristiques \u00bb, \u00e9crit-il.<\/p>\n\n\n\n<p>Mais au-del\u00e0 de ce tableau globalement positif, l\u2019h\u00f4telier refuse de taire les difficult\u00e9s qui subsistent et qu\u2019il juge \u00ab lourdes \u00e0 porter pour les professionnels \u00bb. En premier lieu : les coupures r\u00e9currentes d\u2019eau potable, qui contraignent certains h\u00f4teliers \u00e0 recourir \u00e0 des solutions de fortune \u00ab embarrassantes face aux clients \u00bb. \u00c0 cela s\u2019ajoutent les interruptions d\u2019\u00e9lectricit\u00e9 et une pression croissante li\u00e9e \u00e0 l\u2019affaiblissement du pouvoir d\u2019achat.<\/p>\n\n\n\n<p>\u00ab Nos clients \u00e9trangers, notamment les Libyens, souffrent d&rsquo;un pouvoir d&rsquo;achat limit\u00e9. Quant aux Tunisiens, la suppression des paiements par ch\u00e8que a aggrav\u00e9 une crise de liquidit\u00e9s d\u00e9j\u00e0 ancienne \u00bb, poursuit-il, soulignant que cette situation compromet la rentabilit\u00e9 des unit\u00e9s h\u00f4teli\u00e8res.<\/p>\n\n\n\n<p><mark style=\"background-color:rgba(0, 0, 0, 0)\" class=\"has-inline-color has-vivid-cyan-blue-color\"><strong>Lire aussi <\/strong>:<a href=\"https:\/\/www.webdo.tn\/fr\/actualite\/national\/la-guerre-iran-israel-a-t-elle-freine-la-saison-touristique-en-tunisie\/380136\/\"> La guerre Iran-Isra\u00ebl a-t-elle frein\u00e9 la saison touristique en Tunisie ?<\/a><br><\/mark><\/p>\n\n\n\n<p>L\u2019h\u00f4telier insiste : il ne s\u2019agissait en aucun cas de lancer une alerte alarmiste ou de noircir la situation. \u00ab Certains ont d\u00e9form\u00e9 mes propos et tent\u00e9 de les instrumentaliser \u00e0 des fins malveillantes, dans le but de nuire \u00e0 l\u2019image du tourisme ou de semer le trouble entre les professionnels et l\u2019administration \u00bb, d\u00e9nonce-t-il.<\/p>\n\n\n\n<p>Et de conclure, avec un ton r\u00e9solument combatif : \u00ab Qu\u2019ils sachent que malgr\u00e9 les obstacles, nous continuerons \u00e0 travailler avec d\u00e9termination pour r\u00e9ussir cette saison. La vraie alerte, c\u2019est l\u2019\u00e9tat de certaines \u00e2mes malades, qui transforment la souffrance des autres en opportunit\u00e9 de nuisance gratuite \u00bb.<\/p>\n\n\n\n<p>Dans une \u00eele qui reste l\u2019un des piliers du tourisme tunisien, cette parole venue du terrain rappelle que si les visiteurs sont bien l\u00e0, la p\u00e9rennit\u00e9 du secteur exige des solutions concr\u00e8tes aux probl\u00e8mes de fond.<\/p>\n\n\n\n<p><\/p>\n\n\n\n<iframe src=\"https:\/\/www.facebook.com\/plugins\/post.php?href=https%3A%2F%2Fwww.facebook.com%2Fhaithem.djebeniani%2Fposts%2Fpfbid0ZnBh8xc9YP8wGgYDCSn1PFxHNhdJxycrCZ7uMVca4N5LByHVhaciiQHno9a7D72Ml&#038;show_text=true&#038;width=500\" width=\"500\" height=\"250\" style=\"border:none;overflow:hidden\" scrolling=\"no\" frameborder=\"0\" allowfullscreen=\"true\" allow=\"autoplay; clipboard-write; encrypted-media; picture-in-picture; web-share\"><\/iframe>\n\n\n\n<p><\/p>\n\n\n\n<p><\/p>\n\n\n\n<p><\/p>\n","protected":false},"excerpt":{"rendered":"<p>La saison touristique bat son plein \u00e0 Djerba, avec des indicateurs en nette am\u00e9lioration, mais certains d\u00e9fis structurels continuent de peser sur les professionnels du secteur. C\u2019est ce qu\u2019a tenu \u00e0 rappeler Haithem Jbeniani, un h\u00f4telier de l\u2019\u00eele, r\u00e9agissant \u00e0 une vague d\u2019interpr\u00e9tations erron\u00e9es de ses propos publi\u00e9s r\u00e9cemment sur les r\u00e9seaux sociaux. Dans une [&hellip;]<\/p>\n","protected":false},"author":3184,"featured_media":339115,"comment_status":"open","ping_status":"open","sticky":false,"template":"","format":"standard","meta":{"footnotes":""},"categories":[44],"tags":[3696,2798,2608],"class_list":["post-380203","post","type-post","status-publish","format-standard","has-post-thumbnail","hentry","category-national","tag-djerba","tag-tourisme","tag-tunisie"],"yoast_head":"<!-- This site is optimized with the Yoast SEO Premium plugin v27.5 (Yoast SEO v27.5) - https:\/\/yoast.com\/product\/yoast-seo-premium-wordpress\/ -->\n<title>\u00c0 Djerba, un h\u00f4telier s&#039;inqui\u00e8te de la baisse du pouvoir d\u2019achat des touristes - webdo<\/title>\n<link rel=\"canonical\" href=\"https:\/\/www.webdo.tn\/fr\/actualite\/national\/a-djerba-un-hotelier-sinquiete-de-la-baisse-du-pouvoir-dachat-des-touristes\/380203\/\" \/>\n<meta property=\"og:locale\" content=\"fr_FR\" \/>\n<meta property=\"og:type\" content=\"article\" \/>\n<meta property=\"og:title\" content=\"\u00c0 Djerba, un h\u00f4telier s&#039;inqui\u00e8te de la baisse du pouvoir d\u2019achat des touristes\" \/>\n<meta property=\"og:description\" content=\"La saison touristique bat son plein \u00e0 Djerba, avec des indicateurs en nette am\u00e9lioration, mais certains d\u00e9fis structurels continuent de peser sur les professionnels du secteur. C\u2019est ce qu\u2019a tenu \u00e0 rappeler Haithem Jbeniani, un h\u00f4telier de l\u2019\u00eele, r\u00e9agissant \u00e0 une vague d\u2019interpr\u00e9tations erron\u00e9es de ses propos publi\u00e9s r\u00e9cemment sur les r\u00e9seaux sociaux. Dans une [&hellip;]\" \/>\n<meta property=\"og:url\" content=\"https:\/\/www.webdo.tn\/fr\/actualite\/national\/a-djerba-un-hotelier-sinquiete-de-la-baisse-du-pouvoir-dachat-des-touristes\/380203\/\" \/>\n<meta property=\"og:site_name\" content=\"webdo\" \/>\n<meta property=\"article:publisher\" content=\"https:\/\/www.facebook.com\/webdotn\" \/>\n<meta property=\"article:published_time\" content=\"2025-07-23T06:37:17+00:00\" \/>\n<meta property=\"article:modified_time\" content=\"2025-07-23T11:46:05+00:00\" \/>\n<meta property=\"og:image\" content=\"https:\/\/www.webdo.tn\/fr\/wp-content\/uploads\/2017\/05\/Djerba-touristes.jpg\" \/>\n\t<meta property=\"og:image:width\" content=\"1024\" \/>\n\t<meta property=\"og:image:height\" content=\"512\" \/>\n\t<meta property=\"og:image:type\" content=\"image\/jpeg\" \/>\n<meta name=\"author\" content=\"Wided Belhaj\" \/>\n<meta name=\"twitter:card\" content=\"summary_large_image\" \/>\n<meta name=\"twitter:creator\" content=\"@webdo_tn\" \/>\n<meta name=\"twitter:site\" content=\"@webdo_tn\" \/>\n<meta name=\"twitter:label1\" content=\"\u00c9crit par\" \/>\n\t<meta name=\"twitter:data1\" content=\"Wided Belhaj\" \/>\n\t<meta name=\"twitter:label2\" content=\"Dur\u00e9e de lecture estim\u00e9e\" \/>\n\t<meta name=\"twitter:data2\" content=\"3 minutes\" \/>\n<script type=\"application\/ld+json\" class=\"yoast-schema-graph\">{\"@context\":\"https:\\\/\\\/schema.org\",\"@graph\":[{\"@type\":\"NewsArticle\",\"@id\":\"https:\\\/\\\/www.webdo.tn\\\/fr\\\/actualite\\\/national\\\/a-djerba-un-hotelier-sinquiete-de-la-baisse-du-pouvoir-dachat-des-touristes\\\/380203\\\/#article\",\"isPartOf\":{\"@id\":\"https:\\\/\\\/www.webdo.tn\\\/fr\\\/actualite\\\/national\\\/a-djerba-un-hotelier-sinquiete-de-la-baisse-du-pouvoir-dachat-des-touristes\\\/380203\\\/\"},\"author\":{\"name\":\"Wided Belhaj\",\"@id\":\"https:\\\/\\\/www.webdo.tn\\\/fr\\\/#\\\/schema\\\/person\\\/b9ecde7a5574cb4fcf4b496ea5fadb15\"},\"headline\":\"\u00c0 Djerba, un h\u00f4telier s&rsquo;inqui\u00e8te de la baisse du pouvoir d\u2019achat des touristes\",\"datePublished\":\"2025-07-23T06:37:17+00:00\",\"dateModified\":\"2025-07-23T11:46:05+00:00\",\"mainEntityOfPage\":{\"@id\":\"https:\\\/\\\/www.webdo.tn\\\/fr\\\/actualite\\\/national\\\/a-djerba-un-hotelier-sinquiete-de-la-baisse-du-pouvoir-dachat-des-touristes\\\/380203\\\/\"},\"wordCount\":445,\"commentCount\":0,\"publisher\":{\"@id\":\"https:\\\/\\\/www.webdo.tn\\\/fr\\\/#organization\"},\"image\":{\"@id\":\"https:\\\/\\\/www.webdo.tn\\\/fr\\\/actualite\\\/national\\\/a-djerba-un-hotelier-sinquiete-de-la-baisse-du-pouvoir-dachat-des-touristes\\\/380203\\\/#primaryimage\"},\"thumbnailUrl\":\"https:\\\/\\\/www.webdo.tn\\\/fr\\\/wp-content\\\/uploads\\\/2017\\\/05\\\/Djerba-touristes.jpg\",\"keywords\":[\"djerba\",\"Tourisme\",\"Tunisie\"],\"articleSection\":[\"National\"],\"inLanguage\":\"fr-FR\"},{\"@type\":\"WebPage\",\"@id\":\"https:\\\/\\\/www.webdo.tn\\\/fr\\\/actualite\\\/national\\\/a-djerba-un-hotelier-sinquiete-de-la-baisse-du-pouvoir-dachat-des-touristes\\\/380203\\\/\",\"url\":\"https:\\\/\\\/www.webdo.tn\\\/fr\\\/actualite\\\/national\\\/a-djerba-un-hotelier-sinquiete-de-la-baisse-du-pouvoir-dachat-des-touristes\\\/380203\\\/\",\"name\":\"\u00c0 Djerba, un h\u00f4telier s'inqui\u00e8te de la baisse du pouvoir d\u2019achat des touristes - webdo\",\"isPartOf\":{\"@id\":\"https:\\\/\\\/www.webdo.tn\\\/fr\\\/#website\"},\"primaryImageOfPage\":{\"@id\":\"https:\\\/\\\/www.webdo.tn\\\/fr\\\/actualite\\\/national\\\/a-djerba-un-hotelier-sinquiete-de-la-baisse-du-pouvoir-dachat-des-touristes\\\/380203\\\/#primaryimage\"},\"image\":{\"@id\":\"https:\\\/\\\/www.webdo.tn\\\/fr\\\/actualite\\\/national\\\/a-djerba-un-hotelier-sinquiete-de-la-baisse-du-pouvoir-dachat-des-touristes\\\/380203\\\/#primaryimage\"},\"thumbnailUrl\":\"https:\\\/\\\/www.webdo.tn\\\/fr\\\/wp-content\\\/uploads\\\/2017\\\/05\\\/Djerba-touristes.jpg\",\"datePublished\":\"2025-07-23T06:37:17+00:00\",\"dateModified\":\"2025-07-23T11:46:05+00:00\",\"breadcrumb\":{\"@id\":\"https:\\\/\\\/www.webdo.tn\\\/fr\\\/actualite\\\/national\\\/a-djerba-un-hotelier-sinquiete-de-la-baisse-du-pouvoir-dachat-des-touristes\\\/380203\\\/#breadcrumb\"},\"inLanguage\":\"fr-FR\",\"potentialAction\":[{\"@type\":\"ReadAction\",\"target\":[\"https:\\\/\\\/www.webdo.tn\\\/fr\\\/actualite\\\/national\\\/a-djerba-un-hotelier-sinquiete-de-la-baisse-du-pouvoir-dachat-des-touristes\\\/380203\\\/\"]}]},{\"@type\":\"ImageObject\",\"inLanguage\":\"fr-FR\",\"@id\":\"https:\\\/\\\/www.webdo.tn\\\/fr\\\/actualite\\\/national\\\/a-djerba-un-hotelier-sinquiete-de-la-baisse-du-pouvoir-dachat-des-touristes\\\/380203\\\/#primaryimage\",\"url\":\"https:\\\/\\\/www.webdo.tn\\\/fr\\\/wp-content\\\/uploads\\\/2017\\\/05\\\/Djerba-touristes.jpg\",\"contentUrl\":\"https:\\\/\\\/www.webdo.tn\\\/fr\\\/wp-content\\\/uploads\\\/2017\\\/05\\\/Djerba-touristes.jpg\",\"width\":1024,\"height\":512,\"caption\":\"Environ deux millions de touristes ont visit\u00e9 la Tunisie du 1er janvier au 10 mai\"},{\"@type\":\"BreadcrumbList\",\"@id\":\"https:\\\/\\\/www.webdo.tn\\\/fr\\\/actualite\\\/national\\\/a-djerba-un-hotelier-sinquiete-de-la-baisse-du-pouvoir-dachat-des-touristes\\\/380203\\\/#breadcrumb\",\"itemListElement\":[{\"@type\":\"ListItem\",\"position\":1,\"name\":\"Accueil\",\"item\":\"https:\\\/\\\/www.webdo.tn\\\/fr\\\/\"},{\"@type\":\"ListItem\",\"position\":2,\"name\":\"\u00c0 Djerba, un h\u00f4telier s&rsquo;inqui\u00e8te de la baisse du pouvoir d\u2019achat des touristes\"}]},{\"@type\":\"WebSite\",\"@id\":\"https:\\\/\\\/www.webdo.tn\\\/fr\\\/#website\",\"url\":\"https:\\\/\\\/www.webdo.tn\\\/fr\\\/\",\"name\":\"webdo\",\"description\":\"Tunisie - News en Tunisie et \u00e0 l&#039;international sur Webdo.tn\",\"publisher\":{\"@id\":\"https:\\\/\\\/www.webdo.tn\\\/fr\\\/#organization\"},\"potentialAction\":[{\"@type\":\"SearchAction\",\"target\":{\"@type\":\"EntryPoint\",\"urlTemplate\":\"https:\\\/\\\/www.webdo.tn\\\/fr\\\/?s={search_term_string}\"},\"query-input\":{\"@type\":\"PropertyValueSpecification\",\"valueRequired\":true,\"valueName\":\"search_term_string\"}}],\"inLanguage\":\"fr-FR\"},{\"@type\":\"Organization\",\"@id\":\"https:\\\/\\\/www.webdo.tn\\\/fr\\\/#organization\",\"name\":\"Webdo\",\"alternateName\":\"Webdo.tn\",\"url\":\"https:\\\/\\\/www.webdo.tn\\\/fr\\\/\",\"logo\":{\"@type\":\"ImageObject\",\"inLanguage\":\"fr-FR\",\"@id\":\"https:\\\/\\\/www.webdo.tn\\\/fr\\\/#\\\/schema\\\/logo\\\/image\\\/\",\"url\":\"https:\\\/\\\/www.webdo.tn\\\/fr\\\/wp-content\\\/uploads\\\/2025\\\/06\\\/Webdo-Tunisie_168377.jpg\",\"contentUrl\":\"https:\\\/\\\/www.webdo.tn\\\/fr\\\/wp-content\\\/uploads\\\/2025\\\/06\\\/Webdo-Tunisie_168377.jpg\",\"width\":301,\"height\":301,\"caption\":\"Webdo\"},\"image\":{\"@id\":\"https:\\\/\\\/www.webdo.tn\\\/fr\\\/#\\\/schema\\\/logo\\\/image\\\/\"},\"sameAs\":[\"https:\\\/\\\/www.facebook.com\\\/webdotn\",\"https:\\\/\\\/x.com\\\/webdo_tn\"],\"description\":\"Webdo est un m\u00e9dia num\u00e9rique tunisien fond\u00e9 en 2010, sp\u00e9cialis\u00e9 dans l\u2019actualit\u00e9 nationale et internationale, l\u2019\u00e9conomie, la soci\u00e9t\u00e9 et les analyses politiques. Le site s\u2019adresse \u00e0 un large public francophone et couvre l\u2019information tunisienne en temps r\u00e9el.\",\"email\":\"redac@webdo.tn\",\"legalName\":\"YNJ SARL\",\"foundingDate\":\"2010-09-06\",\"numberOfEmployees\":{\"@type\":\"QuantitativeValue\",\"minValue\":\"11\",\"maxValue\":\"50\"}},{\"@type\":\"Person\",\"@id\":\"https:\\\/\\\/www.webdo.tn\\\/fr\\\/#\\\/schema\\\/person\\\/b9ecde7a5574cb4fcf4b496ea5fadb15\",\"name\":\"Wided Belhaj\",\"image\":{\"@type\":\"ImageObject\",\"inLanguage\":\"fr-FR\",\"@id\":\"https:\\\/\\\/www.webdo.tn\\\/fr\\\/wp-content\\\/uploads\\\/2026\\\/04\\\/wided-belhaj_avatar-96x96.jpg\",\"url\":\"https:\\\/\\\/www.webdo.tn\\\/fr\\\/wp-content\\\/uploads\\\/2026\\\/04\\\/wided-belhaj_avatar-96x96.jpg\",\"contentUrl\":\"https:\\\/\\\/www.webdo.tn\\\/fr\\\/wp-content\\\/uploads\\\/2026\\\/04\\\/wided-belhaj_avatar-96x96.jpg\",\"caption\":\"Wided Belhaj\"},\"description\":\"Wided Belhaj est le pseudonyme \u00e9ditorial utilis\u00e9 par Khalil Jelassi, journaliste, ma\u00eetre-assistant \u00e0 l\u2019Institut de presse et des sciences de l\u2019information (IPSI) et chercheur en sciences de l\u2019information et de la communication. Cette signature est d\u00e9di\u00e9e \u00e0 l\u2019analyse des m\u00e9dias, des pratiques journalistiques et des mutations de l\u2019information \u00e0 l\u2019\u00e8re digitale. \u00c0 travers ses contributions, Wided Belhaj propose une lecture analytique de l\u2019actualit\u00e9, en croisant regard critique et expertise acad\u00e9mique.\",\"knowsAbout\":[\"m\u00e9dias\",\"journalisme\",\"communication\",\"information\",\"transformation num\u00e9rique\",\"analyse des m\u00e9dias\"],\"knowsLanguage\":[\"Fran\u00e7ais\",\"Arabe\"],\"jobTitle\":\"Webdo.tn\",\"worksFor\":\"Journaliste \u2013 Analyse des m\u00e9dias\",\"url\":\"https:\\\/\\\/www.webdo.tn\\\/fr\\\/actualite\\\/author\\\/wided-belhaj\\\/\"}]}<\/script>\n<!-- \/ Yoast SEO Premium plugin. -->","yoast_head_json":{"title":"\u00c0 Djerba, un h\u00f4telier s'inqui\u00e8te de la baisse du pouvoir d\u2019achat des touristes - webdo","canonical":"https:\/\/www.webdo.tn\/fr\/actualite\/national\/a-djerba-un-hotelier-sinquiete-de-la-baisse-du-pouvoir-dachat-des-touristes\/380203\/","og_locale":"fr_FR","og_type":"article","og_title":"\u00c0 Djerba, un h\u00f4telier s'inqui\u00e8te de la baisse du pouvoir d\u2019achat des touristes","og_description":"La saison touristique bat son plein \u00e0 Djerba, avec des indicateurs en nette am\u00e9lioration, mais certains d\u00e9fis structurels continuent de peser sur les professionnels du secteur. C\u2019est ce qu\u2019a tenu \u00e0 rappeler Haithem Jbeniani, un h\u00f4telier de l\u2019\u00eele, r\u00e9agissant \u00e0 une vague d\u2019interpr\u00e9tations erron\u00e9es de ses propos publi\u00e9s r\u00e9cemment sur les r\u00e9seaux sociaux. Dans une [&hellip;]","og_url":"https:\/\/www.webdo.tn\/fr\/actualite\/national\/a-djerba-un-hotelier-sinquiete-de-la-baisse-du-pouvoir-dachat-des-touristes\/380203\/","og_site_name":"webdo","article_publisher":"https:\/\/www.facebook.com\/webdotn","article_published_time":"2025-07-23T06:37:17+00:00","article_modified_time":"2025-07-23T11:46:05+00:00","og_image":[{"width":1024,"height":512,"url":"https:\/\/www.webdo.tn\/fr\/wp-content\/uploads\/2017\/05\/Djerba-touristes.jpg","type":"image\/jpeg"}],"author":"Wided Belhaj","twitter_card":"summary_large_image","twitter_creator":"@webdo_tn","twitter_site":"@webdo_tn","twitter_misc":{"\u00c9crit par":"Wided Belhaj","Dur\u00e9e de lecture estim\u00e9e":"3 minutes"},"schema":{"@context":"https:\/\/schema.org","@graph":[{"@type":"NewsArticle","@id":"https:\/\/www.webdo.tn\/fr\/actualite\/national\/a-djerba-un-hotelier-sinquiete-de-la-baisse-du-pouvoir-dachat-des-touristes\/380203\/#article","isPartOf":{"@id":"https:\/\/www.webdo.tn\/fr\/actualite\/national\/a-djerba-un-hotelier-sinquiete-de-la-baisse-du-pouvoir-dachat-des-touristes\/380203\/"},"author":{"name":"Wided Belhaj","@id":"https:\/\/www.webdo.tn\/fr\/#\/schema\/person\/b9ecde7a5574cb4fcf4b496ea5fadb15"},"headline":"\u00c0 Djerba, un h\u00f4telier s&rsquo;inqui\u00e8te de la baisse du pouvoir d\u2019achat des touristes","datePublished":"2025-07-23T06:37:17+00:00","dateModified":"2025-07-23T11:46:05+00:00","mainEntityOfPage":{"@id":"https:\/\/www.webdo.tn\/fr\/actualite\/national\/a-djerba-un-hotelier-sinquiete-de-la-baisse-du-pouvoir-dachat-des-touristes\/380203\/"},"wordCount":445,"commentCount":0,"publisher":{"@id":"https:\/\/www.webdo.tn\/fr\/#organization"},"image":{"@id":"https:\/\/www.webdo.tn\/fr\/actualite\/national\/a-djerba-un-hotelier-sinquiete-de-la-baisse-du-pouvoir-dachat-des-touristes\/380203\/#primaryimage"},"thumbnailUrl":"https:\/\/www.webdo.tn\/fr\/wp-content\/uploads\/2017\/05\/Djerba-touristes.jpg","keywords":["djerba","Tourisme","Tunisie"],"articleSection":["National"],"inLanguage":"fr-FR"},{"@type":"WebPage","@id":"https:\/\/www.webdo.tn\/fr\/actualite\/national\/a-djerba-un-hotelier-sinquiete-de-la-baisse-du-pouvoir-dachat-des-touristes\/380203\/","url":"https:\/\/www.webdo.tn\/fr\/actualite\/national\/a-djerba-un-hotelier-sinquiete-de-la-baisse-du-pouvoir-dachat-des-touristes\/380203\/","name":"\u00c0 Djerba, un h\u00f4telier s'inqui\u00e8te de la baisse du pouvoir d\u2019achat des touristes - webdo","isPartOf":{"@id":"https:\/\/www.webdo.tn\/fr\/#website"},"primaryImageOfPage":{"@id":"https:\/\/www.webdo.tn\/fr\/actualite\/national\/a-djerba-un-hotelier-sinquiete-de-la-baisse-du-pouvoir-dachat-des-touristes\/380203\/#primaryimage"},"image":{"@id":"https:\/\/www.webdo.tn\/fr\/actualite\/national\/a-djerba-un-hotelier-sinquiete-de-la-baisse-du-pouvoir-dachat-des-touristes\/380203\/#primaryimage"},"thumbnailUrl":"https:\/\/www.webdo.tn\/fr\/wp-content\/uploads\/2017\/05\/Djerba-touristes.jpg","datePublished":"2025-07-23T06:37:17+00:00","dateModified":"2025-07-23T11:46:05+00:00","breadcrumb":{"@id":"https:\/\/www.webdo.tn\/fr\/actualite\/national\/a-djerba-un-hotelier-sinquiete-de-la-baisse-du-pouvoir-dachat-des-touristes\/380203\/#breadcrumb"},"inLanguage":"fr-FR","potentialAction":[{"@type":"ReadAction","target":["https:\/\/www.webdo.tn\/fr\/actualite\/national\/a-djerba-un-hotelier-sinquiete-de-la-baisse-du-pouvoir-dachat-des-touristes\/380203\/"]}]},{"@type":"ImageObject","inLanguage":"fr-FR","@id":"https:\/\/www.webdo.tn\/fr\/actualite\/national\/a-djerba-un-hotelier-sinquiete-de-la-baisse-du-pouvoir-dachat-des-touristes\/380203\/#primaryimage","url":"https:\/\/www.webdo.tn\/fr\/wp-content\/uploads\/2017\/05\/Djerba-touristes.jpg","contentUrl":"https:\/\/www.webdo.tn\/fr\/wp-content\/uploads\/2017\/05\/Djerba-touristes.jpg","width":1024,"height":512,"caption":"Environ deux millions de touristes ont visit\u00e9 la Tunisie du 1er janvier au 10 mai"},{"@type":"BreadcrumbList","@id":"https:\/\/www.webdo.tn\/fr\/actualite\/national\/a-djerba-un-hotelier-sinquiete-de-la-baisse-du-pouvoir-dachat-des-touristes\/380203\/#breadcrumb","itemListElement":[{"@type":"ListItem","position":1,"name":"Accueil","item":"https:\/\/www.webdo.tn\/fr\/"},{"@type":"ListItem","position":2,"name":"\u00c0 Djerba, un h\u00f4telier s&rsquo;inqui\u00e8te de la baisse du pouvoir d\u2019achat des touristes"}]},{"@type":"WebSite","@id":"https:\/\/www.webdo.tn\/fr\/#website","url":"https:\/\/www.webdo.tn\/fr\/","name":"webdo","description":"Tunisie - News en Tunisie et \u00e0 l&#039;international sur Webdo.tn","publisher":{"@id":"https:\/\/www.webdo.tn\/fr\/#organization"},"potentialAction":[{"@type":"SearchAction","target":{"@type":"EntryPoint","urlTemplate":"https:\/\/www.webdo.tn\/fr\/?s={search_term_string}"},"query-input":{"@type":"PropertyValueSpecification","valueRequired":true,"valueName":"search_term_string"}}],"inLanguage":"fr-FR"},{"@type":"Organization","@id":"https:\/\/www.webdo.tn\/fr\/#organization","name":"Webdo","alternateName":"Webdo.tn","url":"https:\/\/www.webdo.tn\/fr\/","logo":{"@type":"ImageObject","inLanguage":"fr-FR","@id":"https:\/\/www.webdo.tn\/fr\/#\/schema\/logo\/image\/","url":"https:\/\/www.webdo.tn\/fr\/wp-content\/uploads\/2025\/06\/Webdo-Tunisie_168377.jpg","contentUrl":"https:\/\/www.webdo.tn\/fr\/wp-content\/uploads\/2025\/06\/Webdo-Tunisie_168377.jpg","width":301,"height":301,"caption":"Webdo"},"image":{"@id":"https:\/\/www.webdo.tn\/fr\/#\/schema\/logo\/image\/"},"sameAs":["https:\/\/www.facebook.com\/webdotn","https:\/\/x.com\/webdo_tn"],"description":"Webdo est un m\u00e9dia num\u00e9rique tunisien fond\u00e9 en 2010, sp\u00e9cialis\u00e9 dans l\u2019actualit\u00e9 nationale et internationale, l\u2019\u00e9conomie, la soci\u00e9t\u00e9 et les analyses politiques. Le site s\u2019adresse \u00e0 un large public francophone et couvre l\u2019information tunisienne en temps r\u00e9el.","email":"redac@webdo.tn","legalName":"YNJ SARL","foundingDate":"2010-09-06","numberOfEmployees":{"@type":"QuantitativeValue","minValue":"11","maxValue":"50"}},{"@type":"Person","@id":"https:\/\/www.webdo.tn\/fr\/#\/schema\/person\/b9ecde7a5574cb4fcf4b496ea5fadb15","name":"Wided Belhaj","image":{"@type":"ImageObject","inLanguage":"fr-FR","@id":"https:\/\/www.webdo.tn\/fr\/wp-content\/uploads\/2026\/04\/wided-belhaj_avatar-96x96.jpg","url":"https:\/\/www.webdo.tn\/fr\/wp-content\/uploads\/2026\/04\/wided-belhaj_avatar-96x96.jpg","contentUrl":"https:\/\/www.webdo.tn\/fr\/wp-content\/uploads\/2026\/04\/wided-belhaj_avatar-96x96.jpg","caption":"Wided Belhaj"},"description":"Wided Belhaj est le pseudonyme \u00e9ditorial utilis\u00e9 par Khalil Jelassi, journaliste, ma\u00eetre-assistant \u00e0 l\u2019Institut de presse et des sciences de l\u2019information (IPSI) et chercheur en sciences de l\u2019information et de la communication. Cette signature est d\u00e9di\u00e9e \u00e0 l\u2019analyse des m\u00e9dias, des pratiques journalistiques et des mutations de l\u2019information \u00e0 l\u2019\u00e8re digitale. \u00c0 travers ses contributions, Wided Belhaj propose une lecture analytique de l\u2019actualit\u00e9, en croisant regard critique et expertise acad\u00e9mique.","knowsAbout":["m\u00e9dias","journalisme","communication","information","transformation num\u00e9rique","analyse des m\u00e9dias"],"knowsLanguage":["Fran\u00e7ais","Arabe"],"jobTitle":"Webdo.tn","worksFor":"Journaliste \u2013 Analyse des m\u00e9dias","url":"https:\/\/www.webdo.tn\/fr\/actualite\/author\/wided-belhaj\/"}]}},"_links":{"self":[{"href":"https:\/\/www.webdo.tn\/fr\/wp-json\/wp\/v2\/posts\/380203","targetHints":{"allow":["GET"]}}],"collection":[{"href":"https:\/\/www.webdo.tn\/fr\/wp-json\/wp\/v2\/posts"}],"about":[{"href":"https:\/\/www.webdo.tn\/fr\/wp-json\/wp\/v2\/types\/post"}],"author":[{"embeddable":true,"href":"https:\/\/www.webdo.tn\/fr\/wp-json\/wp\/v2\/users\/3184"}],"replies":[{"embeddable":true,"href":"https:\/\/www.webdo.tn\/fr\/wp-json\/wp\/v2\/comments?post=380203"}],"version-history":[{"count":0,"href":"https:\/\/www.webdo.tn\/fr\/wp-json\/wp\/v2\/posts\/380203\/revisions"}],"wp:featuredmedia":[{"embeddable":true,"href":"https:\/\/www.webdo.tn\/fr\/wp-json\/wp\/v2\/media\/339115"}],"wp:attachment":[{"href":"https:\/\/www.webdo.tn\/fr\/wp-json\/wp\/v2\/media?parent=380203"}],"wp:term":[{"taxonomy":"category","embeddable":true,"href":"https:\/\/www.webdo.tn\/fr\/wp-json\/wp\/v2\/categories?post=380203"},{"taxonomy":"post_tag","embeddable":true,"href":"https:\/\/www.webdo.tn\/fr\/wp-json\/wp\/v2\/tags?post=380203"}],"curies":[{"name":"wp","href":"https:\/\/api.w.org\/{rel}","templated":true}]}}