{"id":380200,"date":"2025-07-23T07:26:56","date_gmt":"2025-07-23T06:26:56","guid":{"rendered":"https:\/\/www.webdo.tn\/fr\/?p=380200"},"modified":"2025-07-23T09:40:13","modified_gmt":"2025-07-23T08:40:13","slug":"endettement-la-tunisie-defend-sa-souverainete-financiere","status":"publish","type":"post","link":"https:\/\/www.webdo.tn\/fr\/actualite\/national\/endettement-la-tunisie-defend-sa-souverainete-financiere\/380200\/","title":{"rendered":"Endettement : La Tunisie d\u00e9fend sa souverainet\u00e9 financi\u00e8re"},"content":{"rendered":"\n<p><strong>Lors d\u2019une s\u00e9ance pl\u00e9ni\u00e8re tenue ce mardi 22 juillet \u00e0 l\u2019Assembl\u00e9e des repr\u00e9sentants du peuple, le ministre tunisien de l\u2019\u00c9conomie et de la Planification, Samir Abdelhafidh, a d\u00e9fendu la position souveraine de la Tunisie dans ses relations avec les bailleurs de fonds, tout en insistant sur la n\u00e9cessit\u00e9 de redresser le secteur du transport public, en particulier ferroviaire.<\/strong><\/p>\n\n\n\n<p>La s\u00e9ance s\u2019est conclue par l\u2019adoption d\u2019un projet de loi relatif \u00e0 une convention de pr\u00eat destin\u00e9e \u00e0 financer un projet de d\u00e9veloppement des lignes ferroviaires pour le transport du phosphate. Ce projet est consid\u00e9r\u00e9 comme strat\u00e9gique dans la relance de la Compagnie des phosphates de Gafsa (CPG) et plus largement de l\u2019\u00e9conomie nationale, fortement tributaire de cette ressource.<\/p>\n\n\n\n<p><br>R\u00e9agissant aux interventions de certains d\u00e9put\u00e9s inquiets des d\u00e9pendances financi\u00e8res ext\u00e9rieures, Samir Abdelhafidh a affirm\u00e9 que \u00ab la Tunisie traite d\u2019\u00e9gal \u00e0 \u00e9gal avec tous les cr\u00e9anciers, sans aucune forme de distinction ni de soumission \u00bb. Il a assur\u00e9 que le pays est capable de respecter ses engagements financiers internationaux et de rembourser ses dettes.<\/p>\n\n\n\n<p>Ce message intervient dans un contexte o\u00f9 la question de la souverainet\u00e9 \u00e9conomique est au c\u0153ur du d\u00e9bat public, notamment avec les n\u00e9gociations suspendues avec le Fonds mon\u00e9taire international (FMI) et l\u2019ouverture progressive vers de nouveaux partenaires financiers tels que la Chine, la Russie ou les pays du Golfe.<\/p>\n\n\n\n<p><br>Le ministre a \u00e9galement saisi l\u2019occasion pour aborder l\u2019\u00e9tat du transport public en Tunisie, notamment les r\u00e9seaux ferroviaires et les bus. Il a reconnu les lacunes actuelles, tout en mettant en avant \u00ab certaines r\u00e9alisations r\u00e9centes \u00bb, comme l\u2019acquisition de nouveaux bus et l\u2019avancement du projet de R\u00e9seau Ferroviaire Rapide (RFR) dans le Grand Tunis.<\/p>\n","protected":false},"excerpt":{"rendered":"<p>Lors d\u2019une s\u00e9ance pl\u00e9ni\u00e8re tenue ce mardi 22 juillet \u00e0 l\u2019Assembl\u00e9e des repr\u00e9sentants du peuple, le ministre tunisien de l\u2019\u00c9conomie et de la Planification, Samir Abdelhafidh, a d\u00e9fendu la position souveraine de la Tunisie dans ses relations avec les bailleurs de fonds, tout en insistant sur la n\u00e9cessit\u00e9 de redresser le secteur du transport public, [&hellip;]<\/p>\n","protected":false},"author":3184,"featured_media":380201,"comment_status":"open","ping_status":"open","sticky":false,"template":"","format":"standard","meta":{"footnotes":""},"categories":[44],"tags":[3439,7407,6538,2640,2608],"class_list":["post-380200","post","type-post","status-publish","format-standard","has-post-thumbnail","hentry","category-national","tag-dette","tag-endettement","tag-finance","tag-tunis","tag-tunisie"],"yoast_head":"<!-- This site is optimized with the Yoast SEO Premium plugin v27.5 (Yoast SEO v27.5) - https:\/\/yoast.com\/product\/yoast-seo-premium-wordpress\/ -->\n<title>Endettement : La Tunisie d\u00e9fend sa souverainet\u00e9 financi\u00e8re - webdo<\/title>\n<meta name=\"description\" content=\"D\u00e9couvrez l&#039;importance de l&#039;endettement dans le d\u00e9veloppement des lignes ferroviaires en Tunisie pour relancer l&#039;\u00e9conomie nationale.\" \/>\n<link rel=\"canonical\" href=\"https:\/\/www.webdo.tn\/fr\/actualite\/national\/endettement-la-tunisie-defend-sa-souverainete-financiere\/380200\/\" \/>\n<meta property=\"og:locale\" content=\"fr_FR\" \/>\n<meta property=\"og:type\" content=\"article\" \/>\n<meta property=\"og:title\" content=\"Endettement : La Tunisie d\u00e9fend sa souverainet\u00e9 financi\u00e8re\" \/>\n<meta property=\"og:description\" content=\"D\u00e9couvrez l&#039;importance de l&#039;endettement dans le d\u00e9veloppement des lignes ferroviaires en Tunisie pour relancer l&#039;\u00e9conomie nationale.\" \/>\n<meta property=\"og:url\" content=\"https:\/\/www.webdo.tn\/fr\/actualite\/national\/endettement-la-tunisie-defend-sa-souverainete-financiere\/380200\/\" \/>\n<meta property=\"og:site_name\" content=\"webdo\" \/>\n<meta property=\"article:publisher\" content=\"https:\/\/www.facebook.com\/webdotn\" \/>\n<meta property=\"article:published_time\" content=\"2025-07-23T06:26:56+00:00\" \/>\n<meta property=\"article:modified_time\" content=\"2025-07-23T08:40:13+00:00\" \/>\n<meta property=\"og:image\" content=\"https:\/\/www.webdo.tn\/fr\/wp-content\/uploads\/2025\/07\/\u0648\u0632\u064a\u0631-\u0627\u0644\u0627\u0642\u062a\u0635\u0627\u062f-\u062a\u0648\u0646\u0633-\u0642\u0627\u062f\u0631\u0629-\u0639\u0644\u0649-\u0627\u0644\u0625\u064a\u0641\u0627\u0621-\u0628\u062a\u0639\u0647\u062f\u0627\u062a\u0647\u0627-\u0627\u0644\u0645\u0627\u0644\u064a\u0629-\u0627\u0644\u062f\u0648\u0644\u064a\u0629-\u0648\u0633\u062f\u0627\u062f-\u062f\u064a\u0648\u0646\u0647\u0627-.jpg\" \/>\n\t<meta property=\"og:image:width\" content=\"531\" \/>\n\t<meta property=\"og:image:height\" content=\"353\" \/>\n\t<meta property=\"og:image:type\" content=\"image\/jpeg\" \/>\n<meta name=\"author\" content=\"Wided Belhaj\" \/>\n<meta name=\"twitter:card\" content=\"summary_large_image\" \/>\n<meta name=\"twitter:creator\" content=\"@webdo_tn\" \/>\n<meta name=\"twitter:site\" content=\"@webdo_tn\" \/>\n<meta name=\"twitter:label1\" content=\"\u00c9crit par\" \/>\n\t<meta name=\"twitter:data1\" content=\"Wided Belhaj\" \/>\n\t<meta name=\"twitter:label2\" content=\"Dur\u00e9e de lecture estim\u00e9e\" \/>\n\t<meta name=\"twitter:data2\" content=\"2 minutes\" \/>\n<script type=\"application\/ld+json\" class=\"yoast-schema-graph\">{\"@context\":\"https:\\\/\\\/schema.org\",\"@graph\":[{\"@type\":\"NewsArticle\",\"@id\":\"https:\\\/\\\/www.webdo.tn\\\/fr\\\/actualite\\\/national\\\/endettement-la-tunisie-defend-sa-souverainete-financiere\\\/380200\\\/#article\",\"isPartOf\":{\"@id\":\"https:\\\/\\\/www.webdo.tn\\\/fr\\\/actualite\\\/national\\\/endettement-la-tunisie-defend-sa-souverainete-financiere\\\/380200\\\/\"},\"author\":{\"name\":\"Wided Belhaj\",\"@id\":\"https:\\\/\\\/www.webdo.tn\\\/fr\\\/#\\\/schema\\\/person\\\/b9ecde7a5574cb4fcf4b496ea5fadb15\"},\"headline\":\"Endettement : La Tunisie d\u00e9fend sa souverainet\u00e9 financi\u00e8re\",\"datePublished\":\"2025-07-23T06:26:56+00:00\",\"dateModified\":\"2025-07-23T08:40:13+00:00\",\"mainEntityOfPage\":{\"@id\":\"https:\\\/\\\/www.webdo.tn\\\/fr\\\/actualite\\\/national\\\/endettement-la-tunisie-defend-sa-souverainete-financiere\\\/380200\\\/\"},\"wordCount\":317,\"commentCount\":0,\"publisher\":{\"@id\":\"https:\\\/\\\/www.webdo.tn\\\/fr\\\/#organization\"},\"image\":{\"@id\":\"https:\\\/\\\/www.webdo.tn\\\/fr\\\/actualite\\\/national\\\/endettement-la-tunisie-defend-sa-souverainete-financiere\\\/380200\\\/#primaryimage\"},\"thumbnailUrl\":\"https:\\\/\\\/www.webdo.tn\\\/fr\\\/wp-content\\\/uploads\\\/2025\\\/07\\\/\u0648\u0632\u064a\u0631-\u0627\u0644\u0627\u0642\u062a\u0635\u0627\u062f-\u062a\u0648\u0646\u0633-\u0642\u0627\u062f\u0631\u0629-\u0639\u0644\u0649-\u0627\u0644\u0625\u064a\u0641\u0627\u0621-\u0628\u062a\u0639\u0647\u062f\u0627\u062a\u0647\u0627-\u0627\u0644\u0645\u0627\u0644\u064a\u0629-\u0627\u0644\u062f\u0648\u0644\u064a\u0629-\u0648\u0633\u062f\u0627\u062f-\u062f\u064a\u0648\u0646\u0647\u0627-.jpg\",\"keywords\":[\"dette\",\"endettement\",\"finance\",\"Tunis\",\"Tunisie\"],\"articleSection\":[\"National\"],\"inLanguage\":\"fr-FR\"},{\"@type\":\"WebPage\",\"@id\":\"https:\\\/\\\/www.webdo.tn\\\/fr\\\/actualite\\\/national\\\/endettement-la-tunisie-defend-sa-souverainete-financiere\\\/380200\\\/\",\"url\":\"https:\\\/\\\/www.webdo.tn\\\/fr\\\/actualite\\\/national\\\/endettement-la-tunisie-defend-sa-souverainete-financiere\\\/380200\\\/\",\"name\":\"Endettement : La Tunisie d\u00e9fend sa souverainet\u00e9 financi\u00e8re - webdo\",\"isPartOf\":{\"@id\":\"https:\\\/\\\/www.webdo.tn\\\/fr\\\/#website\"},\"primaryImageOfPage\":{\"@id\":\"https:\\\/\\\/www.webdo.tn\\\/fr\\\/actualite\\\/national\\\/endettement-la-tunisie-defend-sa-souverainete-financiere\\\/380200\\\/#primaryimage\"},\"image\":{\"@id\":\"https:\\\/\\\/www.webdo.tn\\\/fr\\\/actualite\\\/national\\\/endettement-la-tunisie-defend-sa-souverainete-financiere\\\/380200\\\/#primaryimage\"},\"thumbnailUrl\":\"https:\\\/\\\/www.webdo.tn\\\/fr\\\/wp-content\\\/uploads\\\/2025\\\/07\\\/\u0648\u0632\u064a\u0631-\u0627\u0644\u0627\u0642\u062a\u0635\u0627\u062f-\u062a\u0648\u0646\u0633-\u0642\u0627\u062f\u0631\u0629-\u0639\u0644\u0649-\u0627\u0644\u0625\u064a\u0641\u0627\u0621-\u0628\u062a\u0639\u0647\u062f\u0627\u062a\u0647\u0627-\u0627\u0644\u0645\u0627\u0644\u064a\u0629-\u0627\u0644\u062f\u0648\u0644\u064a\u0629-\u0648\u0633\u062f\u0627\u062f-\u062f\u064a\u0648\u0646\u0647\u0627-.jpg\",\"datePublished\":\"2025-07-23T06:26:56+00:00\",\"dateModified\":\"2025-07-23T08:40:13+00:00\",\"description\":\"D\u00e9couvrez l'importance de l'endettement dans le d\u00e9veloppement des lignes ferroviaires en Tunisie pour relancer l'\u00e9conomie nationale.\",\"breadcrumb\":{\"@id\":\"https:\\\/\\\/www.webdo.tn\\\/fr\\\/actualite\\\/national\\\/endettement-la-tunisie-defend-sa-souverainete-financiere\\\/380200\\\/#breadcrumb\"},\"inLanguage\":\"fr-FR\",\"potentialAction\":[{\"@type\":\"ReadAction\",\"target\":[\"https:\\\/\\\/www.webdo.tn\\\/fr\\\/actualite\\\/national\\\/endettement-la-tunisie-defend-sa-souverainete-financiere\\\/380200\\\/\"]}]},{\"@type\":\"ImageObject\",\"inLanguage\":\"fr-FR\",\"@id\":\"https:\\\/\\\/www.webdo.tn\\\/fr\\\/actualite\\\/national\\\/endettement-la-tunisie-defend-sa-souverainete-financiere\\\/380200\\\/#primaryimage\",\"url\":\"https:\\\/\\\/www.webdo.tn\\\/fr\\\/wp-content\\\/uploads\\\/2025\\\/07\\\/\u0648\u0632\u064a\u0631-\u0627\u0644\u0627\u0642\u062a\u0635\u0627\u062f-\u062a\u0648\u0646\u0633-\u0642\u0627\u062f\u0631\u0629-\u0639\u0644\u0649-\u0627\u0644\u0625\u064a\u0641\u0627\u0621-\u0628\u062a\u0639\u0647\u062f\u0627\u062a\u0647\u0627-\u0627\u0644\u0645\u0627\u0644\u064a\u0629-\u0627\u0644\u062f\u0648\u0644\u064a\u0629-\u0648\u0633\u062f\u0627\u062f-\u062f\u064a\u0648\u0646\u0647\u0627-.jpg\",\"contentUrl\":\"https:\\\/\\\/www.webdo.tn\\\/fr\\\/wp-content\\\/uploads\\\/2025\\\/07\\\/\u0648\u0632\u064a\u0631-\u0627\u0644\u0627\u0642\u062a\u0635\u0627\u062f-\u062a\u0648\u0646\u0633-\u0642\u0627\u062f\u0631\u0629-\u0639\u0644\u0649-\u0627\u0644\u0625\u064a\u0641\u0627\u0621-\u0628\u062a\u0639\u0647\u062f\u0627\u062a\u0647\u0627-\u0627\u0644\u0645\u0627\u0644\u064a\u0629-\u0627\u0644\u062f\u0648\u0644\u064a\u0629-\u0648\u0633\u062f\u0627\u062f-\u062f\u064a\u0648\u0646\u0647\u0627-.jpg\",\"width\":531,\"height\":353},{\"@type\":\"BreadcrumbList\",\"@id\":\"https:\\\/\\\/www.webdo.tn\\\/fr\\\/actualite\\\/national\\\/endettement-la-tunisie-defend-sa-souverainete-financiere\\\/380200\\\/#breadcrumb\",\"itemListElement\":[{\"@type\":\"ListItem\",\"position\":1,\"name\":\"Accueil\",\"item\":\"https:\\\/\\\/www.webdo.tn\\\/fr\\\/\"},{\"@type\":\"ListItem\",\"position\":2,\"name\":\"Endettement : La Tunisie d\u00e9fend sa souverainet\u00e9 financi\u00e8re\"}]},{\"@type\":\"WebSite\",\"@id\":\"https:\\\/\\\/www.webdo.tn\\\/fr\\\/#website\",\"url\":\"https:\\\/\\\/www.webdo.tn\\\/fr\\\/\",\"name\":\"webdo\",\"description\":\"Tunisie - News en Tunisie et \u00e0 l&#039;international sur Webdo.tn\",\"publisher\":{\"@id\":\"https:\\\/\\\/www.webdo.tn\\\/fr\\\/#organization\"},\"potentialAction\":[{\"@type\":\"SearchAction\",\"target\":{\"@type\":\"EntryPoint\",\"urlTemplate\":\"https:\\\/\\\/www.webdo.tn\\\/fr\\\/?s={search_term_string}\"},\"query-input\":{\"@type\":\"PropertyValueSpecification\",\"valueRequired\":true,\"valueName\":\"search_term_string\"}}],\"inLanguage\":\"fr-FR\"},{\"@type\":\"Organization\",\"@id\":\"https:\\\/\\\/www.webdo.tn\\\/fr\\\/#organization\",\"name\":\"Webdo\",\"alternateName\":\"Webdo.tn\",\"url\":\"https:\\\/\\\/www.webdo.tn\\\/fr\\\/\",\"logo\":{\"@type\":\"ImageObject\",\"inLanguage\":\"fr-FR\",\"@id\":\"https:\\\/\\\/www.webdo.tn\\\/fr\\\/#\\\/schema\\\/logo\\\/image\\\/\",\"url\":\"https:\\\/\\\/www.webdo.tn\\\/fr\\\/wp-content\\\/uploads\\\/2025\\\/06\\\/Webdo-Tunisie_168377.jpg\",\"contentUrl\":\"https:\\\/\\\/www.webdo.tn\\\/fr\\\/wp-content\\\/uploads\\\/2025\\\/06\\\/Webdo-Tunisie_168377.jpg\",\"width\":301,\"height\":301,\"caption\":\"Webdo\"},\"image\":{\"@id\":\"https:\\\/\\\/www.webdo.tn\\\/fr\\\/#\\\/schema\\\/logo\\\/image\\\/\"},\"sameAs\":[\"https:\\\/\\\/www.facebook.com\\\/webdotn\",\"https:\\\/\\\/x.com\\\/webdo_tn\"],\"description\":\"Webdo est un m\u00e9dia num\u00e9rique tunisien fond\u00e9 en 2010, sp\u00e9cialis\u00e9 dans l\u2019actualit\u00e9 nationale et internationale, l\u2019\u00e9conomie, la soci\u00e9t\u00e9 et les analyses politiques. Le site s\u2019adresse \u00e0 un large public francophone et couvre l\u2019information tunisienne en temps r\u00e9el.\",\"email\":\"redac@webdo.tn\",\"legalName\":\"YNJ SARL\",\"foundingDate\":\"2010-09-06\",\"numberOfEmployees\":{\"@type\":\"QuantitativeValue\",\"minValue\":\"11\",\"maxValue\":\"50\"}},{\"@type\":\"Person\",\"@id\":\"https:\\\/\\\/www.webdo.tn\\\/fr\\\/#\\\/schema\\\/person\\\/b9ecde7a5574cb4fcf4b496ea5fadb15\",\"name\":\"Wided Belhaj\",\"image\":{\"@type\":\"ImageObject\",\"inLanguage\":\"fr-FR\",\"@id\":\"https:\\\/\\\/www.webdo.tn\\\/fr\\\/wp-content\\\/uploads\\\/2026\\\/04\\\/wided-belhaj_avatar-96x96.jpg\",\"url\":\"https:\\\/\\\/www.webdo.tn\\\/fr\\\/wp-content\\\/uploads\\\/2026\\\/04\\\/wided-belhaj_avatar-96x96.jpg\",\"contentUrl\":\"https:\\\/\\\/www.webdo.tn\\\/fr\\\/wp-content\\\/uploads\\\/2026\\\/04\\\/wided-belhaj_avatar-96x96.jpg\",\"caption\":\"Wided Belhaj\"},\"description\":\"Wided Belhaj est le pseudonyme \u00e9ditorial utilis\u00e9 par Khalil Jelassi, journaliste, ma\u00eetre-assistant \u00e0 l\u2019Institut de presse et des sciences de l\u2019information (IPSI) et chercheur en sciences de l\u2019information et de la communication. Cette signature est d\u00e9di\u00e9e \u00e0 l\u2019analyse des m\u00e9dias, des pratiques journalistiques et des mutations de l\u2019information \u00e0 l\u2019\u00e8re digitale. \u00c0 travers ses contributions, Wided Belhaj propose une lecture analytique de l\u2019actualit\u00e9, en croisant regard critique et expertise acad\u00e9mique.\",\"knowsAbout\":[\"m\u00e9dias\",\"journalisme\",\"communication\",\"information\",\"transformation num\u00e9rique\",\"analyse des m\u00e9dias\"],\"knowsLanguage\":[\"Fran\u00e7ais\",\"Arabe\"],\"jobTitle\":\"Webdo.tn\",\"worksFor\":\"Journaliste \u2013 Analyse des m\u00e9dias\",\"url\":\"https:\\\/\\\/www.webdo.tn\\\/fr\\\/actualite\\\/author\\\/wided-belhaj\\\/\"}]}<\/script>\n<!-- \/ Yoast SEO Premium plugin. -->","yoast_head_json":{"title":"Endettement : La Tunisie d\u00e9fend sa souverainet\u00e9 financi\u00e8re - webdo","description":"D\u00e9couvrez l'importance de l'endettement dans le d\u00e9veloppement des lignes ferroviaires en Tunisie pour relancer l'\u00e9conomie nationale.","canonical":"https:\/\/www.webdo.tn\/fr\/actualite\/national\/endettement-la-tunisie-defend-sa-souverainete-financiere\/380200\/","og_locale":"fr_FR","og_type":"article","og_title":"Endettement : La Tunisie d\u00e9fend sa souverainet\u00e9 financi\u00e8re","og_description":"D\u00e9couvrez l'importance de l'endettement dans le d\u00e9veloppement des lignes ferroviaires en Tunisie pour relancer l'\u00e9conomie nationale.","og_url":"https:\/\/www.webdo.tn\/fr\/actualite\/national\/endettement-la-tunisie-defend-sa-souverainete-financiere\/380200\/","og_site_name":"webdo","article_publisher":"https:\/\/www.facebook.com\/webdotn","article_published_time":"2025-07-23T06:26:56+00:00","article_modified_time":"2025-07-23T08:40:13+00:00","og_image":[{"width":531,"height":353,"url":"https:\/\/www.webdo.tn\/fr\/wp-content\/uploads\/2025\/07\/\u0648\u0632\u064a\u0631-\u0627\u0644\u0627\u0642\u062a\u0635\u0627\u062f-\u062a\u0648\u0646\u0633-\u0642\u0627\u062f\u0631\u0629-\u0639\u0644\u0649-\u0627\u0644\u0625\u064a\u0641\u0627\u0621-\u0628\u062a\u0639\u0647\u062f\u0627\u062a\u0647\u0627-\u0627\u0644\u0645\u0627\u0644\u064a\u0629-\u0627\u0644\u062f\u0648\u0644\u064a\u0629-\u0648\u0633\u062f\u0627\u062f-\u062f\u064a\u0648\u0646\u0647\u0627-.jpg","type":"image\/jpeg"}],"author":"Wided Belhaj","twitter_card":"summary_large_image","twitter_creator":"@webdo_tn","twitter_site":"@webdo_tn","twitter_misc":{"\u00c9crit par":"Wided Belhaj","Dur\u00e9e de lecture estim\u00e9e":"2 minutes"},"schema":{"@context":"https:\/\/schema.org","@graph":[{"@type":"NewsArticle","@id":"https:\/\/www.webdo.tn\/fr\/actualite\/national\/endettement-la-tunisie-defend-sa-souverainete-financiere\/380200\/#article","isPartOf":{"@id":"https:\/\/www.webdo.tn\/fr\/actualite\/national\/endettement-la-tunisie-defend-sa-souverainete-financiere\/380200\/"},"author":{"name":"Wided Belhaj","@id":"https:\/\/www.webdo.tn\/fr\/#\/schema\/person\/b9ecde7a5574cb4fcf4b496ea5fadb15"},"headline":"Endettement : La Tunisie d\u00e9fend sa souverainet\u00e9 financi\u00e8re","datePublished":"2025-07-23T06:26:56+00:00","dateModified":"2025-07-23T08:40:13+00:00","mainEntityOfPage":{"@id":"https:\/\/www.webdo.tn\/fr\/actualite\/national\/endettement-la-tunisie-defend-sa-souverainete-financiere\/380200\/"},"wordCount":317,"commentCount":0,"publisher":{"@id":"https:\/\/www.webdo.tn\/fr\/#organization"},"image":{"@id":"https:\/\/www.webdo.tn\/fr\/actualite\/national\/endettement-la-tunisie-defend-sa-souverainete-financiere\/380200\/#primaryimage"},"thumbnailUrl":"https:\/\/www.webdo.tn\/fr\/wp-content\/uploads\/2025\/07\/\u0648\u0632\u064a\u0631-\u0627\u0644\u0627\u0642\u062a\u0635\u0627\u062f-\u062a\u0648\u0646\u0633-\u0642\u0627\u062f\u0631\u0629-\u0639\u0644\u0649-\u0627\u0644\u0625\u064a\u0641\u0627\u0621-\u0628\u062a\u0639\u0647\u062f\u0627\u062a\u0647\u0627-\u0627\u0644\u0645\u0627\u0644\u064a\u0629-\u0627\u0644\u062f\u0648\u0644\u064a\u0629-\u0648\u0633\u062f\u0627\u062f-\u062f\u064a\u0648\u0646\u0647\u0627-.jpg","keywords":["dette","endettement","finance","Tunis","Tunisie"],"articleSection":["National"],"inLanguage":"fr-FR"},{"@type":"WebPage","@id":"https:\/\/www.webdo.tn\/fr\/actualite\/national\/endettement-la-tunisie-defend-sa-souverainete-financiere\/380200\/","url":"https:\/\/www.webdo.tn\/fr\/actualite\/national\/endettement-la-tunisie-defend-sa-souverainete-financiere\/380200\/","name":"Endettement : La Tunisie d\u00e9fend sa souverainet\u00e9 financi\u00e8re - webdo","isPartOf":{"@id":"https:\/\/www.webdo.tn\/fr\/#website"},"primaryImageOfPage":{"@id":"https:\/\/www.webdo.tn\/fr\/actualite\/national\/endettement-la-tunisie-defend-sa-souverainete-financiere\/380200\/#primaryimage"},"image":{"@id":"https:\/\/www.webdo.tn\/fr\/actualite\/national\/endettement-la-tunisie-defend-sa-souverainete-financiere\/380200\/#primaryimage"},"thumbnailUrl":"https:\/\/www.webdo.tn\/fr\/wp-content\/uploads\/2025\/07\/\u0648\u0632\u064a\u0631-\u0627\u0644\u0627\u0642\u062a\u0635\u0627\u062f-\u062a\u0648\u0646\u0633-\u0642\u0627\u062f\u0631\u0629-\u0639\u0644\u0649-\u0627\u0644\u0625\u064a\u0641\u0627\u0621-\u0628\u062a\u0639\u0647\u062f\u0627\u062a\u0647\u0627-\u0627\u0644\u0645\u0627\u0644\u064a\u0629-\u0627\u0644\u062f\u0648\u0644\u064a\u0629-\u0648\u0633\u062f\u0627\u062f-\u062f\u064a\u0648\u0646\u0647\u0627-.jpg","datePublished":"2025-07-23T06:26:56+00:00","dateModified":"2025-07-23T08:40:13+00:00","description":"D\u00e9couvrez l'importance de l'endettement dans le d\u00e9veloppement des lignes ferroviaires en Tunisie pour relancer l'\u00e9conomie nationale.","breadcrumb":{"@id":"https:\/\/www.webdo.tn\/fr\/actualite\/national\/endettement-la-tunisie-defend-sa-souverainete-financiere\/380200\/#breadcrumb"},"inLanguage":"fr-FR","potentialAction":[{"@type":"ReadAction","target":["https:\/\/www.webdo.tn\/fr\/actualite\/national\/endettement-la-tunisie-defend-sa-souverainete-financiere\/380200\/"]}]},{"@type":"ImageObject","inLanguage":"fr-FR","@id":"https:\/\/www.webdo.tn\/fr\/actualite\/national\/endettement-la-tunisie-defend-sa-souverainete-financiere\/380200\/#primaryimage","url":"https:\/\/www.webdo.tn\/fr\/wp-content\/uploads\/2025\/07\/\u0648\u0632\u064a\u0631-\u0627\u0644\u0627\u0642\u062a\u0635\u0627\u062f-\u062a\u0648\u0646\u0633-\u0642\u0627\u062f\u0631\u0629-\u0639\u0644\u0649-\u0627\u0644\u0625\u064a\u0641\u0627\u0621-\u0628\u062a\u0639\u0647\u062f\u0627\u062a\u0647\u0627-\u0627\u0644\u0645\u0627\u0644\u064a\u0629-\u0627\u0644\u062f\u0648\u0644\u064a\u0629-\u0648\u0633\u062f\u0627\u062f-\u062f\u064a\u0648\u0646\u0647\u0627-.jpg","contentUrl":"https:\/\/www.webdo.tn\/fr\/wp-content\/uploads\/2025\/07\/\u0648\u0632\u064a\u0631-\u0627\u0644\u0627\u0642\u062a\u0635\u0627\u062f-\u062a\u0648\u0646\u0633-\u0642\u0627\u062f\u0631\u0629-\u0639\u0644\u0649-\u0627\u0644\u0625\u064a\u0641\u0627\u0621-\u0628\u062a\u0639\u0647\u062f\u0627\u062a\u0647\u0627-\u0627\u0644\u0645\u0627\u0644\u064a\u0629-\u0627\u0644\u062f\u0648\u0644\u064a\u0629-\u0648\u0633\u062f\u0627\u062f-\u062f\u064a\u0648\u0646\u0647\u0627-.jpg","width":531,"height":353},{"@type":"BreadcrumbList","@id":"https:\/\/www.webdo.tn\/fr\/actualite\/national\/endettement-la-tunisie-defend-sa-souverainete-financiere\/380200\/#breadcrumb","itemListElement":[{"@type":"ListItem","position":1,"name":"Accueil","item":"https:\/\/www.webdo.tn\/fr\/"},{"@type":"ListItem","position":2,"name":"Endettement : La Tunisie d\u00e9fend sa souverainet\u00e9 financi\u00e8re"}]},{"@type":"WebSite","@id":"https:\/\/www.webdo.tn\/fr\/#website","url":"https:\/\/www.webdo.tn\/fr\/","name":"webdo","description":"Tunisie - News en Tunisie et \u00e0 l&#039;international sur Webdo.tn","publisher":{"@id":"https:\/\/www.webdo.tn\/fr\/#organization"},"potentialAction":[{"@type":"SearchAction","target":{"@type":"EntryPoint","urlTemplate":"https:\/\/www.webdo.tn\/fr\/?s={search_term_string}"},"query-input":{"@type":"PropertyValueSpecification","valueRequired":true,"valueName":"search_term_string"}}],"inLanguage":"fr-FR"},{"@type":"Organization","@id":"https:\/\/www.webdo.tn\/fr\/#organization","name":"Webdo","alternateName":"Webdo.tn","url":"https:\/\/www.webdo.tn\/fr\/","logo":{"@type":"ImageObject","inLanguage":"fr-FR","@id":"https:\/\/www.webdo.tn\/fr\/#\/schema\/logo\/image\/","url":"https:\/\/www.webdo.tn\/fr\/wp-content\/uploads\/2025\/06\/Webdo-Tunisie_168377.jpg","contentUrl":"https:\/\/www.webdo.tn\/fr\/wp-content\/uploads\/2025\/06\/Webdo-Tunisie_168377.jpg","width":301,"height":301,"caption":"Webdo"},"image":{"@id":"https:\/\/www.webdo.tn\/fr\/#\/schema\/logo\/image\/"},"sameAs":["https:\/\/www.facebook.com\/webdotn","https:\/\/x.com\/webdo_tn"],"description":"Webdo est un m\u00e9dia num\u00e9rique tunisien fond\u00e9 en 2010, sp\u00e9cialis\u00e9 dans l\u2019actualit\u00e9 nationale et internationale, l\u2019\u00e9conomie, la soci\u00e9t\u00e9 et les analyses politiques. Le site s\u2019adresse \u00e0 un large public francophone et couvre l\u2019information tunisienne en temps r\u00e9el.","email":"redac@webdo.tn","legalName":"YNJ SARL","foundingDate":"2010-09-06","numberOfEmployees":{"@type":"QuantitativeValue","minValue":"11","maxValue":"50"}},{"@type":"Person","@id":"https:\/\/www.webdo.tn\/fr\/#\/schema\/person\/b9ecde7a5574cb4fcf4b496ea5fadb15","name":"Wided Belhaj","image":{"@type":"ImageObject","inLanguage":"fr-FR","@id":"https:\/\/www.webdo.tn\/fr\/wp-content\/uploads\/2026\/04\/wided-belhaj_avatar-96x96.jpg","url":"https:\/\/www.webdo.tn\/fr\/wp-content\/uploads\/2026\/04\/wided-belhaj_avatar-96x96.jpg","contentUrl":"https:\/\/www.webdo.tn\/fr\/wp-content\/uploads\/2026\/04\/wided-belhaj_avatar-96x96.jpg","caption":"Wided Belhaj"},"description":"Wided Belhaj est le pseudonyme \u00e9ditorial utilis\u00e9 par Khalil Jelassi, journaliste, ma\u00eetre-assistant \u00e0 l\u2019Institut de presse et des sciences de l\u2019information (IPSI) et chercheur en sciences de l\u2019information et de la communication. Cette signature est d\u00e9di\u00e9e \u00e0 l\u2019analyse des m\u00e9dias, des pratiques journalistiques et des mutations de l\u2019information \u00e0 l\u2019\u00e8re digitale. \u00c0 travers ses contributions, Wided Belhaj propose une lecture analytique de l\u2019actualit\u00e9, en croisant regard critique et expertise acad\u00e9mique.","knowsAbout":["m\u00e9dias","journalisme","communication","information","transformation num\u00e9rique","analyse des m\u00e9dias"],"knowsLanguage":["Fran\u00e7ais","Arabe"],"jobTitle":"Webdo.tn","worksFor":"Journaliste \u2013 Analyse des m\u00e9dias","url":"https:\/\/www.webdo.tn\/fr\/actualite\/author\/wided-belhaj\/"}]}},"_links":{"self":[{"href":"https:\/\/www.webdo.tn\/fr\/wp-json\/wp\/v2\/posts\/380200","targetHints":{"allow":["GET"]}}],"collection":[{"href":"https:\/\/www.webdo.tn\/fr\/wp-json\/wp\/v2\/posts"}],"about":[{"href":"https:\/\/www.webdo.tn\/fr\/wp-json\/wp\/v2\/types\/post"}],"author":[{"embeddable":true,"href":"https:\/\/www.webdo.tn\/fr\/wp-json\/wp\/v2\/users\/3184"}],"replies":[{"embeddable":true,"href":"https:\/\/www.webdo.tn\/fr\/wp-json\/wp\/v2\/comments?post=380200"}],"version-history":[{"count":0,"href":"https:\/\/www.webdo.tn\/fr\/wp-json\/wp\/v2\/posts\/380200\/revisions"}],"wp:featuredmedia":[{"embeddable":true,"href":"https:\/\/www.webdo.tn\/fr\/wp-json\/wp\/v2\/media\/380201"}],"wp:attachment":[{"href":"https:\/\/www.webdo.tn\/fr\/wp-json\/wp\/v2\/media?parent=380200"}],"wp:term":[{"taxonomy":"category","embeddable":true,"href":"https:\/\/www.webdo.tn\/fr\/wp-json\/wp\/v2\/categories?post=380200"},{"taxonomy":"post_tag","embeddable":true,"href":"https:\/\/www.webdo.tn\/fr\/wp-json\/wp\/v2\/tags?post=380200"}],"curies":[{"name":"wp","href":"https:\/\/api.w.org\/{rel}","templated":true}]}}