{"id":380197,"date":"2025-07-23T07:01:01","date_gmt":"2025-07-23T06:01:01","guid":{"rendered":"https:\/\/www.webdo.tn\/fr\/?p=380197"},"modified":"2025-07-23T10:40:39","modified_gmt":"2025-07-23T09:40:39","slug":"diplomatie-entre-les-lignes-saied-dit-a-trump-que-la-tunisie-change-de-cap","status":"publish","type":"post","link":"https:\/\/www.webdo.tn\/fr\/actualite\/edito\/diplomatie-entre-les-lignes-saied-dit-a-trump-que-la-tunisie-change-de-cap\/380197\/","title":{"rendered":"Diplomatie : Entre les lignes, Sa\u00efed dit \u00e0 Trump que la Tunisie change de cap"},"content":{"rendered":"\n<p><strong>Lors d\u2019une rencontre tenue ce mardi 22 juillet 2025 au palais de Carthage avec Mossad Boulos, haut conseiller du pr\u00e9sident am\u00e9ricain Donald Trump pour les affaires arabes, du Moyen-Orient et de l\u2019Afrique, le pr\u00e9sident tunisien Ka\u00efs Sa\u00efed a adress\u00e9 un message clair \u00e0 Washington, et plus largement \u00e0 l\u2019Occident : la Tunisie entend d\u00e9sormais \u00e9largir ses partenariats strat\u00e9giques dans une logique d\u2019ind\u00e9pendance nationale et de souverainet\u00e9 assum\u00e9e.<\/strong><\/p>\n\n\n\n<p>Si la r\u00e9union a port\u00e9 sur<a href=\"https:\/\/www.webdo.tn\/fr\/actualite\/national\/a-carthage-kais-saied-denonce-les-massacres-a-gaza-devant-le-conseiller-de-donald-trump\/380191\/\"> plusieurs dossiers sensibles, notamment la situation dramatique en Palestine, <\/a>les menaces terroristes et les tensions r\u00e9gionales dans le monde arabe, c\u2019est surtout la d\u00e9claration finale du pr\u00e9sident tunisien qui a retenu l\u2019attention. Ka\u00efs Sa\u00efed a affirm\u00e9 que \u00ab\u00a0la Tunisie a fait le choix d\u2019\u00e9largir ses partenariats strat\u00e9giques, dans l\u2019int\u00e9r\u00eat de son peuple et en r\u00e9ponse \u00e0 ses attentes\u00a0\u00bb. Une position qui, dans le contexte international actuel, traduit une inflexion g\u00e9opolitique de plus en plus visible, et qui porte notamment sur un positionnement tourn\u00e9e vers la Chine. <\/p>\n\n\n\n<p><strong>Un virage diplomatique assum\u00e9<\/strong><\/p>\n\n\n\n<p>Depuis plusieurs mois, la diplomatie tunisienne multiplie les signaux d\u2019un rapprochement progressif avec des puissances non occidentales comme la Chine, la Russie ou encore l\u2019Iran. Ces relations s\u2019intensifient \u00e0 travers des projets \u00e9conomiques, des \u00e9changes politiques et des initiatives multilat\u00e9rales. Si la Tunisie a longtemps \u00e9t\u00e9 per\u00e7ue comme un partenaire traditionnel de l\u2019Europe et des \u00c9tats-Unis, l\u2019administration Sa\u00efed semble d\u00e9sormais chercher \u00e0 red\u00e9finir les \u00e9quilibres.<\/p>\n\n\n\n<p>Ce basculement ne signifie pas une rupture formelle avec les partenaires occidentaux, mais une volont\u00e9 affirm\u00e9e de sortir d\u2019une d\u00e9pendance per\u00e7ue comme asym\u00e9trique. Le choix de renforcer les liens avec P\u00e9kin, Moscou ou T\u00e9h\u00e9ran traduit aussi une lecture plus pragmatique des rapports de force mondiaux, dans un contexte de recomposition acc\u00e9l\u00e9r\u00e9e de l\u2019ordre international.<\/p>\n\n\n\n<p><\/p>\n\n\n\n<p>En optant pour une diversification de ses alliances, la Tunisie semble s\u2019inscrire dans une logique de \u00ab\u00a0neutralit\u00e9 active\u00a0\u00bb, inspir\u00e9e par des principes de souverainet\u00e9 et de non-ing\u00e9rence. <\/p>\n\n\n\n<p><strong>Conclusion : vers un nouvel \u00e9quilibre tunisien<\/strong><\/p>\n\n\n\n<p>Ce positionnement, bien que risqu\u00e9 dans un environnement international polaris\u00e9, vise aussi \u00e0 redonner de la marge de man\u0153uvre \u00e0 une diplomatie tunisienne longtemps per\u00e7ue comme en retrait. Il pourrait permettre au pays de tirer parti d\u2019opportunit\u00e9s \u00e9conomiques alternatives, notamment dans les domaines des infrastructures, de l\u2019\u00e9nergie ou de la s\u00e9curit\u00e9.<\/p>\n\n\n\n<p><\/p>\n\n\n\n<p>Le message de Carthage est limpide : la Tunisie cherche \u00e0 sortir du t\u00eate-\u00e0-t\u00eate exclusif avec l\u2019Occident et \u00e0 affirmer sa voix sur la sc\u00e8ne internationale. Ce tournant g\u00e9ostrat\u00e9gique, s\u2019il se confirme, n\u00e9cessitera toutefois une gestion fine des \u00e9quilibres, pour \u00e9viter l\u2019isolement ou des frictions avec ses partenaires historiques. Mais pour Ka\u00efs Sa\u00efed, c\u2019est d\u00e9sormais un choix assum\u00e9, dict\u00e9 par les int\u00e9r\u00eats du peuple tunisien.<\/p>\n\n\n\n<p><\/p>\n\n\n\n<p>Lire aussi : <a href=\"https:\/\/www.webdo.tn\/fr\/actualite\/national\/diplomatie-la-tunisie-face-a-la-tentation-iranienne\/219744\/\">Diplomatie : La Tunisie face \u00e0 la tentation iranienne ?<\/a><br><\/p>\n\n\n\n<p><\/p>\n","protected":false},"excerpt":{"rendered":"<p>Lors d\u2019une rencontre tenue ce mardi 22 juillet 2025 au palais de Carthage avec Mossad Boulos, haut conseiller du pr\u00e9sident am\u00e9ricain Donald Trump pour les affaires arabes, du Moyen-Orient et de l\u2019Afrique, le pr\u00e9sident tunisien Ka\u00efs Sa\u00efed a adress\u00e9 un message clair \u00e0 Washington, et plus largement \u00e0 l\u2019Occident : la Tunisie entend d\u00e9sormais \u00e9largir [&hellip;]<\/p>\n","protected":false},"author":3204,"featured_media":380198,"comment_status":"open","ping_status":"open","sticky":false,"template":"","format":"standard","meta":{"footnotes":""},"categories":[2589],"tags":[2990,3309,2608,3061],"class_list":["post-380197","post","type-post","status-publish","format-standard","has-post-thumbnail","hentry","category-edito","tag-diplomatie","tag-trump","tag-tunisie","tag-usa"],"yoast_head":"<!-- This site is optimized with the Yoast SEO Premium plugin v27.4 (Yoast SEO v27.5) - https:\/\/yoast.com\/product\/yoast-seo-premium-wordpress\/ -->\n<title>Diplomatie : Entre les lignes, Sa\u00efed dit \u00e0 Trump que la Tunisie change de cap - webdo<\/title>\n<meta name=\"description\" content=\"Ka\u00efs Sa\u00efed affirme l&#039;ind\u00e9pendance de la Tunisie et l&#039;\u00e9largissement de ses partenariats strat\u00e9giques lors d&#039;une rencontre cl\u00e9.\" \/>\n<link rel=\"canonical\" href=\"https:\/\/www.webdo.tn\/fr\/actualite\/edito\/diplomatie-entre-les-lignes-saied-dit-a-trump-que-la-tunisie-change-de-cap\/380197\/\" \/>\n<meta property=\"og:locale\" content=\"fr_FR\" \/>\n<meta property=\"og:type\" content=\"article\" \/>\n<meta property=\"og:title\" content=\"Diplomatie : Entre les lignes, Sa\u00efed dit \u00e0 Trump que la Tunisie change de cap\" \/>\n<meta property=\"og:description\" content=\"Ka\u00efs Sa\u00efed affirme l&#039;ind\u00e9pendance de la Tunisie et l&#039;\u00e9largissement de ses partenariats strat\u00e9giques lors d&#039;une rencontre cl\u00e9.\" \/>\n<meta property=\"og:url\" content=\"https:\/\/www.webdo.tn\/fr\/actualite\/edito\/diplomatie-entre-les-lignes-saied-dit-a-trump-que-la-tunisie-change-de-cap\/380197\/\" \/>\n<meta property=\"og:site_name\" content=\"webdo\" \/>\n<meta property=\"article:publisher\" content=\"https:\/\/www.facebook.com\/webdotn\" \/>\n<meta property=\"article:author\" content=\"https:\/\/www.facebook.com\/khalil.jelassi.7\" \/>\n<meta property=\"article:published_time\" content=\"2025-07-23T06:01:01+00:00\" \/>\n<meta property=\"article:modified_time\" content=\"2025-07-23T09:40:39+00:00\" \/>\n<meta property=\"og:image\" content=\"https:\/\/www.webdo.tn\/fr\/wp-content\/uploads\/2025\/07\/520628020_1156964486462150_7058998279933184820_n.jpg\" \/>\n\t<meta property=\"og:image:width\" content=\"2048\" \/>\n\t<meta property=\"og:image:height\" content=\"1574\" \/>\n\t<meta property=\"og:image:type\" content=\"image\/jpeg\" \/>\n<meta name=\"author\" content=\"Khalil JELASSI\" \/>\n<meta name=\"twitter:card\" content=\"summary_large_image\" \/>\n<meta name=\"twitter:creator\" content=\"@webdo_tn\" \/>\n<meta name=\"twitter:site\" content=\"@webdo_tn\" \/>\n<meta name=\"twitter:label1\" content=\"\u00c9crit par\" \/>\n\t<meta name=\"twitter:data1\" content=\"Khalil JELASSI\" \/>\n\t<meta name=\"twitter:label2\" content=\"Dur\u00e9e de lecture estim\u00e9e\" \/>\n\t<meta name=\"twitter:data2\" content=\"3 minutes\" \/>\n<script type=\"application\/ld+json\" class=\"yoast-schema-graph\">{\"@context\":\"https:\\\/\\\/schema.org\",\"@graph\":[{\"@type\":\"NewsArticle\",\"@id\":\"https:\\\/\\\/www.webdo.tn\\\/fr\\\/actualite\\\/edito\\\/diplomatie-entre-les-lignes-saied-dit-a-trump-que-la-tunisie-change-de-cap\\\/380197\\\/#article\",\"isPartOf\":{\"@id\":\"https:\\\/\\\/www.webdo.tn\\\/fr\\\/actualite\\\/edito\\\/diplomatie-entre-les-lignes-saied-dit-a-trump-que-la-tunisie-change-de-cap\\\/380197\\\/\"},\"author\":{\"name\":\"Khalil JELASSI\",\"@id\":\"https:\\\/\\\/www.webdo.tn\\\/fr\\\/#\\\/schema\\\/person\\\/5fb2f8f3d4ef4fd1d129927fd4b020ff\"},\"headline\":\"Diplomatie : Entre les lignes, Sa\u00efed dit \u00e0 Trump que la Tunisie change de cap\",\"datePublished\":\"2025-07-23T06:01:01+00:00\",\"dateModified\":\"2025-07-23T09:40:39+00:00\",\"mainEntityOfPage\":{\"@id\":\"https:\\\/\\\/www.webdo.tn\\\/fr\\\/actualite\\\/edito\\\/diplomatie-entre-les-lignes-saied-dit-a-trump-que-la-tunisie-change-de-cap\\\/380197\\\/\"},\"wordCount\":517,\"commentCount\":0,\"publisher\":{\"@id\":\"https:\\\/\\\/www.webdo.tn\\\/fr\\\/#organization\"},\"image\":{\"@id\":\"https:\\\/\\\/www.webdo.tn\\\/fr\\\/actualite\\\/edito\\\/diplomatie-entre-les-lignes-saied-dit-a-trump-que-la-tunisie-change-de-cap\\\/380197\\\/#primaryimage\"},\"thumbnailUrl\":\"https:\\\/\\\/www.webdo.tn\\\/fr\\\/wp-content\\\/uploads\\\/2025\\\/07\\\/520628020_1156964486462150_7058998279933184820_n.jpg\",\"keywords\":[\"Diplomatie\",\"trump\",\"Tunisie\",\"USA\"],\"articleSection\":[\"Edito\"],\"inLanguage\":\"fr-FR\"},{\"@type\":\"WebPage\",\"@id\":\"https:\\\/\\\/www.webdo.tn\\\/fr\\\/actualite\\\/edito\\\/diplomatie-entre-les-lignes-saied-dit-a-trump-que-la-tunisie-change-de-cap\\\/380197\\\/\",\"url\":\"https:\\\/\\\/www.webdo.tn\\\/fr\\\/actualite\\\/edito\\\/diplomatie-entre-les-lignes-saied-dit-a-trump-que-la-tunisie-change-de-cap\\\/380197\\\/\",\"name\":\"Diplomatie : Entre les lignes, Sa\u00efed dit \u00e0 Trump que la Tunisie change de cap - webdo\",\"isPartOf\":{\"@id\":\"https:\\\/\\\/www.webdo.tn\\\/fr\\\/#website\"},\"primaryImageOfPage\":{\"@id\":\"https:\\\/\\\/www.webdo.tn\\\/fr\\\/actualite\\\/edito\\\/diplomatie-entre-les-lignes-saied-dit-a-trump-que-la-tunisie-change-de-cap\\\/380197\\\/#primaryimage\"},\"image\":{\"@id\":\"https:\\\/\\\/www.webdo.tn\\\/fr\\\/actualite\\\/edito\\\/diplomatie-entre-les-lignes-saied-dit-a-trump-que-la-tunisie-change-de-cap\\\/380197\\\/#primaryimage\"},\"thumbnailUrl\":\"https:\\\/\\\/www.webdo.tn\\\/fr\\\/wp-content\\\/uploads\\\/2025\\\/07\\\/520628020_1156964486462150_7058998279933184820_n.jpg\",\"datePublished\":\"2025-07-23T06:01:01+00:00\",\"dateModified\":\"2025-07-23T09:40:39+00:00\",\"description\":\"Ka\u00efs Sa\u00efed affirme l'ind\u00e9pendance de la Tunisie et l'\u00e9largissement de ses partenariats strat\u00e9giques lors d'une rencontre cl\u00e9.\",\"breadcrumb\":{\"@id\":\"https:\\\/\\\/www.webdo.tn\\\/fr\\\/actualite\\\/edito\\\/diplomatie-entre-les-lignes-saied-dit-a-trump-que-la-tunisie-change-de-cap\\\/380197\\\/#breadcrumb\"},\"inLanguage\":\"fr-FR\",\"potentialAction\":[{\"@type\":\"ReadAction\",\"target\":[\"https:\\\/\\\/www.webdo.tn\\\/fr\\\/actualite\\\/edito\\\/diplomatie-entre-les-lignes-saied-dit-a-trump-que-la-tunisie-change-de-cap\\\/380197\\\/\"]}]},{\"@type\":\"ImageObject\",\"inLanguage\":\"fr-FR\",\"@id\":\"https:\\\/\\\/www.webdo.tn\\\/fr\\\/actualite\\\/edito\\\/diplomatie-entre-les-lignes-saied-dit-a-trump-que-la-tunisie-change-de-cap\\\/380197\\\/#primaryimage\",\"url\":\"https:\\\/\\\/www.webdo.tn\\\/fr\\\/wp-content\\\/uploads\\\/2025\\\/07\\\/520628020_1156964486462150_7058998279933184820_n.jpg\",\"contentUrl\":\"https:\\\/\\\/www.webdo.tn\\\/fr\\\/wp-content\\\/uploads\\\/2025\\\/07\\\/520628020_1156964486462150_7058998279933184820_n.jpg\",\"width\":2048,\"height\":1574},{\"@type\":\"BreadcrumbList\",\"@id\":\"https:\\\/\\\/www.webdo.tn\\\/fr\\\/actualite\\\/edito\\\/diplomatie-entre-les-lignes-saied-dit-a-trump-que-la-tunisie-change-de-cap\\\/380197\\\/#breadcrumb\",\"itemListElement\":[{\"@type\":\"ListItem\",\"position\":1,\"name\":\"Accueil\",\"item\":\"https:\\\/\\\/www.webdo.tn\\\/fr\\\/\"},{\"@type\":\"ListItem\",\"position\":2,\"name\":\"Diplomatie : Entre les lignes, Sa\u00efed dit \u00e0 Trump que la Tunisie change de cap\"}]},{\"@type\":\"WebSite\",\"@id\":\"https:\\\/\\\/www.webdo.tn\\\/fr\\\/#website\",\"url\":\"https:\\\/\\\/www.webdo.tn\\\/fr\\\/\",\"name\":\"webdo\",\"description\":\"Tunisie - News en Tunisie et \u00e0 l&#039;international sur Webdo.tn\",\"publisher\":{\"@id\":\"https:\\\/\\\/www.webdo.tn\\\/fr\\\/#organization\"},\"potentialAction\":[{\"@type\":\"SearchAction\",\"target\":{\"@type\":\"EntryPoint\",\"urlTemplate\":\"https:\\\/\\\/www.webdo.tn\\\/fr\\\/?s={search_term_string}\"},\"query-input\":{\"@type\":\"PropertyValueSpecification\",\"valueRequired\":true,\"valueName\":\"search_term_string\"}}],\"inLanguage\":\"fr-FR\"},{\"@type\":\"Organization\",\"@id\":\"https:\\\/\\\/www.webdo.tn\\\/fr\\\/#organization\",\"name\":\"Webdo\",\"alternateName\":\"Webdo.tn\",\"url\":\"https:\\\/\\\/www.webdo.tn\\\/fr\\\/\",\"logo\":{\"@type\":\"ImageObject\",\"inLanguage\":\"fr-FR\",\"@id\":\"https:\\\/\\\/www.webdo.tn\\\/fr\\\/#\\\/schema\\\/logo\\\/image\\\/\",\"url\":\"https:\\\/\\\/www.webdo.tn\\\/fr\\\/wp-content\\\/uploads\\\/2025\\\/06\\\/Webdo-Tunisie_168377.jpg\",\"contentUrl\":\"https:\\\/\\\/www.webdo.tn\\\/fr\\\/wp-content\\\/uploads\\\/2025\\\/06\\\/Webdo-Tunisie_168377.jpg\",\"width\":301,\"height\":301,\"caption\":\"Webdo\"},\"image\":{\"@id\":\"https:\\\/\\\/www.webdo.tn\\\/fr\\\/#\\\/schema\\\/logo\\\/image\\\/\"},\"sameAs\":[\"https:\\\/\\\/www.facebook.com\\\/webdotn\",\"https:\\\/\\\/x.com\\\/webdo_tn\"],\"description\":\"Webdo est un m\u00e9dia num\u00e9rique tunisien fond\u00e9 en 2010, sp\u00e9cialis\u00e9 dans l\u2019actualit\u00e9 nationale et internationale, l\u2019\u00e9conomie, la soci\u00e9t\u00e9 et les analyses politiques. Le site s\u2019adresse \u00e0 un large public francophone et couvre l\u2019information tunisienne en temps r\u00e9el.\",\"email\":\"redac@webdo.tn\",\"legalName\":\"YNJ SARL\",\"foundingDate\":\"2010-09-06\",\"numberOfEmployees\":{\"@type\":\"QuantitativeValue\",\"minValue\":\"11\",\"maxValue\":\"50\"}},{\"@type\":\"Person\",\"@id\":\"https:\\\/\\\/www.webdo.tn\\\/fr\\\/#\\\/schema\\\/person\\\/5fb2f8f3d4ef4fd1d129927fd4b020ff\",\"name\":\"Khalil JELASSI\",\"image\":{\"@type\":\"ImageObject\",\"inLanguage\":\"fr-FR\",\"@id\":\"https:\\\/\\\/www.webdo.tn\\\/fr\\\/wp-content\\\/uploads\\\/2026\\\/04\\\/khalil-jelassi_avatar-96x96.jpg\",\"url\":\"https:\\\/\\\/www.webdo.tn\\\/fr\\\/wp-content\\\/uploads\\\/2026\\\/04\\\/khalil-jelassi_avatar-96x96.jpg\",\"contentUrl\":\"https:\\\/\\\/www.webdo.tn\\\/fr\\\/wp-content\\\/uploads\\\/2026\\\/04\\\/khalil-jelassi_avatar-96x96.jpg\",\"caption\":\"Khalil JELASSI\"},\"description\":\"Khalil Jelassi est journaliste, ma\u00eetre-assistant \u00e0 l\u2019Institut de presse et des sciences de l\u2019information (IPSI) et chercheur en sciences de l\u2019information et de la communication. Sp\u00e9cialiste des m\u00e9dias, des pratiques journalistiques et des mutations de l\u2019information, il s\u2019int\u00e9resse particuli\u00e8rement aux transformations du paysage m\u00e9diatique, aux enjeux num\u00e9riques et aux dynamiques de production de l\u2019information. \u00c0 travers ses contributions, il propose une lecture analytique de l\u2019actualit\u00e9, en croisant approche acad\u00e9mique et exp\u00e9rience journalistique. \ud83d\udd17 Facebook : https:\\\/\\\/www.facebook.com\\\/khalil.jelassi.7\",\"sameAs\":[\"https:\\\/\\\/www.facebook.com\\\/khalil.jelassi.7\"],\"knowsAbout\":[\"journalisme\",\"m\u00e9dias\",\"communication\",\"sciences de l'information\",\"transformation num\u00e9rique\",\"analyse des m\u00e9dias\"],\"knowsLanguage\":[\"Fran\u00e7ais\",\"Arabe\",\"Anglais\"],\"jobTitle\":\"Ma\u00eetre-assistant et journaliste\",\"worksFor\":\"IPSI \u2013 Institut de presse et des sciences de l'information\",\"url\":\"https:\\\/\\\/www.webdo.tn\\\/fr\\\/actualite\\\/author\\\/khalil-jelassi\\\/\"}]}<\/script>\n<!-- \/ Yoast SEO Premium plugin. -->","yoast_head_json":{"title":"Diplomatie : Entre les lignes, Sa\u00efed dit \u00e0 Trump que la Tunisie change de cap - webdo","description":"Ka\u00efs Sa\u00efed affirme l'ind\u00e9pendance de la Tunisie et l'\u00e9largissement de ses partenariats strat\u00e9giques lors d'une rencontre cl\u00e9.","canonical":"https:\/\/www.webdo.tn\/fr\/actualite\/edito\/diplomatie-entre-les-lignes-saied-dit-a-trump-que-la-tunisie-change-de-cap\/380197\/","og_locale":"fr_FR","og_type":"article","og_title":"Diplomatie : Entre les lignes, Sa\u00efed dit \u00e0 Trump que la Tunisie change de cap","og_description":"Ka\u00efs Sa\u00efed affirme l'ind\u00e9pendance de la Tunisie et l'\u00e9largissement de ses partenariats strat\u00e9giques lors d'une rencontre cl\u00e9.","og_url":"https:\/\/www.webdo.tn\/fr\/actualite\/edito\/diplomatie-entre-les-lignes-saied-dit-a-trump-que-la-tunisie-change-de-cap\/380197\/","og_site_name":"webdo","article_publisher":"https:\/\/www.facebook.com\/webdotn","article_author":"https:\/\/www.facebook.com\/khalil.jelassi.7","article_published_time":"2025-07-23T06:01:01+00:00","article_modified_time":"2025-07-23T09:40:39+00:00","og_image":[{"width":2048,"height":1574,"url":"https:\/\/www.webdo.tn\/fr\/wp-content\/uploads\/2025\/07\/520628020_1156964486462150_7058998279933184820_n.jpg","type":"image\/jpeg"}],"author":"Khalil JELASSI","twitter_card":"summary_large_image","twitter_creator":"@webdo_tn","twitter_site":"@webdo_tn","twitter_misc":{"\u00c9crit par":"Khalil JELASSI","Dur\u00e9e de lecture estim\u00e9e":"3 minutes"},"schema":{"@context":"https:\/\/schema.org","@graph":[{"@type":"NewsArticle","@id":"https:\/\/www.webdo.tn\/fr\/actualite\/edito\/diplomatie-entre-les-lignes-saied-dit-a-trump-que-la-tunisie-change-de-cap\/380197\/#article","isPartOf":{"@id":"https:\/\/www.webdo.tn\/fr\/actualite\/edito\/diplomatie-entre-les-lignes-saied-dit-a-trump-que-la-tunisie-change-de-cap\/380197\/"},"author":{"name":"Khalil JELASSI","@id":"https:\/\/www.webdo.tn\/fr\/#\/schema\/person\/5fb2f8f3d4ef4fd1d129927fd4b020ff"},"headline":"Diplomatie : Entre les lignes, Sa\u00efed dit \u00e0 Trump que la Tunisie change de cap","datePublished":"2025-07-23T06:01:01+00:00","dateModified":"2025-07-23T09:40:39+00:00","mainEntityOfPage":{"@id":"https:\/\/www.webdo.tn\/fr\/actualite\/edito\/diplomatie-entre-les-lignes-saied-dit-a-trump-que-la-tunisie-change-de-cap\/380197\/"},"wordCount":517,"commentCount":0,"publisher":{"@id":"https:\/\/www.webdo.tn\/fr\/#organization"},"image":{"@id":"https:\/\/www.webdo.tn\/fr\/actualite\/edito\/diplomatie-entre-les-lignes-saied-dit-a-trump-que-la-tunisie-change-de-cap\/380197\/#primaryimage"},"thumbnailUrl":"https:\/\/www.webdo.tn\/fr\/wp-content\/uploads\/2025\/07\/520628020_1156964486462150_7058998279933184820_n.jpg","keywords":["Diplomatie","trump","Tunisie","USA"],"articleSection":["Edito"],"inLanguage":"fr-FR"},{"@type":"WebPage","@id":"https:\/\/www.webdo.tn\/fr\/actualite\/edito\/diplomatie-entre-les-lignes-saied-dit-a-trump-que-la-tunisie-change-de-cap\/380197\/","url":"https:\/\/www.webdo.tn\/fr\/actualite\/edito\/diplomatie-entre-les-lignes-saied-dit-a-trump-que-la-tunisie-change-de-cap\/380197\/","name":"Diplomatie : Entre les lignes, Sa\u00efed dit \u00e0 Trump que la Tunisie change de cap - webdo","isPartOf":{"@id":"https:\/\/www.webdo.tn\/fr\/#website"},"primaryImageOfPage":{"@id":"https:\/\/www.webdo.tn\/fr\/actualite\/edito\/diplomatie-entre-les-lignes-saied-dit-a-trump-que-la-tunisie-change-de-cap\/380197\/#primaryimage"},"image":{"@id":"https:\/\/www.webdo.tn\/fr\/actualite\/edito\/diplomatie-entre-les-lignes-saied-dit-a-trump-que-la-tunisie-change-de-cap\/380197\/#primaryimage"},"thumbnailUrl":"https:\/\/www.webdo.tn\/fr\/wp-content\/uploads\/2025\/07\/520628020_1156964486462150_7058998279933184820_n.jpg","datePublished":"2025-07-23T06:01:01+00:00","dateModified":"2025-07-23T09:40:39+00:00","description":"Ka\u00efs Sa\u00efed affirme l'ind\u00e9pendance de la Tunisie et l'\u00e9largissement de ses partenariats strat\u00e9giques lors d'une rencontre cl\u00e9.","breadcrumb":{"@id":"https:\/\/www.webdo.tn\/fr\/actualite\/edito\/diplomatie-entre-les-lignes-saied-dit-a-trump-que-la-tunisie-change-de-cap\/380197\/#breadcrumb"},"inLanguage":"fr-FR","potentialAction":[{"@type":"ReadAction","target":["https:\/\/www.webdo.tn\/fr\/actualite\/edito\/diplomatie-entre-les-lignes-saied-dit-a-trump-que-la-tunisie-change-de-cap\/380197\/"]}]},{"@type":"ImageObject","inLanguage":"fr-FR","@id":"https:\/\/www.webdo.tn\/fr\/actualite\/edito\/diplomatie-entre-les-lignes-saied-dit-a-trump-que-la-tunisie-change-de-cap\/380197\/#primaryimage","url":"https:\/\/www.webdo.tn\/fr\/wp-content\/uploads\/2025\/07\/520628020_1156964486462150_7058998279933184820_n.jpg","contentUrl":"https:\/\/www.webdo.tn\/fr\/wp-content\/uploads\/2025\/07\/520628020_1156964486462150_7058998279933184820_n.jpg","width":2048,"height":1574},{"@type":"BreadcrumbList","@id":"https:\/\/www.webdo.tn\/fr\/actualite\/edito\/diplomatie-entre-les-lignes-saied-dit-a-trump-que-la-tunisie-change-de-cap\/380197\/#breadcrumb","itemListElement":[{"@type":"ListItem","position":1,"name":"Accueil","item":"https:\/\/www.webdo.tn\/fr\/"},{"@type":"ListItem","position":2,"name":"Diplomatie : Entre les lignes, Sa\u00efed dit \u00e0 Trump que la Tunisie change de cap"}]},{"@type":"WebSite","@id":"https:\/\/www.webdo.tn\/fr\/#website","url":"https:\/\/www.webdo.tn\/fr\/","name":"webdo","description":"Tunisie - News en Tunisie et \u00e0 l&#039;international sur Webdo.tn","publisher":{"@id":"https:\/\/www.webdo.tn\/fr\/#organization"},"potentialAction":[{"@type":"SearchAction","target":{"@type":"EntryPoint","urlTemplate":"https:\/\/www.webdo.tn\/fr\/?s={search_term_string}"},"query-input":{"@type":"PropertyValueSpecification","valueRequired":true,"valueName":"search_term_string"}}],"inLanguage":"fr-FR"},{"@type":"Organization","@id":"https:\/\/www.webdo.tn\/fr\/#organization","name":"Webdo","alternateName":"Webdo.tn","url":"https:\/\/www.webdo.tn\/fr\/","logo":{"@type":"ImageObject","inLanguage":"fr-FR","@id":"https:\/\/www.webdo.tn\/fr\/#\/schema\/logo\/image\/","url":"https:\/\/www.webdo.tn\/fr\/wp-content\/uploads\/2025\/06\/Webdo-Tunisie_168377.jpg","contentUrl":"https:\/\/www.webdo.tn\/fr\/wp-content\/uploads\/2025\/06\/Webdo-Tunisie_168377.jpg","width":301,"height":301,"caption":"Webdo"},"image":{"@id":"https:\/\/www.webdo.tn\/fr\/#\/schema\/logo\/image\/"},"sameAs":["https:\/\/www.facebook.com\/webdotn","https:\/\/x.com\/webdo_tn"],"description":"Webdo est un m\u00e9dia num\u00e9rique tunisien fond\u00e9 en 2010, sp\u00e9cialis\u00e9 dans l\u2019actualit\u00e9 nationale et internationale, l\u2019\u00e9conomie, la soci\u00e9t\u00e9 et les analyses politiques. Le site s\u2019adresse \u00e0 un large public francophone et couvre l\u2019information tunisienne en temps r\u00e9el.","email":"redac@webdo.tn","legalName":"YNJ SARL","foundingDate":"2010-09-06","numberOfEmployees":{"@type":"QuantitativeValue","minValue":"11","maxValue":"50"}},{"@type":"Person","@id":"https:\/\/www.webdo.tn\/fr\/#\/schema\/person\/5fb2f8f3d4ef4fd1d129927fd4b020ff","name":"Khalil JELASSI","image":{"@type":"ImageObject","inLanguage":"fr-FR","@id":"https:\/\/www.webdo.tn\/fr\/wp-content\/uploads\/2026\/04\/khalil-jelassi_avatar-96x96.jpg","url":"https:\/\/www.webdo.tn\/fr\/wp-content\/uploads\/2026\/04\/khalil-jelassi_avatar-96x96.jpg","contentUrl":"https:\/\/www.webdo.tn\/fr\/wp-content\/uploads\/2026\/04\/khalil-jelassi_avatar-96x96.jpg","caption":"Khalil JELASSI"},"description":"Khalil Jelassi est journaliste, ma\u00eetre-assistant \u00e0 l\u2019Institut de presse et des sciences de l\u2019information (IPSI) et chercheur en sciences de l\u2019information et de la communication. Sp\u00e9cialiste des m\u00e9dias, des pratiques journalistiques et des mutations de l\u2019information, il s\u2019int\u00e9resse particuli\u00e8rement aux transformations du paysage m\u00e9diatique, aux enjeux num\u00e9riques et aux dynamiques de production de l\u2019information. \u00c0 travers ses contributions, il propose une lecture analytique de l\u2019actualit\u00e9, en croisant approche acad\u00e9mique et exp\u00e9rience journalistique. \ud83d\udd17 Facebook : https:\/\/www.facebook.com\/khalil.jelassi.7","sameAs":["https:\/\/www.facebook.com\/khalil.jelassi.7"],"knowsAbout":["journalisme","m\u00e9dias","communication","sciences de l'information","transformation num\u00e9rique","analyse des m\u00e9dias"],"knowsLanguage":["Fran\u00e7ais","Arabe","Anglais"],"jobTitle":"Ma\u00eetre-assistant et journaliste","worksFor":"IPSI \u2013 Institut de presse et des sciences de l'information","url":"https:\/\/www.webdo.tn\/fr\/actualite\/author\/khalil-jelassi\/"}]}},"_links":{"self":[{"href":"https:\/\/www.webdo.tn\/fr\/wp-json\/wp\/v2\/posts\/380197","targetHints":{"allow":["GET"]}}],"collection":[{"href":"https:\/\/www.webdo.tn\/fr\/wp-json\/wp\/v2\/posts"}],"about":[{"href":"https:\/\/www.webdo.tn\/fr\/wp-json\/wp\/v2\/types\/post"}],"author":[{"embeddable":true,"href":"https:\/\/www.webdo.tn\/fr\/wp-json\/wp\/v2\/users\/3204"}],"replies":[{"embeddable":true,"href":"https:\/\/www.webdo.tn\/fr\/wp-json\/wp\/v2\/comments?post=380197"}],"version-history":[{"count":0,"href":"https:\/\/www.webdo.tn\/fr\/wp-json\/wp\/v2\/posts\/380197\/revisions"}],"wp:featuredmedia":[{"embeddable":true,"href":"https:\/\/www.webdo.tn\/fr\/wp-json\/wp\/v2\/media\/380198"}],"wp:attachment":[{"href":"https:\/\/www.webdo.tn\/fr\/wp-json\/wp\/v2\/media?parent=380197"}],"wp:term":[{"taxonomy":"category","embeddable":true,"href":"https:\/\/www.webdo.tn\/fr\/wp-json\/wp\/v2\/categories?post=380197"},{"taxonomy":"post_tag","embeddable":true,"href":"https:\/\/www.webdo.tn\/fr\/wp-json\/wp\/v2\/tags?post=380197"}],"curies":[{"name":"wp","href":"https:\/\/api.w.org\/{rel}","templated":true}]}}